{"id":14022,"date":"2025-11-13T12:48:00","date_gmt":"2025-11-13T15:48:00","guid":{"rendered":"https:\/\/www.encontrabelohorizonte.com.br\/guia\/morador-de-rua-e-executado-a-tiros-em-belo-horizonte-mg\/"},"modified":"2025-11-13T12:48:00","modified_gmt":"2025-11-13T15:48:00","slug":"morador-de-rua-e-executado-a-tiros-em-belo-horizonte-mg","status":"publish","type":"post","link":"https:\/\/www.encontrabelohorizonte.com.br\/guia\/morador-de-rua-e-executado-a-tiros-em-belo-horizonte-mg\/","title":{"rendered":"Morador de rua \u00e9 executado a tiros em Belo Horizonte (MG)"},"content":{"rendered":"<h2>O Contexto do Crime<\/h2>\n<p>No dia 10 de novembro de 2025, um tr\u00e1gico incidente ocorreu na regi\u00e3o norte de Belo Horizonte, em Minas Gerais, que gerou uma onda de choque e indigna\u00e7\u00e3o na comunidade local e nas redes sociais. Um homem de 34 anos, conhecido por sua situa\u00e7\u00e3o de vulnerabilidade social, foi executado a tiros em plena rua. A brutalidade do ato e o assassinato de uma pessoa em uma condi\u00e7\u00e3o j\u00e1 cr\u00edtica levantaram quest\u00f5es importantes sobre a seguran\u00e7a p\u00fablica e a prote\u00e7\u00e3o de indiv\u00edduos que vivem na rua.<\/p>\n<p>A execu\u00e7\u00e3o foi caracterizada pela Pol\u00edcia Militar de Minas Gerais (PMMG) como um crime organizado, envolvendo disparos de arma de fogo que foram feitos de dentro de ve\u00edculos em movimento. Quando os agentes chegaram ao local, encontraram a v\u00edtima j\u00e1 sem vida, um cen\u00e1rio que se repete frequentemente nas estat\u00edsticas de criminalidade do Brasil, mas ainda assim choca pela sua crueldade.<\/p>\n<p>Esse evento n\u00e3o \u00e9 isolado. O Brasil, especialmente em suas grandes cidades, tem enfrentado um aumento nos casos de viol\u00eancia urbana. Com a pandemia de COVID-19, muitas pessoas foram empurradas para uma situa\u00e7\u00e3o ainda mais prec\u00e1ria, resultando em um aumento significativo no n\u00famero de moradores de rua. Este assassinato e a maneira como foi cometido ilustram uma crise mais profunda na sociedade, onde a vida humana \u00e9 muitas vezes desvalorizada na l\u00f3gica de grupos de criminosos que permeiam as ruas da cidade.<\/p>\n<p><img decoding=\"async\" src=\"https:\/\/www.encontrabelohorizonte.com.br\/guia\/wp-content\/uploads\/2025\/11\/morador-de-rua-e-executado-a-tiros-em-belo-horizonte-mg.webp\" alt=\"morador de rua executado\" loading=\"lazy\" \/><\/p>\n<h2>Vulnerabilidade Social em Belo Horizonte<\/h2>\n<p>A quest\u00e3o dos moradores de rua em Belo Horizonte \u00e9 complexa e multifacetada. A cidade, como muitas outras no Brasil, possui uma popula\u00e7\u00e3o consider\u00e1vel vivendo em situa\u00e7\u00e3o de rua, uma realidade que \u00e9 frequentemente invisibilizada pela sociedade. Esses indiv\u00edduos enfrentam desafios imensos, incluindo a falta de acesso a servi\u00e7os b\u00e1sicos como sa\u00fade, alimenta\u00e7\u00e3o, abrigo e seguran\u00e7a. A execu\u00e7\u00e3o desse homem ilustra uma faceta sombria da vida nas ruas: a constante amea\u00e7a de viol\u00eancia.<\/p>\n<p>Esses cidad\u00e3os vulner\u00e1veis est\u00e3o muitas vezes presos em um ciclo de pobreza, marginaliza\u00e7\u00e3o e exclus\u00e3o social. As taxas de desemprego, aliado ao aumento do custo de vida, dificultam ainda mais a situa\u00e7\u00e3o para aqueles que tentam se reintegrar \u00e0 sociedade. O panorama social de Belo Horizonte \u00e9 seguramente sombrio; muitas pessoas que vivem na rua tamb\u00e9m lidam com problemas de sa\u00fade mental e depend\u00eancia qu\u00edmica, que s\u00e3o frequentemente exacerbados pela falta de apoio e compreens\u00e3o por parte da comunidade e do governo.<\/p>\n<p>A aus\u00eancia de pol\u00edticas p\u00fablicas eficazes de assist\u00eancia social faz com que muitos continuem a viver nas ruas, enfrentando diariamente n\u00e3o apenas a pobreza, mas tamb\u00e9m a hostilidade e a discrimina\u00e7\u00e3o. O estado de vulnerabilidade social torna esses indiv\u00edduos alvos f\u00e1ceis para a viol\u00eancia e o crime organizado, como evidenciado pelo assassinato recente. Esse crime n\u00e3o \u00e9 apenas uma trag\u00e9dia pessoal, mas um sinal de fal\u00eancia institucional em prover alternativas e prote\u00e7\u00e3o para os mais pobres.<\/p>\n<h2>A Rea\u00e7\u00e3o da Pol\u00edcia Militar<\/h2>\n<p>Ap\u00f3s o ocorrido, a Pol\u00edcia Militar de Minas Gerais se mobilizou rapidamente para investigar o crime. O primeiro passo foi o isolamento do local do crime, onde peritos da Pol\u00edcia Civil foram convocados para realizar a coleta de evid\u00eancias e vest\u00edgios que possam esclarecer as circunst\u00e2ncias da execu\u00e7\u00e3o. O uso de testemunhas e c\u00e2meras de seguran\u00e7a na \u00e1rea foi considerada crucial para a apura\u00e7\u00e3o dos fatos.<\/p>\n<p>Os investigadores trabalharam rapidamente para reunir informa\u00e7\u00f5es sobre os dois ve\u00edculos envolvidos, buscando detalhes sobre os ocupantes e o que pode ter motivado a a\u00e7\u00e3o violenta. Entretanto, a natureza do crime levanta questionamentos sobre a capacidade da for\u00e7a policial de proteger n\u00e3o apenas a integridade dos cidad\u00e3os, mas tamb\u00e9m de efetuar um combate mais eficaz ao crime organizado na capital mineira. Enquanto muitos questionam a efic\u00e1cia das estrat\u00e9gias de seguran\u00e7a p\u00fablica existentes, a execu\u00e7\u00e3o brutal deste homem evidencia a fragilidade das pol\u00edticas de restri\u00e7\u00e3o \u00e0 viol\u00eancia nas \u00e1reas mais vulner\u00e1veis.<\/p>\n<p>A sociedade civil tem um papel fundamental em trazer \u00e0 tona a discuss\u00e3o acerca da prote\u00e7\u00e3o dos moradores de rua e da necessidade de respostas mais contundentes e eficazes por parte das institui\u00e7\u00f5es. Em vez de apenas cercar o crime, \u00e9 essencial que as autoridades se foquem em solu\u00e7\u00f5es que abordem as ra\u00edzes do problema e tentem desvincular as causas sociais que levam as pessoas a se encontrarem em situa\u00e7\u00f5es de risco.<\/p>\n<h2>An\u00e1lise das Testemunhas<\/h2>\n<p>As testemunhas do crime desempenham um papel crucial na elucida\u00e7\u00e3o dos fatos que cercam a execu\u00e7\u00e3o do morador de rua. Ao relatar que os disparos foram feitos de dentro de dois ve\u00edculos em movimento, elas oferecem um primeiro vislumbre sobre a din\u00e2mica do assassinato. Contudo, a retic\u00eancia em prestar informa\u00e7\u00f5es \u00e0 pol\u00edcia \u00e9 uma realidade comum nessas situa\u00e7\u00f5es, especialmente em bairros onde o medo do crime e a repres\u00e1lia por parte de criminosos s\u00e3o constantes.<\/p>\n<p>Al\u00e9m disso, a conex\u00e3o entre os moradores de rua e os moradores locais pode ser ambivalente. Em muitas ocasi\u00f5es, s\u00e3o os pr\u00f3prios vizinhos que se sentem inseguros com a presen\u00e7a de pessoas em vulnerabilidade, enquanto, ao mesmo tempo, s\u00e3o capazes de reconhecer a necessidade de compaix\u00e3o e solidariedade. O medo de repres\u00e1lias pode impedir que testemunhas se pronunciem, levando muitas vezes a falta de informa\u00e7\u00f5es que poderiam ser vitais para as investiga\u00e7\u00f5es.<\/p>\n<p>A incapacidade da pol\u00edcia em conseguir o testemunho de pessoas que presenciaram os eventos \u00e9 paralela a um sentimento maior de apatia que muitos demonstram em rela\u00e7\u00e3o \u00e0 vida dos moradores de rua. Nesse contexto, a investiga\u00e7\u00e3o do crime pode n\u00e3o apenas enfrentar obst\u00e1culos pr\u00e1ticos, mas tamb\u00e9m quest\u00f5es emocionais e sociais que dificultam a revela\u00e7\u00e3o da verdade. \u00c9 necess\u00e1rio sensibilizar a sociedade sobre a import\u00e2ncia de compartilhar informa\u00e7\u00f5es e apoiar a busca por justi\u00e7a para uma v\u00edtima cuja exist\u00eancia j\u00e1 era marcada pela marginaliza\u00e7\u00e3o.<\/p>\n<h2>Implica\u00e7\u00f5es na Comunidade<\/h2>\n<p>A execu\u00e7\u00e3o do morador de rua em Belo Horizonte n\u00e3o \u00e9 apenas um acontecimento que afeta o seu c\u00edrculo imediato, mas tem implica\u00e7\u00f5es abrangentes para toda a comunidade. As repercuss\u00f5es incluem um aumento da inseguran\u00e7a, um sentimento de vulnerabilidade entre aqueles que vivem nas ruas e um chamamento para que o debate sobre as pol\u00edticas p\u00fablicas de assist\u00eancia social seja intensificado.<\/p>\n<p>Com o aumento da brutalidade das a\u00e7\u00f5es violentas, a confian\u00e7a da comunidade na capacidade do estado de proteger seus cidad\u00e3os \u00e9 colocada em xeque. Os moradores de rua, que j\u00e1 se sentem marginalizados, agora vivem com um medo ainda mais acentuado, n\u00e3o apenas da criminalidade, mas tamb\u00e9m de que a ajuda que tanto necessitam n\u00e3o possa chegar ou n\u00e3o seja suficiente.<\/p>\n<p>Ademais, a viol\u00eancia gera um ciclo de desconfian\u00e7a e tens\u00e3o nas rela\u00e7\u00f5es interpessoais. Os cidad\u00e3os comuns come\u00e7am a se fechar e a se distanciar das quest\u00f5es sociais, num processo que agrava a exclus\u00e3o social e torna mais dif\u00edcil a implementa\u00e7\u00e3o de solu\u00e7\u00f5es efetivas. Nesse contexto, as associa\u00e7\u00f5es comunit\u00e1rias, ONGs, e demais organiza\u00e7\u00f5es civis podem e devem atuar para pontuar a realidade, mobilizando campanhas de conscientiza\u00e7\u00e3o que abordem tanto a vulnerabilidade social quanto as viol\u00eancias cotidianas que os moradores de rua enfrentam.<\/p>\n<h2>O Papel dos Servi\u00e7os de Emerg\u00eancia<\/h2>\n<p>Os servi\u00e7os de emerg\u00eancia, como o SAMU (Servi\u00e7o de Atendimento M\u00f3vel de Urg\u00eancia), s\u00e3o cruciais em situa\u00e7\u00f5es como a deste assassinato. No entanto, sua resposta \u00e9 frequentemente limitada pela estrutura social e pol\u00edtica que rodeia os cidad\u00e3os em vulnerabilidade. Ao serem acionados, \u00e9 fundamental que o SAMU e outros servi\u00e7os entendam a complexidade da situa\u00e7\u00e3o dos moradores de rua e contribuam n\u00e3o apenas com a assist\u00eancia m\u00e9dica, mas tamb\u00e9m com v\u00ednculos com servi\u00e7os sociais.<\/p>\n<p>No caso do homic\u00eddio em Belo Horizonte, o SAMU foi acionado prontamente, mas a realidade \u00e9 que muitos moradores de rua t\u00eam dificuldade em receber atendimento em situa\u00e7\u00f5es de emerg\u00eancia. Isso ocorre muitas vezes por falta de um endere\u00e7o fixo, a necessidade de identifica\u00e7\u00e3o ou outras burocracias que aumentam a exposi\u00e7\u00e3o do morador de rua ao risco.<\/p>\n<p>\u00c9 indispens\u00e1vel que os servi\u00e7os de emerg\u00eancia desenvolvam abordagens mais inclusivas e adaptadas \u00e0s necessidades dessas popula\u00e7\u00f5es para que possam responder de maneira eficaz. Uma atua\u00e7\u00e3o que busque n\u00e3o apenas atender ao ferido, mas que tamb\u00e9m se preocupe com a continuidade do atendimento e com a promo\u00e7\u00e3o de uma rede de apoio pode fazer a diferen\u00e7a na vida de muitos. Assim, as autoridades devem trabalhar em sinergia para que a resposta \u00e0 emerg\u00eancia nas comunidades vulner\u00e1veis n\u00e3o se limite ao tratamento de feridas, mas que curta a raiz dos problemas que afetam esses cidad\u00e3os, trabalhando preventivamente em projetos sociais.<\/p>\n<h2>Aspectos Legais do Caso<\/h2>\n<p>O assassinato deste morador de rua trouxe \u00e0 tona muitos aspectos legais que precisam ser discutidos. Primeiramente, a tipifica\u00e7\u00e3o do crime como homic\u00eddio doloso \u00e9 indiscut\u00edvel, uma vez que foi caracterizada a inten\u00e7\u00e3o de matar por parte dos executores. O processo de investiga\u00e7\u00e3o deve apurar as caracter\u00edsticas do crime organizado que podem estar envolvidas nesse caso particular.<\/p>\n<p>Al\u00e9m disso, \u00e9 importante considerar como o sistema judicial lidar\u00e1 com os poss\u00edveis perpetradores e quais medidas de prote\u00e7\u00e3o poder\u00e3o ser implementadas para evitar que a viol\u00eancia continue a se repetir. A impunidade \u00e9 um dos fatores que alimentam a criminalidade nas grandes cidades; portanto, a efetividade do sistema penal \u00e9 chamada \u00e0 responsabilidade para garantir a seguran\u00e7a urbana n\u00e3o apenas para os cidad\u00e3os em geral, mas para as popula\u00e7\u00f5es mais vulner\u00e1veis, como os moradores de rua.<\/p>\n<p>O efeito cascata das decis\u00f5es judiciais \u00e9 significativo, j\u00e1 que um julgamento justo e punitivo pode servir como um modelo de dissuas\u00e3o para futuros crimes. Discursos que centram na valoriza\u00e7\u00e3o da vida humana, independentemente da condi\u00e7\u00e3o socioecon\u00f4mica da v\u00edtima, s\u00e3o fundamentais para moldar a compreens\u00e3o da sociedade sobre o que aconteceu. Isso exige que a legisla\u00e7\u00e3o e as pol\u00edticas p\u00fablicas sejam constantemente revisadas e adaptadas de modo a proteger os direitos de todos os indiv\u00edduos, especialmente aqueles que se encontram em situa\u00e7\u00e3o de vulnerabilidade.<\/p>\n<h2>Poss\u00edveis Motiva\u00e7\u00f5es para o Crime<\/h2>\n<p>As motiva\u00e7\u00f5es que levam ao homic\u00eddio deste morador de rua podem ser complexas e variadas. Uma das possibilidades mais frequentemente discutidas \u00e9 a conex\u00e3o com o tr\u00e1fico de drogas, j\u00e1 que h\u00e1 ind\u00edcios de que a v\u00edtima tinha algum envolvimento com essa rede criminosa. A presen\u00e7a do tr\u00e1fico de drogas em \u00e1reas vulner\u00e1veis \u00e9 um fen\u00f4meno que n\u00e3o apenas empurra os moradores de rua para situa\u00e7\u00f5es de risco, mas tamb\u00e9m se manifesta em atos de viol\u00eancia intensa e cruenta.<\/p>\n<p>A disputa por territ\u00f3rio entre os grupos de traficantes pode resultar em a\u00e7\u00f5es de extrema viol\u00eancia como forma de se impor e eliminar rivais. \u00c9 uma din\u00e2mica que reflete a crise de seguran\u00e7a p\u00fablica que temos vivenciado em v\u00e1rias cidades do Brasil. Nesse cen\u00e1rio, os moradores de rua podem ser manipulados ou v\u00edtimas colaterais, sendo pegos em uma rede complexa que n\u00e3o compreendem totalmente.<\/p>\n<p>Outro aspecto a considerar \u00e9 a desumaniza\u00e7\u00e3o que ocorre nas conversas em torno da vida dos moradores de rua. Muitas vezes, eles s\u00e3o vistos como \u201cn\u00fameros\u201d nas estat\u00edsticas de criminalidade e como entidades abstratas sem valor. Essa narrativa n\u00e3o s\u00f3 contribui para a marginaliza\u00e7\u00e3o das v\u00edtimas, mas tamb\u00e9m legitima a viol\u00eancia exercida por aqueles que n\u00e3o sentem empatia por suas vidas. Portanto, \u00e9 essencial que a discuss\u00e3o sobre as motiva\u00e7\u00f5es para atos de viol\u00eancia como esse transcenda o crime em si, afunilando um olhar mais humano sobre as vidas que est\u00e3o sendo perdidas e as hist\u00f3rias que est\u00e3o por tr\u00e1s de cada execu\u00e7\u00e3o.<\/p>\n<h2>Impacto na Seguran\u00e7a P\u00fablica<\/h2>\n<p>O assassinato do morador de rua em Belo Horizonte \u00e9 um reflexo agudo das falhas nas pol\u00edticas de seguran\u00e7a p\u00fablica do pa\u00eds. Cada vez mais, vemos a linha entre seguran\u00e7a e marginaliza\u00e7\u00e3o se estreitar, e a presen\u00e7a de viol\u00eancia se tornar uma parte comum da rotina urbana, n\u00e3o dirigindo apenas as estat\u00edsticas de criminalidade, mas tamb\u00e9m o sentimento de seguran\u00e7a da popula\u00e7\u00e3o.<\/p>\n<p>As autoridades devem considerar o significado mais amplo desse evento para a seguran\u00e7a p\u00fablica. O aumento da viol\u00eancia nas ruas origina um clima de medo que afeta todos os cidad\u00e3os, levando \u00e0 escalada da viol\u00eancia em v\u00e1rias esferas da vida p\u00fablica. O impacto n\u00e3o \u00e9 apenas sobre os moradores de rua, mas se estende a todos os cidad\u00e3os que vivem nas proximidades e que podem ser afetados por essa inseguran\u00e7a.<\/p>\n<p>As solu\u00e7\u00f5es passam pela revitaliza\u00e7\u00e3o de \u00e1reas urbanas, apoio a programas sociais e uma abordagem preventiva aos problemas que causam a criminalidade. Uma seguran\u00e7a p\u00fablica eficiente deve abra\u00e7ar a integralidade dos problemas enfrentados por esses indiv\u00edduos, colaborando com a comunidade na busca de solu\u00e7\u00f5es que priorizem a vida e promovam a dignidade. Atuar de forma reativa muitas vezes n\u00e3o \u00e9 suficiente; mudan\u00e7as nas estruturas sociais que promovam prote\u00e7\u00e3o e solidariedade s\u00e3o urgentes.<\/p>\n<h2>Reflex\u00e3o sobre o Tr\u00e1fico de Drogas<\/h2>\n<p>A brutalidade do assassinato do morador de rua destaca tamb\u00e9m a quest\u00e3o persistente do tr\u00e1fico de drogas em \u00e1reas vulner\u00e1veis. Compreender a rela\u00e7\u00e3o entre a vulnerabilidade social e o envolvimento com o tr\u00e1fico \u00e9 essencial para desenvolver estrat\u00e9gias eficazes de combate ao crime. O tr\u00e1fico muitas vezes se alimenta da marginaliza\u00e7\u00e3o social, oferecendo a usu\u00e1rios e dependentes uma forma r\u00e1pida de sobreviv\u00eancia, ao mesmo tempo em que os coloca em constante risco.<\/p>\n<p>Pol\u00edticas de descriminaliza\u00e7\u00e3o, reinser\u00e7\u00e3o social e tratamento para dependentes qu\u00edmicos s\u00e3o fundamentais nos esfor\u00e7os para reduzir as taxas de viol\u00eancia. O enfrentamento do tr\u00e1fico n\u00e3o deve se limitar apenas a a\u00e7\u00f5es repressivas; \u00e9 necess\u00e1rio entender a din\u00e2mica que leva muitas pessoas a buscar ref\u00fagio nas drogas e no crime como resposta a condi\u00e7\u00f5es de vida insustent\u00e1veis.<\/p>\n<p>A execu\u00e7\u00e3o de indiv\u00edduos vulner\u00e1veis, como no caso em an\u00e1lise, \u00e9 um ind\u00edcio de um sistema que n\u00e3o apenas falha em prover seguran\u00e7a e prote\u00e7\u00e3o, mas que tamb\u00e9m marginaliza cada vez mais aqueles que j\u00e1 est\u00e3o \u00e0 margem da sociedade. Promover a\u00e7\u00f5es encantRead only of asking for more information on solutions and preventive measures to assegurar a vida e o bem-estar de todos \u00e9 essencial se quisermos criar um futuro mais seguro e justo.<\/p>\n","protected":false},"excerpt":{"rendered":"<p>Morador de rua \u00e9 executado em Belo Horizonte: saiba os detalhes.<\/p>\n","protected":false},"author":1,"featured_media":14021,"comment_status":"open","ping_status":"open","sticky":false,"template":"","format":"standard","meta":{"footnotes":""},"categories":[5],"tags":[],"class_list":["post-14022","post","type-post","status-publish","format-standard","has-post-thumbnail","hentry","category-noticias","has_thumb"],"yoast_head":"<!-- This site is optimized with the Yoast SEO plugin v28.2 - https:\/\/yoast.com\/product\/yoast-seo-wordpress\/ -->\n<title>Morador de rua \u00e9 executado a tiros em Belo Horizonte (MG) | Guia Comercial de Belo Horizonte MG<\/title>\n<meta name=\"robots\" content=\"index, follow, max-snippet:-1, max-image-preview:large, max-video-preview:-1\" \/>\n<link rel=\"canonical\" href=\"https:\/\/www.encontrabelohorizonte.com.br\/guia\/morador-de-rua-e-executado-a-tiros-em-belo-horizonte-mg\/\" \/>\n<meta property=\"og:locale\" content=\"pt_BR\" \/>\n<meta property=\"og:type\" content=\"article\" \/>\n<meta property=\"og:title\" content=\"Morador de rua \u00e9 executado a tiros em Belo Horizonte (MG) | Guia Comercial de Belo Horizonte MG\" \/>\n<meta property=\"og:description\" content=\"Morador de rua \u00e9 executado em Belo Horizonte: saiba os detalhes.\" \/>\n<meta property=\"og:url\" content=\"https:\/\/www.encontrabelohorizonte.com.br\/guia\/morador-de-rua-e-executado-a-tiros-em-belo-horizonte-mg\/\" \/>\n<meta property=\"og:site_name\" content=\"Guia Comercial de Belo Horizonte MG\" \/>\n<meta property=\"article:published_time\" content=\"2025-11-13T15:48:00+00:00\" \/>\n<meta property=\"og:image\" content=\"https:\/\/www.encontrabelohorizonte.com.br\/guia\/wp-content\/uploads\/2025\/11\/morador-de-rua-e-executado-a-tiros-em-belo-horizonte-mg.webp\" \/>\n\t<meta property=\"og:image:width\" content=\"320\" \/>\n\t<meta property=\"og:image:height\" content=\"280\" \/>\n\t<meta property=\"og:image:type\" content=\"image\/webp\" \/>\n<meta name=\"author\" content=\"Encontra Belo Horizonte\" \/>\n<meta name=\"twitter:card\" content=\"summary_large_image\" \/>\n<meta name=\"twitter:label1\" content=\"Escrito por\" \/>\n\t<meta name=\"twitter:data1\" content=\"Encontra Belo Horizonte\" \/>\n\t<meta name=\"twitter:label2\" content=\"Est. tempo de leitura\" \/>\n\t<meta name=\"twitter:data2\" content=\"13 minutos\" \/>\n<script type=\"application\/ld+json\" class=\"yoast-schema-graph\">{\"@context\":\"https:\\\/\\\/schema.org\",\"@graph\":[{\"@type\":\"Article\",\"@id\":\"https:\\\/\\\/www.encontrabelohorizonte.com.br\\\/guia\\\/morador-de-rua-e-executado-a-tiros-em-belo-horizonte-mg\\\/#article\",\"isPartOf\":{\"@id\":\"https:\\\/\\\/www.encontrabelohorizonte.com.br\\\/guia\\\/morador-de-rua-e-executado-a-tiros-em-belo-horizonte-mg\\\/\"},\"author\":{\"name\":\"Encontra Belo Horizonte\",\"@id\":\"https:\\\/\\\/www.encontrabelohorizonte.com.br\\\/guia\\\/#\\\/schema\\\/person\\\/6b792069f07fee9a700a7caa85fb85a9\"},\"headline\":\"Morador de rua \u00e9 executado a tiros em Belo Horizonte (MG)\",\"datePublished\":\"2025-11-13T15:48:00+00:00\",\"mainEntityOfPage\":{\"@id\":\"https:\\\/\\\/www.encontrabelohorizonte.com.br\\\/guia\\\/morador-de-rua-e-executado-a-tiros-em-belo-horizonte-mg\\\/\"},\"wordCount\":2585,\"commentCount\":0,\"image\":{\"@id\":\"https:\\\/\\\/www.encontrabelohorizonte.com.br\\\/guia\\\/morador-de-rua-e-executado-a-tiros-em-belo-horizonte-mg\\\/#primaryimage\"},\"thumbnailUrl\":\"https:\\\/\\\/www.encontrabelohorizonte.com.br\\\/guia\\\/wp-content\\\/uploads\\\/2025\\\/11\\\/morador-de-rua-e-executado-a-tiros-em-belo-horizonte-mg.webp\",\"articleSection\":[\"Not\u00edcias Belo Horizonte\"],\"inLanguage\":\"pt-BR\",\"potentialAction\":[{\"@type\":\"CommentAction\",\"name\":\"Comment\",\"target\":[\"https:\\\/\\\/www.encontrabelohorizonte.com.br\\\/guia\\\/morador-de-rua-e-executado-a-tiros-em-belo-horizonte-mg\\\/#respond\"]}]},{\"@type\":\"WebPage\",\"@id\":\"https:\\\/\\\/www.encontrabelohorizonte.com.br\\\/guia\\\/morador-de-rua-e-executado-a-tiros-em-belo-horizonte-mg\\\/\",\"url\":\"https:\\\/\\\/www.encontrabelohorizonte.com.br\\\/guia\\\/morador-de-rua-e-executado-a-tiros-em-belo-horizonte-mg\\\/\",\"name\":\"Morador de rua \u00e9 executado a tiros em Belo Horizonte (MG) | Guia Comercial de Belo Horizonte MG\",\"isPartOf\":{\"@id\":\"https:\\\/\\\/www.encontrabelohorizonte.com.br\\\/guia\\\/#website\"},\"primaryImageOfPage\":{\"@id\":\"https:\\\/\\\/www.encontrabelohorizonte.com.br\\\/guia\\\/morador-de-rua-e-executado-a-tiros-em-belo-horizonte-mg\\\/#primaryimage\"},\"image\":{\"@id\":\"https:\\\/\\\/www.encontrabelohorizonte.com.br\\\/guia\\\/morador-de-rua-e-executado-a-tiros-em-belo-horizonte-mg\\\/#primaryimage\"},\"thumbnailUrl\":\"https:\\\/\\\/www.encontrabelohorizonte.com.br\\\/guia\\\/wp-content\\\/uploads\\\/2025\\\/11\\\/morador-de-rua-e-executado-a-tiros-em-belo-horizonte-mg.webp\",\"datePublished\":\"2025-11-13T15:48:00+00:00\",\"author\":{\"@id\":\"https:\\\/\\\/www.encontrabelohorizonte.com.br\\\/guia\\\/#\\\/schema\\\/person\\\/6b792069f07fee9a700a7caa85fb85a9\"},\"inLanguage\":\"pt-BR\",\"potentialAction\":[{\"@type\":\"ReadAction\",\"target\":[\"https:\\\/\\\/www.encontrabelohorizonte.com.br\\\/guia\\\/morador-de-rua-e-executado-a-tiros-em-belo-horizonte-mg\\\/\"]}]},{\"@type\":\"ImageObject\",\"inLanguage\":\"pt-BR\",\"@id\":\"https:\\\/\\\/www.encontrabelohorizonte.com.br\\\/guia\\\/morador-de-rua-e-executado-a-tiros-em-belo-horizonte-mg\\\/#primaryimage\",\"url\":\"https:\\\/\\\/www.encontrabelohorizonte.com.br\\\/guia\\\/wp-content\\\/uploads\\\/2025\\\/11\\\/morador-de-rua-e-executado-a-tiros-em-belo-horizonte-mg.webp\",\"contentUrl\":\"https:\\\/\\\/www.encontrabelohorizonte.com.br\\\/guia\\\/wp-content\\\/uploads\\\/2025\\\/11\\\/morador-de-rua-e-executado-a-tiros-em-belo-horizonte-mg.webp\",\"width\":320,\"height\":280,\"caption\":\"morador de rua executado\"},{\"@type\":\"WebSite\",\"@id\":\"https:\\\/\\\/www.encontrabelohorizonte.com.br\\\/guia\\\/#website\",\"url\":\"https:\\\/\\\/www.encontrabelohorizonte.com.br\\\/guia\\\/\",\"name\":\"Guia Comercial de Belo Horizonte MG\",\"description\":\"ENCONTRA BELO HORIZONTE - O guia comercial de neg\u00f3cios e empresas, cultura e divers\u00e3o na cidade de Belo Horizonte. Feito 100% para voc\u00ea morador!\",\"potentialAction\":[{\"@type\":\"SearchAction\",\"target\":{\"@type\":\"EntryPoint\",\"urlTemplate\":\"https:\\\/\\\/www.encontrabelohorizonte.com.br\\\/guia\\\/?s={search_term_string}\"},\"query-input\":{\"@type\":\"PropertyValueSpecification\",\"valueRequired\":true,\"valueName\":\"search_term_string\"}}],\"inLanguage\":\"pt-BR\"},{\"@type\":\"Person\",\"@id\":\"https:\\\/\\\/www.encontrabelohorizonte.com.br\\\/guia\\\/#\\\/schema\\\/person\\\/6b792069f07fee9a700a7caa85fb85a9\",\"name\":\"Encontra Belo Horizonte\",\"image\":{\"@type\":\"ImageObject\",\"inLanguage\":\"pt-BR\",\"@id\":\"https:\\\/\\\/secure.gravatar.com\\\/avatar\\\/c50c17820bcf322f0a8fd6b110b8c0918141409dc69076470f6fca5fee70a5d4?s=96&d=mm&r=g\",\"url\":\"https:\\\/\\\/secure.gravatar.com\\\/avatar\\\/c50c17820bcf322f0a8fd6b110b8c0918141409dc69076470f6fca5fee70a5d4?s=96&d=mm&r=g\",\"contentUrl\":\"https:\\\/\\\/secure.gravatar.com\\\/avatar\\\/c50c17820bcf322f0a8fd6b110b8c0918141409dc69076470f6fca5fee70a5d4?s=96&d=mm&r=g\",\"caption\":\"Encontra Belo Horizonte\"},\"url\":\"https:\\\/\\\/www.encontrabelohorizonte.com.br\\\/guia\\\/author\\\/encontrabelohorizonte\\\/\"}]}<\/script>\n<!-- \/ Yoast SEO plugin. -->","yoast_head_json":{"title":"Morador de rua \u00e9 executado a tiros em Belo Horizonte (MG) | Guia Comercial de Belo Horizonte MG","robots":{"index":"index","follow":"follow","max-snippet":"max-snippet:-1","max-image-preview":"max-image-preview:large","max-video-preview":"max-video-preview:-1"},"canonical":"https:\/\/www.encontrabelohorizonte.com.br\/guia\/morador-de-rua-e-executado-a-tiros-em-belo-horizonte-mg\/","og_locale":"pt_BR","og_type":"article","og_title":"Morador de rua \u00e9 executado a tiros em Belo Horizonte (MG) | Guia Comercial de Belo Horizonte MG","og_description":"Morador de rua \u00e9 executado em Belo Horizonte: saiba os detalhes.","og_url":"https:\/\/www.encontrabelohorizonte.com.br\/guia\/morador-de-rua-e-executado-a-tiros-em-belo-horizonte-mg\/","og_site_name":"Guia Comercial de Belo Horizonte MG","article_published_time":"2025-11-13T15:48:00+00:00","og_image":[{"width":320,"height":280,"url":"https:\/\/www.encontrabelohorizonte.com.br\/guia\/wp-content\/uploads\/2025\/11\/morador-de-rua-e-executado-a-tiros-em-belo-horizonte-mg.webp","type":"image\/webp"}],"author":"Encontra Belo Horizonte","twitter_card":"summary_large_image","twitter_misc":{"Escrito por":"Encontra Belo Horizonte","Est. tempo de leitura":"13 minutos"},"schema":{"@context":"https:\/\/schema.org","@graph":[{"@type":"Article","@id":"https:\/\/www.encontrabelohorizonte.com.br\/guia\/morador-de-rua-e-executado-a-tiros-em-belo-horizonte-mg\/#article","isPartOf":{"@id":"https:\/\/www.encontrabelohorizonte.com.br\/guia\/morador-de-rua-e-executado-a-tiros-em-belo-horizonte-mg\/"},"author":{"name":"Encontra Belo Horizonte","@id":"https:\/\/www.encontrabelohorizonte.com.br\/guia\/#\/schema\/person\/6b792069f07fee9a700a7caa85fb85a9"},"headline":"Morador de rua \u00e9 executado a tiros em Belo Horizonte (MG)","datePublished":"2025-11-13T15:48:00+00:00","mainEntityOfPage":{"@id":"https:\/\/www.encontrabelohorizonte.com.br\/guia\/morador-de-rua-e-executado-a-tiros-em-belo-horizonte-mg\/"},"wordCount":2585,"commentCount":0,"image":{"@id":"https:\/\/www.encontrabelohorizonte.com.br\/guia\/morador-de-rua-e-executado-a-tiros-em-belo-horizonte-mg\/#primaryimage"},"thumbnailUrl":"https:\/\/www.encontrabelohorizonte.com.br\/guia\/wp-content\/uploads\/2025\/11\/morador-de-rua-e-executado-a-tiros-em-belo-horizonte-mg.webp","articleSection":["Not\u00edcias Belo Horizonte"],"inLanguage":"pt-BR","potentialAction":[{"@type":"CommentAction","name":"Comment","target":["https:\/\/www.encontrabelohorizonte.com.br\/guia\/morador-de-rua-e-executado-a-tiros-em-belo-horizonte-mg\/#respond"]}]},{"@type":"WebPage","@id":"https:\/\/www.encontrabelohorizonte.com.br\/guia\/morador-de-rua-e-executado-a-tiros-em-belo-horizonte-mg\/","url":"https:\/\/www.encontrabelohorizonte.com.br\/guia\/morador-de-rua-e-executado-a-tiros-em-belo-horizonte-mg\/","name":"Morador de rua \u00e9 executado a tiros em Belo Horizonte (MG) | Guia Comercial de Belo Horizonte MG","isPartOf":{"@id":"https:\/\/www.encontrabelohorizonte.com.br\/guia\/#website"},"primaryImageOfPage":{"@id":"https:\/\/www.encontrabelohorizonte.com.br\/guia\/morador-de-rua-e-executado-a-tiros-em-belo-horizonte-mg\/#primaryimage"},"image":{"@id":"https:\/\/www.encontrabelohorizonte.com.br\/guia\/morador-de-rua-e-executado-a-tiros-em-belo-horizonte-mg\/#primaryimage"},"thumbnailUrl":"https:\/\/www.encontrabelohorizonte.com.br\/guia\/wp-content\/uploads\/2025\/11\/morador-de-rua-e-executado-a-tiros-em-belo-horizonte-mg.webp","datePublished":"2025-11-13T15:48:00+00:00","author":{"@id":"https:\/\/www.encontrabelohorizonte.com.br\/guia\/#\/schema\/person\/6b792069f07fee9a700a7caa85fb85a9"},"inLanguage":"pt-BR","potentialAction":[{"@type":"ReadAction","target":["https:\/\/www.encontrabelohorizonte.com.br\/guia\/morador-de-rua-e-executado-a-tiros-em-belo-horizonte-mg\/"]}]},{"@type":"ImageObject","inLanguage":"pt-BR","@id":"https:\/\/www.encontrabelohorizonte.com.br\/guia\/morador-de-rua-e-executado-a-tiros-em-belo-horizonte-mg\/#primaryimage","url":"https:\/\/www.encontrabelohorizonte.com.br\/guia\/wp-content\/uploads\/2025\/11\/morador-de-rua-e-executado-a-tiros-em-belo-horizonte-mg.webp","contentUrl":"https:\/\/www.encontrabelohorizonte.com.br\/guia\/wp-content\/uploads\/2025\/11\/morador-de-rua-e-executado-a-tiros-em-belo-horizonte-mg.webp","width":320,"height":280,"caption":"morador de rua executado"},{"@type":"WebSite","@id":"https:\/\/www.encontrabelohorizonte.com.br\/guia\/#website","url":"https:\/\/www.encontrabelohorizonte.com.br\/guia\/","name":"Guia Comercial de Belo Horizonte MG","description":"ENCONTRA BELO HORIZONTE - O guia comercial de neg\u00f3cios e empresas, cultura e divers\u00e3o na cidade de Belo Horizonte. Feito 100% para voc\u00ea morador!","potentialAction":[{"@type":"SearchAction","target":{"@type":"EntryPoint","urlTemplate":"https:\/\/www.encontrabelohorizonte.com.br\/guia\/?s={search_term_string}"},"query-input":{"@type":"PropertyValueSpecification","valueRequired":true,"valueName":"search_term_string"}}],"inLanguage":"pt-BR"},{"@type":"Person","@id":"https:\/\/www.encontrabelohorizonte.com.br\/guia\/#\/schema\/person\/6b792069f07fee9a700a7caa85fb85a9","name":"Encontra Belo Horizonte","image":{"@type":"ImageObject","inLanguage":"pt-BR","@id":"https:\/\/secure.gravatar.com\/avatar\/c50c17820bcf322f0a8fd6b110b8c0918141409dc69076470f6fca5fee70a5d4?s=96&d=mm&r=g","url":"https:\/\/secure.gravatar.com\/avatar\/c50c17820bcf322f0a8fd6b110b8c0918141409dc69076470f6fca5fee70a5d4?s=96&d=mm&r=g","contentUrl":"https:\/\/secure.gravatar.com\/avatar\/c50c17820bcf322f0a8fd6b110b8c0918141409dc69076470f6fca5fee70a5d4?s=96&d=mm&r=g","caption":"Encontra Belo Horizonte"},"url":"https:\/\/www.encontrabelohorizonte.com.br\/guia\/author\/encontrabelohorizonte\/"}]}},"_links":{"self":[{"href":"https:\/\/www.encontrabelohorizonte.com.br\/guia\/wp-json\/wp\/v2\/posts\/14022","targetHints":{"allow":["GET"]}}],"collection":[{"href":"https:\/\/www.encontrabelohorizonte.com.br\/guia\/wp-json\/wp\/v2\/posts"}],"about":[{"href":"https:\/\/www.encontrabelohorizonte.com.br\/guia\/wp-json\/wp\/v2\/types\/post"}],"author":[{"embeddable":true,"href":"https:\/\/www.encontrabelohorizonte.com.br\/guia\/wp-json\/wp\/v2\/users\/1"}],"replies":[{"embeddable":true,"href":"https:\/\/www.encontrabelohorizonte.com.br\/guia\/wp-json\/wp\/v2\/comments?post=14022"}],"version-history":[{"count":0,"href":"https:\/\/www.encontrabelohorizonte.com.br\/guia\/wp-json\/wp\/v2\/posts\/14022\/revisions"}],"wp:featuredmedia":[{"embeddable":true,"href":"https:\/\/www.encontrabelohorizonte.com.br\/guia\/wp-json\/wp\/v2\/media\/14021"}],"wp:attachment":[{"href":"https:\/\/www.encontrabelohorizonte.com.br\/guia\/wp-json\/wp\/v2\/media?parent=14022"}],"wp:term":[{"taxonomy":"category","embeddable":true,"href":"https:\/\/www.encontrabelohorizonte.com.br\/guia\/wp-json\/wp\/v2\/categories?post=14022"},{"taxonomy":"post_tag","embeddable":true,"href":"https:\/\/www.encontrabelohorizonte.com.br\/guia\/wp-json\/wp\/v2\/tags?post=14022"}],"curies":[{"name":"wp","href":"https:\/\/api.w.org\/{rel}","templated":true}]}}