{"id":14047,"date":"2025-11-18T11:42:00","date_gmt":"2025-11-18T14:42:00","guid":{"rendered":"https:\/\/www.encontrabelohorizonte.com.br\/guia\/governo-de-minas-promove-feirao-de-empregos-e-mutirao-cidadao-na-proxima-terca\/"},"modified":"2025-11-18T11:42:00","modified_gmt":"2025-11-18T14:42:00","slug":"governo-de-minas-promove-feirao-de-empregos-e-mutirao-cidadao-na-proxima-terca","status":"publish","type":"post","link":"https:\/\/www.encontrabelohorizonte.com.br\/guia\/governo-de-minas-promove-feirao-de-empregos-e-mutirao-cidadao-na-proxima-terca\/","title":{"rendered":"Governo de Minas promove Feir\u00e3o de Empregos e Mutir\u00e3o Cidad\u00e3o na pr\u00f3xima ter\u00e7a"},"content":{"rendered":"<h2>O que \u00e9 o Feir\u00e3o de Empregos?<\/h2>\n<p>O <strong>Feir\u00e3o de Empregos<\/strong> \u00e9 uma iniciativa promovida pelo Governo de Minas Gerais, visando facilitar a conex\u00e3o entre trabalhadores em busca de novas oportunidades e empresas que necessitam de m\u00e3o de obra. Esse evento oferece um espa\u00e7o para que os cidad\u00e3os possam se candidatar a diversas vagas de emprego oferecidas por v\u00e1rias empresas de diferentes setores, como com\u00e9rcio, servi\u00e7os, constru\u00e7\u00e3o civil e ind\u00fastria. A edi\u00e7\u00e3o mais recente do Feir\u00e3o dispunha de mais de 8.500 vagas, demonstrando o comprometimento do governo estadual com a gera\u00e7\u00e3o de empregos e a autonomia econ\u00f4mica dos mineiros.<\/p>\n<p>Durante o evento, os participantes t\u00eam a oportunidade de apresentar seus curr\u00edculos e se candidatar a posi\u00e7\u00f5es que se alinham \u00e0s suas habilidades e experi\u00eancias. \u00c9 uma chance valiosa para aqueles que desejam ingressar no mercado de trabalho ou mudar de carreira, especialmente em uma economia onde a competi\u00e7\u00e3o pode ser intensa.<\/p>\n<h2>Como participar do Feir\u00e3o de Empregos?<\/h2>\n<p>Participar do Feir\u00e3o de Empregos \u00e9 bastante simples. Os interessados devem se planejar para comparecer ao evento em sua data e local designados. Para isso, aqui est\u00e3o os passos que devem ser seguidos:<\/p>\n<ul>\n<li><strong>Documenta\u00e7\u00e3o:<\/strong> Leve um documento de identifica\u00e7\u00e3o, como RG ou CPF, e v\u00e1rias c\u00f3pias do seu curr\u00edculo impresso. Isso facilita a entrega de curr\u00edculos para v\u00e1rias empresas ao mesmo tempo.<\/li>\n<li><strong>Preparo:<\/strong> Vista-se de maneira profissional. A primeira impress\u00e3o conta muito, e apresentar-se bem pode aumentar suas chances de ser lembrado pelos recrutadores.<\/li>\n<li><strong>Hor\u00e1rio:<\/strong> Chegue cedo ao evento, pois isso pode garantir que voc\u00ea tenha tempo para visitar v\u00e1rias empresas e participar de poss\u00edveis entrevistas no local.<\/li>\n<li><strong>Entusiasmo e Perguntas:<\/strong> Esteja preparado para comunicar suas experi\u00eancias e habilidades. N\u00e3o hesite em fazer perguntas sobre as empresas e as vagas dispon\u00edveis, isso demonstra interesse e engajamento.<\/li>\n<\/ul>\n<p>\u00c9 importante tamb\u00e9m acompanhar os canais de comunica\u00e7\u00e3o do Governo de Minas para se informar sobre datas, locais e detalhes de futuras edi\u00e7\u00f5es do Feir\u00e3o, j\u00e1 que esses eventos s\u00e3o realizados periodicamente.<\/p>\n<h2>Import\u00e2ncia do Mutir\u00e3o Cidad\u00e3o<\/h2>\n<p>O <strong>Mutir\u00e3o Cidad\u00e3o<\/strong>, que ocorre em conjunto com o Feir\u00e3o de Empregos, adiciona um n\u00edvel extra de valor ao evento, oferecendo servi\u00e7os essenciais gratuitos \u00e0 popula\u00e7\u00e3o. O objetivo do Mutir\u00e3o \u00e9 democratizar o acesso aos servi\u00e7os p\u00fablicos e aproximar o governo dos cidad\u00e3os, promovendo uma participa\u00e7\u00e3o mais ativa da sociedade nas pol\u00edticas p\u00fablicas.<\/p>\n<p>Por meio desse mutir\u00e3o, diversos servi\u00e7os s\u00e3o disponibilizados, como emiss\u00e3o de documentos, orienta\u00e7\u00f5es sobre direitos e deveres, e servi\u00e7os de sa\u00fade. Essa abordagem integrada de oferecer tanto oportunidades de emprego quanto servi\u00e7os p\u00fablicos \u00e9 vital, especialmente em um contexto onde muitas pessoas enfrentam dificuldades tanto na busca por trabalho quanto no acesso a servi\u00e7os essenciais.<\/p>\n<h2>Servi\u00e7os dispon\u00edveis no Mutir\u00e3o Cidad\u00e3o<\/h2>\n<p>No Mutir\u00e3o Cidad\u00e3o, uma ampla gama de servi\u00e7os \u00e9 oferecida gratuitamente \u00e0 popula\u00e7\u00e3o. Entre os servi\u00e7os dispon\u00edveis, destacam-se:<\/p>\n<ul>\n<li><strong>Emiss\u00e3o de Carteiras de Identidade: <\/strong> Por meio da Pol\u00edcia Civil de Minas Gerais, as pessoas poder\u00e3o obter sua Carteira de Identidade Nacional (CIN) sem custos.<\/li>\n<li><strong>Orienta\u00e7\u00e3o e Atendimento Jur\u00eddico: <\/strong> A Ordem dos Advogados do Brasil (OAB-MG) oferece orienta\u00e7\u00e3o jur\u00eddica gratuita para quest\u00f5es diversas.<\/li>\n<li><strong>Apoio em Servi\u00e7os P\u00fablicos: <\/strong> A Prefeitura de Belo Horizonte, em colabora\u00e7\u00e3o com \u00f3rg\u00e3os estaduais, disponibiliza servi\u00e7os como o Procon e orienta\u00e7\u00f5es de Assist\u00eancia Social.<\/li>\n<li><strong>Sa\u00fade e Bem-Estar: <\/strong> O acesso a informa\u00e7\u00f5es sobre cuidados de sa\u00fade, acompanhamentos e at\u00e9 mesmo oportunidades de doa\u00e7\u00e3o de sangue, por meio da Funda\u00e7\u00e3o Hemominas.<\/li>\n<li><strong>Atendimento em Direitos Humanos: <\/strong> A\u00e7\u00f5es voltadas para informar e prestar assist\u00eancia em quest\u00f5es de direitos humanos e cidadania.<\/li>\n<\/ul>\n<p>Esses servi\u00e7os s\u00e3o fundamentais n\u00e3o apenas para promover a inclus\u00e3o social, mas tamb\u00e9m para capacitar os cidad\u00e3os para que possam tomar decis\u00f5es mais conscientes sobre as oportunidades e os servi\u00e7os dispon\u00edveis.<\/p>\n<h2>Vagas para pessoas com defici\u00eancia<\/h2>\n<p>A inclus\u00e3o de pessoas com defici\u00eancia no mercado de trabalho \u00e9 uma preocupa\u00e7\u00e3o crescente em diversas esferas da sociedade. O Feir\u00e3o de Empregos tem se esfor\u00e7ado para garantir que as oportunidades sejam acess\u00edveis a todos, incluindo o p\u00fablico com defici\u00eancia. Isso \u00e9 alcan\u00e7ado por meio da disponibiliza\u00e7\u00e3o de vagas espec\u00edficas para esse grupo, al\u00e9m de adapta\u00e7\u00f5es nas entrevistas e nos ambientes de trabalho.<\/p>\n<p>As empresas participantes do Feir\u00e3o recebem orienta\u00e7\u00f5es sobre a import\u00e2ncia da inclus\u00e3o e da diversidade, e s\u00e3o estimuladas a criar condi\u00e7\u00f5es que favore\u00e7am a contrata\u00e7\u00e3o de pessoas com defici\u00eancia. Isso inclui desde a adapta\u00e7\u00e3o de vagas at\u00e9 a capacita\u00e7\u00e3o dos funcion\u00e1rios para lidar com situa\u00e7\u00f5es que exijam sensibilidade e entendimento.<\/p>\n<p>Esse foco na inclus\u00e3o \u00e9 fundamental n\u00e3o apenas para ajudar as pessoas com defici\u00eancia a encontrarem emprego, mas tamb\u00e9m para enriquecer o ambiente de trabalho como um todo, promovendo a diversidade e a igualdade de oportunidades.<\/p>\n<h2>Apoio da Sedese para o trabalhador<\/h2>\n<p>A Secretaria de Estado de Desenvolvimento Social (Sedese) desempenha um papel crucial na organiza\u00e7\u00e3o do Feir\u00e3o de Empregos e do Mutir\u00e3o Cidad\u00e3o. Al\u00e9m de promover os eventos, a Sedese oferece apoio cont\u00ednuo aos trabalhadores em busca de emprego. Isso inclui:<\/p>\n<ul>\n<li><strong>Orienta\u00e7\u00f5es de Cadastro: <\/strong> O Sistema Nacional de Emprego (Sine) est\u00e1 presente no evento para ajudar com o cadastro e fornecer informa\u00e7\u00f5es sobre como acessar servi\u00e7os de emprego e renda.<\/li>\n<li><strong>Seguro-Desemprego: <\/strong> Informa\u00e7\u00f5es sobre como solicitar e obter o seguro-desemprego s\u00e3o disponibilizadas, ajudando a minimizar o impacto financeiro durante a transi\u00e7\u00e3o entre empregos.<\/li>\n<li><strong>Qualifica\u00e7\u00e3o Profissional: <\/strong> Programas de forma\u00e7\u00e3o, como <em>Minas Forma<\/em>, s\u00e3o divulgados no evento, oferecendo cursos gratuitos que aumentam a empregabilidade dos participantes.<\/li>\n<\/ul>\n<p>As informa\u00e7\u00f5es prestadas durante os eventos podem orientar os cidad\u00e3os em sua busca por trabalho, apoiando n\u00e3o apenas o acesso ao emprego, mas tamb\u00e9m a forma\u00e7\u00e3o e a capacita\u00e7\u00e3o cont\u00ednuas.<\/p>\n<h2>Programas de qualifica\u00e7\u00e3o profissional<\/h2>\n<p>A qualifica\u00e7\u00e3o profissional \u00e9 essencial em um mercado de trabalho que exige cada vez mais habilidades t\u00e9cnicas e especializadas. O Governo de Minas, atrav\u00e9s da Sedese, desenvolve v\u00e1rios programas destinados a proporcionar forma\u00e7\u00e3o de qualidade e acess\u00edvel \u00e0 popula\u00e7\u00e3o. Entre esses programas, destacam-se:<\/p>\n<ul>\n<li><strong>Minas Forma: <\/strong> Um programa que oferece cursos gratuitos em diversas \u00e1reas, como com\u00e9rcio, servi\u00e7os e ind\u00fastria, visando aumentar a empregabilidade e atender \u00e0 demanda do mercado.<\/li>\n<li><strong>Novos Caminhos: <\/strong> Um projeto que visa criar oportunidades educacionais para jovens, preparando-os para o primeiro emprego e para o desenvolvimento de suas carreiras.<\/li>\n<li><strong>Apoio ao Empreendedorismo: <\/strong> Cursos e workshops que incentivam a cria\u00e7\u00e3o de pequenos neg\u00f3cios, promovendo a autonomia financeira e o desenvolvimento local.<\/li>\n<\/ul>\n<p>Esses programas s\u00e3o cruciais para auxiliar a popula\u00e7\u00e3o na conquista de novas habilidades, fundamentais para se destacarem em um mercado cada vez mais competitivo.<\/p>\n<h2>Benef\u00edcios de participar do evento<\/h2>\n<p>Participar do Feir\u00e3o de Empregos e do Mutir\u00e3o Cidad\u00e3o pode trazer uma s\u00e9rie de benef\u00edcios significativos para os cidad\u00e3os. Aqui est\u00e3o alguns dos principais:<\/p>\n<ul>\n<li><strong>Acesso a Oportunidades: <\/strong> Os participantes t\u00eam a chance de se candidatar a centenas de vagas de emprego em um \u00fanico local.<\/li>\n<li><strong>Integra\u00e7\u00e3o com Servi\u00e7os P\u00fablicos: <\/strong> A oportunidade de acessar v\u00e1rios servi\u00e7os essenciais em um s\u00f3 evento, facilitando a vida dos cidad\u00e3os.<\/li>\n<li><strong>Fortalecimento da Rede de Contatos: <\/strong> Conhecer outras pessoas em busca de emprego, al\u00e9m de representantes de empresas, pode ampliar as possibilidades de networking.<\/li>\n<li><strong>Informa\u00e7\u00e3o e Orienta\u00e7\u00e3o: <\/strong> A presen\u00e7a de especialistas e representantes do governo proporciona acesso a orienta\u00e7\u00f5es valiosas sobre o mercado de trabalho.<\/li>\n<li><strong>Sentido de Comunidade: <\/strong> A atmosfera do evento promove um senso de pertencimento e apoio, essencial para motivar aqueles em busca de novas oportunidades.<\/li>\n<\/ul>\n<p>Esses benef\u00edcios n\u00e3o apenas incentivam os cidad\u00e3os a participar, mas tamb\u00e9m contribuem para o fortalecimento da comunidade e da economia local.<\/p>\n<h2>Como se preparar para o Feir\u00e3o de Empregos<\/h2>\n<p>Para maximizar suas chances de sucesso no Feir\u00e3o de Empregos, \u00e9 fundamental que os candidatos se preparem adequadamente. Aqui est\u00e3o algumas dicas \u00fateis:<\/p>\n<ul>\n<li><strong>Atualize seu Curr\u00edculo: <\/strong> Certifique-se de que seu curr\u00edculo esteja atualizado com suas mais recentes experi\u00eancias e conquistas.<\/li>\n<li><strong>Pratique sua Apresenta\u00e7\u00e3o: <\/strong> Prepare uma breve apresenta\u00e7\u00e3o sobre si mesmo que inclua suas habilidades e experi\u00eancias relevantes.<\/li>\n<li><strong>Pesquise as Empresas Participantes: <\/strong> Conhecer as empresas que estar\u00e3o no evento pode ajudar na hora de decidir a quais delas apresentar seu curr\u00edculo e onde direcionar seu foco.<\/li>\n<li><strong>Leve M\u00faltiplas C\u00f3pias do Curr\u00edculo: <\/strong> Para se candidatar a diferentes vagas, \u00e9 importante ter v\u00e1rias c\u00f3pias do seu curr\u00edculo prontos.<\/li>\n<li><strong>Esteja Pronto para Entrevistas: <\/strong> Assegure-se de que est\u00e1 pronto para responder a perguntas comuns de entrevistas e demonstre confian\u00e7a durante as intera\u00e7\u00f5es.<\/li>\n<\/ul>\n<p>Uma prepara\u00e7\u00e3o cuidadosa pode fazer a diferen\u00e7a entre ser um candidato que se destaca ou passa despercebido no evento.<\/p>\n<h2>Depoimentos de participantes anteriores<\/h2>\n<p>O impacto positivo do Feir\u00e3o de Empregos e do Mutir\u00e3o Cidad\u00e3o pode ser exemplificado atrav\u00e9s de depoimentos de participantes que vivenciaram o evento anteriormente. Relatos de cidad\u00e3os que conseguiram empregos, melhoraram suas qualifica\u00e7\u00f5es ou acessaram servi\u00e7os essenciais s\u00e3o inspira\u00e7\u00e3o para aqueles que ainda n\u00e3o participaram.<\/p>\n<p>Um dos participantes disse: &#8220;Eu cheguei ao Feir\u00e3o sem muitas esperan\u00e7as, mas voltei para casa com uma proposta de emprego em m\u00e3os e uma vaga para um curso de qualifica\u00e7\u00e3o. N\u00e3o poderia estar mais feliz! O apoio da Sedese faz toda a diferen\u00e7a!&#8221;<\/p>\n<p>Outro depoimento destacou: &#8220;O Mutir\u00e3o Cidad\u00e3o me ajudou a emitir minha carteira de identidade e ainda consegui orienta\u00e7\u00f5es sobre direitos que eu n\u00e3o conhecia. Essa experi\u00eancia me fez sentir parte da sociedade e me deu confian\u00e7a para buscar uma nova oportunidade de trabalho.&#8221;<\/p>\n<p>Esses relatos demonstram como eventos como o Feir\u00e3o de Empregos e o Mutir\u00e3o Cidad\u00e3o s\u00e3o essenciais para transformar vidas e fortalecer a comunidade, mostrando a import\u00e2ncia de iniciativas que unem emprego, cidadania e inclus\u00e3o social.<\/p>\n","protected":false},"excerpt":{"rendered":"<p>Feir\u00e3o de Empregos e Mutir\u00e3o Cidad\u00e3o traz oportunidades imperd\u00edveis para todos.<\/p>\n","protected":false},"author":1,"featured_media":0,"comment_status":"open","ping_status":"open","sticky":false,"template":"","format":"standard","meta":{"footnotes":""},"categories":[905],"tags":[],"class_list":["post-14047","post","type-post","status-publish","format-standard","hentry","category-vagas-de-empregos"],"yoast_head":"<!-- This site is optimized with the Yoast SEO plugin v28.2 - https:\/\/yoast.com\/product\/yoast-seo-wordpress\/ -->\n<title>Governo de Minas promove Feir\u00e3o de Empregos e Mutir\u00e3o Cidad\u00e3o na pr\u00f3xima ter\u00e7a | Guia Comercial de Belo Horizonte MG<\/title>\n<meta name=\"robots\" content=\"index, follow, max-snippet:-1, max-image-preview:large, max-video-preview:-1\" \/>\n<link rel=\"canonical\" href=\"https:\/\/www.encontrabelohorizonte.com.br\/guia\/governo-de-minas-promove-feirao-de-empregos-e-mutirao-cidadao-na-proxima-terca\/\" \/>\n<meta property=\"og:locale\" content=\"pt_BR\" \/>\n<meta property=\"og:type\" content=\"article\" \/>\n<meta property=\"og:title\" content=\"Governo de Minas promove Feir\u00e3o de Empregos e Mutir\u00e3o Cidad\u00e3o na pr\u00f3xima ter\u00e7a | Guia Comercial de Belo Horizonte MG\" \/>\n<meta property=\"og:description\" content=\"Feir\u00e3o de Empregos e Mutir\u00e3o Cidad\u00e3o traz oportunidades imperd\u00edveis para todos.\" \/>\n<meta property=\"og:url\" content=\"https:\/\/www.encontrabelohorizonte.com.br\/guia\/governo-de-minas-promove-feirao-de-empregos-e-mutirao-cidadao-na-proxima-terca\/\" \/>\n<meta property=\"og:site_name\" content=\"Guia Comercial de Belo Horizonte MG\" \/>\n<meta property=\"article:published_time\" content=\"2025-11-18T14:42:00+00:00\" \/>\n<meta name=\"author\" content=\"Encontra Belo Horizonte\" \/>\n<meta name=\"twitter:card\" content=\"summary_large_image\" \/>\n<meta name=\"twitter:label1\" content=\"Escrito por\" \/>\n\t<meta name=\"twitter:data1\" content=\"Encontra Belo Horizonte\" \/>\n\t<meta name=\"twitter:label2\" content=\"Est. tempo de leitura\" \/>\n\t<meta name=\"twitter:data2\" content=\"9 minutos\" \/>\n<script type=\"application\/ld+json\" class=\"yoast-schema-graph\">{\"@context\":\"https:\\\/\\\/schema.org\",\"@graph\":[{\"@type\":\"Article\",\"@id\":\"https:\\\/\\\/www.encontrabelohorizonte.com.br\\\/guia\\\/governo-de-minas-promove-feirao-de-empregos-e-mutirao-cidadao-na-proxima-terca\\\/#article\",\"isPartOf\":{\"@id\":\"https:\\\/\\\/www.encontrabelohorizonte.com.br\\\/guia\\\/governo-de-minas-promove-feirao-de-empregos-e-mutirao-cidadao-na-proxima-terca\\\/\"},\"author\":{\"name\":\"Encontra Belo Horizonte\",\"@id\":\"https:\\\/\\\/www.encontrabelohorizonte.com.br\\\/guia\\\/#\\\/schema\\\/person\\\/6b792069f07fee9a700a7caa85fb85a9\"},\"headline\":\"Governo de Minas promove Feir\u00e3o de Empregos e Mutir\u00e3o Cidad\u00e3o na pr\u00f3xima ter\u00e7a\",\"datePublished\":\"2025-11-18T14:42:00+00:00\",\"mainEntityOfPage\":{\"@id\":\"https:\\\/\\\/www.encontrabelohorizonte.com.br\\\/guia\\\/governo-de-minas-promove-feirao-de-empregos-e-mutirao-cidadao-na-proxima-terca\\\/\"},\"wordCount\":1776,\"commentCount\":0,\"articleSection\":[\"Vagas de Empregos Belo Horizonte\"],\"inLanguage\":\"pt-BR\",\"potentialAction\":[{\"@type\":\"CommentAction\",\"name\":\"Comment\",\"target\":[\"https:\\\/\\\/www.encontrabelohorizonte.com.br\\\/guia\\\/governo-de-minas-promove-feirao-de-empregos-e-mutirao-cidadao-na-proxima-terca\\\/#respond\"]}]},{\"@type\":\"WebPage\",\"@id\":\"https:\\\/\\\/www.encontrabelohorizonte.com.br\\\/guia\\\/governo-de-minas-promove-feirao-de-empregos-e-mutirao-cidadao-na-proxima-terca\\\/\",\"url\":\"https:\\\/\\\/www.encontrabelohorizonte.com.br\\\/guia\\\/governo-de-minas-promove-feirao-de-empregos-e-mutirao-cidadao-na-proxima-terca\\\/\",\"name\":\"Governo de Minas promove Feir\u00e3o de Empregos e Mutir\u00e3o Cidad\u00e3o na pr\u00f3xima ter\u00e7a | Guia Comercial de Belo Horizonte MG\",\"isPartOf\":{\"@id\":\"https:\\\/\\\/www.encontrabelohorizonte.com.br\\\/guia\\\/#website\"},\"datePublished\":\"2025-11-18T14:42:00+00:00\",\"author\":{\"@id\":\"https:\\\/\\\/www.encontrabelohorizonte.com.br\\\/guia\\\/#\\\/schema\\\/person\\\/6b792069f07fee9a700a7caa85fb85a9\"},\"inLanguage\":\"pt-BR\",\"potentialAction\":[{\"@type\":\"ReadAction\",\"target\":[\"https:\\\/\\\/www.encontrabelohorizonte.com.br\\\/guia\\\/governo-de-minas-promove-feirao-de-empregos-e-mutirao-cidadao-na-proxima-terca\\\/\"]}]},{\"@type\":\"WebSite\",\"@id\":\"https:\\\/\\\/www.encontrabelohorizonte.com.br\\\/guia\\\/#website\",\"url\":\"https:\\\/\\\/www.encontrabelohorizonte.com.br\\\/guia\\\/\",\"name\":\"Guia Comercial de Belo Horizonte MG\",\"description\":\"ENCONTRA BELO HORIZONTE - O guia comercial de neg\u00f3cios e empresas, cultura e divers\u00e3o na cidade de Belo Horizonte. Feito 100% para voc\u00ea morador!\",\"potentialAction\":[{\"@type\":\"SearchAction\",\"target\":{\"@type\":\"EntryPoint\",\"urlTemplate\":\"https:\\\/\\\/www.encontrabelohorizonte.com.br\\\/guia\\\/?s={search_term_string}\"},\"query-input\":{\"@type\":\"PropertyValueSpecification\",\"valueRequired\":true,\"valueName\":\"search_term_string\"}}],\"inLanguage\":\"pt-BR\"},{\"@type\":\"Person\",\"@id\":\"https:\\\/\\\/www.encontrabelohorizonte.com.br\\\/guia\\\/#\\\/schema\\\/person\\\/6b792069f07fee9a700a7caa85fb85a9\",\"name\":\"Encontra Belo Horizonte\",\"image\":{\"@type\":\"ImageObject\",\"inLanguage\":\"pt-BR\",\"@id\":\"https:\\\/\\\/secure.gravatar.com\\\/avatar\\\/c50c17820bcf322f0a8fd6b110b8c0918141409dc69076470f6fca5fee70a5d4?s=96&d=mm&r=g\",\"url\":\"https:\\\/\\\/secure.gravatar.com\\\/avatar\\\/c50c17820bcf322f0a8fd6b110b8c0918141409dc69076470f6fca5fee70a5d4?s=96&d=mm&r=g\",\"contentUrl\":\"https:\\\/\\\/secure.gravatar.com\\\/avatar\\\/c50c17820bcf322f0a8fd6b110b8c0918141409dc69076470f6fca5fee70a5d4?s=96&d=mm&r=g\",\"caption\":\"Encontra Belo Horizonte\"},\"url\":\"https:\\\/\\\/www.encontrabelohorizonte.com.br\\\/guia\\\/author\\\/encontrabelohorizonte\\\/\"}]}<\/script>\n<!-- \/ Yoast SEO plugin. -->","yoast_head_json":{"title":"Governo de Minas promove Feir\u00e3o de Empregos e Mutir\u00e3o Cidad\u00e3o na pr\u00f3xima ter\u00e7a | Guia Comercial de Belo Horizonte MG","robots":{"index":"index","follow":"follow","max-snippet":"max-snippet:-1","max-image-preview":"max-image-preview:large","max-video-preview":"max-video-preview:-1"},"canonical":"https:\/\/www.encontrabelohorizonte.com.br\/guia\/governo-de-minas-promove-feirao-de-empregos-e-mutirao-cidadao-na-proxima-terca\/","og_locale":"pt_BR","og_type":"article","og_title":"Governo de Minas promove Feir\u00e3o de Empregos e Mutir\u00e3o Cidad\u00e3o na pr\u00f3xima ter\u00e7a | Guia Comercial de Belo Horizonte MG","og_description":"Feir\u00e3o de Empregos e Mutir\u00e3o Cidad\u00e3o traz oportunidades imperd\u00edveis para todos.","og_url":"https:\/\/www.encontrabelohorizonte.com.br\/guia\/governo-de-minas-promove-feirao-de-empregos-e-mutirao-cidadao-na-proxima-terca\/","og_site_name":"Guia Comercial de Belo Horizonte MG","article_published_time":"2025-11-18T14:42:00+00:00","author":"Encontra Belo Horizonte","twitter_card":"summary_large_image","twitter_misc":{"Escrito por":"Encontra Belo Horizonte","Est. tempo de leitura":"9 minutos"},"schema":{"@context":"https:\/\/schema.org","@graph":[{"@type":"Article","@id":"https:\/\/www.encontrabelohorizonte.com.br\/guia\/governo-de-minas-promove-feirao-de-empregos-e-mutirao-cidadao-na-proxima-terca\/#article","isPartOf":{"@id":"https:\/\/www.encontrabelohorizonte.com.br\/guia\/governo-de-minas-promove-feirao-de-empregos-e-mutirao-cidadao-na-proxima-terca\/"},"author":{"name":"Encontra Belo Horizonte","@id":"https:\/\/www.encontrabelohorizonte.com.br\/guia\/#\/schema\/person\/6b792069f07fee9a700a7caa85fb85a9"},"headline":"Governo de Minas promove Feir\u00e3o de Empregos e Mutir\u00e3o Cidad\u00e3o na pr\u00f3xima ter\u00e7a","datePublished":"2025-11-18T14:42:00+00:00","mainEntityOfPage":{"@id":"https:\/\/www.encontrabelohorizonte.com.br\/guia\/governo-de-minas-promove-feirao-de-empregos-e-mutirao-cidadao-na-proxima-terca\/"},"wordCount":1776,"commentCount":0,"articleSection":["Vagas de Empregos Belo Horizonte"],"inLanguage":"pt-BR","potentialAction":[{"@type":"CommentAction","name":"Comment","target":["https:\/\/www.encontrabelohorizonte.com.br\/guia\/governo-de-minas-promove-feirao-de-empregos-e-mutirao-cidadao-na-proxima-terca\/#respond"]}]},{"@type":"WebPage","@id":"https:\/\/www.encontrabelohorizonte.com.br\/guia\/governo-de-minas-promove-feirao-de-empregos-e-mutirao-cidadao-na-proxima-terca\/","url":"https:\/\/www.encontrabelohorizonte.com.br\/guia\/governo-de-minas-promove-feirao-de-empregos-e-mutirao-cidadao-na-proxima-terca\/","name":"Governo de Minas promove Feir\u00e3o de Empregos e Mutir\u00e3o Cidad\u00e3o na pr\u00f3xima ter\u00e7a | Guia Comercial de Belo Horizonte MG","isPartOf":{"@id":"https:\/\/www.encontrabelohorizonte.com.br\/guia\/#website"},"datePublished":"2025-11-18T14:42:00+00:00","author":{"@id":"https:\/\/www.encontrabelohorizonte.com.br\/guia\/#\/schema\/person\/6b792069f07fee9a700a7caa85fb85a9"},"inLanguage":"pt-BR","potentialAction":[{"@type":"ReadAction","target":["https:\/\/www.encontrabelohorizonte.com.br\/guia\/governo-de-minas-promove-feirao-de-empregos-e-mutirao-cidadao-na-proxima-terca\/"]}]},{"@type":"WebSite","@id":"https:\/\/www.encontrabelohorizonte.com.br\/guia\/#website","url":"https:\/\/www.encontrabelohorizonte.com.br\/guia\/","name":"Guia Comercial de Belo Horizonte MG","description":"ENCONTRA BELO HORIZONTE - O guia comercial de neg\u00f3cios e empresas, cultura e divers\u00e3o na cidade de Belo Horizonte. Feito 100% para voc\u00ea morador!","potentialAction":[{"@type":"SearchAction","target":{"@type":"EntryPoint","urlTemplate":"https:\/\/www.encontrabelohorizonte.com.br\/guia\/?s={search_term_string}"},"query-input":{"@type":"PropertyValueSpecification","valueRequired":true,"valueName":"search_term_string"}}],"inLanguage":"pt-BR"},{"@type":"Person","@id":"https:\/\/www.encontrabelohorizonte.com.br\/guia\/#\/schema\/person\/6b792069f07fee9a700a7caa85fb85a9","name":"Encontra Belo Horizonte","image":{"@type":"ImageObject","inLanguage":"pt-BR","@id":"https:\/\/secure.gravatar.com\/avatar\/c50c17820bcf322f0a8fd6b110b8c0918141409dc69076470f6fca5fee70a5d4?s=96&d=mm&r=g","url":"https:\/\/secure.gravatar.com\/avatar\/c50c17820bcf322f0a8fd6b110b8c0918141409dc69076470f6fca5fee70a5d4?s=96&d=mm&r=g","contentUrl":"https:\/\/secure.gravatar.com\/avatar\/c50c17820bcf322f0a8fd6b110b8c0918141409dc69076470f6fca5fee70a5d4?s=96&d=mm&r=g","caption":"Encontra Belo Horizonte"},"url":"https:\/\/www.encontrabelohorizonte.com.br\/guia\/author\/encontrabelohorizonte\/"}]}},"_links":{"self":[{"href":"https:\/\/www.encontrabelohorizonte.com.br\/guia\/wp-json\/wp\/v2\/posts\/14047","targetHints":{"allow":["GET"]}}],"collection":[{"href":"https:\/\/www.encontrabelohorizonte.com.br\/guia\/wp-json\/wp\/v2\/posts"}],"about":[{"href":"https:\/\/www.encontrabelohorizonte.com.br\/guia\/wp-json\/wp\/v2\/types\/post"}],"author":[{"embeddable":true,"href":"https:\/\/www.encontrabelohorizonte.com.br\/guia\/wp-json\/wp\/v2\/users\/1"}],"replies":[{"embeddable":true,"href":"https:\/\/www.encontrabelohorizonte.com.br\/guia\/wp-json\/wp\/v2\/comments?post=14047"}],"version-history":[{"count":0,"href":"https:\/\/www.encontrabelohorizonte.com.br\/guia\/wp-json\/wp\/v2\/posts\/14047\/revisions"}],"wp:attachment":[{"href":"https:\/\/www.encontrabelohorizonte.com.br\/guia\/wp-json\/wp\/v2\/media?parent=14047"}],"wp:term":[{"taxonomy":"category","embeddable":true,"href":"https:\/\/www.encontrabelohorizonte.com.br\/guia\/wp-json\/wp\/v2\/categories?post=14047"},{"taxonomy":"post_tag","embeddable":true,"href":"https:\/\/www.encontrabelohorizonte.com.br\/guia\/wp-json\/wp\/v2\/tags?post=14047"}],"curies":[{"name":"wp","href":"https:\/\/api.w.org\/{rel}","templated":true}]}}