{"id":14056,"date":"2025-11-20T06:51:00","date_gmt":"2025-11-20T09:51:00","guid":{"rendered":"https:\/\/www.encontrabelohorizonte.com.br\/guia\/prefeito-otoniel-teixeira-visita-belo-horizonte-para-conhecer-projetos-educacionais-de-referencia-e-fortalecer-acoes-em-barreiras\/"},"modified":"2025-11-20T06:51:00","modified_gmt":"2025-11-20T09:51:00","slug":"prefeito-otoniel-teixeira-visita-belo-horizonte-para-conhecer-projetos-educacionais-de-referencia-e-fortalecer-acoes-em-barreiras","status":"publish","type":"post","link":"https:\/\/www.encontrabelohorizonte.com.br\/guia\/prefeito-otoniel-teixeira-visita-belo-horizonte-para-conhecer-projetos-educacionais-de-referencia-e-fortalecer-acoes-em-barreiras\/","title":{"rendered":"Prefeito Otoniel Teixeira visita Belo Horizonte para conhecer projetos educacionais de refer\u00eancia e fortalecer a\u00e7\u00f5es em Barreiras"},"content":{"rendered":"<h2>Visita Institucional e Recep\u00e7\u00e3o em Belo Horizonte<\/h2>\n<p>Em um esfor\u00e7o significativo para aprimorar a educa\u00e7\u00e3o p\u00fablica em Barreiras, o prefeito Otoniel Teixeira realizou uma visita institucional a Belo Horizonte. Acompanhado por sua comitiva, incluindo o vice-prefeito T\u00falio Viana e o secret\u00e1rio municipal de Educa\u00e7\u00e3o, Jeferson Barbosa, a visita teve como principal objetivo entender e avaliar projetos educacionais de sucesso que poderiam ser implementados em sua cidade natal.<\/p>\n<p>A reuni\u00e3o foi marcada pelo di\u00e1logo construtivo e pela troca de experi\u00eancias entre os gestores das duas cidades. O prefeito de Belo Horizonte, \u00c1lvaro Dami\u00e3o, recebeu a comitiva de Barreiras com a inten\u00e7\u00e3o de compartilhar o que h\u00e1 de melhor nas pol\u00edticas de gest\u00e3o educacional de sua administra\u00e7\u00e3o. Essa recep\u00e7\u00e3o n\u00e3o apenas simboliza o interc\u00e2mbio entre munic\u00edpios, mas tamb\u00e9m destaca a import\u00e2ncia da colabora\u00e7\u00e3o entre diferentes esferas do governo em busca de solu\u00e7\u00f5es inovadoras para problemas comuns.<\/p>\n<p>Durante a visita, os representantes de Barreiras foram apresentados a uma variedade de programas educacionais, como o Programa Escola Integrada e o Programa de Atendimento Educacional Integrado. Estes exemplos s\u00e3o elucidativos do compromisso de Belo Horizonte com a excel\u00eancia educativa, funcionando como refer\u00eancias inspiradoras para potencializar as a\u00e7\u00f5es educacionais em Barreiras.<\/p>\n<p><img decoding=\"async\" src=\"https:\/\/www.encontrabelohorizonte.com.br\/guia\/wp-content\/uploads\/2025\/11\/prefeito-otoniel-teixeira-visita-belo-horizonte-para-conhecer-projetos-educacionais-de-referencia-e-.webp\" alt=\"projetos educacionais\" loading=\"lazy\" \/><\/p>\n<h2>Objetivos da Visita do Prefeito<\/h2>\n<p>A visita do prefeito Otoniel Teixeira a Belo Horizonte teve como foco principal a procura de solu\u00e7\u00f5es inovadoras que pudessem agregar valor ao sistema educacional de Barreiras. O desejo de entender iniciativas que t\u00eam se mostrado eficazes em outras localidades \u00e9 motivado pelo objetivo claro de elevar a qualidade do ensino p\u00fablico local. O prefeito declarou que a busca por conhecimento e aprendizado com os erros e acertos de outras administra\u00e7\u00f5es \u00e9 crucial para um gerenciamento p\u00fablico mais eficiente.<\/p>\n<p>Al\u00e9m disso, o interc\u00e2mbio buscam orientar pol\u00edticas p\u00fablicas que n\u00e3o s\u00f3 melhorem as condi\u00e7\u00f5es de ensino, mas tamb\u00e9m aumentem a participa\u00e7\u00e3o da comunidade no processo educativo. O engajamento dos cidad\u00e3os \u00e9 vital para fortalecer o v\u00ednculo entre as escolas e as comunidades nas quais est\u00e3o inseridas, promovendo assim um ciclo de aprendizado e desenvolvimento cont\u00ednuo.<\/p>\n<h2>Import\u00e2ncia da Educa\u00e7\u00e3o de Qualidade<\/h2>\n<p>A educa\u00e7\u00e3o de qualidade \u00e9 um dos pilares fundamentais para o desenvolvimento social e econ\u00f4mico de qualquer localidade. Em Barreiras, como em tantas outras cidades do Brasil, a oferta de uma educa\u00e7\u00e3o adequada e inovadora \u00e9 imperativa n\u00e3o apenas para preparar a nova gera\u00e7\u00e3o de profissionais, mas tamb\u00e9m para formar cidad\u00e3os cr\u00edticos e conscientes. A visita do prefeito Otoniel Teixeira a Belo Horizonte ilustra bem esse compromisso com a educa\u00e7\u00e3o.<\/p>\n<p>A melhoria da qualidade do ensino \u00e9 um desafio constante. No entanto, quando se tem um olhar atento \u00e0s experi\u00eancias bem-sucedidas em outras regi\u00f5es, \u00e9 poss\u00edvel otimizar esfor\u00e7os e estrat\u00e9gias. A implementa\u00e7\u00e3o de boas pr\u00e1ticas e pol\u00edticas educacionais que funcionaram em Belo Horizonte pode reduzir as desigualdades no acesso \u00e0 educa\u00e7\u00e3o e proporcionar oportunidades iguais para todos os alunos.<\/p>\n<p>Um dos principais objetivos \u00e9 tornar as escolas em ambientes acolhedores e estimulantes, onde os alunos n\u00e3o apenas aprendam conte\u00fados curriculares, mas tamb\u00e9m desenvolvam habilidades socioemocionais. \u00c9 preciso promover a criatividade, o pensamento cr\u00edtico e a capacidade de resolu\u00e7\u00e3o de problemas, elementos essenciais para o desenvolvimento integral do indiv\u00edduo.<\/p>\n<h2>O que \u00e9 o Programa Escola Integrada?<\/h2>\n<p>Um dos destaques apresentados durante a visita foi o Programa Escola Integrada, uma iniciativa que busca ampliar a jornada escolar dos estudantes com atividades diversificadas e enriquecedoras. Este programa foi implementado em Belo Horizonte e se destacou pela integra\u00e7\u00e3o de educa\u00e7\u00e3o regular com atividades complementares, abrangendo dimens\u00f5es culturais, esportivas e art\u00edsticas.<\/p>\n<p>O Programa Escola Integrada prop\u00f5e um trabalho em rede, onde as escolas se conectam com as comunidades e outras institui\u00e7\u00f5es, formando parcerias que potencializam o aprendizado dos estudantes. Essa conex\u00e3o n\u00e3o apenas enriquece a forma\u00e7\u00e3o dos alunos, mas tamb\u00e9m promove um envolvimento mais ativo de pais e respons\u00e1veis, criando um ambiente educativo colaborativo.<\/p>\n<p>Al\u00e9m disso, o programa \u00e9 um exemplo de como a educa\u00e7\u00e3o pode ser integral. As atividades propostas n\u00e3o se limitam apenas ao conte\u00fado acad\u00eamico, mas tamb\u00e9m incluem experi\u00eancias que estimulam o desenvolvimento pessoal, o respeito e a colabora\u00e7\u00e3o entre os estudantes. Essa abordagem tem mostrado resultados positivos em Belo Horizonte, refletindo-se no aumento do interesse dos alunos pela educa\u00e7\u00e3o e na redu\u00e7\u00e3o da evas\u00e3o escolar.<\/p>\n<h2>Desenvolvimento Sustent\u00e1vel na Educa\u00e7\u00e3o<\/h2>\n<p>A busca por um desenvolvimento sustent\u00e1vel na educa\u00e7\u00e3o \u00e9 mais do que uma tend\u00eancia; \u00e9 uma necessidade premente neste s\u00e9culo. O prefeito Otoniel Teixeira reconhece a import\u00e2ncia de integrar pr\u00e1ticas sustent\u00e1veis dentro do sistema educativo de Barreiras. Isso inclui n\u00e3o apenas a educa\u00e7\u00e3o ambiental, mas tamb\u00e9m a promo\u00e7\u00e3o de valores que visem \u00e0 preserva\u00e7\u00e3o e ao respeito pelo meio ambiente.<\/p>\n<p>Programas como o de Educa\u00e7\u00e3o para Sustentabilidade s\u00e3o fundamentais, pois envolvem os alunos em projetos que visam o cuidado com o planeta. Com o incentivo a pr\u00e1ticas como a reciclagem e a conscientiza\u00e7\u00e3o sobre a import\u00e2ncia da preserva\u00e7\u00e3o dos recursos naturais, as escolas se tornam locais onde se aprende n\u00e3o apenas dentro da sala de aula, mas tamb\u00e9m na pr\u00e1tica di\u00e1ria.<\/p>\n<p>O desenvolvimento sustent\u00e1vel na educa\u00e7\u00e3o implica uma reavalia\u00e7\u00e3o dos curr\u00edculos, visando a inclus\u00e3o de tem\u00e1ticas que tratem das quest\u00f5es ambientais e sociais, utilizando metodologias ativas que estimulam o pensamento cr\u00edtico e a resolu\u00e7\u00e3o de problemas. Ao trabalhar esses temas, Barreiras pode preparar seus alunos para serem n\u00e3o apenas profissionais competentes, mas cidad\u00e3os conscientes e respons\u00e1veis pelo futuro do planeta.<\/p>\n<h2>Iniciativas que Transformam a Educa\u00e7\u00e3o<\/h2>\n<p>Iniciativas transformadoras s\u00e3o aquelas que n\u00e3o apenas visam ao ensino tradicional, mas tamb\u00e9mnutrem um ecossistema de aprendizado que favorece a inclus\u00e3o e a diversidade. A educa\u00e7\u00e3o deve ser vista como uma ferramenta poderosa de transforma\u00e7\u00e3o social. Em Belo Horizonte, diversos projetos t\u00eam mostrado como a inova\u00e7\u00e3o pode ser uma aliada nesse processo.<\/p>\n<p>Entre as v\u00e1rias iniciativas destacadas na visita, est\u00e3o programas de forma\u00e7\u00e3o continuada para professores, que buscam capacit\u00e1-los a utilizar novas metodologias e tecnologias em sala de aula. Essa capacita\u00e7\u00e3o \u00e9 crucial, visto que os educadores s\u00e3o os protagonistas na constru\u00e7\u00e3o do conhecimento. Nesse sentido, investir na forma\u00e7\u00e3o de professores \u00e9 investir na qualidade da educa\u00e7\u00e3o.<\/p>\n<p>A introdu\u00e7\u00e3o de tecnologias educacionais nas escolas tamb\u00e9m se mostrou um ponto positivo, permitindo que os alunos tenham acesso a ferramentas que favorecem um aprendizado mais din\u00e2mico e interativo. Essa inclus\u00e3o tecnol\u00f3gica n\u00e3o \u00e9 apenas uma moderniza\u00e7\u00e3o do ensino, mas uma forma de preparar os alunos para um mundo cada vez mais digital e conectado.<\/p>\n<h2>Parcerias e Colabora\u00e7\u00f5es na Educa\u00e7\u00e3o<\/h2>\n<p>O desenvolvimento de parcerias e colabora\u00e7\u00f5es entre escolas, organiza\u00e7\u00f5es n\u00e3o governamentais e a sociedade civil \u00e9 essencial para a implementa\u00e7\u00e3o de projetos educacionais eficazes. Durante a visita, o prefeito Otoniel Teixeira foi apresentado a v\u00e1rias experi\u00eancias de colabora\u00e7\u00e3o em Belo Horizonte que se mostraram positivas e que poderiam ser adaptadas para a realidade de Barreiras.<\/p>\n<p>A colabora\u00e7\u00e3o entre as escolas e entidades comunit\u00e1rias \u00e9 uma maneira de aumentar os recursos dispon\u00edveis e oferecer experi\u00eancias mais ricas aos alunos. Por exemplo, parcerias com empresas locais podem resultar em programas de mentorias e est\u00e1gios que preparam os jovens para o mercado de trabalho, enquanto colabora\u00e7\u00e3o com ONGs pode trazer conhecimento especializado em \u00e1reas como educa\u00e7\u00e3o ambiental e direitos humanos.<\/p>\n<p>A cria\u00e7\u00e3o de redes de coopera\u00e7\u00e3o que envolvam diferentes atores sociais melhora o fluxo de informa\u00e7\u00f5es e estimula a troca de boas pr\u00e1ticas. Al\u00e9m disso, fortalece o papel da escola como um espa\u00e7o n\u00e3o apenas de aprendizado, mas tamb\u00e9m de transforma\u00e7\u00e3o social.<\/p>\n<h2>Impacto da Visita em Barreiras<\/h2>\n<p>A visita do prefeito Otoniel Teixeira a Belo Horizonte ter\u00e1 um impacto significativo em Barreiras. A troca de experi\u00eancias e o aprendizado com programas bem-sucedidos s\u00e3o fundamentais para que a cidade possa avan\u00e7ar em suas pol\u00edticas p\u00fablicas voltadas para a educa\u00e7\u00e3o. Essa experi\u00eancia permitir\u00e1 que os desafios enfrentados pela educa\u00e7\u00e3o em Barreiras sejam tratados com solu\u00e7\u00f5es adaptadas e contextualizadas, aumentando as chances de sucesso.<\/p>\n<p>Al\u00e9m disso, o interc\u00e2mbio vai promover um olhar cr\u00edtico sobre as pr\u00e1ticas educacionais j\u00e1 existentes em Barreiras e abrir espa\u00e7o para novos projetos e adapta\u00e7\u00f5es. A capacidade de inovar e aprender com as experi\u00eancias de outras cidades \u00e9 um diferencial que pode transformar a realidade da educa\u00e7\u00e3o local.<\/p>\n<p>Os conhecimentos adquiridos na visita ser\u00e3o fundamentais para estruturar um plano que priorize a qualidade do ensino e a participa\u00e7\u00e3o da comunidade. O impacto real s\u00f3 ser\u00e1 sentido no longo prazo, mas as bases j\u00e1 est\u00e3o sendo constru\u00eddas com a\u00e7\u00f5es planejadas e voltadas para um futuro melhor.<\/p>\n<h2>Experi\u00eancias Inspiradoras para Implementar<\/h2>\n<p>As experi\u00eancias apresentadas durante a visita a Belo Horizonte n\u00e3o s\u00e3o apenas uma refer\u00eancia, mas tamb\u00e9m uma fonte de inspira\u00e7\u00e3o para que Barreiras possa inovar e transformar sua realidade educacional. Mediante projeto como o Programa Escola Integrada ou as experi\u00eancias com parcerias comunit\u00e1rias, um novo horizonte se abre para os educadores e gestores locais.<\/p>\n<p>A implementa\u00e7\u00e3o dessas experi\u00eancias em Barreiras deve considerar as caracter\u00edsticas e necessidades da comunidade local. A partir das realidades enfrentadas pelos estudantes, fam\u00edlias e escolas, \u00e9 poss\u00edvel criar um ambiente que favore\u00e7a a inova\u00e7\u00e3o e o aprendizado cont\u00ednuo.<\/p>\n<p>Al\u00e9m do mais, um fluxo constante de troca de experi\u00eancias entre cidades pode estimular uma cultura de colabora\u00e7\u00e3o e apoio, onde prefeitos e secret\u00e1rios possam se reunir para discutir melhores pr\u00e1ticas, desafios e solu\u00e7\u00f5es. Isso resulta em um enriquecimento do debate educacional no Brasil e, consequentemente, traz melhorias para os alunos.<\/p>\n<h2>A Vis\u00e3o do Prefeito para o Futuro Educacional<\/h2>\n<p>A vis\u00e3o do prefeito Otoniel Teixeira \u00e9 clara: ele deseja construir uma educa\u00e7\u00e3o que n\u00e3o apenas forme estudantes capazes, mas que tamb\u00e9m prepare cidad\u00e3os aut\u00f4nomos e cr\u00edticos, prontos para enfrentar os desafios do futuro. O trabalho intenso por pol\u00edticas p\u00fablicas de educa\u00e7\u00e3o de qualidade \u00e9 um compromisso que permeia toda sua administra\u00e7\u00e3o.<\/p>\n<p>A busca por inova\u00e7\u00e3o, desenvolvimento sustent\u00e1vel e parcerias estrat\u00e9gicas s\u00e3o pilares que sustentam essa vis\u00e3o. O prefeito acredita que a educa\u00e7\u00e3o \u00e9 um direito de todos e deve ser tratada como prioridade absoluta. Para tanto, ele se compromete em promover um ambiente de aprendizado que favore\u00e7a a inclus\u00e3o e a equidade.<\/p>\n<p>Com essa perspectiva, Barreiras poder\u00e1 se transformar em um exemplo positivo no que diz respeito \u00e0 educa\u00e7\u00e3o p\u00fablica no Brasil. A visita a Belo Horizonte serviu como um passo importante nessa jornada, mostrando que a colabora\u00e7\u00e3o e a troca de experi\u00eancias s\u00e3o essenciais para o desenvolvimento de um sistema educacional mais justo e de qualidade.<\/p>\n","protected":false},"excerpt":{"rendered":"<p>Prefeito Otoniel Teixeira visita Belo Horizonte para conhecer importantes projetos educacionais.<\/p>\n","protected":false},"author":1,"featured_media":14055,"comment_status":"open","ping_status":"open","sticky":false,"template":"","format":"standard","meta":{"footnotes":""},"categories":[5],"tags":[],"class_list":["post-14056","post","type-post","status-publish","format-standard","has-post-thumbnail","hentry","category-noticias","has_thumb"],"yoast_head":"<!-- This site is optimized with the Yoast SEO plugin v28.2 - https:\/\/yoast.com\/product\/yoast-seo-wordpress\/ -->\n<title>Prefeito Otoniel Teixeira visita Belo Horizonte para conhecer projetos educacionais de refer\u00eancia e fortalecer a\u00e7\u00f5es em Barreiras | Guia Comercial de Belo Horizonte MG<\/title>\n<meta name=\"robots\" content=\"index, follow, max-snippet:-1, max-image-preview:large, max-video-preview:-1\" \/>\n<link rel=\"canonical\" href=\"https:\/\/www.encontrabelohorizonte.com.br\/guia\/prefeito-otoniel-teixeira-visita-belo-horizonte-para-conhecer-projetos-educacionais-de-referencia-e-fortalecer-acoes-em-barreiras\/\" \/>\n<meta property=\"og:locale\" content=\"pt_BR\" \/>\n<meta property=\"og:type\" content=\"article\" \/>\n<meta property=\"og:title\" content=\"Prefeito Otoniel Teixeira visita Belo Horizonte para conhecer projetos educacionais de refer\u00eancia e fortalecer a\u00e7\u00f5es em Barreiras | Guia Comercial de Belo Horizonte MG\" \/>\n<meta property=\"og:description\" content=\"Prefeito Otoniel Teixeira visita Belo Horizonte para conhecer importantes projetos educacionais.\" \/>\n<meta property=\"og:url\" content=\"https:\/\/www.encontrabelohorizonte.com.br\/guia\/prefeito-otoniel-teixeira-visita-belo-horizonte-para-conhecer-projetos-educacionais-de-referencia-e-fortalecer-acoes-em-barreiras\/\" \/>\n<meta property=\"og:site_name\" content=\"Guia Comercial de Belo Horizonte MG\" \/>\n<meta property=\"article:published_time\" content=\"2025-11-20T09:51:00+00:00\" \/>\n<meta property=\"og:image\" content=\"https:\/\/www.encontrabelohorizonte.com.br\/guia\/wp-content\/uploads\/2025\/11\/prefeito-otoniel-teixeira-visita-belo-horizonte-para-conhecer-projetos-educacionais-de-referencia-e-.webp\" \/>\n\t<meta property=\"og:image:width\" content=\"320\" \/>\n\t<meta property=\"og:image:height\" content=\"280\" \/>\n\t<meta property=\"og:image:type\" content=\"image\/webp\" \/>\n<meta name=\"author\" content=\"Encontra Belo Horizonte\" \/>\n<meta name=\"twitter:card\" content=\"summary_large_image\" \/>\n<meta name=\"twitter:label1\" content=\"Escrito por\" \/>\n\t<meta name=\"twitter:data1\" content=\"Encontra Belo Horizonte\" \/>\n\t<meta name=\"twitter:label2\" content=\"Est. tempo de leitura\" \/>\n\t<meta name=\"twitter:data2\" content=\"9 minutos\" \/>\n<script type=\"application\/ld+json\" class=\"yoast-schema-graph\">{\"@context\":\"https:\\\/\\\/schema.org\",\"@graph\":[{\"@type\":\"Article\",\"@id\":\"https:\\\/\\\/www.encontrabelohorizonte.com.br\\\/guia\\\/prefeito-otoniel-teixeira-visita-belo-horizonte-para-conhecer-projetos-educacionais-de-referencia-e-fortalecer-acoes-em-barreiras\\\/#article\",\"isPartOf\":{\"@id\":\"https:\\\/\\\/www.encontrabelohorizonte.com.br\\\/guia\\\/prefeito-otoniel-teixeira-visita-belo-horizonte-para-conhecer-projetos-educacionais-de-referencia-e-fortalecer-acoes-em-barreiras\\\/\"},\"author\":{\"name\":\"Encontra Belo Horizonte\",\"@id\":\"https:\\\/\\\/www.encontrabelohorizonte.com.br\\\/guia\\\/#\\\/schema\\\/person\\\/6b792069f07fee9a700a7caa85fb85a9\"},\"headline\":\"Prefeito Otoniel Teixeira visita Belo Horizonte para conhecer projetos educacionais de refer\u00eancia e fortalecer a\u00e7\u00f5es em Barreiras\",\"datePublished\":\"2025-11-20T09:51:00+00:00\",\"mainEntityOfPage\":{\"@id\":\"https:\\\/\\\/www.encontrabelohorizonte.com.br\\\/guia\\\/prefeito-otoniel-teixeira-visita-belo-horizonte-para-conhecer-projetos-educacionais-de-referencia-e-fortalecer-acoes-em-barreiras\\\/\"},\"wordCount\":1926,\"commentCount\":0,\"image\":{\"@id\":\"https:\\\/\\\/www.encontrabelohorizonte.com.br\\\/guia\\\/prefeito-otoniel-teixeira-visita-belo-horizonte-para-conhecer-projetos-educacionais-de-referencia-e-fortalecer-acoes-em-barreiras\\\/#primaryimage\"},\"thumbnailUrl\":\"https:\\\/\\\/www.encontrabelohorizonte.com.br\\\/guia\\\/wp-content\\\/uploads\\\/2025\\\/11\\\/prefeito-otoniel-teixeira-visita-belo-horizonte-para-conhecer-projetos-educacionais-de-referencia-e-.webp\",\"articleSection\":[\"Not\u00edcias Belo Horizonte\"],\"inLanguage\":\"pt-BR\",\"potentialAction\":[{\"@type\":\"CommentAction\",\"name\":\"Comment\",\"target\":[\"https:\\\/\\\/www.encontrabelohorizonte.com.br\\\/guia\\\/prefeito-otoniel-teixeira-visita-belo-horizonte-para-conhecer-projetos-educacionais-de-referencia-e-fortalecer-acoes-em-barreiras\\\/#respond\"]}]},{\"@type\":\"WebPage\",\"@id\":\"https:\\\/\\\/www.encontrabelohorizonte.com.br\\\/guia\\\/prefeito-otoniel-teixeira-visita-belo-horizonte-para-conhecer-projetos-educacionais-de-referencia-e-fortalecer-acoes-em-barreiras\\\/\",\"url\":\"https:\\\/\\\/www.encontrabelohorizonte.com.br\\\/guia\\\/prefeito-otoniel-teixeira-visita-belo-horizonte-para-conhecer-projetos-educacionais-de-referencia-e-fortalecer-acoes-em-barreiras\\\/\",\"name\":\"Prefeito Otoniel Teixeira visita Belo Horizonte para conhecer projetos educacionais de refer\u00eancia e fortalecer a\u00e7\u00f5es em Barreiras | Guia Comercial de Belo Horizonte MG\",\"isPartOf\":{\"@id\":\"https:\\\/\\\/www.encontrabelohorizonte.com.br\\\/guia\\\/#website\"},\"primaryImageOfPage\":{\"@id\":\"https:\\\/\\\/www.encontrabelohorizonte.com.br\\\/guia\\\/prefeito-otoniel-teixeira-visita-belo-horizonte-para-conhecer-projetos-educacionais-de-referencia-e-fortalecer-acoes-em-barreiras\\\/#primaryimage\"},\"image\":{\"@id\":\"https:\\\/\\\/www.encontrabelohorizonte.com.br\\\/guia\\\/prefeito-otoniel-teixeira-visita-belo-horizonte-para-conhecer-projetos-educacionais-de-referencia-e-fortalecer-acoes-em-barreiras\\\/#primaryimage\"},\"thumbnailUrl\":\"https:\\\/\\\/www.encontrabelohorizonte.com.br\\\/guia\\\/wp-content\\\/uploads\\\/2025\\\/11\\\/prefeito-otoniel-teixeira-visita-belo-horizonte-para-conhecer-projetos-educacionais-de-referencia-e-.webp\",\"datePublished\":\"2025-11-20T09:51:00+00:00\",\"author\":{\"@id\":\"https:\\\/\\\/www.encontrabelohorizonte.com.br\\\/guia\\\/#\\\/schema\\\/person\\\/6b792069f07fee9a700a7caa85fb85a9\"},\"inLanguage\":\"pt-BR\",\"potentialAction\":[{\"@type\":\"ReadAction\",\"target\":[\"https:\\\/\\\/www.encontrabelohorizonte.com.br\\\/guia\\\/prefeito-otoniel-teixeira-visita-belo-horizonte-para-conhecer-projetos-educacionais-de-referencia-e-fortalecer-acoes-em-barreiras\\\/\"]}]},{\"@type\":\"ImageObject\",\"inLanguage\":\"pt-BR\",\"@id\":\"https:\\\/\\\/www.encontrabelohorizonte.com.br\\\/guia\\\/prefeito-otoniel-teixeira-visita-belo-horizonte-para-conhecer-projetos-educacionais-de-referencia-e-fortalecer-acoes-em-barreiras\\\/#primaryimage\",\"url\":\"https:\\\/\\\/www.encontrabelohorizonte.com.br\\\/guia\\\/wp-content\\\/uploads\\\/2025\\\/11\\\/prefeito-otoniel-teixeira-visita-belo-horizonte-para-conhecer-projetos-educacionais-de-referencia-e-.webp\",\"contentUrl\":\"https:\\\/\\\/www.encontrabelohorizonte.com.br\\\/guia\\\/wp-content\\\/uploads\\\/2025\\\/11\\\/prefeito-otoniel-teixeira-visita-belo-horizonte-para-conhecer-projetos-educacionais-de-referencia-e-.webp\",\"width\":320,\"height\":280,\"caption\":\"projetos educacionais\"},{\"@type\":\"WebSite\",\"@id\":\"https:\\\/\\\/www.encontrabelohorizonte.com.br\\\/guia\\\/#website\",\"url\":\"https:\\\/\\\/www.encontrabelohorizonte.com.br\\\/guia\\\/\",\"name\":\"Guia Comercial de Belo Horizonte MG\",\"description\":\"ENCONTRA BELO HORIZONTE - O guia comercial de neg\u00f3cios e empresas, cultura e divers\u00e3o na cidade de Belo Horizonte. Feito 100% para voc\u00ea morador!\",\"potentialAction\":[{\"@type\":\"SearchAction\",\"target\":{\"@type\":\"EntryPoint\",\"urlTemplate\":\"https:\\\/\\\/www.encontrabelohorizonte.com.br\\\/guia\\\/?s={search_term_string}\"},\"query-input\":{\"@type\":\"PropertyValueSpecification\",\"valueRequired\":true,\"valueName\":\"search_term_string\"}}],\"inLanguage\":\"pt-BR\"},{\"@type\":\"Person\",\"@id\":\"https:\\\/\\\/www.encontrabelohorizonte.com.br\\\/guia\\\/#\\\/schema\\\/person\\\/6b792069f07fee9a700a7caa85fb85a9\",\"name\":\"Encontra Belo Horizonte\",\"image\":{\"@type\":\"ImageObject\",\"inLanguage\":\"pt-BR\",\"@id\":\"https:\\\/\\\/secure.gravatar.com\\\/avatar\\\/c50c17820bcf322f0a8fd6b110b8c0918141409dc69076470f6fca5fee70a5d4?s=96&d=mm&r=g\",\"url\":\"https:\\\/\\\/secure.gravatar.com\\\/avatar\\\/c50c17820bcf322f0a8fd6b110b8c0918141409dc69076470f6fca5fee70a5d4?s=96&d=mm&r=g\",\"contentUrl\":\"https:\\\/\\\/secure.gravatar.com\\\/avatar\\\/c50c17820bcf322f0a8fd6b110b8c0918141409dc69076470f6fca5fee70a5d4?s=96&d=mm&r=g\",\"caption\":\"Encontra Belo Horizonte\"},\"url\":\"https:\\\/\\\/www.encontrabelohorizonte.com.br\\\/guia\\\/author\\\/encontrabelohorizonte\\\/\"}]}<\/script>\n<!-- \/ Yoast SEO plugin. -->","yoast_head_json":{"title":"Prefeito Otoniel Teixeira visita Belo Horizonte para conhecer projetos educacionais de refer\u00eancia e fortalecer a\u00e7\u00f5es em Barreiras | Guia Comercial de Belo Horizonte MG","robots":{"index":"index","follow":"follow","max-snippet":"max-snippet:-1","max-image-preview":"max-image-preview:large","max-video-preview":"max-video-preview:-1"},"canonical":"https:\/\/www.encontrabelohorizonte.com.br\/guia\/prefeito-otoniel-teixeira-visita-belo-horizonte-para-conhecer-projetos-educacionais-de-referencia-e-fortalecer-acoes-em-barreiras\/","og_locale":"pt_BR","og_type":"article","og_title":"Prefeito Otoniel Teixeira visita Belo Horizonte para conhecer projetos educacionais de refer\u00eancia e fortalecer a\u00e7\u00f5es em Barreiras | Guia Comercial de Belo Horizonte MG","og_description":"Prefeito Otoniel Teixeira visita Belo Horizonte para conhecer importantes projetos educacionais.","og_url":"https:\/\/www.encontrabelohorizonte.com.br\/guia\/prefeito-otoniel-teixeira-visita-belo-horizonte-para-conhecer-projetos-educacionais-de-referencia-e-fortalecer-acoes-em-barreiras\/","og_site_name":"Guia Comercial de Belo Horizonte MG","article_published_time":"2025-11-20T09:51:00+00:00","og_image":[{"width":320,"height":280,"url":"https:\/\/www.encontrabelohorizonte.com.br\/guia\/wp-content\/uploads\/2025\/11\/prefeito-otoniel-teixeira-visita-belo-horizonte-para-conhecer-projetos-educacionais-de-referencia-e-.webp","type":"image\/webp"}],"author":"Encontra Belo Horizonte","twitter_card":"summary_large_image","twitter_misc":{"Escrito por":"Encontra Belo Horizonte","Est. tempo de leitura":"9 minutos"},"schema":{"@context":"https:\/\/schema.org","@graph":[{"@type":"Article","@id":"https:\/\/www.encontrabelohorizonte.com.br\/guia\/prefeito-otoniel-teixeira-visita-belo-horizonte-para-conhecer-projetos-educacionais-de-referencia-e-fortalecer-acoes-em-barreiras\/#article","isPartOf":{"@id":"https:\/\/www.encontrabelohorizonte.com.br\/guia\/prefeito-otoniel-teixeira-visita-belo-horizonte-para-conhecer-projetos-educacionais-de-referencia-e-fortalecer-acoes-em-barreiras\/"},"author":{"name":"Encontra Belo Horizonte","@id":"https:\/\/www.encontrabelohorizonte.com.br\/guia\/#\/schema\/person\/6b792069f07fee9a700a7caa85fb85a9"},"headline":"Prefeito Otoniel Teixeira visita Belo Horizonte para conhecer projetos educacionais de refer\u00eancia e fortalecer a\u00e7\u00f5es em Barreiras","datePublished":"2025-11-20T09:51:00+00:00","mainEntityOfPage":{"@id":"https:\/\/www.encontrabelohorizonte.com.br\/guia\/prefeito-otoniel-teixeira-visita-belo-horizonte-para-conhecer-projetos-educacionais-de-referencia-e-fortalecer-acoes-em-barreiras\/"},"wordCount":1926,"commentCount":0,"image":{"@id":"https:\/\/www.encontrabelohorizonte.com.br\/guia\/prefeito-otoniel-teixeira-visita-belo-horizonte-para-conhecer-projetos-educacionais-de-referencia-e-fortalecer-acoes-em-barreiras\/#primaryimage"},"thumbnailUrl":"https:\/\/www.encontrabelohorizonte.com.br\/guia\/wp-content\/uploads\/2025\/11\/prefeito-otoniel-teixeira-visita-belo-horizonte-para-conhecer-projetos-educacionais-de-referencia-e-.webp","articleSection":["Not\u00edcias Belo Horizonte"],"inLanguage":"pt-BR","potentialAction":[{"@type":"CommentAction","name":"Comment","target":["https:\/\/www.encontrabelohorizonte.com.br\/guia\/prefeito-otoniel-teixeira-visita-belo-horizonte-para-conhecer-projetos-educacionais-de-referencia-e-fortalecer-acoes-em-barreiras\/#respond"]}]},{"@type":"WebPage","@id":"https:\/\/www.encontrabelohorizonte.com.br\/guia\/prefeito-otoniel-teixeira-visita-belo-horizonte-para-conhecer-projetos-educacionais-de-referencia-e-fortalecer-acoes-em-barreiras\/","url":"https:\/\/www.encontrabelohorizonte.com.br\/guia\/prefeito-otoniel-teixeira-visita-belo-horizonte-para-conhecer-projetos-educacionais-de-referencia-e-fortalecer-acoes-em-barreiras\/","name":"Prefeito Otoniel Teixeira visita Belo Horizonte para conhecer projetos educacionais de refer\u00eancia e fortalecer a\u00e7\u00f5es em Barreiras | Guia Comercial de Belo Horizonte MG","isPartOf":{"@id":"https:\/\/www.encontrabelohorizonte.com.br\/guia\/#website"},"primaryImageOfPage":{"@id":"https:\/\/www.encontrabelohorizonte.com.br\/guia\/prefeito-otoniel-teixeira-visita-belo-horizonte-para-conhecer-projetos-educacionais-de-referencia-e-fortalecer-acoes-em-barreiras\/#primaryimage"},"image":{"@id":"https:\/\/www.encontrabelohorizonte.com.br\/guia\/prefeito-otoniel-teixeira-visita-belo-horizonte-para-conhecer-projetos-educacionais-de-referencia-e-fortalecer-acoes-em-barreiras\/#primaryimage"},"thumbnailUrl":"https:\/\/www.encontrabelohorizonte.com.br\/guia\/wp-content\/uploads\/2025\/11\/prefeito-otoniel-teixeira-visita-belo-horizonte-para-conhecer-projetos-educacionais-de-referencia-e-.webp","datePublished":"2025-11-20T09:51:00+00:00","author":{"@id":"https:\/\/www.encontrabelohorizonte.com.br\/guia\/#\/schema\/person\/6b792069f07fee9a700a7caa85fb85a9"},"inLanguage":"pt-BR","potentialAction":[{"@type":"ReadAction","target":["https:\/\/www.encontrabelohorizonte.com.br\/guia\/prefeito-otoniel-teixeira-visita-belo-horizonte-para-conhecer-projetos-educacionais-de-referencia-e-fortalecer-acoes-em-barreiras\/"]}]},{"@type":"ImageObject","inLanguage":"pt-BR","@id":"https:\/\/www.encontrabelohorizonte.com.br\/guia\/prefeito-otoniel-teixeira-visita-belo-horizonte-para-conhecer-projetos-educacionais-de-referencia-e-fortalecer-acoes-em-barreiras\/#primaryimage","url":"https:\/\/www.encontrabelohorizonte.com.br\/guia\/wp-content\/uploads\/2025\/11\/prefeito-otoniel-teixeira-visita-belo-horizonte-para-conhecer-projetos-educacionais-de-referencia-e-.webp","contentUrl":"https:\/\/www.encontrabelohorizonte.com.br\/guia\/wp-content\/uploads\/2025\/11\/prefeito-otoniel-teixeira-visita-belo-horizonte-para-conhecer-projetos-educacionais-de-referencia-e-.webp","width":320,"height":280,"caption":"projetos educacionais"},{"@type":"WebSite","@id":"https:\/\/www.encontrabelohorizonte.com.br\/guia\/#website","url":"https:\/\/www.encontrabelohorizonte.com.br\/guia\/","name":"Guia Comercial de Belo Horizonte MG","description":"ENCONTRA BELO HORIZONTE - O guia comercial de neg\u00f3cios e empresas, cultura e divers\u00e3o na cidade de Belo Horizonte. Feito 100% para voc\u00ea morador!","potentialAction":[{"@type":"SearchAction","target":{"@type":"EntryPoint","urlTemplate":"https:\/\/www.encontrabelohorizonte.com.br\/guia\/?s={search_term_string}"},"query-input":{"@type":"PropertyValueSpecification","valueRequired":true,"valueName":"search_term_string"}}],"inLanguage":"pt-BR"},{"@type":"Person","@id":"https:\/\/www.encontrabelohorizonte.com.br\/guia\/#\/schema\/person\/6b792069f07fee9a700a7caa85fb85a9","name":"Encontra Belo Horizonte","image":{"@type":"ImageObject","inLanguage":"pt-BR","@id":"https:\/\/secure.gravatar.com\/avatar\/c50c17820bcf322f0a8fd6b110b8c0918141409dc69076470f6fca5fee70a5d4?s=96&d=mm&r=g","url":"https:\/\/secure.gravatar.com\/avatar\/c50c17820bcf322f0a8fd6b110b8c0918141409dc69076470f6fca5fee70a5d4?s=96&d=mm&r=g","contentUrl":"https:\/\/secure.gravatar.com\/avatar\/c50c17820bcf322f0a8fd6b110b8c0918141409dc69076470f6fca5fee70a5d4?s=96&d=mm&r=g","caption":"Encontra Belo Horizonte"},"url":"https:\/\/www.encontrabelohorizonte.com.br\/guia\/author\/encontrabelohorizonte\/"}]}},"_links":{"self":[{"href":"https:\/\/www.encontrabelohorizonte.com.br\/guia\/wp-json\/wp\/v2\/posts\/14056","targetHints":{"allow":["GET"]}}],"collection":[{"href":"https:\/\/www.encontrabelohorizonte.com.br\/guia\/wp-json\/wp\/v2\/posts"}],"about":[{"href":"https:\/\/www.encontrabelohorizonte.com.br\/guia\/wp-json\/wp\/v2\/types\/post"}],"author":[{"embeddable":true,"href":"https:\/\/www.encontrabelohorizonte.com.br\/guia\/wp-json\/wp\/v2\/users\/1"}],"replies":[{"embeddable":true,"href":"https:\/\/www.encontrabelohorizonte.com.br\/guia\/wp-json\/wp\/v2\/comments?post=14056"}],"version-history":[{"count":0,"href":"https:\/\/www.encontrabelohorizonte.com.br\/guia\/wp-json\/wp\/v2\/posts\/14056\/revisions"}],"wp:featuredmedia":[{"embeddable":true,"href":"https:\/\/www.encontrabelohorizonte.com.br\/guia\/wp-json\/wp\/v2\/media\/14055"}],"wp:attachment":[{"href":"https:\/\/www.encontrabelohorizonte.com.br\/guia\/wp-json\/wp\/v2\/media?parent=14056"}],"wp:term":[{"taxonomy":"category","embeddable":true,"href":"https:\/\/www.encontrabelohorizonte.com.br\/guia\/wp-json\/wp\/v2\/categories?post=14056"},{"taxonomy":"post_tag","embeddable":true,"href":"https:\/\/www.encontrabelohorizonte.com.br\/guia\/wp-json\/wp\/v2\/tags?post=14056"}],"curies":[{"name":"wp","href":"https:\/\/api.w.org\/{rel}","templated":true}]}}