{"id":14062,"date":"2025-11-21T10:31:00","date_gmt":"2025-11-21T13:31:00","guid":{"rendered":"https:\/\/www.encontrabelohorizonte.com.br\/guia\/comercio-bancos-e-coleta-de-lixo-veja-o-que-funciona-em-bh-no-feriado-da-consciencia-negra\/"},"modified":"2025-11-21T10:31:00","modified_gmt":"2025-11-21T13:31:00","slug":"comercio-bancos-e-coleta-de-lixo-veja-o-que-funciona-em-bh-no-feriado-da-consciencia-negra","status":"publish","type":"post","link":"https:\/\/www.encontrabelohorizonte.com.br\/guia\/comercio-bancos-e-coleta-de-lixo-veja-o-que-funciona-em-bh-no-feriado-da-consciencia-negra\/","title":{"rendered":"Com\u00e9rcio, bancos e coleta de lixo: veja o que funciona em BH no feriado da Consci\u00eancia Negra"},"content":{"rendered":"<h2>O que abrir\u00e1 e fechar\u00e1 no feriado<\/h2>\n<p>No feriado da Consci\u00eancia Negra, celebrado em Belo Horizonte, diversos servi\u00e7os ter\u00e3o seu funcionamento alterado. \u00c9 importante que os cidad\u00e3os estejam informados sobre o que estar\u00e1 aberto e o que permanecer\u00e1 fechado durante esse dia, para que possam se organizar da melhor maneira poss\u00edvel.<\/p>\n<p>A coleta de lixo nas resid\u00eancias ser\u00e1 realizada normalmente, garantindo que as ruas da cidade permane\u00e7am limpas. No entanto, a coleta seletiva ficar\u00e1 suspensa, o que significa que os moradores n\u00e3o poder\u00e3o descartar materiais recicl\u00e1veis nesse dia. As Unidades de Recebimento de Pequenos Volumes, que coletam res\u00edduos menores que os tradicionais, funcionar\u00e3o conforme o hor\u00e1rio regular.<\/p>\n<p>Os cemit\u00e9rios, que s\u00e3o locais de visita\u00e7\u00e3o frequente, ter\u00e3o seus hor\u00e1rios ajustados. Os cemit\u00e9rios da Paz, da Consola\u00e7\u00e3o, do Bonfim e outros abrir\u00e3o no hor\u00e1rio das 7h \u00e0s 17h, permitindo que os cidad\u00e3os possam prestar suas homenagens aos entes queridos.<\/p>\n<p><img decoding=\"async\" src=\"https:\/\/www.encontrabelohorizonte.com.br\/guia\/wp-content\/uploads\/2025\/12\/comercio-bancos-e-coleta-de-lixo-veja-o-que-funciona-em-bh-no-feriado-da-consciencia-negra.webp\" alt=\"com\u00e9rcio, bancos e coleta de lixo em BH no feriado da Consci\u00eancia Negra\" loading=\"lazy\" \/><\/p>\n<p>Al\u00e9m disso, alguns parques e \u00e1reas de lazer estar\u00e3o fechados nesse feriado, como os parques Alexander Brandt e Ecol\u00f3gico e Cultural Jardim das Nascentes. Por outro lado, espa\u00e7os como o Zool\u00f3gico e o Jardim Bot\u00e2nico de Belo Horizonte estar\u00e3o abertos, oferecendo um \u00f3timo local para quem busca lazer e contato com a natureza durante o feriado.<\/p>\n<h2>Hor\u00e1rios do transporte p\u00fablico<\/h2>\n<p>A movimenta\u00e7\u00e3o na cidade tamb\u00e9m envolve o transporte p\u00fablico, que ser\u00e1 uma preocupa\u00e7\u00e3o para muitos cidad\u00e3os. No feriado, os \u00f4nibus circular\u00e3o em hor\u00e1rios especiais, de acordo com a programa\u00e7\u00e3o de feriados. Isso significa que os usu\u00e1rios devem se preparar para eventuais esperas e ajustes em seus hor\u00e1rios de deslocamento.<\/p>\n<p>Na sexta-feira, seguinte ao feriado, o transporte operar\u00e1 em um esquema de dia \u00fatil at\u00edpico, e no final de semana, os \u00f4nibus voltar\u00e3o a funcionar com os hor\u00e1rios tradicionais comuns aos s\u00e1bados e domingos. \u00c9 sempre bom checar a programa\u00e7\u00e3o antes de sair, para evitar transtornos. Aplicativos e sites de transporte p\u00fablico podem ser \u00fateis para conferir os hor\u00e1rios em tempo real.<\/p>\n<h2>Coleta de lixo: o que esperar<\/h2>\n<p>A coleta de lixo, um servi\u00e7o essencial para a manuten\u00e7\u00e3o da limpeza p\u00fablica, funcionar\u00e1 normalmente durante o feriado. Para a popula\u00e7\u00e3o, isso significa que o lixo domiciliar ser\u00e1 retirado, contribuindo para um ambiente mais limpo e saud\u00e1vel. Contudo, \u00e9 importante que os cidad\u00e3os estejam cientes de que a coleta seletiva estar\u00e1 suspensa neste dia.<\/p>\n<p>A suspens\u00e3o da coleta seletiva pode impactar a disposi\u00e7\u00e3o de materiais recicl\u00e1veis, trazendo a necessidade de armazenamento tempor\u00e1rio para aqueles que adotam a pr\u00e1tica de separa\u00e7\u00e3o de res\u00edduos. Relembrar \u00e0 popula\u00e7\u00e3o sobre a import\u00e2ncia da coleta seletiva nos dias em que ela \u00e9 efetivada pode incentivar um comportamento mais consciente.<\/p>\n<h2>Funcionamento dos bancos<\/h2>\n<p>Os bancos tamb\u00e9m ter\u00e3o seu funcionamento afetado pelo feriado da Consci\u00eancia Negra. Na maioria dos casos, as institui\u00e7\u00f5es banc\u00e1rias estar\u00e3o fechadas, o que pode trazer dificuldades para quem precisa efetuar algum tipo de transa\u00e7\u00e3o. Por isso, \u00e9 essencial que os consumidores antecipem suas necessidades financeiras e realizem opera\u00e7\u00f5es anteriores ao dia do feriado.<\/p>\n<p>Caixas eletr\u00f4nicos podem ser uma alternativa vi\u00e1vel para alguns servi\u00e7os b\u00e1sicos, como saques e consultas de saldo. No entanto, deve-se atentar para a limita\u00e7\u00e3o de certos servi\u00e7os que requerem atendimento humano, como abertura de contas e solicita\u00e7\u00f5es de cr\u00e9dito.<\/p>\n<h2>Como fica o com\u00e9rcio em BH<\/h2>\n<p>O com\u00e9rcio em Belo Horizonte tamb\u00e9m estar\u00e1 ajustado para o feriado da Consci\u00eancia Negra. Embora as lojas de rua estejam autorizadas a funcionar, muitos estabelecimentos optam por fechar ou ter hor\u00e1rios reduzidos, dependendo de sua pol\u00edtica interna. Portanto, \u00e9 aconselh\u00e1vel que os consumidores verifiquem previamente se a loja que pretendem visitar estar\u00e1 aberta.<\/p>\n<p>Os shoppings centers, por outro lado, tendem a operar em hor\u00e1rios especiais. A programa\u00e7\u00e3o geralmente envolve abertura das 14h \u00e0s 20h, por\u00e9m as op\u00e7\u00f5es variam entre os diferentes shopping, sendo que alguns podem abrir mais cedo ou fechar mais tarde. Essa informa\u00e7\u00e3o \u00e9 fundamental para quem pretende aproveitar o feriado realizando compras ou apenas passeando.<\/p>\n<h2>Restaurantes populares e hor\u00e1rio de funcionamento<\/h2>\n<p>Os restaurantes populares, sempre uma op\u00e7\u00e3o para aqueles que desejam um bom almo\u00e7o a um pre\u00e7o acess\u00edvel, funcionar\u00e3o de maneira adaptada nesse feriado. A oferta de almo\u00e7o ser\u00e1 exclusivamente destinada \u00e0 popula\u00e7\u00e3o de rua, um gesto que demonstra a solidariedade da cidade em rela\u00e7\u00e3o a aqueles que mais precisam.<\/p>\n<p>No dia seguinte ao feriado, os restaurantes voltar\u00e3o a atender toda a popula\u00e7\u00e3o, restituindo a normalidade nos servi\u00e7os. Essa pausa e o retorno ao funcionamento garantem que o atendimento adequado a diferentes necessidades dos cidad\u00e3os seja mantido ao longo dos dias.<\/p>\n<h2>Parques e lazer na cidade<\/h2>\n<p>Os espa\u00e7os p\u00fablicos na cidade de Belo Horizonte s\u00e3o essenciais para o lazer e a intera\u00e7\u00e3o social entre os cidad\u00e3os. Como mencionado anteriormente, alguns parques ficar\u00e3o fechados durante o feriado da Consci\u00eancia Negra, mas espa\u00e7os como o Zool\u00f3gico e o Jardim Bot\u00e2nico estar\u00e3o dispon\u00edveis, permitindo que as fam\u00edlias e amantes da natureza usufruam dessas \u00e1reas.<\/p>\n<p>A abertura desses parques oferece uma oportunidade de descontra\u00e7\u00e3o e escapat\u00f3ria ao ritmo agitado da cidade. As fam\u00edlias podem planejar passeios ao ar livre, aproveitando a natureza, e as crian\u00e7as podem interagir com os espa\u00e7os e atrativos oferecidos nas \u00e1reas p\u00fablicas.<\/p>\n<h2>Trabalho nas Unidades de Pronto Atendimento<\/h2>\n<p>A sa\u00fade \u00e9 sempre uma prioridade, e durante o feriado n\u00e3o ser\u00e1 diferente. As Unidades de Pronto Atendimento (UPAs) e outros servi\u00e7os de sa\u00fade essenciais, como o Hospital de Lombarenses e as equipes do Samu, estar\u00e3o em funcionamento 24 horas. Isso garante que a popula\u00e7\u00e3o possa receber atendimento m\u00e9dico sempre que necess\u00e1rio, independentemente do dia ou hor\u00e1rio.<\/p>\n<p>Os centros de sa\u00fade, no entanto, n\u00e3o funcionar\u00e3o no feriado, reabrindo sua rotina normal na sexta-feira. Essa diferencia\u00e7\u00e3o \u00e9 v\u00e1lida para que priorizem o atendimento emergencial e situa\u00e7\u00f5es de maior urg\u00eancia no dia do feriado, onde a demanda pode aumentar.<\/p>\n<h2>Fechamento dos cemit\u00e9rios<\/h2>\n<p>Os cemit\u00e9rios da cidade estar\u00e3o abertos durante o feriado, funcionando das 7h \u00e0s 17h. Essa abertura \u00e9 fundamental para permitir que as pessoas possam visitar, prestar homenagens e realizar sepultamentos. \u00c9 um momento de reflex\u00e3o e mem\u00f3ria para muitos que perderam entes queridos, e \u00e9 importante que este espa\u00e7o esteja dispon\u00edvel.<\/p>\n<p>O fechamento dos cemit\u00e9rios em determinados hor\u00e1rios poderia limitar a possibilidade das pessoas expressarem seus sentimentos. A abertura peri\u00f3dica mostra a sensibilidade em manter os espa\u00e7os dispon\u00edveis para essa situa\u00e7\u00e3o de luto e memorial.<\/p>\n<h2>Dicas para aproveitar o feriado em BH<\/h2>\n<p>Para aqueles que puderem desfrutar do feriado da Consci\u00eancia Negra, algumas dicas podem ajudar a tornar o dia especial. Planeje visitar os parques abertos, fazendo um piquenique ou uma caminhada em meio \u00e0 natureza. Aproveitar o Zool\u00f3gico e o Jardim Bot\u00e2nico s\u00e3o experi\u00eancias educativas e divertidas.<\/p>\n<p>Se o plano \u00e9 passear pela cidade visitar museus ou exposi\u00e7\u00f5es, consulte as op\u00e7\u00f5es que estar\u00e3o dispon\u00edveis. Muitos museus oferecem hor\u00e1rios especiais e programa\u00e7\u00e3o tem\u00e1tica em datas festivas. Al\u00e9m disso, considere fazer uma refei\u00e7\u00e3o em um restaurante que voc\u00ea sempre desejou experimentar, j\u00e1 que muitos estabelecimentos costumam ter promo\u00e7\u00f5es especiais em feriados.<\/p>\n<p>Lembre-se tamb\u00e9m de fazer uso do transporte p\u00fablico com responsabilidade e seguran\u00e7a, planejando suas rotas com anteced\u00eancia e evitando os hor\u00e1rios de pico. Ter um dia bem planejado permitir\u00e1 que voc\u00ea aproveite ao m\u00e1ximo tudo o que o feriado pode proporcionar.<\/p>\n","protected":false},"excerpt":{"rendered":"<p>Descubra como funciona o com\u00e9rcio, bancos e coleta de lixo em BH durante o feriado da Consci\u00eancia Negra.<\/p>\n","protected":false},"author":1,"featured_media":14061,"comment_status":"open","ping_status":"open","sticky":false,"template":"","format":"standard","meta":{"footnotes":""},"categories":[5],"tags":[],"class_list":["post-14062","post","type-post","status-publish","format-standard","has-post-thumbnail","hentry","category-noticias","has_thumb"],"yoast_head":"<!-- This site is optimized with the Yoast SEO plugin v28.2 - https:\/\/yoast.com\/product\/yoast-seo-wordpress\/ -->\n<title>Com\u00e9rcio, bancos e coleta de lixo: veja o que funciona em BH no feriado da Consci\u00eancia Negra | Guia Comercial de Belo Horizonte MG<\/title>\n<meta name=\"robots\" content=\"index, follow, max-snippet:-1, max-image-preview:large, max-video-preview:-1\" \/>\n<link rel=\"canonical\" href=\"https:\/\/www.encontrabelohorizonte.com.br\/guia\/comercio-bancos-e-coleta-de-lixo-veja-o-que-funciona-em-bh-no-feriado-da-consciencia-negra\/\" \/>\n<meta property=\"og:locale\" content=\"pt_BR\" \/>\n<meta property=\"og:type\" content=\"article\" \/>\n<meta property=\"og:title\" content=\"Com\u00e9rcio, bancos e coleta de lixo: veja o que funciona em BH no feriado da Consci\u00eancia Negra | Guia Comercial de Belo Horizonte MG\" \/>\n<meta property=\"og:description\" content=\"Descubra como funciona o com\u00e9rcio, bancos e coleta de lixo em BH durante o feriado da Consci\u00eancia Negra.\" \/>\n<meta property=\"og:url\" content=\"https:\/\/www.encontrabelohorizonte.com.br\/guia\/comercio-bancos-e-coleta-de-lixo-veja-o-que-funciona-em-bh-no-feriado-da-consciencia-negra\/\" \/>\n<meta property=\"og:site_name\" content=\"Guia Comercial de Belo Horizonte MG\" \/>\n<meta property=\"article:published_time\" content=\"2025-11-21T13:31:00+00:00\" \/>\n<meta property=\"og:image\" content=\"https:\/\/www.encontrabelohorizonte.com.br\/guia\/wp-content\/uploads\/2025\/12\/comercio-bancos-e-coleta-de-lixo-veja-o-que-funciona-em-bh-no-feriado-da-consciencia-negra.webp\" \/>\n\t<meta property=\"og:image:width\" content=\"320\" \/>\n\t<meta property=\"og:image:height\" content=\"280\" \/>\n\t<meta property=\"og:image:type\" content=\"image\/webp\" \/>\n<meta name=\"author\" content=\"Encontra Belo Horizonte\" \/>\n<meta name=\"twitter:card\" content=\"summary_large_image\" \/>\n<meta name=\"twitter:label1\" content=\"Escrito por\" \/>\n\t<meta name=\"twitter:data1\" content=\"Encontra Belo Horizonte\" \/>\n\t<meta name=\"twitter:label2\" content=\"Est. tempo de leitura\" \/>\n\t<meta name=\"twitter:data2\" content=\"7 minutos\" \/>\n<script type=\"application\/ld+json\" class=\"yoast-schema-graph\">{\"@context\":\"https:\\\/\\\/schema.org\",\"@graph\":[{\"@type\":\"Article\",\"@id\":\"https:\\\/\\\/www.encontrabelohorizonte.com.br\\\/guia\\\/comercio-bancos-e-coleta-de-lixo-veja-o-que-funciona-em-bh-no-feriado-da-consciencia-negra\\\/#article\",\"isPartOf\":{\"@id\":\"https:\\\/\\\/www.encontrabelohorizonte.com.br\\\/guia\\\/comercio-bancos-e-coleta-de-lixo-veja-o-que-funciona-em-bh-no-feriado-da-consciencia-negra\\\/\"},\"author\":{\"name\":\"Encontra Belo Horizonte\",\"@id\":\"https:\\\/\\\/www.encontrabelohorizonte.com.br\\\/guia\\\/#\\\/schema\\\/person\\\/6b792069f07fee9a700a7caa85fb85a9\"},\"headline\":\"Com\u00e9rcio, bancos e coleta de lixo: veja o que funciona em BH no feriado da Consci\u00eancia Negra\",\"datePublished\":\"2025-11-21T13:31:00+00:00\",\"mainEntityOfPage\":{\"@id\":\"https:\\\/\\\/www.encontrabelohorizonte.com.br\\\/guia\\\/comercio-bancos-e-coleta-de-lixo-veja-o-que-funciona-em-bh-no-feriado-da-consciencia-negra\\\/\"},\"wordCount\":1347,\"commentCount\":0,\"image\":{\"@id\":\"https:\\\/\\\/www.encontrabelohorizonte.com.br\\\/guia\\\/comercio-bancos-e-coleta-de-lixo-veja-o-que-funciona-em-bh-no-feriado-da-consciencia-negra\\\/#primaryimage\"},\"thumbnailUrl\":\"https:\\\/\\\/www.encontrabelohorizonte.com.br\\\/guia\\\/wp-content\\\/uploads\\\/2025\\\/12\\\/comercio-bancos-e-coleta-de-lixo-veja-o-que-funciona-em-bh-no-feriado-da-consciencia-negra.webp\",\"articleSection\":[\"Not\u00edcias Belo Horizonte\"],\"inLanguage\":\"pt-BR\",\"potentialAction\":[{\"@type\":\"CommentAction\",\"name\":\"Comment\",\"target\":[\"https:\\\/\\\/www.encontrabelohorizonte.com.br\\\/guia\\\/comercio-bancos-e-coleta-de-lixo-veja-o-que-funciona-em-bh-no-feriado-da-consciencia-negra\\\/#respond\"]}]},{\"@type\":\"WebPage\",\"@id\":\"https:\\\/\\\/www.encontrabelohorizonte.com.br\\\/guia\\\/comercio-bancos-e-coleta-de-lixo-veja-o-que-funciona-em-bh-no-feriado-da-consciencia-negra\\\/\",\"url\":\"https:\\\/\\\/www.encontrabelohorizonte.com.br\\\/guia\\\/comercio-bancos-e-coleta-de-lixo-veja-o-que-funciona-em-bh-no-feriado-da-consciencia-negra\\\/\",\"name\":\"Com\u00e9rcio, bancos e coleta de lixo: veja o que funciona em BH no feriado da Consci\u00eancia Negra | Guia Comercial de Belo Horizonte MG\",\"isPartOf\":{\"@id\":\"https:\\\/\\\/www.encontrabelohorizonte.com.br\\\/guia\\\/#website\"},\"primaryImageOfPage\":{\"@id\":\"https:\\\/\\\/www.encontrabelohorizonte.com.br\\\/guia\\\/comercio-bancos-e-coleta-de-lixo-veja-o-que-funciona-em-bh-no-feriado-da-consciencia-negra\\\/#primaryimage\"},\"image\":{\"@id\":\"https:\\\/\\\/www.encontrabelohorizonte.com.br\\\/guia\\\/comercio-bancos-e-coleta-de-lixo-veja-o-que-funciona-em-bh-no-feriado-da-consciencia-negra\\\/#primaryimage\"},\"thumbnailUrl\":\"https:\\\/\\\/www.encontrabelohorizonte.com.br\\\/guia\\\/wp-content\\\/uploads\\\/2025\\\/12\\\/comercio-bancos-e-coleta-de-lixo-veja-o-que-funciona-em-bh-no-feriado-da-consciencia-negra.webp\",\"datePublished\":\"2025-11-21T13:31:00+00:00\",\"author\":{\"@id\":\"https:\\\/\\\/www.encontrabelohorizonte.com.br\\\/guia\\\/#\\\/schema\\\/person\\\/6b792069f07fee9a700a7caa85fb85a9\"},\"inLanguage\":\"pt-BR\",\"potentialAction\":[{\"@type\":\"ReadAction\",\"target\":[\"https:\\\/\\\/www.encontrabelohorizonte.com.br\\\/guia\\\/comercio-bancos-e-coleta-de-lixo-veja-o-que-funciona-em-bh-no-feriado-da-consciencia-negra\\\/\"]}]},{\"@type\":\"ImageObject\",\"inLanguage\":\"pt-BR\",\"@id\":\"https:\\\/\\\/www.encontrabelohorizonte.com.br\\\/guia\\\/comercio-bancos-e-coleta-de-lixo-veja-o-que-funciona-em-bh-no-feriado-da-consciencia-negra\\\/#primaryimage\",\"url\":\"https:\\\/\\\/www.encontrabelohorizonte.com.br\\\/guia\\\/wp-content\\\/uploads\\\/2025\\\/12\\\/comercio-bancos-e-coleta-de-lixo-veja-o-que-funciona-em-bh-no-feriado-da-consciencia-negra.webp\",\"contentUrl\":\"https:\\\/\\\/www.encontrabelohorizonte.com.br\\\/guia\\\/wp-content\\\/uploads\\\/2025\\\/12\\\/comercio-bancos-e-coleta-de-lixo-veja-o-que-funciona-em-bh-no-feriado-da-consciencia-negra.webp\",\"width\":320,\"height\":280,\"caption\":\"com\u00e9rcio, bancos e coleta de lixo em BH no feriado da Consci\u00eancia Negra\"},{\"@type\":\"WebSite\",\"@id\":\"https:\\\/\\\/www.encontrabelohorizonte.com.br\\\/guia\\\/#website\",\"url\":\"https:\\\/\\\/www.encontrabelohorizonte.com.br\\\/guia\\\/\",\"name\":\"Guia Comercial de Belo Horizonte MG\",\"description\":\"ENCONTRA BELO HORIZONTE - O guia comercial de neg\u00f3cios e empresas, cultura e divers\u00e3o na cidade de Belo Horizonte. Feito 100% para voc\u00ea morador!\",\"potentialAction\":[{\"@type\":\"SearchAction\",\"target\":{\"@type\":\"EntryPoint\",\"urlTemplate\":\"https:\\\/\\\/www.encontrabelohorizonte.com.br\\\/guia\\\/?s={search_term_string}\"},\"query-input\":{\"@type\":\"PropertyValueSpecification\",\"valueRequired\":true,\"valueName\":\"search_term_string\"}}],\"inLanguage\":\"pt-BR\"},{\"@type\":\"Person\",\"@id\":\"https:\\\/\\\/www.encontrabelohorizonte.com.br\\\/guia\\\/#\\\/schema\\\/person\\\/6b792069f07fee9a700a7caa85fb85a9\",\"name\":\"Encontra Belo Horizonte\",\"image\":{\"@type\":\"ImageObject\",\"inLanguage\":\"pt-BR\",\"@id\":\"https:\\\/\\\/secure.gravatar.com\\\/avatar\\\/c50c17820bcf322f0a8fd6b110b8c0918141409dc69076470f6fca5fee70a5d4?s=96&d=mm&r=g\",\"url\":\"https:\\\/\\\/secure.gravatar.com\\\/avatar\\\/c50c17820bcf322f0a8fd6b110b8c0918141409dc69076470f6fca5fee70a5d4?s=96&d=mm&r=g\",\"contentUrl\":\"https:\\\/\\\/secure.gravatar.com\\\/avatar\\\/c50c17820bcf322f0a8fd6b110b8c0918141409dc69076470f6fca5fee70a5d4?s=96&d=mm&r=g\",\"caption\":\"Encontra Belo Horizonte\"},\"url\":\"https:\\\/\\\/www.encontrabelohorizonte.com.br\\\/guia\\\/author\\\/encontrabelohorizonte\\\/\"}]}<\/script>\n<!-- \/ Yoast SEO plugin. -->","yoast_head_json":{"title":"Com\u00e9rcio, bancos e coleta de lixo: veja o que funciona em BH no feriado da Consci\u00eancia Negra | Guia Comercial de Belo Horizonte MG","robots":{"index":"index","follow":"follow","max-snippet":"max-snippet:-1","max-image-preview":"max-image-preview:large","max-video-preview":"max-video-preview:-1"},"canonical":"https:\/\/www.encontrabelohorizonte.com.br\/guia\/comercio-bancos-e-coleta-de-lixo-veja-o-que-funciona-em-bh-no-feriado-da-consciencia-negra\/","og_locale":"pt_BR","og_type":"article","og_title":"Com\u00e9rcio, bancos e coleta de lixo: veja o que funciona em BH no feriado da Consci\u00eancia Negra | Guia Comercial de Belo Horizonte MG","og_description":"Descubra como funciona o com\u00e9rcio, bancos e coleta de lixo em BH durante o feriado da Consci\u00eancia Negra.","og_url":"https:\/\/www.encontrabelohorizonte.com.br\/guia\/comercio-bancos-e-coleta-de-lixo-veja-o-que-funciona-em-bh-no-feriado-da-consciencia-negra\/","og_site_name":"Guia Comercial de Belo Horizonte MG","article_published_time":"2025-11-21T13:31:00+00:00","og_image":[{"width":320,"height":280,"url":"https:\/\/www.encontrabelohorizonte.com.br\/guia\/wp-content\/uploads\/2025\/12\/comercio-bancos-e-coleta-de-lixo-veja-o-que-funciona-em-bh-no-feriado-da-consciencia-negra.webp","type":"image\/webp"}],"author":"Encontra Belo Horizonte","twitter_card":"summary_large_image","twitter_misc":{"Escrito por":"Encontra Belo Horizonte","Est. tempo de leitura":"7 minutos"},"schema":{"@context":"https:\/\/schema.org","@graph":[{"@type":"Article","@id":"https:\/\/www.encontrabelohorizonte.com.br\/guia\/comercio-bancos-e-coleta-de-lixo-veja-o-que-funciona-em-bh-no-feriado-da-consciencia-negra\/#article","isPartOf":{"@id":"https:\/\/www.encontrabelohorizonte.com.br\/guia\/comercio-bancos-e-coleta-de-lixo-veja-o-que-funciona-em-bh-no-feriado-da-consciencia-negra\/"},"author":{"name":"Encontra Belo Horizonte","@id":"https:\/\/www.encontrabelohorizonte.com.br\/guia\/#\/schema\/person\/6b792069f07fee9a700a7caa85fb85a9"},"headline":"Com\u00e9rcio, bancos e coleta de lixo: veja o que funciona em BH no feriado da Consci\u00eancia Negra","datePublished":"2025-11-21T13:31:00+00:00","mainEntityOfPage":{"@id":"https:\/\/www.encontrabelohorizonte.com.br\/guia\/comercio-bancos-e-coleta-de-lixo-veja-o-que-funciona-em-bh-no-feriado-da-consciencia-negra\/"},"wordCount":1347,"commentCount":0,"image":{"@id":"https:\/\/www.encontrabelohorizonte.com.br\/guia\/comercio-bancos-e-coleta-de-lixo-veja-o-que-funciona-em-bh-no-feriado-da-consciencia-negra\/#primaryimage"},"thumbnailUrl":"https:\/\/www.encontrabelohorizonte.com.br\/guia\/wp-content\/uploads\/2025\/12\/comercio-bancos-e-coleta-de-lixo-veja-o-que-funciona-em-bh-no-feriado-da-consciencia-negra.webp","articleSection":["Not\u00edcias Belo Horizonte"],"inLanguage":"pt-BR","potentialAction":[{"@type":"CommentAction","name":"Comment","target":["https:\/\/www.encontrabelohorizonte.com.br\/guia\/comercio-bancos-e-coleta-de-lixo-veja-o-que-funciona-em-bh-no-feriado-da-consciencia-negra\/#respond"]}]},{"@type":"WebPage","@id":"https:\/\/www.encontrabelohorizonte.com.br\/guia\/comercio-bancos-e-coleta-de-lixo-veja-o-que-funciona-em-bh-no-feriado-da-consciencia-negra\/","url":"https:\/\/www.encontrabelohorizonte.com.br\/guia\/comercio-bancos-e-coleta-de-lixo-veja-o-que-funciona-em-bh-no-feriado-da-consciencia-negra\/","name":"Com\u00e9rcio, bancos e coleta de lixo: veja o que funciona em BH no feriado da Consci\u00eancia Negra | Guia Comercial de Belo Horizonte MG","isPartOf":{"@id":"https:\/\/www.encontrabelohorizonte.com.br\/guia\/#website"},"primaryImageOfPage":{"@id":"https:\/\/www.encontrabelohorizonte.com.br\/guia\/comercio-bancos-e-coleta-de-lixo-veja-o-que-funciona-em-bh-no-feriado-da-consciencia-negra\/#primaryimage"},"image":{"@id":"https:\/\/www.encontrabelohorizonte.com.br\/guia\/comercio-bancos-e-coleta-de-lixo-veja-o-que-funciona-em-bh-no-feriado-da-consciencia-negra\/#primaryimage"},"thumbnailUrl":"https:\/\/www.encontrabelohorizonte.com.br\/guia\/wp-content\/uploads\/2025\/12\/comercio-bancos-e-coleta-de-lixo-veja-o-que-funciona-em-bh-no-feriado-da-consciencia-negra.webp","datePublished":"2025-11-21T13:31:00+00:00","author":{"@id":"https:\/\/www.encontrabelohorizonte.com.br\/guia\/#\/schema\/person\/6b792069f07fee9a700a7caa85fb85a9"},"inLanguage":"pt-BR","potentialAction":[{"@type":"ReadAction","target":["https:\/\/www.encontrabelohorizonte.com.br\/guia\/comercio-bancos-e-coleta-de-lixo-veja-o-que-funciona-em-bh-no-feriado-da-consciencia-negra\/"]}]},{"@type":"ImageObject","inLanguage":"pt-BR","@id":"https:\/\/www.encontrabelohorizonte.com.br\/guia\/comercio-bancos-e-coleta-de-lixo-veja-o-que-funciona-em-bh-no-feriado-da-consciencia-negra\/#primaryimage","url":"https:\/\/www.encontrabelohorizonte.com.br\/guia\/wp-content\/uploads\/2025\/12\/comercio-bancos-e-coleta-de-lixo-veja-o-que-funciona-em-bh-no-feriado-da-consciencia-negra.webp","contentUrl":"https:\/\/www.encontrabelohorizonte.com.br\/guia\/wp-content\/uploads\/2025\/12\/comercio-bancos-e-coleta-de-lixo-veja-o-que-funciona-em-bh-no-feriado-da-consciencia-negra.webp","width":320,"height":280,"caption":"com\u00e9rcio, bancos e coleta de lixo em BH no feriado da Consci\u00eancia Negra"},{"@type":"WebSite","@id":"https:\/\/www.encontrabelohorizonte.com.br\/guia\/#website","url":"https:\/\/www.encontrabelohorizonte.com.br\/guia\/","name":"Guia Comercial de Belo Horizonte MG","description":"ENCONTRA BELO HORIZONTE - O guia comercial de neg\u00f3cios e empresas, cultura e divers\u00e3o na cidade de Belo Horizonte. Feito 100% para voc\u00ea morador!","potentialAction":[{"@type":"SearchAction","target":{"@type":"EntryPoint","urlTemplate":"https:\/\/www.encontrabelohorizonte.com.br\/guia\/?s={search_term_string}"},"query-input":{"@type":"PropertyValueSpecification","valueRequired":true,"valueName":"search_term_string"}}],"inLanguage":"pt-BR"},{"@type":"Person","@id":"https:\/\/www.encontrabelohorizonte.com.br\/guia\/#\/schema\/person\/6b792069f07fee9a700a7caa85fb85a9","name":"Encontra Belo Horizonte","image":{"@type":"ImageObject","inLanguage":"pt-BR","@id":"https:\/\/secure.gravatar.com\/avatar\/c50c17820bcf322f0a8fd6b110b8c0918141409dc69076470f6fca5fee70a5d4?s=96&d=mm&r=g","url":"https:\/\/secure.gravatar.com\/avatar\/c50c17820bcf322f0a8fd6b110b8c0918141409dc69076470f6fca5fee70a5d4?s=96&d=mm&r=g","contentUrl":"https:\/\/secure.gravatar.com\/avatar\/c50c17820bcf322f0a8fd6b110b8c0918141409dc69076470f6fca5fee70a5d4?s=96&d=mm&r=g","caption":"Encontra Belo Horizonte"},"url":"https:\/\/www.encontrabelohorizonte.com.br\/guia\/author\/encontrabelohorizonte\/"}]}},"_links":{"self":[{"href":"https:\/\/www.encontrabelohorizonte.com.br\/guia\/wp-json\/wp\/v2\/posts\/14062","targetHints":{"allow":["GET"]}}],"collection":[{"href":"https:\/\/www.encontrabelohorizonte.com.br\/guia\/wp-json\/wp\/v2\/posts"}],"about":[{"href":"https:\/\/www.encontrabelohorizonte.com.br\/guia\/wp-json\/wp\/v2\/types\/post"}],"author":[{"embeddable":true,"href":"https:\/\/www.encontrabelohorizonte.com.br\/guia\/wp-json\/wp\/v2\/users\/1"}],"replies":[{"embeddable":true,"href":"https:\/\/www.encontrabelohorizonte.com.br\/guia\/wp-json\/wp\/v2\/comments?post=14062"}],"version-history":[{"count":0,"href":"https:\/\/www.encontrabelohorizonte.com.br\/guia\/wp-json\/wp\/v2\/posts\/14062\/revisions"}],"wp:featuredmedia":[{"embeddable":true,"href":"https:\/\/www.encontrabelohorizonte.com.br\/guia\/wp-json\/wp\/v2\/media\/14061"}],"wp:attachment":[{"href":"https:\/\/www.encontrabelohorizonte.com.br\/guia\/wp-json\/wp\/v2\/media?parent=14062"}],"wp:term":[{"taxonomy":"category","embeddable":true,"href":"https:\/\/www.encontrabelohorizonte.com.br\/guia\/wp-json\/wp\/v2\/categories?post=14062"},{"taxonomy":"post_tag","embeddable":true,"href":"https:\/\/www.encontrabelohorizonte.com.br\/guia\/wp-json\/wp\/v2\/tags?post=14062"}],"curies":[{"name":"wp","href":"https:\/\/api.w.org\/{rel}","templated":true}]}}