{"id":14139,"date":"2026-01-12T04:38:50","date_gmt":"2026-01-12T07:38:50","guid":{"rendered":"https:\/\/www.encontrabelohorizonte.com.br\/guia\/feriados-em-minas-gerais-e-belo-horizonte-calendario-2026\/"},"modified":"2026-01-12T04:38:50","modified_gmt":"2026-01-12T07:38:50","slug":"feriados-em-minas-gerais-e-belo-horizonte-calendario-2026","status":"publish","type":"post","link":"https:\/\/www.encontrabelohorizonte.com.br\/guia\/feriados-em-minas-gerais-e-belo-horizonte-calendario-2026\/","title":{"rendered":"Feriados em Minas Gerais e Belo Horizonte: calend\u00e1rio 2026"},"content":{"rendered":"<h2>Quais os principais feriados e pontos facultativos em Minas Gerais?<\/h2>\n<p>Os moradores de Minas Gerais est\u00e3o acostumados a celebrar uma s\u00e9rie de feriados e pontos facultativos que marcam a cultura e a hist\u00f3ria do estado. Este calend\u00e1rio de feriados \u00e9 composto por datas nacionais, estaduais e municipais, que s\u00e3o essenciais para programar viagens, eventos e at\u00e9 mesmo para o planejamento financeiro dos cidad\u00e3os. Entre os feriados, destacam-se as celebra\u00e7\u00f5es religiosas, como a P\u00e1scoa e o Natal, al\u00e9m de datas c\u00edvicas como o Dia da Independ\u00eancia.<\/p>\n<p>Fica claro que, ao planejar um ano com esses feriados definidos, criar uma agenda pessoal e profissional se torna mais f\u00e1cil. Os pontos facultativos, por sua vez, oferecem uma margem de flexibilidade para que as pessoas possam organizar viagens ou momentos de lazer, principalmente nas festividades como o Carnaval.<\/p>\n<h2>Feriados e pontos facultativos em janeiro<\/h2>\n<p>O primeiro m\u00eas do ano j\u00e1 come\u00e7a com um feriado importante celebrado por todo o Brasil: <strong>1\u00ba de janeiro<\/strong>, conhecido como Confraterniza\u00e7\u00e3o Universal. Este feriado \u00e9 uma tradi\u00e7\u00e3o que re\u00fane amigos e familiares em celebra\u00e7\u00f5es de ano novo, sendo um \u00f3timo momento para reflex\u00f5es e renova\u00e7\u00e3o de esperan\u00e7as.<\/p>\n<p><img decoding=\"async\" src=\"https:\/\/www.encontrabelohorizonte.com.br\/guia\/wp-content\/uploads\/2026\/01\/feriados-em-minas-gerais-e-belo-horizonte-calendario-2026.webp\" alt=\"feriados em Minas Gerais e Belo Horizonte\" loading=\"lazy\" \/><\/p>\n<p>Em 2026, o <strong>1\u00ba de janeiro<\/strong> ser\u00e1 uma <strong>quinta-feira<\/strong>, permitindo que muitas pessoas aproveitem um final de semana prolongado, al\u00e9m de ser uma excelente oportunidade para viagens de in\u00edcio de ano. O planejamento dessa \u00e9poca pode incluir desde a escolha de um destino tur\u00edstico at\u00e9 a programa\u00e7\u00e3o de atividades em casa.<\/p>\n<h2>Feriados e pontos facultativos em fevereiro<\/h2>\n<p>Chegando em fevereiro, os mineiros se preparam para o t\u00e3o aguardado <strong>Carnaval<\/strong>. Embora a data exata varie devido \u00e0 sua liga\u00e7\u00e3o com o calend\u00e1rio religioso, em 2026, os dias de carnaval caem nos dias <strong>16 e 17 de fevereiro<\/strong> (segunda e ter\u00e7a-feira). Al\u00e9m disso, a <strong>Quarta-feira de Cinzas<\/strong> (18 de fevereiro) \u00e9 considerada um ponto facultativo, com expediente reduzido at\u00e9 \u00e0s 14h.<\/p>\n<p>Este feriado \u00e9 ic\u00f4nico para a cidade e para o estado, visto que muitos optam por viajar para as festas e desfiles de rua, que re\u00fanem multid\u00f5es em uma celebra\u00e7\u00e3o vibrante de m\u00fasica, dan\u00e7a e cultura. Os cidad\u00e3os que n\u00e3o pretendem viajar podem aproveitar os diversos blocos de rua que acontecem nas cidades mineiras, cada um com sua particularidade e p\u00fablico-alvo.<\/p>\n<h2>Feriados e pontos facultativos em abril<\/h2>\n<p>O m\u00eas de abril \u00e9 marcado por duas datas significativas: a <strong>Sexta-feira da Paix\u00e3o<\/strong>, que em 2026 ser\u00e1 comemorada no dia <strong>3 de abril<\/strong>, e o feriado de <strong>Tiradentes<\/strong>, que ocorre no dia <strong>21 de abril<\/strong>.<\/p>\n<p>A Sexta-feira da Paix\u00e3o \u00e9 um feriado nacional que remete \u00e0 hist\u00f3ria da crucifica\u00e7\u00e3o de Jesus Cristo, levando muitos a refletirem sobre f\u00e9 e espiritualidade nesse dia. J\u00e1 o feriado de Tiradentes \u00e9 uma celebra\u00e7\u00e3o c\u00edvica que homenageia Joaquim Jos\u00e9 da Silva Xavier, figura emblem\u00e1tica da Inconfid\u00eancia Mineira, representando a luta pela liberdade do Brasil colonial. Este acontece em um <strong>ter\u00e7a-feira<\/strong>, sendo uma oportunidade perfeita para uma viagem prolongada.<\/p>\n<h2>Feriados e pontos facultativos em maio<\/h2>\n<p>Maio inicia com um forte apelo ao trabalho e aos direitos dos trabalhadores, com o <strong>dia 1\u00ba de maio<\/strong>, que \u00e9 o Dia do Trabalhador. Esse \u00e9 um feriado nacional que promove reflex\u00f5es sobre as conquistas sociais e trabalhistas ao longo dos anos. Em 2026, o dia cair\u00e1 em uma <strong>sexta-feira<\/strong>, ter essa data no calend\u00e1rio oferece um final de semana prolongado para os mineiros, que podem aproveitar com festas e homenagens ao trabalho.<\/p>\n<h2>Feriados e pontos facultativos em junho<\/h2>\n<p>Os mineiros aguardam o m\u00eas de junho para o feriado de <strong>Corpus Christi<\/strong>, que este ano ser\u00e1 no dia <strong>19 de junho<\/strong> (uma sexta-feira). Este feriado \u00e9 geralmente um momento de celebra\u00e7\u00f5es religiosas, com a realiza\u00e7\u00e3o de prociss\u00f5es e festividades em v\u00e1rias cidades.<\/p>\n<p>Embora n\u00e3o seja um feriado nacional, muitos munic\u00edpios de Minas Gerais adotam esta data como feriado, e \u00e9 comum que as prefeituras declararem pontos facultativos. Portanto, \u00e9 uma boa oportunidade para excursionistas e turistas visitarem as tradi\u00e7\u00f5es culturais na regi\u00e3o.<\/p>\n<h2>Feriados e pontos facultativos em setembro<\/h2>\n<p>Setembro \u00e9 marcado pela celebra\u00e7\u00e3o da <strong>Independ\u00eancia do Brasil<\/strong>, que ocorre no dia <strong>7 de setembro<\/strong>. Esta data \u00e9 um feriado nacional que marca a proclama\u00e7\u00e3o da independ\u00eancia do Brasil de Portugal, em 1822. Em 2026, ser\u00e1 um <strong>segunda-feira<\/strong>, o que promete fazer com que muitos cidad\u00e3os aproveitem para viajar ou participar de eventos c\u00edvicos.<\/p>\n<p>Comemorando-se o orgulho nacional e a hist\u00f3ria do pa\u00eds, muitas cidades realizam desfiles e celebra\u00e7\u00f5es que t\u00eam um forte car\u00e1ter hist\u00f3rico e educativo. \u00c9 uma ocasi\u00e3o que convida a reflex\u00e3o sobre os valores de liberdade.<\/p>\n<h2>Feriados e pontos facultativos em outubro<\/h2>\n<p>Outubro traz consigo o feriado de <strong>Nossa Senhora Aparecida<\/strong>, padroeira do Brasil, que ser\u00e1 celebrado no dia <strong>12 de outubro<\/strong>. Essa data \u00e9 uma homenagem \u00e0 figura central da religiosidade cat\u00f3lica brasileira e um momento de ora\u00e7\u00f5es e devo\u00e7\u00f5es.<\/p>\n<p>O feriado de Nossa Senhora Aparecida, em 2026, ser\u00e1 uma <strong>segunda-feira<\/strong>, proporcionando um final de semana prolongado e a oportunidade perfeita para reuni\u00f5es familiares ou viagens. \u00c9 comum que os mineiros busquem destinos que ofere\u00e7am eventos religiosos tradicionais nesse per\u00edodo.<\/p>\n<h2>Feriados e pontos facultativos em novembro<\/h2>\n<p>Novembro apresenta dois feriados importantes, sendo eles o <strong>Dia de Finados<\/strong> em 2 de novembro, uma data em que muitos visitam cemit\u00e9rios para honrar a mem\u00f3ria de entes queridos, e a <strong>Proclama\u00e7\u00e3o da Rep\u00fablica<\/strong> em 15 de novembro, que marca a transi\u00e7\u00e3o do Brasil de uma monarquia para uma rep\u00fablica.<\/p>\n<p>O feriado de Finados, em 2026, ser\u00e1 uma <strong>segunda-feira<\/strong>, ideal para quem deseja organizar um feriado prolongado. J\u00e1 o dia da Proclama\u00e7\u00e3o da Rep\u00fablica ser\u00e1 em um <strong>domingo<\/strong>, limitando as possibilidades de um feriado prolongado.<\/p>\n<h2>Feriados e pontos facultativos em dezembro<\/h2>\n<p>Finalmente, dezembro traz o t\u00e3o esperado <strong>Natal<\/strong>, celebrado em 25 de dezembro (uma <strong>sexta-feira<\/strong>). \u00c9 um feriado que \u00e9 amplamente comemorado em Minas Gerais, envolvendo tradi\u00e7\u00f5es familiares, trocas de presentes e festas. Este \u00e9 um momento de uni\u00e3o e celebra\u00e7\u00e3o, onde as fam\u00edlias se re\u00fanem para um banquete e para celebrar valores crist\u00e3os.<\/p>\n<p>Al\u00e9m disso, o \u00faltimo m\u00eas do ano tamb\u00e9m \u00e9 repleto de expectativas com rela\u00e7\u00e3o ao Ano Novo. Muitas pessoas aproveitam o Natal para planejar as festas de R\u00e9veillon, onde decis\u00f5es e votos para o pr\u00f3ximo ano se fazem presentes.<\/p>\n","protected":false},"excerpt":{"rendered":"<p>Descubra os feriados em Minas Gerais e Belo Horizonte em 2026 e planeje suas f\u00e9rias.<\/p>\n","protected":false},"author":1,"featured_media":14138,"comment_status":"open","ping_status":"open","sticky":false,"template":"","format":"standard","meta":{"footnotes":""},"categories":[5],"tags":[],"class_list":["post-14139","post","type-post","status-publish","format-standard","has-post-thumbnail","hentry","category-noticias","has_thumb"],"yoast_head":"<!-- This site is optimized with the Yoast SEO plugin v28.2 - https:\/\/yoast.com\/product\/yoast-seo-wordpress\/ -->\n<title>Feriados em Minas Gerais e Belo Horizonte: calend\u00e1rio 2026 | Guia Comercial de Belo Horizonte MG<\/title>\n<meta name=\"robots\" content=\"index, follow, max-snippet:-1, max-image-preview:large, max-video-preview:-1\" \/>\n<link rel=\"canonical\" href=\"https:\/\/www.encontrabelohorizonte.com.br\/guia\/feriados-em-minas-gerais-e-belo-horizonte-calendario-2026\/\" \/>\n<meta property=\"og:locale\" content=\"pt_BR\" \/>\n<meta property=\"og:type\" content=\"article\" \/>\n<meta property=\"og:title\" content=\"Feriados em Minas Gerais e Belo Horizonte: calend\u00e1rio 2026 | Guia Comercial de Belo Horizonte MG\" \/>\n<meta property=\"og:description\" content=\"Descubra os feriados em Minas Gerais e Belo Horizonte em 2026 e planeje suas f\u00e9rias.\" \/>\n<meta property=\"og:url\" content=\"https:\/\/www.encontrabelohorizonte.com.br\/guia\/feriados-em-minas-gerais-e-belo-horizonte-calendario-2026\/\" \/>\n<meta property=\"og:site_name\" content=\"Guia Comercial de Belo Horizonte MG\" \/>\n<meta property=\"article:published_time\" content=\"2026-01-12T07:38:50+00:00\" \/>\n<meta property=\"og:image\" content=\"https:\/\/www.encontrabelohorizonte.com.br\/guia\/wp-content\/uploads\/2026\/01\/feriados-em-minas-gerais-e-belo-horizonte-calendario-2026.webp\" \/>\n\t<meta property=\"og:image:width\" content=\"320\" \/>\n\t<meta property=\"og:image:height\" content=\"280\" \/>\n\t<meta property=\"og:image:type\" content=\"image\/webp\" \/>\n<meta name=\"author\" content=\"Encontra Belo Horizonte\" \/>\n<meta name=\"twitter:card\" content=\"summary_large_image\" \/>\n<meta name=\"twitter:label1\" content=\"Escrito por\" \/>\n\t<meta name=\"twitter:data1\" content=\"Encontra Belo Horizonte\" \/>\n\t<meta name=\"twitter:label2\" content=\"Est. tempo de leitura\" \/>\n\t<meta name=\"twitter:data2\" content=\"5 minutos\" \/>\n<script type=\"application\/ld+json\" class=\"yoast-schema-graph\">{\"@context\":\"https:\\\/\\\/schema.org\",\"@graph\":[{\"@type\":\"Article\",\"@id\":\"https:\\\/\\\/www.encontrabelohorizonte.com.br\\\/guia\\\/feriados-em-minas-gerais-e-belo-horizonte-calendario-2026\\\/#article\",\"isPartOf\":{\"@id\":\"https:\\\/\\\/www.encontrabelohorizonte.com.br\\\/guia\\\/feriados-em-minas-gerais-e-belo-horizonte-calendario-2026\\\/\"},\"author\":{\"name\":\"Encontra Belo Horizonte\",\"@id\":\"https:\\\/\\\/www.encontrabelohorizonte.com.br\\\/guia\\\/#\\\/schema\\\/person\\\/6b792069f07fee9a700a7caa85fb85a9\"},\"headline\":\"Feriados em Minas Gerais e Belo Horizonte: calend\u00e1rio 2026\",\"datePublished\":\"2026-01-12T07:38:50+00:00\",\"mainEntityOfPage\":{\"@id\":\"https:\\\/\\\/www.encontrabelohorizonte.com.br\\\/guia\\\/feriados-em-minas-gerais-e-belo-horizonte-calendario-2026\\\/\"},\"wordCount\":1083,\"commentCount\":0,\"image\":{\"@id\":\"https:\\\/\\\/www.encontrabelohorizonte.com.br\\\/guia\\\/feriados-em-minas-gerais-e-belo-horizonte-calendario-2026\\\/#primaryimage\"},\"thumbnailUrl\":\"https:\\\/\\\/www.encontrabelohorizonte.com.br\\\/guia\\\/wp-content\\\/uploads\\\/2026\\\/01\\\/feriados-em-minas-gerais-e-belo-horizonte-calendario-2026.webp\",\"articleSection\":[\"Not\u00edcias Belo Horizonte\"],\"inLanguage\":\"pt-BR\",\"potentialAction\":[{\"@type\":\"CommentAction\",\"name\":\"Comment\",\"target\":[\"https:\\\/\\\/www.encontrabelohorizonte.com.br\\\/guia\\\/feriados-em-minas-gerais-e-belo-horizonte-calendario-2026\\\/#respond\"]}]},{\"@type\":\"WebPage\",\"@id\":\"https:\\\/\\\/www.encontrabelohorizonte.com.br\\\/guia\\\/feriados-em-minas-gerais-e-belo-horizonte-calendario-2026\\\/\",\"url\":\"https:\\\/\\\/www.encontrabelohorizonte.com.br\\\/guia\\\/feriados-em-minas-gerais-e-belo-horizonte-calendario-2026\\\/\",\"name\":\"Feriados em Minas Gerais e Belo Horizonte: calend\u00e1rio 2026 | Guia Comercial de Belo Horizonte MG\",\"isPartOf\":{\"@id\":\"https:\\\/\\\/www.encontrabelohorizonte.com.br\\\/guia\\\/#website\"},\"primaryImageOfPage\":{\"@id\":\"https:\\\/\\\/www.encontrabelohorizonte.com.br\\\/guia\\\/feriados-em-minas-gerais-e-belo-horizonte-calendario-2026\\\/#primaryimage\"},\"image\":{\"@id\":\"https:\\\/\\\/www.encontrabelohorizonte.com.br\\\/guia\\\/feriados-em-minas-gerais-e-belo-horizonte-calendario-2026\\\/#primaryimage\"},\"thumbnailUrl\":\"https:\\\/\\\/www.encontrabelohorizonte.com.br\\\/guia\\\/wp-content\\\/uploads\\\/2026\\\/01\\\/feriados-em-minas-gerais-e-belo-horizonte-calendario-2026.webp\",\"datePublished\":\"2026-01-12T07:38:50+00:00\",\"author\":{\"@id\":\"https:\\\/\\\/www.encontrabelohorizonte.com.br\\\/guia\\\/#\\\/schema\\\/person\\\/6b792069f07fee9a700a7caa85fb85a9\"},\"inLanguage\":\"pt-BR\",\"potentialAction\":[{\"@type\":\"ReadAction\",\"target\":[\"https:\\\/\\\/www.encontrabelohorizonte.com.br\\\/guia\\\/feriados-em-minas-gerais-e-belo-horizonte-calendario-2026\\\/\"]}]},{\"@type\":\"ImageObject\",\"inLanguage\":\"pt-BR\",\"@id\":\"https:\\\/\\\/www.encontrabelohorizonte.com.br\\\/guia\\\/feriados-em-minas-gerais-e-belo-horizonte-calendario-2026\\\/#primaryimage\",\"url\":\"https:\\\/\\\/www.encontrabelohorizonte.com.br\\\/guia\\\/wp-content\\\/uploads\\\/2026\\\/01\\\/feriados-em-minas-gerais-e-belo-horizonte-calendario-2026.webp\",\"contentUrl\":\"https:\\\/\\\/www.encontrabelohorizonte.com.br\\\/guia\\\/wp-content\\\/uploads\\\/2026\\\/01\\\/feriados-em-minas-gerais-e-belo-horizonte-calendario-2026.webp\",\"width\":320,\"height\":280,\"caption\":\"feriados em Minas Gerais e Belo Horizonte\"},{\"@type\":\"WebSite\",\"@id\":\"https:\\\/\\\/www.encontrabelohorizonte.com.br\\\/guia\\\/#website\",\"url\":\"https:\\\/\\\/www.encontrabelohorizonte.com.br\\\/guia\\\/\",\"name\":\"Guia Comercial de Belo Horizonte MG\",\"description\":\"ENCONTRA BELO HORIZONTE - O guia comercial de neg\u00f3cios e empresas, cultura e divers\u00e3o na cidade de Belo Horizonte. Feito 100% para voc\u00ea morador!\",\"potentialAction\":[{\"@type\":\"SearchAction\",\"target\":{\"@type\":\"EntryPoint\",\"urlTemplate\":\"https:\\\/\\\/www.encontrabelohorizonte.com.br\\\/guia\\\/?s={search_term_string}\"},\"query-input\":{\"@type\":\"PropertyValueSpecification\",\"valueRequired\":true,\"valueName\":\"search_term_string\"}}],\"inLanguage\":\"pt-BR\"},{\"@type\":\"Person\",\"@id\":\"https:\\\/\\\/www.encontrabelohorizonte.com.br\\\/guia\\\/#\\\/schema\\\/person\\\/6b792069f07fee9a700a7caa85fb85a9\",\"name\":\"Encontra Belo Horizonte\",\"image\":{\"@type\":\"ImageObject\",\"inLanguage\":\"pt-BR\",\"@id\":\"https:\\\/\\\/secure.gravatar.com\\\/avatar\\\/c50c17820bcf322f0a8fd6b110b8c0918141409dc69076470f6fca5fee70a5d4?s=96&d=mm&r=g\",\"url\":\"https:\\\/\\\/secure.gravatar.com\\\/avatar\\\/c50c17820bcf322f0a8fd6b110b8c0918141409dc69076470f6fca5fee70a5d4?s=96&d=mm&r=g\",\"contentUrl\":\"https:\\\/\\\/secure.gravatar.com\\\/avatar\\\/c50c17820bcf322f0a8fd6b110b8c0918141409dc69076470f6fca5fee70a5d4?s=96&d=mm&r=g\",\"caption\":\"Encontra Belo Horizonte\"},\"url\":\"https:\\\/\\\/www.encontrabelohorizonte.com.br\\\/guia\\\/author\\\/encontrabelohorizonte\\\/\"}]}<\/script>\n<!-- \/ Yoast SEO plugin. -->","yoast_head_json":{"title":"Feriados em Minas Gerais e Belo Horizonte: calend\u00e1rio 2026 | Guia Comercial de Belo Horizonte MG","robots":{"index":"index","follow":"follow","max-snippet":"max-snippet:-1","max-image-preview":"max-image-preview:large","max-video-preview":"max-video-preview:-1"},"canonical":"https:\/\/www.encontrabelohorizonte.com.br\/guia\/feriados-em-minas-gerais-e-belo-horizonte-calendario-2026\/","og_locale":"pt_BR","og_type":"article","og_title":"Feriados em Minas Gerais e Belo Horizonte: calend\u00e1rio 2026 | Guia Comercial de Belo Horizonte MG","og_description":"Descubra os feriados em Minas Gerais e Belo Horizonte em 2026 e planeje suas f\u00e9rias.","og_url":"https:\/\/www.encontrabelohorizonte.com.br\/guia\/feriados-em-minas-gerais-e-belo-horizonte-calendario-2026\/","og_site_name":"Guia Comercial de Belo Horizonte MG","article_published_time":"2026-01-12T07:38:50+00:00","og_image":[{"width":320,"height":280,"url":"https:\/\/www.encontrabelohorizonte.com.br\/guia\/wp-content\/uploads\/2026\/01\/feriados-em-minas-gerais-e-belo-horizonte-calendario-2026.webp","type":"image\/webp"}],"author":"Encontra Belo Horizonte","twitter_card":"summary_large_image","twitter_misc":{"Escrito por":"Encontra Belo Horizonte","Est. tempo de leitura":"5 minutos"},"schema":{"@context":"https:\/\/schema.org","@graph":[{"@type":"Article","@id":"https:\/\/www.encontrabelohorizonte.com.br\/guia\/feriados-em-minas-gerais-e-belo-horizonte-calendario-2026\/#article","isPartOf":{"@id":"https:\/\/www.encontrabelohorizonte.com.br\/guia\/feriados-em-minas-gerais-e-belo-horizonte-calendario-2026\/"},"author":{"name":"Encontra Belo Horizonte","@id":"https:\/\/www.encontrabelohorizonte.com.br\/guia\/#\/schema\/person\/6b792069f07fee9a700a7caa85fb85a9"},"headline":"Feriados em Minas Gerais e Belo Horizonte: calend\u00e1rio 2026","datePublished":"2026-01-12T07:38:50+00:00","mainEntityOfPage":{"@id":"https:\/\/www.encontrabelohorizonte.com.br\/guia\/feriados-em-minas-gerais-e-belo-horizonte-calendario-2026\/"},"wordCount":1083,"commentCount":0,"image":{"@id":"https:\/\/www.encontrabelohorizonte.com.br\/guia\/feriados-em-minas-gerais-e-belo-horizonte-calendario-2026\/#primaryimage"},"thumbnailUrl":"https:\/\/www.encontrabelohorizonte.com.br\/guia\/wp-content\/uploads\/2026\/01\/feriados-em-minas-gerais-e-belo-horizonte-calendario-2026.webp","articleSection":["Not\u00edcias Belo Horizonte"],"inLanguage":"pt-BR","potentialAction":[{"@type":"CommentAction","name":"Comment","target":["https:\/\/www.encontrabelohorizonte.com.br\/guia\/feriados-em-minas-gerais-e-belo-horizonte-calendario-2026\/#respond"]}]},{"@type":"WebPage","@id":"https:\/\/www.encontrabelohorizonte.com.br\/guia\/feriados-em-minas-gerais-e-belo-horizonte-calendario-2026\/","url":"https:\/\/www.encontrabelohorizonte.com.br\/guia\/feriados-em-minas-gerais-e-belo-horizonte-calendario-2026\/","name":"Feriados em Minas Gerais e Belo Horizonte: calend\u00e1rio 2026 | Guia Comercial de Belo Horizonte MG","isPartOf":{"@id":"https:\/\/www.encontrabelohorizonte.com.br\/guia\/#website"},"primaryImageOfPage":{"@id":"https:\/\/www.encontrabelohorizonte.com.br\/guia\/feriados-em-minas-gerais-e-belo-horizonte-calendario-2026\/#primaryimage"},"image":{"@id":"https:\/\/www.encontrabelohorizonte.com.br\/guia\/feriados-em-minas-gerais-e-belo-horizonte-calendario-2026\/#primaryimage"},"thumbnailUrl":"https:\/\/www.encontrabelohorizonte.com.br\/guia\/wp-content\/uploads\/2026\/01\/feriados-em-minas-gerais-e-belo-horizonte-calendario-2026.webp","datePublished":"2026-01-12T07:38:50+00:00","author":{"@id":"https:\/\/www.encontrabelohorizonte.com.br\/guia\/#\/schema\/person\/6b792069f07fee9a700a7caa85fb85a9"},"inLanguage":"pt-BR","potentialAction":[{"@type":"ReadAction","target":["https:\/\/www.encontrabelohorizonte.com.br\/guia\/feriados-em-minas-gerais-e-belo-horizonte-calendario-2026\/"]}]},{"@type":"ImageObject","inLanguage":"pt-BR","@id":"https:\/\/www.encontrabelohorizonte.com.br\/guia\/feriados-em-minas-gerais-e-belo-horizonte-calendario-2026\/#primaryimage","url":"https:\/\/www.encontrabelohorizonte.com.br\/guia\/wp-content\/uploads\/2026\/01\/feriados-em-minas-gerais-e-belo-horizonte-calendario-2026.webp","contentUrl":"https:\/\/www.encontrabelohorizonte.com.br\/guia\/wp-content\/uploads\/2026\/01\/feriados-em-minas-gerais-e-belo-horizonte-calendario-2026.webp","width":320,"height":280,"caption":"feriados em Minas Gerais e Belo Horizonte"},{"@type":"WebSite","@id":"https:\/\/www.encontrabelohorizonte.com.br\/guia\/#website","url":"https:\/\/www.encontrabelohorizonte.com.br\/guia\/","name":"Guia Comercial de Belo Horizonte MG","description":"ENCONTRA BELO HORIZONTE - O guia comercial de neg\u00f3cios e empresas, cultura e divers\u00e3o na cidade de Belo Horizonte. Feito 100% para voc\u00ea morador!","potentialAction":[{"@type":"SearchAction","target":{"@type":"EntryPoint","urlTemplate":"https:\/\/www.encontrabelohorizonte.com.br\/guia\/?s={search_term_string}"},"query-input":{"@type":"PropertyValueSpecification","valueRequired":true,"valueName":"search_term_string"}}],"inLanguage":"pt-BR"},{"@type":"Person","@id":"https:\/\/www.encontrabelohorizonte.com.br\/guia\/#\/schema\/person\/6b792069f07fee9a700a7caa85fb85a9","name":"Encontra Belo Horizonte","image":{"@type":"ImageObject","inLanguage":"pt-BR","@id":"https:\/\/secure.gravatar.com\/avatar\/c50c17820bcf322f0a8fd6b110b8c0918141409dc69076470f6fca5fee70a5d4?s=96&d=mm&r=g","url":"https:\/\/secure.gravatar.com\/avatar\/c50c17820bcf322f0a8fd6b110b8c0918141409dc69076470f6fca5fee70a5d4?s=96&d=mm&r=g","contentUrl":"https:\/\/secure.gravatar.com\/avatar\/c50c17820bcf322f0a8fd6b110b8c0918141409dc69076470f6fca5fee70a5d4?s=96&d=mm&r=g","caption":"Encontra Belo Horizonte"},"url":"https:\/\/www.encontrabelohorizonte.com.br\/guia\/author\/encontrabelohorizonte\/"}]}},"_links":{"self":[{"href":"https:\/\/www.encontrabelohorizonte.com.br\/guia\/wp-json\/wp\/v2\/posts\/14139","targetHints":{"allow":["GET"]}}],"collection":[{"href":"https:\/\/www.encontrabelohorizonte.com.br\/guia\/wp-json\/wp\/v2\/posts"}],"about":[{"href":"https:\/\/www.encontrabelohorizonte.com.br\/guia\/wp-json\/wp\/v2\/types\/post"}],"author":[{"embeddable":true,"href":"https:\/\/www.encontrabelohorizonte.com.br\/guia\/wp-json\/wp\/v2\/users\/1"}],"replies":[{"embeddable":true,"href":"https:\/\/www.encontrabelohorizonte.com.br\/guia\/wp-json\/wp\/v2\/comments?post=14139"}],"version-history":[{"count":0,"href":"https:\/\/www.encontrabelohorizonte.com.br\/guia\/wp-json\/wp\/v2\/posts\/14139\/revisions"}],"wp:featuredmedia":[{"embeddable":true,"href":"https:\/\/www.encontrabelohorizonte.com.br\/guia\/wp-json\/wp\/v2\/media\/14138"}],"wp:attachment":[{"href":"https:\/\/www.encontrabelohorizonte.com.br\/guia\/wp-json\/wp\/v2\/media?parent=14139"}],"wp:term":[{"taxonomy":"category","embeddable":true,"href":"https:\/\/www.encontrabelohorizonte.com.br\/guia\/wp-json\/wp\/v2\/categories?post=14139"},{"taxonomy":"post_tag","embeddable":true,"href":"https:\/\/www.encontrabelohorizonte.com.br\/guia\/wp-json\/wp\/v2\/tags?post=14139"}],"curies":[{"name":"wp","href":"https:\/\/api.w.org\/{rel}","templated":true}]}}