{"id":14179,"date":"2026-01-20T06:14:48","date_gmt":"2026-01-20T09:14:48","guid":{"rendered":"https:\/\/www.encontrabelohorizonte.com.br\/guia\/garis-paralisam-atividades-em-belo-horizonte-nesta-segunda\/"},"modified":"2026-01-20T06:14:48","modified_gmt":"2026-01-20T09:14:48","slug":"garis-paralisam-atividades-em-belo-horizonte-nesta-segunda","status":"publish","type":"post","link":"https:\/\/www.encontrabelohorizonte.com.br\/guia\/garis-paralisam-atividades-em-belo-horizonte-nesta-segunda\/","title":{"rendered":"Garis paralisam atividades em Belo Horizonte nesta segunda"},"content":{"rendered":"<h2>Entenda a paralisa\u00e7\u00e3o dos garis em Belo Horizonte<\/h2>\n<p>No dia 19 de janeiro de 2026, os garis de Belo Horizonte, que realizam servi\u00e7os de coleta de lixo na cidade, iniciaram uma paralisa\u00e7\u00e3o em protesto por melhores condi\u00e7\u00f5es de trabalho. A decis\u00e3o de interromper as atividades teve como motiva\u00e7\u00e3o a insatisfa\u00e7\u00e3o acumulada entre os trabalhadores terceirizados, que enfrentam desafios significativos em suas fun\u00e7\u00f5es di\u00e1rias. Esse ato de protesto reflete n\u00e3o apenas a busca por melhores condi\u00e7\u00f5es laborais, mas tamb\u00e9m a necessidade de ser ouvido em um setor essencial para a manuten\u00e7\u00e3o da limpeza urbana e da sa\u00fade p\u00fablica.<\/p>\n<p>A paralisa\u00e7\u00e3o, que afetou diretamente as regi\u00f5es Nordeste, Noroeste e Leste da capital mineira, evidencia a fragilidade das condi\u00e7\u00f5es laborais enfrentadas pelos profissionais de limpeza e coleta de lixo. Durante a paralisa\u00e7\u00e3o, os trabalhadores levantaram quest\u00f5es prementes relacionadas \u00e0 falta de recursos, como caminh\u00f5es para a coleta e, principalmente, \u00e0 escassez de pessoal qualificado para as opera\u00e7\u00f5es.<\/p>\n<h2>Quem s\u00e3o os garis e qual a sua fun\u00e7\u00e3o na cidade?<\/h2>\n<p>Os garis, ou agentes de limpeza, t\u00eam um papel fundamental na manuten\u00e7\u00e3o da ordem e limpeza nas cidades. Em Belo Horizonte, eles s\u00e3o respons\u00e1veis pela coleta de lixo domiciliar, varri\u00e7\u00e3o de ruas e manuten\u00e7\u00e3o de \u00e1reas p\u00fablicas. Essa fun\u00e7\u00e3o, apesar de crucial, frequentemente \u00e9 subestimada e mal remunerada. Os garis trabalham em condi\u00e7\u00f5es adversas, lidando com res\u00edduos que podem ser perigosos e enfrentando as intemp\u00e9ries clim\u00e1ticas.<\/p>\n<p><img decoding=\"async\" src=\"https:\/\/www.encontrabelohorizonte.com.br\/guia\/wp-content\/uploads\/2026\/01\/garis-paralisam-atividades-em-belo-horizonte-nesta-segunda.webp\" alt=\"garis Belo Horizonte\" loading=\"lazy\" \/><\/p>\n<p>A contribui\u00e7\u00e3o desses trabalhadores vai muito al\u00e9m da simples remo\u00e7\u00e3o de lixo; eles garantem que as cidades sejam habit\u00e1veis, ajudando a prevenir doen\u00e7as e a promover um ambiente urbano mais agrad\u00e1vel para todos. A realidade cotidiana dos garis inclui turnos longos e, muitas vezes, a falta de equipamentos adequados, o que torna seu trabalho ainda mais desafiador.<\/p>\n<h2>Principais reivindica\u00e7\u00f5es dos trabalhadores<\/h2>\n<p>Durante a paralisa\u00e7\u00e3o, os garis apresentaram uma s\u00e9rie de reivindica\u00e7\u00f5es que refletem suas preocupa\u00e7\u00f5es e demandas. Entre essas est\u00e3o:<\/p>\n<ul>\n<li><strong>Melhores condi\u00e7\u00f5es de trabalho:<\/strong> Os garis pedem condi\u00e7\u00f5es mais seguras e adequadas para o desempenho de suas fun\u00e7\u00f5es, com destaque para a falta de equipamentos de prote\u00e7\u00e3o individual (EPIs).<\/li>\n<li><strong>Aumento do n\u00famero de profissionais:<\/strong> A escassez de pessoal tem sido um tema constante de preocupa\u00e7\u00e3o, uma vez que a sobrecarga de trabalho n\u00e3o apenas prejudica a qualidade do servi\u00e7o, mas tamb\u00e9m afeta a sa\u00fade dos trabalhadores.<\/li>\n<li><strong>Adequa\u00e7\u00e3o da jornada de trabalho:<\/strong> Muitos trabalhadores reclamam de jornadas excessivas que se estendem al\u00e9m do limite considerado aceit\u00e1vel, comprometendo a sa\u00fade mental e f\u00edsica.<\/li>\n<li><strong>Melhoria na infraestrutura:<\/strong> A falta de caminh\u00f5es e outros recursos log\u00edsticos dificulta o trabalho e muitas vezes resulta em ac\u00famulos de lixo nas ruas, afetando a cidade de forma negativa.<\/li>\n<\/ul>\n<h2>Quais regi\u00f5es de BH ser\u00e3o impactadas pela paralisa\u00e7\u00e3o?<\/h2>\n<p>A paralisa\u00e7\u00e3o dos garis em Belo Horizonte impacta principalmente tr\u00eas regi\u00f5es da cidade: Nordeste, Noroeste e Leste. Essas \u00e1reas abrangem bairros que, devido \u00e0 sua densidade populacional, demandam uma coleta regular e eficiente de lixo. A interrup\u00e7\u00e3o dos servi\u00e7os nessas regi\u00f5es representa um risco n\u00e3o s\u00f3 para a limpeza urbana, mas tamb\u00e9m para a sa\u00fade p\u00fablica, j\u00e1 que o ac\u00famulo de lixo pode atrair pragas e gerar doen\u00e7as.<\/p>\n<p>Al\u00e9m disso, \u00e1reas populacionais e comerciais foram notificadas sobre a possibilidade de ac\u00famulo de res\u00edduos, gerando preocupa\u00e7\u00e3o entre os cidad\u00e3os que dependem do servi\u00e7o. A situa\u00e7\u00e3o \u00e9 cr\u00edtica, uma vez que a falta de coleta n\u00e3o afeta apenas os garis, mas toda a comunidade que depende desse servi\u00e7o essencial.<\/p>\n<h2>A resposta da Prefeitura diante da situa\u00e7\u00e3o<\/h2>\n<p>A Prefeitura de Belo Horizonte, ao ser contatada sobre a situa\u00e7\u00e3o, afirmou que est\u00e1 ciente das dificuldades enfrentadas pelos garis e que busca solu\u00e7\u00f5es para atender as preocupa\u00e7\u00f5es dos trabalhadores. No entanto, a aus\u00eancia de uma resposta r\u00e1pida e eficaz gera frustra\u00e7\u00e3o entre os trabalhadores e a popula\u00e7\u00e3o que depende da coleta de lixo. A falta de di\u00e1logo efetivo pode prejudicar n\u00e3o s\u00f3 o servi\u00e7o de coleta, mas tamb\u00e9m a confian\u00e7a dos garis na administra\u00e7\u00e3o municipal.<\/p>\n<p>Muitos trabalhadores consideram a postura da Prefeitura como uma maneira de ignorar suas demandas e a import\u00e2ncia do trabalho realizado pelos garis. A necessidade de um plano de a\u00e7\u00e3o que aborde as preocupa\u00e7\u00f5es levantadas \u00e9 emergente, a fim de evitar futuras paralisa\u00e7\u00f5es e garantir a continuidade dos servi\u00e7os essenciais em BH.<\/p>\n<h2>O papel dos trabalhadores terceirizados<\/h2>\n<p>Os garis que atuam na coleta de lixo de Belo Horizonte s\u00e3o, em sua maioria, trabalhadores terceirizados. Esse modelo de contrato gera preocupa\u00e7\u00f5es sobre direitos trabalhistas, j\u00e1 que, muitas vezes, esses profissionais enfrentam situa\u00e7\u00f5es de vulnerabilidade. Os trabalhadores terceirizados n\u00e3o t\u00eam os mesmos benef\u00edcios que os empregados diretos, como planos de sa\u00fade, f\u00e9rias regulares e aposentadorias justas.<\/p>\n<p>Essa situa\u00e7\u00e3o demanda uma aten\u00e7\u00e3o especial, uma vez que a terceiriza\u00e7\u00e3o, apesar de ser uma pr\u00e1tica comum em v\u00e1rias empresas, pode resultar em condi\u00e7\u00f5es de trabalho prec\u00e1rias. Os garis que atuam nas empresas terceirizadas devem ser reconhecidos como parte vital do servi\u00e7o p\u00fablico e, portanto, devem ter acesso a melhores condi\u00e7\u00f5es laborais.<\/p>\n<h2>Como a falta de profissionais afeta a coleta de lixo?<\/h2>\n<p>A falta de profissionais para a coleta de lixo em Belo Horizonte tem efeitos diretos e severos sobre o servi\u00e7o. Com equipes reduzidas, os garis enfrentam sobrecarga de trabalho, o que pode levar a atrasos nas coletas e, consequentemente, ao ac\u00famulo de lixo nas ruas. Essa situa\u00e7\u00e3o n\u00e3o s\u00f3 compromete a limpeza da cidade, mas tamb\u00e9m gera riscos \u00e0 sa\u00fade p\u00fablica, j\u00e1 que o lixo acumulado pode se tornar um terreno f\u00e9rtil para doen\u00e7as e pragas.<\/p>\n<p>Al\u00e9m disso, a escassez de profissionais resulta em um desgaste emocional e f\u00edsico entre os trabalhadores, o que pode aumentar o \u00edndice de absente\u00edsmo e diminuir a efici\u00eancia do servi\u00e7o prestado. O impacto da falta de pessoal \u00e9 sentido em toda a cidade e afeta a qualidade de vida dos cidad\u00e3os.<\/p>\n<h2>Poss\u00edveis solu\u00e7\u00f5es para a crise da coleta em BH<\/h2>\n<p>Resolver a quest\u00e3o da coleta de lixo e as preocupa\u00e7\u00f5es dos garis em Belo Horizonte exige um planejamento estrat\u00e9gico e a implementa\u00e7\u00e3o de solu\u00e7\u00f5es eficazes. Algumas das possibilidades incluem:<\/p>\n<ul>\n<li><strong>Recrutamento e treinamento de novos garis:<\/strong> A contrata\u00e7\u00e3o de mais profissionais e a promo\u00e7\u00e3o de capacita\u00e7\u00e3o podem aumentar a efici\u00eancia do servi\u00e7o.<\/li>\n<li><strong>Melhoria na infraestrutura:<\/strong> Investir em caminh\u00f5es e equipamentos adequados para a coleta \u00e9 fundamental para a opera\u00e7\u00e3o eficiente e segura.<\/li>\n<li><strong>Di\u00e1logo aberto entre Prefeitura e garis:<\/strong> O estabelecimento de um canal de comunica\u00e7\u00e3o direto entre os trabalhadores e a administra\u00e7\u00e3o municipal \u00e9 essencial para discutir as necessidades e encontrar solu\u00e7\u00f5es concretas.<\/li>\n<li><strong>Magno valoriza\u00e7\u00e3o dos garis:<\/strong> Reconhecer a import\u00e2ncia do trabalho dos garis atrav\u00e9s de condi\u00e7\u00f5es de trabalho justas e pr\u00eamios pode incentivar o desempenho e a produtividade.<\/li>\n<\/ul>\n<h2>A import\u00e2ncia da coleta de lixo para a sa\u00fade p\u00fablica<\/h2>\n<p>A coleta de lixo \u00e9 um servi\u00e7o vital para a sa\u00fade p\u00fablica e o bem-estar da popula\u00e7\u00e3o. A aus\u00eancia desse servi\u00e7o pode levar a s\u00e9rios problemas de sa\u00fade, incluindo o aumento de doen\u00e7as transmiss\u00edveis, como dengue, leptospirose e outras infec\u00e7\u00f5es. Al\u00e9m disso, a presen\u00e7a de lixo nas ruas contribui para a degrada\u00e7\u00e3o ambiental e a diminui\u00e7\u00e3o da qualidade de vida.<\/p>\n<p>Os garis desempenham um papel fundamental nesse processo, garantindo que as ruas se mantenham limpas e seguras. O trabalho deles \u00e9 um servi\u00e7o essencial que, embora muitas vezes negligenciado, \u00e9 crucial para a manuten\u00e7\u00e3o da sa\u00fade p\u00fablica e a preserva\u00e7\u00e3o do meio ambiente.<\/p>\n<h2>Hist\u00f3rico dos protestos dos garis em Minas Gerais<\/h2>\n<p>Historicamente, os garis em Minas Gerais t\u00eam se mobilizado em diversas ocasi\u00f5es para reivindicar melhores condi\u00e7\u00f5es de trabalho. As paralisa\u00e7\u00f5es e protestos demonstram a luta cont\u00ednua desses trabalhadores por reconhecimento e dignidade em suas fun\u00e7\u00f5es. Ao longo dos \u00faltimos anos, a situa\u00e7\u00e3o dos garis tem sido marcada por desafios relacionados \u00e0 terceiriza\u00e7\u00e3o, falta de suporte e recursos, e a necessidade de maior aten\u00e7\u00e3o por parte das autoridades competentes.<\/p>\n<p>Os protestos n\u00e3o s\u00e3o apenas uma consequ\u00eancia de quest\u00f5es locais; eles refletem uma movimenta\u00e7\u00e3o maior entre trabalhadores em diversos setores pelo reconhecimento de seus direitos e a busca por condi\u00e7\u00f5es de trabalho justas. A luta dos garis \u00e9 a luta por dignidade, e seu impacto vai al\u00e9m das fronteiras de Belo Horizonte, ressoando em todo o Brasil e destinando-se a chamar a aten\u00e7\u00e3o para uma situa\u00e7\u00e3o que afeta milioni\u00e1rios de trabalhadores em situa\u00e7\u00f5es semelhantes.<\/p>\n","protected":false},"excerpt":{"rendered":"<p>Garis em Belo Horizonte param atividades em busca de melhorias nas condi\u00e7\u00f5es de trabalho.<\/p>\n","protected":false},"author":1,"featured_media":14178,"comment_status":"open","ping_status":"open","sticky":false,"template":"","format":"standard","meta":{"footnotes":""},"categories":[5],"tags":[],"class_list":["post-14179","post","type-post","status-publish","format-standard","has-post-thumbnail","hentry","category-noticias","has_thumb"],"yoast_head":"<!-- This site is optimized with the Yoast SEO plugin v28.2 - https:\/\/yoast.com\/product\/yoast-seo-wordpress\/ -->\n<title>Garis paralisam atividades em Belo Horizonte nesta segunda | Guia Comercial de Belo Horizonte MG<\/title>\n<meta name=\"robots\" content=\"index, follow, max-snippet:-1, max-image-preview:large, max-video-preview:-1\" \/>\n<link rel=\"canonical\" href=\"https:\/\/www.encontrabelohorizonte.com.br\/guia\/garis-paralisam-atividades-em-belo-horizonte-nesta-segunda\/\" \/>\n<meta property=\"og:locale\" content=\"pt_BR\" \/>\n<meta property=\"og:type\" content=\"article\" \/>\n<meta property=\"og:title\" content=\"Garis paralisam atividades em Belo Horizonte nesta segunda | Guia Comercial de Belo Horizonte MG\" \/>\n<meta property=\"og:description\" content=\"Garis em Belo Horizonte param atividades em busca de melhorias nas condi\u00e7\u00f5es de trabalho.\" \/>\n<meta property=\"og:url\" content=\"https:\/\/www.encontrabelohorizonte.com.br\/guia\/garis-paralisam-atividades-em-belo-horizonte-nesta-segunda\/\" \/>\n<meta property=\"og:site_name\" content=\"Guia Comercial de Belo Horizonte MG\" \/>\n<meta property=\"article:published_time\" content=\"2026-01-20T09:14:48+00:00\" \/>\n<meta property=\"og:image\" content=\"https:\/\/www.encontrabelohorizonte.com.br\/guia\/wp-content\/uploads\/2026\/01\/garis-paralisam-atividades-em-belo-horizonte-nesta-segunda.webp\" \/>\n\t<meta property=\"og:image:width\" content=\"280\" \/>\n\t<meta property=\"og:image:height\" content=\"280\" \/>\n\t<meta property=\"og:image:type\" content=\"image\/webp\" \/>\n<meta name=\"author\" content=\"Encontra Belo Horizonte\" \/>\n<meta name=\"twitter:card\" content=\"summary_large_image\" \/>\n<meta name=\"twitter:label1\" content=\"Escrito por\" \/>\n\t<meta name=\"twitter:data1\" content=\"Encontra Belo Horizonte\" \/>\n\t<meta name=\"twitter:label2\" content=\"Est. tempo de leitura\" \/>\n\t<meta name=\"twitter:data2\" content=\"8 minutos\" \/>\n<script type=\"application\/ld+json\" class=\"yoast-schema-graph\">{\"@context\":\"https:\\\/\\\/schema.org\",\"@graph\":[{\"@type\":\"Article\",\"@id\":\"https:\\\/\\\/www.encontrabelohorizonte.com.br\\\/guia\\\/garis-paralisam-atividades-em-belo-horizonte-nesta-segunda\\\/#article\",\"isPartOf\":{\"@id\":\"https:\\\/\\\/www.encontrabelohorizonte.com.br\\\/guia\\\/garis-paralisam-atividades-em-belo-horizonte-nesta-segunda\\\/\"},\"author\":{\"name\":\"Encontra Belo Horizonte\",\"@id\":\"https:\\\/\\\/www.encontrabelohorizonte.com.br\\\/guia\\\/#\\\/schema\\\/person\\\/6b792069f07fee9a700a7caa85fb85a9\"},\"headline\":\"Garis paralisam atividades em Belo Horizonte nesta segunda\",\"datePublished\":\"2026-01-20T09:14:48+00:00\",\"mainEntityOfPage\":{\"@id\":\"https:\\\/\\\/www.encontrabelohorizonte.com.br\\\/guia\\\/garis-paralisam-atividades-em-belo-horizonte-nesta-segunda\\\/\"},\"wordCount\":1543,\"commentCount\":0,\"image\":{\"@id\":\"https:\\\/\\\/www.encontrabelohorizonte.com.br\\\/guia\\\/garis-paralisam-atividades-em-belo-horizonte-nesta-segunda\\\/#primaryimage\"},\"thumbnailUrl\":\"https:\\\/\\\/www.encontrabelohorizonte.com.br\\\/guia\\\/wp-content\\\/uploads\\\/2026\\\/01\\\/garis-paralisam-atividades-em-belo-horizonte-nesta-segunda.webp\",\"articleSection\":[\"Not\u00edcias Belo Horizonte\"],\"inLanguage\":\"pt-BR\",\"potentialAction\":[{\"@type\":\"CommentAction\",\"name\":\"Comment\",\"target\":[\"https:\\\/\\\/www.encontrabelohorizonte.com.br\\\/guia\\\/garis-paralisam-atividades-em-belo-horizonte-nesta-segunda\\\/#respond\"]}]},{\"@type\":\"WebPage\",\"@id\":\"https:\\\/\\\/www.encontrabelohorizonte.com.br\\\/guia\\\/garis-paralisam-atividades-em-belo-horizonte-nesta-segunda\\\/\",\"url\":\"https:\\\/\\\/www.encontrabelohorizonte.com.br\\\/guia\\\/garis-paralisam-atividades-em-belo-horizonte-nesta-segunda\\\/\",\"name\":\"Garis paralisam atividades em Belo Horizonte nesta segunda | Guia Comercial de Belo Horizonte MG\",\"isPartOf\":{\"@id\":\"https:\\\/\\\/www.encontrabelohorizonte.com.br\\\/guia\\\/#website\"},\"primaryImageOfPage\":{\"@id\":\"https:\\\/\\\/www.encontrabelohorizonte.com.br\\\/guia\\\/garis-paralisam-atividades-em-belo-horizonte-nesta-segunda\\\/#primaryimage\"},\"image\":{\"@id\":\"https:\\\/\\\/www.encontrabelohorizonte.com.br\\\/guia\\\/garis-paralisam-atividades-em-belo-horizonte-nesta-segunda\\\/#primaryimage\"},\"thumbnailUrl\":\"https:\\\/\\\/www.encontrabelohorizonte.com.br\\\/guia\\\/wp-content\\\/uploads\\\/2026\\\/01\\\/garis-paralisam-atividades-em-belo-horizonte-nesta-segunda.webp\",\"datePublished\":\"2026-01-20T09:14:48+00:00\",\"author\":{\"@id\":\"https:\\\/\\\/www.encontrabelohorizonte.com.br\\\/guia\\\/#\\\/schema\\\/person\\\/6b792069f07fee9a700a7caa85fb85a9\"},\"inLanguage\":\"pt-BR\",\"potentialAction\":[{\"@type\":\"ReadAction\",\"target\":[\"https:\\\/\\\/www.encontrabelohorizonte.com.br\\\/guia\\\/garis-paralisam-atividades-em-belo-horizonte-nesta-segunda\\\/\"]}]},{\"@type\":\"ImageObject\",\"inLanguage\":\"pt-BR\",\"@id\":\"https:\\\/\\\/www.encontrabelohorizonte.com.br\\\/guia\\\/garis-paralisam-atividades-em-belo-horizonte-nesta-segunda\\\/#primaryimage\",\"url\":\"https:\\\/\\\/www.encontrabelohorizonte.com.br\\\/guia\\\/wp-content\\\/uploads\\\/2026\\\/01\\\/garis-paralisam-atividades-em-belo-horizonte-nesta-segunda.webp\",\"contentUrl\":\"https:\\\/\\\/www.encontrabelohorizonte.com.br\\\/guia\\\/wp-content\\\/uploads\\\/2026\\\/01\\\/garis-paralisam-atividades-em-belo-horizonte-nesta-segunda.webp\",\"width\":280,\"height\":280,\"caption\":\"garis Belo Horizonte\"},{\"@type\":\"WebSite\",\"@id\":\"https:\\\/\\\/www.encontrabelohorizonte.com.br\\\/guia\\\/#website\",\"url\":\"https:\\\/\\\/www.encontrabelohorizonte.com.br\\\/guia\\\/\",\"name\":\"Guia Comercial de Belo Horizonte MG\",\"description\":\"ENCONTRA BELO HORIZONTE - O guia comercial de neg\u00f3cios e empresas, cultura e divers\u00e3o na cidade de Belo Horizonte. Feito 100% para voc\u00ea morador!\",\"potentialAction\":[{\"@type\":\"SearchAction\",\"target\":{\"@type\":\"EntryPoint\",\"urlTemplate\":\"https:\\\/\\\/www.encontrabelohorizonte.com.br\\\/guia\\\/?s={search_term_string}\"},\"query-input\":{\"@type\":\"PropertyValueSpecification\",\"valueRequired\":true,\"valueName\":\"search_term_string\"}}],\"inLanguage\":\"pt-BR\"},{\"@type\":\"Person\",\"@id\":\"https:\\\/\\\/www.encontrabelohorizonte.com.br\\\/guia\\\/#\\\/schema\\\/person\\\/6b792069f07fee9a700a7caa85fb85a9\",\"name\":\"Encontra Belo Horizonte\",\"image\":{\"@type\":\"ImageObject\",\"inLanguage\":\"pt-BR\",\"@id\":\"https:\\\/\\\/secure.gravatar.com\\\/avatar\\\/c50c17820bcf322f0a8fd6b110b8c0918141409dc69076470f6fca5fee70a5d4?s=96&d=mm&r=g\",\"url\":\"https:\\\/\\\/secure.gravatar.com\\\/avatar\\\/c50c17820bcf322f0a8fd6b110b8c0918141409dc69076470f6fca5fee70a5d4?s=96&d=mm&r=g\",\"contentUrl\":\"https:\\\/\\\/secure.gravatar.com\\\/avatar\\\/c50c17820bcf322f0a8fd6b110b8c0918141409dc69076470f6fca5fee70a5d4?s=96&d=mm&r=g\",\"caption\":\"Encontra Belo Horizonte\"},\"url\":\"https:\\\/\\\/www.encontrabelohorizonte.com.br\\\/guia\\\/author\\\/encontrabelohorizonte\\\/\"}]}<\/script>\n<!-- \/ Yoast SEO plugin. -->","yoast_head_json":{"title":"Garis paralisam atividades em Belo Horizonte nesta segunda | Guia Comercial de Belo Horizonte MG","robots":{"index":"index","follow":"follow","max-snippet":"max-snippet:-1","max-image-preview":"max-image-preview:large","max-video-preview":"max-video-preview:-1"},"canonical":"https:\/\/www.encontrabelohorizonte.com.br\/guia\/garis-paralisam-atividades-em-belo-horizonte-nesta-segunda\/","og_locale":"pt_BR","og_type":"article","og_title":"Garis paralisam atividades em Belo Horizonte nesta segunda | Guia Comercial de Belo Horizonte MG","og_description":"Garis em Belo Horizonte param atividades em busca de melhorias nas condi\u00e7\u00f5es de trabalho.","og_url":"https:\/\/www.encontrabelohorizonte.com.br\/guia\/garis-paralisam-atividades-em-belo-horizonte-nesta-segunda\/","og_site_name":"Guia Comercial de Belo Horizonte MG","article_published_time":"2026-01-20T09:14:48+00:00","og_image":[{"width":280,"height":280,"url":"https:\/\/www.encontrabelohorizonte.com.br\/guia\/wp-content\/uploads\/2026\/01\/garis-paralisam-atividades-em-belo-horizonte-nesta-segunda.webp","type":"image\/webp"}],"author":"Encontra Belo Horizonte","twitter_card":"summary_large_image","twitter_misc":{"Escrito por":"Encontra Belo Horizonte","Est. tempo de leitura":"8 minutos"},"schema":{"@context":"https:\/\/schema.org","@graph":[{"@type":"Article","@id":"https:\/\/www.encontrabelohorizonte.com.br\/guia\/garis-paralisam-atividades-em-belo-horizonte-nesta-segunda\/#article","isPartOf":{"@id":"https:\/\/www.encontrabelohorizonte.com.br\/guia\/garis-paralisam-atividades-em-belo-horizonte-nesta-segunda\/"},"author":{"name":"Encontra Belo Horizonte","@id":"https:\/\/www.encontrabelohorizonte.com.br\/guia\/#\/schema\/person\/6b792069f07fee9a700a7caa85fb85a9"},"headline":"Garis paralisam atividades em Belo Horizonte nesta segunda","datePublished":"2026-01-20T09:14:48+00:00","mainEntityOfPage":{"@id":"https:\/\/www.encontrabelohorizonte.com.br\/guia\/garis-paralisam-atividades-em-belo-horizonte-nesta-segunda\/"},"wordCount":1543,"commentCount":0,"image":{"@id":"https:\/\/www.encontrabelohorizonte.com.br\/guia\/garis-paralisam-atividades-em-belo-horizonte-nesta-segunda\/#primaryimage"},"thumbnailUrl":"https:\/\/www.encontrabelohorizonte.com.br\/guia\/wp-content\/uploads\/2026\/01\/garis-paralisam-atividades-em-belo-horizonte-nesta-segunda.webp","articleSection":["Not\u00edcias Belo Horizonte"],"inLanguage":"pt-BR","potentialAction":[{"@type":"CommentAction","name":"Comment","target":["https:\/\/www.encontrabelohorizonte.com.br\/guia\/garis-paralisam-atividades-em-belo-horizonte-nesta-segunda\/#respond"]}]},{"@type":"WebPage","@id":"https:\/\/www.encontrabelohorizonte.com.br\/guia\/garis-paralisam-atividades-em-belo-horizonte-nesta-segunda\/","url":"https:\/\/www.encontrabelohorizonte.com.br\/guia\/garis-paralisam-atividades-em-belo-horizonte-nesta-segunda\/","name":"Garis paralisam atividades em Belo Horizonte nesta segunda | Guia Comercial de Belo Horizonte MG","isPartOf":{"@id":"https:\/\/www.encontrabelohorizonte.com.br\/guia\/#website"},"primaryImageOfPage":{"@id":"https:\/\/www.encontrabelohorizonte.com.br\/guia\/garis-paralisam-atividades-em-belo-horizonte-nesta-segunda\/#primaryimage"},"image":{"@id":"https:\/\/www.encontrabelohorizonte.com.br\/guia\/garis-paralisam-atividades-em-belo-horizonte-nesta-segunda\/#primaryimage"},"thumbnailUrl":"https:\/\/www.encontrabelohorizonte.com.br\/guia\/wp-content\/uploads\/2026\/01\/garis-paralisam-atividades-em-belo-horizonte-nesta-segunda.webp","datePublished":"2026-01-20T09:14:48+00:00","author":{"@id":"https:\/\/www.encontrabelohorizonte.com.br\/guia\/#\/schema\/person\/6b792069f07fee9a700a7caa85fb85a9"},"inLanguage":"pt-BR","potentialAction":[{"@type":"ReadAction","target":["https:\/\/www.encontrabelohorizonte.com.br\/guia\/garis-paralisam-atividades-em-belo-horizonte-nesta-segunda\/"]}]},{"@type":"ImageObject","inLanguage":"pt-BR","@id":"https:\/\/www.encontrabelohorizonte.com.br\/guia\/garis-paralisam-atividades-em-belo-horizonte-nesta-segunda\/#primaryimage","url":"https:\/\/www.encontrabelohorizonte.com.br\/guia\/wp-content\/uploads\/2026\/01\/garis-paralisam-atividades-em-belo-horizonte-nesta-segunda.webp","contentUrl":"https:\/\/www.encontrabelohorizonte.com.br\/guia\/wp-content\/uploads\/2026\/01\/garis-paralisam-atividades-em-belo-horizonte-nesta-segunda.webp","width":280,"height":280,"caption":"garis Belo Horizonte"},{"@type":"WebSite","@id":"https:\/\/www.encontrabelohorizonte.com.br\/guia\/#website","url":"https:\/\/www.encontrabelohorizonte.com.br\/guia\/","name":"Guia Comercial de Belo Horizonte MG","description":"ENCONTRA BELO HORIZONTE - O guia comercial de neg\u00f3cios e empresas, cultura e divers\u00e3o na cidade de Belo Horizonte. Feito 100% para voc\u00ea morador!","potentialAction":[{"@type":"SearchAction","target":{"@type":"EntryPoint","urlTemplate":"https:\/\/www.encontrabelohorizonte.com.br\/guia\/?s={search_term_string}"},"query-input":{"@type":"PropertyValueSpecification","valueRequired":true,"valueName":"search_term_string"}}],"inLanguage":"pt-BR"},{"@type":"Person","@id":"https:\/\/www.encontrabelohorizonte.com.br\/guia\/#\/schema\/person\/6b792069f07fee9a700a7caa85fb85a9","name":"Encontra Belo Horizonte","image":{"@type":"ImageObject","inLanguage":"pt-BR","@id":"https:\/\/secure.gravatar.com\/avatar\/c50c17820bcf322f0a8fd6b110b8c0918141409dc69076470f6fca5fee70a5d4?s=96&d=mm&r=g","url":"https:\/\/secure.gravatar.com\/avatar\/c50c17820bcf322f0a8fd6b110b8c0918141409dc69076470f6fca5fee70a5d4?s=96&d=mm&r=g","contentUrl":"https:\/\/secure.gravatar.com\/avatar\/c50c17820bcf322f0a8fd6b110b8c0918141409dc69076470f6fca5fee70a5d4?s=96&d=mm&r=g","caption":"Encontra Belo Horizonte"},"url":"https:\/\/www.encontrabelohorizonte.com.br\/guia\/author\/encontrabelohorizonte\/"}]}},"_links":{"self":[{"href":"https:\/\/www.encontrabelohorizonte.com.br\/guia\/wp-json\/wp\/v2\/posts\/14179","targetHints":{"allow":["GET"]}}],"collection":[{"href":"https:\/\/www.encontrabelohorizonte.com.br\/guia\/wp-json\/wp\/v2\/posts"}],"about":[{"href":"https:\/\/www.encontrabelohorizonte.com.br\/guia\/wp-json\/wp\/v2\/types\/post"}],"author":[{"embeddable":true,"href":"https:\/\/www.encontrabelohorizonte.com.br\/guia\/wp-json\/wp\/v2\/users\/1"}],"replies":[{"embeddable":true,"href":"https:\/\/www.encontrabelohorizonte.com.br\/guia\/wp-json\/wp\/v2\/comments?post=14179"}],"version-history":[{"count":0,"href":"https:\/\/www.encontrabelohorizonte.com.br\/guia\/wp-json\/wp\/v2\/posts\/14179\/revisions"}],"wp:featuredmedia":[{"embeddable":true,"href":"https:\/\/www.encontrabelohorizonte.com.br\/guia\/wp-json\/wp\/v2\/media\/14178"}],"wp:attachment":[{"href":"https:\/\/www.encontrabelohorizonte.com.br\/guia\/wp-json\/wp\/v2\/media?parent=14179"}],"wp:term":[{"taxonomy":"category","embeddable":true,"href":"https:\/\/www.encontrabelohorizonte.com.br\/guia\/wp-json\/wp\/v2\/categories?post=14179"},{"taxonomy":"post_tag","embeddable":true,"href":"https:\/\/www.encontrabelohorizonte.com.br\/guia\/wp-json\/wp\/v2\/tags?post=14179"}],"curies":[{"name":"wp","href":"https:\/\/api.w.org\/{rel}","templated":true}]}}