{"id":14215,"date":"2026-01-27T06:15:47","date_gmt":"2026-01-27T09:15:47","guid":{"rendered":"https:\/\/www.encontrabelohorizonte.com.br\/guia\/guerra-do-trafico-impoe-supostas-restricoes-de-circulacao-e-altera-itinerario-de-onibus-em-comunidades-de-bh\/"},"modified":"2026-01-27T06:15:47","modified_gmt":"2026-01-27T09:15:47","slug":"guerra-do-trafico-impoe-supostas-restricoes-de-circulacao-e-altera-itinerario-de-onibus-em-comunidades-de-bh","status":"publish","type":"post","link":"https:\/\/www.encontrabelohorizonte.com.br\/guia\/guerra-do-trafico-impoe-supostas-restricoes-de-circulacao-e-altera-itinerario-de-onibus-em-comunidades-de-bh\/","title":{"rendered":"Guerra do tr\u00e1fico imp\u00f5e supostas restri\u00e7\u00f5es de circula\u00e7\u00e3o e altera itiner\u00e1rio de \u00f4nibus em comunidades de BH"},"content":{"rendered":"<h2>Altera\u00e7\u00f5es no Transporte P\u00fablico devido \u00e0 Viol\u00eancia<\/h2>\n<p>A recente escalada de viol\u00eancia nas comunidades de Vila Cemig e Conjunto Esperan\u00e7a, em Belo Horizonte, levou \u00e0 necessidade de mudan\u00e7as significativas no transporte p\u00fablico local. A Prefeitura decidiu alterar temporariamente os itiner\u00e1rios das linhas de \u00f4nibus 319 e 332 como uma resposta \u00e0s condi\u00e7\u00f5es de seguran\u00e7a emergenciais. A decis\u00e3o foi tomada ap\u00f3s relatos de restri\u00e7\u00f5es impostas por criminosos, visando proteger tanto os passageiros quanto os motoristas que operam nessas \u00e1reas.<\/p>\n<p>Essas altera\u00e7\u00f5es impactaram diretamente a mobilidade dos moradores da regi\u00e3o, gerando desafios adicionais para aqueles que dependem do transporte coletivo para acessar servi\u00e7os essenciais. A administra\u00e7\u00e3o municipal, ciente da situa\u00e7\u00e3o alarmante, fez estas mudan\u00e7as para aumentar a seguran\u00e7a dos cidad\u00e3os e minimizar os riscos associados \u00e0 circula\u00e7\u00e3o de ve\u00edculos nas \u00e1reas afetadas.<\/p>\n<h2>Impacto da Guerra do Tr\u00e1fico na Vida dos Moradores<\/h2>\n<p>A guerra entre fac\u00e7\u00f5es de traficantes em Belo Horizonte levou a uma altera\u00e7\u00e3o dr\u00e1stica na rotina dos residentes. O medo e a inseguran\u00e7a se tornaram parte do cotidiano dos moradores da Vila Cemig e do Conjunto Esperan\u00e7a. Com a intensifica\u00e7\u00e3o de conflitos, muitos se sentem incapazes de sair de casa livremente, limitando suas atividades di\u00e1rias.<\/p>\n<p><img decoding=\"async\" src=\"https:\/\/www.encontrabelohorizonte.com.br\/guia\/wp-content\/uploads\/2026\/01\/guerra-do-trafico-impoe-supostas-restricoes-de-circulacao-e-altera-itinerario-de-onibus-em-comunidad.webp\" alt=\"guerra do tr\u00e1fico\" loading=\"lazy\" \/><\/p>\n<p>Al\u00e9m disso, a dificuldade em acessar servi\u00e7os b\u00e1sicos como sa\u00fade e educa\u00e7\u00e3o \u00e9 evidente. Moradores relataram que \u00e9 um desafio ir ao Centro de Sa\u00fade da comunidade devido \u00e0 situa\u00e7\u00e3o de inseguran\u00e7a crescente. Essa realidade resulta n\u00e3o apenas em danos f\u00edsicos, mas tamb\u00e9m em um impacto psicol\u00f3gico significativo para a comunidade, que vive sob constante press\u00e3o e temor por sua seguran\u00e7a.<\/p>\n<h2>Aumento da Sensa\u00e7\u00e3o de Inseguran\u00e7a na Comunidade<\/h2>\n<p>Desde o in\u00edcio da guerra do tr\u00e1fico, a sensa\u00e7\u00e3o de inseguran\u00e7a tem aumentado consideravelmente na Vila Cemig e no Conjunto Esperan\u00e7a. Casos de viol\u00eancia, incluindo assassinatos e tiroteios, t\u00eam se tornando frequentes. Sentimentos de vulnerabilidade s\u00e3o amplamente compartilhados entre os moradores, que agora enfrentam at\u00e9 mesmo restri\u00e7\u00f5es em sua liberdade de movimento.<\/p>\n<p>As mensagens enviadas via WhatsApp, supostamente de criminosos, que orientam sobre como se comportar ao entrar nas comunidades s\u00e3o um reflexo da tens\u00e3o crescente. Os avisos indicam que qualquer ve\u00edculo n\u00e3o identificado pode ser visto como uma amea\u00e7a, exacerbando ainda mais o clima de desconfian\u00e7a e medo nos moradores.<\/p>\n<h2>A Resposta da Pol\u00edcia ao Crescente Tr\u00e1fico de Drogas<\/h2>\n<p>Em resposta \u00e0 viol\u00eancia crescente, a Pol\u00edcia Militar de Minas Gerais intensificou sua presen\u00e7a nas comunidades afetadas. Com opera\u00e7\u00f5es direcionadas e um aumento no efetivo, a pol\u00edcia trabalha para restaurar a seguran\u00e7a nas \u00e1reas afetadas. Contudo, a efic\u00e1cia dessas a\u00e7\u00f5es tem sido questionada, j\u00e1 que o tr\u00e1fico de drogas continua a desestabilizar a paz na regi\u00e3o.<\/p>\n<p>A pol\u00edcia lan\u00e7ou apelos para que a popula\u00e7\u00e3o colabore, almejando que informa\u00e7\u00f5es sobre atividades suspeitas sejam reportadas. O anonimato \u00e9 garantido para aqueles que desejam alertar as autoridades sobre situa\u00e7\u00f5es potencialmente perigosas, mas muitos moradores se sentem hesitantes em se envolver, dado o medo de repres\u00e1lias.<\/p>\n<h2>Hist\u00f3rias de Moradores Afetados pela Viol\u00eancia<\/h2>\n<p>A rotina de muitos moradores da Vila Cemig e do Conjunto Esperan\u00e7a foi completamente transformada devido \u00e0 viol\u00eancia. Um residente do Conjunto Esperan\u00e7a compartilhou que a necessidade de precau\u00e7\u00f5es extras ao sair de casa se tornou uma norma. O temor de se tornar uma v\u00edtima da guerra do tr\u00e1fico \u00e9 palp\u00e1vel e muitas pessoas relatam que consideram a possibilidade de mudar-se para longe da comunidade.<\/p>\n<p>Casos de pessoas inocentes sendo atingidas por balas perdidas, como o assassinato de um homem errado em uma a\u00e7\u00e3o que tinha outro alvo, s\u00e3o riscos que transitam diariamente entre os moradores, intensificando o clima de apreens\u00e3o e desola\u00e7\u00e3o.<\/p>\n<h2>Como os Criminosos Est\u00e3o Impedindo a Circula\u00e7\u00e3o<\/h2>\n<p>Os grupos criminosos mobilizam o controle territorial atrav\u00e9s do uso da viol\u00eancia e intimida\u00e7\u00e3o. As instru\u00e7\u00f5es passadas aos motoristas de \u00f4nibus, que incluem manobras como abaixar far\u00f3is e acender luzes internas, demonstram como os traficantes tentam impor suas regras na regi\u00e3o. Essas a\u00e7\u00f5es n\u00e3o s\u00f3 perturbam a vida quotidiana dos moradores, mas tamb\u00e9m demonstram um poder crescente sobre os servi\u00e7os p\u00fablicos e a vida urbana.<\/p>\n<p>Assim, a liberdade de circula\u00e7\u00e3o, que \u00e9 essential para um funcionamento normal da sociedade, \u00e9 severamente restringida, ressaltando a deteriora\u00e7\u00e3o da infraestrutura social e estabilidade na regi\u00e3o.<\/p>\n<h2>O Papel das Mensagens WhatsApp na Crise<\/h2>\n<p>As mensagens disseminadas pelo WhatsApp refletem a influ\u00eancia e controle que os criminosos exercem sobre a comunidade. Atrav\u00e9s de avisos e diretrizes direcionadas aos moradores, o crime organizado busca estabelecer um clima de medo e submiss\u00e3o. A tecnologia, que deveria facilitar a comunica\u00e7\u00e3o e organiza\u00e7\u00e3o da sociedade, \u00e9 ent\u00e3o utilizada para manipula\u00e7\u00e3o e intimida\u00e7\u00e3o.<\/p>\n<p>A circula\u00e7\u00e3o dessas mensagens n\u00e3o apenas amplifica o p\u00e2nico, mas tamb\u00e9m serve como um meio de controle social, onde a popula\u00e7\u00e3o \u00e9 for\u00e7ada a se adaptar \u00e0s regras ditadas pelos criminosos. Essa din\u00e2mica cria uma realidade distorcida em que a pr\u00f3pria comunidade se v\u00ea dividida entre a necessidade de afirma\u00e7\u00e3o de sua seguran\u00e7a e a press\u00e3o da criminalidade.<\/p>\n<h2>Vis\u00e3o Geral da Escalada da Viol\u00eancia em Belo Horizonte<\/h2>\n<p>Os \u00faltimos meses t\u00eam demonstrado um aumento nos confrontos violentos entre fac\u00e7\u00f5es rivais no entorno de Belo Horizonte. Com um hist\u00f3rico de conflitos relacionados ao tr\u00e1fico de drogas que se intensifica desde dezembro passado, as comunidades da Vila Cemig e do Conjunto Esperan\u00e7a tornaram-se epicentros desta viol\u00eancia. Tais eventos n\u00e3o s\u00e3o isolados, mas parte de um padr\u00e3o mais amplo de descontrole e criminalidade que afeta diversas \u00e1reas da cidade.<\/p>\n<p>A complexidade da situa\u00e7\u00e3o exige que tanto as autoridades locais quanto as comunidades afetadas colaborem para encontrar solu\u00e7\u00f5es sustent\u00e1veis. Somente com um esfor\u00e7o conjunto ser\u00e1 poss\u00edvel reverter a escalada de viol\u00eancia e restaurar a seguran\u00e7a p\u00fablica nessas \u00e1reas.<\/p>\n<h2>Mudan\u00e7as de Itiner\u00e1rio e Seus Efeitos<\/h2>\n<p>A ado\u00e7\u00e3o de novas rotas para os \u00f4nibus evidencia diretamente a fragilidade da situa\u00e7\u00e3o. As altera\u00e7\u00f5es no itiner\u00e1rio representam um reflexo das condi\u00e7\u00f5es inseguras que afetam o transporte p\u00fablico, enquanto tamb\u00e9m sublinham a desconfian\u00e7a crescente entre as autoridades e as comunidades. A adapta\u00e7\u00e3o do servi\u00e7o de transporte aos desafios impostos pela criminalidade \u00e9 necess\u00e1ria, mas tamb\u00e9m gera incertezas a respeito da efetividade das respostas de seguran\u00e7a no local.<\/p>\n<p>Os impactos s\u00e3o profundos, visto que os moradores que dependem do transporte p\u00fablico s\u00e3o os mais afetados, resultando em longas esperas e planejamento improvisado. Essa mudan\u00e7a n\u00e3o s\u00f3 altera a din\u00e2mica de deslocamento, mas tamb\u00e9m afeta a capacidade de acesso \u00e0 educa\u00e7\u00e3o, sa\u00fade e trabalho.<\/p>\n<h2>Iniciativas da Prefeitura para Restabelecer a Seguran\u00e7a<\/h2>\n<p>A Prefeitura de Belo Horizonte busca, de diversas maneiras, restaurar a ordem e a confian\u00e7a da popula\u00e7\u00e3o. Al\u00e9m da reavalia\u00e7\u00e3o das rotas de \u00f4nibus, as opera\u00e7\u00f5es de policiamento e as campanhas de conscientiza\u00e7\u00e3o s\u00e3o algumas das respostas da Administra\u00e7\u00e3o. O uso de patrulhas comunit\u00e1rias para interagir diretamente com residentes \u00e9 uma estrat\u00e9gia adotada para criar um canal de confian\u00e7a entre a popula\u00e7\u00e3o e as for\u00e7as de seguran\u00e7a.<\/p>\n<p>Contudo, as a\u00e7\u00f5es precisam ser r\u00e1pidas e eficazes, uma vez que a situa\u00e7\u00e3o permanece tensa e um verdadeiro esfor\u00e7o deve ser feito para garantir a seguran\u00e7a da comunidade. O sucesso dessas iniciativas depende n\u00e3o apenas da presen\u00e7a da pol\u00edcia, mas tamb\u00e9m da colabora\u00e7\u00e3o da comunidade, que deve se sentir incentivada a se manifestar sobre suas preocupa\u00e7\u00f5es sem medo de repres\u00e1lias.<\/p>\n<p>Em s\u00edntese, a guerra do tr\u00e1fico em Belo Horizonte trouxe impactos dr\u00e1sticos \u00e0 vida nas comunidades. A necessidade de altera\u00e7\u00f5es nas rotas de \u00f4nibus, o aumento do medo e as restri\u00e7\u00f5es impostas pelos criminosos tornaram-se parte do cotidiano dos moradores, que buscam uma solu\u00e7\u00e3o para a inseguran\u00e7a que os aflige. Enquanto a pol\u00edcia e a prefeitura tentam restabelecer a ordem, a colabora\u00e7\u00e3o e a participa\u00e7\u00e3o ativa da popula\u00e7\u00e3o s\u00e3o essenciais para a constru\u00e7\u00e3o de um ambiente mais seguro para todos.<\/p>\n","protected":false},"excerpt":{"rendered":"<p>Guerra do tr\u00e1fico altera a rotina de comunidades em Belo Horizonte.<\/p>\n","protected":false},"author":1,"featured_media":14214,"comment_status":"open","ping_status":"open","sticky":false,"template":"","format":"standard","meta":{"footnotes":""},"categories":[5],"tags":[],"class_list":["post-14215","post","type-post","status-publish","format-standard","has-post-thumbnail","hentry","category-noticias","has_thumb"],"yoast_head":"<!-- This site is optimized with the Yoast SEO plugin v28.2 - https:\/\/yoast.com\/product\/yoast-seo-wordpress\/ -->\n<title>Guerra do tr\u00e1fico imp\u00f5e supostas restri\u00e7\u00f5es de circula\u00e7\u00e3o e altera itiner\u00e1rio de \u00f4nibus em comunidades de BH | Guia Comercial de Belo Horizonte MG<\/title>\n<meta name=\"robots\" content=\"index, follow, max-snippet:-1, max-image-preview:large, max-video-preview:-1\" \/>\n<link rel=\"canonical\" href=\"https:\/\/www.encontrabelohorizonte.com.br\/guia\/guerra-do-trafico-impoe-supostas-restricoes-de-circulacao-e-altera-itinerario-de-onibus-em-comunidades-de-bh\/\" \/>\n<meta property=\"og:locale\" content=\"pt_BR\" \/>\n<meta property=\"og:type\" content=\"article\" \/>\n<meta property=\"og:title\" content=\"Guerra do tr\u00e1fico imp\u00f5e supostas restri\u00e7\u00f5es de circula\u00e7\u00e3o e altera itiner\u00e1rio de \u00f4nibus em comunidades de BH | Guia Comercial de Belo Horizonte MG\" \/>\n<meta property=\"og:description\" content=\"Guerra do tr\u00e1fico altera a rotina de comunidades em Belo Horizonte.\" \/>\n<meta property=\"og:url\" content=\"https:\/\/www.encontrabelohorizonte.com.br\/guia\/guerra-do-trafico-impoe-supostas-restricoes-de-circulacao-e-altera-itinerario-de-onibus-em-comunidades-de-bh\/\" \/>\n<meta property=\"og:site_name\" content=\"Guia Comercial de Belo Horizonte MG\" \/>\n<meta property=\"article:published_time\" content=\"2026-01-27T09:15:47+00:00\" \/>\n<meta property=\"og:image\" content=\"https:\/\/www.encontrabelohorizonte.com.br\/guia\/wp-content\/uploads\/2026\/01\/guerra-do-trafico-impoe-supostas-restricoes-de-circulacao-e-altera-itinerario-de-onibus-em-comunidad.webp\" \/>\n\t<meta property=\"og:image:width\" content=\"280\" \/>\n\t<meta property=\"og:image:height\" content=\"280\" \/>\n\t<meta property=\"og:image:type\" content=\"image\/webp\" \/>\n<meta name=\"author\" content=\"Encontra Belo Horizonte\" \/>\n<meta name=\"twitter:card\" content=\"summary_large_image\" \/>\n<meta name=\"twitter:label1\" content=\"Escrito por\" \/>\n\t<meta name=\"twitter:data1\" content=\"Encontra Belo Horizonte\" \/>\n\t<meta name=\"twitter:label2\" content=\"Est. tempo de leitura\" \/>\n\t<meta name=\"twitter:data2\" content=\"7 minutos\" \/>\n<script type=\"application\/ld+json\" class=\"yoast-schema-graph\">{\"@context\":\"https:\\\/\\\/schema.org\",\"@graph\":[{\"@type\":\"Article\",\"@id\":\"https:\\\/\\\/www.encontrabelohorizonte.com.br\\\/guia\\\/guerra-do-trafico-impoe-supostas-restricoes-de-circulacao-e-altera-itinerario-de-onibus-em-comunidades-de-bh\\\/#article\",\"isPartOf\":{\"@id\":\"https:\\\/\\\/www.encontrabelohorizonte.com.br\\\/guia\\\/guerra-do-trafico-impoe-supostas-restricoes-de-circulacao-e-altera-itinerario-de-onibus-em-comunidades-de-bh\\\/\"},\"author\":{\"name\":\"Encontra Belo Horizonte\",\"@id\":\"https:\\\/\\\/www.encontrabelohorizonte.com.br\\\/guia\\\/#\\\/schema\\\/person\\\/6b792069f07fee9a700a7caa85fb85a9\"},\"headline\":\"Guerra do tr\u00e1fico imp\u00f5e supostas restri\u00e7\u00f5es de circula\u00e7\u00e3o e altera itiner\u00e1rio de \u00f4nibus em comunidades de BH\",\"datePublished\":\"2026-01-27T09:15:47+00:00\",\"mainEntityOfPage\":{\"@id\":\"https:\\\/\\\/www.encontrabelohorizonte.com.br\\\/guia\\\/guerra-do-trafico-impoe-supostas-restricoes-de-circulacao-e-altera-itinerario-de-onibus-em-comunidades-de-bh\\\/\"},\"wordCount\":1463,\"commentCount\":0,\"image\":{\"@id\":\"https:\\\/\\\/www.encontrabelohorizonte.com.br\\\/guia\\\/guerra-do-trafico-impoe-supostas-restricoes-de-circulacao-e-altera-itinerario-de-onibus-em-comunidades-de-bh\\\/#primaryimage\"},\"thumbnailUrl\":\"https:\\\/\\\/www.encontrabelohorizonte.com.br\\\/guia\\\/wp-content\\\/uploads\\\/2026\\\/01\\\/guerra-do-trafico-impoe-supostas-restricoes-de-circulacao-e-altera-itinerario-de-onibus-em-comunidad.webp\",\"articleSection\":[\"Not\u00edcias Belo Horizonte\"],\"inLanguage\":\"pt-BR\",\"potentialAction\":[{\"@type\":\"CommentAction\",\"name\":\"Comment\",\"target\":[\"https:\\\/\\\/www.encontrabelohorizonte.com.br\\\/guia\\\/guerra-do-trafico-impoe-supostas-restricoes-de-circulacao-e-altera-itinerario-de-onibus-em-comunidades-de-bh\\\/#respond\"]}]},{\"@type\":\"WebPage\",\"@id\":\"https:\\\/\\\/www.encontrabelohorizonte.com.br\\\/guia\\\/guerra-do-trafico-impoe-supostas-restricoes-de-circulacao-e-altera-itinerario-de-onibus-em-comunidades-de-bh\\\/\",\"url\":\"https:\\\/\\\/www.encontrabelohorizonte.com.br\\\/guia\\\/guerra-do-trafico-impoe-supostas-restricoes-de-circulacao-e-altera-itinerario-de-onibus-em-comunidades-de-bh\\\/\",\"name\":\"Guerra do tr\u00e1fico imp\u00f5e supostas restri\u00e7\u00f5es de circula\u00e7\u00e3o e altera itiner\u00e1rio de \u00f4nibus em comunidades de BH | Guia Comercial de Belo Horizonte MG\",\"isPartOf\":{\"@id\":\"https:\\\/\\\/www.encontrabelohorizonte.com.br\\\/guia\\\/#website\"},\"primaryImageOfPage\":{\"@id\":\"https:\\\/\\\/www.encontrabelohorizonte.com.br\\\/guia\\\/guerra-do-trafico-impoe-supostas-restricoes-de-circulacao-e-altera-itinerario-de-onibus-em-comunidades-de-bh\\\/#primaryimage\"},\"image\":{\"@id\":\"https:\\\/\\\/www.encontrabelohorizonte.com.br\\\/guia\\\/guerra-do-trafico-impoe-supostas-restricoes-de-circulacao-e-altera-itinerario-de-onibus-em-comunidades-de-bh\\\/#primaryimage\"},\"thumbnailUrl\":\"https:\\\/\\\/www.encontrabelohorizonte.com.br\\\/guia\\\/wp-content\\\/uploads\\\/2026\\\/01\\\/guerra-do-trafico-impoe-supostas-restricoes-de-circulacao-e-altera-itinerario-de-onibus-em-comunidad.webp\",\"datePublished\":\"2026-01-27T09:15:47+00:00\",\"author\":{\"@id\":\"https:\\\/\\\/www.encontrabelohorizonte.com.br\\\/guia\\\/#\\\/schema\\\/person\\\/6b792069f07fee9a700a7caa85fb85a9\"},\"inLanguage\":\"pt-BR\",\"potentialAction\":[{\"@type\":\"ReadAction\",\"target\":[\"https:\\\/\\\/www.encontrabelohorizonte.com.br\\\/guia\\\/guerra-do-trafico-impoe-supostas-restricoes-de-circulacao-e-altera-itinerario-de-onibus-em-comunidades-de-bh\\\/\"]}]},{\"@type\":\"ImageObject\",\"inLanguage\":\"pt-BR\",\"@id\":\"https:\\\/\\\/www.encontrabelohorizonte.com.br\\\/guia\\\/guerra-do-trafico-impoe-supostas-restricoes-de-circulacao-e-altera-itinerario-de-onibus-em-comunidades-de-bh\\\/#primaryimage\",\"url\":\"https:\\\/\\\/www.encontrabelohorizonte.com.br\\\/guia\\\/wp-content\\\/uploads\\\/2026\\\/01\\\/guerra-do-trafico-impoe-supostas-restricoes-de-circulacao-e-altera-itinerario-de-onibus-em-comunidad.webp\",\"contentUrl\":\"https:\\\/\\\/www.encontrabelohorizonte.com.br\\\/guia\\\/wp-content\\\/uploads\\\/2026\\\/01\\\/guerra-do-trafico-impoe-supostas-restricoes-de-circulacao-e-altera-itinerario-de-onibus-em-comunidad.webp\",\"width\":280,\"height\":280,\"caption\":\"guerra do tr\u00e1fico\"},{\"@type\":\"WebSite\",\"@id\":\"https:\\\/\\\/www.encontrabelohorizonte.com.br\\\/guia\\\/#website\",\"url\":\"https:\\\/\\\/www.encontrabelohorizonte.com.br\\\/guia\\\/\",\"name\":\"Guia Comercial de Belo Horizonte MG\",\"description\":\"ENCONTRA BELO HORIZONTE - O guia comercial de neg\u00f3cios e empresas, cultura e divers\u00e3o na cidade de Belo Horizonte. Feito 100% para voc\u00ea morador!\",\"potentialAction\":[{\"@type\":\"SearchAction\",\"target\":{\"@type\":\"EntryPoint\",\"urlTemplate\":\"https:\\\/\\\/www.encontrabelohorizonte.com.br\\\/guia\\\/?s={search_term_string}\"},\"query-input\":{\"@type\":\"PropertyValueSpecification\",\"valueRequired\":true,\"valueName\":\"search_term_string\"}}],\"inLanguage\":\"pt-BR\"},{\"@type\":\"Person\",\"@id\":\"https:\\\/\\\/www.encontrabelohorizonte.com.br\\\/guia\\\/#\\\/schema\\\/person\\\/6b792069f07fee9a700a7caa85fb85a9\",\"name\":\"Encontra Belo Horizonte\",\"image\":{\"@type\":\"ImageObject\",\"inLanguage\":\"pt-BR\",\"@id\":\"https:\\\/\\\/secure.gravatar.com\\\/avatar\\\/c50c17820bcf322f0a8fd6b110b8c0918141409dc69076470f6fca5fee70a5d4?s=96&d=mm&r=g\",\"url\":\"https:\\\/\\\/secure.gravatar.com\\\/avatar\\\/c50c17820bcf322f0a8fd6b110b8c0918141409dc69076470f6fca5fee70a5d4?s=96&d=mm&r=g\",\"contentUrl\":\"https:\\\/\\\/secure.gravatar.com\\\/avatar\\\/c50c17820bcf322f0a8fd6b110b8c0918141409dc69076470f6fca5fee70a5d4?s=96&d=mm&r=g\",\"caption\":\"Encontra Belo Horizonte\"},\"url\":\"https:\\\/\\\/www.encontrabelohorizonte.com.br\\\/guia\\\/author\\\/encontrabelohorizonte\\\/\"}]}<\/script>\n<!-- \/ Yoast SEO plugin. -->","yoast_head_json":{"title":"Guerra do tr\u00e1fico imp\u00f5e supostas restri\u00e7\u00f5es de circula\u00e7\u00e3o e altera itiner\u00e1rio de \u00f4nibus em comunidades de BH | Guia Comercial de Belo Horizonte MG","robots":{"index":"index","follow":"follow","max-snippet":"max-snippet:-1","max-image-preview":"max-image-preview:large","max-video-preview":"max-video-preview:-1"},"canonical":"https:\/\/www.encontrabelohorizonte.com.br\/guia\/guerra-do-trafico-impoe-supostas-restricoes-de-circulacao-e-altera-itinerario-de-onibus-em-comunidades-de-bh\/","og_locale":"pt_BR","og_type":"article","og_title":"Guerra do tr\u00e1fico imp\u00f5e supostas restri\u00e7\u00f5es de circula\u00e7\u00e3o e altera itiner\u00e1rio de \u00f4nibus em comunidades de BH | Guia Comercial de Belo Horizonte MG","og_description":"Guerra do tr\u00e1fico altera a rotina de comunidades em Belo Horizonte.","og_url":"https:\/\/www.encontrabelohorizonte.com.br\/guia\/guerra-do-trafico-impoe-supostas-restricoes-de-circulacao-e-altera-itinerario-de-onibus-em-comunidades-de-bh\/","og_site_name":"Guia Comercial de Belo Horizonte MG","article_published_time":"2026-01-27T09:15:47+00:00","og_image":[{"width":280,"height":280,"url":"https:\/\/www.encontrabelohorizonte.com.br\/guia\/wp-content\/uploads\/2026\/01\/guerra-do-trafico-impoe-supostas-restricoes-de-circulacao-e-altera-itinerario-de-onibus-em-comunidad.webp","type":"image\/webp"}],"author":"Encontra Belo Horizonte","twitter_card":"summary_large_image","twitter_misc":{"Escrito por":"Encontra Belo Horizonte","Est. tempo de leitura":"7 minutos"},"schema":{"@context":"https:\/\/schema.org","@graph":[{"@type":"Article","@id":"https:\/\/www.encontrabelohorizonte.com.br\/guia\/guerra-do-trafico-impoe-supostas-restricoes-de-circulacao-e-altera-itinerario-de-onibus-em-comunidades-de-bh\/#article","isPartOf":{"@id":"https:\/\/www.encontrabelohorizonte.com.br\/guia\/guerra-do-trafico-impoe-supostas-restricoes-de-circulacao-e-altera-itinerario-de-onibus-em-comunidades-de-bh\/"},"author":{"name":"Encontra Belo Horizonte","@id":"https:\/\/www.encontrabelohorizonte.com.br\/guia\/#\/schema\/person\/6b792069f07fee9a700a7caa85fb85a9"},"headline":"Guerra do tr\u00e1fico imp\u00f5e supostas restri\u00e7\u00f5es de circula\u00e7\u00e3o e altera itiner\u00e1rio de \u00f4nibus em comunidades de BH","datePublished":"2026-01-27T09:15:47+00:00","mainEntityOfPage":{"@id":"https:\/\/www.encontrabelohorizonte.com.br\/guia\/guerra-do-trafico-impoe-supostas-restricoes-de-circulacao-e-altera-itinerario-de-onibus-em-comunidades-de-bh\/"},"wordCount":1463,"commentCount":0,"image":{"@id":"https:\/\/www.encontrabelohorizonte.com.br\/guia\/guerra-do-trafico-impoe-supostas-restricoes-de-circulacao-e-altera-itinerario-de-onibus-em-comunidades-de-bh\/#primaryimage"},"thumbnailUrl":"https:\/\/www.encontrabelohorizonte.com.br\/guia\/wp-content\/uploads\/2026\/01\/guerra-do-trafico-impoe-supostas-restricoes-de-circulacao-e-altera-itinerario-de-onibus-em-comunidad.webp","articleSection":["Not\u00edcias Belo Horizonte"],"inLanguage":"pt-BR","potentialAction":[{"@type":"CommentAction","name":"Comment","target":["https:\/\/www.encontrabelohorizonte.com.br\/guia\/guerra-do-trafico-impoe-supostas-restricoes-de-circulacao-e-altera-itinerario-de-onibus-em-comunidades-de-bh\/#respond"]}]},{"@type":"WebPage","@id":"https:\/\/www.encontrabelohorizonte.com.br\/guia\/guerra-do-trafico-impoe-supostas-restricoes-de-circulacao-e-altera-itinerario-de-onibus-em-comunidades-de-bh\/","url":"https:\/\/www.encontrabelohorizonte.com.br\/guia\/guerra-do-trafico-impoe-supostas-restricoes-de-circulacao-e-altera-itinerario-de-onibus-em-comunidades-de-bh\/","name":"Guerra do tr\u00e1fico imp\u00f5e supostas restri\u00e7\u00f5es de circula\u00e7\u00e3o e altera itiner\u00e1rio de \u00f4nibus em comunidades de BH | Guia Comercial de Belo Horizonte MG","isPartOf":{"@id":"https:\/\/www.encontrabelohorizonte.com.br\/guia\/#website"},"primaryImageOfPage":{"@id":"https:\/\/www.encontrabelohorizonte.com.br\/guia\/guerra-do-trafico-impoe-supostas-restricoes-de-circulacao-e-altera-itinerario-de-onibus-em-comunidades-de-bh\/#primaryimage"},"image":{"@id":"https:\/\/www.encontrabelohorizonte.com.br\/guia\/guerra-do-trafico-impoe-supostas-restricoes-de-circulacao-e-altera-itinerario-de-onibus-em-comunidades-de-bh\/#primaryimage"},"thumbnailUrl":"https:\/\/www.encontrabelohorizonte.com.br\/guia\/wp-content\/uploads\/2026\/01\/guerra-do-trafico-impoe-supostas-restricoes-de-circulacao-e-altera-itinerario-de-onibus-em-comunidad.webp","datePublished":"2026-01-27T09:15:47+00:00","author":{"@id":"https:\/\/www.encontrabelohorizonte.com.br\/guia\/#\/schema\/person\/6b792069f07fee9a700a7caa85fb85a9"},"inLanguage":"pt-BR","potentialAction":[{"@type":"ReadAction","target":["https:\/\/www.encontrabelohorizonte.com.br\/guia\/guerra-do-trafico-impoe-supostas-restricoes-de-circulacao-e-altera-itinerario-de-onibus-em-comunidades-de-bh\/"]}]},{"@type":"ImageObject","inLanguage":"pt-BR","@id":"https:\/\/www.encontrabelohorizonte.com.br\/guia\/guerra-do-trafico-impoe-supostas-restricoes-de-circulacao-e-altera-itinerario-de-onibus-em-comunidades-de-bh\/#primaryimage","url":"https:\/\/www.encontrabelohorizonte.com.br\/guia\/wp-content\/uploads\/2026\/01\/guerra-do-trafico-impoe-supostas-restricoes-de-circulacao-e-altera-itinerario-de-onibus-em-comunidad.webp","contentUrl":"https:\/\/www.encontrabelohorizonte.com.br\/guia\/wp-content\/uploads\/2026\/01\/guerra-do-trafico-impoe-supostas-restricoes-de-circulacao-e-altera-itinerario-de-onibus-em-comunidad.webp","width":280,"height":280,"caption":"guerra do tr\u00e1fico"},{"@type":"WebSite","@id":"https:\/\/www.encontrabelohorizonte.com.br\/guia\/#website","url":"https:\/\/www.encontrabelohorizonte.com.br\/guia\/","name":"Guia Comercial de Belo Horizonte MG","description":"ENCONTRA BELO HORIZONTE - O guia comercial de neg\u00f3cios e empresas, cultura e divers\u00e3o na cidade de Belo Horizonte. Feito 100% para voc\u00ea morador!","potentialAction":[{"@type":"SearchAction","target":{"@type":"EntryPoint","urlTemplate":"https:\/\/www.encontrabelohorizonte.com.br\/guia\/?s={search_term_string}"},"query-input":{"@type":"PropertyValueSpecification","valueRequired":true,"valueName":"search_term_string"}}],"inLanguage":"pt-BR"},{"@type":"Person","@id":"https:\/\/www.encontrabelohorizonte.com.br\/guia\/#\/schema\/person\/6b792069f07fee9a700a7caa85fb85a9","name":"Encontra Belo Horizonte","image":{"@type":"ImageObject","inLanguage":"pt-BR","@id":"https:\/\/secure.gravatar.com\/avatar\/c50c17820bcf322f0a8fd6b110b8c0918141409dc69076470f6fca5fee70a5d4?s=96&d=mm&r=g","url":"https:\/\/secure.gravatar.com\/avatar\/c50c17820bcf322f0a8fd6b110b8c0918141409dc69076470f6fca5fee70a5d4?s=96&d=mm&r=g","contentUrl":"https:\/\/secure.gravatar.com\/avatar\/c50c17820bcf322f0a8fd6b110b8c0918141409dc69076470f6fca5fee70a5d4?s=96&d=mm&r=g","caption":"Encontra Belo Horizonte"},"url":"https:\/\/www.encontrabelohorizonte.com.br\/guia\/author\/encontrabelohorizonte\/"}]}},"_links":{"self":[{"href":"https:\/\/www.encontrabelohorizonte.com.br\/guia\/wp-json\/wp\/v2\/posts\/14215","targetHints":{"allow":["GET"]}}],"collection":[{"href":"https:\/\/www.encontrabelohorizonte.com.br\/guia\/wp-json\/wp\/v2\/posts"}],"about":[{"href":"https:\/\/www.encontrabelohorizonte.com.br\/guia\/wp-json\/wp\/v2\/types\/post"}],"author":[{"embeddable":true,"href":"https:\/\/www.encontrabelohorizonte.com.br\/guia\/wp-json\/wp\/v2\/users\/1"}],"replies":[{"embeddable":true,"href":"https:\/\/www.encontrabelohorizonte.com.br\/guia\/wp-json\/wp\/v2\/comments?post=14215"}],"version-history":[{"count":0,"href":"https:\/\/www.encontrabelohorizonte.com.br\/guia\/wp-json\/wp\/v2\/posts\/14215\/revisions"}],"wp:featuredmedia":[{"embeddable":true,"href":"https:\/\/www.encontrabelohorizonte.com.br\/guia\/wp-json\/wp\/v2\/media\/14214"}],"wp:attachment":[{"href":"https:\/\/www.encontrabelohorizonte.com.br\/guia\/wp-json\/wp\/v2\/media?parent=14215"}],"wp:term":[{"taxonomy":"category","embeddable":true,"href":"https:\/\/www.encontrabelohorizonte.com.br\/guia\/wp-json\/wp\/v2\/categories?post=14215"},{"taxonomy":"post_tag","embeddable":true,"href":"https:\/\/www.encontrabelohorizonte.com.br\/guia\/wp-json\/wp\/v2\/tags?post=14215"}],"curies":[{"name":"wp","href":"https:\/\/api.w.org\/{rel}","templated":true}]}}