{"id":14252,"date":"2026-02-05T06:14:24","date_gmt":"2026-02-05T09:14:24","guid":{"rendered":"https:\/\/www.encontrabelohorizonte.com.br\/guia\/janeiro-teve-chuva-acima-da-media-em-bh-tempo-deve-seguir-chuvoso-nos-primeiros-dias-de-fevereiro\/"},"modified":"2026-02-05T06:14:24","modified_gmt":"2026-02-05T09:14:24","slug":"janeiro-teve-chuva-acima-da-media-em-bh-tempo-deve-seguir-chuvoso-nos-primeiros-dias-de-fevereiro","status":"publish","type":"post","link":"https:\/\/www.encontrabelohorizonte.com.br\/guia\/janeiro-teve-chuva-acima-da-media-em-bh-tempo-deve-seguir-chuvoso-nos-primeiros-dias-de-fevereiro\/","title":{"rendered":"Janeiro teve chuva acima da m\u00e9dia em BH; tempo deve seguir chuvoso nos primeiros dias de fevereiro"},"content":{"rendered":"<h2>Janeiro: Um M\u00eas Chuvoso em Belo Horizonte<\/h2>\n<p>No m\u00eas de janeiro de 2026, Belo Horizonte vivenciou um dos per\u00edodos mais chuvosos da \u00faltima d\u00e9cada, conforme indicado pelas medi\u00e7\u00f5es da Defesa Civil. Este cen\u00e1rio trouxe grandes preocupa\u00e7\u00f5es n\u00e3o apenas para os moradores, mas tamb\u00e9m para os comerciantes, especialmente nas \u00e1reas propensas a alagamentos e deslizamentos.<\/p>\n<h2>Impacto das Chuvas na Popula\u00e7\u00e3o Local<\/h2>\n<p>O excesso de precipit a\u00e7\u00e3o teve um efeito consider\u00e1vel nas atividades di\u00e1rias da popula\u00e7\u00e3o. Muitos cidad\u00e3os expressaram suas apreens\u00f5es sobre os poss\u00edveis danos causados pelas chuvas, especialmente os que residem em regi\u00f5es de encosta e nas proximidades de corpos d&#8217;\u00e1gua que costumam transbordar.<\/p>\n<h2>Regi\u00f5es Mais Afetadas pelas Chuvas<\/h2>\n<p>Entre as diversas \u00e1reas afetadas, a Regi\u00e3o Oeste de Belo Horizonte se destacou, acumulando aproximadamente 485 mil\u00edmetros de precipita\u00e7\u00e3o. A esta\u00e7\u00e3o meteorol\u00f3gica localizada na Avenida Raja Gabaglia, na Regi\u00e3o Centro-Sul, registrou um volume de chuva cerca de 15% superior ao esperado, totalizando quase 380 mil\u00edmetros.<\/p>\n<p><img decoding=\"async\" src=\"https:\/\/www.encontrabelohorizonte.com.br\/guia\/wp-content\/uploads\/2026\/02\/janeiro-teve-chuva-acima-da-media-em-bh-tempo-deve-seguir-chuvoso-nos-primeiros-dias-de-fevereiro.webp\" alt=\"chuva acima da m\u00e9dia em BH\" loading=\"lazy\" \/><\/p>\n<h2>Aumento da Precipita\u00e7\u00e3o em Janeiro<\/h2>\n<p>O desempenho de janeiro foi significativo, classificando-se como o quarto m\u00eas mais chuvoso dos \u00faltimos dez anos. O Instituto Nacional de Meteorologia (Inmet) confirmou que essa quantidade de chuva ultrapassou a m\u00e9dia hist\u00f3rica da cidade, o que evidencia as mudan\u00e7as nos padr\u00f5es clim\u00e1ticos locais.<\/p>\n<h2>Sintomas de Alerta nas Comunidades<\/h2>\n<p>O aumento das chuvas trouxe \u00e0 tona preocupa\u00e7\u00f5es em diversas comunidades, especialmente entre os comerciantes que atuam em \u00e1reas vulner\u00e1veis. Rafael C\u00e2mara, um comerciante da Avenida Bernardo Vasconcelos, relatou que a \u00faltima chuva atingiu n\u00edveis alarmantes: &#8220;A \u00e1gua quase chegou ao \u00faltimo degrau da cal\u00e7ada. Cada vez que chove mais forte, a ansiedade aumenta. Estamos sempre em alerta pela Defesa Civil. \u00c9 angustiante.&#8221;<\/p>\n<h2>Previs\u00e3o de Fevereiro: O Que Esperar?<\/h2>\n<p>De acordo com as previs\u00f5es meteorol\u00f3gicas, Belo Horizonte dever\u00e1 continuar enfrentando clima chuvoso pelo menos at\u00e9 o dia 10 de fevereiro. Ap\u00f3s essa data, espera-se que a intensidade das precipita\u00e7\u00f5es diminua e se estabilize em n\u00edveis mais pr\u00f3ximos da m\u00e9dia hist\u00f3rica de 178 mil\u00edmetros para o m\u00eas.<\/p>\n<h2>Os Riscos de Deslizamentos em BH<\/h2>\n<p>A situa\u00e7\u00e3o clim\u00e1tica traz um s\u00e9rio risco de deslizamentos, especialmente nas \u00e1reas de encosta. No in\u00edcio de fevereiro, a prefeitura emitiu alertas significativos para as regi\u00f5es de Pampulha e Norte, onde os riscos s\u00e3o considerados elevados. Nas demais regi\u00f5es, como Venda Nova e Centro-Sul, o risco permanece moderado.<\/p>\n<h2>O Papel da Defesa Civil nas Emerg\u00eancias<\/h2>\n<p>A Defesa Civil desempenha um papel fundamental em situa\u00e7\u00f5es de emerg\u00eancia. O \u00f3rg\u00e3o \u00e9 respons\u00e1vel por alertar e orientar a popula\u00e7\u00e3o sobre os riscos das chuvas intensas e excessivas. As evacua\u00e7\u00f5es preventivas de moradores de \u00e1reas vulner\u00e1veis s\u00e3o uma das medidas utilizadas para minimizar impactos.<\/p>\n<h2>A Import\u00e2ncia da Prepara\u00e7\u00e3o para as Chuvas<\/h2>\n<p>A prepara\u00e7\u00e3o e conscientiza\u00e7\u00e3o da popula\u00e7\u00e3o s\u00e3o a\u00e7\u00f5es essenciais para mitigar os riscos associados a per\u00edodos chuvosos. Carregar um kit de emerg\u00eancia, manter os canais de escoamento limpos e ficar atento \u00e0s recomenda\u00e7\u00f5es das autoridades s\u00e3o algumas das pr\u00e1ticas que podem fazer a diferen\u00e7a.<\/p>\n<h2>Mudan\u00e7as Clim\u00e1ticas e Seus Efeitos Locais<\/h2>\n<p>As mudan\u00e7as clim\u00e1ticas t\u00eam exercido um impacto crescente sobre os padr\u00f5es de chuva na cidade. O fen\u00f4meno intensificado pelas altera\u00e7\u00f5es clim\u00e1ticas resulta em chuvas mais intensas e frequentes, que acabam por afetar diretamente a vida urbana. Estar atento \u00e0s varia\u00e7\u00f5es clim\u00e1ticas e agir proativamente pode ajudar no enfrentamento dessas situa\u00e7\u00f5es extremas.<\/p>\n<p>Em suma, o janeiro chuvoso de 2026 em Belo Horizonte n\u00e3o apenas trouxe recordes de precipita\u00e7\u00e3o, mas tamb\u00e9m evidenciou a necessidade de uma maior aten\u00e7\u00e3o e prepara\u00e7\u00e3o para desastres naturais. Enquanto a previs\u00e3o do tempo sugere uma diminui\u00e7\u00e3o das chuvas, a mem\u00f3ria desse m\u00eas deve servir como um alerta para os desafios enfrentados pela cidade em rela\u00e7\u00e3o a eventos clim\u00e1ticos extremos.<\/p>\n","protected":false},"excerpt":{"rendered":"<p>Janeiro trouxe chuva acima da m\u00e9dia em BH; saiba o que esperar em fevereiro.<\/p>\n","protected":false},"author":1,"featured_media":14251,"comment_status":"open","ping_status":"open","sticky":false,"template":"","format":"standard","meta":{"footnotes":""},"categories":[5],"tags":[],"class_list":["post-14252","post","type-post","status-publish","format-standard","has-post-thumbnail","hentry","category-noticias","has_thumb"],"yoast_head":"<!-- This site is optimized with the Yoast SEO plugin v28.2 - https:\/\/yoast.com\/product\/yoast-seo-wordpress\/ -->\n<title>Janeiro teve chuva acima da m\u00e9dia em BH; tempo deve seguir chuvoso nos primeiros dias de fevereiro | Guia Comercial de Belo Horizonte MG<\/title>\n<meta name=\"robots\" content=\"index, follow, max-snippet:-1, max-image-preview:large, max-video-preview:-1\" \/>\n<link rel=\"canonical\" href=\"https:\/\/www.encontrabelohorizonte.com.br\/guia\/janeiro-teve-chuva-acima-da-media-em-bh-tempo-deve-seguir-chuvoso-nos-primeiros-dias-de-fevereiro\/\" \/>\n<meta property=\"og:locale\" content=\"pt_BR\" \/>\n<meta property=\"og:type\" content=\"article\" \/>\n<meta property=\"og:title\" content=\"Janeiro teve chuva acima da m\u00e9dia em BH; tempo deve seguir chuvoso nos primeiros dias de fevereiro | Guia Comercial de Belo Horizonte MG\" \/>\n<meta property=\"og:description\" content=\"Janeiro trouxe chuva acima da m\u00e9dia em BH; saiba o que esperar em fevereiro.\" \/>\n<meta property=\"og:url\" content=\"https:\/\/www.encontrabelohorizonte.com.br\/guia\/janeiro-teve-chuva-acima-da-media-em-bh-tempo-deve-seguir-chuvoso-nos-primeiros-dias-de-fevereiro\/\" \/>\n<meta property=\"og:site_name\" content=\"Guia Comercial de Belo Horizonte MG\" \/>\n<meta property=\"article:published_time\" content=\"2026-02-05T09:14:24+00:00\" \/>\n<meta property=\"og:image\" content=\"https:\/\/www.encontrabelohorizonte.com.br\/guia\/wp-content\/uploads\/2026\/02\/janeiro-teve-chuva-acima-da-media-em-bh-tempo-deve-seguir-chuvoso-nos-primeiros-dias-de-fevereiro.webp\" \/>\n\t<meta property=\"og:image:width\" content=\"280\" \/>\n\t<meta property=\"og:image:height\" content=\"280\" \/>\n\t<meta property=\"og:image:type\" content=\"image\/webp\" \/>\n<meta name=\"author\" content=\"Encontra Belo Horizonte\" \/>\n<meta name=\"twitter:card\" content=\"summary_large_image\" \/>\n<meta name=\"twitter:label1\" content=\"Escrito por\" \/>\n\t<meta name=\"twitter:data1\" content=\"Encontra Belo Horizonte\" \/>\n\t<meta name=\"twitter:label2\" content=\"Est. tempo de leitura\" \/>\n\t<meta name=\"twitter:data2\" content=\"3 minutos\" \/>\n<script type=\"application\/ld+json\" class=\"yoast-schema-graph\">{\"@context\":\"https:\\\/\\\/schema.org\",\"@graph\":[{\"@type\":\"Article\",\"@id\":\"https:\\\/\\\/www.encontrabelohorizonte.com.br\\\/guia\\\/janeiro-teve-chuva-acima-da-media-em-bh-tempo-deve-seguir-chuvoso-nos-primeiros-dias-de-fevereiro\\\/#article\",\"isPartOf\":{\"@id\":\"https:\\\/\\\/www.encontrabelohorizonte.com.br\\\/guia\\\/janeiro-teve-chuva-acima-da-media-em-bh-tempo-deve-seguir-chuvoso-nos-primeiros-dias-de-fevereiro\\\/\"},\"author\":{\"name\":\"Encontra Belo Horizonte\",\"@id\":\"https:\\\/\\\/www.encontrabelohorizonte.com.br\\\/guia\\\/#\\\/schema\\\/person\\\/6b792069f07fee9a700a7caa85fb85a9\"},\"headline\":\"Janeiro teve chuva acima da m\u00e9dia em BH; tempo deve seguir chuvoso nos primeiros dias de fevereiro\",\"datePublished\":\"2026-02-05T09:14:24+00:00\",\"mainEntityOfPage\":{\"@id\":\"https:\\\/\\\/www.encontrabelohorizonte.com.br\\\/guia\\\/janeiro-teve-chuva-acima-da-media-em-bh-tempo-deve-seguir-chuvoso-nos-primeiros-dias-de-fevereiro\\\/\"},\"wordCount\":708,\"commentCount\":0,\"image\":{\"@id\":\"https:\\\/\\\/www.encontrabelohorizonte.com.br\\\/guia\\\/janeiro-teve-chuva-acima-da-media-em-bh-tempo-deve-seguir-chuvoso-nos-primeiros-dias-de-fevereiro\\\/#primaryimage\"},\"thumbnailUrl\":\"https:\\\/\\\/www.encontrabelohorizonte.com.br\\\/guia\\\/wp-content\\\/uploads\\\/2026\\\/02\\\/janeiro-teve-chuva-acima-da-media-em-bh-tempo-deve-seguir-chuvoso-nos-primeiros-dias-de-fevereiro.webp\",\"articleSection\":[\"Not\u00edcias Belo Horizonte\"],\"inLanguage\":\"pt-BR\",\"potentialAction\":[{\"@type\":\"CommentAction\",\"name\":\"Comment\",\"target\":[\"https:\\\/\\\/www.encontrabelohorizonte.com.br\\\/guia\\\/janeiro-teve-chuva-acima-da-media-em-bh-tempo-deve-seguir-chuvoso-nos-primeiros-dias-de-fevereiro\\\/#respond\"]}]},{\"@type\":\"WebPage\",\"@id\":\"https:\\\/\\\/www.encontrabelohorizonte.com.br\\\/guia\\\/janeiro-teve-chuva-acima-da-media-em-bh-tempo-deve-seguir-chuvoso-nos-primeiros-dias-de-fevereiro\\\/\",\"url\":\"https:\\\/\\\/www.encontrabelohorizonte.com.br\\\/guia\\\/janeiro-teve-chuva-acima-da-media-em-bh-tempo-deve-seguir-chuvoso-nos-primeiros-dias-de-fevereiro\\\/\",\"name\":\"Janeiro teve chuva acima da m\u00e9dia em BH; tempo deve seguir chuvoso nos primeiros dias de fevereiro | Guia Comercial de Belo Horizonte MG\",\"isPartOf\":{\"@id\":\"https:\\\/\\\/www.encontrabelohorizonte.com.br\\\/guia\\\/#website\"},\"primaryImageOfPage\":{\"@id\":\"https:\\\/\\\/www.encontrabelohorizonte.com.br\\\/guia\\\/janeiro-teve-chuva-acima-da-media-em-bh-tempo-deve-seguir-chuvoso-nos-primeiros-dias-de-fevereiro\\\/#primaryimage\"},\"image\":{\"@id\":\"https:\\\/\\\/www.encontrabelohorizonte.com.br\\\/guia\\\/janeiro-teve-chuva-acima-da-media-em-bh-tempo-deve-seguir-chuvoso-nos-primeiros-dias-de-fevereiro\\\/#primaryimage\"},\"thumbnailUrl\":\"https:\\\/\\\/www.encontrabelohorizonte.com.br\\\/guia\\\/wp-content\\\/uploads\\\/2026\\\/02\\\/janeiro-teve-chuva-acima-da-media-em-bh-tempo-deve-seguir-chuvoso-nos-primeiros-dias-de-fevereiro.webp\",\"datePublished\":\"2026-02-05T09:14:24+00:00\",\"author\":{\"@id\":\"https:\\\/\\\/www.encontrabelohorizonte.com.br\\\/guia\\\/#\\\/schema\\\/person\\\/6b792069f07fee9a700a7caa85fb85a9\"},\"inLanguage\":\"pt-BR\",\"potentialAction\":[{\"@type\":\"ReadAction\",\"target\":[\"https:\\\/\\\/www.encontrabelohorizonte.com.br\\\/guia\\\/janeiro-teve-chuva-acima-da-media-em-bh-tempo-deve-seguir-chuvoso-nos-primeiros-dias-de-fevereiro\\\/\"]}]},{\"@type\":\"ImageObject\",\"inLanguage\":\"pt-BR\",\"@id\":\"https:\\\/\\\/www.encontrabelohorizonte.com.br\\\/guia\\\/janeiro-teve-chuva-acima-da-media-em-bh-tempo-deve-seguir-chuvoso-nos-primeiros-dias-de-fevereiro\\\/#primaryimage\",\"url\":\"https:\\\/\\\/www.encontrabelohorizonte.com.br\\\/guia\\\/wp-content\\\/uploads\\\/2026\\\/02\\\/janeiro-teve-chuva-acima-da-media-em-bh-tempo-deve-seguir-chuvoso-nos-primeiros-dias-de-fevereiro.webp\",\"contentUrl\":\"https:\\\/\\\/www.encontrabelohorizonte.com.br\\\/guia\\\/wp-content\\\/uploads\\\/2026\\\/02\\\/janeiro-teve-chuva-acima-da-media-em-bh-tempo-deve-seguir-chuvoso-nos-primeiros-dias-de-fevereiro.webp\",\"width\":280,\"height\":280,\"caption\":\"chuva acima da m\u00e9dia em BH\"},{\"@type\":\"WebSite\",\"@id\":\"https:\\\/\\\/www.encontrabelohorizonte.com.br\\\/guia\\\/#website\",\"url\":\"https:\\\/\\\/www.encontrabelohorizonte.com.br\\\/guia\\\/\",\"name\":\"Guia Comercial de Belo Horizonte MG\",\"description\":\"ENCONTRA BELO HORIZONTE - O guia comercial de neg\u00f3cios e empresas, cultura e divers\u00e3o na cidade de Belo Horizonte. Feito 100% para voc\u00ea morador!\",\"potentialAction\":[{\"@type\":\"SearchAction\",\"target\":{\"@type\":\"EntryPoint\",\"urlTemplate\":\"https:\\\/\\\/www.encontrabelohorizonte.com.br\\\/guia\\\/?s={search_term_string}\"},\"query-input\":{\"@type\":\"PropertyValueSpecification\",\"valueRequired\":true,\"valueName\":\"search_term_string\"}}],\"inLanguage\":\"pt-BR\"},{\"@type\":\"Person\",\"@id\":\"https:\\\/\\\/www.encontrabelohorizonte.com.br\\\/guia\\\/#\\\/schema\\\/person\\\/6b792069f07fee9a700a7caa85fb85a9\",\"name\":\"Encontra Belo Horizonte\",\"image\":{\"@type\":\"ImageObject\",\"inLanguage\":\"pt-BR\",\"@id\":\"https:\\\/\\\/secure.gravatar.com\\\/avatar\\\/c50c17820bcf322f0a8fd6b110b8c0918141409dc69076470f6fca5fee70a5d4?s=96&d=mm&r=g\",\"url\":\"https:\\\/\\\/secure.gravatar.com\\\/avatar\\\/c50c17820bcf322f0a8fd6b110b8c0918141409dc69076470f6fca5fee70a5d4?s=96&d=mm&r=g\",\"contentUrl\":\"https:\\\/\\\/secure.gravatar.com\\\/avatar\\\/c50c17820bcf322f0a8fd6b110b8c0918141409dc69076470f6fca5fee70a5d4?s=96&d=mm&r=g\",\"caption\":\"Encontra Belo Horizonte\"},\"url\":\"https:\\\/\\\/www.encontrabelohorizonte.com.br\\\/guia\\\/author\\\/encontrabelohorizonte\\\/\"}]}<\/script>\n<!-- \/ Yoast SEO plugin. -->","yoast_head_json":{"title":"Janeiro teve chuva acima da m\u00e9dia em BH; tempo deve seguir chuvoso nos primeiros dias de fevereiro | Guia Comercial de Belo Horizonte MG","robots":{"index":"index","follow":"follow","max-snippet":"max-snippet:-1","max-image-preview":"max-image-preview:large","max-video-preview":"max-video-preview:-1"},"canonical":"https:\/\/www.encontrabelohorizonte.com.br\/guia\/janeiro-teve-chuva-acima-da-media-em-bh-tempo-deve-seguir-chuvoso-nos-primeiros-dias-de-fevereiro\/","og_locale":"pt_BR","og_type":"article","og_title":"Janeiro teve chuva acima da m\u00e9dia em BH; tempo deve seguir chuvoso nos primeiros dias de fevereiro | Guia Comercial de Belo Horizonte MG","og_description":"Janeiro trouxe chuva acima da m\u00e9dia em BH; saiba o que esperar em fevereiro.","og_url":"https:\/\/www.encontrabelohorizonte.com.br\/guia\/janeiro-teve-chuva-acima-da-media-em-bh-tempo-deve-seguir-chuvoso-nos-primeiros-dias-de-fevereiro\/","og_site_name":"Guia Comercial de Belo Horizonte MG","article_published_time":"2026-02-05T09:14:24+00:00","og_image":[{"width":280,"height":280,"url":"https:\/\/www.encontrabelohorizonte.com.br\/guia\/wp-content\/uploads\/2026\/02\/janeiro-teve-chuva-acima-da-media-em-bh-tempo-deve-seguir-chuvoso-nos-primeiros-dias-de-fevereiro.webp","type":"image\/webp"}],"author":"Encontra Belo Horizonte","twitter_card":"summary_large_image","twitter_misc":{"Escrito por":"Encontra Belo Horizonte","Est. tempo de leitura":"3 minutos"},"schema":{"@context":"https:\/\/schema.org","@graph":[{"@type":"Article","@id":"https:\/\/www.encontrabelohorizonte.com.br\/guia\/janeiro-teve-chuva-acima-da-media-em-bh-tempo-deve-seguir-chuvoso-nos-primeiros-dias-de-fevereiro\/#article","isPartOf":{"@id":"https:\/\/www.encontrabelohorizonte.com.br\/guia\/janeiro-teve-chuva-acima-da-media-em-bh-tempo-deve-seguir-chuvoso-nos-primeiros-dias-de-fevereiro\/"},"author":{"name":"Encontra Belo Horizonte","@id":"https:\/\/www.encontrabelohorizonte.com.br\/guia\/#\/schema\/person\/6b792069f07fee9a700a7caa85fb85a9"},"headline":"Janeiro teve chuva acima da m\u00e9dia em BH; tempo deve seguir chuvoso nos primeiros dias de fevereiro","datePublished":"2026-02-05T09:14:24+00:00","mainEntityOfPage":{"@id":"https:\/\/www.encontrabelohorizonte.com.br\/guia\/janeiro-teve-chuva-acima-da-media-em-bh-tempo-deve-seguir-chuvoso-nos-primeiros-dias-de-fevereiro\/"},"wordCount":708,"commentCount":0,"image":{"@id":"https:\/\/www.encontrabelohorizonte.com.br\/guia\/janeiro-teve-chuva-acima-da-media-em-bh-tempo-deve-seguir-chuvoso-nos-primeiros-dias-de-fevereiro\/#primaryimage"},"thumbnailUrl":"https:\/\/www.encontrabelohorizonte.com.br\/guia\/wp-content\/uploads\/2026\/02\/janeiro-teve-chuva-acima-da-media-em-bh-tempo-deve-seguir-chuvoso-nos-primeiros-dias-de-fevereiro.webp","articleSection":["Not\u00edcias Belo Horizonte"],"inLanguage":"pt-BR","potentialAction":[{"@type":"CommentAction","name":"Comment","target":["https:\/\/www.encontrabelohorizonte.com.br\/guia\/janeiro-teve-chuva-acima-da-media-em-bh-tempo-deve-seguir-chuvoso-nos-primeiros-dias-de-fevereiro\/#respond"]}]},{"@type":"WebPage","@id":"https:\/\/www.encontrabelohorizonte.com.br\/guia\/janeiro-teve-chuva-acima-da-media-em-bh-tempo-deve-seguir-chuvoso-nos-primeiros-dias-de-fevereiro\/","url":"https:\/\/www.encontrabelohorizonte.com.br\/guia\/janeiro-teve-chuva-acima-da-media-em-bh-tempo-deve-seguir-chuvoso-nos-primeiros-dias-de-fevereiro\/","name":"Janeiro teve chuva acima da m\u00e9dia em BH; tempo deve seguir chuvoso nos primeiros dias de fevereiro | Guia Comercial de Belo Horizonte MG","isPartOf":{"@id":"https:\/\/www.encontrabelohorizonte.com.br\/guia\/#website"},"primaryImageOfPage":{"@id":"https:\/\/www.encontrabelohorizonte.com.br\/guia\/janeiro-teve-chuva-acima-da-media-em-bh-tempo-deve-seguir-chuvoso-nos-primeiros-dias-de-fevereiro\/#primaryimage"},"image":{"@id":"https:\/\/www.encontrabelohorizonte.com.br\/guia\/janeiro-teve-chuva-acima-da-media-em-bh-tempo-deve-seguir-chuvoso-nos-primeiros-dias-de-fevereiro\/#primaryimage"},"thumbnailUrl":"https:\/\/www.encontrabelohorizonte.com.br\/guia\/wp-content\/uploads\/2026\/02\/janeiro-teve-chuva-acima-da-media-em-bh-tempo-deve-seguir-chuvoso-nos-primeiros-dias-de-fevereiro.webp","datePublished":"2026-02-05T09:14:24+00:00","author":{"@id":"https:\/\/www.encontrabelohorizonte.com.br\/guia\/#\/schema\/person\/6b792069f07fee9a700a7caa85fb85a9"},"inLanguage":"pt-BR","potentialAction":[{"@type":"ReadAction","target":["https:\/\/www.encontrabelohorizonte.com.br\/guia\/janeiro-teve-chuva-acima-da-media-em-bh-tempo-deve-seguir-chuvoso-nos-primeiros-dias-de-fevereiro\/"]}]},{"@type":"ImageObject","inLanguage":"pt-BR","@id":"https:\/\/www.encontrabelohorizonte.com.br\/guia\/janeiro-teve-chuva-acima-da-media-em-bh-tempo-deve-seguir-chuvoso-nos-primeiros-dias-de-fevereiro\/#primaryimage","url":"https:\/\/www.encontrabelohorizonte.com.br\/guia\/wp-content\/uploads\/2026\/02\/janeiro-teve-chuva-acima-da-media-em-bh-tempo-deve-seguir-chuvoso-nos-primeiros-dias-de-fevereiro.webp","contentUrl":"https:\/\/www.encontrabelohorizonte.com.br\/guia\/wp-content\/uploads\/2026\/02\/janeiro-teve-chuva-acima-da-media-em-bh-tempo-deve-seguir-chuvoso-nos-primeiros-dias-de-fevereiro.webp","width":280,"height":280,"caption":"chuva acima da m\u00e9dia em BH"},{"@type":"WebSite","@id":"https:\/\/www.encontrabelohorizonte.com.br\/guia\/#website","url":"https:\/\/www.encontrabelohorizonte.com.br\/guia\/","name":"Guia Comercial de Belo Horizonte MG","description":"ENCONTRA BELO HORIZONTE - O guia comercial de neg\u00f3cios e empresas, cultura e divers\u00e3o na cidade de Belo Horizonte. Feito 100% para voc\u00ea morador!","potentialAction":[{"@type":"SearchAction","target":{"@type":"EntryPoint","urlTemplate":"https:\/\/www.encontrabelohorizonte.com.br\/guia\/?s={search_term_string}"},"query-input":{"@type":"PropertyValueSpecification","valueRequired":true,"valueName":"search_term_string"}}],"inLanguage":"pt-BR"},{"@type":"Person","@id":"https:\/\/www.encontrabelohorizonte.com.br\/guia\/#\/schema\/person\/6b792069f07fee9a700a7caa85fb85a9","name":"Encontra Belo Horizonte","image":{"@type":"ImageObject","inLanguage":"pt-BR","@id":"https:\/\/secure.gravatar.com\/avatar\/c50c17820bcf322f0a8fd6b110b8c0918141409dc69076470f6fca5fee70a5d4?s=96&d=mm&r=g","url":"https:\/\/secure.gravatar.com\/avatar\/c50c17820bcf322f0a8fd6b110b8c0918141409dc69076470f6fca5fee70a5d4?s=96&d=mm&r=g","contentUrl":"https:\/\/secure.gravatar.com\/avatar\/c50c17820bcf322f0a8fd6b110b8c0918141409dc69076470f6fca5fee70a5d4?s=96&d=mm&r=g","caption":"Encontra Belo Horizonte"},"url":"https:\/\/www.encontrabelohorizonte.com.br\/guia\/author\/encontrabelohorizonte\/"}]}},"_links":{"self":[{"href":"https:\/\/www.encontrabelohorizonte.com.br\/guia\/wp-json\/wp\/v2\/posts\/14252","targetHints":{"allow":["GET"]}}],"collection":[{"href":"https:\/\/www.encontrabelohorizonte.com.br\/guia\/wp-json\/wp\/v2\/posts"}],"about":[{"href":"https:\/\/www.encontrabelohorizonte.com.br\/guia\/wp-json\/wp\/v2\/types\/post"}],"author":[{"embeddable":true,"href":"https:\/\/www.encontrabelohorizonte.com.br\/guia\/wp-json\/wp\/v2\/users\/1"}],"replies":[{"embeddable":true,"href":"https:\/\/www.encontrabelohorizonte.com.br\/guia\/wp-json\/wp\/v2\/comments?post=14252"}],"version-history":[{"count":0,"href":"https:\/\/www.encontrabelohorizonte.com.br\/guia\/wp-json\/wp\/v2\/posts\/14252\/revisions"}],"wp:featuredmedia":[{"embeddable":true,"href":"https:\/\/www.encontrabelohorizonte.com.br\/guia\/wp-json\/wp\/v2\/media\/14251"}],"wp:attachment":[{"href":"https:\/\/www.encontrabelohorizonte.com.br\/guia\/wp-json\/wp\/v2\/media?parent=14252"}],"wp:term":[{"taxonomy":"category","embeddable":true,"href":"https:\/\/www.encontrabelohorizonte.com.br\/guia\/wp-json\/wp\/v2\/categories?post=14252"},{"taxonomy":"post_tag","embeddable":true,"href":"https:\/\/www.encontrabelohorizonte.com.br\/guia\/wp-json\/wp\/v2\/tags?post=14252"}],"curies":[{"name":"wp","href":"https:\/\/api.w.org\/{rel}","templated":true}]}}