{"id":14270,"date":"2026-02-08T06:16:56","date_gmt":"2026-02-08T09:16:56","guid":{"rendered":"https:\/\/www.encontrabelohorizonte.com.br\/guia\/sejusp-mg-emprega-duas-carretas-do-centro-integrado-de-comando-e-controle-para-monitoracao-do-carnaval-de-belo-horizonte\/"},"modified":"2026-02-08T06:16:56","modified_gmt":"2026-02-08T09:16:56","slug":"sejusp-mg-emprega-duas-carretas-do-centro-integrado-de-comando-e-controle-para-monitoracao-do-carnaval-de-belo-horizonte","status":"publish","type":"post","link":"https:\/\/www.encontrabelohorizonte.com.br\/guia\/sejusp-mg-emprega-duas-carretas-do-centro-integrado-de-comando-e-controle-para-monitoracao-do-carnaval-de-belo-horizonte\/","title":{"rendered":"Sejusp MG emprega duas carretas do Centro Integrado de Comando e Controle para monitora\u00e7\u00e3o do Carnaval de Belo Horizonte"},"content":{"rendered":"<h2>A Import\u00e2ncia do Centro Integrado de Comando<\/h2>\n<p>Durante o Carnaval de Belo Horizonte, a seguran\u00e7a da popula\u00e7\u00e3o e a prote\u00e7\u00e3o dos foli\u00f5es s\u00e3o prioridades absolutas. Para isso, uma das grandes inova\u00e7\u00f5es implementadas \u00e9 o <strong>Centro Integrado de Comando e Controle M\u00f3vel (CICCM)<\/strong>. Este centro tem como objetivo coordenar as a\u00e7\u00f5es de diversas institui\u00e7\u00f5es de seguran\u00e7a em tempo real, garantindo uma resposta eficiente a qualquer incidente que possa ocorrer durante a festividade.<\/p>\n<p>O CICCM representa uma evolu\u00e7\u00e3o significativa nas estrat\u00e9gias de seguran\u00e7a p\u00fablica. Ele permite um acompanhamento preciso das movimenta\u00e7\u00f5es nas ruas, integrando informa\u00e7\u00f5es de diferentes \u00f3rg\u00e3os, como a Pol\u00edcia Militar, a Pol\u00edcia Civil e o Corpo de Bombeiros. Com isso, o trabalho em conjunto se torna mais efetivo, proporcionando uma sensa\u00e7\u00e3o de seguran\u00e7a aos participantes do evento.<\/p>\n<h2>Como Funcionar\u00e1 o Monitoramento das Carretas<\/h2>\n<p>No Carnaval de 2026, duas carretas equipadas do CICCM estar\u00e3o posicionadas em pontos estrat\u00e9gicos de Belo Horizonte. A escolha desses locais ser\u00e1 baseada na an\u00e1lise das \u00e1reas com maior concentra\u00e7\u00e3o de foli\u00f5es e acontecimentos festivos. O monitoramento ser\u00e1 feito atrav\u00e9s de tecnologias de ponta, como c\u00e2meras de seguran\u00e7a e esta\u00e7\u00f5es de trabalho que possibilitam o acesso a dados em tempo real.<\/p>\n<p><img decoding=\"async\" src=\"https:\/\/www.encontrabelohorizonte.com.br\/guia\/wp-content\/uploads\/2026\/02\/sejusp-mg-emprega-duas-carretas-do-centro-integrado-de-comando-e-controle-para-monitoracao-do-carnav.webp\" alt=\"Carnaval em Belo Horizonte\" loading=\"lazy\" \/><\/p>\n<p>Essas carretas servir\u00e3o como centros de opera\u00e7\u00e3o avan\u00e7ados, onde as equipes poder\u00e3o monitorar a situa\u00e7\u00e3o em tempo real, auxiliando na tomada de decis\u00f5es r\u00e1pidas e eficazes, sempre em coordena\u00e7\u00e3o com as for\u00e7as de seguran\u00e7a presentes nas ruas.<\/p>\n<h2>Tecnologia Avan\u00e7ada no Carnaval<\/h2>\n<p>A tecnologia utilizada nas carretas do CICCM inclui c\u00e2meras com longas dist\u00e2ncias de alcance e sistemas de comunica\u00e7\u00e3o integrados que permitem um fluxo cont\u00ednuo de informa\u00e7\u00f5es. Cada carreta conta com doze esta\u00e7\u00f5es de trabalho que possibilitam que os agentes de seguran\u00e7a realizem an\u00e1lises e decis\u00f5es r\u00e1pidas, sempre focando no bem-estar dos cidad\u00e3os.<\/p>\n<p>Al\u00e9m disso, o uso de drones ser\u00e1 uma novidade. Essas aeronaves n\u00e3o tripuladas proporcionar\u00e3o uma vis\u00e3o a\u00e9rea do evento, ajudando a identificar situa\u00e7\u00f5es cr\u00edticas e facilitando a resposta r\u00e1pida das equipes no solo, caso necess\u00e1rio.<\/p>\n<h2>Estrat\u00e9gias para Garantir a Seguran\u00e7a<\/h2>\n<p>A seguran\u00e7a durante o Carnaval de Belo Horizonte n\u00e3o \u00e9 apenas uma quest\u00e3o de presen\u00e7a policial, mas envolve uma s\u00e9rie de estrat\u00e9gias que visam garantir o bem-estar de todos. Com a implementa\u00e7\u00e3o do CICCM, est\u00e3o sendo intensificadas as a\u00e7\u00f5es de preven\u00e7\u00e3o e monitoramento.<\/p>\n<p>Forma\u00e7\u00f5es e reuni\u00f5es com diferentes institui\u00e7\u00f5es foram realizadas durante todo o ano para que, neste Carnaval, as for\u00e7as de seguran\u00e7a atuem de forma coesa e bem treinada. Com isso, espera-se n\u00e3o apenas responder a incidentes, mas tamb\u00e9m prevenir que eles ocorram.<\/p>\n<h2>Integrando For\u00e7as de Seguran\u00e7a Durante a Folia<\/h2>\n<p>Uma parte fundamental do CICCM \u00e9 a integra\u00e7\u00e3o entre as diversas for\u00e7as de seguran\u00e7a. Essa colabora\u00e7\u00e3o n\u00e3o se restringe apenas \u00e0s carretas, mas tamb\u00e9m envolve o trabalho conjunto com a Pol\u00edcia Penal, que ser\u00e1 respons\u00e1vel por garantir que todos os procedimentos legais sejam seguidos, especialmente nas audi\u00eancias de cust\u00f3dia.<\/p>\n<p>Essa abordagem integrada permite que diferentes \u00f3rg\u00e3os de seguran\u00e7a p\u00fablica atuem de maneira sin\u00e9rgica, amplificando a efic\u00e1cia das a\u00e7\u00f5es e resultando em uma folia mais segura para todos.<\/p>\n<h2>Uso de Drones para Monitoramento A\u00e9reo<\/h2>\n<p>Os drones operar\u00e3o como uma extens\u00e3o dos recursos do CICCM, proporcionando uma vis\u00e3o ampla e estrat\u00e9gica das \u00e1reas mais movimentadas. Com a capacidade de capturar imagens em tempo real, esses dispositivos permitir\u00e3o que os \u00f3rg\u00e3os de seguran\u00e7a identifiquem rapidamente qualquer anomalia durante o evento.<\/p>\n<p>Esse monitoramento a\u00e9reo \u00e9 crucial para a detec\u00e7\u00e3o de aglomera\u00e7\u00f5es excessivas ou comportamentos suspeitos, facilitando a r\u00e1pida mobiliza\u00e7\u00e3o de for\u00e7as de seguran\u00e7a, se necess\u00e1rio. A utiliza\u00e7\u00e3o de drones, portanto, se torna uma ferramenta indispens\u00e1vel na estrat\u00e9gia de seguran\u00e7a.<\/p>\n<h2>Refor\u00e7os na Pol\u00edcia Penal Durante o Evento<\/h2>\n<p>A Pol\u00edcia Penal ter\u00e1 um papel destacado durante o Carnaval, n\u00e3o apenas na vigil\u00e2ncia, mas tamb\u00e9m na apresenta\u00e7\u00e3o de flagrantes em audi\u00eancias de cust\u00f3dia. Essa a\u00e7\u00e3o \u00e9 parte de um esfor\u00e7o abrangente para manter a ordem e garantir que todos os aspectos legais sejam respeitados.<\/p>\n<p>Com a presen\u00e7a refor\u00e7ada da Pol\u00edcia Penal, haver\u00e1 um monitoramento mais eficaz dos indiv\u00edduos que est\u00e3o sob cust\u00f3dia, assim como apoio nas atividades do CICCM, contribuindo para um ambiente mais seguro.<\/p>\n<h2>A Cabine Rosa e o Atendimento a Mulheres<\/h2>\n<p>Uma das inova\u00e7\u00f5es mais importantes para o Carnaval de Belo Horizonte em 2026 \u00e9 a implementa\u00e7\u00e3o da <strong>Cabine Rosa<\/strong>. Este servi\u00e7o \u00e9 voltado especificamente para mulheres que se encontram em situa\u00e7\u00f5es de viol\u00eancia. A cabine ser\u00e1 operada por policiais militares treinados para acolher e oferecer assist\u00eancia.<\/p>\n<p>Al\u00e9m de proporcionar um atendimento espec\u00edfico, a Cabine Rosa ser\u00e1 integrada ao sistema <strong>Emerg\u00eancia MG<\/strong>, facilitando o acesso a servi\u00e7os e garantindo um suporte mais \u00e1gil e humanizado em situa\u00e7\u00f5es cr\u00edticas.<\/p>\n<h2>Preparativos para o Melhor Atendimento ao Cidad\u00e3o<\/h2>\n<p>O ano de prepara\u00e7\u00e3o para o Carnaval 2026 tem sido intenso, com diversas reuni\u00f5es entre as for\u00e7as de seguran\u00e7a e o governo estadual para garantir que todos os mecanismos de atendimento estejam prontos. As carretas do CICCM, a Cabine Rosa e o uso de drones s\u00e3o apenas uma parte do que est\u00e1 sendo implementado para assegurar a seguran\u00e7a durante as festividades.<\/p>\n<p>Esses preparativos s\u00e3o fundamentais para criar um ambiente onde os cidad\u00e3os possam se divertir sem preocupa\u00e7\u00f5es, sabendo que medidas efetivas est\u00e3o sendo adotadas para proteg\u00ea-los.<\/p>\n<h2>Expectativa e Resultados para o Carnaval 2026<\/h2>\n<p>A expectativa em torno do Carnaval de 2026 em Belo Horizonte \u00e9 extremamente positiva. A implementa\u00e7\u00e3o do CICCM, a integra\u00e7\u00e3o das for\u00e7as de seguran\u00e7a e a introdu\u00e7\u00e3o de novos servi\u00e7os como a Cabine Rosa demonstram um comprometimento com a seguran\u00e7a dos foli\u00f5es.<\/p>\n<p>Os resultados esperados incluem n\u00e3o apenas a redu\u00e7\u00e3o de incidentes durante o Carnaval, mas tamb\u00e9m uma maior sensa\u00e7\u00e3o de seguran\u00e7a entre os participantes, permitindo que todos aproveitem as festividades de maneira tranquila.<\/p>\n<p>A seguran\u00e7a p\u00fablica est\u00e1 se tornando cada vez mais integrada e proativa, e o Carnaval \u00e9 uma grande oportunidade para mostrar esses avan\u00e7os. O sucesso do evento ser\u00e1 um reflexo dos esfor\u00e7os conjuntos de todas as partes envolvidas, reafirmando a import\u00e2ncia da seguran\u00e7a em grandes eventos p\u00fablicos.<\/p>\n","protected":false},"excerpt":{"rendered":"<p>Carnaval em BH contar\u00e1 com carretas do Centro de Comando e Controle.<\/p>\n","protected":false},"author":1,"featured_media":14269,"comment_status":"open","ping_status":"open","sticky":false,"template":"","format":"standard","meta":{"footnotes":""},"categories":[5],"tags":[],"class_list":["post-14270","post","type-post","status-publish","format-standard","has-post-thumbnail","hentry","category-noticias","has_thumb"],"yoast_head":"<!-- This site is optimized with the Yoast SEO plugin v28.2 - https:\/\/yoast.com\/product\/yoast-seo-wordpress\/ -->\n<title>Sejusp MG emprega duas carretas do Centro Integrado de Comando e Controle para monitora\u00e7\u00e3o do Carnaval de Belo Horizonte | Guia Comercial de Belo Horizonte MG<\/title>\n<meta name=\"robots\" content=\"index, follow, max-snippet:-1, max-image-preview:large, max-video-preview:-1\" \/>\n<link rel=\"canonical\" href=\"https:\/\/www.encontrabelohorizonte.com.br\/guia\/sejusp-mg-emprega-duas-carretas-do-centro-integrado-de-comando-e-controle-para-monitoracao-do-carnaval-de-belo-horizonte\/\" \/>\n<meta property=\"og:locale\" content=\"pt_BR\" \/>\n<meta property=\"og:type\" content=\"article\" \/>\n<meta property=\"og:title\" content=\"Sejusp MG emprega duas carretas do Centro Integrado de Comando e Controle para monitora\u00e7\u00e3o do Carnaval de Belo Horizonte | Guia Comercial de Belo Horizonte MG\" \/>\n<meta property=\"og:description\" content=\"Carnaval em BH contar\u00e1 com carretas do Centro de Comando e Controle.\" \/>\n<meta property=\"og:url\" content=\"https:\/\/www.encontrabelohorizonte.com.br\/guia\/sejusp-mg-emprega-duas-carretas-do-centro-integrado-de-comando-e-controle-para-monitoracao-do-carnaval-de-belo-horizonte\/\" \/>\n<meta property=\"og:site_name\" content=\"Guia Comercial de Belo Horizonte MG\" \/>\n<meta property=\"article:published_time\" content=\"2026-02-08T09:16:56+00:00\" \/>\n<meta property=\"og:image\" content=\"https:\/\/www.encontrabelohorizonte.com.br\/guia\/wp-content\/uploads\/2026\/02\/sejusp-mg-emprega-duas-carretas-do-centro-integrado-de-comando-e-controle-para-monitoracao-do-carnav.webp\" \/>\n\t<meta property=\"og:image:width\" content=\"280\" \/>\n\t<meta property=\"og:image:height\" content=\"280\" \/>\n\t<meta property=\"og:image:type\" content=\"image\/webp\" \/>\n<meta name=\"author\" content=\"Encontra Belo Horizonte\" \/>\n<meta name=\"twitter:card\" content=\"summary_large_image\" \/>\n<meta name=\"twitter:label1\" content=\"Escrito por\" \/>\n\t<meta name=\"twitter:data1\" content=\"Encontra Belo Horizonte\" \/>\n\t<meta name=\"twitter:label2\" content=\"Est. tempo de leitura\" \/>\n\t<meta name=\"twitter:data2\" content=\"6 minutos\" \/>\n<script type=\"application\/ld+json\" class=\"yoast-schema-graph\">{\"@context\":\"https:\\\/\\\/schema.org\",\"@graph\":[{\"@type\":\"Article\",\"@id\":\"https:\\\/\\\/www.encontrabelohorizonte.com.br\\\/guia\\\/sejusp-mg-emprega-duas-carretas-do-centro-integrado-de-comando-e-controle-para-monitoracao-do-carnaval-de-belo-horizonte\\\/#article\",\"isPartOf\":{\"@id\":\"https:\\\/\\\/www.encontrabelohorizonte.com.br\\\/guia\\\/sejusp-mg-emprega-duas-carretas-do-centro-integrado-de-comando-e-controle-para-monitoracao-do-carnaval-de-belo-horizonte\\\/\"},\"author\":{\"name\":\"Encontra Belo Horizonte\",\"@id\":\"https:\\\/\\\/www.encontrabelohorizonte.com.br\\\/guia\\\/#\\\/schema\\\/person\\\/6b792069f07fee9a700a7caa85fb85a9\"},\"headline\":\"Sejusp MG emprega duas carretas do Centro Integrado de Comando e Controle para monitora\u00e7\u00e3o do Carnaval de Belo Horizonte\",\"datePublished\":\"2026-02-08T09:16:56+00:00\",\"mainEntityOfPage\":{\"@id\":\"https:\\\/\\\/www.encontrabelohorizonte.com.br\\\/guia\\\/sejusp-mg-emprega-duas-carretas-do-centro-integrado-de-comando-e-controle-para-monitoracao-do-carnaval-de-belo-horizonte\\\/\"},\"wordCount\":1158,\"commentCount\":0,\"image\":{\"@id\":\"https:\\\/\\\/www.encontrabelohorizonte.com.br\\\/guia\\\/sejusp-mg-emprega-duas-carretas-do-centro-integrado-de-comando-e-controle-para-monitoracao-do-carnaval-de-belo-horizonte\\\/#primaryimage\"},\"thumbnailUrl\":\"https:\\\/\\\/www.encontrabelohorizonte.com.br\\\/guia\\\/wp-content\\\/uploads\\\/2026\\\/02\\\/sejusp-mg-emprega-duas-carretas-do-centro-integrado-de-comando-e-controle-para-monitoracao-do-carnav.webp\",\"articleSection\":[\"Not\u00edcias Belo Horizonte\"],\"inLanguage\":\"pt-BR\",\"potentialAction\":[{\"@type\":\"CommentAction\",\"name\":\"Comment\",\"target\":[\"https:\\\/\\\/www.encontrabelohorizonte.com.br\\\/guia\\\/sejusp-mg-emprega-duas-carretas-do-centro-integrado-de-comando-e-controle-para-monitoracao-do-carnaval-de-belo-horizonte\\\/#respond\"]}]},{\"@type\":\"WebPage\",\"@id\":\"https:\\\/\\\/www.encontrabelohorizonte.com.br\\\/guia\\\/sejusp-mg-emprega-duas-carretas-do-centro-integrado-de-comando-e-controle-para-monitoracao-do-carnaval-de-belo-horizonte\\\/\",\"url\":\"https:\\\/\\\/www.encontrabelohorizonte.com.br\\\/guia\\\/sejusp-mg-emprega-duas-carretas-do-centro-integrado-de-comando-e-controle-para-monitoracao-do-carnaval-de-belo-horizonte\\\/\",\"name\":\"Sejusp MG emprega duas carretas do Centro Integrado de Comando e Controle para monitora\u00e7\u00e3o do Carnaval de Belo Horizonte | Guia Comercial de Belo Horizonte MG\",\"isPartOf\":{\"@id\":\"https:\\\/\\\/www.encontrabelohorizonte.com.br\\\/guia\\\/#website\"},\"primaryImageOfPage\":{\"@id\":\"https:\\\/\\\/www.encontrabelohorizonte.com.br\\\/guia\\\/sejusp-mg-emprega-duas-carretas-do-centro-integrado-de-comando-e-controle-para-monitoracao-do-carnaval-de-belo-horizonte\\\/#primaryimage\"},\"image\":{\"@id\":\"https:\\\/\\\/www.encontrabelohorizonte.com.br\\\/guia\\\/sejusp-mg-emprega-duas-carretas-do-centro-integrado-de-comando-e-controle-para-monitoracao-do-carnaval-de-belo-horizonte\\\/#primaryimage\"},\"thumbnailUrl\":\"https:\\\/\\\/www.encontrabelohorizonte.com.br\\\/guia\\\/wp-content\\\/uploads\\\/2026\\\/02\\\/sejusp-mg-emprega-duas-carretas-do-centro-integrado-de-comando-e-controle-para-monitoracao-do-carnav.webp\",\"datePublished\":\"2026-02-08T09:16:56+00:00\",\"author\":{\"@id\":\"https:\\\/\\\/www.encontrabelohorizonte.com.br\\\/guia\\\/#\\\/schema\\\/person\\\/6b792069f07fee9a700a7caa85fb85a9\"},\"inLanguage\":\"pt-BR\",\"potentialAction\":[{\"@type\":\"ReadAction\",\"target\":[\"https:\\\/\\\/www.encontrabelohorizonte.com.br\\\/guia\\\/sejusp-mg-emprega-duas-carretas-do-centro-integrado-de-comando-e-controle-para-monitoracao-do-carnaval-de-belo-horizonte\\\/\"]}]},{\"@type\":\"ImageObject\",\"inLanguage\":\"pt-BR\",\"@id\":\"https:\\\/\\\/www.encontrabelohorizonte.com.br\\\/guia\\\/sejusp-mg-emprega-duas-carretas-do-centro-integrado-de-comando-e-controle-para-monitoracao-do-carnaval-de-belo-horizonte\\\/#primaryimage\",\"url\":\"https:\\\/\\\/www.encontrabelohorizonte.com.br\\\/guia\\\/wp-content\\\/uploads\\\/2026\\\/02\\\/sejusp-mg-emprega-duas-carretas-do-centro-integrado-de-comando-e-controle-para-monitoracao-do-carnav.webp\",\"contentUrl\":\"https:\\\/\\\/www.encontrabelohorizonte.com.br\\\/guia\\\/wp-content\\\/uploads\\\/2026\\\/02\\\/sejusp-mg-emprega-duas-carretas-do-centro-integrado-de-comando-e-controle-para-monitoracao-do-carnav.webp\",\"width\":280,\"height\":280,\"caption\":\"Carnaval em Belo Horizonte\"},{\"@type\":\"WebSite\",\"@id\":\"https:\\\/\\\/www.encontrabelohorizonte.com.br\\\/guia\\\/#website\",\"url\":\"https:\\\/\\\/www.encontrabelohorizonte.com.br\\\/guia\\\/\",\"name\":\"Guia Comercial de Belo Horizonte MG\",\"description\":\"ENCONTRA BELO HORIZONTE - O guia comercial de neg\u00f3cios e empresas, cultura e divers\u00e3o na cidade de Belo Horizonte. Feito 100% para voc\u00ea morador!\",\"potentialAction\":[{\"@type\":\"SearchAction\",\"target\":{\"@type\":\"EntryPoint\",\"urlTemplate\":\"https:\\\/\\\/www.encontrabelohorizonte.com.br\\\/guia\\\/?s={search_term_string}\"},\"query-input\":{\"@type\":\"PropertyValueSpecification\",\"valueRequired\":true,\"valueName\":\"search_term_string\"}}],\"inLanguage\":\"pt-BR\"},{\"@type\":\"Person\",\"@id\":\"https:\\\/\\\/www.encontrabelohorizonte.com.br\\\/guia\\\/#\\\/schema\\\/person\\\/6b792069f07fee9a700a7caa85fb85a9\",\"name\":\"Encontra Belo Horizonte\",\"image\":{\"@type\":\"ImageObject\",\"inLanguage\":\"pt-BR\",\"@id\":\"https:\\\/\\\/secure.gravatar.com\\\/avatar\\\/c50c17820bcf322f0a8fd6b110b8c0918141409dc69076470f6fca5fee70a5d4?s=96&d=mm&r=g\",\"url\":\"https:\\\/\\\/secure.gravatar.com\\\/avatar\\\/c50c17820bcf322f0a8fd6b110b8c0918141409dc69076470f6fca5fee70a5d4?s=96&d=mm&r=g\",\"contentUrl\":\"https:\\\/\\\/secure.gravatar.com\\\/avatar\\\/c50c17820bcf322f0a8fd6b110b8c0918141409dc69076470f6fca5fee70a5d4?s=96&d=mm&r=g\",\"caption\":\"Encontra Belo Horizonte\"},\"url\":\"https:\\\/\\\/www.encontrabelohorizonte.com.br\\\/guia\\\/author\\\/encontrabelohorizonte\\\/\"}]}<\/script>\n<!-- \/ Yoast SEO plugin. -->","yoast_head_json":{"title":"Sejusp MG emprega duas carretas do Centro Integrado de Comando e Controle para monitora\u00e7\u00e3o do Carnaval de Belo Horizonte | Guia Comercial de Belo Horizonte MG","robots":{"index":"index","follow":"follow","max-snippet":"max-snippet:-1","max-image-preview":"max-image-preview:large","max-video-preview":"max-video-preview:-1"},"canonical":"https:\/\/www.encontrabelohorizonte.com.br\/guia\/sejusp-mg-emprega-duas-carretas-do-centro-integrado-de-comando-e-controle-para-monitoracao-do-carnaval-de-belo-horizonte\/","og_locale":"pt_BR","og_type":"article","og_title":"Sejusp MG emprega duas carretas do Centro Integrado de Comando e Controle para monitora\u00e7\u00e3o do Carnaval de Belo Horizonte | Guia Comercial de Belo Horizonte MG","og_description":"Carnaval em BH contar\u00e1 com carretas do Centro de Comando e Controle.","og_url":"https:\/\/www.encontrabelohorizonte.com.br\/guia\/sejusp-mg-emprega-duas-carretas-do-centro-integrado-de-comando-e-controle-para-monitoracao-do-carnaval-de-belo-horizonte\/","og_site_name":"Guia Comercial de Belo Horizonte MG","article_published_time":"2026-02-08T09:16:56+00:00","og_image":[{"width":280,"height":280,"url":"https:\/\/www.encontrabelohorizonte.com.br\/guia\/wp-content\/uploads\/2026\/02\/sejusp-mg-emprega-duas-carretas-do-centro-integrado-de-comando-e-controle-para-monitoracao-do-carnav.webp","type":"image\/webp"}],"author":"Encontra Belo Horizonte","twitter_card":"summary_large_image","twitter_misc":{"Escrito por":"Encontra Belo Horizonte","Est. tempo de leitura":"6 minutos"},"schema":{"@context":"https:\/\/schema.org","@graph":[{"@type":"Article","@id":"https:\/\/www.encontrabelohorizonte.com.br\/guia\/sejusp-mg-emprega-duas-carretas-do-centro-integrado-de-comando-e-controle-para-monitoracao-do-carnaval-de-belo-horizonte\/#article","isPartOf":{"@id":"https:\/\/www.encontrabelohorizonte.com.br\/guia\/sejusp-mg-emprega-duas-carretas-do-centro-integrado-de-comando-e-controle-para-monitoracao-do-carnaval-de-belo-horizonte\/"},"author":{"name":"Encontra Belo Horizonte","@id":"https:\/\/www.encontrabelohorizonte.com.br\/guia\/#\/schema\/person\/6b792069f07fee9a700a7caa85fb85a9"},"headline":"Sejusp MG emprega duas carretas do Centro Integrado de Comando e Controle para monitora\u00e7\u00e3o do Carnaval de Belo Horizonte","datePublished":"2026-02-08T09:16:56+00:00","mainEntityOfPage":{"@id":"https:\/\/www.encontrabelohorizonte.com.br\/guia\/sejusp-mg-emprega-duas-carretas-do-centro-integrado-de-comando-e-controle-para-monitoracao-do-carnaval-de-belo-horizonte\/"},"wordCount":1158,"commentCount":0,"image":{"@id":"https:\/\/www.encontrabelohorizonte.com.br\/guia\/sejusp-mg-emprega-duas-carretas-do-centro-integrado-de-comando-e-controle-para-monitoracao-do-carnaval-de-belo-horizonte\/#primaryimage"},"thumbnailUrl":"https:\/\/www.encontrabelohorizonte.com.br\/guia\/wp-content\/uploads\/2026\/02\/sejusp-mg-emprega-duas-carretas-do-centro-integrado-de-comando-e-controle-para-monitoracao-do-carnav.webp","articleSection":["Not\u00edcias Belo Horizonte"],"inLanguage":"pt-BR","potentialAction":[{"@type":"CommentAction","name":"Comment","target":["https:\/\/www.encontrabelohorizonte.com.br\/guia\/sejusp-mg-emprega-duas-carretas-do-centro-integrado-de-comando-e-controle-para-monitoracao-do-carnaval-de-belo-horizonte\/#respond"]}]},{"@type":"WebPage","@id":"https:\/\/www.encontrabelohorizonte.com.br\/guia\/sejusp-mg-emprega-duas-carretas-do-centro-integrado-de-comando-e-controle-para-monitoracao-do-carnaval-de-belo-horizonte\/","url":"https:\/\/www.encontrabelohorizonte.com.br\/guia\/sejusp-mg-emprega-duas-carretas-do-centro-integrado-de-comando-e-controle-para-monitoracao-do-carnaval-de-belo-horizonte\/","name":"Sejusp MG emprega duas carretas do Centro Integrado de Comando e Controle para monitora\u00e7\u00e3o do Carnaval de Belo Horizonte | Guia Comercial de Belo Horizonte MG","isPartOf":{"@id":"https:\/\/www.encontrabelohorizonte.com.br\/guia\/#website"},"primaryImageOfPage":{"@id":"https:\/\/www.encontrabelohorizonte.com.br\/guia\/sejusp-mg-emprega-duas-carretas-do-centro-integrado-de-comando-e-controle-para-monitoracao-do-carnaval-de-belo-horizonte\/#primaryimage"},"image":{"@id":"https:\/\/www.encontrabelohorizonte.com.br\/guia\/sejusp-mg-emprega-duas-carretas-do-centro-integrado-de-comando-e-controle-para-monitoracao-do-carnaval-de-belo-horizonte\/#primaryimage"},"thumbnailUrl":"https:\/\/www.encontrabelohorizonte.com.br\/guia\/wp-content\/uploads\/2026\/02\/sejusp-mg-emprega-duas-carretas-do-centro-integrado-de-comando-e-controle-para-monitoracao-do-carnav.webp","datePublished":"2026-02-08T09:16:56+00:00","author":{"@id":"https:\/\/www.encontrabelohorizonte.com.br\/guia\/#\/schema\/person\/6b792069f07fee9a700a7caa85fb85a9"},"inLanguage":"pt-BR","potentialAction":[{"@type":"ReadAction","target":["https:\/\/www.encontrabelohorizonte.com.br\/guia\/sejusp-mg-emprega-duas-carretas-do-centro-integrado-de-comando-e-controle-para-monitoracao-do-carnaval-de-belo-horizonte\/"]}]},{"@type":"ImageObject","inLanguage":"pt-BR","@id":"https:\/\/www.encontrabelohorizonte.com.br\/guia\/sejusp-mg-emprega-duas-carretas-do-centro-integrado-de-comando-e-controle-para-monitoracao-do-carnaval-de-belo-horizonte\/#primaryimage","url":"https:\/\/www.encontrabelohorizonte.com.br\/guia\/wp-content\/uploads\/2026\/02\/sejusp-mg-emprega-duas-carretas-do-centro-integrado-de-comando-e-controle-para-monitoracao-do-carnav.webp","contentUrl":"https:\/\/www.encontrabelohorizonte.com.br\/guia\/wp-content\/uploads\/2026\/02\/sejusp-mg-emprega-duas-carretas-do-centro-integrado-de-comando-e-controle-para-monitoracao-do-carnav.webp","width":280,"height":280,"caption":"Carnaval em Belo Horizonte"},{"@type":"WebSite","@id":"https:\/\/www.encontrabelohorizonte.com.br\/guia\/#website","url":"https:\/\/www.encontrabelohorizonte.com.br\/guia\/","name":"Guia Comercial de Belo Horizonte MG","description":"ENCONTRA BELO HORIZONTE - O guia comercial de neg\u00f3cios e empresas, cultura e divers\u00e3o na cidade de Belo Horizonte. Feito 100% para voc\u00ea morador!","potentialAction":[{"@type":"SearchAction","target":{"@type":"EntryPoint","urlTemplate":"https:\/\/www.encontrabelohorizonte.com.br\/guia\/?s={search_term_string}"},"query-input":{"@type":"PropertyValueSpecification","valueRequired":true,"valueName":"search_term_string"}}],"inLanguage":"pt-BR"},{"@type":"Person","@id":"https:\/\/www.encontrabelohorizonte.com.br\/guia\/#\/schema\/person\/6b792069f07fee9a700a7caa85fb85a9","name":"Encontra Belo Horizonte","image":{"@type":"ImageObject","inLanguage":"pt-BR","@id":"https:\/\/secure.gravatar.com\/avatar\/c50c17820bcf322f0a8fd6b110b8c0918141409dc69076470f6fca5fee70a5d4?s=96&d=mm&r=g","url":"https:\/\/secure.gravatar.com\/avatar\/c50c17820bcf322f0a8fd6b110b8c0918141409dc69076470f6fca5fee70a5d4?s=96&d=mm&r=g","contentUrl":"https:\/\/secure.gravatar.com\/avatar\/c50c17820bcf322f0a8fd6b110b8c0918141409dc69076470f6fca5fee70a5d4?s=96&d=mm&r=g","caption":"Encontra Belo Horizonte"},"url":"https:\/\/www.encontrabelohorizonte.com.br\/guia\/author\/encontrabelohorizonte\/"}]}},"_links":{"self":[{"href":"https:\/\/www.encontrabelohorizonte.com.br\/guia\/wp-json\/wp\/v2\/posts\/14270","targetHints":{"allow":["GET"]}}],"collection":[{"href":"https:\/\/www.encontrabelohorizonte.com.br\/guia\/wp-json\/wp\/v2\/posts"}],"about":[{"href":"https:\/\/www.encontrabelohorizonte.com.br\/guia\/wp-json\/wp\/v2\/types\/post"}],"author":[{"embeddable":true,"href":"https:\/\/www.encontrabelohorizonte.com.br\/guia\/wp-json\/wp\/v2\/users\/1"}],"replies":[{"embeddable":true,"href":"https:\/\/www.encontrabelohorizonte.com.br\/guia\/wp-json\/wp\/v2\/comments?post=14270"}],"version-history":[{"count":0,"href":"https:\/\/www.encontrabelohorizonte.com.br\/guia\/wp-json\/wp\/v2\/posts\/14270\/revisions"}],"wp:featuredmedia":[{"embeddable":true,"href":"https:\/\/www.encontrabelohorizonte.com.br\/guia\/wp-json\/wp\/v2\/media\/14269"}],"wp:attachment":[{"href":"https:\/\/www.encontrabelohorizonte.com.br\/guia\/wp-json\/wp\/v2\/media?parent=14270"}],"wp:term":[{"taxonomy":"category","embeddable":true,"href":"https:\/\/www.encontrabelohorizonte.com.br\/guia\/wp-json\/wp\/v2\/categories?post=14270"},{"taxonomy":"post_tag","embeddable":true,"href":"https:\/\/www.encontrabelohorizonte.com.br\/guia\/wp-json\/wp\/v2\/tags?post=14270"}],"curies":[{"name":"wp","href":"https:\/\/api.w.org\/{rel}","templated":true}]}}