{"id":14306,"date":"2026-02-16T06:11:05","date_gmt":"2026-02-16T09:11:05","guid":{"rendered":"https:\/\/www.encontrabelohorizonte.com.br\/guia\/carnaval-de-belo-horizonte-tera-marina-sena-ze-felipe-e-luisa-sonza\/"},"modified":"2026-02-16T06:11:05","modified_gmt":"2026-02-16T09:11:05","slug":"carnaval-de-belo-horizonte-tera-marina-sena-ze-felipe-e-luisa-sonza","status":"publish","type":"post","link":"https:\/\/www.encontrabelohorizonte.com.br\/guia\/carnaval-de-belo-horizonte-tera-marina-sena-ze-felipe-e-luisa-sonza\/","title":{"rendered":"Carnaval de Belo Horizonte ter\u00e1 Marina Sena, Z\u00e9 Felipe e Lu\u00edsa Sonza"},"content":{"rendered":"<h2>Atra\u00e7\u00f5es Imperd\u00edveis do Carnaval de BH<\/h2>\n<p>O <strong>Carnaval de Belo Horizonte<\/strong> \u00e9 um dos eventos mais esperados do ano, atraindo tanto moradores quanto turistas de todas as partes do Brasil. Com uma programa\u00e7\u00e3o rica e diversificada, a folia deste ano contar\u00e1 com mais de <strong>600 blocos<\/strong> desfilando nas ruas da capital mineira.<\/p>\n<p>Um dos destaques da festa \u00e9 o <strong>bloco Chama o S\u00edndico<\/strong>, que \u00e9 reconhecido como um dos maiores do Brasil. Com um p\u00fablico que, em anos anteriores, j\u00e1 ultrapassou <strong>100 mil foli\u00f5es<\/strong>, o bloco oferece uma experi\u00eancia \u00fanica de celebra\u00e7\u00e3o e m\u00fasica. Para 2026, eles homenagear\u00e3o o ic\u00f4nico disco &#8220;\u00c1frica Brasil&#8221; de Jorge Benjor, prometendo um show vibrante com luzes e muito samba.<\/p>\n<p>Al\u00e9m do Chama o S\u00edndico, outros blocos como <strong>Bloco da Bicicletinha<\/strong> e <strong>Bloco da Marinada<\/strong> tamb\u00e9m s\u00e3o tradicionais e atraem multid\u00f5es. A programa\u00e7\u00e3o \u00e9 desenhada para englobar diferentes estilos musicais, assegurando que haja algo para todos os gostos, incluindo diversos ritmos carnavalescos.<\/p>\n<p><img decoding=\"async\" src=\"https:\/\/www.encontrabelohorizonte.com.br\/guia\/wp-content\/uploads\/2026\/02\/carnaval-de-belo-horizonte-tera-marina-sena-ze-felipe-e-luisa-sonza.webp\" alt=\"Carnaval de Belo Horizonte\" loading=\"lazy\" \/><\/p>\n<h2>Impacto Econ\u00f4mico do Carnaval<\/h2>\n<p>O Carnaval de Belo Horizonte n\u00e3o \u00e9 apenas uma explos\u00e3o de cores e m\u00fasica; ele tamb\u00e9m desempenha um papel crucial na economia local. A expectativa \u00e9 de que cerca de <strong>600 mil participantes<\/strong> se juntem \u00e0 festa, gerando um impacto econ\u00f4mico significativo que deve alcan\u00e7ar aproximadamente <strong>R$ 1 bilh\u00e3o<\/strong>.<\/p>\n<p>Al\u00e9m disso, a festividade \u00e9 um impulsionador vital do emprego, com a cria\u00e7\u00e3o de aproximadamente <strong>20 mil postos de trabalho<\/strong>, tanto diretos quanto indiretos. Isso inclui empregos tempor\u00e1rios em setores como com\u00e9rcio, alimenta\u00e7\u00e3o e turismo. A prefeitura destaca que a seguran\u00e7a e a estrutura organizacional do evento s\u00e3o priorit\u00e1rias, visando garantir que tanto foli\u00f5es quanto comerciantes tenham uma \u00f3tima experi\u00eancia durante a folia.<\/p>\n<h2>Seguran\u00e7a no Carnaval de Belo Horizonte<\/h2>\n<p>A seguran\u00e7a \u00e9 um dos pilares fundamentais do Carnaval em Belo Horizonte. Em edi\u00e7\u00f5es passadas, a cidade conseguiu manter um n\u00famero notavelmente baixo de ocorr\u00eancias, garantindo que o evento seja considerado um dos mais seguros do Brasil.<\/p>\n<p>Os organizadores da festa afirmam que a experi\u00eancia deste ano ser\u00e1 ainda mais segura, com planejamentos estruturados e uma forte presen\u00e7a policial. Eles destacam que, no \u00faltimo ano, n\u00e3o houve registro de problemas significativos, algo que refor\u00e7a a confian\u00e7a no modelo de seguran\u00e7a do evento.<\/p>\n<h2>Como Participar da Folia<\/h2>\n<p>Participar do Carnaval de Belo Horizonte \u00e9 simples e acess\u00edvel. A cidade se prepara para receber tanto os locais quanto os turistas com uma ampla infraestrutura que facilita a locomo\u00e7\u00e3o e o aproveitamento das festividades.<\/p>\n<p>Os foli\u00f5es podem se juntar a diversos blocos, cada um com suas caracter\u00edsticas e estilos. Para quem deseja ter informa\u00e7\u00f5es detalhadas sobre cada atra\u00e7\u00e3o e programa\u00e7\u00e3o, as redes sociais dos blocos e das prefeituras da cidade s\u00e3o \u00f3timos recursos. Al\u00e9m disso, mapas e aplicativos com a agenda dos blocos ser\u00e3o disponibilizados para facilitar a participa\u00e7\u00e3o de todos.<\/p>\n<h2>Hist\u00f3ria do Carnaval em Belo Horizonte<\/h2>\n<p>O Carnaval em Belo Horizonte tem ra\u00edzes profundas e uma hist\u00f3ria rica que se expandiu por mais de um s\u00e9culo. Originalmente marcado por celebra\u00e7\u00f5es mais contidas, a festa evoluiu para se tornar um evento vibrante que hoje acolhe milh\u00f5es de pessoas.<\/p>\n<p>Desde a formaliza\u00e7\u00e3o do <strong>Carnaval de Rua<\/strong> na cidade, o evento tem crescido exponencialmente, tornando-se uma parte integrante da cultura mineira e brasileira. Cada ano, novos blocos surgem, enriquecendo ainda mais o cen\u00e1rio e trazendo inova\u00e7\u00e3o e diversidade \u00e0 festa.<\/p>\n<h2>Expectativa de P\u00fablico para 2026<\/h2>\n<p>As expectativas para o carnaval de 2026 s\u00e3o bastante altas. Com uma proje\u00e7\u00e3o de atrair cerca de <strong>6 milh\u00f5es de foli\u00f5es<\/strong>, tanto de Minas Gerais quanto de outras partes do Brasil, a cidade se prepara para atender a essa demanda.<\/p>\n<p>A prefeitura e organizadores de eventos colaboram para assegurar que as infraestruturas de sa\u00fade, transporte e seguran\u00e7a estejam \u00e0 altura desse enorme fluxo de pessoas. Esta prepara\u00e7\u00e3o inclui a promo\u00e7\u00e3o de pr\u00e1ticas de sustentabilidade e inclus\u00e3o para garantir que todos possam participar e desfrutar do carnaval.<\/p>\n<h2>Programa\u00e7\u00e3o Completa dos Blocos<\/h2>\n<p>A programa\u00e7\u00e3o para os blocos ser\u00e1 disponibilizada em breve, permitindo que foli\u00f5es planejem suas agendas para n\u00e3o perder nenhuma atra\u00e7\u00e3o. \u00c9 comum que as informa\u00e7\u00f5es sejam divulgadas atrav\u00e9s de sites oficiais, redes sociais dos blocos e plataformas de turismo.<\/p>\n<p>Os desfiles ocorrer\u00e3o em diversas regi\u00f5es da cidade, com destaque para pontos estrat\u00e9gicos que facilitam tanto a circula\u00e7\u00e3o quanto o acesso a outras partes da festa. A programa\u00e7\u00e3o incluir\u00e1 tanto blocos de rua mais tradicionais quanto novos, que buscam inovar na abordagem e nas tem\u00e1ticas apresentadas.<\/p>\n<h2>Artistas Confirmados para se Apresentar<\/h2>\n<p>Entre as grandes atra\u00e7\u00f5es confirmadas para o carnaval de 2026, est\u00e3o artistas renomados da m\u00fasica brasileira, como <strong>Lu\u00edsa Sonza<\/strong>, <strong>Z\u00e9 Felipe<\/strong> e <strong>Marina Sena<\/strong>. Essas performances prometem animar as ruas da cidade e atrair grandes p\u00fablicos.<\/p>\n<p>Com uma blend de estilos musicais, desde o pop at\u00e9 o sertanejo, esses artistas conseguem engajar diversas faixas et\u00e1rias e gostos, garantindo que todos encontrem um ritmo que os agrade durante a festa.<\/p>\n<h2>O Papel dos Blocos Tradicionais<\/h2>\n<p>Os blocos tradicionais s\u00e3o a alma do carnaval de Belo Horizonte. Eles n\u00e3o apenas trazem a leveza e a alegria para as ruas, mas tamb\u00e9m carregam uma importante carga cultural que remete \u00e0s ra\u00edzes e \u00e0 identidade da cidade.<\/p>\n<p>Esses blocos, muitas vezes formados por grupos de amigos, familiares ou vizinhos, t\u00eam se tornado cada vez mais criativos, com sambas enredos e fantasias que refletem tanto a cultura local quanto quest\u00f5es sociais e pol\u00edticas. O fortalecimento desses blocos \u00e9 essencial para manter viva a hist\u00f3ria e a tradi\u00e7\u00e3o do carnaval em BH.<\/p>\n<h2>Vantagens de Aproveitar o Carnaval de Rua<\/h2>\n<p>Participar do carnaval de rua em Belo Horizonte oferece uma s\u00e9rie de vantagens. Uma delas \u00e9 a experi\u00eancia de viver a cultura local em sua forma mais aut\u00eantica. Os blocos de rua promovem uma intera\u00e7\u00e3o comunit\u00e1ria que n\u00e3o \u00e9 vista em eventos mais formais.<\/p>\n<p>Al\u00e9m disso, os custos associados \u00e0 participa\u00e7\u00e3o s\u00e3o geralmente mais baixos, j\u00e1 que muitos blocos n\u00e3o cobram ingressos e a infraestrutura est\u00e1 acess\u00edvel a todos. A variedade de estilos presentes faz com que cada pessoa possa encontrar um lugar ao sol, experimentando diferentes ritmos e atmosferas durante o carnaval.<\/p>\n","protected":false},"excerpt":{"rendered":"<p>Carnaval de Belo Horizonte ter\u00e1 grandes artistas e promete agitar a cidade!<\/p>\n","protected":false},"author":1,"featured_media":14305,"comment_status":"open","ping_status":"open","sticky":false,"template":"","format":"standard","meta":{"footnotes":""},"categories":[5],"tags":[],"class_list":["post-14306","post","type-post","status-publish","format-standard","has-post-thumbnail","hentry","category-noticias","has_thumb"],"yoast_head":"<!-- This site is optimized with the Yoast SEO plugin v28.2 - https:\/\/yoast.com\/product\/yoast-seo-wordpress\/ -->\n<title>Carnaval de Belo Horizonte ter\u00e1 Marina Sena, Z\u00e9 Felipe e Lu\u00edsa Sonza | Guia Comercial de Belo Horizonte MG<\/title>\n<meta name=\"robots\" content=\"index, follow, max-snippet:-1, max-image-preview:large, max-video-preview:-1\" \/>\n<link rel=\"canonical\" href=\"https:\/\/www.encontrabelohorizonte.com.br\/guia\/carnaval-de-belo-horizonte-tera-marina-sena-ze-felipe-e-luisa-sonza\/\" \/>\n<meta property=\"og:locale\" content=\"pt_BR\" \/>\n<meta property=\"og:type\" content=\"article\" \/>\n<meta property=\"og:title\" content=\"Carnaval de Belo Horizonte ter\u00e1 Marina Sena, Z\u00e9 Felipe e Lu\u00edsa Sonza | Guia Comercial de Belo Horizonte MG\" \/>\n<meta property=\"og:description\" content=\"Carnaval de Belo Horizonte ter\u00e1 grandes artistas e promete agitar a cidade!\" \/>\n<meta property=\"og:url\" content=\"https:\/\/www.encontrabelohorizonte.com.br\/guia\/carnaval-de-belo-horizonte-tera-marina-sena-ze-felipe-e-luisa-sonza\/\" \/>\n<meta property=\"og:site_name\" content=\"Guia Comercial de Belo Horizonte MG\" \/>\n<meta property=\"article:published_time\" content=\"2026-02-16T09:11:05+00:00\" \/>\n<meta property=\"og:image\" content=\"https:\/\/www.encontrabelohorizonte.com.br\/guia\/wp-content\/uploads\/2026\/02\/carnaval-de-belo-horizonte-tera-marina-sena-ze-felipe-e-luisa-sonza.webp\" \/>\n\t<meta property=\"og:image:width\" content=\"280\" \/>\n\t<meta property=\"og:image:height\" content=\"280\" \/>\n\t<meta property=\"og:image:type\" content=\"image\/webp\" \/>\n<meta name=\"author\" content=\"Encontra Belo Horizonte\" \/>\n<meta name=\"twitter:card\" content=\"summary_large_image\" \/>\n<meta name=\"twitter:label1\" content=\"Escrito por\" \/>\n\t<meta name=\"twitter:data1\" content=\"Encontra Belo Horizonte\" \/>\n\t<meta name=\"twitter:label2\" content=\"Est. tempo de leitura\" \/>\n\t<meta name=\"twitter:data2\" content=\"5 minutos\" \/>\n<script type=\"application\/ld+json\" class=\"yoast-schema-graph\">{\"@context\":\"https:\\\/\\\/schema.org\",\"@graph\":[{\"@type\":\"Article\",\"@id\":\"https:\\\/\\\/www.encontrabelohorizonte.com.br\\\/guia\\\/carnaval-de-belo-horizonte-tera-marina-sena-ze-felipe-e-luisa-sonza\\\/#article\",\"isPartOf\":{\"@id\":\"https:\\\/\\\/www.encontrabelohorizonte.com.br\\\/guia\\\/carnaval-de-belo-horizonte-tera-marina-sena-ze-felipe-e-luisa-sonza\\\/\"},\"author\":{\"name\":\"Encontra Belo Horizonte\",\"@id\":\"https:\\\/\\\/www.encontrabelohorizonte.com.br\\\/guia\\\/#\\\/schema\\\/person\\\/6b792069f07fee9a700a7caa85fb85a9\"},\"headline\":\"Carnaval de Belo Horizonte ter\u00e1 Marina Sena, Z\u00e9 Felipe e Lu\u00edsa Sonza\",\"datePublished\":\"2026-02-16T09:11:05+00:00\",\"mainEntityOfPage\":{\"@id\":\"https:\\\/\\\/www.encontrabelohorizonte.com.br\\\/guia\\\/carnaval-de-belo-horizonte-tera-marina-sena-ze-felipe-e-luisa-sonza\\\/\"},\"wordCount\":1096,\"commentCount\":0,\"image\":{\"@id\":\"https:\\\/\\\/www.encontrabelohorizonte.com.br\\\/guia\\\/carnaval-de-belo-horizonte-tera-marina-sena-ze-felipe-e-luisa-sonza\\\/#primaryimage\"},\"thumbnailUrl\":\"https:\\\/\\\/www.encontrabelohorizonte.com.br\\\/guia\\\/wp-content\\\/uploads\\\/2026\\\/02\\\/carnaval-de-belo-horizonte-tera-marina-sena-ze-felipe-e-luisa-sonza.webp\",\"articleSection\":[\"Not\u00edcias Belo Horizonte\"],\"inLanguage\":\"pt-BR\",\"potentialAction\":[{\"@type\":\"CommentAction\",\"name\":\"Comment\",\"target\":[\"https:\\\/\\\/www.encontrabelohorizonte.com.br\\\/guia\\\/carnaval-de-belo-horizonte-tera-marina-sena-ze-felipe-e-luisa-sonza\\\/#respond\"]}]},{\"@type\":\"WebPage\",\"@id\":\"https:\\\/\\\/www.encontrabelohorizonte.com.br\\\/guia\\\/carnaval-de-belo-horizonte-tera-marina-sena-ze-felipe-e-luisa-sonza\\\/\",\"url\":\"https:\\\/\\\/www.encontrabelohorizonte.com.br\\\/guia\\\/carnaval-de-belo-horizonte-tera-marina-sena-ze-felipe-e-luisa-sonza\\\/\",\"name\":\"Carnaval de Belo Horizonte ter\u00e1 Marina Sena, Z\u00e9 Felipe e Lu\u00edsa Sonza | Guia Comercial de Belo Horizonte MG\",\"isPartOf\":{\"@id\":\"https:\\\/\\\/www.encontrabelohorizonte.com.br\\\/guia\\\/#website\"},\"primaryImageOfPage\":{\"@id\":\"https:\\\/\\\/www.encontrabelohorizonte.com.br\\\/guia\\\/carnaval-de-belo-horizonte-tera-marina-sena-ze-felipe-e-luisa-sonza\\\/#primaryimage\"},\"image\":{\"@id\":\"https:\\\/\\\/www.encontrabelohorizonte.com.br\\\/guia\\\/carnaval-de-belo-horizonte-tera-marina-sena-ze-felipe-e-luisa-sonza\\\/#primaryimage\"},\"thumbnailUrl\":\"https:\\\/\\\/www.encontrabelohorizonte.com.br\\\/guia\\\/wp-content\\\/uploads\\\/2026\\\/02\\\/carnaval-de-belo-horizonte-tera-marina-sena-ze-felipe-e-luisa-sonza.webp\",\"datePublished\":\"2026-02-16T09:11:05+00:00\",\"author\":{\"@id\":\"https:\\\/\\\/www.encontrabelohorizonte.com.br\\\/guia\\\/#\\\/schema\\\/person\\\/6b792069f07fee9a700a7caa85fb85a9\"},\"inLanguage\":\"pt-BR\",\"potentialAction\":[{\"@type\":\"ReadAction\",\"target\":[\"https:\\\/\\\/www.encontrabelohorizonte.com.br\\\/guia\\\/carnaval-de-belo-horizonte-tera-marina-sena-ze-felipe-e-luisa-sonza\\\/\"]}]},{\"@type\":\"ImageObject\",\"inLanguage\":\"pt-BR\",\"@id\":\"https:\\\/\\\/www.encontrabelohorizonte.com.br\\\/guia\\\/carnaval-de-belo-horizonte-tera-marina-sena-ze-felipe-e-luisa-sonza\\\/#primaryimage\",\"url\":\"https:\\\/\\\/www.encontrabelohorizonte.com.br\\\/guia\\\/wp-content\\\/uploads\\\/2026\\\/02\\\/carnaval-de-belo-horizonte-tera-marina-sena-ze-felipe-e-luisa-sonza.webp\",\"contentUrl\":\"https:\\\/\\\/www.encontrabelohorizonte.com.br\\\/guia\\\/wp-content\\\/uploads\\\/2026\\\/02\\\/carnaval-de-belo-horizonte-tera-marina-sena-ze-felipe-e-luisa-sonza.webp\",\"width\":280,\"height\":280,\"caption\":\"Carnaval de Belo Horizonte\"},{\"@type\":\"WebSite\",\"@id\":\"https:\\\/\\\/www.encontrabelohorizonte.com.br\\\/guia\\\/#website\",\"url\":\"https:\\\/\\\/www.encontrabelohorizonte.com.br\\\/guia\\\/\",\"name\":\"Guia Comercial de Belo Horizonte MG\",\"description\":\"ENCONTRA BELO HORIZONTE - O guia comercial de neg\u00f3cios e empresas, cultura e divers\u00e3o na cidade de Belo Horizonte. Feito 100% para voc\u00ea morador!\",\"potentialAction\":[{\"@type\":\"SearchAction\",\"target\":{\"@type\":\"EntryPoint\",\"urlTemplate\":\"https:\\\/\\\/www.encontrabelohorizonte.com.br\\\/guia\\\/?s={search_term_string}\"},\"query-input\":{\"@type\":\"PropertyValueSpecification\",\"valueRequired\":true,\"valueName\":\"search_term_string\"}}],\"inLanguage\":\"pt-BR\"},{\"@type\":\"Person\",\"@id\":\"https:\\\/\\\/www.encontrabelohorizonte.com.br\\\/guia\\\/#\\\/schema\\\/person\\\/6b792069f07fee9a700a7caa85fb85a9\",\"name\":\"Encontra Belo Horizonte\",\"image\":{\"@type\":\"ImageObject\",\"inLanguage\":\"pt-BR\",\"@id\":\"https:\\\/\\\/secure.gravatar.com\\\/avatar\\\/c50c17820bcf322f0a8fd6b110b8c0918141409dc69076470f6fca5fee70a5d4?s=96&d=mm&r=g\",\"url\":\"https:\\\/\\\/secure.gravatar.com\\\/avatar\\\/c50c17820bcf322f0a8fd6b110b8c0918141409dc69076470f6fca5fee70a5d4?s=96&d=mm&r=g\",\"contentUrl\":\"https:\\\/\\\/secure.gravatar.com\\\/avatar\\\/c50c17820bcf322f0a8fd6b110b8c0918141409dc69076470f6fca5fee70a5d4?s=96&d=mm&r=g\",\"caption\":\"Encontra Belo Horizonte\"},\"url\":\"https:\\\/\\\/www.encontrabelohorizonte.com.br\\\/guia\\\/author\\\/encontrabelohorizonte\\\/\"}]}<\/script>\n<!-- \/ Yoast SEO plugin. -->","yoast_head_json":{"title":"Carnaval de Belo Horizonte ter\u00e1 Marina Sena, Z\u00e9 Felipe e Lu\u00edsa Sonza | Guia Comercial de Belo Horizonte MG","robots":{"index":"index","follow":"follow","max-snippet":"max-snippet:-1","max-image-preview":"max-image-preview:large","max-video-preview":"max-video-preview:-1"},"canonical":"https:\/\/www.encontrabelohorizonte.com.br\/guia\/carnaval-de-belo-horizonte-tera-marina-sena-ze-felipe-e-luisa-sonza\/","og_locale":"pt_BR","og_type":"article","og_title":"Carnaval de Belo Horizonte ter\u00e1 Marina Sena, Z\u00e9 Felipe e Lu\u00edsa Sonza | Guia Comercial de Belo Horizonte MG","og_description":"Carnaval de Belo Horizonte ter\u00e1 grandes artistas e promete agitar a cidade!","og_url":"https:\/\/www.encontrabelohorizonte.com.br\/guia\/carnaval-de-belo-horizonte-tera-marina-sena-ze-felipe-e-luisa-sonza\/","og_site_name":"Guia Comercial de Belo Horizonte MG","article_published_time":"2026-02-16T09:11:05+00:00","og_image":[{"width":280,"height":280,"url":"https:\/\/www.encontrabelohorizonte.com.br\/guia\/wp-content\/uploads\/2026\/02\/carnaval-de-belo-horizonte-tera-marina-sena-ze-felipe-e-luisa-sonza.webp","type":"image\/webp"}],"author":"Encontra Belo Horizonte","twitter_card":"summary_large_image","twitter_misc":{"Escrito por":"Encontra Belo Horizonte","Est. tempo de leitura":"5 minutos"},"schema":{"@context":"https:\/\/schema.org","@graph":[{"@type":"Article","@id":"https:\/\/www.encontrabelohorizonte.com.br\/guia\/carnaval-de-belo-horizonte-tera-marina-sena-ze-felipe-e-luisa-sonza\/#article","isPartOf":{"@id":"https:\/\/www.encontrabelohorizonte.com.br\/guia\/carnaval-de-belo-horizonte-tera-marina-sena-ze-felipe-e-luisa-sonza\/"},"author":{"name":"Encontra Belo Horizonte","@id":"https:\/\/www.encontrabelohorizonte.com.br\/guia\/#\/schema\/person\/6b792069f07fee9a700a7caa85fb85a9"},"headline":"Carnaval de Belo Horizonte ter\u00e1 Marina Sena, Z\u00e9 Felipe e Lu\u00edsa Sonza","datePublished":"2026-02-16T09:11:05+00:00","mainEntityOfPage":{"@id":"https:\/\/www.encontrabelohorizonte.com.br\/guia\/carnaval-de-belo-horizonte-tera-marina-sena-ze-felipe-e-luisa-sonza\/"},"wordCount":1096,"commentCount":0,"image":{"@id":"https:\/\/www.encontrabelohorizonte.com.br\/guia\/carnaval-de-belo-horizonte-tera-marina-sena-ze-felipe-e-luisa-sonza\/#primaryimage"},"thumbnailUrl":"https:\/\/www.encontrabelohorizonte.com.br\/guia\/wp-content\/uploads\/2026\/02\/carnaval-de-belo-horizonte-tera-marina-sena-ze-felipe-e-luisa-sonza.webp","articleSection":["Not\u00edcias Belo Horizonte"],"inLanguage":"pt-BR","potentialAction":[{"@type":"CommentAction","name":"Comment","target":["https:\/\/www.encontrabelohorizonte.com.br\/guia\/carnaval-de-belo-horizonte-tera-marina-sena-ze-felipe-e-luisa-sonza\/#respond"]}]},{"@type":"WebPage","@id":"https:\/\/www.encontrabelohorizonte.com.br\/guia\/carnaval-de-belo-horizonte-tera-marina-sena-ze-felipe-e-luisa-sonza\/","url":"https:\/\/www.encontrabelohorizonte.com.br\/guia\/carnaval-de-belo-horizonte-tera-marina-sena-ze-felipe-e-luisa-sonza\/","name":"Carnaval de Belo Horizonte ter\u00e1 Marina Sena, Z\u00e9 Felipe e Lu\u00edsa Sonza | Guia Comercial de Belo Horizonte MG","isPartOf":{"@id":"https:\/\/www.encontrabelohorizonte.com.br\/guia\/#website"},"primaryImageOfPage":{"@id":"https:\/\/www.encontrabelohorizonte.com.br\/guia\/carnaval-de-belo-horizonte-tera-marina-sena-ze-felipe-e-luisa-sonza\/#primaryimage"},"image":{"@id":"https:\/\/www.encontrabelohorizonte.com.br\/guia\/carnaval-de-belo-horizonte-tera-marina-sena-ze-felipe-e-luisa-sonza\/#primaryimage"},"thumbnailUrl":"https:\/\/www.encontrabelohorizonte.com.br\/guia\/wp-content\/uploads\/2026\/02\/carnaval-de-belo-horizonte-tera-marina-sena-ze-felipe-e-luisa-sonza.webp","datePublished":"2026-02-16T09:11:05+00:00","author":{"@id":"https:\/\/www.encontrabelohorizonte.com.br\/guia\/#\/schema\/person\/6b792069f07fee9a700a7caa85fb85a9"},"inLanguage":"pt-BR","potentialAction":[{"@type":"ReadAction","target":["https:\/\/www.encontrabelohorizonte.com.br\/guia\/carnaval-de-belo-horizonte-tera-marina-sena-ze-felipe-e-luisa-sonza\/"]}]},{"@type":"ImageObject","inLanguage":"pt-BR","@id":"https:\/\/www.encontrabelohorizonte.com.br\/guia\/carnaval-de-belo-horizonte-tera-marina-sena-ze-felipe-e-luisa-sonza\/#primaryimage","url":"https:\/\/www.encontrabelohorizonte.com.br\/guia\/wp-content\/uploads\/2026\/02\/carnaval-de-belo-horizonte-tera-marina-sena-ze-felipe-e-luisa-sonza.webp","contentUrl":"https:\/\/www.encontrabelohorizonte.com.br\/guia\/wp-content\/uploads\/2026\/02\/carnaval-de-belo-horizonte-tera-marina-sena-ze-felipe-e-luisa-sonza.webp","width":280,"height":280,"caption":"Carnaval de Belo Horizonte"},{"@type":"WebSite","@id":"https:\/\/www.encontrabelohorizonte.com.br\/guia\/#website","url":"https:\/\/www.encontrabelohorizonte.com.br\/guia\/","name":"Guia Comercial de Belo Horizonte MG","description":"ENCONTRA BELO HORIZONTE - O guia comercial de neg\u00f3cios e empresas, cultura e divers\u00e3o na cidade de Belo Horizonte. Feito 100% para voc\u00ea morador!","potentialAction":[{"@type":"SearchAction","target":{"@type":"EntryPoint","urlTemplate":"https:\/\/www.encontrabelohorizonte.com.br\/guia\/?s={search_term_string}"},"query-input":{"@type":"PropertyValueSpecification","valueRequired":true,"valueName":"search_term_string"}}],"inLanguage":"pt-BR"},{"@type":"Person","@id":"https:\/\/www.encontrabelohorizonte.com.br\/guia\/#\/schema\/person\/6b792069f07fee9a700a7caa85fb85a9","name":"Encontra Belo Horizonte","image":{"@type":"ImageObject","inLanguage":"pt-BR","@id":"https:\/\/secure.gravatar.com\/avatar\/c50c17820bcf322f0a8fd6b110b8c0918141409dc69076470f6fca5fee70a5d4?s=96&d=mm&r=g","url":"https:\/\/secure.gravatar.com\/avatar\/c50c17820bcf322f0a8fd6b110b8c0918141409dc69076470f6fca5fee70a5d4?s=96&d=mm&r=g","contentUrl":"https:\/\/secure.gravatar.com\/avatar\/c50c17820bcf322f0a8fd6b110b8c0918141409dc69076470f6fca5fee70a5d4?s=96&d=mm&r=g","caption":"Encontra Belo Horizonte"},"url":"https:\/\/www.encontrabelohorizonte.com.br\/guia\/author\/encontrabelohorizonte\/"}]}},"_links":{"self":[{"href":"https:\/\/www.encontrabelohorizonte.com.br\/guia\/wp-json\/wp\/v2\/posts\/14306","targetHints":{"allow":["GET"]}}],"collection":[{"href":"https:\/\/www.encontrabelohorizonte.com.br\/guia\/wp-json\/wp\/v2\/posts"}],"about":[{"href":"https:\/\/www.encontrabelohorizonte.com.br\/guia\/wp-json\/wp\/v2\/types\/post"}],"author":[{"embeddable":true,"href":"https:\/\/www.encontrabelohorizonte.com.br\/guia\/wp-json\/wp\/v2\/users\/1"}],"replies":[{"embeddable":true,"href":"https:\/\/www.encontrabelohorizonte.com.br\/guia\/wp-json\/wp\/v2\/comments?post=14306"}],"version-history":[{"count":0,"href":"https:\/\/www.encontrabelohorizonte.com.br\/guia\/wp-json\/wp\/v2\/posts\/14306\/revisions"}],"wp:featuredmedia":[{"embeddable":true,"href":"https:\/\/www.encontrabelohorizonte.com.br\/guia\/wp-json\/wp\/v2\/media\/14305"}],"wp:attachment":[{"href":"https:\/\/www.encontrabelohorizonte.com.br\/guia\/wp-json\/wp\/v2\/media?parent=14306"}],"wp:term":[{"taxonomy":"category","embeddable":true,"href":"https:\/\/www.encontrabelohorizonte.com.br\/guia\/wp-json\/wp\/v2\/categories?post=14306"},{"taxonomy":"post_tag","embeddable":true,"href":"https:\/\/www.encontrabelohorizonte.com.br\/guia\/wp-json\/wp\/v2\/tags?post=14306"}],"curies":[{"name":"wp","href":"https:\/\/api.w.org\/{rel}","templated":true}]}}