{"id":14360,"date":"2026-02-28T06:13:24","date_gmt":"2026-02-28T09:13:24","guid":{"rendered":"https:\/\/www.encontrabelohorizonte.com.br\/guia\/15o-cba-o-maior-encontro-da-fibra-te-espera-em-belo-horizonte\/"},"modified":"2026-02-28T06:13:24","modified_gmt":"2026-02-28T09:13:24","slug":"15o-cba-o-maior-encontro-da-fibra-te-espera-em-belo-horizonte","status":"publish","type":"post","link":"https:\/\/www.encontrabelohorizonte.com.br\/guia\/15o-cba-o-maior-encontro-da-fibra-te-espera-em-belo-horizonte\/","title":{"rendered":"15\u00ba CBA: O maior encontro da fibra te espera em Belo Horizonte"},"content":{"rendered":"<h2>O Que Esperar do 15\u00ba CBA<\/h2>\n<p>O 15\u00ba Congresso Brasileiro do Algod\u00e3o (CBA) ser\u00e1 um marco no calend\u00e1rio do setor, reunindo os principais atores da cadeia produtiva do algod\u00e3o. Com data marcada para os dias 22 a 24 de setembro de 2026, o evento ocorrer\u00e1 no Expominas, localizado em Belo Horizonte (MG). Este congresso, promovido pela Associa\u00e7\u00e3o Brasileira dos Produtores de Algod\u00e3o (Abrapa), traz como tema central &#8220;Algod\u00e3o Brasileiro &#8211; fibra natural: Uma jornada com prop\u00f3sito, qualidade e transpar\u00eancia&#8221;. Os participantes poder\u00e3o esperar uma rica programa\u00e7\u00e3o voltada \u00e0 discuss\u00e3o de temas cr\u00edticos, inova\u00e7\u00f5es tecnol\u00f3gicas e networking estrat\u00e9gico.<\/p>\n<h2>Programa\u00e7\u00e3o e Palestrantes Confirmados<\/h2>\n<p>A organiza\u00e7\u00e3o do evento promete uma agenda repleta de atividades, incluindo palestras de renomados especialistas, workshops pr\u00e1ticos e mesas redondas. Entre os temas que ser\u00e3o abordados, destacam-se:<\/p>\n<ul>\n<li><strong>Inova\u00e7\u00e3o e Biotecnologia:<\/strong> Apresenta\u00e7\u00f5es sobre como a tecnologia pode otimizar a produ\u00e7\u00e3o de algod\u00e3o.<\/li>\n<li><strong>Interc\u00e2mbio Cient\u00edfico:<\/strong> Discuss\u00f5es sobre as \u00faltimas pesquisas e descobertas na cotonicultura.<\/li>\n<li><strong>Desenvolvimento Sustent\u00e1vel:<\/strong> Estrat\u00e9gias para uma produ\u00e7\u00e3o que respeite o meio ambiente.<\/li>\n<\/ul>\n<p>Os palestrantes incluir\u00e3o especialistas reconhecidos nacional e internacionalmente, que compartilhar\u00e3o suas experi\u00eancias e conhecimentos, oferecendo uma vis\u00e3o abrangente das tend\u00eancias e inova\u00e7\u00f5es no setor.<\/p>\n<p><img decoding=\"async\" src=\"https:\/\/www.encontrabelohorizonte.com.br\/guia\/wp-content\/uploads\/2026\/02\/15-cba-o-maior-encontro-da-fibra-te-espera-em-belo-horizonte.webp\" alt=\"Congresso Brasileiro do Algod\u00e3o\" loading=\"lazy\" \/><\/p>\n<h2>Como o Brasil se Tornou L\u00edder Mundial em Algod\u00e3o<\/h2>\n<p>Desde a safra de 2025, o Brasil solidificou sua posi\u00e7\u00e3o como o maior exportador mundial de algod\u00e3o. Essa ascens\u00e3o pode ser atribu\u00edda a uma combina\u00e7\u00e3o de fatores, incluindo:<\/p>\n<ul>\n<li><strong>T\u00e9cnicas Agr\u00edcolas Avan\u00e7adas:<\/strong> A ado\u00e7\u00e3o de pr\u00e1ticas de cultivo modernas e eficientes, como a rota\u00e7\u00e3o de culturas e o uso de variedades genetivamente modificadas.<\/li>\n<li><strong>Investimentos em Pesquisa:<\/strong> Fortes investimentos em pesquisa e desenvolvimento, principalmente por institui\u00e7\u00f5es como a Embrapa, que t\u00eam melhorado continuamente a qualidade da fibra.<\/li>\n<li><strong>Condi\u00e7\u00f5es Clim\u00e1ticas Favor\u00e1veis:<\/strong> O clima brasileiro proporciona um ambiente ideal para o cultivo do algod\u00e3o, favorecendo altas produtividades.<\/li>\n<\/ul>\n<p>Esses fatores, aliados a uma gest\u00e3o respons\u00e1vel e ao uso de tecnologias sustent\u00e1veis, t\u00eam permitido que o Brasil mantenha sua competitividade no mercado global.<\/p>\n<h2>Inova\u00e7\u00f5es que Transformam a Cotonicultura<\/h2>\n<p>O CBA tamb\u00e9m ser\u00e1 uma vitrine para as inova\u00e7\u00f5es que est\u00e3o transformando a cotonicultura. Entre as tecnologias e pr\u00e1ticas que ser\u00e3o discutidas, est\u00e3o:<\/p>\n<ul>\n<li><strong>Uso de Drones:<\/strong> Tecnologias de drone para monitoramento de lavouras e aplica\u00e7\u00f5es de defensivos.<\/li>\n<li><strong>Biotecnologia:<\/strong> T\u00e9cnicas de edi\u00e7\u00e3o gen\u00e9tica que aumentam a resist\u00eancia a pragas e doen\u00e7as.<\/li>\n<li><strong>Internet das Coisas (IoT):<\/strong> Sistema de sensores que permitem a coleta de dados em tempo real, promovendo decis\u00f5es mais assertivas.<\/li>\n<\/ul>\n<p>A implementa\u00e7\u00e3o dessas inova\u00e7\u00f5es ser\u00e1 fundamental para o aumento da efici\u00eancia na produ\u00e7\u00e3o, refletindo positivamente na qualidade do algod\u00e3o brasileiro.<\/p>\n<h2>Inscri\u00e7\u00f5es Abertas: O Que Voc\u00ea Precisa Saber<\/h2>\n<p>As inscri\u00e7\u00f5es para o 15\u00ba CBA estar\u00e3o dispon\u00edveis a partir de abril de 2026. Para participar, os interessados devem ficar atentos \u00e0s informa\u00e7\u00f5es divulgadas no site oficial do evento. \u00c9 uma oportunidade imperd\u00edvel para profissionais do setor, pesquisadores e estudantes que buscam se atualizar e fazer networking. O processo de inscri\u00e7\u00e3o ser\u00e1 realizado online, facilitando o acesso para todos os interessados. Maior rapidez \u00e9 esperada no preenchimento das vagas, dada a grandiosidade do evento e a expectativa de p\u00fablico.<\/p>\n<h2>Networking Eficiente: Fa\u00e7a Novas Conex\u00f5es<\/h2>\n<p>O CBA \u00e9 reconhecido n\u00e3o apenas pelo conte\u00fado acad\u00eamico, mas tamb\u00e9m pelas oportunidades de networking que proporciona. Os participantes ter\u00e3o a chance de:<\/p>\n<ul>\n<li><strong>Conectar-se com Especialistas:<\/strong> Um espa\u00e7o para interagir diretamente com l\u00edderes do setor e pesquisadores de renome.<\/li>\n<li><strong>Formatar Parcerias:<\/strong> Oportunidades para firmar parcerias e colabora\u00e7\u00f5es futuras.<\/li>\n<li><strong>Participar de Rodadas de Neg\u00f3cios:<\/strong> Acomoda\u00e7\u00f5es estrat\u00e9gicas para a troca de ideias e modelos de neg\u00f3cios.<\/li>\n<\/ul>\n<p>Essas intera\u00e7\u00f5es s\u00e3o fundamentais para inova\u00e7\u00f5es futuras e s\u00e3o essenciais para o desenvolvimento de novas propostas para o setor.<\/p>\n<h2>Import\u00e2ncia da Sustentabilidade no Evento<\/h2>\n<p>O compromisso com a sustentabilidade est\u00e1 no cerne do CBA. Atrav\u00e9s de debates e palestras, os participantes ser\u00e3o estimulados a refletir sobre pr\u00e1ticas e estrat\u00e9gias que podem ser adotadas para:<\/p>\n<ul>\n<li><strong>Reduzir Impactos Ambientais:<\/strong> Implementa\u00e7\u00e3o de t\u00e9cnicas que minimizam os danos ao ecossistema.<\/li>\n<li><strong>Promover Pr\u00e1ticas Sustent\u00e1veis:<\/strong> Fomentar o uso de t\u00e9cnicas que respeitem os recursos naturais e as comunidades locais.<\/li>\n<li><strong>Rastreabilidade do Algod\u00e3o:<\/strong> Discuss\u00e3o sobre a import\u00e2ncia de garantir que a cadeia produtiva mantenha altos padr\u00f5es \u00e9ticos e de sustentabilidade.<\/li>\n<\/ul>\n<p>A ado\u00e7\u00e3o dessas pr\u00e1ticas n\u00e3o \u00e9 apenas uma expectativa, mas sim uma necessidade do mercado moderno, que cada vez mais valoriza produtos que respeitam o meio ambiente.<\/p>\n<h2>Resultados do 14\u00ba CBA e Expectativas<\/h2>\n<p>A \u00faltima edi\u00e7\u00e3o do congresso, realizada em Fortaleza, foi um sucesso absoluto, reunindo mais de 4.200 participantes de 20 pa\u00edses e 25 estados brasileiros. Os dados que refletem esse sucesso incluem:<\/p>\n<ul>\n<li><strong>114 Palestrantes:<\/strong> Especialistas que compartilharam conhecimentos sobre diversas \u00e1reas relacionadas ao algod\u00e3o.<\/li>\n<li><strong>19 Hubs Tem\u00e1ticos:<\/strong> Sess\u00f5es dedicadas a quest\u00f5es pertinentes e espec\u00edficas do setor.<\/li>\n<li><strong>288 Trabalhos Cient\u00edficos:<\/strong> Apresenta\u00e7\u00f5es de pesquisas inovadoras que est\u00e3o moldando o futuro da cotonicultura.<\/li>\n<li><strong>62 Patrocinadores:<\/strong> O apoio de empresas que acreditam na relev\u00e2ncia do evento e no desenvolvimento do setor.<\/li>\n<\/ul>\n<p>Essas conquistas estabeleceram um alto padr\u00e3o que o pr\u00f3ximo CBA dever\u00e1 buscar superar, trazendo ainda mais relev\u00e2ncia e contribui\u00e7\u00e3o ao setor do algod\u00e3o.<\/p>\n<h2>Atra\u00e7\u00f5es Exclusivas Durante o Congresso<\/h2>\n<p>Durante o 15\u00ba CBA, v\u00e1rias atra\u00e7\u00f5es est\u00e3o planejadas para enriquecer a experi\u00eancia dos participantes. Entre as atividades esperadas est\u00e3o:<\/p>\n<ul>\n<li><strong>Visitas T\u00e9cnicas:<\/strong> Oportunidades para conhecer de perto pr\u00e1ticas bem-sucedidas na produ\u00e7\u00e3o de algod\u00e3o.<\/li>\n<li><strong>Feira de Neg\u00f3cios:<\/strong> Expositores apresentar\u00e3o inova\u00e7\u00f5es e tecnologias, promovendo intera\u00e7\u00f5es diretas com os participantes.<\/li>\n<li><strong>Espa\u00e7os de Networking:<\/strong> \u00c1reas dedicadas para promover conex\u00f5es entre os participantes, facilitando colabora\u00e7\u00f5es futuras.<\/li>\n<\/ul>\n<p>Tudo isso contribui para uma experi\u00eancia enriquecedora, que vai al\u00e9m das palestras e traz um panorama real do setor.<\/p>\n<h2>Participa\u00e7\u00e3o de Estudantes e Jovens Profissionais<\/h2>\n<p>O CBA tamb\u00e9m valoriza a participa\u00e7\u00e3o de estudantes e jovens profissionais, reconhecendo a import\u00e2ncia da forma\u00e7\u00e3o de futuras lideran\u00e7as no setor. V\u00e1rias iniciativas ser\u00e3o direcionadas a este p\u00fablico, incluindo:<\/p>\n<ul>\n<li><strong>Workshops Interativos:<\/strong> Atividades pr\u00e1ticas que permitem aos jovens aprender diretamente com especialistas.<\/li>\n<li><strong>Premia\u00e7\u00e3o para Trabalhos Acad\u00eamicos:<\/strong> Incentivos para pesquisas que contribuem para o avan\u00e7o do conhecimento sobre algod\u00e3o.<\/li>\n<li><strong>Espa\u00e7o para Networking:<\/strong> Oportunidades de interagir com profissionais experientes, construindo relacionamentos que podem ser frut\u00edferos no futuro.<\/li>\n<\/ul>\n<p>Esta abordagem visa n\u00e3o apenas integrar as novas gera\u00e7\u00f5es, mas tamb\u00e9m garantir que o setor do algod\u00e3o continue a evoluir e prosperar.<\/p>\n","protected":false},"excerpt":{"rendered":"<p>15\u00ba CBA em Belo Horizonte: inova\u00e7\u00e3o e rede global de contatos.<\/p>\n","protected":false},"author":1,"featured_media":14359,"comment_status":"open","ping_status":"open","sticky":false,"template":"","format":"standard","meta":{"footnotes":""},"categories":[5],"tags":[],"class_list":["post-14360","post","type-post","status-publish","format-standard","has-post-thumbnail","hentry","category-noticias","has_thumb"],"yoast_head":"<!-- This site is optimized with the Yoast SEO plugin v28.2 - https:\/\/yoast.com\/product\/yoast-seo-wordpress\/ -->\n<title>15\u00ba CBA: O maior encontro da fibra te espera em Belo Horizonte | Guia Comercial de Belo Horizonte MG<\/title>\n<meta name=\"robots\" content=\"index, follow, max-snippet:-1, max-image-preview:large, max-video-preview:-1\" \/>\n<link rel=\"canonical\" href=\"https:\/\/www.encontrabelohorizonte.com.br\/guia\/15o-cba-o-maior-encontro-da-fibra-te-espera-em-belo-horizonte\/\" \/>\n<meta property=\"og:locale\" content=\"pt_BR\" \/>\n<meta property=\"og:type\" content=\"article\" \/>\n<meta property=\"og:title\" content=\"15\u00ba CBA: O maior encontro da fibra te espera em Belo Horizonte | Guia Comercial de Belo Horizonte MG\" \/>\n<meta property=\"og:description\" content=\"15\u00ba CBA em Belo Horizonte: inova\u00e7\u00e3o e rede global de contatos.\" \/>\n<meta property=\"og:url\" content=\"https:\/\/www.encontrabelohorizonte.com.br\/guia\/15o-cba-o-maior-encontro-da-fibra-te-espera-em-belo-horizonte\/\" \/>\n<meta property=\"og:site_name\" content=\"Guia Comercial de Belo Horizonte MG\" \/>\n<meta property=\"article:published_time\" content=\"2026-02-28T09:13:24+00:00\" \/>\n<meta property=\"og:image\" content=\"https:\/\/www.encontrabelohorizonte.com.br\/guia\/wp-content\/uploads\/2026\/02\/15-cba-o-maior-encontro-da-fibra-te-espera-em-belo-horizonte.webp\" \/>\n\t<meta property=\"og:image:width\" content=\"280\" \/>\n\t<meta property=\"og:image:height\" content=\"280\" \/>\n\t<meta property=\"og:image:type\" content=\"image\/webp\" \/>\n<meta name=\"author\" content=\"Encontra Belo Horizonte\" \/>\n<meta name=\"twitter:card\" content=\"summary_large_image\" \/>\n<meta name=\"twitter:label1\" content=\"Escrito por\" \/>\n\t<meta name=\"twitter:data1\" content=\"Encontra Belo Horizonte\" \/>\n\t<meta name=\"twitter:label2\" content=\"Est. tempo de leitura\" \/>\n\t<meta name=\"twitter:data2\" content=\"6 minutos\" \/>\n<script type=\"application\/ld+json\" class=\"yoast-schema-graph\">{\"@context\":\"https:\\\/\\\/schema.org\",\"@graph\":[{\"@type\":\"Article\",\"@id\":\"https:\\\/\\\/www.encontrabelohorizonte.com.br\\\/guia\\\/15o-cba-o-maior-encontro-da-fibra-te-espera-em-belo-horizonte\\\/#article\",\"isPartOf\":{\"@id\":\"https:\\\/\\\/www.encontrabelohorizonte.com.br\\\/guia\\\/15o-cba-o-maior-encontro-da-fibra-te-espera-em-belo-horizonte\\\/\"},\"author\":{\"name\":\"Encontra Belo Horizonte\",\"@id\":\"https:\\\/\\\/www.encontrabelohorizonte.com.br\\\/guia\\\/#\\\/schema\\\/person\\\/6b792069f07fee9a700a7caa85fb85a9\"},\"headline\":\"15\u00ba CBA: O maior encontro da fibra te espera em Belo Horizonte\",\"datePublished\":\"2026-02-28T09:13:24+00:00\",\"mainEntityOfPage\":{\"@id\":\"https:\\\/\\\/www.encontrabelohorizonte.com.br\\\/guia\\\/15o-cba-o-maior-encontro-da-fibra-te-espera-em-belo-horizonte\\\/\"},\"wordCount\":1159,\"commentCount\":0,\"image\":{\"@id\":\"https:\\\/\\\/www.encontrabelohorizonte.com.br\\\/guia\\\/15o-cba-o-maior-encontro-da-fibra-te-espera-em-belo-horizonte\\\/#primaryimage\"},\"thumbnailUrl\":\"https:\\\/\\\/www.encontrabelohorizonte.com.br\\\/guia\\\/wp-content\\\/uploads\\\/2026\\\/02\\\/15-cba-o-maior-encontro-da-fibra-te-espera-em-belo-horizonte.webp\",\"articleSection\":[\"Not\u00edcias Belo Horizonte\"],\"inLanguage\":\"pt-BR\",\"potentialAction\":[{\"@type\":\"CommentAction\",\"name\":\"Comment\",\"target\":[\"https:\\\/\\\/www.encontrabelohorizonte.com.br\\\/guia\\\/15o-cba-o-maior-encontro-da-fibra-te-espera-em-belo-horizonte\\\/#respond\"]}]},{\"@type\":\"WebPage\",\"@id\":\"https:\\\/\\\/www.encontrabelohorizonte.com.br\\\/guia\\\/15o-cba-o-maior-encontro-da-fibra-te-espera-em-belo-horizonte\\\/\",\"url\":\"https:\\\/\\\/www.encontrabelohorizonte.com.br\\\/guia\\\/15o-cba-o-maior-encontro-da-fibra-te-espera-em-belo-horizonte\\\/\",\"name\":\"15\u00ba CBA: O maior encontro da fibra te espera em Belo Horizonte | Guia Comercial de Belo Horizonte MG\",\"isPartOf\":{\"@id\":\"https:\\\/\\\/www.encontrabelohorizonte.com.br\\\/guia\\\/#website\"},\"primaryImageOfPage\":{\"@id\":\"https:\\\/\\\/www.encontrabelohorizonte.com.br\\\/guia\\\/15o-cba-o-maior-encontro-da-fibra-te-espera-em-belo-horizonte\\\/#primaryimage\"},\"image\":{\"@id\":\"https:\\\/\\\/www.encontrabelohorizonte.com.br\\\/guia\\\/15o-cba-o-maior-encontro-da-fibra-te-espera-em-belo-horizonte\\\/#primaryimage\"},\"thumbnailUrl\":\"https:\\\/\\\/www.encontrabelohorizonte.com.br\\\/guia\\\/wp-content\\\/uploads\\\/2026\\\/02\\\/15-cba-o-maior-encontro-da-fibra-te-espera-em-belo-horizonte.webp\",\"datePublished\":\"2026-02-28T09:13:24+00:00\",\"author\":{\"@id\":\"https:\\\/\\\/www.encontrabelohorizonte.com.br\\\/guia\\\/#\\\/schema\\\/person\\\/6b792069f07fee9a700a7caa85fb85a9\"},\"inLanguage\":\"pt-BR\",\"potentialAction\":[{\"@type\":\"ReadAction\",\"target\":[\"https:\\\/\\\/www.encontrabelohorizonte.com.br\\\/guia\\\/15o-cba-o-maior-encontro-da-fibra-te-espera-em-belo-horizonte\\\/\"]}]},{\"@type\":\"ImageObject\",\"inLanguage\":\"pt-BR\",\"@id\":\"https:\\\/\\\/www.encontrabelohorizonte.com.br\\\/guia\\\/15o-cba-o-maior-encontro-da-fibra-te-espera-em-belo-horizonte\\\/#primaryimage\",\"url\":\"https:\\\/\\\/www.encontrabelohorizonte.com.br\\\/guia\\\/wp-content\\\/uploads\\\/2026\\\/02\\\/15-cba-o-maior-encontro-da-fibra-te-espera-em-belo-horizonte.webp\",\"contentUrl\":\"https:\\\/\\\/www.encontrabelohorizonte.com.br\\\/guia\\\/wp-content\\\/uploads\\\/2026\\\/02\\\/15-cba-o-maior-encontro-da-fibra-te-espera-em-belo-horizonte.webp\",\"width\":280,\"height\":280,\"caption\":\"Congresso Brasileiro do Algod\u00e3o\"},{\"@type\":\"WebSite\",\"@id\":\"https:\\\/\\\/www.encontrabelohorizonte.com.br\\\/guia\\\/#website\",\"url\":\"https:\\\/\\\/www.encontrabelohorizonte.com.br\\\/guia\\\/\",\"name\":\"Guia Comercial de Belo Horizonte MG\",\"description\":\"ENCONTRA BELO HORIZONTE - O guia comercial de neg\u00f3cios e empresas, cultura e divers\u00e3o na cidade de Belo Horizonte. Feito 100% para voc\u00ea morador!\",\"potentialAction\":[{\"@type\":\"SearchAction\",\"target\":{\"@type\":\"EntryPoint\",\"urlTemplate\":\"https:\\\/\\\/www.encontrabelohorizonte.com.br\\\/guia\\\/?s={search_term_string}\"},\"query-input\":{\"@type\":\"PropertyValueSpecification\",\"valueRequired\":true,\"valueName\":\"search_term_string\"}}],\"inLanguage\":\"pt-BR\"},{\"@type\":\"Person\",\"@id\":\"https:\\\/\\\/www.encontrabelohorizonte.com.br\\\/guia\\\/#\\\/schema\\\/person\\\/6b792069f07fee9a700a7caa85fb85a9\",\"name\":\"Encontra Belo Horizonte\",\"image\":{\"@type\":\"ImageObject\",\"inLanguage\":\"pt-BR\",\"@id\":\"https:\\\/\\\/secure.gravatar.com\\\/avatar\\\/c50c17820bcf322f0a8fd6b110b8c0918141409dc69076470f6fca5fee70a5d4?s=96&d=mm&r=g\",\"url\":\"https:\\\/\\\/secure.gravatar.com\\\/avatar\\\/c50c17820bcf322f0a8fd6b110b8c0918141409dc69076470f6fca5fee70a5d4?s=96&d=mm&r=g\",\"contentUrl\":\"https:\\\/\\\/secure.gravatar.com\\\/avatar\\\/c50c17820bcf322f0a8fd6b110b8c0918141409dc69076470f6fca5fee70a5d4?s=96&d=mm&r=g\",\"caption\":\"Encontra Belo Horizonte\"},\"url\":\"https:\\\/\\\/www.encontrabelohorizonte.com.br\\\/guia\\\/author\\\/encontrabelohorizonte\\\/\"}]}<\/script>\n<!-- \/ Yoast SEO plugin. -->","yoast_head_json":{"title":"15\u00ba CBA: O maior encontro da fibra te espera em Belo Horizonte | Guia Comercial de Belo Horizonte MG","robots":{"index":"index","follow":"follow","max-snippet":"max-snippet:-1","max-image-preview":"max-image-preview:large","max-video-preview":"max-video-preview:-1"},"canonical":"https:\/\/www.encontrabelohorizonte.com.br\/guia\/15o-cba-o-maior-encontro-da-fibra-te-espera-em-belo-horizonte\/","og_locale":"pt_BR","og_type":"article","og_title":"15\u00ba CBA: O maior encontro da fibra te espera em Belo Horizonte | Guia Comercial de Belo Horizonte MG","og_description":"15\u00ba CBA em Belo Horizonte: inova\u00e7\u00e3o e rede global de contatos.","og_url":"https:\/\/www.encontrabelohorizonte.com.br\/guia\/15o-cba-o-maior-encontro-da-fibra-te-espera-em-belo-horizonte\/","og_site_name":"Guia Comercial de Belo Horizonte MG","article_published_time":"2026-02-28T09:13:24+00:00","og_image":[{"width":280,"height":280,"url":"https:\/\/www.encontrabelohorizonte.com.br\/guia\/wp-content\/uploads\/2026\/02\/15-cba-o-maior-encontro-da-fibra-te-espera-em-belo-horizonte.webp","type":"image\/webp"}],"author":"Encontra Belo Horizonte","twitter_card":"summary_large_image","twitter_misc":{"Escrito por":"Encontra Belo Horizonte","Est. tempo de leitura":"6 minutos"},"schema":{"@context":"https:\/\/schema.org","@graph":[{"@type":"Article","@id":"https:\/\/www.encontrabelohorizonte.com.br\/guia\/15o-cba-o-maior-encontro-da-fibra-te-espera-em-belo-horizonte\/#article","isPartOf":{"@id":"https:\/\/www.encontrabelohorizonte.com.br\/guia\/15o-cba-o-maior-encontro-da-fibra-te-espera-em-belo-horizonte\/"},"author":{"name":"Encontra Belo Horizonte","@id":"https:\/\/www.encontrabelohorizonte.com.br\/guia\/#\/schema\/person\/6b792069f07fee9a700a7caa85fb85a9"},"headline":"15\u00ba CBA: O maior encontro da fibra te espera em Belo Horizonte","datePublished":"2026-02-28T09:13:24+00:00","mainEntityOfPage":{"@id":"https:\/\/www.encontrabelohorizonte.com.br\/guia\/15o-cba-o-maior-encontro-da-fibra-te-espera-em-belo-horizonte\/"},"wordCount":1159,"commentCount":0,"image":{"@id":"https:\/\/www.encontrabelohorizonte.com.br\/guia\/15o-cba-o-maior-encontro-da-fibra-te-espera-em-belo-horizonte\/#primaryimage"},"thumbnailUrl":"https:\/\/www.encontrabelohorizonte.com.br\/guia\/wp-content\/uploads\/2026\/02\/15-cba-o-maior-encontro-da-fibra-te-espera-em-belo-horizonte.webp","articleSection":["Not\u00edcias Belo Horizonte"],"inLanguage":"pt-BR","potentialAction":[{"@type":"CommentAction","name":"Comment","target":["https:\/\/www.encontrabelohorizonte.com.br\/guia\/15o-cba-o-maior-encontro-da-fibra-te-espera-em-belo-horizonte\/#respond"]}]},{"@type":"WebPage","@id":"https:\/\/www.encontrabelohorizonte.com.br\/guia\/15o-cba-o-maior-encontro-da-fibra-te-espera-em-belo-horizonte\/","url":"https:\/\/www.encontrabelohorizonte.com.br\/guia\/15o-cba-o-maior-encontro-da-fibra-te-espera-em-belo-horizonte\/","name":"15\u00ba CBA: O maior encontro da fibra te espera em Belo Horizonte | Guia Comercial de Belo Horizonte MG","isPartOf":{"@id":"https:\/\/www.encontrabelohorizonte.com.br\/guia\/#website"},"primaryImageOfPage":{"@id":"https:\/\/www.encontrabelohorizonte.com.br\/guia\/15o-cba-o-maior-encontro-da-fibra-te-espera-em-belo-horizonte\/#primaryimage"},"image":{"@id":"https:\/\/www.encontrabelohorizonte.com.br\/guia\/15o-cba-o-maior-encontro-da-fibra-te-espera-em-belo-horizonte\/#primaryimage"},"thumbnailUrl":"https:\/\/www.encontrabelohorizonte.com.br\/guia\/wp-content\/uploads\/2026\/02\/15-cba-o-maior-encontro-da-fibra-te-espera-em-belo-horizonte.webp","datePublished":"2026-02-28T09:13:24+00:00","author":{"@id":"https:\/\/www.encontrabelohorizonte.com.br\/guia\/#\/schema\/person\/6b792069f07fee9a700a7caa85fb85a9"},"inLanguage":"pt-BR","potentialAction":[{"@type":"ReadAction","target":["https:\/\/www.encontrabelohorizonte.com.br\/guia\/15o-cba-o-maior-encontro-da-fibra-te-espera-em-belo-horizonte\/"]}]},{"@type":"ImageObject","inLanguage":"pt-BR","@id":"https:\/\/www.encontrabelohorizonte.com.br\/guia\/15o-cba-o-maior-encontro-da-fibra-te-espera-em-belo-horizonte\/#primaryimage","url":"https:\/\/www.encontrabelohorizonte.com.br\/guia\/wp-content\/uploads\/2026\/02\/15-cba-o-maior-encontro-da-fibra-te-espera-em-belo-horizonte.webp","contentUrl":"https:\/\/www.encontrabelohorizonte.com.br\/guia\/wp-content\/uploads\/2026\/02\/15-cba-o-maior-encontro-da-fibra-te-espera-em-belo-horizonte.webp","width":280,"height":280,"caption":"Congresso Brasileiro do Algod\u00e3o"},{"@type":"WebSite","@id":"https:\/\/www.encontrabelohorizonte.com.br\/guia\/#website","url":"https:\/\/www.encontrabelohorizonte.com.br\/guia\/","name":"Guia Comercial de Belo Horizonte MG","description":"ENCONTRA BELO HORIZONTE - O guia comercial de neg\u00f3cios e empresas, cultura e divers\u00e3o na cidade de Belo Horizonte. Feito 100% para voc\u00ea morador!","potentialAction":[{"@type":"SearchAction","target":{"@type":"EntryPoint","urlTemplate":"https:\/\/www.encontrabelohorizonte.com.br\/guia\/?s={search_term_string}"},"query-input":{"@type":"PropertyValueSpecification","valueRequired":true,"valueName":"search_term_string"}}],"inLanguage":"pt-BR"},{"@type":"Person","@id":"https:\/\/www.encontrabelohorizonte.com.br\/guia\/#\/schema\/person\/6b792069f07fee9a700a7caa85fb85a9","name":"Encontra Belo Horizonte","image":{"@type":"ImageObject","inLanguage":"pt-BR","@id":"https:\/\/secure.gravatar.com\/avatar\/c50c17820bcf322f0a8fd6b110b8c0918141409dc69076470f6fca5fee70a5d4?s=96&d=mm&r=g","url":"https:\/\/secure.gravatar.com\/avatar\/c50c17820bcf322f0a8fd6b110b8c0918141409dc69076470f6fca5fee70a5d4?s=96&d=mm&r=g","contentUrl":"https:\/\/secure.gravatar.com\/avatar\/c50c17820bcf322f0a8fd6b110b8c0918141409dc69076470f6fca5fee70a5d4?s=96&d=mm&r=g","caption":"Encontra Belo Horizonte"},"url":"https:\/\/www.encontrabelohorizonte.com.br\/guia\/author\/encontrabelohorizonte\/"}]}},"_links":{"self":[{"href":"https:\/\/www.encontrabelohorizonte.com.br\/guia\/wp-json\/wp\/v2\/posts\/14360","targetHints":{"allow":["GET"]}}],"collection":[{"href":"https:\/\/www.encontrabelohorizonte.com.br\/guia\/wp-json\/wp\/v2\/posts"}],"about":[{"href":"https:\/\/www.encontrabelohorizonte.com.br\/guia\/wp-json\/wp\/v2\/types\/post"}],"author":[{"embeddable":true,"href":"https:\/\/www.encontrabelohorizonte.com.br\/guia\/wp-json\/wp\/v2\/users\/1"}],"replies":[{"embeddable":true,"href":"https:\/\/www.encontrabelohorizonte.com.br\/guia\/wp-json\/wp\/v2\/comments?post=14360"}],"version-history":[{"count":0,"href":"https:\/\/www.encontrabelohorizonte.com.br\/guia\/wp-json\/wp\/v2\/posts\/14360\/revisions"}],"wp:featuredmedia":[{"embeddable":true,"href":"https:\/\/www.encontrabelohorizonte.com.br\/guia\/wp-json\/wp\/v2\/media\/14359"}],"wp:attachment":[{"href":"https:\/\/www.encontrabelohorizonte.com.br\/guia\/wp-json\/wp\/v2\/media?parent=14360"}],"wp:term":[{"taxonomy":"category","embeddable":true,"href":"https:\/\/www.encontrabelohorizonte.com.br\/guia\/wp-json\/wp\/v2\/categories?post=14360"},{"taxonomy":"post_tag","embeddable":true,"href":"https:\/\/www.encontrabelohorizonte.com.br\/guia\/wp-json\/wp\/v2\/tags?post=14360"}],"curies":[{"name":"wp","href":"https:\/\/api.w.org\/{rel}","templated":true}]}}