{"id":14374,"date":"2026-03-04T06:05:18","date_gmt":"2026-03-04T09:05:18","guid":{"rendered":"https:\/\/www.encontrabelohorizonte.com.br\/guia\/situacao-de-terceirizados-da-educacao-em-bh-sera-discutida-na-quarta-4\/"},"modified":"2026-03-04T06:05:18","modified_gmt":"2026-03-04T09:05:18","slug":"situacao-de-terceirizados-da-educacao-em-bh-sera-discutida-na-quarta-4","status":"publish","type":"post","link":"https:\/\/www.encontrabelohorizonte.com.br\/guia\/situacao-de-terceirizados-da-educacao-em-bh-sera-discutida-na-quarta-4\/","title":{"rendered":"Situa\u00e7\u00e3o de terceirizados da educa\u00e7\u00e3o em BH ser\u00e1 discutida na quarta (4)"},"content":{"rendered":"<h2>Contexto da Greve dos Terceirizados<\/h2>\n<p>A situa\u00e7\u00e3o dos trabalhadores terceirizados na educa\u00e7\u00e3o de Belo Horizonte tornou-se cr\u00edtica, especialmente com a recente greve que tem impactado diretamente o funcionamento das escolas. Esses profissionais desempenham um papel fundamental no dia a dia das institui\u00e7\u00f5es, mas enfrentam desafios s\u00e9rios relacionados \u00e0 sua valoriza\u00e7\u00e3o e condi\u00e7\u00f5es de trabalho. A greve foi provocada pela insatisfa\u00e7\u00e3o com contratos de trabalho e a falta de garantias de direitos b\u00e1sicos, levando muitos a interromper suas atividades.<\/p>\n<h2>Consequ\u00eancias da Greve nas Escolas<\/h2>\n<p>A greve dos terceirizados tem gerado diversos efeitos adversos nas escolas da cidade. As aulas est\u00e3o sendo comprometidas, e o aprendizado dos alunos est\u00e1 sendo prejudicado, principalmente daqueles que dependem do apoio de auxiliares. As atividades escolares est\u00e3o se tornando insustent\u00e1veis, evidenciando a import\u00e2ncia dos profissionais que atuam nas \u00e1reas de apoio ao educando, como na cantina, na limpeza e na seguran\u00e7a.<\/p>\n<h2>Reivindica\u00e7\u00f5es dos Profissionais em Greve<\/h2>\n<p>Os trabalhadores terceirizados est\u00e3o levantando diversas reivindica\u00e7\u00f5es, que incluem:<\/p>\n<p><img decoding=\"async\" src=\"https:\/\/www.encontrabelohorizonte.com.br\/guia\/wp-content\/uploads\/2026\/03\/situacao-de-terceirizados-da-educacao-em-bh-sera-discutida-na-quarta-4.webp\" alt=\"terceirizados da educa\u00e7\u00e3o em BH\" loading=\"lazy\" \/><\/p>\n<ul>\n<li><strong>Pagamento de Verbas Rescis\u00f3rias:<\/strong> Cobran\u00e7a para que a atual contratante pague as verbas em caso de mudan\u00e7a de empresa.<\/li>\n<li><strong>Garantias de Novos Contratos:<\/strong> Exig\u00eancia de que novos contratos respeitem os direitos adquiridos e sejam firmados sob as normas da CLT.<\/li>\n<li><strong>Valoriza\u00e7\u00e3o Salarial:<\/strong> Demandam uma proposta de recomposi\u00e7\u00e3o salarial justa, que alinhe seus sal\u00e1rios aos de outros profissionais da educa\u00e7\u00e3o.<\/li>\n<li><strong>Rejei\u00e7\u00e3o a Cooperativas:<\/strong> Oposi\u00e7\u00e3o ao modelo de contrata\u00e7\u00e3o via cooperativas, que \u00e9 visto como uma forma de precariza\u00e7\u00e3o do trabalho.<\/li>\n<li><strong>Responsabilidade da Prefeitura:<\/strong> Que a Prefeitura de Belo Horizonte seja reconhecida como respons\u00e1vel subsidi\u00e1ria nas contrata\u00e7\u00f5es terceirizadas.<\/li>\n<\/ul>\n<h2>O Papel da Prefeitura na Situa\u00e7\u00e3o<\/h2>\n<p>A Prefeitura de Belo Horizonte, especificamente a Secretaria Municipal de Educa\u00e7\u00e3o, est\u00e1 sob press\u00e3o para agir e resolver a situa\u00e7\u00e3o. A secret\u00e1ria Nat\u00e1lia Ara\u00fajo ser\u00e1 convocada a comparecer \u00e0 Comiss\u00e3o de Educa\u00e7\u00e3o para detalhar as diretrizes e a situa\u00e7\u00e3o atual dos contratos, al\u00e9m de discutir meios de valoriza\u00e7\u00e3o dos trabalhadores. O encontro constitui uma oportunidade para dialogar e buscar solu\u00e7\u00f5es eficazes e razo\u00e1veis.<\/p>\n<h2>Expectativas para a Reuni\u00e3o da Comiss\u00e3o<\/h2>\n<p>A reuni\u00e3o da Comiss\u00e3o de Educa\u00e7\u00e3o, Ci\u00eancia, Tecnologia, Cultura, Desporto, Lazer e Turismo, marcada para o dia 4 de mar\u00e7o, \u00e0s 9h15, no Plen\u00e1rio Helv\u00e9cio Arantes, \u00e9 uma esperan\u00e7a para os terceirizados. Os organizadores, incluindo a vereadora Iza Louren\u00e7a, esperam que a reuni\u00e3o resulte em um entendimento que possa p\u00f4r fim \u00e0 greve e restaurar a normalidade nas escolas.<\/p>\n<h2>Desafios para os Profissionais de Apoio<\/h2>\n<p>A greve traz \u00e0 tona os desafios enfrentados pelos profissionais de apoio, que s\u00e3o fundamentais para a inclus\u00e3o dos alunos com defici\u00eancia. Estes trabalhadores est\u00e3o em uma posi\u00e7\u00e3o delicada, uma vez que suas atua\u00e7\u00f5es s\u00e3o essenciais para garantir um ambiente educacional saud\u00e1vel e inclusivo. A Secretaria de Educa\u00e7\u00e3o se comprometeu a substituir a atual contratante MGS por organiza\u00e7\u00f5es da sociedade civil, o que levanta quest\u00f5es sobre a continuidade do suporte necess\u00e1rio.<\/p>\n<h2>Impacto nos Estudantes com Defici\u00eancia<\/h2>\n<p>A falta dos profissionais de apoio nas escolas impacta diretamente alunos com defici\u00eancia, que dependem deste suporte para seu desenvolvimento escolar. A interrup\u00e7\u00e3o dos servi\u00e7os pode levar a um retrocesso nas condi\u00e7\u00f5es de aprendizado desses alunos, evidenciando a necessidade urgente de uma solu\u00e7\u00e3o que garanta a presen\u00e7a desses profissionais em sala de aula, assegurando assim seus direitos e a qualidade do ensino.<\/p>\n<h2>Poss\u00edveis Solu\u00e7\u00f5es para a Crise<\/h2>\n<p>A resolu\u00e7\u00e3o da crise exige um di\u00e1logo aberto e medidas concretas por parte da administra\u00e7\u00e3o p\u00fablica. Algumas solu\u00e7\u00f5es podem incluir:<\/p>\n<ul>\n<li><strong>Negocia\u00e7\u00e3o Direta com os Trabalhadores:<\/strong> Implementar um canal eficaz de comunica\u00e7\u00e3o entre a Prefeitura e os trabalhadores para discutir reivindica\u00e7\u00f5es e solu\u00e7\u00f5es.<\/li>\n<li><strong>Revis\u00e3o de Contratos:<\/strong> Garantir que os contratos respeitem os direitos dos trabalhadores e sejam justos em termos de remunera\u00e7\u00e3o.<\/li>\n<li><strong>Valoriza\u00e7\u00e3o Profissional:<\/strong> Promover iniciativas de valoriza\u00e7\u00e3o que incluam treinamento e desenvolvimento profissional para os terceirizados.<\/li>\n<li><strong>Compromisso com a Inclus\u00e3o:<\/strong> Assegurar que todos os alunos, especialmente os com defici\u00eancia, tenham acesso a um suporte adequado.<\/li>\n<\/ul>\n<h2>Participa\u00e7\u00e3o da Comunidade na Discuss\u00e3o<\/h2>\n<p>A comunidade desempenha um papel crucial nesse cen\u00e1rio. Sua participa\u00e7\u00e3o nas discuss\u00f5es pode ajudar a pressionar as autoridades e a criar uma rede de apoio que reconhe\u00e7a a import\u00e2ncia dos profissionais terceirizados. Isto inclui n\u00e3o apenas os pais de alunos, mas tamb\u00e9m grupos de defesa dos direitos dos trabalhadores e organiza\u00e7\u00f5es da sociedade civil que podem atuar como facilitadores de di\u00e1logo.<\/p>\n<h2>Hist\u00f3rico das Contrata\u00e7\u00f5es na Educa\u00e7\u00e3o de BH<\/h2>\n<p>Historicamente, as contrata\u00e7\u00f5es na educa\u00e7\u00e3o de Belo Horizonte t\u00eam sido realizadas por interm\u00e9dio de empresas terceirizadas, como a Minas Gerais Administra\u00e7\u00e3o e Servi\u00e7os S.A. (MGS). Esta rela\u00e7\u00e3o trouxe benef\u00edcios, mas tamb\u00e9m desafios, especialmente no que diz respeito aos direitos trabalhistas e \u00e0 seguran\u00e7a no emprego. A situa\u00e7\u00e3o atual \u00e9 um reflexo de uma s\u00e9rie de fatores que precisam ser analisados para encontrar um caminho mais sustent\u00e1vel e justo para os terceirizados da educa\u00e7\u00e3o.<\/p>\n","protected":false},"excerpt":{"rendered":"<p>Situa\u00e7\u00e3o dos terceirizados da educa\u00e7\u00e3o em BH \u00e9 cr\u00edtica e ser\u00e1 discutida.<\/p>\n","protected":false},"author":1,"featured_media":14373,"comment_status":"open","ping_status":"open","sticky":false,"template":"","format":"standard","meta":{"footnotes":""},"categories":[5],"tags":[],"class_list":["post-14374","post","type-post","status-publish","format-standard","has-post-thumbnail","hentry","category-noticias","has_thumb"],"yoast_head":"<!-- This site is optimized with the Yoast SEO plugin v28.2 - https:\/\/yoast.com\/product\/yoast-seo-wordpress\/ -->\n<title>Situa\u00e7\u00e3o de terceirizados da educa\u00e7\u00e3o em BH ser\u00e1 discutida na quarta (4) | Guia Comercial de Belo Horizonte MG<\/title>\n<meta name=\"robots\" content=\"index, follow, max-snippet:-1, max-image-preview:large, max-video-preview:-1\" \/>\n<link rel=\"canonical\" href=\"https:\/\/www.encontrabelohorizonte.com.br\/guia\/situacao-de-terceirizados-da-educacao-em-bh-sera-discutida-na-quarta-4\/\" \/>\n<meta property=\"og:locale\" content=\"pt_BR\" \/>\n<meta property=\"og:type\" content=\"article\" \/>\n<meta property=\"og:title\" content=\"Situa\u00e7\u00e3o de terceirizados da educa\u00e7\u00e3o em BH ser\u00e1 discutida na quarta (4) | Guia Comercial de Belo Horizonte MG\" \/>\n<meta property=\"og:description\" content=\"Situa\u00e7\u00e3o dos terceirizados da educa\u00e7\u00e3o em BH \u00e9 cr\u00edtica e ser\u00e1 discutida.\" \/>\n<meta property=\"og:url\" content=\"https:\/\/www.encontrabelohorizonte.com.br\/guia\/situacao-de-terceirizados-da-educacao-em-bh-sera-discutida-na-quarta-4\/\" \/>\n<meta property=\"og:site_name\" content=\"Guia Comercial de Belo Horizonte MG\" \/>\n<meta property=\"article:published_time\" content=\"2026-03-04T09:05:18+00:00\" \/>\n<meta property=\"og:image\" content=\"https:\/\/www.encontrabelohorizonte.com.br\/guia\/wp-content\/uploads\/2026\/03\/situacao-de-terceirizados-da-educacao-em-bh-sera-discutida-na-quarta-4.webp\" \/>\n\t<meta property=\"og:image:width\" content=\"280\" \/>\n\t<meta property=\"og:image:height\" content=\"280\" \/>\n\t<meta property=\"og:image:type\" content=\"image\/webp\" \/>\n<meta name=\"author\" content=\"Encontra Belo Horizonte\" \/>\n<meta name=\"twitter:card\" content=\"summary_large_image\" \/>\n<meta name=\"twitter:label1\" content=\"Escrito por\" \/>\n\t<meta name=\"twitter:data1\" content=\"Encontra Belo Horizonte\" \/>\n\t<meta name=\"twitter:label2\" content=\"Est. tempo de leitura\" \/>\n\t<meta name=\"twitter:data2\" content=\"4 minutos\" \/>\n<script type=\"application\/ld+json\" class=\"yoast-schema-graph\">{\"@context\":\"https:\\\/\\\/schema.org\",\"@graph\":[{\"@type\":\"Article\",\"@id\":\"https:\\\/\\\/www.encontrabelohorizonte.com.br\\\/guia\\\/situacao-de-terceirizados-da-educacao-em-bh-sera-discutida-na-quarta-4\\\/#article\",\"isPartOf\":{\"@id\":\"https:\\\/\\\/www.encontrabelohorizonte.com.br\\\/guia\\\/situacao-de-terceirizados-da-educacao-em-bh-sera-discutida-na-quarta-4\\\/\"},\"author\":{\"name\":\"Encontra Belo Horizonte\",\"@id\":\"https:\\\/\\\/www.encontrabelohorizonte.com.br\\\/guia\\\/#\\\/schema\\\/person\\\/6b792069f07fee9a700a7caa85fb85a9\"},\"headline\":\"Situa\u00e7\u00e3o de terceirizados da educa\u00e7\u00e3o em BH ser\u00e1 discutida na quarta (4)\",\"datePublished\":\"2026-03-04T09:05:18+00:00\",\"mainEntityOfPage\":{\"@id\":\"https:\\\/\\\/www.encontrabelohorizonte.com.br\\\/guia\\\/situacao-de-terceirizados-da-educacao-em-bh-sera-discutida-na-quarta-4\\\/\"},\"wordCount\":908,\"commentCount\":0,\"image\":{\"@id\":\"https:\\\/\\\/www.encontrabelohorizonte.com.br\\\/guia\\\/situacao-de-terceirizados-da-educacao-em-bh-sera-discutida-na-quarta-4\\\/#primaryimage\"},\"thumbnailUrl\":\"https:\\\/\\\/www.encontrabelohorizonte.com.br\\\/guia\\\/wp-content\\\/uploads\\\/2026\\\/03\\\/situacao-de-terceirizados-da-educacao-em-bh-sera-discutida-na-quarta-4.webp\",\"articleSection\":[\"Not\u00edcias Belo Horizonte\"],\"inLanguage\":\"pt-BR\",\"potentialAction\":[{\"@type\":\"CommentAction\",\"name\":\"Comment\",\"target\":[\"https:\\\/\\\/www.encontrabelohorizonte.com.br\\\/guia\\\/situacao-de-terceirizados-da-educacao-em-bh-sera-discutida-na-quarta-4\\\/#respond\"]}]},{\"@type\":\"WebPage\",\"@id\":\"https:\\\/\\\/www.encontrabelohorizonte.com.br\\\/guia\\\/situacao-de-terceirizados-da-educacao-em-bh-sera-discutida-na-quarta-4\\\/\",\"url\":\"https:\\\/\\\/www.encontrabelohorizonte.com.br\\\/guia\\\/situacao-de-terceirizados-da-educacao-em-bh-sera-discutida-na-quarta-4\\\/\",\"name\":\"Situa\u00e7\u00e3o de terceirizados da educa\u00e7\u00e3o em BH ser\u00e1 discutida na quarta (4) | Guia Comercial de Belo Horizonte MG\",\"isPartOf\":{\"@id\":\"https:\\\/\\\/www.encontrabelohorizonte.com.br\\\/guia\\\/#website\"},\"primaryImageOfPage\":{\"@id\":\"https:\\\/\\\/www.encontrabelohorizonte.com.br\\\/guia\\\/situacao-de-terceirizados-da-educacao-em-bh-sera-discutida-na-quarta-4\\\/#primaryimage\"},\"image\":{\"@id\":\"https:\\\/\\\/www.encontrabelohorizonte.com.br\\\/guia\\\/situacao-de-terceirizados-da-educacao-em-bh-sera-discutida-na-quarta-4\\\/#primaryimage\"},\"thumbnailUrl\":\"https:\\\/\\\/www.encontrabelohorizonte.com.br\\\/guia\\\/wp-content\\\/uploads\\\/2026\\\/03\\\/situacao-de-terceirizados-da-educacao-em-bh-sera-discutida-na-quarta-4.webp\",\"datePublished\":\"2026-03-04T09:05:18+00:00\",\"author\":{\"@id\":\"https:\\\/\\\/www.encontrabelohorizonte.com.br\\\/guia\\\/#\\\/schema\\\/person\\\/6b792069f07fee9a700a7caa85fb85a9\"},\"inLanguage\":\"pt-BR\",\"potentialAction\":[{\"@type\":\"ReadAction\",\"target\":[\"https:\\\/\\\/www.encontrabelohorizonte.com.br\\\/guia\\\/situacao-de-terceirizados-da-educacao-em-bh-sera-discutida-na-quarta-4\\\/\"]}]},{\"@type\":\"ImageObject\",\"inLanguage\":\"pt-BR\",\"@id\":\"https:\\\/\\\/www.encontrabelohorizonte.com.br\\\/guia\\\/situacao-de-terceirizados-da-educacao-em-bh-sera-discutida-na-quarta-4\\\/#primaryimage\",\"url\":\"https:\\\/\\\/www.encontrabelohorizonte.com.br\\\/guia\\\/wp-content\\\/uploads\\\/2026\\\/03\\\/situacao-de-terceirizados-da-educacao-em-bh-sera-discutida-na-quarta-4.webp\",\"contentUrl\":\"https:\\\/\\\/www.encontrabelohorizonte.com.br\\\/guia\\\/wp-content\\\/uploads\\\/2026\\\/03\\\/situacao-de-terceirizados-da-educacao-em-bh-sera-discutida-na-quarta-4.webp\",\"width\":280,\"height\":280,\"caption\":\"terceirizados da educa\u00e7\u00e3o em BH\"},{\"@type\":\"WebSite\",\"@id\":\"https:\\\/\\\/www.encontrabelohorizonte.com.br\\\/guia\\\/#website\",\"url\":\"https:\\\/\\\/www.encontrabelohorizonte.com.br\\\/guia\\\/\",\"name\":\"Guia Comercial de Belo Horizonte MG\",\"description\":\"ENCONTRA BELO HORIZONTE - O guia comercial de neg\u00f3cios e empresas, cultura e divers\u00e3o na cidade de Belo Horizonte. Feito 100% para voc\u00ea morador!\",\"potentialAction\":[{\"@type\":\"SearchAction\",\"target\":{\"@type\":\"EntryPoint\",\"urlTemplate\":\"https:\\\/\\\/www.encontrabelohorizonte.com.br\\\/guia\\\/?s={search_term_string}\"},\"query-input\":{\"@type\":\"PropertyValueSpecification\",\"valueRequired\":true,\"valueName\":\"search_term_string\"}}],\"inLanguage\":\"pt-BR\"},{\"@type\":\"Person\",\"@id\":\"https:\\\/\\\/www.encontrabelohorizonte.com.br\\\/guia\\\/#\\\/schema\\\/person\\\/6b792069f07fee9a700a7caa85fb85a9\",\"name\":\"Encontra Belo Horizonte\",\"image\":{\"@type\":\"ImageObject\",\"inLanguage\":\"pt-BR\",\"@id\":\"https:\\\/\\\/secure.gravatar.com\\\/avatar\\\/c50c17820bcf322f0a8fd6b110b8c0918141409dc69076470f6fca5fee70a5d4?s=96&d=mm&r=g\",\"url\":\"https:\\\/\\\/secure.gravatar.com\\\/avatar\\\/c50c17820bcf322f0a8fd6b110b8c0918141409dc69076470f6fca5fee70a5d4?s=96&d=mm&r=g\",\"contentUrl\":\"https:\\\/\\\/secure.gravatar.com\\\/avatar\\\/c50c17820bcf322f0a8fd6b110b8c0918141409dc69076470f6fca5fee70a5d4?s=96&d=mm&r=g\",\"caption\":\"Encontra Belo Horizonte\"},\"url\":\"https:\\\/\\\/www.encontrabelohorizonte.com.br\\\/guia\\\/author\\\/encontrabelohorizonte\\\/\"}]}<\/script>\n<!-- \/ Yoast SEO plugin. -->","yoast_head_json":{"title":"Situa\u00e7\u00e3o de terceirizados da educa\u00e7\u00e3o em BH ser\u00e1 discutida na quarta (4) | Guia Comercial de Belo Horizonte MG","robots":{"index":"index","follow":"follow","max-snippet":"max-snippet:-1","max-image-preview":"max-image-preview:large","max-video-preview":"max-video-preview:-1"},"canonical":"https:\/\/www.encontrabelohorizonte.com.br\/guia\/situacao-de-terceirizados-da-educacao-em-bh-sera-discutida-na-quarta-4\/","og_locale":"pt_BR","og_type":"article","og_title":"Situa\u00e7\u00e3o de terceirizados da educa\u00e7\u00e3o em BH ser\u00e1 discutida na quarta (4) | Guia Comercial de Belo Horizonte MG","og_description":"Situa\u00e7\u00e3o dos terceirizados da educa\u00e7\u00e3o em BH \u00e9 cr\u00edtica e ser\u00e1 discutida.","og_url":"https:\/\/www.encontrabelohorizonte.com.br\/guia\/situacao-de-terceirizados-da-educacao-em-bh-sera-discutida-na-quarta-4\/","og_site_name":"Guia Comercial de Belo Horizonte MG","article_published_time":"2026-03-04T09:05:18+00:00","og_image":[{"width":280,"height":280,"url":"https:\/\/www.encontrabelohorizonte.com.br\/guia\/wp-content\/uploads\/2026\/03\/situacao-de-terceirizados-da-educacao-em-bh-sera-discutida-na-quarta-4.webp","type":"image\/webp"}],"author":"Encontra Belo Horizonte","twitter_card":"summary_large_image","twitter_misc":{"Escrito por":"Encontra Belo Horizonte","Est. tempo de leitura":"4 minutos"},"schema":{"@context":"https:\/\/schema.org","@graph":[{"@type":"Article","@id":"https:\/\/www.encontrabelohorizonte.com.br\/guia\/situacao-de-terceirizados-da-educacao-em-bh-sera-discutida-na-quarta-4\/#article","isPartOf":{"@id":"https:\/\/www.encontrabelohorizonte.com.br\/guia\/situacao-de-terceirizados-da-educacao-em-bh-sera-discutida-na-quarta-4\/"},"author":{"name":"Encontra Belo Horizonte","@id":"https:\/\/www.encontrabelohorizonte.com.br\/guia\/#\/schema\/person\/6b792069f07fee9a700a7caa85fb85a9"},"headline":"Situa\u00e7\u00e3o de terceirizados da educa\u00e7\u00e3o em BH ser\u00e1 discutida na quarta (4)","datePublished":"2026-03-04T09:05:18+00:00","mainEntityOfPage":{"@id":"https:\/\/www.encontrabelohorizonte.com.br\/guia\/situacao-de-terceirizados-da-educacao-em-bh-sera-discutida-na-quarta-4\/"},"wordCount":908,"commentCount":0,"image":{"@id":"https:\/\/www.encontrabelohorizonte.com.br\/guia\/situacao-de-terceirizados-da-educacao-em-bh-sera-discutida-na-quarta-4\/#primaryimage"},"thumbnailUrl":"https:\/\/www.encontrabelohorizonte.com.br\/guia\/wp-content\/uploads\/2026\/03\/situacao-de-terceirizados-da-educacao-em-bh-sera-discutida-na-quarta-4.webp","articleSection":["Not\u00edcias Belo Horizonte"],"inLanguage":"pt-BR","potentialAction":[{"@type":"CommentAction","name":"Comment","target":["https:\/\/www.encontrabelohorizonte.com.br\/guia\/situacao-de-terceirizados-da-educacao-em-bh-sera-discutida-na-quarta-4\/#respond"]}]},{"@type":"WebPage","@id":"https:\/\/www.encontrabelohorizonte.com.br\/guia\/situacao-de-terceirizados-da-educacao-em-bh-sera-discutida-na-quarta-4\/","url":"https:\/\/www.encontrabelohorizonte.com.br\/guia\/situacao-de-terceirizados-da-educacao-em-bh-sera-discutida-na-quarta-4\/","name":"Situa\u00e7\u00e3o de terceirizados da educa\u00e7\u00e3o em BH ser\u00e1 discutida na quarta (4) | Guia Comercial de Belo Horizonte MG","isPartOf":{"@id":"https:\/\/www.encontrabelohorizonte.com.br\/guia\/#website"},"primaryImageOfPage":{"@id":"https:\/\/www.encontrabelohorizonte.com.br\/guia\/situacao-de-terceirizados-da-educacao-em-bh-sera-discutida-na-quarta-4\/#primaryimage"},"image":{"@id":"https:\/\/www.encontrabelohorizonte.com.br\/guia\/situacao-de-terceirizados-da-educacao-em-bh-sera-discutida-na-quarta-4\/#primaryimage"},"thumbnailUrl":"https:\/\/www.encontrabelohorizonte.com.br\/guia\/wp-content\/uploads\/2026\/03\/situacao-de-terceirizados-da-educacao-em-bh-sera-discutida-na-quarta-4.webp","datePublished":"2026-03-04T09:05:18+00:00","author":{"@id":"https:\/\/www.encontrabelohorizonte.com.br\/guia\/#\/schema\/person\/6b792069f07fee9a700a7caa85fb85a9"},"inLanguage":"pt-BR","potentialAction":[{"@type":"ReadAction","target":["https:\/\/www.encontrabelohorizonte.com.br\/guia\/situacao-de-terceirizados-da-educacao-em-bh-sera-discutida-na-quarta-4\/"]}]},{"@type":"ImageObject","inLanguage":"pt-BR","@id":"https:\/\/www.encontrabelohorizonte.com.br\/guia\/situacao-de-terceirizados-da-educacao-em-bh-sera-discutida-na-quarta-4\/#primaryimage","url":"https:\/\/www.encontrabelohorizonte.com.br\/guia\/wp-content\/uploads\/2026\/03\/situacao-de-terceirizados-da-educacao-em-bh-sera-discutida-na-quarta-4.webp","contentUrl":"https:\/\/www.encontrabelohorizonte.com.br\/guia\/wp-content\/uploads\/2026\/03\/situacao-de-terceirizados-da-educacao-em-bh-sera-discutida-na-quarta-4.webp","width":280,"height":280,"caption":"terceirizados da educa\u00e7\u00e3o em BH"},{"@type":"WebSite","@id":"https:\/\/www.encontrabelohorizonte.com.br\/guia\/#website","url":"https:\/\/www.encontrabelohorizonte.com.br\/guia\/","name":"Guia Comercial de Belo Horizonte MG","description":"ENCONTRA BELO HORIZONTE - O guia comercial de neg\u00f3cios e empresas, cultura e divers\u00e3o na cidade de Belo Horizonte. Feito 100% para voc\u00ea morador!","potentialAction":[{"@type":"SearchAction","target":{"@type":"EntryPoint","urlTemplate":"https:\/\/www.encontrabelohorizonte.com.br\/guia\/?s={search_term_string}"},"query-input":{"@type":"PropertyValueSpecification","valueRequired":true,"valueName":"search_term_string"}}],"inLanguage":"pt-BR"},{"@type":"Person","@id":"https:\/\/www.encontrabelohorizonte.com.br\/guia\/#\/schema\/person\/6b792069f07fee9a700a7caa85fb85a9","name":"Encontra Belo Horizonte","image":{"@type":"ImageObject","inLanguage":"pt-BR","@id":"https:\/\/secure.gravatar.com\/avatar\/c50c17820bcf322f0a8fd6b110b8c0918141409dc69076470f6fca5fee70a5d4?s=96&d=mm&r=g","url":"https:\/\/secure.gravatar.com\/avatar\/c50c17820bcf322f0a8fd6b110b8c0918141409dc69076470f6fca5fee70a5d4?s=96&d=mm&r=g","contentUrl":"https:\/\/secure.gravatar.com\/avatar\/c50c17820bcf322f0a8fd6b110b8c0918141409dc69076470f6fca5fee70a5d4?s=96&d=mm&r=g","caption":"Encontra Belo Horizonte"},"url":"https:\/\/www.encontrabelohorizonte.com.br\/guia\/author\/encontrabelohorizonte\/"}]}},"_links":{"self":[{"href":"https:\/\/www.encontrabelohorizonte.com.br\/guia\/wp-json\/wp\/v2\/posts\/14374","targetHints":{"allow":["GET"]}}],"collection":[{"href":"https:\/\/www.encontrabelohorizonte.com.br\/guia\/wp-json\/wp\/v2\/posts"}],"about":[{"href":"https:\/\/www.encontrabelohorizonte.com.br\/guia\/wp-json\/wp\/v2\/types\/post"}],"author":[{"embeddable":true,"href":"https:\/\/www.encontrabelohorizonte.com.br\/guia\/wp-json\/wp\/v2\/users\/1"}],"replies":[{"embeddable":true,"href":"https:\/\/www.encontrabelohorizonte.com.br\/guia\/wp-json\/wp\/v2\/comments?post=14374"}],"version-history":[{"count":0,"href":"https:\/\/www.encontrabelohorizonte.com.br\/guia\/wp-json\/wp\/v2\/posts\/14374\/revisions"}],"wp:featuredmedia":[{"embeddable":true,"href":"https:\/\/www.encontrabelohorizonte.com.br\/guia\/wp-json\/wp\/v2\/media\/14373"}],"wp:attachment":[{"href":"https:\/\/www.encontrabelohorizonte.com.br\/guia\/wp-json\/wp\/v2\/media?parent=14374"}],"wp:term":[{"taxonomy":"category","embeddable":true,"href":"https:\/\/www.encontrabelohorizonte.com.br\/guia\/wp-json\/wp\/v2\/categories?post=14374"},{"taxonomy":"post_tag","embeddable":true,"href":"https:\/\/www.encontrabelohorizonte.com.br\/guia\/wp-json\/wp\/v2\/tags?post=14374"}],"curies":[{"name":"wp","href":"https:\/\/api.w.org\/{rel}","templated":true}]}}