{"id":14378,"date":"2026-03-05T06:03:17","date_gmt":"2026-03-05T09:03:17","guid":{"rendered":"https:\/\/www.encontrabelohorizonte.com.br\/guia\/especialistas-em-gestao-publica-debatem-a-reforma-administrativa-em-belo-horizonte\/"},"modified":"2026-03-05T06:03:17","modified_gmt":"2026-03-05T09:03:17","slug":"especialistas-em-gestao-publica-debatem-a-reforma-administrativa-em-belo-horizonte","status":"publish","type":"post","link":"https:\/\/www.encontrabelohorizonte.com.br\/guia\/especialistas-em-gestao-publica-debatem-a-reforma-administrativa-em-belo-horizonte\/","title":{"rendered":"Especialistas em gest\u00e3o p\u00fablica debatem a reforma administrativa em Belo Horizonte |"},"content":{"rendered":"<h2>Introdu\u00e7\u00e3o ao Ciclo de Debates<\/h2>\n<p>A terceira edi\u00e7\u00e3o do <strong>Ciclo de Debates: Moderniza\u00e7\u00e3o do Estado e Reforma Administrativa<\/strong> est\u00e1 sendo organizada pelo <strong>Movimento Pessoas \u00e0 Frente<\/strong> e pela <strong>Funda\u00e7\u00e3o Jo\u00e3o Pinheiro<\/strong>. Este evento ocorrer\u00e1 em Belo Horizonte e reunir\u00e1 especialistas em gest\u00e3o p\u00fablica. O ciclo visa discutir as melhorias e a moderniza\u00e7\u00e3o necess\u00e1rias na gest\u00e3o do Estado brasileiro, especialmente no que diz respeito \u00e0 reforma administrativa que est\u00e1 em andamento no Congresso Nacional.<\/p>\n<h2>Objetivos da Reforma Administrativa<\/h2>\n<p>A reforma administrativa prop\u00f5e uma s\u00e9rie de mudan\u00e7as estruturais no setor p\u00fablico, com o intuito de:<\/p>\n<ul>\n<li><strong>Aumentar a efici\u00eancia:<\/strong> O objetivo \u00e9 tornar a gest\u00e3o p\u00fablica mais eficiente, proporcionando um melhor uso dos recursos dispon\u00edveis.<\/li>\n<li><strong>Melhorar a presta\u00e7\u00e3o de servi\u00e7os:<\/strong> Uma administra\u00e7\u00e3o mais moderna busca oferecer servi\u00e7os de maior qualidade \u00e0 popula\u00e7\u00e3o.<\/li>\n<li><strong>Fomentar a inova\u00e7\u00e3o:<\/strong> Ao promover flexibilidade nas pr\u00e1ticas administrativas, a reforma estimula a ado\u00e7\u00e3o de inova\u00e7\u00f5es tecnol\u00f3gicas.<\/li>\n<li><strong>Reduzir custos:<\/strong> A reorganiza\u00e7\u00e3o da estrutura do Estado visa diminuir despesas desnecess\u00e1rias e tornar as opera\u00e7\u00f5es mais econ\u00f4micas.<\/li>\n<\/ul>\n<h2>Palestrantes Confirmados<\/h2>\n<p>O evento contar\u00e1 com a presen\u00e7a de diversos especialistas e autoridades, incluindo:<\/p>\n<p><img decoding=\"async\" src=\"https:\/\/www.encontrabelohorizonte.com.br\/guia\/wp-content\/uploads\/2026\/03\/especialistas-em-gestao-publica-debatem-a-reforma-administrativa-em-belo-horizonte.webp\" alt=\"reforma administrativa\" loading=\"lazy\" \/><\/p>\n<ul>\n<li><strong>Chico Gaetani:<\/strong> Secret\u00e1rio extraordin\u00e1rio para a Transforma\u00e7\u00e3o do Estado no Minist\u00e9rio da Gest\u00e3o e da Inova\u00e7\u00e3o em Servi\u00e7os P\u00fablicos, que apresentar\u00e1 a palestra magna intitulada <em>Caminhos para um melhor desempenho do Estado brasileiro<\/em>.<\/li>\n<li><strong>Cibele Franzese:<\/strong> Professora da FGV-SP e especialista em pol\u00edticas p\u00fablicas.<\/li>\n<li><strong>Fl\u00e1via Donadelli:<\/strong> Professora da FGV-RJ com foco em gest\u00e3o do setor p\u00fablico.<\/li>\n<li><strong>Gustavo Tavares:<\/strong> Professor do Insper, que contribuir\u00e1 com suas vis\u00f5es sobre administra\u00e7\u00e3o p\u00fablica.<\/li>\n<li><strong>Haroldo Rocha:<\/strong> Diretor-executivo do Movimento Profiss\u00e3o Docente.<\/li>\n<li><strong>M\u00f4nica Bernardi:<\/strong> Vice-presidente da Funda\u00e7\u00e3o Jo\u00e3o Pinheiro, com experi\u00eancia em gest\u00e3o e finan\u00e7as p\u00fablicas.<\/li>\n<\/ul>\n<h2>Participa\u00e7\u00e3o do Governo Federal<\/h2>\n<p>A presen\u00e7a de representantes do <strong>Governo Federal<\/strong> \u00e9 um dos principais destaques do evento. O objetivo \u00e9 que essas autoridades se engajem no debate sobre a reforma administrativa e as melhores pr\u00e1ticas para a moderniza\u00e7\u00e3o do Estado. O governo busca estreitar o di\u00e1logo entre os setores p\u00fablico e privado, promovendo uma administra\u00e7\u00e3o mais transparente e eficiente.<\/p>\n<h2>Temas em Destaque no Painel<\/h2>\n<p>Durante o ciclo de debates, os participantes ter\u00e3o a oportunidade de explorar t\u00f3picos relevantes, como:<\/p>\n<ul>\n<li><strong>Gest\u00e3o de Desempenho:<\/strong> Estrat\u00e9gias eficazes para maximizar o desempenho dos servidores p\u00fablicos.<\/li>\n<li><strong>Lideran\u00e7as:<\/strong> A import\u00e2ncia de lideran\u00e7as fortes e eficazes para a administra\u00e7\u00e3o p\u00fablica.<\/li>\n<li><strong>Innovation:<\/strong> Tecnologia e gest\u00e3o da inova\u00e7\u00e3o no setor p\u00fablico.<\/li>\n<\/ul>\n<h2>Relev\u00e2ncia da Gest\u00e3o P\u00fablica Atual<\/h2>\n<p>A <strong>gest\u00e3o p\u00fablica<\/strong> atual enfrenta desafios significativos, como o aumento das demandas sociais e a necessidade de alocar recursos escassos de maneira mais eficaz. Discutir a reforma administrativa \u00e9 fundamental para garantir que o setor p\u00fablico possa responder adequadamente a essas exig\u00eancias.<\/p>\n<h2>Hist\u00f3rico das Edi\u00e7\u00f5es Anteriores<\/h2>\n<p>O Ciclo de Debates foi iniciado em 2025, expandindo seus horizontes em v\u00e1rias edi\u00e7\u00f5es anteriores:<\/p>\n<ul>\n<li><strong>Primeira Edi\u00e7\u00e3o:<\/strong> Realizada em 24 de novembro de 2025 na FGV EAESP, com a ministra Esther Dweck como convidada especial.<\/li>\n<li><strong>Segunda Edi\u00e7\u00e3o:<\/strong> Ocorrida em 25 de novembro de 2025 no Insper, com a presen\u00e7a do deputado federal Pedro Paulo, coordenador do Grupo de Trabalho da Reforma Administrativa na C\u00e2mara.<\/li>\n<\/ul>\n<h2>Inscri\u00e7\u00f5es para o Evento<\/h2>\n<p>As inscri\u00e7\u00f5es para participar do evento presencial s\u00e3o <strong>gratuitas<\/strong>, mas devem ser feitas antecipadamente. Para garantir sua participa\u00e7\u00e3o, os interessados devem se registrar atrav\u00e9s do formul\u00e1rio disponibilizado.<\/p>\n<h2>Transmiss\u00e3o ao Vivo<\/h2>\n<p>Para aqueles que n\u00e3o puderem comparecer pessoalmente, o evento ser\u00e1 transmitido ao vivo pelo canal da Funda\u00e7\u00e3o Jo\u00e3o Pinheiro no <strong>YouTube<\/strong>. A transmiss\u00e3o permitir\u00e1 que um p\u00fablico mais amplo tenha acesso \u00e0s discuss\u00f5es e palestras, aumentando a participa\u00e7\u00e3o e engajamento na reforma administrativa.<\/p>\n<h2>Contribui\u00e7\u00f5es para a Sociedade<\/h2>\n<p>A discuss\u00e3o sobre a reforma administrativa \u00e9 essencial para a sociedade, pois tend\u00eancias de moderniza\u00e7\u00e3o nos servi\u00e7os p\u00fablicos podem impactar materiais, sociais e economicamente a vida dos cidad\u00e3os. Um setor p\u00fablico mais eficiente e transparente pode levar a um aumento na confian\u00e7a da popula\u00e7\u00e3o nas institui\u00e7\u00f5es e na melhoria da qualidade de vida.<\/p>\n","protected":false},"excerpt":{"rendered":"<p>Reforma Administrativa em Belo Horizonte: descubra tudo sobre o debate de especialistas.<\/p>\n","protected":false},"author":1,"featured_media":14377,"comment_status":"open","ping_status":"open","sticky":false,"template":"","format":"standard","meta":{"footnotes":""},"categories":[5],"tags":[],"class_list":["post-14378","post","type-post","status-publish","format-standard","has-post-thumbnail","hentry","category-noticias","has_thumb"],"yoast_head":"<!-- This site is optimized with the Yoast SEO plugin v28.2 - https:\/\/yoast.com\/product\/yoast-seo-wordpress\/ -->\n<title>Especialistas em gest\u00e3o p\u00fablica debatem a reforma administrativa em Belo Horizonte | Guia Comercial de Belo Horizonte MG<\/title>\n<meta name=\"robots\" content=\"index, follow, max-snippet:-1, max-image-preview:large, max-video-preview:-1\" \/>\n<link rel=\"canonical\" href=\"https:\/\/www.encontrabelohorizonte.com.br\/guia\/especialistas-em-gestao-publica-debatem-a-reforma-administrativa-em-belo-horizonte\/\" \/>\n<meta property=\"og:locale\" content=\"pt_BR\" \/>\n<meta property=\"og:type\" content=\"article\" \/>\n<meta property=\"og:title\" content=\"Especialistas em gest\u00e3o p\u00fablica debatem a reforma administrativa em Belo Horizonte | Guia Comercial de Belo Horizonte MG\" \/>\n<meta property=\"og:description\" content=\"Reforma Administrativa em Belo Horizonte: descubra tudo sobre o debate de especialistas.\" \/>\n<meta property=\"og:url\" content=\"https:\/\/www.encontrabelohorizonte.com.br\/guia\/especialistas-em-gestao-publica-debatem-a-reforma-administrativa-em-belo-horizonte\/\" \/>\n<meta property=\"og:site_name\" content=\"Guia Comercial de Belo Horizonte MG\" \/>\n<meta property=\"article:published_time\" content=\"2026-03-05T09:03:17+00:00\" \/>\n<meta property=\"og:image\" content=\"https:\/\/www.encontrabelohorizonte.com.br\/guia\/wp-content\/uploads\/2026\/03\/especialistas-em-gestao-publica-debatem-a-reforma-administrativa-em-belo-horizonte.webp\" \/>\n\t<meta property=\"og:image:width\" content=\"280\" \/>\n\t<meta property=\"og:image:height\" content=\"280\" \/>\n\t<meta property=\"og:image:type\" content=\"image\/webp\" \/>\n<meta name=\"author\" content=\"Encontra Belo Horizonte\" \/>\n<meta name=\"twitter:card\" content=\"summary_large_image\" \/>\n<meta name=\"twitter:label1\" content=\"Escrito por\" \/>\n\t<meta name=\"twitter:data1\" content=\"Encontra Belo Horizonte\" \/>\n\t<meta name=\"twitter:label2\" content=\"Est. tempo de leitura\" \/>\n\t<meta name=\"twitter:data2\" content=\"4 minutos\" \/>\n<script type=\"application\/ld+json\" class=\"yoast-schema-graph\">{\"@context\":\"https:\\\/\\\/schema.org\",\"@graph\":[{\"@type\":\"Article\",\"@id\":\"https:\\\/\\\/www.encontrabelohorizonte.com.br\\\/guia\\\/especialistas-em-gestao-publica-debatem-a-reforma-administrativa-em-belo-horizonte\\\/#article\",\"isPartOf\":{\"@id\":\"https:\\\/\\\/www.encontrabelohorizonte.com.br\\\/guia\\\/especialistas-em-gestao-publica-debatem-a-reforma-administrativa-em-belo-horizonte\\\/\"},\"author\":{\"name\":\"Encontra Belo Horizonte\",\"@id\":\"https:\\\/\\\/www.encontrabelohorizonte.com.br\\\/guia\\\/#\\\/schema\\\/person\\\/6b792069f07fee9a700a7caa85fb85a9\"},\"headline\":\"Especialistas em gest\u00e3o p\u00fablica debatem a reforma administrativa em Belo Horizonte |\",\"datePublished\":\"2026-03-05T09:03:17+00:00\",\"mainEntityOfPage\":{\"@id\":\"https:\\\/\\\/www.encontrabelohorizonte.com.br\\\/guia\\\/especialistas-em-gestao-publica-debatem-a-reforma-administrativa-em-belo-horizonte\\\/\"},\"wordCount\":746,\"commentCount\":0,\"image\":{\"@id\":\"https:\\\/\\\/www.encontrabelohorizonte.com.br\\\/guia\\\/especialistas-em-gestao-publica-debatem-a-reforma-administrativa-em-belo-horizonte\\\/#primaryimage\"},\"thumbnailUrl\":\"https:\\\/\\\/www.encontrabelohorizonte.com.br\\\/guia\\\/wp-content\\\/uploads\\\/2026\\\/03\\\/especialistas-em-gestao-publica-debatem-a-reforma-administrativa-em-belo-horizonte.webp\",\"articleSection\":[\"Not\u00edcias Belo Horizonte\"],\"inLanguage\":\"pt-BR\",\"potentialAction\":[{\"@type\":\"CommentAction\",\"name\":\"Comment\",\"target\":[\"https:\\\/\\\/www.encontrabelohorizonte.com.br\\\/guia\\\/especialistas-em-gestao-publica-debatem-a-reforma-administrativa-em-belo-horizonte\\\/#respond\"]}]},{\"@type\":\"WebPage\",\"@id\":\"https:\\\/\\\/www.encontrabelohorizonte.com.br\\\/guia\\\/especialistas-em-gestao-publica-debatem-a-reforma-administrativa-em-belo-horizonte\\\/\",\"url\":\"https:\\\/\\\/www.encontrabelohorizonte.com.br\\\/guia\\\/especialistas-em-gestao-publica-debatem-a-reforma-administrativa-em-belo-horizonte\\\/\",\"name\":\"Especialistas em gest\u00e3o p\u00fablica debatem a reforma administrativa em Belo Horizonte | Guia Comercial de Belo Horizonte MG\",\"isPartOf\":{\"@id\":\"https:\\\/\\\/www.encontrabelohorizonte.com.br\\\/guia\\\/#website\"},\"primaryImageOfPage\":{\"@id\":\"https:\\\/\\\/www.encontrabelohorizonte.com.br\\\/guia\\\/especialistas-em-gestao-publica-debatem-a-reforma-administrativa-em-belo-horizonte\\\/#primaryimage\"},\"image\":{\"@id\":\"https:\\\/\\\/www.encontrabelohorizonte.com.br\\\/guia\\\/especialistas-em-gestao-publica-debatem-a-reforma-administrativa-em-belo-horizonte\\\/#primaryimage\"},\"thumbnailUrl\":\"https:\\\/\\\/www.encontrabelohorizonte.com.br\\\/guia\\\/wp-content\\\/uploads\\\/2026\\\/03\\\/especialistas-em-gestao-publica-debatem-a-reforma-administrativa-em-belo-horizonte.webp\",\"datePublished\":\"2026-03-05T09:03:17+00:00\",\"author\":{\"@id\":\"https:\\\/\\\/www.encontrabelohorizonte.com.br\\\/guia\\\/#\\\/schema\\\/person\\\/6b792069f07fee9a700a7caa85fb85a9\"},\"inLanguage\":\"pt-BR\",\"potentialAction\":[{\"@type\":\"ReadAction\",\"target\":[\"https:\\\/\\\/www.encontrabelohorizonte.com.br\\\/guia\\\/especialistas-em-gestao-publica-debatem-a-reforma-administrativa-em-belo-horizonte\\\/\"]}]},{\"@type\":\"ImageObject\",\"inLanguage\":\"pt-BR\",\"@id\":\"https:\\\/\\\/www.encontrabelohorizonte.com.br\\\/guia\\\/especialistas-em-gestao-publica-debatem-a-reforma-administrativa-em-belo-horizonte\\\/#primaryimage\",\"url\":\"https:\\\/\\\/www.encontrabelohorizonte.com.br\\\/guia\\\/wp-content\\\/uploads\\\/2026\\\/03\\\/especialistas-em-gestao-publica-debatem-a-reforma-administrativa-em-belo-horizonte.webp\",\"contentUrl\":\"https:\\\/\\\/www.encontrabelohorizonte.com.br\\\/guia\\\/wp-content\\\/uploads\\\/2026\\\/03\\\/especialistas-em-gestao-publica-debatem-a-reforma-administrativa-em-belo-horizonte.webp\",\"width\":280,\"height\":280,\"caption\":\"reforma administrativa\"},{\"@type\":\"WebSite\",\"@id\":\"https:\\\/\\\/www.encontrabelohorizonte.com.br\\\/guia\\\/#website\",\"url\":\"https:\\\/\\\/www.encontrabelohorizonte.com.br\\\/guia\\\/\",\"name\":\"Guia Comercial de Belo Horizonte MG\",\"description\":\"ENCONTRA BELO HORIZONTE - O guia comercial de neg\u00f3cios e empresas, cultura e divers\u00e3o na cidade de Belo Horizonte. Feito 100% para voc\u00ea morador!\",\"potentialAction\":[{\"@type\":\"SearchAction\",\"target\":{\"@type\":\"EntryPoint\",\"urlTemplate\":\"https:\\\/\\\/www.encontrabelohorizonte.com.br\\\/guia\\\/?s={search_term_string}\"},\"query-input\":{\"@type\":\"PropertyValueSpecification\",\"valueRequired\":true,\"valueName\":\"search_term_string\"}}],\"inLanguage\":\"pt-BR\"},{\"@type\":\"Person\",\"@id\":\"https:\\\/\\\/www.encontrabelohorizonte.com.br\\\/guia\\\/#\\\/schema\\\/person\\\/6b792069f07fee9a700a7caa85fb85a9\",\"name\":\"Encontra Belo Horizonte\",\"image\":{\"@type\":\"ImageObject\",\"inLanguage\":\"pt-BR\",\"@id\":\"https:\\\/\\\/secure.gravatar.com\\\/avatar\\\/c50c17820bcf322f0a8fd6b110b8c0918141409dc69076470f6fca5fee70a5d4?s=96&d=mm&r=g\",\"url\":\"https:\\\/\\\/secure.gravatar.com\\\/avatar\\\/c50c17820bcf322f0a8fd6b110b8c0918141409dc69076470f6fca5fee70a5d4?s=96&d=mm&r=g\",\"contentUrl\":\"https:\\\/\\\/secure.gravatar.com\\\/avatar\\\/c50c17820bcf322f0a8fd6b110b8c0918141409dc69076470f6fca5fee70a5d4?s=96&d=mm&r=g\",\"caption\":\"Encontra Belo Horizonte\"},\"url\":\"https:\\\/\\\/www.encontrabelohorizonte.com.br\\\/guia\\\/author\\\/encontrabelohorizonte\\\/\"}]}<\/script>\n<!-- \/ Yoast SEO plugin. -->","yoast_head_json":{"title":"Especialistas em gest\u00e3o p\u00fablica debatem a reforma administrativa em Belo Horizonte | Guia Comercial de Belo Horizonte MG","robots":{"index":"index","follow":"follow","max-snippet":"max-snippet:-1","max-image-preview":"max-image-preview:large","max-video-preview":"max-video-preview:-1"},"canonical":"https:\/\/www.encontrabelohorizonte.com.br\/guia\/especialistas-em-gestao-publica-debatem-a-reforma-administrativa-em-belo-horizonte\/","og_locale":"pt_BR","og_type":"article","og_title":"Especialistas em gest\u00e3o p\u00fablica debatem a reforma administrativa em Belo Horizonte | Guia Comercial de Belo Horizonte MG","og_description":"Reforma Administrativa em Belo Horizonte: descubra tudo sobre o debate de especialistas.","og_url":"https:\/\/www.encontrabelohorizonte.com.br\/guia\/especialistas-em-gestao-publica-debatem-a-reforma-administrativa-em-belo-horizonte\/","og_site_name":"Guia Comercial de Belo Horizonte MG","article_published_time":"2026-03-05T09:03:17+00:00","og_image":[{"width":280,"height":280,"url":"https:\/\/www.encontrabelohorizonte.com.br\/guia\/wp-content\/uploads\/2026\/03\/especialistas-em-gestao-publica-debatem-a-reforma-administrativa-em-belo-horizonte.webp","type":"image\/webp"}],"author":"Encontra Belo Horizonte","twitter_card":"summary_large_image","twitter_misc":{"Escrito por":"Encontra Belo Horizonte","Est. tempo de leitura":"4 minutos"},"schema":{"@context":"https:\/\/schema.org","@graph":[{"@type":"Article","@id":"https:\/\/www.encontrabelohorizonte.com.br\/guia\/especialistas-em-gestao-publica-debatem-a-reforma-administrativa-em-belo-horizonte\/#article","isPartOf":{"@id":"https:\/\/www.encontrabelohorizonte.com.br\/guia\/especialistas-em-gestao-publica-debatem-a-reforma-administrativa-em-belo-horizonte\/"},"author":{"name":"Encontra Belo Horizonte","@id":"https:\/\/www.encontrabelohorizonte.com.br\/guia\/#\/schema\/person\/6b792069f07fee9a700a7caa85fb85a9"},"headline":"Especialistas em gest\u00e3o p\u00fablica debatem a reforma administrativa em Belo Horizonte |","datePublished":"2026-03-05T09:03:17+00:00","mainEntityOfPage":{"@id":"https:\/\/www.encontrabelohorizonte.com.br\/guia\/especialistas-em-gestao-publica-debatem-a-reforma-administrativa-em-belo-horizonte\/"},"wordCount":746,"commentCount":0,"image":{"@id":"https:\/\/www.encontrabelohorizonte.com.br\/guia\/especialistas-em-gestao-publica-debatem-a-reforma-administrativa-em-belo-horizonte\/#primaryimage"},"thumbnailUrl":"https:\/\/www.encontrabelohorizonte.com.br\/guia\/wp-content\/uploads\/2026\/03\/especialistas-em-gestao-publica-debatem-a-reforma-administrativa-em-belo-horizonte.webp","articleSection":["Not\u00edcias Belo Horizonte"],"inLanguage":"pt-BR","potentialAction":[{"@type":"CommentAction","name":"Comment","target":["https:\/\/www.encontrabelohorizonte.com.br\/guia\/especialistas-em-gestao-publica-debatem-a-reforma-administrativa-em-belo-horizonte\/#respond"]}]},{"@type":"WebPage","@id":"https:\/\/www.encontrabelohorizonte.com.br\/guia\/especialistas-em-gestao-publica-debatem-a-reforma-administrativa-em-belo-horizonte\/","url":"https:\/\/www.encontrabelohorizonte.com.br\/guia\/especialistas-em-gestao-publica-debatem-a-reforma-administrativa-em-belo-horizonte\/","name":"Especialistas em gest\u00e3o p\u00fablica debatem a reforma administrativa em Belo Horizonte | Guia Comercial de Belo Horizonte MG","isPartOf":{"@id":"https:\/\/www.encontrabelohorizonte.com.br\/guia\/#website"},"primaryImageOfPage":{"@id":"https:\/\/www.encontrabelohorizonte.com.br\/guia\/especialistas-em-gestao-publica-debatem-a-reforma-administrativa-em-belo-horizonte\/#primaryimage"},"image":{"@id":"https:\/\/www.encontrabelohorizonte.com.br\/guia\/especialistas-em-gestao-publica-debatem-a-reforma-administrativa-em-belo-horizonte\/#primaryimage"},"thumbnailUrl":"https:\/\/www.encontrabelohorizonte.com.br\/guia\/wp-content\/uploads\/2026\/03\/especialistas-em-gestao-publica-debatem-a-reforma-administrativa-em-belo-horizonte.webp","datePublished":"2026-03-05T09:03:17+00:00","author":{"@id":"https:\/\/www.encontrabelohorizonte.com.br\/guia\/#\/schema\/person\/6b792069f07fee9a700a7caa85fb85a9"},"inLanguage":"pt-BR","potentialAction":[{"@type":"ReadAction","target":["https:\/\/www.encontrabelohorizonte.com.br\/guia\/especialistas-em-gestao-publica-debatem-a-reforma-administrativa-em-belo-horizonte\/"]}]},{"@type":"ImageObject","inLanguage":"pt-BR","@id":"https:\/\/www.encontrabelohorizonte.com.br\/guia\/especialistas-em-gestao-publica-debatem-a-reforma-administrativa-em-belo-horizonte\/#primaryimage","url":"https:\/\/www.encontrabelohorizonte.com.br\/guia\/wp-content\/uploads\/2026\/03\/especialistas-em-gestao-publica-debatem-a-reforma-administrativa-em-belo-horizonte.webp","contentUrl":"https:\/\/www.encontrabelohorizonte.com.br\/guia\/wp-content\/uploads\/2026\/03\/especialistas-em-gestao-publica-debatem-a-reforma-administrativa-em-belo-horizonte.webp","width":280,"height":280,"caption":"reforma administrativa"},{"@type":"WebSite","@id":"https:\/\/www.encontrabelohorizonte.com.br\/guia\/#website","url":"https:\/\/www.encontrabelohorizonte.com.br\/guia\/","name":"Guia Comercial de Belo Horizonte MG","description":"ENCONTRA BELO HORIZONTE - O guia comercial de neg\u00f3cios e empresas, cultura e divers\u00e3o na cidade de Belo Horizonte. Feito 100% para voc\u00ea morador!","potentialAction":[{"@type":"SearchAction","target":{"@type":"EntryPoint","urlTemplate":"https:\/\/www.encontrabelohorizonte.com.br\/guia\/?s={search_term_string}"},"query-input":{"@type":"PropertyValueSpecification","valueRequired":true,"valueName":"search_term_string"}}],"inLanguage":"pt-BR"},{"@type":"Person","@id":"https:\/\/www.encontrabelohorizonte.com.br\/guia\/#\/schema\/person\/6b792069f07fee9a700a7caa85fb85a9","name":"Encontra Belo Horizonte","image":{"@type":"ImageObject","inLanguage":"pt-BR","@id":"https:\/\/secure.gravatar.com\/avatar\/c50c17820bcf322f0a8fd6b110b8c0918141409dc69076470f6fca5fee70a5d4?s=96&d=mm&r=g","url":"https:\/\/secure.gravatar.com\/avatar\/c50c17820bcf322f0a8fd6b110b8c0918141409dc69076470f6fca5fee70a5d4?s=96&d=mm&r=g","contentUrl":"https:\/\/secure.gravatar.com\/avatar\/c50c17820bcf322f0a8fd6b110b8c0918141409dc69076470f6fca5fee70a5d4?s=96&d=mm&r=g","caption":"Encontra Belo Horizonte"},"url":"https:\/\/www.encontrabelohorizonte.com.br\/guia\/author\/encontrabelohorizonte\/"}]}},"_links":{"self":[{"href":"https:\/\/www.encontrabelohorizonte.com.br\/guia\/wp-json\/wp\/v2\/posts\/14378","targetHints":{"allow":["GET"]}}],"collection":[{"href":"https:\/\/www.encontrabelohorizonte.com.br\/guia\/wp-json\/wp\/v2\/posts"}],"about":[{"href":"https:\/\/www.encontrabelohorizonte.com.br\/guia\/wp-json\/wp\/v2\/types\/post"}],"author":[{"embeddable":true,"href":"https:\/\/www.encontrabelohorizonte.com.br\/guia\/wp-json\/wp\/v2\/users\/1"}],"replies":[{"embeddable":true,"href":"https:\/\/www.encontrabelohorizonte.com.br\/guia\/wp-json\/wp\/v2\/comments?post=14378"}],"version-history":[{"count":0,"href":"https:\/\/www.encontrabelohorizonte.com.br\/guia\/wp-json\/wp\/v2\/posts\/14378\/revisions"}],"wp:featuredmedia":[{"embeddable":true,"href":"https:\/\/www.encontrabelohorizonte.com.br\/guia\/wp-json\/wp\/v2\/media\/14377"}],"wp:attachment":[{"href":"https:\/\/www.encontrabelohorizonte.com.br\/guia\/wp-json\/wp\/v2\/media?parent=14378"}],"wp:term":[{"taxonomy":"category","embeddable":true,"href":"https:\/\/www.encontrabelohorizonte.com.br\/guia\/wp-json\/wp\/v2\/categories?post=14378"},{"taxonomy":"post_tag","embeddable":true,"href":"https:\/\/www.encontrabelohorizonte.com.br\/guia\/wp-json\/wp\/v2\/tags?post=14378"}],"curies":[{"name":"wp","href":"https:\/\/api.w.org\/{rel}","templated":true}]}}