{"id":14393,"date":"2026-03-11T06:09:12","date_gmt":"2026-03-11T09:09:12","guid":{"rendered":"https:\/\/www.encontrabelohorizonte.com.br\/guia\/cida-falabella-assume-comando-da-secretaria-de-cultura-de-bh\/"},"modified":"2026-03-11T06:09:12","modified_gmt":"2026-03-11T09:09:12","slug":"cida-falabella-assume-comando-da-secretaria-de-cultura-de-bh","status":"publish","type":"post","link":"https:\/\/www.encontrabelohorizonte.com.br\/guia\/cida-falabella-assume-comando-da-secretaria-de-cultura-de-bh\/","title":{"rendered":"Cida Falabella assume comando da Secretaria de Cultura de BH"},"content":{"rendered":"<h2>Novo comando na Cultura de BH<\/h2>\n<p>A Secretaria Municipal de Cultura de Belo Horizonte tem uma nova lideran\u00e7a. A vereadora Cida Falabella, do PSOL, foi nomeada para essa posi\u00e7\u00e3o, sucedendo Eliane Denise Parreiras Oliveira, que decidiu se desligar da pasta. A oficializa\u00e7\u00e3o ocorreu no Di\u00e1rio Oficial do Munic\u00edpio, marcando um momento significativo para a gest\u00e3o cultural na capital mineira.<\/p>\n<h2>A trajet\u00f3ria de Cida Falabella<\/h2>\n<p>Cida Falabella possui uma longa trajet\u00f3ria pol\u00edtica e cultural. Eleita para seu terceiro mandato consecutivo como vereadora em 2024, ela \u00e9 reconhecida por seu empenho em causas culturais e sociais. Antes de entrar para a pol\u00edtica, Cida trabalhou como atriz e diretora teatral, e traz essa experi\u00eancia para sua nova fun\u00e7\u00e3o. Sua atua\u00e7\u00e3o nas \u00e1reas de educa\u00e7\u00e3o, meio ambiente e direitos humanos j\u00e1 foi not\u00e1vel, e agora ela se prop\u00f5e a levar esse compromisso para a Secretaria de Cultura.<\/p>\n<h2>Impactos da mudan\u00e7a na Secretaria<\/h2>\n<p>A mudan\u00e7a no comando da Secretaria de Cultura pode gerar um novo direcionamento para as pol\u00edticas culturais da cidade. Cida Falabella, com seu hist\u00f3rico em defesa da arte e da cultura, deve implementar iniciativas que promovam a inclus\u00e3o e a diversidade cultural, al\u00e9m de buscar maior investimento e apoio a projetos locais. A expectativa \u00e9 que sua experi\u00eancia traga uma renova\u00e7\u00e3o nas a\u00e7\u00f5es da pasta, refletindo no fortalecimento da cultura local.<\/p>\n<h2>O que muda para a Cultura de Belo Horizonte<\/h2>\n<p>A nova gest\u00e3o dever\u00e1 focar em projetos que priorizem a acessibilidade e a democratiza\u00e7\u00e3o da cultura. Falabella talvez introduza programas que incentivem a participa\u00e7\u00e3o popular nas decis\u00f5es culturais, al\u00e9m de dar visibilidade a artistas emergentes. Essa abordagem pode resultar em um ambiente cultural mais din\u00e2mico e inovador, beneficiando a comunidade e promovendo a identidade belo-horizontina.<\/p>\n<h2>Expectativas para o novo mandato<\/h2>\n<p>As expectativas em torno do mandato de Cida Falabella s\u00e3o altas. Muitos veem a nova secret\u00e1ria como uma pe\u00e7a fundamental para revitalizar a cena cultural de Belo Horizonte, incentivando colabora\u00e7\u00f5es entre artistas, coletivos e a administra\u00e7\u00e3o p\u00fablica. A proposta de um governo participativo pode ser uma das promessas centrais a serem cumpridas pela nova secret\u00e1ria.<\/p>\n<h2>O papel da vereadora na cultura local<\/h2>\n<p>Falabella, como vereadora, sempre se mostrou ativa em pautas que envolvem a cultura. Sua proposta de implementar pol\u00edticas de incentivo e fomento \u00e0 cultura popular \u00e9 um dos pilares de sua atua\u00e7\u00e3o. Com essa nova posi\u00e7\u00e3o, ela ter\u00e1 a oportunidade de expandir sua influ\u00eancia e implementar iniciativas que beneficiem a sociedade, tornando a cultura acess\u00edvel a todos os cidad\u00e3os.<\/p>\n<h2>Professora Nara assume interinamente<\/h2>\n<p>Durante a mudan\u00e7a, a suplente Professora Nara, tamb\u00e9m do PSOL, assume o cargo de vereadora interinamente. Nara traz consigo uma bagagem de experi\u00eancia no ensino e no ativismo social, o que certamente enriquecer\u00e1 o espa\u00e7o legislativo durante a aus\u00eancia de Falabella. Com essa transi\u00e7\u00e3o, espera-se que a continuidade das a\u00e7\u00f5es e projetos em andamento seja garantida.<\/p>\n<h2>A contribui\u00e7\u00e3o da vereadora para a arte<\/h2>\n<p>Cida Falabella \u00e9 uma defensora fervorosa das artes e da cultura em Belo Horizonte. Ao longo de sua carreira, ela trabalhou em projetos que visavam n\u00e3o apenas o desenvolvimento art\u00edstico, mas tamb\u00e9m a promo\u00e7\u00e3o da educa\u00e7\u00e3o cultural nas escolas e comunidades, fortalecendo o la\u00e7o entre os artistas e a popula\u00e7\u00e3o. Essa contribui\u00e7\u00e3o dever\u00e1 ser intensificada em seu novo papel, onde ela poder\u00e1 criar e apoiar programas que valorizem a produ\u00e7\u00e3o art\u00edstica local.<\/p>\n<h2>Rea\u00e7\u00f5es \u00e0 nomea\u00e7\u00e3o de Cida Falabella<\/h2>\n<p>A not\u00edcia da nomea\u00e7\u00e3o de Cida Falabella foi recebida com entusiasmo por muitos setores da sociedade, especialmente aqueles envolvidos com a cultura. Artistas e ativistas expressaram apoio, destacando a relev\u00e2ncia de sua experi\u00eancia e seu compromisso com a cultura popular. Contudo, alguns tamb\u00e9m manifestaram preocupa\u00e7\u00f5es sobre os desafios financeiros e estruturais que a secretaria enfrenta, o que exigir\u00e1 habilidades de gest\u00e3o e lideran\u00e7a eficazes.<\/p>\n<h2>Desafios para a Secretaria Municipal de Cultura<\/h2>\n<p>A nova gest\u00e3o encontrar\u00e1 desafios significativos, como a necessidade de garantir or\u00e7amento adequado e estrat\u00e9gias para aumentar a participa\u00e7\u00e3o da popula\u00e7\u00e3o em eventos culturais. A crise financeira que afetou diversas \u00e1reas da administra\u00e7\u00e3o p\u00fablica tamb\u00e9m implica uma gest\u00e3o cuidadosa para manter e expandir as iniciativas culturais existentes. Falabella ter\u00e1 que n\u00e3o s\u00f3 articular recursos, mas tamb\u00e9m inovar em propostas que atraiam mais investimentos e parcerias p\u00fablicas e privadas.<\/p>\n","protected":false},"excerpt":{"rendered":"<p>Cida Falabella agora lidera a Secretaria Municipal de Cultura em Belo Horizonte.<\/p>\n","protected":false},"author":1,"featured_media":0,"comment_status":"open","ping_status":"open","sticky":false,"template":"","format":"standard","meta":{"footnotes":""},"categories":[5],"tags":[],"class_list":["post-14393","post","type-post","status-publish","format-standard","hentry","category-noticias"],"yoast_head":"<!-- This site is optimized with the Yoast SEO plugin v28.2 - https:\/\/yoast.com\/product\/yoast-seo-wordpress\/ -->\n<title>Cida Falabella assume comando da Secretaria de Cultura de BH | Guia Comercial de Belo Horizonte MG<\/title>\n<meta name=\"robots\" content=\"index, follow, max-snippet:-1, max-image-preview:large, max-video-preview:-1\" \/>\n<link rel=\"canonical\" href=\"https:\/\/www.encontrabelohorizonte.com.br\/guia\/cida-falabella-assume-comando-da-secretaria-de-cultura-de-bh\/\" \/>\n<meta property=\"og:locale\" content=\"pt_BR\" \/>\n<meta property=\"og:type\" content=\"article\" \/>\n<meta property=\"og:title\" content=\"Cida Falabella assume comando da Secretaria de Cultura de BH | Guia Comercial de Belo Horizonte MG\" \/>\n<meta property=\"og:description\" content=\"Cida Falabella agora lidera a Secretaria Municipal de Cultura em Belo Horizonte.\" \/>\n<meta property=\"og:url\" content=\"https:\/\/www.encontrabelohorizonte.com.br\/guia\/cida-falabella-assume-comando-da-secretaria-de-cultura-de-bh\/\" \/>\n<meta property=\"og:site_name\" content=\"Guia Comercial de Belo Horizonte MG\" \/>\n<meta property=\"article:published_time\" content=\"2026-03-11T09:09:12+00:00\" \/>\n<meta name=\"author\" content=\"Encontra Belo Horizonte\" \/>\n<meta name=\"twitter:card\" content=\"summary_large_image\" \/>\n<meta name=\"twitter:label1\" content=\"Escrito por\" \/>\n\t<meta name=\"twitter:data1\" content=\"Encontra Belo Horizonte\" \/>\n\t<meta name=\"twitter:label2\" content=\"Est. tempo de leitura\" \/>\n\t<meta name=\"twitter:data2\" content=\"4 minutos\" \/>\n<script type=\"application\/ld+json\" class=\"yoast-schema-graph\">{\"@context\":\"https:\\\/\\\/schema.org\",\"@graph\":[{\"@type\":\"Article\",\"@id\":\"https:\\\/\\\/www.encontrabelohorizonte.com.br\\\/guia\\\/cida-falabella-assume-comando-da-secretaria-de-cultura-de-bh\\\/#article\",\"isPartOf\":{\"@id\":\"https:\\\/\\\/www.encontrabelohorizonte.com.br\\\/guia\\\/cida-falabella-assume-comando-da-secretaria-de-cultura-de-bh\\\/\"},\"author\":{\"name\":\"Encontra Belo Horizonte\",\"@id\":\"https:\\\/\\\/www.encontrabelohorizonte.com.br\\\/guia\\\/#\\\/schema\\\/person\\\/6b792069f07fee9a700a7caa85fb85a9\"},\"headline\":\"Cida Falabella assume comando da Secretaria de Cultura de BH\",\"datePublished\":\"2026-03-11T09:09:12+00:00\",\"mainEntityOfPage\":{\"@id\":\"https:\\\/\\\/www.encontrabelohorizonte.com.br\\\/guia\\\/cida-falabella-assume-comando-da-secretaria-de-cultura-de-bh\\\/\"},\"wordCount\":780,\"commentCount\":0,\"articleSection\":[\"Not\u00edcias Belo Horizonte\"],\"inLanguage\":\"pt-BR\",\"potentialAction\":[{\"@type\":\"CommentAction\",\"name\":\"Comment\",\"target\":[\"https:\\\/\\\/www.encontrabelohorizonte.com.br\\\/guia\\\/cida-falabella-assume-comando-da-secretaria-de-cultura-de-bh\\\/#respond\"]}]},{\"@type\":\"WebPage\",\"@id\":\"https:\\\/\\\/www.encontrabelohorizonte.com.br\\\/guia\\\/cida-falabella-assume-comando-da-secretaria-de-cultura-de-bh\\\/\",\"url\":\"https:\\\/\\\/www.encontrabelohorizonte.com.br\\\/guia\\\/cida-falabella-assume-comando-da-secretaria-de-cultura-de-bh\\\/\",\"name\":\"Cida Falabella assume comando da Secretaria de Cultura de BH | Guia Comercial de Belo Horizonte MG\",\"isPartOf\":{\"@id\":\"https:\\\/\\\/www.encontrabelohorizonte.com.br\\\/guia\\\/#website\"},\"datePublished\":\"2026-03-11T09:09:12+00:00\",\"author\":{\"@id\":\"https:\\\/\\\/www.encontrabelohorizonte.com.br\\\/guia\\\/#\\\/schema\\\/person\\\/6b792069f07fee9a700a7caa85fb85a9\"},\"inLanguage\":\"pt-BR\",\"potentialAction\":[{\"@type\":\"ReadAction\",\"target\":[\"https:\\\/\\\/www.encontrabelohorizonte.com.br\\\/guia\\\/cida-falabella-assume-comando-da-secretaria-de-cultura-de-bh\\\/\"]}]},{\"@type\":\"WebSite\",\"@id\":\"https:\\\/\\\/www.encontrabelohorizonte.com.br\\\/guia\\\/#website\",\"url\":\"https:\\\/\\\/www.encontrabelohorizonte.com.br\\\/guia\\\/\",\"name\":\"Guia Comercial de Belo Horizonte MG\",\"description\":\"ENCONTRA BELO HORIZONTE - O guia comercial de neg\u00f3cios e empresas, cultura e divers\u00e3o na cidade de Belo Horizonte. Feito 100% para voc\u00ea morador!\",\"potentialAction\":[{\"@type\":\"SearchAction\",\"target\":{\"@type\":\"EntryPoint\",\"urlTemplate\":\"https:\\\/\\\/www.encontrabelohorizonte.com.br\\\/guia\\\/?s={search_term_string}\"},\"query-input\":{\"@type\":\"PropertyValueSpecification\",\"valueRequired\":true,\"valueName\":\"search_term_string\"}}],\"inLanguage\":\"pt-BR\"},{\"@type\":\"Person\",\"@id\":\"https:\\\/\\\/www.encontrabelohorizonte.com.br\\\/guia\\\/#\\\/schema\\\/person\\\/6b792069f07fee9a700a7caa85fb85a9\",\"name\":\"Encontra Belo Horizonte\",\"image\":{\"@type\":\"ImageObject\",\"inLanguage\":\"pt-BR\",\"@id\":\"https:\\\/\\\/secure.gravatar.com\\\/avatar\\\/c50c17820bcf322f0a8fd6b110b8c0918141409dc69076470f6fca5fee70a5d4?s=96&d=mm&r=g\",\"url\":\"https:\\\/\\\/secure.gravatar.com\\\/avatar\\\/c50c17820bcf322f0a8fd6b110b8c0918141409dc69076470f6fca5fee70a5d4?s=96&d=mm&r=g\",\"contentUrl\":\"https:\\\/\\\/secure.gravatar.com\\\/avatar\\\/c50c17820bcf322f0a8fd6b110b8c0918141409dc69076470f6fca5fee70a5d4?s=96&d=mm&r=g\",\"caption\":\"Encontra Belo Horizonte\"},\"url\":\"https:\\\/\\\/www.encontrabelohorizonte.com.br\\\/guia\\\/author\\\/encontrabelohorizonte\\\/\"}]}<\/script>\n<!-- \/ Yoast SEO plugin. -->","yoast_head_json":{"title":"Cida Falabella assume comando da Secretaria de Cultura de BH | Guia Comercial de Belo Horizonte MG","robots":{"index":"index","follow":"follow","max-snippet":"max-snippet:-1","max-image-preview":"max-image-preview:large","max-video-preview":"max-video-preview:-1"},"canonical":"https:\/\/www.encontrabelohorizonte.com.br\/guia\/cida-falabella-assume-comando-da-secretaria-de-cultura-de-bh\/","og_locale":"pt_BR","og_type":"article","og_title":"Cida Falabella assume comando da Secretaria de Cultura de BH | Guia Comercial de Belo Horizonte MG","og_description":"Cida Falabella agora lidera a Secretaria Municipal de Cultura em Belo Horizonte.","og_url":"https:\/\/www.encontrabelohorizonte.com.br\/guia\/cida-falabella-assume-comando-da-secretaria-de-cultura-de-bh\/","og_site_name":"Guia Comercial de Belo Horizonte MG","article_published_time":"2026-03-11T09:09:12+00:00","author":"Encontra Belo Horizonte","twitter_card":"summary_large_image","twitter_misc":{"Escrito por":"Encontra Belo Horizonte","Est. tempo de leitura":"4 minutos"},"schema":{"@context":"https:\/\/schema.org","@graph":[{"@type":"Article","@id":"https:\/\/www.encontrabelohorizonte.com.br\/guia\/cida-falabella-assume-comando-da-secretaria-de-cultura-de-bh\/#article","isPartOf":{"@id":"https:\/\/www.encontrabelohorizonte.com.br\/guia\/cida-falabella-assume-comando-da-secretaria-de-cultura-de-bh\/"},"author":{"name":"Encontra Belo Horizonte","@id":"https:\/\/www.encontrabelohorizonte.com.br\/guia\/#\/schema\/person\/6b792069f07fee9a700a7caa85fb85a9"},"headline":"Cida Falabella assume comando da Secretaria de Cultura de BH","datePublished":"2026-03-11T09:09:12+00:00","mainEntityOfPage":{"@id":"https:\/\/www.encontrabelohorizonte.com.br\/guia\/cida-falabella-assume-comando-da-secretaria-de-cultura-de-bh\/"},"wordCount":780,"commentCount":0,"articleSection":["Not\u00edcias Belo Horizonte"],"inLanguage":"pt-BR","potentialAction":[{"@type":"CommentAction","name":"Comment","target":["https:\/\/www.encontrabelohorizonte.com.br\/guia\/cida-falabella-assume-comando-da-secretaria-de-cultura-de-bh\/#respond"]}]},{"@type":"WebPage","@id":"https:\/\/www.encontrabelohorizonte.com.br\/guia\/cida-falabella-assume-comando-da-secretaria-de-cultura-de-bh\/","url":"https:\/\/www.encontrabelohorizonte.com.br\/guia\/cida-falabella-assume-comando-da-secretaria-de-cultura-de-bh\/","name":"Cida Falabella assume comando da Secretaria de Cultura de BH | Guia Comercial de Belo Horizonte MG","isPartOf":{"@id":"https:\/\/www.encontrabelohorizonte.com.br\/guia\/#website"},"datePublished":"2026-03-11T09:09:12+00:00","author":{"@id":"https:\/\/www.encontrabelohorizonte.com.br\/guia\/#\/schema\/person\/6b792069f07fee9a700a7caa85fb85a9"},"inLanguage":"pt-BR","potentialAction":[{"@type":"ReadAction","target":["https:\/\/www.encontrabelohorizonte.com.br\/guia\/cida-falabella-assume-comando-da-secretaria-de-cultura-de-bh\/"]}]},{"@type":"WebSite","@id":"https:\/\/www.encontrabelohorizonte.com.br\/guia\/#website","url":"https:\/\/www.encontrabelohorizonte.com.br\/guia\/","name":"Guia Comercial de Belo Horizonte MG","description":"ENCONTRA BELO HORIZONTE - O guia comercial de neg\u00f3cios e empresas, cultura e divers\u00e3o na cidade de Belo Horizonte. Feito 100% para voc\u00ea morador!","potentialAction":[{"@type":"SearchAction","target":{"@type":"EntryPoint","urlTemplate":"https:\/\/www.encontrabelohorizonte.com.br\/guia\/?s={search_term_string}"},"query-input":{"@type":"PropertyValueSpecification","valueRequired":true,"valueName":"search_term_string"}}],"inLanguage":"pt-BR"},{"@type":"Person","@id":"https:\/\/www.encontrabelohorizonte.com.br\/guia\/#\/schema\/person\/6b792069f07fee9a700a7caa85fb85a9","name":"Encontra Belo Horizonte","image":{"@type":"ImageObject","inLanguage":"pt-BR","@id":"https:\/\/secure.gravatar.com\/avatar\/c50c17820bcf322f0a8fd6b110b8c0918141409dc69076470f6fca5fee70a5d4?s=96&d=mm&r=g","url":"https:\/\/secure.gravatar.com\/avatar\/c50c17820bcf322f0a8fd6b110b8c0918141409dc69076470f6fca5fee70a5d4?s=96&d=mm&r=g","contentUrl":"https:\/\/secure.gravatar.com\/avatar\/c50c17820bcf322f0a8fd6b110b8c0918141409dc69076470f6fca5fee70a5d4?s=96&d=mm&r=g","caption":"Encontra Belo Horizonte"},"url":"https:\/\/www.encontrabelohorizonte.com.br\/guia\/author\/encontrabelohorizonte\/"}]}},"_links":{"self":[{"href":"https:\/\/www.encontrabelohorizonte.com.br\/guia\/wp-json\/wp\/v2\/posts\/14393","targetHints":{"allow":["GET"]}}],"collection":[{"href":"https:\/\/www.encontrabelohorizonte.com.br\/guia\/wp-json\/wp\/v2\/posts"}],"about":[{"href":"https:\/\/www.encontrabelohorizonte.com.br\/guia\/wp-json\/wp\/v2\/types\/post"}],"author":[{"embeddable":true,"href":"https:\/\/www.encontrabelohorizonte.com.br\/guia\/wp-json\/wp\/v2\/users\/1"}],"replies":[{"embeddable":true,"href":"https:\/\/www.encontrabelohorizonte.com.br\/guia\/wp-json\/wp\/v2\/comments?post=14393"}],"version-history":[{"count":0,"href":"https:\/\/www.encontrabelohorizonte.com.br\/guia\/wp-json\/wp\/v2\/posts\/14393\/revisions"}],"wp:attachment":[{"href":"https:\/\/www.encontrabelohorizonte.com.br\/guia\/wp-json\/wp\/v2\/media?parent=14393"}],"wp:term":[{"taxonomy":"category","embeddable":true,"href":"https:\/\/www.encontrabelohorizonte.com.br\/guia\/wp-json\/wp\/v2\/categories?post=14393"},{"taxonomy":"post_tag","embeddable":true,"href":"https:\/\/www.encontrabelohorizonte.com.br\/guia\/wp-json\/wp\/v2\/tags?post=14393"}],"curies":[{"name":"wp","href":"https:\/\/api.w.org\/{rel}","templated":true}]}}