{"id":14399,"date":"2026-03-12T06:07:50","date_gmt":"2026-03-12T09:07:50","guid":{"rendered":"https:\/\/www.encontrabelohorizonte.com.br\/guia\/processo-seletivo-fhemig-belo-horizonte-mg-1-vaga-para-enfermeiro\/"},"modified":"2026-03-12T06:07:50","modified_gmt":"2026-03-12T09:07:50","slug":"processo-seletivo-fhemig-belo-horizonte-mg-1-vaga-para-enfermeiro","status":"publish","type":"post","link":"https:\/\/www.encontrabelohorizonte.com.br\/guia\/processo-seletivo-fhemig-belo-horizonte-mg-1-vaga-para-enfermeiro\/","title":{"rendered":"Processo seletivo FHEMIG Belo Horizonte MG: 1 vaga para enfermeiro"},"content":{"rendered":"<h2>Sobre a Maternidade Odete Valadares<\/h2>\n<p>A Maternidade Odete Valadares (MOV), localizada em Belo Horizonte, \u00e9 parte da Funda\u00e7\u00e3o Hospitalar do Estado de Minas Gerais (FHEMIG) e se destaca como um importante centro de sa\u00fade voltado para a mulher e neonatologia. Este estabelecimento \u00e9 amplamente reconhecido por sua atua\u00e7\u00e3o em casos de gesta\u00e7\u00e3o de alto risco, bem como por oferecer servi\u00e7os de UTI Neonatal e Banco de Leite Humano, caracter\u00edsticas que fazem dele um espa\u00e7o valioso para profissionais da sa\u00fade que desejam expandir suas experi\u00eancias.<\/p>\n<h2>Detalhes da Vaga de Enfermeiro<\/h2>\n<p>A FHEMIG anunciou um processo seletivo para o cargo de enfermeiro (PENF IV\/A) com uma vaga imediata e forma\u00e7\u00e3o de cadastro de reserva. Esta oportunidade oferece uma carga hor\u00e1ria de 40 horas semanais, sendo uma \u00f3tima chance para profissionais da \u00e1rea que buscam atuar em um ambiente din\u00e2mico e desafiador.<\/p>\n<h2>Remunera\u00e7\u00e3o e Benef\u00edcios<\/h2>\n<p>Os enfermeiros selecionados ter\u00e3o direito a uma remunera\u00e7\u00e3o de R$ 3.989,11, juntamente com benef\u00edcios adicionais que incluem ajuda de custo e uma gratifica\u00e7\u00e3o de incentivo \u00e0 eficientiza\u00e7\u00e3o dos servi\u00e7os. O contrato ser\u00e1 por um per\u00edodo tempor\u00e1rio de 12 meses, podendo ser renovado por igual per\u00edodo, o que proporciona uma seguran\u00e7a ao profissional contratado.<\/p>\n<h2>Como Realizar a Inscri\u00e7\u00e3o<\/h2>\n<p>Os interessados em participar do processo seletivo devem realizar as inscri\u00e7\u00f5es entre 17 e 23 de mar\u00e7o de 2026. O processo \u00e9 exclusivamente online, por meio do site oficial da FHEMIG. \u00c9 essencial que os candidatos preencham o curr\u00edculo eletr\u00f4nico durante a inscri\u00e7\u00e3o.<\/p>\n<ul>\n<li><strong>Per\u00edodo de Inscri\u00e7\u00e3o:<\/strong> de 17 a 23 de mar\u00e7o de 2026.<\/li>\n<li><strong>Localiza\u00e7\u00e3o para suporte presencial:<\/strong> Computadores estar\u00e3o dispon\u00edveis na Maternidade Odete Valadares, Rua Uberaba, 780, Prado, das 9h \u00e0s 12h, em dias \u00fateis.<\/li>\n<li><strong>Contato para suporte t\u00e9cnico:<\/strong> provimento@fhemig.mg.gov.br<\/li>\n<\/ul>\n<h2>Crit\u00e9rios de Avalia\u00e7\u00e3o<\/h2>\n<p>O processo seletivo ser\u00e1 realizado em duas fases eliminat\u00f3rias e classificat\u00f3rias:<\/p>\n<ol>\n<li><strong>An\u00e1lise Curricular (at\u00e9 40 pontos):<\/strong> Os candidatos devem enviar a documenta\u00e7\u00e3o necess\u00e1ria nos dias 25 e 26 de mar\u00e7o de 2026 por e-mail. A an\u00e1lise ser\u00e1 baseada na forma\u00e7\u00e3o profissional e experi\u00eancias nos \u00faltimos cinco anos, focando em \u00e1reas como sa\u00fade da mulher e neonatologia.<\/li>\n<li><strong>Entrevista:<\/strong> At\u00e9 80 candidatos ser\u00e3o convocados com base na an\u00e1lise curricular. As entrevistas ocorrer\u00e3o entre os dias 15 e 17 de abril de 2026, podendo ser realizadas de forma presencial ou virtual.<\/li>\n<\/ol>\n<h2>Etapas do Processo Seletivo<\/h2>\n<h3>Cronograma<\/h3>\n<table>\n<tr>\n<th>Etapa<\/th>\n<th>Data<\/th>\n<\/tr>\n<tr>\n<td>Inscri\u00e7\u00f5es<\/td>\n<td>17 a 23 de mar\u00e7o de 2026<\/td>\n<\/tr>\n<tr>\n<td>Divulga\u00e7\u00e3o dos Inscritos Aptos<\/td>\n<td>24 de mar\u00e7o de 2026<\/td>\n<\/tr>\n<tr>\n<td>Entrega de Documenta\u00e7\u00e3o<\/td>\n<td>25 e 26 de mar\u00e7o de 2026<\/td>\n<\/tr>\n<tr>\n<td>Resultado da An\u00e1lise Curricular<\/td>\n<td>6 de abril de 2026<\/td>\n<\/tr>\n<tr>\n<td>Recurso (An\u00e1lise Curricular)<\/td>\n<td>7 de abril de 2026<\/td>\n<\/tr>\n<tr>\n<td>Resultado Definitivo (An\u00e1lise Curricular)<\/td>\n<td>10 de abril de 2026<\/td>\n<\/tr>\n<tr>\n<td>Entrevistas<\/td>\n<td>15 a 17 de abril de 2026<\/td>\n<\/tr>\n<tr>\n<td>Resultado Final e Homologa\u00e7\u00e3o<\/td>\n<td>30 de abril de 2026<\/td>\n<\/tr>\n<\/table>\n<h2>Documenta\u00e7\u00e3o Necess\u00e1ria para a Inscri\u00e7\u00e3o<\/h2>\n<p>Para a inscri\u00e7\u00e3o, os candidatos devem apresentar:<\/p>\n<ul>\n<li>Diploma de gradua\u00e7\u00e3o em Enfermagem reconhecido pelo MEC;<\/li>\n<li>Registro ativo no COREN-MG ou protocolo recente;<\/li>\n<li>Documenta\u00e7\u00e3o em um \u00fanico arquivo PDF, leg\u00edvel e dentro dos prazos estipulados.<\/li>\n<\/ul>\n<p>Al\u00e9m disso, a FHEMIG solicitar\u00e1 documentos pessoais e exame m\u00e9dico pr\u00e9-admissional ao candidato selecionado.<\/p>\n<h2>Dicas para se Destacar na Sele\u00e7\u00e3o<\/h2>\n<p>Para aumentar suas chances de ser escolhido, considere as seguintes dicas:<\/p>\n<ul>\n<li>Organize seu curr\u00edculo, evidenciando experi\u00eancias relevantes nas \u00e1reas de maternidade e neonatologia, incluindo v\u00ednculos e atividades desempenhadas.<\/li>\n<li>Liste cursos e forma\u00e7\u00f5es recentes focados em \u00e1reas de urg\u00eancia\/emerg\u00eancia e cuidados neonatais.<\/li>\n<li>Esteja preparado para a entrevista, apresentando exemplos pr\u00e1ticos que evidenciem suas habilidades em trabalho em equipe e comunica\u00e7\u00e3o.<\/li>\n<\/ul>\n<h2>Import\u00e2ncia de Trabalhar na FHEMIG<\/h2>\n<p>Trabalhar na FHEMIG e, especificamente, na Maternidade Odete Valadares, significa fazer parte de uma institui\u00e7\u00e3o de refer\u00eancia no atendimento de sa\u00fade p\u00fablica em Minas Gerais. A oportunidade de atuar em um ambiente voltado para a educa\u00e7\u00e3o e capacita\u00e7\u00e3o cont\u00ednua \u00e9 um diferencial importante para todos os profissionais envolvidos, especialmente na \u00e1rea da sa\u00fade, onde a atualiza\u00e7\u00e3o \u00e9 essencial para oferecer servi\u00e7os de qualidade.<\/p>\n<p>Para concluir, a Maternidade Odete Valadares n\u00e3o \u00e9 apenas um local de trabalho, mas um espa\u00e7o onde a pr\u00e1tica assistencial se alia \u00e0 educa\u00e7\u00e3o, proporcionando um ambiente enriquecedor tanto para profissionais quanto para pacientes.<\/p>\n","protected":false},"excerpt":{"rendered":"<p>FHEMIG anuncia 1 vaga para enfermeiro na Maternidade Odete Valadares em BH.<\/p>\n","protected":false},"author":1,"featured_media":0,"comment_status":"open","ping_status":"open","sticky":false,"template":"","format":"standard","meta":{"footnotes":""},"categories":[905],"tags":[],"class_list":["post-14399","post","type-post","status-publish","format-standard","hentry","category-vagas-de-empregos"],"yoast_head":"<!-- This site is optimized with the Yoast SEO plugin v28.2 - https:\/\/yoast.com\/product\/yoast-seo-wordpress\/ -->\n<title>Processo seletivo FHEMIG Belo Horizonte MG: 1 vaga para enfermeiro | Guia Comercial de Belo Horizonte MG<\/title>\n<meta name=\"robots\" content=\"index, follow, max-snippet:-1, max-image-preview:large, max-video-preview:-1\" \/>\n<link rel=\"canonical\" href=\"https:\/\/www.encontrabelohorizonte.com.br\/guia\/processo-seletivo-fhemig-belo-horizonte-mg-1-vaga-para-enfermeiro\/\" \/>\n<meta property=\"og:locale\" content=\"pt_BR\" \/>\n<meta property=\"og:type\" content=\"article\" \/>\n<meta property=\"og:title\" content=\"Processo seletivo FHEMIG Belo Horizonte MG: 1 vaga para enfermeiro | Guia Comercial de Belo Horizonte MG\" \/>\n<meta property=\"og:description\" content=\"FHEMIG anuncia 1 vaga para enfermeiro na Maternidade Odete Valadares em BH.\" \/>\n<meta property=\"og:url\" content=\"https:\/\/www.encontrabelohorizonte.com.br\/guia\/processo-seletivo-fhemig-belo-horizonte-mg-1-vaga-para-enfermeiro\/\" \/>\n<meta property=\"og:site_name\" content=\"Guia Comercial de Belo Horizonte MG\" \/>\n<meta property=\"article:published_time\" content=\"2026-03-12T09:07:50+00:00\" \/>\n<meta name=\"author\" content=\"Encontra Belo Horizonte\" \/>\n<meta name=\"twitter:card\" content=\"summary_large_image\" \/>\n<meta name=\"twitter:label1\" content=\"Escrito por\" \/>\n\t<meta name=\"twitter:data1\" content=\"Encontra Belo Horizonte\" \/>\n\t<meta name=\"twitter:label2\" content=\"Est. tempo de leitura\" \/>\n\t<meta name=\"twitter:data2\" content=\"4 minutos\" \/>\n<script type=\"application\/ld+json\" class=\"yoast-schema-graph\">{\"@context\":\"https:\\\/\\\/schema.org\",\"@graph\":[{\"@type\":\"Article\",\"@id\":\"https:\\\/\\\/www.encontrabelohorizonte.com.br\\\/guia\\\/processo-seletivo-fhemig-belo-horizonte-mg-1-vaga-para-enfermeiro\\\/#article\",\"isPartOf\":{\"@id\":\"https:\\\/\\\/www.encontrabelohorizonte.com.br\\\/guia\\\/processo-seletivo-fhemig-belo-horizonte-mg-1-vaga-para-enfermeiro\\\/\"},\"author\":{\"name\":\"Encontra Belo Horizonte\",\"@id\":\"https:\\\/\\\/www.encontrabelohorizonte.com.br\\\/guia\\\/#\\\/schema\\\/person\\\/6b792069f07fee9a700a7caa85fb85a9\"},\"headline\":\"Processo seletivo FHEMIG Belo Horizonte MG: 1 vaga para enfermeiro\",\"datePublished\":\"2026-03-12T09:07:50+00:00\",\"mainEntityOfPage\":{\"@id\":\"https:\\\/\\\/www.encontrabelohorizonte.com.br\\\/guia\\\/processo-seletivo-fhemig-belo-horizonte-mg-1-vaga-para-enfermeiro\\\/\"},\"wordCount\":733,\"commentCount\":0,\"articleSection\":[\"Vagas de Empregos Belo Horizonte\"],\"inLanguage\":\"pt-BR\",\"potentialAction\":[{\"@type\":\"CommentAction\",\"name\":\"Comment\",\"target\":[\"https:\\\/\\\/www.encontrabelohorizonte.com.br\\\/guia\\\/processo-seletivo-fhemig-belo-horizonte-mg-1-vaga-para-enfermeiro\\\/#respond\"]}]},{\"@type\":\"WebPage\",\"@id\":\"https:\\\/\\\/www.encontrabelohorizonte.com.br\\\/guia\\\/processo-seletivo-fhemig-belo-horizonte-mg-1-vaga-para-enfermeiro\\\/\",\"url\":\"https:\\\/\\\/www.encontrabelohorizonte.com.br\\\/guia\\\/processo-seletivo-fhemig-belo-horizonte-mg-1-vaga-para-enfermeiro\\\/\",\"name\":\"Processo seletivo FHEMIG Belo Horizonte MG: 1 vaga para enfermeiro | Guia Comercial de Belo Horizonte MG\",\"isPartOf\":{\"@id\":\"https:\\\/\\\/www.encontrabelohorizonte.com.br\\\/guia\\\/#website\"},\"datePublished\":\"2026-03-12T09:07:50+00:00\",\"author\":{\"@id\":\"https:\\\/\\\/www.encontrabelohorizonte.com.br\\\/guia\\\/#\\\/schema\\\/person\\\/6b792069f07fee9a700a7caa85fb85a9\"},\"inLanguage\":\"pt-BR\",\"potentialAction\":[{\"@type\":\"ReadAction\",\"target\":[\"https:\\\/\\\/www.encontrabelohorizonte.com.br\\\/guia\\\/processo-seletivo-fhemig-belo-horizonte-mg-1-vaga-para-enfermeiro\\\/\"]}]},{\"@type\":\"WebSite\",\"@id\":\"https:\\\/\\\/www.encontrabelohorizonte.com.br\\\/guia\\\/#website\",\"url\":\"https:\\\/\\\/www.encontrabelohorizonte.com.br\\\/guia\\\/\",\"name\":\"Guia Comercial de Belo Horizonte MG\",\"description\":\"ENCONTRA BELO HORIZONTE - O guia comercial de neg\u00f3cios e empresas, cultura e divers\u00e3o na cidade de Belo Horizonte. Feito 100% para voc\u00ea morador!\",\"potentialAction\":[{\"@type\":\"SearchAction\",\"target\":{\"@type\":\"EntryPoint\",\"urlTemplate\":\"https:\\\/\\\/www.encontrabelohorizonte.com.br\\\/guia\\\/?s={search_term_string}\"},\"query-input\":{\"@type\":\"PropertyValueSpecification\",\"valueRequired\":true,\"valueName\":\"search_term_string\"}}],\"inLanguage\":\"pt-BR\"},{\"@type\":\"Person\",\"@id\":\"https:\\\/\\\/www.encontrabelohorizonte.com.br\\\/guia\\\/#\\\/schema\\\/person\\\/6b792069f07fee9a700a7caa85fb85a9\",\"name\":\"Encontra Belo Horizonte\",\"image\":{\"@type\":\"ImageObject\",\"inLanguage\":\"pt-BR\",\"@id\":\"https:\\\/\\\/secure.gravatar.com\\\/avatar\\\/c50c17820bcf322f0a8fd6b110b8c0918141409dc69076470f6fca5fee70a5d4?s=96&d=mm&r=g\",\"url\":\"https:\\\/\\\/secure.gravatar.com\\\/avatar\\\/c50c17820bcf322f0a8fd6b110b8c0918141409dc69076470f6fca5fee70a5d4?s=96&d=mm&r=g\",\"contentUrl\":\"https:\\\/\\\/secure.gravatar.com\\\/avatar\\\/c50c17820bcf322f0a8fd6b110b8c0918141409dc69076470f6fca5fee70a5d4?s=96&d=mm&r=g\",\"caption\":\"Encontra Belo Horizonte\"},\"url\":\"https:\\\/\\\/www.encontrabelohorizonte.com.br\\\/guia\\\/author\\\/encontrabelohorizonte\\\/\"}]}<\/script>\n<!-- \/ Yoast SEO plugin. -->","yoast_head_json":{"title":"Processo seletivo FHEMIG Belo Horizonte MG: 1 vaga para enfermeiro | Guia Comercial de Belo Horizonte MG","robots":{"index":"index","follow":"follow","max-snippet":"max-snippet:-1","max-image-preview":"max-image-preview:large","max-video-preview":"max-video-preview:-1"},"canonical":"https:\/\/www.encontrabelohorizonte.com.br\/guia\/processo-seletivo-fhemig-belo-horizonte-mg-1-vaga-para-enfermeiro\/","og_locale":"pt_BR","og_type":"article","og_title":"Processo seletivo FHEMIG Belo Horizonte MG: 1 vaga para enfermeiro | Guia Comercial de Belo Horizonte MG","og_description":"FHEMIG anuncia 1 vaga para enfermeiro na Maternidade Odete Valadares em BH.","og_url":"https:\/\/www.encontrabelohorizonte.com.br\/guia\/processo-seletivo-fhemig-belo-horizonte-mg-1-vaga-para-enfermeiro\/","og_site_name":"Guia Comercial de Belo Horizonte MG","article_published_time":"2026-03-12T09:07:50+00:00","author":"Encontra Belo Horizonte","twitter_card":"summary_large_image","twitter_misc":{"Escrito por":"Encontra Belo Horizonte","Est. tempo de leitura":"4 minutos"},"schema":{"@context":"https:\/\/schema.org","@graph":[{"@type":"Article","@id":"https:\/\/www.encontrabelohorizonte.com.br\/guia\/processo-seletivo-fhemig-belo-horizonte-mg-1-vaga-para-enfermeiro\/#article","isPartOf":{"@id":"https:\/\/www.encontrabelohorizonte.com.br\/guia\/processo-seletivo-fhemig-belo-horizonte-mg-1-vaga-para-enfermeiro\/"},"author":{"name":"Encontra Belo Horizonte","@id":"https:\/\/www.encontrabelohorizonte.com.br\/guia\/#\/schema\/person\/6b792069f07fee9a700a7caa85fb85a9"},"headline":"Processo seletivo FHEMIG Belo Horizonte MG: 1 vaga para enfermeiro","datePublished":"2026-03-12T09:07:50+00:00","mainEntityOfPage":{"@id":"https:\/\/www.encontrabelohorizonte.com.br\/guia\/processo-seletivo-fhemig-belo-horizonte-mg-1-vaga-para-enfermeiro\/"},"wordCount":733,"commentCount":0,"articleSection":["Vagas de Empregos Belo Horizonte"],"inLanguage":"pt-BR","potentialAction":[{"@type":"CommentAction","name":"Comment","target":["https:\/\/www.encontrabelohorizonte.com.br\/guia\/processo-seletivo-fhemig-belo-horizonte-mg-1-vaga-para-enfermeiro\/#respond"]}]},{"@type":"WebPage","@id":"https:\/\/www.encontrabelohorizonte.com.br\/guia\/processo-seletivo-fhemig-belo-horizonte-mg-1-vaga-para-enfermeiro\/","url":"https:\/\/www.encontrabelohorizonte.com.br\/guia\/processo-seletivo-fhemig-belo-horizonte-mg-1-vaga-para-enfermeiro\/","name":"Processo seletivo FHEMIG Belo Horizonte MG: 1 vaga para enfermeiro | Guia Comercial de Belo Horizonte MG","isPartOf":{"@id":"https:\/\/www.encontrabelohorizonte.com.br\/guia\/#website"},"datePublished":"2026-03-12T09:07:50+00:00","author":{"@id":"https:\/\/www.encontrabelohorizonte.com.br\/guia\/#\/schema\/person\/6b792069f07fee9a700a7caa85fb85a9"},"inLanguage":"pt-BR","potentialAction":[{"@type":"ReadAction","target":["https:\/\/www.encontrabelohorizonte.com.br\/guia\/processo-seletivo-fhemig-belo-horizonte-mg-1-vaga-para-enfermeiro\/"]}]},{"@type":"WebSite","@id":"https:\/\/www.encontrabelohorizonte.com.br\/guia\/#website","url":"https:\/\/www.encontrabelohorizonte.com.br\/guia\/","name":"Guia Comercial de Belo Horizonte MG","description":"ENCONTRA BELO HORIZONTE - O guia comercial de neg\u00f3cios e empresas, cultura e divers\u00e3o na cidade de Belo Horizonte. Feito 100% para voc\u00ea morador!","potentialAction":[{"@type":"SearchAction","target":{"@type":"EntryPoint","urlTemplate":"https:\/\/www.encontrabelohorizonte.com.br\/guia\/?s={search_term_string}"},"query-input":{"@type":"PropertyValueSpecification","valueRequired":true,"valueName":"search_term_string"}}],"inLanguage":"pt-BR"},{"@type":"Person","@id":"https:\/\/www.encontrabelohorizonte.com.br\/guia\/#\/schema\/person\/6b792069f07fee9a700a7caa85fb85a9","name":"Encontra Belo Horizonte","image":{"@type":"ImageObject","inLanguage":"pt-BR","@id":"https:\/\/secure.gravatar.com\/avatar\/c50c17820bcf322f0a8fd6b110b8c0918141409dc69076470f6fca5fee70a5d4?s=96&d=mm&r=g","url":"https:\/\/secure.gravatar.com\/avatar\/c50c17820bcf322f0a8fd6b110b8c0918141409dc69076470f6fca5fee70a5d4?s=96&d=mm&r=g","contentUrl":"https:\/\/secure.gravatar.com\/avatar\/c50c17820bcf322f0a8fd6b110b8c0918141409dc69076470f6fca5fee70a5d4?s=96&d=mm&r=g","caption":"Encontra Belo Horizonte"},"url":"https:\/\/www.encontrabelohorizonte.com.br\/guia\/author\/encontrabelohorizonte\/"}]}},"_links":{"self":[{"href":"https:\/\/www.encontrabelohorizonte.com.br\/guia\/wp-json\/wp\/v2\/posts\/14399","targetHints":{"allow":["GET"]}}],"collection":[{"href":"https:\/\/www.encontrabelohorizonte.com.br\/guia\/wp-json\/wp\/v2\/posts"}],"about":[{"href":"https:\/\/www.encontrabelohorizonte.com.br\/guia\/wp-json\/wp\/v2\/types\/post"}],"author":[{"embeddable":true,"href":"https:\/\/www.encontrabelohorizonte.com.br\/guia\/wp-json\/wp\/v2\/users\/1"}],"replies":[{"embeddable":true,"href":"https:\/\/www.encontrabelohorizonte.com.br\/guia\/wp-json\/wp\/v2\/comments?post=14399"}],"version-history":[{"count":0,"href":"https:\/\/www.encontrabelohorizonte.com.br\/guia\/wp-json\/wp\/v2\/posts\/14399\/revisions"}],"wp:attachment":[{"href":"https:\/\/www.encontrabelohorizonte.com.br\/guia\/wp-json\/wp\/v2\/media?parent=14399"}],"wp:term":[{"taxonomy":"category","embeddable":true,"href":"https:\/\/www.encontrabelohorizonte.com.br\/guia\/wp-json\/wp\/v2\/categories?post=14399"},{"taxonomy":"post_tag","embeddable":true,"href":"https:\/\/www.encontrabelohorizonte.com.br\/guia\/wp-json\/wp\/v2\/tags?post=14399"}],"curies":[{"name":"wp","href":"https:\/\/api.w.org\/{rel}","templated":true}]}}