{"id":14418,"date":"2026-03-21T06:12:13","date_gmt":"2026-03-21T09:12:13","guid":{"rendered":"https:\/\/www.encontrabelohorizonte.com.br\/guia\/sorocaba-participa-de-encontros-nacionais-da-assistencia-social-em-belo-horizonte\/"},"modified":"2026-03-21T06:12:13","modified_gmt":"2026-03-21T09:12:13","slug":"sorocaba-participa-de-encontros-nacionais-da-assistencia-social-em-belo-horizonte","status":"publish","type":"post","link":"https:\/\/www.encontrabelohorizonte.com.br\/guia\/sorocaba-participa-de-encontros-nacionais-da-assistencia-social-em-belo-horizonte\/","title":{"rendered":"Sorocaba participa de encontros nacionais da Assist\u00eancia Social em Belo Horizonte"},"content":{"rendered":"<h2>Compromisso de Sorocaba com a Assist\u00eancia Social<\/h2>\n<p>A cidade de Sorocaba demonstra um forte compromisso em ampliar a efic\u00e1cia de suas a\u00e7\u00f5es na assist\u00eancia social. Esse empenho se manifesta em sua participa\u00e7\u00e3o ativa em eventos de relev\u00e2ncia nacional, buscando sempre atualizar e implementar pr\u00e1ticas que melhor atendam as necessidades da popula\u00e7\u00e3o. A gest\u00e3o municipal reconhece a import\u00e2ncia de se fortalecer a estrutura da assist\u00eancia social para garantir que direitos sejam assegurados e que a prote\u00e7\u00e3o social seja efetiva.<\/p>\n<h2>Representa\u00e7\u00e3o da Prefeitura em Eventos Nacionais<\/h2>\n<p>Recentemente, a equipe da Prefeitura de Sorocaba, por meio da Secretaria da Cidadania (Secid), participou de dois encontros importantes em Belo Horizonte, Minas Gerais. O XIII Encontro Nacional da Vigil\u00e2ncia Socioassistencial e o I Encontro Nacional das Escolas do SUAS contaram com a presen\u00e7a de representantes essenciais do munic\u00edpio, como o chefe da Divis\u00e3o de Vigil\u00e2ncia Socioassistencial, Nelson Jos\u00e9 Barnab\u00e9 J\u00fanior, e outros especialistas da Secid. Essa representatividade demonstra o empenho de Sorocaba em integrar-se em discuss\u00f5es e compartilhamentos no campo da assist\u00eancia social, indo ao encontro das novas perspectivas e ferramentas que surgem para o aprimoramento deste setor.<\/p>\n<h2>Mesa de Abertura: Democracia e Prote\u00e7\u00e3o Social<\/h2>\n<p>A abertura do evento trouxe \u00e0 tona o debate sobre temas fundamentais para a assist\u00eancia social, sob a tem\u00e1tica \u201cDemocracia, Prote\u00e7\u00e3o Social e Intelig\u00eancia P\u00fablica no SUAS\u201d. Este painel enfatizou o papel crucial da Vigil\u00e2ncia Socioassistencial e da Educa\u00e7\u00e3o Permanente para a promo\u00e7\u00e3o dos direitos humanos, especialmente em tempos de desigualdade crescente e r\u00e1pida transforma\u00e7\u00e3o digital. Durante esta sess\u00e3o, foi prestada uma homenagem a uma destacada assistente social, Simone Albuquerque, que contribuiu significativamente para a \u00e1rea, refor\u00e7ando o valor do trabalho social.<\/p>\n<h2>Palestra Magna sobre Educa\u00e7\u00e3o Permanente<\/h2>\n<p>Seguindo a programa\u00e7\u00e3o, ocorreu uma palestra magna focada na educa\u00e7\u00e3o permanente, gest\u00e3o do trabalho e inova\u00e7\u00f5es institucionais no Sistema \u00danico de Assist\u00eancia Social (SUAS). De acordo com as discuss\u00f5es, a continuidade da forma\u00e7\u00e3o profissional \u00e9 vital para garantir que os trabalhadores da assist\u00eancia social estejam bem preparados para atender \u00e0s demandas contempor\u00e2neas. O evento tamb\u00e9m marcou o lan\u00e7amento do Portal da Escola Simone Albuquerque, que servir\u00e1 de importante recurso para a forma\u00e7\u00e3o e capacita\u00e7\u00e3o cont\u00ednua na \u00e1rea da assist\u00eancia social.<\/p>\n<h2>Oficinas e Rodas de Conversa: Troca de Experi\u00eancias<\/h2>\n<p>Durante a continuidade do evento, os participantes puderam usufruir de diversas oficinas e rodas de conversa. Esses momentos foram dedicados \u00e0 troca de experi\u00eancias exitosas entre representantes de diferentes estados e munic\u00edpios. Os temas abordados inclu\u00edram intersetorialidade, diagn\u00f3sticos socioassistenciais, al\u00e9m do uso de tecnologias emergentes como georreferenciamento. Todas essas discuss\u00f5es s\u00e3o essenciais para colaborar no planejamento e execu\u00e7\u00e3o de a\u00e7\u00f5es efetivas dentro da assist\u00eancia social.<\/p>\n<h2>Minicurso sobre Prontu\u00e1rio Eletr\u00f4nico do SUAS<\/h2>\n<p>Outro destaque da programa\u00e7\u00e3o foi o minicurso sobre o Prontu\u00e1rio Eletr\u00f4nico do SUAS, que se concentrou na gest\u00e3o da informa\u00e7\u00e3o e na qualifica\u00e7\u00e3o do atendimento prestado. Esse minicurso visa aprimorar a forma como os servi\u00e7os s\u00e3o prestados, garantindo um atendimento mais eficiente e que atenda as necessidades dos cidad\u00e3os. A abordagem do uso estrat\u00e9gico de dados se revela essencial para embasar a tomada de decis\u00f5es e para a defini\u00e7\u00e3o de prioridades nas a\u00e7\u00f5es sociais.<\/p>\n<h2>Diretrizes e Perspectivas da Assist\u00eancia Social<\/h2>\n<p>A presen\u00e7a do secret\u00e1rio nacional de Assist\u00eancia Social, Andr\u00e9 Quint\u00e3o, foi um dos pontos altos do evento. Ele apresentou diretrizes e perspectivas que visam fortalecer pol\u00edticas p\u00fablicas a n\u00edvel nacional, trazendo luz a como as entidades locais podem colaborar e se alinhar com as metas nacionais. Discutir diretrizes \u00e9 crucial para o aprimoramento cont\u00ednuo da assist\u00eancia social e para assegurar que os direitos dos cidad\u00e3os sejam respeitados.<\/p>\n<h2>Import\u00e2ncia da Gest\u00e3o da Informa\u00e7\u00e3o<\/h2>\n<p>Como enfatizado pelos representantes da Secid, a gest\u00e3o da informa\u00e7\u00e3o \u00e9 um pilar vital para o sucesso das iniciativas na assist\u00eancia social. A capacidade de produzir, analisar e utilizar dados de forma estrat\u00e9gica permite uma melhor visualiza\u00e7\u00e3o das necessidades da popula\u00e7\u00e3o. Quando bem utilizados, esses dados podem embasar a\u00e7\u00f5es e pol\u00edticas que visem a melhoria cont\u00ednua dos servi\u00e7os oferecidos, fortalecendo a \u00e1rea e assegurando a prote\u00e7\u00e3o social.<\/p>\n<h2>Fortalecimento das Pol\u00edticas P\u00fablicas<\/h2>\n<p>Durante as discuss\u00f5es, ficou claro que o fortalecimento da assist\u00eancia social vai al\u00e9m do aprimoramento interno. \u00c9 necess\u00e1rio um esfor\u00e7o conjunto entre as diferentes esferas governamentais e a sociedade civil para garantir rela\u00e7\u00e3o de colabora\u00e7\u00e3o e participa\u00e7\u00e3o. Essa intera\u00e7\u00e3o \u00e9 essencial para que a assist\u00eancia social cumprimente efetivamente seu papel, tornando-se um suporte para aqueles que mais necessitam.<\/p>\n<h2>Avan\u00e7os na Qualifica\u00e7\u00e3o dos Profissionais<\/h2>\n<p>A qualifica\u00e7\u00e3o dos profissionais da assist\u00eancia social \u00e9 uma prioridade que se reflete em a\u00e7\u00f5es como as desenvolvidas pelo N\u00facleo de Educa\u00e7\u00e3o Permanente da Secid. Com iniciativas voltadas para a capacita\u00e7\u00e3o cont\u00ednua, Sorocaba alinha suas pr\u00e1ticas \u00e0s diretrizes nacionais. Este esfor\u00e7o conjunto entre o munic\u00edpio e as for\u00e7as nacionais \u00e9 fundamental para aprimorar as compet\u00eancias dos profissionais e, por consequ\u00eancia, melhorar a qualidade dos servi\u00e7os prestados \u00e0 popula\u00e7\u00e3o.<\/p>\n<p>Em resumo, a participa\u00e7\u00e3o de Sorocaba nos encontros nacionais \u00e9 um reflexo do compromisso cont\u00ednuo da cidade com a evolu\u00e7\u00e3o e efici\u00eancia da assist\u00eancia social. Ao compartilhar experi\u00eancias e aprender com pr\u00e1ticas que est\u00e3o dando certo em diversos locais, a cidade se aprofunda em seu papel de garantir direitos e promover a dignidade de seus cidad\u00e3os, sempre buscando inova\u00e7\u00f5es que tornem este processo ainda mais eficaz.<\/p>\n","protected":false},"excerpt":{"rendered":"<p>Sorocaba se destaca ao participar de encontros nacionais sobre assist\u00eancia social em Belo Horizonte.<\/p>\n","protected":false},"author":1,"featured_media":0,"comment_status":"open","ping_status":"open","sticky":false,"template":"","format":"standard","meta":{"footnotes":""},"categories":[5],"tags":[],"class_list":["post-14418","post","type-post","status-publish","format-standard","hentry","category-noticias"],"yoast_head":"<!-- This site is optimized with the Yoast SEO plugin v28.2 - https:\/\/yoast.com\/product\/yoast-seo-wordpress\/ -->\n<title>Sorocaba participa de encontros nacionais da Assist\u00eancia Social em Belo Horizonte | Guia Comercial de Belo Horizonte MG<\/title>\n<meta name=\"robots\" content=\"index, follow, max-snippet:-1, max-image-preview:large, max-video-preview:-1\" \/>\n<link rel=\"canonical\" href=\"https:\/\/www.encontrabelohorizonte.com.br\/guia\/sorocaba-participa-de-encontros-nacionais-da-assistencia-social-em-belo-horizonte\/\" \/>\n<meta property=\"og:locale\" content=\"pt_BR\" \/>\n<meta property=\"og:type\" content=\"article\" \/>\n<meta property=\"og:title\" content=\"Sorocaba participa de encontros nacionais da Assist\u00eancia Social em Belo Horizonte | Guia Comercial de Belo Horizonte MG\" \/>\n<meta property=\"og:description\" content=\"Sorocaba se destaca ao participar de encontros nacionais sobre assist\u00eancia social em Belo Horizonte.\" \/>\n<meta property=\"og:url\" content=\"https:\/\/www.encontrabelohorizonte.com.br\/guia\/sorocaba-participa-de-encontros-nacionais-da-assistencia-social-em-belo-horizonte\/\" \/>\n<meta property=\"og:site_name\" content=\"Guia Comercial de Belo Horizonte MG\" \/>\n<meta property=\"article:published_time\" content=\"2026-03-21T09:12:13+00:00\" \/>\n<meta name=\"author\" content=\"Encontra Belo Horizonte\" \/>\n<meta name=\"twitter:card\" content=\"summary_large_image\" \/>\n<meta name=\"twitter:label1\" content=\"Escrito por\" \/>\n\t<meta name=\"twitter:data1\" content=\"Encontra Belo Horizonte\" \/>\n\t<meta name=\"twitter:label2\" content=\"Est. tempo de leitura\" \/>\n\t<meta name=\"twitter:data2\" content=\"5 minutos\" \/>\n<script type=\"application\/ld+json\" class=\"yoast-schema-graph\">{\"@context\":\"https:\\\/\\\/schema.org\",\"@graph\":[{\"@type\":\"Article\",\"@id\":\"https:\\\/\\\/www.encontrabelohorizonte.com.br\\\/guia\\\/sorocaba-participa-de-encontros-nacionais-da-assistencia-social-em-belo-horizonte\\\/#article\",\"isPartOf\":{\"@id\":\"https:\\\/\\\/www.encontrabelohorizonte.com.br\\\/guia\\\/sorocaba-participa-de-encontros-nacionais-da-assistencia-social-em-belo-horizonte\\\/\"},\"author\":{\"name\":\"Encontra Belo Horizonte\",\"@id\":\"https:\\\/\\\/www.encontrabelohorizonte.com.br\\\/guia\\\/#\\\/schema\\\/person\\\/6b792069f07fee9a700a7caa85fb85a9\"},\"headline\":\"Sorocaba participa de encontros nacionais da Assist\u00eancia Social em Belo Horizonte\",\"datePublished\":\"2026-03-21T09:12:13+00:00\",\"mainEntityOfPage\":{\"@id\":\"https:\\\/\\\/www.encontrabelohorizonte.com.br\\\/guia\\\/sorocaba-participa-de-encontros-nacionais-da-assistencia-social-em-belo-horizonte\\\/\"},\"wordCount\":997,\"commentCount\":0,\"articleSection\":[\"Not\u00edcias Belo Horizonte\"],\"inLanguage\":\"pt-BR\",\"potentialAction\":[{\"@type\":\"CommentAction\",\"name\":\"Comment\",\"target\":[\"https:\\\/\\\/www.encontrabelohorizonte.com.br\\\/guia\\\/sorocaba-participa-de-encontros-nacionais-da-assistencia-social-em-belo-horizonte\\\/#respond\"]}]},{\"@type\":\"WebPage\",\"@id\":\"https:\\\/\\\/www.encontrabelohorizonte.com.br\\\/guia\\\/sorocaba-participa-de-encontros-nacionais-da-assistencia-social-em-belo-horizonte\\\/\",\"url\":\"https:\\\/\\\/www.encontrabelohorizonte.com.br\\\/guia\\\/sorocaba-participa-de-encontros-nacionais-da-assistencia-social-em-belo-horizonte\\\/\",\"name\":\"Sorocaba participa de encontros nacionais da Assist\u00eancia Social em Belo Horizonte | Guia Comercial de Belo Horizonte MG\",\"isPartOf\":{\"@id\":\"https:\\\/\\\/www.encontrabelohorizonte.com.br\\\/guia\\\/#website\"},\"datePublished\":\"2026-03-21T09:12:13+00:00\",\"author\":{\"@id\":\"https:\\\/\\\/www.encontrabelohorizonte.com.br\\\/guia\\\/#\\\/schema\\\/person\\\/6b792069f07fee9a700a7caa85fb85a9\"},\"inLanguage\":\"pt-BR\",\"potentialAction\":[{\"@type\":\"ReadAction\",\"target\":[\"https:\\\/\\\/www.encontrabelohorizonte.com.br\\\/guia\\\/sorocaba-participa-de-encontros-nacionais-da-assistencia-social-em-belo-horizonte\\\/\"]}]},{\"@type\":\"WebSite\",\"@id\":\"https:\\\/\\\/www.encontrabelohorizonte.com.br\\\/guia\\\/#website\",\"url\":\"https:\\\/\\\/www.encontrabelohorizonte.com.br\\\/guia\\\/\",\"name\":\"Guia Comercial de Belo Horizonte MG\",\"description\":\"ENCONTRA BELO HORIZONTE - O guia comercial de neg\u00f3cios e empresas, cultura e divers\u00e3o na cidade de Belo Horizonte. Feito 100% para voc\u00ea morador!\",\"potentialAction\":[{\"@type\":\"SearchAction\",\"target\":{\"@type\":\"EntryPoint\",\"urlTemplate\":\"https:\\\/\\\/www.encontrabelohorizonte.com.br\\\/guia\\\/?s={search_term_string}\"},\"query-input\":{\"@type\":\"PropertyValueSpecification\",\"valueRequired\":true,\"valueName\":\"search_term_string\"}}],\"inLanguage\":\"pt-BR\"},{\"@type\":\"Person\",\"@id\":\"https:\\\/\\\/www.encontrabelohorizonte.com.br\\\/guia\\\/#\\\/schema\\\/person\\\/6b792069f07fee9a700a7caa85fb85a9\",\"name\":\"Encontra Belo Horizonte\",\"image\":{\"@type\":\"ImageObject\",\"inLanguage\":\"pt-BR\",\"@id\":\"https:\\\/\\\/secure.gravatar.com\\\/avatar\\\/c50c17820bcf322f0a8fd6b110b8c0918141409dc69076470f6fca5fee70a5d4?s=96&d=mm&r=g\",\"url\":\"https:\\\/\\\/secure.gravatar.com\\\/avatar\\\/c50c17820bcf322f0a8fd6b110b8c0918141409dc69076470f6fca5fee70a5d4?s=96&d=mm&r=g\",\"contentUrl\":\"https:\\\/\\\/secure.gravatar.com\\\/avatar\\\/c50c17820bcf322f0a8fd6b110b8c0918141409dc69076470f6fca5fee70a5d4?s=96&d=mm&r=g\",\"caption\":\"Encontra Belo Horizonte\"},\"url\":\"https:\\\/\\\/www.encontrabelohorizonte.com.br\\\/guia\\\/author\\\/encontrabelohorizonte\\\/\"}]}<\/script>\n<!-- \/ Yoast SEO plugin. -->","yoast_head_json":{"title":"Sorocaba participa de encontros nacionais da Assist\u00eancia Social em Belo Horizonte | Guia Comercial de Belo Horizonte MG","robots":{"index":"index","follow":"follow","max-snippet":"max-snippet:-1","max-image-preview":"max-image-preview:large","max-video-preview":"max-video-preview:-1"},"canonical":"https:\/\/www.encontrabelohorizonte.com.br\/guia\/sorocaba-participa-de-encontros-nacionais-da-assistencia-social-em-belo-horizonte\/","og_locale":"pt_BR","og_type":"article","og_title":"Sorocaba participa de encontros nacionais da Assist\u00eancia Social em Belo Horizonte | Guia Comercial de Belo Horizonte MG","og_description":"Sorocaba se destaca ao participar de encontros nacionais sobre assist\u00eancia social em Belo Horizonte.","og_url":"https:\/\/www.encontrabelohorizonte.com.br\/guia\/sorocaba-participa-de-encontros-nacionais-da-assistencia-social-em-belo-horizonte\/","og_site_name":"Guia Comercial de Belo Horizonte MG","article_published_time":"2026-03-21T09:12:13+00:00","author":"Encontra Belo Horizonte","twitter_card":"summary_large_image","twitter_misc":{"Escrito por":"Encontra Belo Horizonte","Est. tempo de leitura":"5 minutos"},"schema":{"@context":"https:\/\/schema.org","@graph":[{"@type":"Article","@id":"https:\/\/www.encontrabelohorizonte.com.br\/guia\/sorocaba-participa-de-encontros-nacionais-da-assistencia-social-em-belo-horizonte\/#article","isPartOf":{"@id":"https:\/\/www.encontrabelohorizonte.com.br\/guia\/sorocaba-participa-de-encontros-nacionais-da-assistencia-social-em-belo-horizonte\/"},"author":{"name":"Encontra Belo Horizonte","@id":"https:\/\/www.encontrabelohorizonte.com.br\/guia\/#\/schema\/person\/6b792069f07fee9a700a7caa85fb85a9"},"headline":"Sorocaba participa de encontros nacionais da Assist\u00eancia Social em Belo Horizonte","datePublished":"2026-03-21T09:12:13+00:00","mainEntityOfPage":{"@id":"https:\/\/www.encontrabelohorizonte.com.br\/guia\/sorocaba-participa-de-encontros-nacionais-da-assistencia-social-em-belo-horizonte\/"},"wordCount":997,"commentCount":0,"articleSection":["Not\u00edcias Belo Horizonte"],"inLanguage":"pt-BR","potentialAction":[{"@type":"CommentAction","name":"Comment","target":["https:\/\/www.encontrabelohorizonte.com.br\/guia\/sorocaba-participa-de-encontros-nacionais-da-assistencia-social-em-belo-horizonte\/#respond"]}]},{"@type":"WebPage","@id":"https:\/\/www.encontrabelohorizonte.com.br\/guia\/sorocaba-participa-de-encontros-nacionais-da-assistencia-social-em-belo-horizonte\/","url":"https:\/\/www.encontrabelohorizonte.com.br\/guia\/sorocaba-participa-de-encontros-nacionais-da-assistencia-social-em-belo-horizonte\/","name":"Sorocaba participa de encontros nacionais da Assist\u00eancia Social em Belo Horizonte | Guia Comercial de Belo Horizonte MG","isPartOf":{"@id":"https:\/\/www.encontrabelohorizonte.com.br\/guia\/#website"},"datePublished":"2026-03-21T09:12:13+00:00","author":{"@id":"https:\/\/www.encontrabelohorizonte.com.br\/guia\/#\/schema\/person\/6b792069f07fee9a700a7caa85fb85a9"},"inLanguage":"pt-BR","potentialAction":[{"@type":"ReadAction","target":["https:\/\/www.encontrabelohorizonte.com.br\/guia\/sorocaba-participa-de-encontros-nacionais-da-assistencia-social-em-belo-horizonte\/"]}]},{"@type":"WebSite","@id":"https:\/\/www.encontrabelohorizonte.com.br\/guia\/#website","url":"https:\/\/www.encontrabelohorizonte.com.br\/guia\/","name":"Guia Comercial de Belo Horizonte MG","description":"ENCONTRA BELO HORIZONTE - O guia comercial de neg\u00f3cios e empresas, cultura e divers\u00e3o na cidade de Belo Horizonte. Feito 100% para voc\u00ea morador!","potentialAction":[{"@type":"SearchAction","target":{"@type":"EntryPoint","urlTemplate":"https:\/\/www.encontrabelohorizonte.com.br\/guia\/?s={search_term_string}"},"query-input":{"@type":"PropertyValueSpecification","valueRequired":true,"valueName":"search_term_string"}}],"inLanguage":"pt-BR"},{"@type":"Person","@id":"https:\/\/www.encontrabelohorizonte.com.br\/guia\/#\/schema\/person\/6b792069f07fee9a700a7caa85fb85a9","name":"Encontra Belo Horizonte","image":{"@type":"ImageObject","inLanguage":"pt-BR","@id":"https:\/\/secure.gravatar.com\/avatar\/c50c17820bcf322f0a8fd6b110b8c0918141409dc69076470f6fca5fee70a5d4?s=96&d=mm&r=g","url":"https:\/\/secure.gravatar.com\/avatar\/c50c17820bcf322f0a8fd6b110b8c0918141409dc69076470f6fca5fee70a5d4?s=96&d=mm&r=g","contentUrl":"https:\/\/secure.gravatar.com\/avatar\/c50c17820bcf322f0a8fd6b110b8c0918141409dc69076470f6fca5fee70a5d4?s=96&d=mm&r=g","caption":"Encontra Belo Horizonte"},"url":"https:\/\/www.encontrabelohorizonte.com.br\/guia\/author\/encontrabelohorizonte\/"}]}},"_links":{"self":[{"href":"https:\/\/www.encontrabelohorizonte.com.br\/guia\/wp-json\/wp\/v2\/posts\/14418","targetHints":{"allow":["GET"]}}],"collection":[{"href":"https:\/\/www.encontrabelohorizonte.com.br\/guia\/wp-json\/wp\/v2\/posts"}],"about":[{"href":"https:\/\/www.encontrabelohorizonte.com.br\/guia\/wp-json\/wp\/v2\/types\/post"}],"author":[{"embeddable":true,"href":"https:\/\/www.encontrabelohorizonte.com.br\/guia\/wp-json\/wp\/v2\/users\/1"}],"replies":[{"embeddable":true,"href":"https:\/\/www.encontrabelohorizonte.com.br\/guia\/wp-json\/wp\/v2\/comments?post=14418"}],"version-history":[{"count":0,"href":"https:\/\/www.encontrabelohorizonte.com.br\/guia\/wp-json\/wp\/v2\/posts\/14418\/revisions"}],"wp:attachment":[{"href":"https:\/\/www.encontrabelohorizonte.com.br\/guia\/wp-json\/wp\/v2\/media?parent=14418"}],"wp:term":[{"taxonomy":"category","embeddable":true,"href":"https:\/\/www.encontrabelohorizonte.com.br\/guia\/wp-json\/wp\/v2\/categories?post=14418"},{"taxonomy":"post_tag","embeddable":true,"href":"https:\/\/www.encontrabelohorizonte.com.br\/guia\/wp-json\/wp\/v2\/tags?post=14418"}],"curies":[{"name":"wp","href":"https:\/\/api.w.org\/{rel}","templated":true}]}}