{"id":14426,"date":"2026-03-23T06:07:46","date_gmt":"2026-03-23T09:07:46","guid":{"rendered":"https:\/\/www.encontrabelohorizonte.com.br\/guia\/secretaria-de-educacao-participa-do-11o-cafe-com-prosa-da-undime-em-belo-horizonte\/"},"modified":"2026-03-23T06:07:46","modified_gmt":"2026-03-23T09:07:46","slug":"secretaria-de-educacao-participa-do-11o-cafe-com-prosa-da-undime-em-belo-horizonte","status":"publish","type":"post","link":"https:\/\/www.encontrabelohorizonte.com.br\/guia\/secretaria-de-educacao-participa-do-11o-cafe-com-prosa-da-undime-em-belo-horizonte\/","title":{"rendered":"Secretaria de Educa\u00e7\u00e3o participa do 11\u00ba Caf\u00e9 com Prosa da UNDIME em Belo Horizonte"},"content":{"rendered":"<h2>O Papel da Secretaria Municipal de Educa\u00e7\u00e3o<\/h2>\n<p>A <strong>Secretaria Municipal de Educa\u00e7\u00e3o<\/strong> desempenha um papel crucial na gest\u00e3o educacional local e na formula\u00e7\u00e3o de pol\u00edticas voltadas ao aprendizado e ao desenvolvimento das crian\u00e7as e jovens. Sua miss\u00e3o envolve garantir a oferta de educa\u00e7\u00e3o de qualidade e a equidade nas oportunidades para todos os alunos, independente de sua origem ou condi\u00e7\u00e3o social.<\/p>\n<p>No contexto do <strong>11\u00ba Caf\u00e9 com Prosa<\/strong>, promovido pela UNDIME em Belo Horizonte, a participa\u00e7\u00e3o da secret\u00e1ria Rita de C\u00e1ssia Fonseca Rocha destaca a import\u00e2ncia do di\u00e1logo entre diferentes gestores e especialistas em educa\u00e7\u00e3o. Essas intera\u00e7\u00f5es s\u00e3o fundamentais para identificar e discutir as necessidades e desafios enfrentados nas escolas, bem como para explorar solu\u00e7\u00f5es inovadoras e eficientes.<\/p>\n<h2>Impacto do Caf\u00e9 com Prosa na Educa\u00e7\u00e3o<\/h2>\n<p>O <strong>Caf\u00e9 com Prosa<\/strong> \u00e9 um espa\u00e7o de reflex\u00e3o e compartilhamento de experi\u00eancias entre educadores, onde a troca de ideias pode gerar insights valiosos sobre a pr\u00e1tica educacional. Este evento, que ocorre em um formato informal de roda de conversa, permite que educadores compartilhem suas viv\u00eancias e desafios, promovendo uma cultura de coopera\u00e7\u00e3o e aprendizado m\u00fatuo.<\/p>\n<p>Juntamente com outros l\u00edderes educacionais, a secretaria participou de discuss\u00f5es que abordaram temas cruciais, como o financiamento da educa\u00e7\u00e3o e a implementa\u00e7\u00e3o da BNCC (Base Nacional Comum Curricular). O impacto desse evento \u00e9 significativo, pois possibilita que as realidades locais sejam consideradas na formula\u00e7\u00e3o de pol\u00edticas educacionais abrangentes.<\/p>\n<h2>Gestores e Especialistas em A\u00e7\u00e3o<\/h2>\n<p>Durante os tr\u00eas dias de evento, gestores escolares e especialistas em educa\u00e7\u00e3o se reuniram para compartilhar experi\u00eancias sobre os principais desafios enfrentados nas redes p\u00fablicas de ensino. Este agrupamento visou n\u00e3o apenas discutir problemas, mas tamb\u00e9m criar uma sinergia para a busca de solu\u00e7\u00f5es eficazes.<\/p>\n<p>A troca de ideias entre os participantes proporcionou um rico aprendizado sobre pr\u00e1ticas bem-sucedidas que podem ser adaptadas a diferentes realidades. A presen\u00e7a de profissionais com experi\u00eancias variadas enriqueceu ainda mais as discuss\u00f5es, contribuindo para uma vis\u00e3o mais ampla sobre a educa\u00e7\u00e3o no Brasil.<\/p>\n<h2>Desafios da Educa\u00e7\u00e3o P\u00fablica<\/h2>\n<p>A educa\u00e7\u00e3o p\u00fablica no Brasil enfrenta diversos desafios, que v\u00e3o desde a falta de recursos at\u00e9 a implementa\u00e7\u00e3o de pol\u00edticas inclusivas. A secretaria, representada no evento, buscou discutir formas de superar esses obst\u00e1culos por meio de uma abordagem colaborativa, onde todos os envolvidos na educa\u00e7\u00e3o possam contribuir.<\/p>\n<p>Aspectos como a gest\u00e3o do ensino, inclus\u00e3o social e a seguran\u00e7a nas escolas foram amplamente debatidos, mostrando que o desenvolvimento de uma educa\u00e7\u00e3o de qualidade depende de a\u00e7\u00f5es coordenadas entre diferentes esferas do governo e a sociedade civil.<\/p>\n<h2>BNCC e Educa\u00e7\u00e3o Inclusiva<\/h2>\n<p>A BNCC \u00e9 um documento fundamental que estabelece as diretrizes para a educa\u00e7\u00e3o b\u00e1sica no Brasil. A implementa\u00e7\u00e3o eficaz da BNCC \u00e9 essencial para garantir que todos os alunos tenham acesso a uma forma\u00e7\u00e3o de qualidade. O evento enfatizou a import\u00e2ncia de alinhar o curr\u00edculo \u00e0s necessidades dos alunos, promovendo uma educa\u00e7\u00e3o inclusiva que respeite a diversidade.<\/p>\n<p>Os participantes discutiram sobre como adaptar as pr\u00e1ticas pedag\u00f3gicas para melhor atender \u00e0s demandas de todos os estudantes, incluindo aqueles com necessidades especiais. A ideia central \u00e9 que a educa\u00e7\u00e3o deve ser um espa\u00e7o acolhedor e acess\u00edvel a todos, promovendo a equidade nas oportunidades.<\/p>\n<h2>Financiamento da Educa\u00e7\u00e3o B\u00e1sica<\/h2>\n<p>O financiamento adequado \u00e9 vital para a sustentabilidade das pol\u00edticas educacionais. Durante as discuss\u00f5es, enfatizou-se a necessidade de garantir recursos suficientes para a educa\u00e7\u00e3o b\u00e1sica e a transpar\u00eancia na gest\u00e3o desses fundos. Os gestores debateram sobre como otimizar os recursos dispon\u00edveis, al\u00e9m de buscar novas maneiras de capta\u00e7\u00e3o de verbas.<\/p>\n<p>A falta de fundos muitas vezes limita a capacidade das escolas de oferecer infraestrutura adequada, materiais did\u00e1ticos e forma\u00e7\u00e3o cont\u00ednua para os professores, fatores que s\u00e3o essenciais para a melhoria da qualidade do ensino.<\/p>\n<h2>Sa\u00fade e Seguran\u00e7a nas Escolas<\/h2>\n<p>A seguran\u00e7a e a sa\u00fade no ambiente escolar s\u00e3o pilares essenciais para um aprendizado eficaz. O evento tamb\u00e9m abordou a import\u00e2ncia de criar um ambiente seguro para os alunos, onde possam se desenvolver sem temor de viol\u00eancia ou desrespeito.<\/p>\n<p>Foram propostas iniciativas que visam implantar pr\u00e1ticas de sa\u00fade mental nas escolas e programas de preven\u00e7\u00e3o \u00e0 viol\u00eancia. \u00c9 fundamental que as escolas n\u00e3o sejam apenas locais de aprendizagem, mas tamb\u00e9m espa\u00e7os seguros e saud\u00e1veis para todos os alunos.<\/p>\n<h2>Import\u00e2ncia da Educa\u00e7\u00e3o em Tempo Integral<\/h2>\n<p>A educa\u00e7\u00e3o em tempo integral se apresentou como uma estrat\u00e9gia eficaz para melhorar o aprendizado e o envolvimento dos estudantes. Discuss\u00f5es sobre a amplia\u00e7\u00e3o das oportunidades de aprendizado fora do hor\u00e1rio tradicional mostraram que tal abordagem pode contribuir significativamente para a forma\u00e7\u00e3o integral dos alunos.<\/p>\n<p>Os gestores debateram sobre as vantagens de integrar atividades extracurriculares ao curr\u00edculo regular, abrangendo esportes, cultura e tecnologia, preparando assim os alunos para um futuro mais completo.<\/p>\n<h2>Troca de Experi\u00eancias no Evento<\/h2>\n<p>A troca de experi\u00eancias entre os participantes foi um dos destaques do <strong>Caf\u00e9 com Prosa<\/strong>. Muitos gestores compartilharam pr\u00e1ticas inovadoras que tiveram sucesso em suas comunidades, enriquecendo a discuss\u00e3o e possibilitando a replica\u00e7\u00e3o de ideias positivas em outros contextos.<\/p>\n<p>Esses momentos de compartilhamento destacam a import\u00e2ncia do trabalho colaborativo entre as redes de ensino brasileiras e incentivam a forma\u00e7\u00e3o de uma rede de apoio m\u00fatuo, onde todos possam aprender e crescer juntos.<\/p>\n<h2>Pr\u00f3ximos Passos para as Redes de Ensino<\/h2>\n<p>Ap\u00f3s o evento, as redes de ensino precisam implementar as ideias e estrat\u00e9gias discutidas. O compromisso deve ser a continuidade do di\u00e1logo e a aplica\u00e7\u00e3o das melhores pr\u00e1ticas apresentadas. \u00c9 vital que todos os envolvidos se mantenham engajados e proativos em busca da excel\u00eancia educacional.<\/p>\n<p>Os pr\u00f3ximos passos incluem a elabora\u00e7\u00e3o de planos de a\u00e7\u00e3o baseados nas discuss\u00f5es do evento, com um foco especial na forma\u00e7\u00e3o de professores e na adequa\u00e7\u00e3o das infraestruturas escolares \u00e0s necessidades atuais dos alunos. Assim, espera-se contribuir para uma educa\u00e7\u00e3o p\u00fablica que n\u00e3o apenas atenda \u00e0s exig\u00eancias do presente, mas tamb\u00e9m prepare os alunos para os desafios do futuro.<\/p>\n","protected":false},"excerpt":{"rendered":"<p>Secretaria de Educa\u00e7\u00e3o participa do 11\u00ba Caf\u00e9 com Prosa da UNDIME em Belo Horizonte.<\/p>\n","protected":false},"author":1,"featured_media":0,"comment_status":"open","ping_status":"open","sticky":false,"template":"","format":"standard","meta":{"footnotes":""},"categories":[896],"tags":[],"class_list":["post-14426","post","type-post","status-publish","format-standard","hentry","category-cursos"],"yoast_head":"<!-- This site is optimized with the Yoast SEO plugin v28.2 - https:\/\/yoast.com\/product\/yoast-seo-wordpress\/ -->\n<title>Secretaria de Educa\u00e7\u00e3o participa do 11\u00ba Caf\u00e9 com Prosa da UNDIME em Belo Horizonte | Guia Comercial de Belo Horizonte MG<\/title>\n<meta name=\"robots\" content=\"index, follow, max-snippet:-1, max-image-preview:large, max-video-preview:-1\" \/>\n<link rel=\"canonical\" href=\"https:\/\/www.encontrabelohorizonte.com.br\/guia\/secretaria-de-educacao-participa-do-11o-cafe-com-prosa-da-undime-em-belo-horizonte\/\" \/>\n<meta property=\"og:locale\" content=\"pt_BR\" \/>\n<meta property=\"og:type\" content=\"article\" \/>\n<meta property=\"og:title\" content=\"Secretaria de Educa\u00e7\u00e3o participa do 11\u00ba Caf\u00e9 com Prosa da UNDIME em Belo Horizonte | Guia Comercial de Belo Horizonte MG\" \/>\n<meta property=\"og:description\" content=\"Secretaria de Educa\u00e7\u00e3o participa do 11\u00ba Caf\u00e9 com Prosa da UNDIME em Belo Horizonte.\" \/>\n<meta property=\"og:url\" content=\"https:\/\/www.encontrabelohorizonte.com.br\/guia\/secretaria-de-educacao-participa-do-11o-cafe-com-prosa-da-undime-em-belo-horizonte\/\" \/>\n<meta property=\"og:site_name\" content=\"Guia Comercial de Belo Horizonte MG\" \/>\n<meta property=\"article:published_time\" content=\"2026-03-23T09:07:46+00:00\" \/>\n<meta name=\"author\" content=\"Encontra Belo Horizonte\" \/>\n<meta name=\"twitter:card\" content=\"summary_large_image\" \/>\n<meta name=\"twitter:label1\" content=\"Escrito por\" \/>\n\t<meta name=\"twitter:data1\" content=\"Encontra Belo Horizonte\" \/>\n\t<meta name=\"twitter:label2\" content=\"Est. tempo de leitura\" \/>\n\t<meta name=\"twitter:data2\" content=\"5 minutos\" \/>\n<script type=\"application\/ld+json\" class=\"yoast-schema-graph\">{\"@context\":\"https:\\\/\\\/schema.org\",\"@graph\":[{\"@type\":\"Article\",\"@id\":\"https:\\\/\\\/www.encontrabelohorizonte.com.br\\\/guia\\\/secretaria-de-educacao-participa-do-11o-cafe-com-prosa-da-undime-em-belo-horizonte\\\/#article\",\"isPartOf\":{\"@id\":\"https:\\\/\\\/www.encontrabelohorizonte.com.br\\\/guia\\\/secretaria-de-educacao-participa-do-11o-cafe-com-prosa-da-undime-em-belo-horizonte\\\/\"},\"author\":{\"name\":\"Encontra Belo Horizonte\",\"@id\":\"https:\\\/\\\/www.encontrabelohorizonte.com.br\\\/guia\\\/#\\\/schema\\\/person\\\/6b792069f07fee9a700a7caa85fb85a9\"},\"headline\":\"Secretaria de Educa\u00e7\u00e3o participa do 11\u00ba Caf\u00e9 com Prosa da UNDIME em Belo Horizonte\",\"datePublished\":\"2026-03-23T09:07:46+00:00\",\"mainEntityOfPage\":{\"@id\":\"https:\\\/\\\/www.encontrabelohorizonte.com.br\\\/guia\\\/secretaria-de-educacao-participa-do-11o-cafe-com-prosa-da-undime-em-belo-horizonte\\\/\"},\"wordCount\":1097,\"commentCount\":0,\"articleSection\":[\"Cursos Belo Horizonte\"],\"inLanguage\":\"pt-BR\",\"potentialAction\":[{\"@type\":\"CommentAction\",\"name\":\"Comment\",\"target\":[\"https:\\\/\\\/www.encontrabelohorizonte.com.br\\\/guia\\\/secretaria-de-educacao-participa-do-11o-cafe-com-prosa-da-undime-em-belo-horizonte\\\/#respond\"]}]},{\"@type\":\"WebPage\",\"@id\":\"https:\\\/\\\/www.encontrabelohorizonte.com.br\\\/guia\\\/secretaria-de-educacao-participa-do-11o-cafe-com-prosa-da-undime-em-belo-horizonte\\\/\",\"url\":\"https:\\\/\\\/www.encontrabelohorizonte.com.br\\\/guia\\\/secretaria-de-educacao-participa-do-11o-cafe-com-prosa-da-undime-em-belo-horizonte\\\/\",\"name\":\"Secretaria de Educa\u00e7\u00e3o participa do 11\u00ba Caf\u00e9 com Prosa da UNDIME em Belo Horizonte | Guia Comercial de Belo Horizonte MG\",\"isPartOf\":{\"@id\":\"https:\\\/\\\/www.encontrabelohorizonte.com.br\\\/guia\\\/#website\"},\"datePublished\":\"2026-03-23T09:07:46+00:00\",\"author\":{\"@id\":\"https:\\\/\\\/www.encontrabelohorizonte.com.br\\\/guia\\\/#\\\/schema\\\/person\\\/6b792069f07fee9a700a7caa85fb85a9\"},\"inLanguage\":\"pt-BR\",\"potentialAction\":[{\"@type\":\"ReadAction\",\"target\":[\"https:\\\/\\\/www.encontrabelohorizonte.com.br\\\/guia\\\/secretaria-de-educacao-participa-do-11o-cafe-com-prosa-da-undime-em-belo-horizonte\\\/\"]}]},{\"@type\":\"WebSite\",\"@id\":\"https:\\\/\\\/www.encontrabelohorizonte.com.br\\\/guia\\\/#website\",\"url\":\"https:\\\/\\\/www.encontrabelohorizonte.com.br\\\/guia\\\/\",\"name\":\"Guia Comercial de Belo Horizonte MG\",\"description\":\"ENCONTRA BELO HORIZONTE - O guia comercial de neg\u00f3cios e empresas, cultura e divers\u00e3o na cidade de Belo Horizonte. Feito 100% para voc\u00ea morador!\",\"potentialAction\":[{\"@type\":\"SearchAction\",\"target\":{\"@type\":\"EntryPoint\",\"urlTemplate\":\"https:\\\/\\\/www.encontrabelohorizonte.com.br\\\/guia\\\/?s={search_term_string}\"},\"query-input\":{\"@type\":\"PropertyValueSpecification\",\"valueRequired\":true,\"valueName\":\"search_term_string\"}}],\"inLanguage\":\"pt-BR\"},{\"@type\":\"Person\",\"@id\":\"https:\\\/\\\/www.encontrabelohorizonte.com.br\\\/guia\\\/#\\\/schema\\\/person\\\/6b792069f07fee9a700a7caa85fb85a9\",\"name\":\"Encontra Belo Horizonte\",\"image\":{\"@type\":\"ImageObject\",\"inLanguage\":\"pt-BR\",\"@id\":\"https:\\\/\\\/secure.gravatar.com\\\/avatar\\\/c50c17820bcf322f0a8fd6b110b8c0918141409dc69076470f6fca5fee70a5d4?s=96&d=mm&r=g\",\"url\":\"https:\\\/\\\/secure.gravatar.com\\\/avatar\\\/c50c17820bcf322f0a8fd6b110b8c0918141409dc69076470f6fca5fee70a5d4?s=96&d=mm&r=g\",\"contentUrl\":\"https:\\\/\\\/secure.gravatar.com\\\/avatar\\\/c50c17820bcf322f0a8fd6b110b8c0918141409dc69076470f6fca5fee70a5d4?s=96&d=mm&r=g\",\"caption\":\"Encontra Belo Horizonte\"},\"url\":\"https:\\\/\\\/www.encontrabelohorizonte.com.br\\\/guia\\\/author\\\/encontrabelohorizonte\\\/\"}]}<\/script>\n<!-- \/ Yoast SEO plugin. -->","yoast_head_json":{"title":"Secretaria de Educa\u00e7\u00e3o participa do 11\u00ba Caf\u00e9 com Prosa da UNDIME em Belo Horizonte | Guia Comercial de Belo Horizonte MG","robots":{"index":"index","follow":"follow","max-snippet":"max-snippet:-1","max-image-preview":"max-image-preview:large","max-video-preview":"max-video-preview:-1"},"canonical":"https:\/\/www.encontrabelohorizonte.com.br\/guia\/secretaria-de-educacao-participa-do-11o-cafe-com-prosa-da-undime-em-belo-horizonte\/","og_locale":"pt_BR","og_type":"article","og_title":"Secretaria de Educa\u00e7\u00e3o participa do 11\u00ba Caf\u00e9 com Prosa da UNDIME em Belo Horizonte | Guia Comercial de Belo Horizonte MG","og_description":"Secretaria de Educa\u00e7\u00e3o participa do 11\u00ba Caf\u00e9 com Prosa da UNDIME em Belo Horizonte.","og_url":"https:\/\/www.encontrabelohorizonte.com.br\/guia\/secretaria-de-educacao-participa-do-11o-cafe-com-prosa-da-undime-em-belo-horizonte\/","og_site_name":"Guia Comercial de Belo Horizonte MG","article_published_time":"2026-03-23T09:07:46+00:00","author":"Encontra Belo Horizonte","twitter_card":"summary_large_image","twitter_misc":{"Escrito por":"Encontra Belo Horizonte","Est. tempo de leitura":"5 minutos"},"schema":{"@context":"https:\/\/schema.org","@graph":[{"@type":"Article","@id":"https:\/\/www.encontrabelohorizonte.com.br\/guia\/secretaria-de-educacao-participa-do-11o-cafe-com-prosa-da-undime-em-belo-horizonte\/#article","isPartOf":{"@id":"https:\/\/www.encontrabelohorizonte.com.br\/guia\/secretaria-de-educacao-participa-do-11o-cafe-com-prosa-da-undime-em-belo-horizonte\/"},"author":{"name":"Encontra Belo Horizonte","@id":"https:\/\/www.encontrabelohorizonte.com.br\/guia\/#\/schema\/person\/6b792069f07fee9a700a7caa85fb85a9"},"headline":"Secretaria de Educa\u00e7\u00e3o participa do 11\u00ba Caf\u00e9 com Prosa da UNDIME em Belo Horizonte","datePublished":"2026-03-23T09:07:46+00:00","mainEntityOfPage":{"@id":"https:\/\/www.encontrabelohorizonte.com.br\/guia\/secretaria-de-educacao-participa-do-11o-cafe-com-prosa-da-undime-em-belo-horizonte\/"},"wordCount":1097,"commentCount":0,"articleSection":["Cursos Belo Horizonte"],"inLanguage":"pt-BR","potentialAction":[{"@type":"CommentAction","name":"Comment","target":["https:\/\/www.encontrabelohorizonte.com.br\/guia\/secretaria-de-educacao-participa-do-11o-cafe-com-prosa-da-undime-em-belo-horizonte\/#respond"]}]},{"@type":"WebPage","@id":"https:\/\/www.encontrabelohorizonte.com.br\/guia\/secretaria-de-educacao-participa-do-11o-cafe-com-prosa-da-undime-em-belo-horizonte\/","url":"https:\/\/www.encontrabelohorizonte.com.br\/guia\/secretaria-de-educacao-participa-do-11o-cafe-com-prosa-da-undime-em-belo-horizonte\/","name":"Secretaria de Educa\u00e7\u00e3o participa do 11\u00ba Caf\u00e9 com Prosa da UNDIME em Belo Horizonte | Guia Comercial de Belo Horizonte MG","isPartOf":{"@id":"https:\/\/www.encontrabelohorizonte.com.br\/guia\/#website"},"datePublished":"2026-03-23T09:07:46+00:00","author":{"@id":"https:\/\/www.encontrabelohorizonte.com.br\/guia\/#\/schema\/person\/6b792069f07fee9a700a7caa85fb85a9"},"inLanguage":"pt-BR","potentialAction":[{"@type":"ReadAction","target":["https:\/\/www.encontrabelohorizonte.com.br\/guia\/secretaria-de-educacao-participa-do-11o-cafe-com-prosa-da-undime-em-belo-horizonte\/"]}]},{"@type":"WebSite","@id":"https:\/\/www.encontrabelohorizonte.com.br\/guia\/#website","url":"https:\/\/www.encontrabelohorizonte.com.br\/guia\/","name":"Guia Comercial de Belo Horizonte MG","description":"ENCONTRA BELO HORIZONTE - O guia comercial de neg\u00f3cios e empresas, cultura e divers\u00e3o na cidade de Belo Horizonte. Feito 100% para voc\u00ea morador!","potentialAction":[{"@type":"SearchAction","target":{"@type":"EntryPoint","urlTemplate":"https:\/\/www.encontrabelohorizonte.com.br\/guia\/?s={search_term_string}"},"query-input":{"@type":"PropertyValueSpecification","valueRequired":true,"valueName":"search_term_string"}}],"inLanguage":"pt-BR"},{"@type":"Person","@id":"https:\/\/www.encontrabelohorizonte.com.br\/guia\/#\/schema\/person\/6b792069f07fee9a700a7caa85fb85a9","name":"Encontra Belo Horizonte","image":{"@type":"ImageObject","inLanguage":"pt-BR","@id":"https:\/\/secure.gravatar.com\/avatar\/c50c17820bcf322f0a8fd6b110b8c0918141409dc69076470f6fca5fee70a5d4?s=96&d=mm&r=g","url":"https:\/\/secure.gravatar.com\/avatar\/c50c17820bcf322f0a8fd6b110b8c0918141409dc69076470f6fca5fee70a5d4?s=96&d=mm&r=g","contentUrl":"https:\/\/secure.gravatar.com\/avatar\/c50c17820bcf322f0a8fd6b110b8c0918141409dc69076470f6fca5fee70a5d4?s=96&d=mm&r=g","caption":"Encontra Belo Horizonte"},"url":"https:\/\/www.encontrabelohorizonte.com.br\/guia\/author\/encontrabelohorizonte\/"}]}},"_links":{"self":[{"href":"https:\/\/www.encontrabelohorizonte.com.br\/guia\/wp-json\/wp\/v2\/posts\/14426","targetHints":{"allow":["GET"]}}],"collection":[{"href":"https:\/\/www.encontrabelohorizonte.com.br\/guia\/wp-json\/wp\/v2\/posts"}],"about":[{"href":"https:\/\/www.encontrabelohorizonte.com.br\/guia\/wp-json\/wp\/v2\/types\/post"}],"author":[{"embeddable":true,"href":"https:\/\/www.encontrabelohorizonte.com.br\/guia\/wp-json\/wp\/v2\/users\/1"}],"replies":[{"embeddable":true,"href":"https:\/\/www.encontrabelohorizonte.com.br\/guia\/wp-json\/wp\/v2\/comments?post=14426"}],"version-history":[{"count":0,"href":"https:\/\/www.encontrabelohorizonte.com.br\/guia\/wp-json\/wp\/v2\/posts\/14426\/revisions"}],"wp:attachment":[{"href":"https:\/\/www.encontrabelohorizonte.com.br\/guia\/wp-json\/wp\/v2\/media?parent=14426"}],"wp:term":[{"taxonomy":"category","embeddable":true,"href":"https:\/\/www.encontrabelohorizonte.com.br\/guia\/wp-json\/wp\/v2\/categories?post=14426"},{"taxonomy":"post_tag","embeddable":true,"href":"https:\/\/www.encontrabelohorizonte.com.br\/guia\/wp-json\/wp\/v2\/tags?post=14426"}],"curies":[{"name":"wp","href":"https:\/\/api.w.org\/{rel}","templated":true}]}}