{"id":14428,"date":"2026-03-24T06:03:22","date_gmt":"2026-03-24T09:03:22","guid":{"rendered":"https:\/\/www.encontrabelohorizonte.com.br\/guia\/verticalizacao-do-centro-de-bh-proposta-pela-pbh-pode-gerar-risco-de-expulsao-de-moradores\/"},"modified":"2026-03-24T06:03:22","modified_gmt":"2026-03-24T09:03:22","slug":"verticalizacao-do-centro-de-bh-proposta-pela-pbh-pode-gerar-risco-de-expulsao-de-moradores","status":"publish","type":"post","link":"https:\/\/www.encontrabelohorizonte.com.br\/guia\/verticalizacao-do-centro-de-bh-proposta-pela-pbh-pode-gerar-risco-de-expulsao-de-moradores\/","title":{"rendered":"Verticaliza\u00e7\u00e3o do centro de BH, proposta pela PBH, pode gerar risco de expuls\u00e3o de moradores"},"content":{"rendered":"<h2>Proposta de Verticaliza\u00e7\u00e3o e Seus Objetivos<\/h2>\n<p>A proposta de verticaliza\u00e7\u00e3o e adensamento da \u00e1rea central de Belo Horizonte, descrita no Projeto de Lei (PL) 574\/2025, est\u00e1 gerando intensos debates entre especialistas, organiza\u00e7\u00f5es sociais e legisladores. Este projeto introduz a Opera\u00e7\u00e3o Urbana Simplificada (OUS) Regenera\u00e7\u00e3o dos Bairros do Centro, que visa fornecer incentivos para novos empreendimentos imobili\u00e1rios com edif\u00edcios mais altos e vantagens tribut\u00e1rias para construtoras.<\/p>\n<p>O governo municipal justifica essa iniciativa como uma maneira de revitalizar a \u00e1rea central, aumentando a oferta de moradia e atraindo investimentos. No entanto, os cr\u00edticos alertam que essa estrat\u00e9gia pode resultar em aumentos nos pre\u00e7os dos im\u00f3veis, press\u00e3o do mercado imobili\u00e1rio e repercuss\u00f5es diretas nos bairros adjacentes.<\/p>\n<h2>Debate entre Especialistas e Movimentos Sociais<\/h2>\n<p>Dentre as \u00e1reas que podem ser mais afetadas por essas mudan\u00e7as, destacam-se Lagoinha, Floresta, Conc\u00f3rdia, Carlos Prates e Bonfim, que fazem parte ou est\u00e3o completamente dentro da \u00e1rea de abrang\u00eancia da nova opera\u00e7\u00e3o.<\/p>\n<p><img decoding=\"async\" src=\"https:\/\/www.encontrabelohorizonte.com.br\/guia\/wp-content\/uploads\/2026\/03\/verticalizacao-do-centro-de-bh-proposta-pela-pbh-pode-gerar-risco-de-expulsao-de-moradores.webp\" alt=\"verticaliza\u00e7\u00e3o\" loading=\"lazy\" \/><\/p>\n<p>Movimentos sociais que acompanham essa discuss\u00e3o expressam preocupa\u00e7\u00f5es, especialmente sobre como a valoriza\u00e7\u00e3o imobili\u00e1ria poder\u00e1 impactar os moradores de baixa renda. Edneia de Souza, uma l\u00edder do Movimento Nacional de Luta Pela Moradia (MNLM), afirma que o aumento no custo da terra e dos alugu\u00e9is pode inviabilizar a perman\u00eancia de antigos moradores nas comunidades afetadas.<\/p>\n<h2>Consequ\u00eancias na Moradia de Baixa Renda<\/h2>\n<p>Com a ascens\u00e3o dos pre\u00e7os de alugu\u00e9is em \u00e1reas que j\u00e1 enfrentam desafios econ\u00f4micos, como algumas favelas onde os valores podem chegar a R$ 1.000 ou R$ 1.200, a preocupa\u00e7\u00e3o com a acessibilidade \u00e0 habita\u00e7\u00e3o torna-se premente. Para Souza, o projeto pode agravar o fen\u00f4meno da gentrifica\u00e7\u00e3o, onde a urbaniza\u00e7\u00e3o e a valoriza\u00e7\u00e3o do espa\u00e7o urbano substancialmente alteram o perfil demogr\u00e1fico, substituindo residentes de baixa renda por aqueles com maior poder aquisitivo.<\/p>\n<h2>O Fen\u00f4meno da Gentrifica\u00e7\u00e3o em BH<\/h2>\n<p>Al\u00e9m da gentrifica\u00e7\u00e3o, outros impactos significativos s\u00e3o previstos, como a poss\u00edvel remo\u00e7\u00e3o de comunidades tradicionais e locais de relev\u00e2ncia cultural. Por exemplo, no bairro Conc\u00f3rdia, as lideran\u00e7as locais sublinham a import\u00e2ncia hist\u00f3rica de terreiros e comunidades associadas a religi\u00f5es africanas, que podem ser amea\u00e7adas pela chegada de grandes projetos imobili\u00e1rios.<\/p>\n<h2>Impactos na Infraestrutura Urbana<\/h2>\n<p>No que diz respeito \u00e0 infraestrutura, a vereadora Luiza Dulci (PT) aponta que areas adjacentes ao centro possuem caracter\u00edsticas urbanas distintas e podem n\u00e3o estar preparadas para abrigar um grande aumento populacional. As ruas mais estreitas, a falta de transporte p\u00fablico adequado e a car\u00eancia de equipamentos urbanos podem resultar em sobrecargas que comprometem servi\u00e7os de \u00e1gua e esgoto, assim como a capacidade de escolas e unidades de sa\u00fade.<\/p>\n<h2>Risco para Comunidades Tradicionais<\/h2>\n<p>Al\u00e9m disso, as considera\u00e7\u00f5es feitas na proposta pela Prefeitura de Belo Horizonte s\u00e3o vistas como descaso para as limita\u00e7\u00f5es de adensamento que o Plano Diretor da cidade estabelece, baseado nas capacidades de suporte espec\u00edficas de cada regi\u00e3o. Dulci critica tamb\u00e9m a inclus\u00e3o de benef\u00edcios fiscais para o setor imobili\u00e1rio, visto que podem levar \u00e0 diminui\u00e7\u00e3o de investimentos p\u00fablicos nas \u00e1reas de habita\u00e7\u00e3o e infraestrutura.<\/p>\n<h2>A Valoriza\u00e7\u00e3o Imobili\u00e1ria e a Popula\u00e7\u00e3o<\/h2>\n<p>H\u00e1 uma preocupa\u00e7\u00e3o latente sobre como a valoriza\u00e7\u00e3o imobili\u00e1ria pode for\u00e7ar a popula\u00e7\u00e3o de baixa renda a buscar moradia em \u00e1reas mais afastadas, uma realidade que o projeto desencadeia, mesmo que sua justificativa vise um aumento no valor da terra.<\/p>\n<h2>Cr\u00edticas ao Projeto de Lei 574\/2025<\/h2>\n<p>Especialistas em urbanismo tamb\u00e9m levantam questionamentos relevantes sobre a falta de estudos que embasem as mudan\u00e7as propostas. O professor Daniel Medeiros de Freitas, da Escola de Arquitetura da UFMG, afirma que a verticaliza\u00e7\u00e3o pode ter impactos vari\u00e1veis dependendo da capacidade dos respectivos bairros em absorver novas edifica\u00e7\u00f5es.<\/p>\n<h2>Perspectivas de A\u00e7\u00e3o e Pol\u00edtica Urbana<\/h2>\n<p>A aus\u00eancia de um plano urban\u00edstico detalhado, que envolva estudos de impacto e a participa\u00e7\u00e3o direta de equipes t\u00e9cnicas e da sociedade civil, \u00e9 um ponto de severa cr\u00edtica ao PL 574\/2025. A proposta veio \u00e0 tona sem as evid\u00eancias necess\u00e1rias para fundamentar sua efetividade.<\/p>\n<h2>Caminhos para uma Interven\u00e7\u00e3o Inclusiva<\/h2>\n<p>\u00c0 medida que o debate continua na C\u00e2mara Municipal, especialistas e movimentos sociais est\u00e3o se mobilizando para gerar discuss\u00f5es abertas sobre os desdobramentos da proposta. As emendas sugeridas visam assegurar que haja cotas m\u00ednimas de moradias de interesse social nos novos projetos e que sejam exigidas contrapartidas que favore\u00e7am a infraestrutura urbana sem resultar na evacua\u00e7\u00e3o de comunidades. Luiza Dulci afirma que toda interven\u00e7\u00e3o deveria seguir o princ\u00edpio de melhorar a situa\u00e7\u00e3o das \u00e1reas afetadas, preservando a dignidade dos moradores atuais.<\/p>\n<p>\u00c9 evidente que este projeto de lei trar\u00e1 consequ\u00eancias significativas para a paisagem urbana e para a popula\u00e7\u00e3o da regi\u00e3o central de Belo Horizonte. O equil\u00edbrio entre desenvolvimento e preserva\u00e7\u00e3o social \u00e9 crucial para garantir um futuro inclusivo para todos os habitantes da cidade.<\/p>\n","protected":false},"excerpt":{"rendered":"<p>Verticaliza\u00e7\u00e3o em Belo Horizonte pode causar riscos \u00e0 moradia popular.<\/p>\n","protected":false},"author":1,"featured_media":14427,"comment_status":"open","ping_status":"open","sticky":false,"template":"","format":"standard","meta":{"footnotes":""},"categories":[5],"tags":[],"class_list":["post-14428","post","type-post","status-publish","format-standard","has-post-thumbnail","hentry","category-noticias","has_thumb"],"yoast_head":"<!-- This site is optimized with the Yoast SEO plugin v28.2 - https:\/\/yoast.com\/product\/yoast-seo-wordpress\/ -->\n<title>Verticaliza\u00e7\u00e3o do centro de BH, proposta pela PBH, pode gerar risco de expuls\u00e3o de moradores | Guia Comercial de Belo Horizonte MG<\/title>\n<meta name=\"robots\" content=\"index, follow, max-snippet:-1, max-image-preview:large, max-video-preview:-1\" \/>\n<link rel=\"canonical\" href=\"https:\/\/www.encontrabelohorizonte.com.br\/guia\/verticalizacao-do-centro-de-bh-proposta-pela-pbh-pode-gerar-risco-de-expulsao-de-moradores\/\" \/>\n<meta property=\"og:locale\" content=\"pt_BR\" \/>\n<meta property=\"og:type\" content=\"article\" \/>\n<meta property=\"og:title\" content=\"Verticaliza\u00e7\u00e3o do centro de BH, proposta pela PBH, pode gerar risco de expuls\u00e3o de moradores | Guia Comercial de Belo Horizonte MG\" \/>\n<meta property=\"og:description\" content=\"Verticaliza\u00e7\u00e3o em Belo Horizonte pode causar riscos \u00e0 moradia popular.\" \/>\n<meta property=\"og:url\" content=\"https:\/\/www.encontrabelohorizonte.com.br\/guia\/verticalizacao-do-centro-de-bh-proposta-pela-pbh-pode-gerar-risco-de-expulsao-de-moradores\/\" \/>\n<meta property=\"og:site_name\" content=\"Guia Comercial de Belo Horizonte MG\" \/>\n<meta property=\"article:published_time\" content=\"2026-03-24T09:03:22+00:00\" \/>\n<meta property=\"og:image\" content=\"https:\/\/www.encontrabelohorizonte.com.br\/guia\/wp-content\/uploads\/2026\/03\/verticalizacao-do-centro-de-bh-proposta-pela-pbh-pode-gerar-risco-de-expulsao-de-moradores.webp\" \/>\n\t<meta property=\"og:image:width\" content=\"280\" \/>\n\t<meta property=\"og:image:height\" content=\"280\" \/>\n\t<meta property=\"og:image:type\" content=\"image\/webp\" \/>\n<meta name=\"author\" content=\"Encontra Belo Horizonte\" \/>\n<meta name=\"twitter:card\" content=\"summary_large_image\" \/>\n<meta name=\"twitter:label1\" content=\"Escrito por\" \/>\n\t<meta name=\"twitter:data1\" content=\"Encontra Belo Horizonte\" \/>\n\t<meta name=\"twitter:label2\" content=\"Est. tempo de leitura\" \/>\n\t<meta name=\"twitter:data2\" content=\"4 minutos\" \/>\n<script type=\"application\/ld+json\" class=\"yoast-schema-graph\">{\"@context\":\"https:\\\/\\\/schema.org\",\"@graph\":[{\"@type\":\"Article\",\"@id\":\"https:\\\/\\\/www.encontrabelohorizonte.com.br\\\/guia\\\/verticalizacao-do-centro-de-bh-proposta-pela-pbh-pode-gerar-risco-de-expulsao-de-moradores\\\/#article\",\"isPartOf\":{\"@id\":\"https:\\\/\\\/www.encontrabelohorizonte.com.br\\\/guia\\\/verticalizacao-do-centro-de-bh-proposta-pela-pbh-pode-gerar-risco-de-expulsao-de-moradores\\\/\"},\"author\":{\"name\":\"Encontra Belo Horizonte\",\"@id\":\"https:\\\/\\\/www.encontrabelohorizonte.com.br\\\/guia\\\/#\\\/schema\\\/person\\\/6b792069f07fee9a700a7caa85fb85a9\"},\"headline\":\"Verticaliza\u00e7\u00e3o do centro de BH, proposta pela PBH, pode gerar risco de expuls\u00e3o de moradores\",\"datePublished\":\"2026-03-24T09:03:22+00:00\",\"mainEntityOfPage\":{\"@id\":\"https:\\\/\\\/www.encontrabelohorizonte.com.br\\\/guia\\\/verticalizacao-do-centro-de-bh-proposta-pela-pbh-pode-gerar-risco-de-expulsao-de-moradores\\\/\"},\"wordCount\":878,\"commentCount\":0,\"image\":{\"@id\":\"https:\\\/\\\/www.encontrabelohorizonte.com.br\\\/guia\\\/verticalizacao-do-centro-de-bh-proposta-pela-pbh-pode-gerar-risco-de-expulsao-de-moradores\\\/#primaryimage\"},\"thumbnailUrl\":\"https:\\\/\\\/www.encontrabelohorizonte.com.br\\\/guia\\\/wp-content\\\/uploads\\\/2026\\\/03\\\/verticalizacao-do-centro-de-bh-proposta-pela-pbh-pode-gerar-risco-de-expulsao-de-moradores.webp\",\"articleSection\":[\"Not\u00edcias Belo Horizonte\"],\"inLanguage\":\"pt-BR\",\"potentialAction\":[{\"@type\":\"CommentAction\",\"name\":\"Comment\",\"target\":[\"https:\\\/\\\/www.encontrabelohorizonte.com.br\\\/guia\\\/verticalizacao-do-centro-de-bh-proposta-pela-pbh-pode-gerar-risco-de-expulsao-de-moradores\\\/#respond\"]}]},{\"@type\":\"WebPage\",\"@id\":\"https:\\\/\\\/www.encontrabelohorizonte.com.br\\\/guia\\\/verticalizacao-do-centro-de-bh-proposta-pela-pbh-pode-gerar-risco-de-expulsao-de-moradores\\\/\",\"url\":\"https:\\\/\\\/www.encontrabelohorizonte.com.br\\\/guia\\\/verticalizacao-do-centro-de-bh-proposta-pela-pbh-pode-gerar-risco-de-expulsao-de-moradores\\\/\",\"name\":\"Verticaliza\u00e7\u00e3o do centro de BH, proposta pela PBH, pode gerar risco de expuls\u00e3o de moradores | Guia Comercial de Belo Horizonte MG\",\"isPartOf\":{\"@id\":\"https:\\\/\\\/www.encontrabelohorizonte.com.br\\\/guia\\\/#website\"},\"primaryImageOfPage\":{\"@id\":\"https:\\\/\\\/www.encontrabelohorizonte.com.br\\\/guia\\\/verticalizacao-do-centro-de-bh-proposta-pela-pbh-pode-gerar-risco-de-expulsao-de-moradores\\\/#primaryimage\"},\"image\":{\"@id\":\"https:\\\/\\\/www.encontrabelohorizonte.com.br\\\/guia\\\/verticalizacao-do-centro-de-bh-proposta-pela-pbh-pode-gerar-risco-de-expulsao-de-moradores\\\/#primaryimage\"},\"thumbnailUrl\":\"https:\\\/\\\/www.encontrabelohorizonte.com.br\\\/guia\\\/wp-content\\\/uploads\\\/2026\\\/03\\\/verticalizacao-do-centro-de-bh-proposta-pela-pbh-pode-gerar-risco-de-expulsao-de-moradores.webp\",\"datePublished\":\"2026-03-24T09:03:22+00:00\",\"author\":{\"@id\":\"https:\\\/\\\/www.encontrabelohorizonte.com.br\\\/guia\\\/#\\\/schema\\\/person\\\/6b792069f07fee9a700a7caa85fb85a9\"},\"inLanguage\":\"pt-BR\",\"potentialAction\":[{\"@type\":\"ReadAction\",\"target\":[\"https:\\\/\\\/www.encontrabelohorizonte.com.br\\\/guia\\\/verticalizacao-do-centro-de-bh-proposta-pela-pbh-pode-gerar-risco-de-expulsao-de-moradores\\\/\"]}]},{\"@type\":\"ImageObject\",\"inLanguage\":\"pt-BR\",\"@id\":\"https:\\\/\\\/www.encontrabelohorizonte.com.br\\\/guia\\\/verticalizacao-do-centro-de-bh-proposta-pela-pbh-pode-gerar-risco-de-expulsao-de-moradores\\\/#primaryimage\",\"url\":\"https:\\\/\\\/www.encontrabelohorizonte.com.br\\\/guia\\\/wp-content\\\/uploads\\\/2026\\\/03\\\/verticalizacao-do-centro-de-bh-proposta-pela-pbh-pode-gerar-risco-de-expulsao-de-moradores.webp\",\"contentUrl\":\"https:\\\/\\\/www.encontrabelohorizonte.com.br\\\/guia\\\/wp-content\\\/uploads\\\/2026\\\/03\\\/verticalizacao-do-centro-de-bh-proposta-pela-pbh-pode-gerar-risco-de-expulsao-de-moradores.webp\",\"width\":280,\"height\":280,\"caption\":\"verticaliza\u00e7\u00e3o\"},{\"@type\":\"WebSite\",\"@id\":\"https:\\\/\\\/www.encontrabelohorizonte.com.br\\\/guia\\\/#website\",\"url\":\"https:\\\/\\\/www.encontrabelohorizonte.com.br\\\/guia\\\/\",\"name\":\"Guia Comercial de Belo Horizonte MG\",\"description\":\"ENCONTRA BELO HORIZONTE - O guia comercial de neg\u00f3cios e empresas, cultura e divers\u00e3o na cidade de Belo Horizonte. Feito 100% para voc\u00ea morador!\",\"potentialAction\":[{\"@type\":\"SearchAction\",\"target\":{\"@type\":\"EntryPoint\",\"urlTemplate\":\"https:\\\/\\\/www.encontrabelohorizonte.com.br\\\/guia\\\/?s={search_term_string}\"},\"query-input\":{\"@type\":\"PropertyValueSpecification\",\"valueRequired\":true,\"valueName\":\"search_term_string\"}}],\"inLanguage\":\"pt-BR\"},{\"@type\":\"Person\",\"@id\":\"https:\\\/\\\/www.encontrabelohorizonte.com.br\\\/guia\\\/#\\\/schema\\\/person\\\/6b792069f07fee9a700a7caa85fb85a9\",\"name\":\"Encontra Belo Horizonte\",\"image\":{\"@type\":\"ImageObject\",\"inLanguage\":\"pt-BR\",\"@id\":\"https:\\\/\\\/secure.gravatar.com\\\/avatar\\\/c50c17820bcf322f0a8fd6b110b8c0918141409dc69076470f6fca5fee70a5d4?s=96&d=mm&r=g\",\"url\":\"https:\\\/\\\/secure.gravatar.com\\\/avatar\\\/c50c17820bcf322f0a8fd6b110b8c0918141409dc69076470f6fca5fee70a5d4?s=96&d=mm&r=g\",\"contentUrl\":\"https:\\\/\\\/secure.gravatar.com\\\/avatar\\\/c50c17820bcf322f0a8fd6b110b8c0918141409dc69076470f6fca5fee70a5d4?s=96&d=mm&r=g\",\"caption\":\"Encontra Belo Horizonte\"},\"url\":\"https:\\\/\\\/www.encontrabelohorizonte.com.br\\\/guia\\\/author\\\/encontrabelohorizonte\\\/\"}]}<\/script>\n<!-- \/ Yoast SEO plugin. -->","yoast_head_json":{"title":"Verticaliza\u00e7\u00e3o do centro de BH, proposta pela PBH, pode gerar risco de expuls\u00e3o de moradores | Guia Comercial de Belo Horizonte MG","robots":{"index":"index","follow":"follow","max-snippet":"max-snippet:-1","max-image-preview":"max-image-preview:large","max-video-preview":"max-video-preview:-1"},"canonical":"https:\/\/www.encontrabelohorizonte.com.br\/guia\/verticalizacao-do-centro-de-bh-proposta-pela-pbh-pode-gerar-risco-de-expulsao-de-moradores\/","og_locale":"pt_BR","og_type":"article","og_title":"Verticaliza\u00e7\u00e3o do centro de BH, proposta pela PBH, pode gerar risco de expuls\u00e3o de moradores | Guia Comercial de Belo Horizonte MG","og_description":"Verticaliza\u00e7\u00e3o em Belo Horizonte pode causar riscos \u00e0 moradia popular.","og_url":"https:\/\/www.encontrabelohorizonte.com.br\/guia\/verticalizacao-do-centro-de-bh-proposta-pela-pbh-pode-gerar-risco-de-expulsao-de-moradores\/","og_site_name":"Guia Comercial de Belo Horizonte MG","article_published_time":"2026-03-24T09:03:22+00:00","og_image":[{"width":280,"height":280,"url":"https:\/\/www.encontrabelohorizonte.com.br\/guia\/wp-content\/uploads\/2026\/03\/verticalizacao-do-centro-de-bh-proposta-pela-pbh-pode-gerar-risco-de-expulsao-de-moradores.webp","type":"image\/webp"}],"author":"Encontra Belo Horizonte","twitter_card":"summary_large_image","twitter_misc":{"Escrito por":"Encontra Belo Horizonte","Est. tempo de leitura":"4 minutos"},"schema":{"@context":"https:\/\/schema.org","@graph":[{"@type":"Article","@id":"https:\/\/www.encontrabelohorizonte.com.br\/guia\/verticalizacao-do-centro-de-bh-proposta-pela-pbh-pode-gerar-risco-de-expulsao-de-moradores\/#article","isPartOf":{"@id":"https:\/\/www.encontrabelohorizonte.com.br\/guia\/verticalizacao-do-centro-de-bh-proposta-pela-pbh-pode-gerar-risco-de-expulsao-de-moradores\/"},"author":{"name":"Encontra Belo Horizonte","@id":"https:\/\/www.encontrabelohorizonte.com.br\/guia\/#\/schema\/person\/6b792069f07fee9a700a7caa85fb85a9"},"headline":"Verticaliza\u00e7\u00e3o do centro de BH, proposta pela PBH, pode gerar risco de expuls\u00e3o de moradores","datePublished":"2026-03-24T09:03:22+00:00","mainEntityOfPage":{"@id":"https:\/\/www.encontrabelohorizonte.com.br\/guia\/verticalizacao-do-centro-de-bh-proposta-pela-pbh-pode-gerar-risco-de-expulsao-de-moradores\/"},"wordCount":878,"commentCount":0,"image":{"@id":"https:\/\/www.encontrabelohorizonte.com.br\/guia\/verticalizacao-do-centro-de-bh-proposta-pela-pbh-pode-gerar-risco-de-expulsao-de-moradores\/#primaryimage"},"thumbnailUrl":"https:\/\/www.encontrabelohorizonte.com.br\/guia\/wp-content\/uploads\/2026\/03\/verticalizacao-do-centro-de-bh-proposta-pela-pbh-pode-gerar-risco-de-expulsao-de-moradores.webp","articleSection":["Not\u00edcias Belo Horizonte"],"inLanguage":"pt-BR","potentialAction":[{"@type":"CommentAction","name":"Comment","target":["https:\/\/www.encontrabelohorizonte.com.br\/guia\/verticalizacao-do-centro-de-bh-proposta-pela-pbh-pode-gerar-risco-de-expulsao-de-moradores\/#respond"]}]},{"@type":"WebPage","@id":"https:\/\/www.encontrabelohorizonte.com.br\/guia\/verticalizacao-do-centro-de-bh-proposta-pela-pbh-pode-gerar-risco-de-expulsao-de-moradores\/","url":"https:\/\/www.encontrabelohorizonte.com.br\/guia\/verticalizacao-do-centro-de-bh-proposta-pela-pbh-pode-gerar-risco-de-expulsao-de-moradores\/","name":"Verticaliza\u00e7\u00e3o do centro de BH, proposta pela PBH, pode gerar risco de expuls\u00e3o de moradores | Guia Comercial de Belo Horizonte MG","isPartOf":{"@id":"https:\/\/www.encontrabelohorizonte.com.br\/guia\/#website"},"primaryImageOfPage":{"@id":"https:\/\/www.encontrabelohorizonte.com.br\/guia\/verticalizacao-do-centro-de-bh-proposta-pela-pbh-pode-gerar-risco-de-expulsao-de-moradores\/#primaryimage"},"image":{"@id":"https:\/\/www.encontrabelohorizonte.com.br\/guia\/verticalizacao-do-centro-de-bh-proposta-pela-pbh-pode-gerar-risco-de-expulsao-de-moradores\/#primaryimage"},"thumbnailUrl":"https:\/\/www.encontrabelohorizonte.com.br\/guia\/wp-content\/uploads\/2026\/03\/verticalizacao-do-centro-de-bh-proposta-pela-pbh-pode-gerar-risco-de-expulsao-de-moradores.webp","datePublished":"2026-03-24T09:03:22+00:00","author":{"@id":"https:\/\/www.encontrabelohorizonte.com.br\/guia\/#\/schema\/person\/6b792069f07fee9a700a7caa85fb85a9"},"inLanguage":"pt-BR","potentialAction":[{"@type":"ReadAction","target":["https:\/\/www.encontrabelohorizonte.com.br\/guia\/verticalizacao-do-centro-de-bh-proposta-pela-pbh-pode-gerar-risco-de-expulsao-de-moradores\/"]}]},{"@type":"ImageObject","inLanguage":"pt-BR","@id":"https:\/\/www.encontrabelohorizonte.com.br\/guia\/verticalizacao-do-centro-de-bh-proposta-pela-pbh-pode-gerar-risco-de-expulsao-de-moradores\/#primaryimage","url":"https:\/\/www.encontrabelohorizonte.com.br\/guia\/wp-content\/uploads\/2026\/03\/verticalizacao-do-centro-de-bh-proposta-pela-pbh-pode-gerar-risco-de-expulsao-de-moradores.webp","contentUrl":"https:\/\/www.encontrabelohorizonte.com.br\/guia\/wp-content\/uploads\/2026\/03\/verticalizacao-do-centro-de-bh-proposta-pela-pbh-pode-gerar-risco-de-expulsao-de-moradores.webp","width":280,"height":280,"caption":"verticaliza\u00e7\u00e3o"},{"@type":"WebSite","@id":"https:\/\/www.encontrabelohorizonte.com.br\/guia\/#website","url":"https:\/\/www.encontrabelohorizonte.com.br\/guia\/","name":"Guia Comercial de Belo Horizonte MG","description":"ENCONTRA BELO HORIZONTE - O guia comercial de neg\u00f3cios e empresas, cultura e divers\u00e3o na cidade de Belo Horizonte. Feito 100% para voc\u00ea morador!","potentialAction":[{"@type":"SearchAction","target":{"@type":"EntryPoint","urlTemplate":"https:\/\/www.encontrabelohorizonte.com.br\/guia\/?s={search_term_string}"},"query-input":{"@type":"PropertyValueSpecification","valueRequired":true,"valueName":"search_term_string"}}],"inLanguage":"pt-BR"},{"@type":"Person","@id":"https:\/\/www.encontrabelohorizonte.com.br\/guia\/#\/schema\/person\/6b792069f07fee9a700a7caa85fb85a9","name":"Encontra Belo Horizonte","image":{"@type":"ImageObject","inLanguage":"pt-BR","@id":"https:\/\/secure.gravatar.com\/avatar\/c50c17820bcf322f0a8fd6b110b8c0918141409dc69076470f6fca5fee70a5d4?s=96&d=mm&r=g","url":"https:\/\/secure.gravatar.com\/avatar\/c50c17820bcf322f0a8fd6b110b8c0918141409dc69076470f6fca5fee70a5d4?s=96&d=mm&r=g","contentUrl":"https:\/\/secure.gravatar.com\/avatar\/c50c17820bcf322f0a8fd6b110b8c0918141409dc69076470f6fca5fee70a5d4?s=96&d=mm&r=g","caption":"Encontra Belo Horizonte"},"url":"https:\/\/www.encontrabelohorizonte.com.br\/guia\/author\/encontrabelohorizonte\/"}]}},"_links":{"self":[{"href":"https:\/\/www.encontrabelohorizonte.com.br\/guia\/wp-json\/wp\/v2\/posts\/14428","targetHints":{"allow":["GET"]}}],"collection":[{"href":"https:\/\/www.encontrabelohorizonte.com.br\/guia\/wp-json\/wp\/v2\/posts"}],"about":[{"href":"https:\/\/www.encontrabelohorizonte.com.br\/guia\/wp-json\/wp\/v2\/types\/post"}],"author":[{"embeddable":true,"href":"https:\/\/www.encontrabelohorizonte.com.br\/guia\/wp-json\/wp\/v2\/users\/1"}],"replies":[{"embeddable":true,"href":"https:\/\/www.encontrabelohorizonte.com.br\/guia\/wp-json\/wp\/v2\/comments?post=14428"}],"version-history":[{"count":0,"href":"https:\/\/www.encontrabelohorizonte.com.br\/guia\/wp-json\/wp\/v2\/posts\/14428\/revisions"}],"wp:featuredmedia":[{"embeddable":true,"href":"https:\/\/www.encontrabelohorizonte.com.br\/guia\/wp-json\/wp\/v2\/media\/14427"}],"wp:attachment":[{"href":"https:\/\/www.encontrabelohorizonte.com.br\/guia\/wp-json\/wp\/v2\/media?parent=14428"}],"wp:term":[{"taxonomy":"category","embeddable":true,"href":"https:\/\/www.encontrabelohorizonte.com.br\/guia\/wp-json\/wp\/v2\/categories?post=14428"},{"taxonomy":"post_tag","embeddable":true,"href":"https:\/\/www.encontrabelohorizonte.com.br\/guia\/wp-json\/wp\/v2\/tags?post=14428"}],"curies":[{"name":"wp","href":"https:\/\/api.w.org\/{rel}","templated":true}]}}