{"id":14442,"date":"2026-03-27T06:04:02","date_gmt":"2026-03-27T09:04:02","guid":{"rendered":"https:\/\/www.encontrabelohorizonte.com.br\/guia\/bh-deixa-de-ser-a-capital-de-mg-ate-o-fim-de-semana-entenda\/"},"modified":"2026-03-27T06:04:02","modified_gmt":"2026-03-27T09:04:02","slug":"bh-deixa-de-ser-a-capital-de-mg-ate-o-fim-de-semana-entenda","status":"publish","type":"post","link":"https:\/\/www.encontrabelohorizonte.com.br\/guia\/bh-deixa-de-ser-a-capital-de-mg-ate-o-fim-de-semana-entenda\/","title":{"rendered":"BH &#8216;deixa&#8217; de ser a capital de MG at\u00e9 o fim de semana; entenda"},"content":{"rendered":"<h2>O decreto e suas implica\u00e7\u00f5es<\/h2>\n<p>No \u00faltimo dia 26 de mar\u00e7o de 2026, o governador Mateus Sim\u00f5es (PSD) publicou um decreto que institui, de maneira simb\u00f3lica, a transfer\u00eancia da capital de Minas Gerais de Belo Horizonte para Uberl\u00e2ndia. A efic\u00e1cia dessa mudan\u00e7a se prolonga at\u00e9 o dia 28 de mar\u00e7o, um per\u00edodo em que a cidade do Tri\u00e2ngulo Mineiro assume o t\u00edtulo de &#8220;primeira capital transit\u00f3ria do estado&#8221;. A motiva\u00e7\u00e3o do governador \u00e9 estreitar os la\u00e7os com o interior do estado e engajar a popula\u00e7\u00e3o local em iniciativas governamentais.<\/p>\n<h2>Raz\u00f5es para a escolha de Uberl\u00e2ndia<\/h2>\n<p>Uberl\u00e2ndia foi selecionada como capital transit\u00f3ria por ser considerada um exemplo not\u00e1vel de desenvolvimento nas \u00faltimas d\u00e9cadas. O governador destacou as inova\u00e7\u00f5es e o crescimento da cidade, fazendo dela um modelo para outras localidades mineiras. Al\u00e9m disso, neste per\u00edodo, coincidir\u00e1 com a realiza\u00e7\u00e3o da Femec, uma feira voltada para o agroneg\u00f3cio, promovendo uma maior intera\u00e7\u00e3o entre o governo e a popula\u00e7\u00e3o.<\/p>\n<h2>O que significa uma capital transit\u00f3ria?<\/h2>\n<p>A ideia de uma capital transit\u00f3ria \u00e9, antes de tudo, simb\u00f3lica, representando um esfor\u00e7o do governo em decentralizar a administra\u00e7\u00e3o e promover um maior envolvimento das diversas regi\u00f5es de Minas Gerais. Essa estrat\u00e9gia visa n\u00e3o apenas a diversidade de representatividade, mas tamb\u00e9m a valoriza\u00e7\u00e3o de cidades que frequentemente passam despercebidas no cen\u00e1rio pol\u00edtico e econ\u00f4mico.<\/p>\n<p><img decoding=\"async\" src=\"https:\/\/www.encontrabelohorizonte.com.br\/guia\/wp-content\/uploads\/2026\/03\/bh-deixa-de-ser-a-capital-de-mg-ate-o-fim-de-semana-entenda.webp\" alt=\"BH deixa de ser a capital de MG\" loading=\"lazy\" \/><\/p>\n<h2>Efeitos da mudan\u00e7a na pol\u00edtica local<\/h2>\n<p>Essa mudan\u00e7a tempor\u00e1ria de capital pode ter implica\u00e7\u00f5es significativas nas din\u00e2micas pol\u00edticas locais. Al\u00e9m de ajudar a destacar a import\u00e2ncia de cidades menores, a transfer\u00eancia do poder pode facilitar a implementa\u00e7\u00e3o de pol\u00edticas mais ajustadas \u00e0s realidades regionais, levando em conta as especificidades e necessidades de cada localidade.<\/p>\n<h2>A agenda do programa Governo Presente<\/h2>\n<p>Durante os tr\u00eas dias em que Uberl\u00e2ndia ser\u00e1 a capital simb\u00f3lica, o governo planeja realizar uma s\u00e9rie de atividades no \u00e2mbito do programa &#8220;Governo Presente&#8221;. Os cidad\u00e3os poder\u00e3o participar de uma feira de servi\u00e7os que incluir\u00e1 a emiss\u00e3o de documentos como carteiras de identidade, atendimentos m\u00e9dicos e sociais, al\u00e9m de apresentar melhorias na \u00e1rea de seguran\u00e7a p\u00fablica, como a entrega de equipamentos modernos para as for\u00e7as de seguran\u00e7a.<\/p>\n<h2>Rea\u00e7\u00f5es da popula\u00e7\u00e3o mineira<\/h2>\n<p>A mudan\u00e7a tem gerado opini\u00f5es divergentes entre a popula\u00e7\u00e3o mineira. Muitos expressam entusiasmo com a aten\u00e7\u00e3o dada a Uberl\u00e2ndia e o interior do estado, enquanto outros veem a mudan\u00e7a como uma a\u00e7\u00e3o meramente simb\u00f3lica sem efeitos pr\u00e1ticos relevantes. Contudo, essa iniciativa tem o potencial de despertar um senso de pertencimento e participa\u00e7\u00e3o entre os cidad\u00e3os.<\/p>\n<h2>Seguran\u00e7a e servi\u00e7os durante a transi\u00e7\u00e3o<\/h2>\n<p>O governo estadual se comprometeu a melhorar a seguran\u00e7a p\u00fablica durante esse per\u00edodo de capitalidade transit\u00f3ria. Isso incluir\u00e1 a distribui\u00e7\u00e3o de bloqueadores de sinal para pres\u00eddios e a entrega de armamentos modernos para a pol\u00edcia. Essas iniciativas visam refor\u00e7ar a seguran\u00e7a e demonstrar o comprometimento do governo em atender \u00e0s demandas locais.<\/p>\n<h2>Benef\u00edcios para o interior de Minas Gerais<\/h2>\n<p>A escolha de Uberl\u00e2ndia como capital transit\u00f3ria oferece benef\u00edcios diretos ao interior de Minas Gerais. Essa medida pode resultar em um maior investimento na infraestrutura regional, al\u00e9m de trabalhar a vis\u00e3o de que todas as regi\u00f5es t\u00eam import\u00e2ncia no desenvolvimento do estado. Ao promover a\u00e7\u00f5es no interior, o governo busca incentivar um crescimento mais equilibrado entre as cidades.<\/p>\n<h2>Expectativas para eventos futuros<\/h2>\n<p>Com a realiza\u00e7\u00e3o de eventos significativos como a Femec em Uberl\u00e2ndia, as expectativas s\u00e3o altas de que esse formato de capitalidade possa ser adotado em outras ocasi\u00f5es, encorajando um engajamento cont\u00ednuo da popula\u00e7\u00e3o e transformando a maneira como o governo atua nas diferentes regi\u00f5es do estado. Espera-se que essa abordagem mude a percep\u00e7\u00e3o sobre o papel das capitais tradicionais e a import\u00e2ncia das cidades menores.<\/p>\n<h2>O que isso representa para Belo Horizonte?<\/h2>\n<p>Para Belo Horizonte, essa mudan\u00e7a simb\u00f3lica representa um convite \u00e0 reflex\u00e3o sobre a sua posi\u00e7\u00e3o dentro de Minas Gerais. Enquanto a capital tradicional mant\u00e9m sua relev\u00e2ncia, a transfer\u00eancia tempor\u00e1ria do t\u00edtulo ressalta a diversidade e o potencial de outras cidades no estado. A iniciativa pode servir de alicerce para discuss\u00f5es futuras sobre a moderniza\u00e7\u00e3o da gest\u00e3o e a valoriza\u00e7\u00e3o das diferentes regi\u00f5es de Minas Gerais.<\/p>\n","protected":false},"excerpt":{"rendered":"<p>BH n\u00e3o \u00e9 mais a capital de MG; entenda as raz\u00f5es e implica\u00e7\u00f5es dessa decis\u00e3o.<\/p>\n","protected":false},"author":1,"featured_media":14441,"comment_status":"open","ping_status":"open","sticky":false,"template":"","format":"standard","meta":{"footnotes":""},"categories":[5],"tags":[],"class_list":["post-14442","post","type-post","status-publish","format-standard","has-post-thumbnail","hentry","category-noticias","has_thumb"],"yoast_head":"<!-- This site is optimized with the Yoast SEO plugin v28.2 - https:\/\/yoast.com\/product\/yoast-seo-wordpress\/ -->\n<title>BH &#039;deixa&#039; de ser a capital de MG at\u00e9 o fim de semana; entenda | Guia Comercial de Belo Horizonte MG<\/title>\n<meta name=\"robots\" content=\"index, follow, max-snippet:-1, max-image-preview:large, max-video-preview:-1\" \/>\n<link rel=\"canonical\" href=\"https:\/\/www.encontrabelohorizonte.com.br\/guia\/bh-deixa-de-ser-a-capital-de-mg-ate-o-fim-de-semana-entenda\/\" \/>\n<meta property=\"og:locale\" content=\"pt_BR\" \/>\n<meta property=\"og:type\" content=\"article\" \/>\n<meta property=\"og:title\" content=\"BH &#039;deixa&#039; de ser a capital de MG at\u00e9 o fim de semana; entenda | Guia Comercial de Belo Horizonte MG\" \/>\n<meta property=\"og:description\" content=\"BH n\u00e3o \u00e9 mais a capital de MG; entenda as raz\u00f5es e implica\u00e7\u00f5es dessa decis\u00e3o.\" \/>\n<meta property=\"og:url\" content=\"https:\/\/www.encontrabelohorizonte.com.br\/guia\/bh-deixa-de-ser-a-capital-de-mg-ate-o-fim-de-semana-entenda\/\" \/>\n<meta property=\"og:site_name\" content=\"Guia Comercial de Belo Horizonte MG\" \/>\n<meta property=\"article:published_time\" content=\"2026-03-27T09:04:02+00:00\" \/>\n<meta property=\"og:image\" content=\"https:\/\/www.encontrabelohorizonte.com.br\/guia\/wp-content\/uploads\/2026\/03\/bh-deixa-de-ser-a-capital-de-mg-ate-o-fim-de-semana-entenda.webp\" \/>\n\t<meta property=\"og:image:width\" content=\"280\" \/>\n\t<meta property=\"og:image:height\" content=\"280\" \/>\n\t<meta property=\"og:image:type\" content=\"image\/webp\" \/>\n<meta name=\"author\" content=\"Encontra Belo Horizonte\" \/>\n<meta name=\"twitter:card\" content=\"summary_large_image\" \/>\n<meta name=\"twitter:label1\" content=\"Escrito por\" \/>\n\t<meta name=\"twitter:data1\" content=\"Encontra Belo Horizonte\" \/>\n\t<meta name=\"twitter:label2\" content=\"Est. tempo de leitura\" \/>\n\t<meta name=\"twitter:data2\" content=\"4 minutos\" \/>\n<script type=\"application\/ld+json\" class=\"yoast-schema-graph\">{\"@context\":\"https:\\\/\\\/schema.org\",\"@graph\":[{\"@type\":\"Article\",\"@id\":\"https:\\\/\\\/www.encontrabelohorizonte.com.br\\\/guia\\\/bh-deixa-de-ser-a-capital-de-mg-ate-o-fim-de-semana-entenda\\\/#article\",\"isPartOf\":{\"@id\":\"https:\\\/\\\/www.encontrabelohorizonte.com.br\\\/guia\\\/bh-deixa-de-ser-a-capital-de-mg-ate-o-fim-de-semana-entenda\\\/\"},\"author\":{\"name\":\"Encontra Belo Horizonte\",\"@id\":\"https:\\\/\\\/www.encontrabelohorizonte.com.br\\\/guia\\\/#\\\/schema\\\/person\\\/6b792069f07fee9a700a7caa85fb85a9\"},\"headline\":\"BH &#8216;deixa&#8217; de ser a capital de MG at\u00e9 o fim de semana; entenda\",\"datePublished\":\"2026-03-27T09:04:02+00:00\",\"mainEntityOfPage\":{\"@id\":\"https:\\\/\\\/www.encontrabelohorizonte.com.br\\\/guia\\\/bh-deixa-de-ser-a-capital-de-mg-ate-o-fim-de-semana-entenda\\\/\"},\"wordCount\":802,\"commentCount\":0,\"image\":{\"@id\":\"https:\\\/\\\/www.encontrabelohorizonte.com.br\\\/guia\\\/bh-deixa-de-ser-a-capital-de-mg-ate-o-fim-de-semana-entenda\\\/#primaryimage\"},\"thumbnailUrl\":\"https:\\\/\\\/www.encontrabelohorizonte.com.br\\\/guia\\\/wp-content\\\/uploads\\\/2026\\\/03\\\/bh-deixa-de-ser-a-capital-de-mg-ate-o-fim-de-semana-entenda.webp\",\"articleSection\":[\"Not\u00edcias Belo Horizonte\"],\"inLanguage\":\"pt-BR\",\"potentialAction\":[{\"@type\":\"CommentAction\",\"name\":\"Comment\",\"target\":[\"https:\\\/\\\/www.encontrabelohorizonte.com.br\\\/guia\\\/bh-deixa-de-ser-a-capital-de-mg-ate-o-fim-de-semana-entenda\\\/#respond\"]}]},{\"@type\":\"WebPage\",\"@id\":\"https:\\\/\\\/www.encontrabelohorizonte.com.br\\\/guia\\\/bh-deixa-de-ser-a-capital-de-mg-ate-o-fim-de-semana-entenda\\\/\",\"url\":\"https:\\\/\\\/www.encontrabelohorizonte.com.br\\\/guia\\\/bh-deixa-de-ser-a-capital-de-mg-ate-o-fim-de-semana-entenda\\\/\",\"name\":\"BH 'deixa' de ser a capital de MG at\u00e9 o fim de semana; entenda | Guia Comercial de Belo Horizonte MG\",\"isPartOf\":{\"@id\":\"https:\\\/\\\/www.encontrabelohorizonte.com.br\\\/guia\\\/#website\"},\"primaryImageOfPage\":{\"@id\":\"https:\\\/\\\/www.encontrabelohorizonte.com.br\\\/guia\\\/bh-deixa-de-ser-a-capital-de-mg-ate-o-fim-de-semana-entenda\\\/#primaryimage\"},\"image\":{\"@id\":\"https:\\\/\\\/www.encontrabelohorizonte.com.br\\\/guia\\\/bh-deixa-de-ser-a-capital-de-mg-ate-o-fim-de-semana-entenda\\\/#primaryimage\"},\"thumbnailUrl\":\"https:\\\/\\\/www.encontrabelohorizonte.com.br\\\/guia\\\/wp-content\\\/uploads\\\/2026\\\/03\\\/bh-deixa-de-ser-a-capital-de-mg-ate-o-fim-de-semana-entenda.webp\",\"datePublished\":\"2026-03-27T09:04:02+00:00\",\"author\":{\"@id\":\"https:\\\/\\\/www.encontrabelohorizonte.com.br\\\/guia\\\/#\\\/schema\\\/person\\\/6b792069f07fee9a700a7caa85fb85a9\"},\"inLanguage\":\"pt-BR\",\"potentialAction\":[{\"@type\":\"ReadAction\",\"target\":[\"https:\\\/\\\/www.encontrabelohorizonte.com.br\\\/guia\\\/bh-deixa-de-ser-a-capital-de-mg-ate-o-fim-de-semana-entenda\\\/\"]}]},{\"@type\":\"ImageObject\",\"inLanguage\":\"pt-BR\",\"@id\":\"https:\\\/\\\/www.encontrabelohorizonte.com.br\\\/guia\\\/bh-deixa-de-ser-a-capital-de-mg-ate-o-fim-de-semana-entenda\\\/#primaryimage\",\"url\":\"https:\\\/\\\/www.encontrabelohorizonte.com.br\\\/guia\\\/wp-content\\\/uploads\\\/2026\\\/03\\\/bh-deixa-de-ser-a-capital-de-mg-ate-o-fim-de-semana-entenda.webp\",\"contentUrl\":\"https:\\\/\\\/www.encontrabelohorizonte.com.br\\\/guia\\\/wp-content\\\/uploads\\\/2026\\\/03\\\/bh-deixa-de-ser-a-capital-de-mg-ate-o-fim-de-semana-entenda.webp\",\"width\":280,\"height\":280,\"caption\":\"BH deixa de ser a capital de MG\"},{\"@type\":\"WebSite\",\"@id\":\"https:\\\/\\\/www.encontrabelohorizonte.com.br\\\/guia\\\/#website\",\"url\":\"https:\\\/\\\/www.encontrabelohorizonte.com.br\\\/guia\\\/\",\"name\":\"Guia Comercial de Belo Horizonte MG\",\"description\":\"ENCONTRA BELO HORIZONTE - O guia comercial de neg\u00f3cios e empresas, cultura e divers\u00e3o na cidade de Belo Horizonte. Feito 100% para voc\u00ea morador!\",\"potentialAction\":[{\"@type\":\"SearchAction\",\"target\":{\"@type\":\"EntryPoint\",\"urlTemplate\":\"https:\\\/\\\/www.encontrabelohorizonte.com.br\\\/guia\\\/?s={search_term_string}\"},\"query-input\":{\"@type\":\"PropertyValueSpecification\",\"valueRequired\":true,\"valueName\":\"search_term_string\"}}],\"inLanguage\":\"pt-BR\"},{\"@type\":\"Person\",\"@id\":\"https:\\\/\\\/www.encontrabelohorizonte.com.br\\\/guia\\\/#\\\/schema\\\/person\\\/6b792069f07fee9a700a7caa85fb85a9\",\"name\":\"Encontra Belo Horizonte\",\"image\":{\"@type\":\"ImageObject\",\"inLanguage\":\"pt-BR\",\"@id\":\"https:\\\/\\\/secure.gravatar.com\\\/avatar\\\/c50c17820bcf322f0a8fd6b110b8c0918141409dc69076470f6fca5fee70a5d4?s=96&d=mm&r=g\",\"url\":\"https:\\\/\\\/secure.gravatar.com\\\/avatar\\\/c50c17820bcf322f0a8fd6b110b8c0918141409dc69076470f6fca5fee70a5d4?s=96&d=mm&r=g\",\"contentUrl\":\"https:\\\/\\\/secure.gravatar.com\\\/avatar\\\/c50c17820bcf322f0a8fd6b110b8c0918141409dc69076470f6fca5fee70a5d4?s=96&d=mm&r=g\",\"caption\":\"Encontra Belo Horizonte\"},\"url\":\"https:\\\/\\\/www.encontrabelohorizonte.com.br\\\/guia\\\/author\\\/encontrabelohorizonte\\\/\"}]}<\/script>\n<!-- \/ Yoast SEO plugin. -->","yoast_head_json":{"title":"BH 'deixa' de ser a capital de MG at\u00e9 o fim de semana; entenda | Guia Comercial de Belo Horizonte MG","robots":{"index":"index","follow":"follow","max-snippet":"max-snippet:-1","max-image-preview":"max-image-preview:large","max-video-preview":"max-video-preview:-1"},"canonical":"https:\/\/www.encontrabelohorizonte.com.br\/guia\/bh-deixa-de-ser-a-capital-de-mg-ate-o-fim-de-semana-entenda\/","og_locale":"pt_BR","og_type":"article","og_title":"BH 'deixa' de ser a capital de MG at\u00e9 o fim de semana; entenda | Guia Comercial de Belo Horizonte MG","og_description":"BH n\u00e3o \u00e9 mais a capital de MG; entenda as raz\u00f5es e implica\u00e7\u00f5es dessa decis\u00e3o.","og_url":"https:\/\/www.encontrabelohorizonte.com.br\/guia\/bh-deixa-de-ser-a-capital-de-mg-ate-o-fim-de-semana-entenda\/","og_site_name":"Guia Comercial de Belo Horizonte MG","article_published_time":"2026-03-27T09:04:02+00:00","og_image":[{"width":280,"height":280,"url":"https:\/\/www.encontrabelohorizonte.com.br\/guia\/wp-content\/uploads\/2026\/03\/bh-deixa-de-ser-a-capital-de-mg-ate-o-fim-de-semana-entenda.webp","type":"image\/webp"}],"author":"Encontra Belo Horizonte","twitter_card":"summary_large_image","twitter_misc":{"Escrito por":"Encontra Belo Horizonte","Est. tempo de leitura":"4 minutos"},"schema":{"@context":"https:\/\/schema.org","@graph":[{"@type":"Article","@id":"https:\/\/www.encontrabelohorizonte.com.br\/guia\/bh-deixa-de-ser-a-capital-de-mg-ate-o-fim-de-semana-entenda\/#article","isPartOf":{"@id":"https:\/\/www.encontrabelohorizonte.com.br\/guia\/bh-deixa-de-ser-a-capital-de-mg-ate-o-fim-de-semana-entenda\/"},"author":{"name":"Encontra Belo Horizonte","@id":"https:\/\/www.encontrabelohorizonte.com.br\/guia\/#\/schema\/person\/6b792069f07fee9a700a7caa85fb85a9"},"headline":"BH &#8216;deixa&#8217; de ser a capital de MG at\u00e9 o fim de semana; entenda","datePublished":"2026-03-27T09:04:02+00:00","mainEntityOfPage":{"@id":"https:\/\/www.encontrabelohorizonte.com.br\/guia\/bh-deixa-de-ser-a-capital-de-mg-ate-o-fim-de-semana-entenda\/"},"wordCount":802,"commentCount":0,"image":{"@id":"https:\/\/www.encontrabelohorizonte.com.br\/guia\/bh-deixa-de-ser-a-capital-de-mg-ate-o-fim-de-semana-entenda\/#primaryimage"},"thumbnailUrl":"https:\/\/www.encontrabelohorizonte.com.br\/guia\/wp-content\/uploads\/2026\/03\/bh-deixa-de-ser-a-capital-de-mg-ate-o-fim-de-semana-entenda.webp","articleSection":["Not\u00edcias Belo Horizonte"],"inLanguage":"pt-BR","potentialAction":[{"@type":"CommentAction","name":"Comment","target":["https:\/\/www.encontrabelohorizonte.com.br\/guia\/bh-deixa-de-ser-a-capital-de-mg-ate-o-fim-de-semana-entenda\/#respond"]}]},{"@type":"WebPage","@id":"https:\/\/www.encontrabelohorizonte.com.br\/guia\/bh-deixa-de-ser-a-capital-de-mg-ate-o-fim-de-semana-entenda\/","url":"https:\/\/www.encontrabelohorizonte.com.br\/guia\/bh-deixa-de-ser-a-capital-de-mg-ate-o-fim-de-semana-entenda\/","name":"BH 'deixa' de ser a capital de MG at\u00e9 o fim de semana; entenda | Guia Comercial de Belo Horizonte MG","isPartOf":{"@id":"https:\/\/www.encontrabelohorizonte.com.br\/guia\/#website"},"primaryImageOfPage":{"@id":"https:\/\/www.encontrabelohorizonte.com.br\/guia\/bh-deixa-de-ser-a-capital-de-mg-ate-o-fim-de-semana-entenda\/#primaryimage"},"image":{"@id":"https:\/\/www.encontrabelohorizonte.com.br\/guia\/bh-deixa-de-ser-a-capital-de-mg-ate-o-fim-de-semana-entenda\/#primaryimage"},"thumbnailUrl":"https:\/\/www.encontrabelohorizonte.com.br\/guia\/wp-content\/uploads\/2026\/03\/bh-deixa-de-ser-a-capital-de-mg-ate-o-fim-de-semana-entenda.webp","datePublished":"2026-03-27T09:04:02+00:00","author":{"@id":"https:\/\/www.encontrabelohorizonte.com.br\/guia\/#\/schema\/person\/6b792069f07fee9a700a7caa85fb85a9"},"inLanguage":"pt-BR","potentialAction":[{"@type":"ReadAction","target":["https:\/\/www.encontrabelohorizonte.com.br\/guia\/bh-deixa-de-ser-a-capital-de-mg-ate-o-fim-de-semana-entenda\/"]}]},{"@type":"ImageObject","inLanguage":"pt-BR","@id":"https:\/\/www.encontrabelohorizonte.com.br\/guia\/bh-deixa-de-ser-a-capital-de-mg-ate-o-fim-de-semana-entenda\/#primaryimage","url":"https:\/\/www.encontrabelohorizonte.com.br\/guia\/wp-content\/uploads\/2026\/03\/bh-deixa-de-ser-a-capital-de-mg-ate-o-fim-de-semana-entenda.webp","contentUrl":"https:\/\/www.encontrabelohorizonte.com.br\/guia\/wp-content\/uploads\/2026\/03\/bh-deixa-de-ser-a-capital-de-mg-ate-o-fim-de-semana-entenda.webp","width":280,"height":280,"caption":"BH deixa de ser a capital de MG"},{"@type":"WebSite","@id":"https:\/\/www.encontrabelohorizonte.com.br\/guia\/#website","url":"https:\/\/www.encontrabelohorizonte.com.br\/guia\/","name":"Guia Comercial de Belo Horizonte MG","description":"ENCONTRA BELO HORIZONTE - O guia comercial de neg\u00f3cios e empresas, cultura e divers\u00e3o na cidade de Belo Horizonte. Feito 100% para voc\u00ea morador!","potentialAction":[{"@type":"SearchAction","target":{"@type":"EntryPoint","urlTemplate":"https:\/\/www.encontrabelohorizonte.com.br\/guia\/?s={search_term_string}"},"query-input":{"@type":"PropertyValueSpecification","valueRequired":true,"valueName":"search_term_string"}}],"inLanguage":"pt-BR"},{"@type":"Person","@id":"https:\/\/www.encontrabelohorizonte.com.br\/guia\/#\/schema\/person\/6b792069f07fee9a700a7caa85fb85a9","name":"Encontra Belo Horizonte","image":{"@type":"ImageObject","inLanguage":"pt-BR","@id":"https:\/\/secure.gravatar.com\/avatar\/c50c17820bcf322f0a8fd6b110b8c0918141409dc69076470f6fca5fee70a5d4?s=96&d=mm&r=g","url":"https:\/\/secure.gravatar.com\/avatar\/c50c17820bcf322f0a8fd6b110b8c0918141409dc69076470f6fca5fee70a5d4?s=96&d=mm&r=g","contentUrl":"https:\/\/secure.gravatar.com\/avatar\/c50c17820bcf322f0a8fd6b110b8c0918141409dc69076470f6fca5fee70a5d4?s=96&d=mm&r=g","caption":"Encontra Belo Horizonte"},"url":"https:\/\/www.encontrabelohorizonte.com.br\/guia\/author\/encontrabelohorizonte\/"}]}},"_links":{"self":[{"href":"https:\/\/www.encontrabelohorizonte.com.br\/guia\/wp-json\/wp\/v2\/posts\/14442","targetHints":{"allow":["GET"]}}],"collection":[{"href":"https:\/\/www.encontrabelohorizonte.com.br\/guia\/wp-json\/wp\/v2\/posts"}],"about":[{"href":"https:\/\/www.encontrabelohorizonte.com.br\/guia\/wp-json\/wp\/v2\/types\/post"}],"author":[{"embeddable":true,"href":"https:\/\/www.encontrabelohorizonte.com.br\/guia\/wp-json\/wp\/v2\/users\/1"}],"replies":[{"embeddable":true,"href":"https:\/\/www.encontrabelohorizonte.com.br\/guia\/wp-json\/wp\/v2\/comments?post=14442"}],"version-history":[{"count":0,"href":"https:\/\/www.encontrabelohorizonte.com.br\/guia\/wp-json\/wp\/v2\/posts\/14442\/revisions"}],"wp:featuredmedia":[{"embeddable":true,"href":"https:\/\/www.encontrabelohorizonte.com.br\/guia\/wp-json\/wp\/v2\/media\/14441"}],"wp:attachment":[{"href":"https:\/\/www.encontrabelohorizonte.com.br\/guia\/wp-json\/wp\/v2\/media?parent=14442"}],"wp:term":[{"taxonomy":"category","embeddable":true,"href":"https:\/\/www.encontrabelohorizonte.com.br\/guia\/wp-json\/wp\/v2\/categories?post=14442"},{"taxonomy":"post_tag","embeddable":true,"href":"https:\/\/www.encontrabelohorizonte.com.br\/guia\/wp-json\/wp\/v2\/tags?post=14442"}],"curies":[{"name":"wp","href":"https:\/\/api.w.org\/{rel}","templated":true}]}}