{"id":14458,"date":"2026-03-29T06:13:13","date_gmt":"2026-03-29T09:13:13","guid":{"rendered":"https:\/\/www.encontrabelohorizonte.com.br\/guia\/eduquenow-chega-a-belo-horizonte-em-abril-para-debater-inovacao-e-trajetorias-que-transformam-a-educacao\/"},"modified":"2026-03-29T06:13:13","modified_gmt":"2026-03-29T09:13:13","slug":"eduquenow-chega-a-belo-horizonte-em-abril-para-debater-inovacao-e-trajetorias-que-transformam-a-educacao","status":"publish","type":"post","link":"https:\/\/www.encontrabelohorizonte.com.br\/guia\/eduquenow-chega-a-belo-horizonte-em-abril-para-debater-inovacao-e-trajetorias-que-transformam-a-educacao\/","title":{"rendered":"EduqueNOW chega a Belo Horizonte em abril para debater inova\u00e7\u00e3o e trajet\u00f3rias que transformam a educa\u00e7\u00e3o"},"content":{"rendered":"<h2>O que \u00e9 o EduqueNOW?<\/h2>\n<p>O <strong>EduqueNOW<\/strong> \u00e9 um semin\u00e1rio voltado para a educa\u00e7\u00e3o b\u00e1sica e tecnol\u00f3gica, promovido pelo SESI e SENAI. O evento tem como principal objetivo reunir educadores, gestores e especialistas para discutir e compartilhar inova\u00e7\u00f5es, tend\u00eancias e o futuro da educa\u00e7\u00e3o. Ele representa uma oportunidade \u00fanica para a troca de ideias que possam impactar positivamente o cen\u00e1rio educacional contempor\u00e2neo.<\/p>\n<h2>Data e Local do Evento<\/h2>\n<p>A realiza\u00e7\u00e3o do <strong>EduqueNOW<\/strong> est\u00e1 programada para o dia <strong>11 de abril de 2026<\/strong>. O evento ser\u00e1 realizado das <strong>10h \u00e0s 19h<\/strong> no <strong>BH Shopping<\/strong>, localizado na BR-356, 3049, no cora\u00e7\u00e3o do Belvedere, em Belo Horizonte (MG). Importante ressaltar que a participa\u00e7\u00e3o \u00e9 gratuita, e ser\u00e1 emitida uma certifica\u00e7\u00e3o de presen\u00e7a para os participantes. Contudo, as vagas s\u00e3o limitadas, por isso, recomenda-se realizar a inscri\u00e7\u00e3o o quanto antes.<\/p>\n<h2>Import\u00e2ncia da Inova\u00e7\u00e3o na Educa\u00e7\u00e3o<\/h2>\n<p>A inova\u00e7\u00e3o na educa\u00e7\u00e3o \u00e9 crucial para o desenvolvimento de metodologias que atendam \u00e0s necessidades do mundo contempor\u00e2neo. O <strong>EduqueNOW<\/strong> tem como um dos seus focos principais discutir como a integra\u00e7\u00e3o de novas tecnologias e pr\u00e1ticas inovadoras pode reformular o ensino e a aprendizagem. Al\u00e9m de facilitar a inclus\u00e3o, a inova\u00e7\u00e3o traz novas perspectivas que s\u00e3o fundamentais para preparar os estudantes para os desafios futuros.<\/p>\n<p><img decoding=\"async\" src=\"https:\/\/www.encontrabelohorizonte.com.br\/guia\/wp-content\/uploads\/2026\/03\/eduquenow-chega-a-belo-horizonte-em-abril-para-debater-inovacao-e-trajetorias-que-transformam-a-educ.webp\" alt=\"EduqueNOW\" loading=\"lazy\" \/><\/p>\n<h2>Como o Semin\u00e1rio Acolhe Diversas Realidades<\/h2>\n<p>O tema deste ano, <strong>\u201cTrajet\u00f3rias que transformam: acolher, engajar e inspirar\u201d<\/strong>, refor\u00e7a a necessidade de acolher e respeitar as diferentes realidades que fazem parte do ambiente educacional. Durante o evento, haver\u00e1 discuss\u00f5es que estimulam a conscientiza\u00e7\u00e3o sobre temas de diversidade e inclus\u00e3o, enfatizando a relev\u00e2ncia de atender a todos os estudantes, independentemente de sua origem ou contexto. Esta abordagem \u00e9 fundamental para criar um ambiente de aprendizagem mais justo e eficaz.<\/p>\n<h2>Engajamento de Educadores e Estudantes<\/h2>\n<p>Para que o aprendizado seja efetivo, \u00e9 imperativo engajar tanto educadores quanto estudantes. O <strong>EduqueNOW<\/strong> proporcionar\u00e1 espa\u00e7os onde educadores poder\u00e3o compartilhar suas experi\u00eancias e desafios, al\u00e9m de trocar ideias sobre as melhores pr\u00e1ticas em sala de aula. Essa intera\u00e7\u00e3o visa criar um ambiente estimulante, onde todos se sintam motivados a buscar novas formas de ensino que inspirem seus alunos.<\/p>\n<h2>Certifica\u00e7\u00e3o de Participa\u00e7\u00e3o<\/h2>\n<p>Todos os participantes do semin\u00e1rio receber\u00e3o um certificado de participa\u00e7\u00e3o, que pode ser um diferencial no curr\u00edculo dos envolvidos. Este reconhecimento \u00e9 uma forma de valorizar a dedica\u00e7\u00e3o e o comprometimento em aprimorar as pr\u00e1ticas educacionais. A certifica\u00e7\u00e3o agregar\u00e1 valor tanto para os educadores quanto para os estudantes, que podem utilizar este documento para futuras oportunidades acad\u00eamicas e profissionais.<\/p>\n<h2>Desafios e Oportunidades na Educa\u00e7\u00e3o<\/h2>\n<p>A educa\u00e7\u00e3o enfrenta diversos desafios na era digital, mas tamb\u00e9m uma infinidade de oportunidades. O semin\u00e1rio abordar\u00e1 como as institui\u00e7\u00f5es podem se adaptar \u00e0 realidade contempor\u00e2nea, superando obst\u00e1culos atrav\u00e9s da inova\u00e7\u00e3o. Quest\u00f5es como a adapta\u00e7\u00e3o a diferentes estilos de aprendizagem e a utiliza\u00e7\u00e3o da tecnologia para enriquecer o conte\u00fado educacional ser\u00e3o discutidas em profundidade.<\/p>\n<h2>Palestrantes e Especialistas Confirmados<\/h2>\n<p>Uma das grandes atra\u00e7\u00f5es do <strong>EduqueNOW<\/strong> s\u00e3o os palestrantes renomados que compartilhar\u00e3o suas experi\u00eancias e conhecimentos. Educadores comprometidos e especialistas que atuam na vanguarda da educa\u00e7\u00e3o estar\u00e3o presentes, trazendo vis\u00f5es diversificadas que prometem enriquecer as discuss\u00f5es. A lista completa de participantes ser\u00e1 divulgada pr\u00f3ximo \u00e0 data do evento.<\/p>\n<h2>Programa\u00e7\u00e3o do Evento<\/h2>\n<p>A programa\u00e7\u00e3o do semin\u00e1rio inclui palestras, mesas-redondas e oficinas que cobrir\u00e3o uma ampla gama de t\u00f3picos relacionados \u00e0 educa\u00e7\u00e3o. Os participantes ter\u00e3o a oportunidade de se aprofundar em quest\u00f5es relevantes e debater com especialistas sobre o futuro da aprendizagem. As atividades s\u00e3o projetadas para estimular a criatividade e a participa\u00e7\u00e3o ativa dos presentes.<\/p>\n<h2>Inscri\u00e7\u00f5es e Vagas Limitadas<\/h2>\n<p>As inscri\u00e7\u00f5es para o <strong>EduqueNOW<\/strong> est\u00e3o abertas e podem ser feitas de forma simples e r\u00e1pida atrav\u00e9s do link disponibilizado no site oficial do evento. Devido \u00e0 natureza do evento e ao espa\u00e7o dispon\u00edvel, as vagas s\u00e3o limitadas, por isso \u00e9 importante garantir a sua participa\u00e7\u00e3o o quanto antes para n\u00e3o perder essa oportunidade de contribui\u00e7\u00e3o e aprendizado.<\/p>\n<p>Fa\u00e7a a sua inscri\u00e7\u00e3o clicando <a href=\"https:\/\/www.sympla.com.br\/evento\/eduquenow-2026\/3297340?referrer=www.google.com&#038;referrer=www.google.com\">aqui<\/a>.<\/p>\n","protected":false},"excerpt":{"rendered":"<p>EduqueNOW promove discuss\u00f5es sobre inova\u00e7\u00e3o e transforma\u00e7\u00f5es na educa\u00e7\u00e3o em Belo Horizonte.<\/p>\n","protected":false},"author":1,"featured_media":14457,"comment_status":"open","ping_status":"open","sticky":false,"template":"","format":"standard","meta":{"footnotes":""},"categories":[5],"tags":[],"class_list":["post-14458","post","type-post","status-publish","format-standard","has-post-thumbnail","hentry","category-noticias","has_thumb"],"yoast_head":"<!-- This site is optimized with the Yoast SEO plugin v28.2 - https:\/\/yoast.com\/product\/yoast-seo-wordpress\/ -->\n<title>EduqueNOW chega a Belo Horizonte em abril para debater inova\u00e7\u00e3o e trajet\u00f3rias que transformam a educa\u00e7\u00e3o | Guia Comercial de Belo Horizonte MG<\/title>\n<meta name=\"robots\" content=\"index, follow, max-snippet:-1, max-image-preview:large, max-video-preview:-1\" \/>\n<link rel=\"canonical\" href=\"https:\/\/www.encontrabelohorizonte.com.br\/guia\/eduquenow-chega-a-belo-horizonte-em-abril-para-debater-inovacao-e-trajetorias-que-transformam-a-educacao\/\" \/>\n<meta property=\"og:locale\" content=\"pt_BR\" \/>\n<meta property=\"og:type\" content=\"article\" \/>\n<meta property=\"og:title\" content=\"EduqueNOW chega a Belo Horizonte em abril para debater inova\u00e7\u00e3o e trajet\u00f3rias que transformam a educa\u00e7\u00e3o | Guia Comercial de Belo Horizonte MG\" \/>\n<meta property=\"og:description\" content=\"EduqueNOW promove discuss\u00f5es sobre inova\u00e7\u00e3o e transforma\u00e7\u00f5es na educa\u00e7\u00e3o em Belo Horizonte.\" \/>\n<meta property=\"og:url\" content=\"https:\/\/www.encontrabelohorizonte.com.br\/guia\/eduquenow-chega-a-belo-horizonte-em-abril-para-debater-inovacao-e-trajetorias-que-transformam-a-educacao\/\" \/>\n<meta property=\"og:site_name\" content=\"Guia Comercial de Belo Horizonte MG\" \/>\n<meta property=\"article:published_time\" content=\"2026-03-29T09:13:13+00:00\" \/>\n<meta property=\"og:image\" content=\"https:\/\/www.encontrabelohorizonte.com.br\/guia\/wp-content\/uploads\/2026\/03\/eduquenow-chega-a-belo-horizonte-em-abril-para-debater-inovacao-e-trajetorias-que-transformam-a-educ.webp\" \/>\n\t<meta property=\"og:image:width\" content=\"280\" \/>\n\t<meta property=\"og:image:height\" content=\"280\" \/>\n\t<meta property=\"og:image:type\" content=\"image\/webp\" \/>\n<meta name=\"author\" content=\"Encontra Belo Horizonte\" \/>\n<meta name=\"twitter:card\" content=\"summary_large_image\" \/>\n<meta name=\"twitter:label1\" content=\"Escrito por\" \/>\n\t<meta name=\"twitter:data1\" content=\"Encontra Belo Horizonte\" \/>\n\t<meta name=\"twitter:label2\" content=\"Est. tempo de leitura\" \/>\n\t<meta name=\"twitter:data2\" content=\"4 minutos\" \/>\n<script type=\"application\/ld+json\" class=\"yoast-schema-graph\">{\"@context\":\"https:\\\/\\\/schema.org\",\"@graph\":[{\"@type\":\"Article\",\"@id\":\"https:\\\/\\\/www.encontrabelohorizonte.com.br\\\/guia\\\/eduquenow-chega-a-belo-horizonte-em-abril-para-debater-inovacao-e-trajetorias-que-transformam-a-educacao\\\/#article\",\"isPartOf\":{\"@id\":\"https:\\\/\\\/www.encontrabelohorizonte.com.br\\\/guia\\\/eduquenow-chega-a-belo-horizonte-em-abril-para-debater-inovacao-e-trajetorias-que-transformam-a-educacao\\\/\"},\"author\":{\"name\":\"Encontra Belo Horizonte\",\"@id\":\"https:\\\/\\\/www.encontrabelohorizonte.com.br\\\/guia\\\/#\\\/schema\\\/person\\\/6b792069f07fee9a700a7caa85fb85a9\"},\"headline\":\"EduqueNOW chega a Belo Horizonte em abril para debater inova\u00e7\u00e3o e trajet\u00f3rias que transformam a educa\u00e7\u00e3o\",\"datePublished\":\"2026-03-29T09:13:13+00:00\",\"mainEntityOfPage\":{\"@id\":\"https:\\\/\\\/www.encontrabelohorizonte.com.br\\\/guia\\\/eduquenow-chega-a-belo-horizonte-em-abril-para-debater-inovacao-e-trajetorias-que-transformam-a-educacao\\\/\"},\"wordCount\":744,\"commentCount\":0,\"image\":{\"@id\":\"https:\\\/\\\/www.encontrabelohorizonte.com.br\\\/guia\\\/eduquenow-chega-a-belo-horizonte-em-abril-para-debater-inovacao-e-trajetorias-que-transformam-a-educacao\\\/#primaryimage\"},\"thumbnailUrl\":\"https:\\\/\\\/www.encontrabelohorizonte.com.br\\\/guia\\\/wp-content\\\/uploads\\\/2026\\\/03\\\/eduquenow-chega-a-belo-horizonte-em-abril-para-debater-inovacao-e-trajetorias-que-transformam-a-educ.webp\",\"articleSection\":[\"Not\u00edcias Belo Horizonte\"],\"inLanguage\":\"pt-BR\",\"potentialAction\":[{\"@type\":\"CommentAction\",\"name\":\"Comment\",\"target\":[\"https:\\\/\\\/www.encontrabelohorizonte.com.br\\\/guia\\\/eduquenow-chega-a-belo-horizonte-em-abril-para-debater-inovacao-e-trajetorias-que-transformam-a-educacao\\\/#respond\"]}]},{\"@type\":\"WebPage\",\"@id\":\"https:\\\/\\\/www.encontrabelohorizonte.com.br\\\/guia\\\/eduquenow-chega-a-belo-horizonte-em-abril-para-debater-inovacao-e-trajetorias-que-transformam-a-educacao\\\/\",\"url\":\"https:\\\/\\\/www.encontrabelohorizonte.com.br\\\/guia\\\/eduquenow-chega-a-belo-horizonte-em-abril-para-debater-inovacao-e-trajetorias-que-transformam-a-educacao\\\/\",\"name\":\"EduqueNOW chega a Belo Horizonte em abril para debater inova\u00e7\u00e3o e trajet\u00f3rias que transformam a educa\u00e7\u00e3o | Guia Comercial de Belo Horizonte MG\",\"isPartOf\":{\"@id\":\"https:\\\/\\\/www.encontrabelohorizonte.com.br\\\/guia\\\/#website\"},\"primaryImageOfPage\":{\"@id\":\"https:\\\/\\\/www.encontrabelohorizonte.com.br\\\/guia\\\/eduquenow-chega-a-belo-horizonte-em-abril-para-debater-inovacao-e-trajetorias-que-transformam-a-educacao\\\/#primaryimage\"},\"image\":{\"@id\":\"https:\\\/\\\/www.encontrabelohorizonte.com.br\\\/guia\\\/eduquenow-chega-a-belo-horizonte-em-abril-para-debater-inovacao-e-trajetorias-que-transformam-a-educacao\\\/#primaryimage\"},\"thumbnailUrl\":\"https:\\\/\\\/www.encontrabelohorizonte.com.br\\\/guia\\\/wp-content\\\/uploads\\\/2026\\\/03\\\/eduquenow-chega-a-belo-horizonte-em-abril-para-debater-inovacao-e-trajetorias-que-transformam-a-educ.webp\",\"datePublished\":\"2026-03-29T09:13:13+00:00\",\"author\":{\"@id\":\"https:\\\/\\\/www.encontrabelohorizonte.com.br\\\/guia\\\/#\\\/schema\\\/person\\\/6b792069f07fee9a700a7caa85fb85a9\"},\"inLanguage\":\"pt-BR\",\"potentialAction\":[{\"@type\":\"ReadAction\",\"target\":[\"https:\\\/\\\/www.encontrabelohorizonte.com.br\\\/guia\\\/eduquenow-chega-a-belo-horizonte-em-abril-para-debater-inovacao-e-trajetorias-que-transformam-a-educacao\\\/\"]}]},{\"@type\":\"ImageObject\",\"inLanguage\":\"pt-BR\",\"@id\":\"https:\\\/\\\/www.encontrabelohorizonte.com.br\\\/guia\\\/eduquenow-chega-a-belo-horizonte-em-abril-para-debater-inovacao-e-trajetorias-que-transformam-a-educacao\\\/#primaryimage\",\"url\":\"https:\\\/\\\/www.encontrabelohorizonte.com.br\\\/guia\\\/wp-content\\\/uploads\\\/2026\\\/03\\\/eduquenow-chega-a-belo-horizonte-em-abril-para-debater-inovacao-e-trajetorias-que-transformam-a-educ.webp\",\"contentUrl\":\"https:\\\/\\\/www.encontrabelohorizonte.com.br\\\/guia\\\/wp-content\\\/uploads\\\/2026\\\/03\\\/eduquenow-chega-a-belo-horizonte-em-abril-para-debater-inovacao-e-trajetorias-que-transformam-a-educ.webp\",\"width\":280,\"height\":280,\"caption\":\"EduqueNOW\"},{\"@type\":\"WebSite\",\"@id\":\"https:\\\/\\\/www.encontrabelohorizonte.com.br\\\/guia\\\/#website\",\"url\":\"https:\\\/\\\/www.encontrabelohorizonte.com.br\\\/guia\\\/\",\"name\":\"Guia Comercial de Belo Horizonte MG\",\"description\":\"ENCONTRA BELO HORIZONTE - O guia comercial de neg\u00f3cios e empresas, cultura e divers\u00e3o na cidade de Belo Horizonte. Feito 100% para voc\u00ea morador!\",\"potentialAction\":[{\"@type\":\"SearchAction\",\"target\":{\"@type\":\"EntryPoint\",\"urlTemplate\":\"https:\\\/\\\/www.encontrabelohorizonte.com.br\\\/guia\\\/?s={search_term_string}\"},\"query-input\":{\"@type\":\"PropertyValueSpecification\",\"valueRequired\":true,\"valueName\":\"search_term_string\"}}],\"inLanguage\":\"pt-BR\"},{\"@type\":\"Person\",\"@id\":\"https:\\\/\\\/www.encontrabelohorizonte.com.br\\\/guia\\\/#\\\/schema\\\/person\\\/6b792069f07fee9a700a7caa85fb85a9\",\"name\":\"Encontra Belo Horizonte\",\"image\":{\"@type\":\"ImageObject\",\"inLanguage\":\"pt-BR\",\"@id\":\"https:\\\/\\\/secure.gravatar.com\\\/avatar\\\/c50c17820bcf322f0a8fd6b110b8c0918141409dc69076470f6fca5fee70a5d4?s=96&d=mm&r=g\",\"url\":\"https:\\\/\\\/secure.gravatar.com\\\/avatar\\\/c50c17820bcf322f0a8fd6b110b8c0918141409dc69076470f6fca5fee70a5d4?s=96&d=mm&r=g\",\"contentUrl\":\"https:\\\/\\\/secure.gravatar.com\\\/avatar\\\/c50c17820bcf322f0a8fd6b110b8c0918141409dc69076470f6fca5fee70a5d4?s=96&d=mm&r=g\",\"caption\":\"Encontra Belo Horizonte\"},\"url\":\"https:\\\/\\\/www.encontrabelohorizonte.com.br\\\/guia\\\/author\\\/encontrabelohorizonte\\\/\"}]}<\/script>\n<!-- \/ Yoast SEO plugin. -->","yoast_head_json":{"title":"EduqueNOW chega a Belo Horizonte em abril para debater inova\u00e7\u00e3o e trajet\u00f3rias que transformam a educa\u00e7\u00e3o | Guia Comercial de Belo Horizonte MG","robots":{"index":"index","follow":"follow","max-snippet":"max-snippet:-1","max-image-preview":"max-image-preview:large","max-video-preview":"max-video-preview:-1"},"canonical":"https:\/\/www.encontrabelohorizonte.com.br\/guia\/eduquenow-chega-a-belo-horizonte-em-abril-para-debater-inovacao-e-trajetorias-que-transformam-a-educacao\/","og_locale":"pt_BR","og_type":"article","og_title":"EduqueNOW chega a Belo Horizonte em abril para debater inova\u00e7\u00e3o e trajet\u00f3rias que transformam a educa\u00e7\u00e3o | Guia Comercial de Belo Horizonte MG","og_description":"EduqueNOW promove discuss\u00f5es sobre inova\u00e7\u00e3o e transforma\u00e7\u00f5es na educa\u00e7\u00e3o em Belo Horizonte.","og_url":"https:\/\/www.encontrabelohorizonte.com.br\/guia\/eduquenow-chega-a-belo-horizonte-em-abril-para-debater-inovacao-e-trajetorias-que-transformam-a-educacao\/","og_site_name":"Guia Comercial de Belo Horizonte MG","article_published_time":"2026-03-29T09:13:13+00:00","og_image":[{"width":280,"height":280,"url":"https:\/\/www.encontrabelohorizonte.com.br\/guia\/wp-content\/uploads\/2026\/03\/eduquenow-chega-a-belo-horizonte-em-abril-para-debater-inovacao-e-trajetorias-que-transformam-a-educ.webp","type":"image\/webp"}],"author":"Encontra Belo Horizonte","twitter_card":"summary_large_image","twitter_misc":{"Escrito por":"Encontra Belo Horizonte","Est. tempo de leitura":"4 minutos"},"schema":{"@context":"https:\/\/schema.org","@graph":[{"@type":"Article","@id":"https:\/\/www.encontrabelohorizonte.com.br\/guia\/eduquenow-chega-a-belo-horizonte-em-abril-para-debater-inovacao-e-trajetorias-que-transformam-a-educacao\/#article","isPartOf":{"@id":"https:\/\/www.encontrabelohorizonte.com.br\/guia\/eduquenow-chega-a-belo-horizonte-em-abril-para-debater-inovacao-e-trajetorias-que-transformam-a-educacao\/"},"author":{"name":"Encontra Belo Horizonte","@id":"https:\/\/www.encontrabelohorizonte.com.br\/guia\/#\/schema\/person\/6b792069f07fee9a700a7caa85fb85a9"},"headline":"EduqueNOW chega a Belo Horizonte em abril para debater inova\u00e7\u00e3o e trajet\u00f3rias que transformam a educa\u00e7\u00e3o","datePublished":"2026-03-29T09:13:13+00:00","mainEntityOfPage":{"@id":"https:\/\/www.encontrabelohorizonte.com.br\/guia\/eduquenow-chega-a-belo-horizonte-em-abril-para-debater-inovacao-e-trajetorias-que-transformam-a-educacao\/"},"wordCount":744,"commentCount":0,"image":{"@id":"https:\/\/www.encontrabelohorizonte.com.br\/guia\/eduquenow-chega-a-belo-horizonte-em-abril-para-debater-inovacao-e-trajetorias-que-transformam-a-educacao\/#primaryimage"},"thumbnailUrl":"https:\/\/www.encontrabelohorizonte.com.br\/guia\/wp-content\/uploads\/2026\/03\/eduquenow-chega-a-belo-horizonte-em-abril-para-debater-inovacao-e-trajetorias-que-transformam-a-educ.webp","articleSection":["Not\u00edcias Belo Horizonte"],"inLanguage":"pt-BR","potentialAction":[{"@type":"CommentAction","name":"Comment","target":["https:\/\/www.encontrabelohorizonte.com.br\/guia\/eduquenow-chega-a-belo-horizonte-em-abril-para-debater-inovacao-e-trajetorias-que-transformam-a-educacao\/#respond"]}]},{"@type":"WebPage","@id":"https:\/\/www.encontrabelohorizonte.com.br\/guia\/eduquenow-chega-a-belo-horizonte-em-abril-para-debater-inovacao-e-trajetorias-que-transformam-a-educacao\/","url":"https:\/\/www.encontrabelohorizonte.com.br\/guia\/eduquenow-chega-a-belo-horizonte-em-abril-para-debater-inovacao-e-trajetorias-que-transformam-a-educacao\/","name":"EduqueNOW chega a Belo Horizonte em abril para debater inova\u00e7\u00e3o e trajet\u00f3rias que transformam a educa\u00e7\u00e3o | Guia Comercial de Belo Horizonte MG","isPartOf":{"@id":"https:\/\/www.encontrabelohorizonte.com.br\/guia\/#website"},"primaryImageOfPage":{"@id":"https:\/\/www.encontrabelohorizonte.com.br\/guia\/eduquenow-chega-a-belo-horizonte-em-abril-para-debater-inovacao-e-trajetorias-que-transformam-a-educacao\/#primaryimage"},"image":{"@id":"https:\/\/www.encontrabelohorizonte.com.br\/guia\/eduquenow-chega-a-belo-horizonte-em-abril-para-debater-inovacao-e-trajetorias-que-transformam-a-educacao\/#primaryimage"},"thumbnailUrl":"https:\/\/www.encontrabelohorizonte.com.br\/guia\/wp-content\/uploads\/2026\/03\/eduquenow-chega-a-belo-horizonte-em-abril-para-debater-inovacao-e-trajetorias-que-transformam-a-educ.webp","datePublished":"2026-03-29T09:13:13+00:00","author":{"@id":"https:\/\/www.encontrabelohorizonte.com.br\/guia\/#\/schema\/person\/6b792069f07fee9a700a7caa85fb85a9"},"inLanguage":"pt-BR","potentialAction":[{"@type":"ReadAction","target":["https:\/\/www.encontrabelohorizonte.com.br\/guia\/eduquenow-chega-a-belo-horizonte-em-abril-para-debater-inovacao-e-trajetorias-que-transformam-a-educacao\/"]}]},{"@type":"ImageObject","inLanguage":"pt-BR","@id":"https:\/\/www.encontrabelohorizonte.com.br\/guia\/eduquenow-chega-a-belo-horizonte-em-abril-para-debater-inovacao-e-trajetorias-que-transformam-a-educacao\/#primaryimage","url":"https:\/\/www.encontrabelohorizonte.com.br\/guia\/wp-content\/uploads\/2026\/03\/eduquenow-chega-a-belo-horizonte-em-abril-para-debater-inovacao-e-trajetorias-que-transformam-a-educ.webp","contentUrl":"https:\/\/www.encontrabelohorizonte.com.br\/guia\/wp-content\/uploads\/2026\/03\/eduquenow-chega-a-belo-horizonte-em-abril-para-debater-inovacao-e-trajetorias-que-transformam-a-educ.webp","width":280,"height":280,"caption":"EduqueNOW"},{"@type":"WebSite","@id":"https:\/\/www.encontrabelohorizonte.com.br\/guia\/#website","url":"https:\/\/www.encontrabelohorizonte.com.br\/guia\/","name":"Guia Comercial de Belo Horizonte MG","description":"ENCONTRA BELO HORIZONTE - O guia comercial de neg\u00f3cios e empresas, cultura e divers\u00e3o na cidade de Belo Horizonte. Feito 100% para voc\u00ea morador!","potentialAction":[{"@type":"SearchAction","target":{"@type":"EntryPoint","urlTemplate":"https:\/\/www.encontrabelohorizonte.com.br\/guia\/?s={search_term_string}"},"query-input":{"@type":"PropertyValueSpecification","valueRequired":true,"valueName":"search_term_string"}}],"inLanguage":"pt-BR"},{"@type":"Person","@id":"https:\/\/www.encontrabelohorizonte.com.br\/guia\/#\/schema\/person\/6b792069f07fee9a700a7caa85fb85a9","name":"Encontra Belo Horizonte","image":{"@type":"ImageObject","inLanguage":"pt-BR","@id":"https:\/\/secure.gravatar.com\/avatar\/c50c17820bcf322f0a8fd6b110b8c0918141409dc69076470f6fca5fee70a5d4?s=96&d=mm&r=g","url":"https:\/\/secure.gravatar.com\/avatar\/c50c17820bcf322f0a8fd6b110b8c0918141409dc69076470f6fca5fee70a5d4?s=96&d=mm&r=g","contentUrl":"https:\/\/secure.gravatar.com\/avatar\/c50c17820bcf322f0a8fd6b110b8c0918141409dc69076470f6fca5fee70a5d4?s=96&d=mm&r=g","caption":"Encontra Belo Horizonte"},"url":"https:\/\/www.encontrabelohorizonte.com.br\/guia\/author\/encontrabelohorizonte\/"}]}},"_links":{"self":[{"href":"https:\/\/www.encontrabelohorizonte.com.br\/guia\/wp-json\/wp\/v2\/posts\/14458","targetHints":{"allow":["GET"]}}],"collection":[{"href":"https:\/\/www.encontrabelohorizonte.com.br\/guia\/wp-json\/wp\/v2\/posts"}],"about":[{"href":"https:\/\/www.encontrabelohorizonte.com.br\/guia\/wp-json\/wp\/v2\/types\/post"}],"author":[{"embeddable":true,"href":"https:\/\/www.encontrabelohorizonte.com.br\/guia\/wp-json\/wp\/v2\/users\/1"}],"replies":[{"embeddable":true,"href":"https:\/\/www.encontrabelohorizonte.com.br\/guia\/wp-json\/wp\/v2\/comments?post=14458"}],"version-history":[{"count":0,"href":"https:\/\/www.encontrabelohorizonte.com.br\/guia\/wp-json\/wp\/v2\/posts\/14458\/revisions"}],"wp:featuredmedia":[{"embeddable":true,"href":"https:\/\/www.encontrabelohorizonte.com.br\/guia\/wp-json\/wp\/v2\/media\/14457"}],"wp:attachment":[{"href":"https:\/\/www.encontrabelohorizonte.com.br\/guia\/wp-json\/wp\/v2\/media?parent=14458"}],"wp:term":[{"taxonomy":"category","embeddable":true,"href":"https:\/\/www.encontrabelohorizonte.com.br\/guia\/wp-json\/wp\/v2\/categories?post=14458"},{"taxonomy":"post_tag","embeddable":true,"href":"https:\/\/www.encontrabelohorizonte.com.br\/guia\/wp-json\/wp\/v2\/tags?post=14458"}],"curies":[{"name":"wp","href":"https:\/\/api.w.org\/{rel}","templated":true}]}}