{"id":14464,"date":"2026-03-31T06:09:24","date_gmt":"2026-03-31T09:09:24","guid":{"rendered":"https:\/\/www.encontrabelohorizonte.com.br\/guia\/prefeitura-municipal-de-alem-paraiba-mg\/"},"modified":"2026-03-31T06:09:24","modified_gmt":"2026-03-31T09:09:24","slug":"prefeitura-municipal-de-alem-paraiba-mg","status":"publish","type":"post","link":"https:\/\/www.encontrabelohorizonte.com.br\/guia\/prefeitura-municipal-de-alem-paraiba-mg\/","title":{"rendered":"Prefeitura Municipal de Al\u00e9m Para\u00edba, MG"},"content":{"rendered":"<h2>Objetivos do Encontro Nacional do SUAS<\/h2>\n<p>O <strong>I Encontro Nacional das Escolas do Sistema \u00danico de Assist\u00eancia Social (SUAS)<\/strong> e o <strong>XIII Encontro Nacional da Vigil\u00e2ncia Socioassistencial<\/strong>, ocorridos em <strong>Belo Horizonte<\/strong>, visam promover o interc\u00e2mbio de experi\u00eancias e a capacita\u00e7\u00e3o dos profissionais que atuam na \u00e1rea da assist\u00eancia social. O principal objetivo \u00e9 discutir estrat\u00e9gias que aprimorem a atua\u00e7\u00e3o dos \u00f3rg\u00e3os respons\u00e1veis e contribuam para o desenvolvimento de pol\u00edticas p\u00fablicas mais eficazes, que atendam \u00e0s necessidades da popula\u00e7\u00e3o vulner\u00e1vel.<\/p>\n<h2>Representa\u00e7\u00e3o de Al\u00e9m Para\u00edba no Encontro<\/h2>\n<p>No evento, as assistentes sociais <strong>Samara Senra<\/strong> e <strong>Maria Laura Duarte<\/strong>, representantes da <strong>Secretaria Municipal de Assist\u00eancia Social de Al\u00e9m Para\u00edba<\/strong>, tiveram a oportunidade de interagir com profissionais de diversos munic\u00edpios brasileiros. Sua participa\u00e7\u00e3o destacou a import\u00e2ncia da presen\u00e7a local em f\u00f3runs nacionais, permitindo que a realidade de Al\u00e9m Para\u00edba fosse compartilhada e considerada nas discuss\u00f5es.<\/p>\n<h2>Temas Abordados nas Palestras<\/h2>\n<p>A programa\u00e7\u00e3o do encontro incluiu uma variedade de palestras e mesas redondas, que abordaram t\u00f3picos cruciais para a melhoria do SUAS e da Vigil\u00e2ncia Socioassistencial. Entre os temas discutidos, est\u00e3o:<\/p>\n<p><img decoding=\"async\" src=\"https:\/\/www.encontrabelohorizonte.com.br\/guia\/wp-content\/uploads\/2026\/03\/prefeitura-municipal-de-alem-paraiba-mg.webp\" alt=\"encontro nacional do SUAS\" loading=\"lazy\" \/><\/p>\n<ul>\n<li><strong>A import\u00e2ncia da forma\u00e7\u00e3o cont\u00ednua:<\/strong> Reconhecendo a necessidade de capacita\u00e7\u00e3o e atualiza\u00e7\u00e3o constante dos profissionais.<\/li>\n<li><strong>A articula\u00e7\u00e3o entre pol\u00edticas p\u00fablicas:<\/strong> Debatendo como as diferentes \u00e1reas podem trabalhar juntas para um resultado mais eficaz.<\/li>\n<li><strong>A viol\u00eancia e seus reflexos sociais:<\/strong> Analisando o impacto da viol\u00eancia nas comunidades e o papel do SUAS na mitiga\u00e7\u00e3o destes efeitos.<\/li>\n<\/ul>\n<h2>Experi\u00eancias Exitantes Compartilhadas<\/h2>\n<p>Dentre as v\u00e1rias experi\u00eancias apresentadas, destacaram-se pr\u00e1ticas exitosas em diferentes locais do Brasil que servem como inspira\u00e7\u00e3o para outros munic\u00edpios. Exemplos positivos mostraram como a implementa\u00e7\u00e3o de estrat\u00e9gias inovadoras pode resultar em melhores servi\u00e7os para a popula\u00e7\u00e3o. O interc\u00e2mbio de conhecimentos fomentou um ambiente colaborativo, onde cada participante p\u00f4de levar ideias que poderiam ser adaptadas \u00e0 realidade de seus lugares.<\/p>\n<h2>Import\u00e2ncia da Vigil\u00e2ncia Socioassistencial<\/h2>\n<p>A Vigil\u00e2ncia Socioassistencial \u00e9 uma ferramenta essencial para o planejamento e execu\u00e7\u00e3o de pol\u00edticas sociais. Atrav\u00e9s dela, \u00e9 poss\u00edvel acompanhar e avaliar as necessidades reais da popula\u00e7\u00e3o, o que orienta a\u00e7\u00f5es mais precisas e eficazes. Durante o encontro, foi enfatizado o papel fundamental da vigil\u00e2ncia em identificar grupos vulner\u00e1veis e monitorar a evolu\u00e7\u00e3o das condi\u00e7\u00f5es sociais.<\/p>\n<h2>A atua\u00e7\u00e3o das Escolas do SUAS<\/h2>\n<p>As Escolas do SUAS desempenham um papel vital na forma\u00e7\u00e3o e qualifica\u00e7\u00e3o dos profissionais que atuam na assist\u00eancia social. O encontro proporcionou um espa\u00e7o para debater como essas institui\u00e7\u00f5es podem ser melhoradas, visando uma forma\u00e7\u00e3o mais alinhada com as necessidades do mercado e com as demandas sociais contempor\u00e2neas. A import\u00e2ncia da troca de experi\u00eancias entre as diversas Escolas foi um ponto central nas discuss\u00f5es.<\/p>\n<h2>Uso de Dados para Gest\u00e3o Eficiente<\/h2>\n<p>Um aspecto crucial abordado foi o uso de dados e informa\u00e7\u00f5es para a gest\u00e3o eficiente das a\u00e7\u00f5es de assist\u00eancia social. Dados bem estruturados e analisados permitem um entendimento profundo das realidades locais, possibilitando decis\u00f5es mais acertadas e pol\u00edticas p\u00fablicas mais eficazes. A utiliza\u00e7\u00e3o de tecnologias na gest\u00e3o de informa\u00e7\u00f5es foi uma das inova\u00e7\u00f5es destacadas no evento.<\/p>\n<h2>Feedback das Servidoras Participantes<\/h2>\n<p>As servidoras <strong>Samara Senra<\/strong> e <strong>Maria Laura Duarte<\/strong> compartilharam um feedback positivo sobre a experi\u00eancia no encontro. Elas destacaram a import\u00e2ncia das trocas de experi\u00eancias e das reflex\u00f5es geradas nas mesas de discuss\u00e3o, que enriqueceram sua pr\u00e1tica profissional e fortaleceram o v\u00ednculo entre os diversos atores do SUAS.<\/p>\n<h2>Futuras Iniciativas Para a Assist\u00eancia Social<\/h2>\n<p>A partir dos di\u00e1logos estabelecidos, foram sugeridas v\u00e1rias iniciativas que podem ser adotadas para fortalecer a assist\u00eancia social em Al\u00e9m Para\u00edba. Entre as sugest\u00f5es, destacam-se projetos de capacita\u00e7\u00e3o cont\u00ednua, a promo\u00e7\u00e3o de campanhas de sensibiliza\u00e7\u00e3o sobre os direitos sociais e a melhoria da articula\u00e7\u00e3o entre as diferentes pol\u00edticas setoriais.<\/p>\n<h2>Impacto do Encontro nas Pol\u00edticas Locais<\/h2>\n<p>O impacto do encontro nas pol\u00edticas locais se reflete na possibilidade de implantar pr\u00e1ticas inovadoras e na constru\u00e7\u00e3o de uma rede de colabora\u00e7\u00e3o entre profissionais da assist\u00eancia social. A participa\u00e7\u00e3o no evento proporcionou insights que podem ser fundamentais para a elabora\u00e7\u00e3o de novas estrat\u00e9gias em Al\u00e9m Para\u00edba, visando sempre atender com qualidade \u00e0s demandas da popula\u00e7\u00e3o, especialmente aquelas em situa\u00e7\u00e3o de vulnerabilidade social.<\/p>\n","protected":false},"excerpt":{"rendered":"<p>Servidoras da Assist\u00eancia Social de Al\u00e9m Para\u00edba destacam-se no encontro do SUAS.<\/p>\n","protected":false},"author":1,"featured_media":14463,"comment_status":"open","ping_status":"open","sticky":false,"template":"","format":"standard","meta":{"footnotes":""},"categories":[5],"tags":[],"class_list":["post-14464","post","type-post","status-publish","format-standard","has-post-thumbnail","hentry","category-noticias","has_thumb"],"yoast_head":"<!-- This site is optimized with the Yoast SEO plugin v28.2 - https:\/\/yoast.com\/product\/yoast-seo-wordpress\/ -->\n<title>Prefeitura Municipal de Al\u00e9m Para\u00edba, MG | Guia Comercial de Belo Horizonte MG<\/title>\n<meta name=\"robots\" content=\"index, follow, max-snippet:-1, max-image-preview:large, max-video-preview:-1\" \/>\n<link rel=\"canonical\" href=\"https:\/\/www.encontrabelohorizonte.com.br\/guia\/prefeitura-municipal-de-alem-paraiba-mg\/\" \/>\n<meta property=\"og:locale\" content=\"pt_BR\" \/>\n<meta property=\"og:type\" content=\"article\" \/>\n<meta property=\"og:title\" content=\"Prefeitura Municipal de Al\u00e9m Para\u00edba, MG | Guia Comercial de Belo Horizonte MG\" \/>\n<meta property=\"og:description\" content=\"Servidoras da Assist\u00eancia Social de Al\u00e9m Para\u00edba destacam-se no encontro do SUAS.\" \/>\n<meta property=\"og:url\" content=\"https:\/\/www.encontrabelohorizonte.com.br\/guia\/prefeitura-municipal-de-alem-paraiba-mg\/\" \/>\n<meta property=\"og:site_name\" content=\"Guia Comercial de Belo Horizonte MG\" \/>\n<meta property=\"article:published_time\" content=\"2026-03-31T09:09:24+00:00\" \/>\n<meta property=\"og:image\" content=\"https:\/\/www.encontrabelohorizonte.com.br\/guia\/wp-content\/uploads\/2026\/03\/prefeitura-municipal-de-alem-paraiba-mg.webp\" \/>\n\t<meta property=\"og:image:width\" content=\"280\" \/>\n\t<meta property=\"og:image:height\" content=\"280\" \/>\n\t<meta property=\"og:image:type\" content=\"image\/webp\" \/>\n<meta name=\"author\" content=\"Encontra Belo Horizonte\" \/>\n<meta name=\"twitter:card\" content=\"summary_large_image\" \/>\n<meta name=\"twitter:label1\" content=\"Escrito por\" \/>\n\t<meta name=\"twitter:data1\" content=\"Encontra Belo Horizonte\" \/>\n\t<meta name=\"twitter:label2\" content=\"Est. tempo de leitura\" \/>\n\t<meta name=\"twitter:data2\" content=\"4 minutos\" \/>\n<script type=\"application\/ld+json\" class=\"yoast-schema-graph\">{\"@context\":\"https:\\\/\\\/schema.org\",\"@graph\":[{\"@type\":\"Article\",\"@id\":\"https:\\\/\\\/www.encontrabelohorizonte.com.br\\\/guia\\\/prefeitura-municipal-de-alem-paraiba-mg\\\/#article\",\"isPartOf\":{\"@id\":\"https:\\\/\\\/www.encontrabelohorizonte.com.br\\\/guia\\\/prefeitura-municipal-de-alem-paraiba-mg\\\/\"},\"author\":{\"name\":\"Encontra Belo Horizonte\",\"@id\":\"https:\\\/\\\/www.encontrabelohorizonte.com.br\\\/guia\\\/#\\\/schema\\\/person\\\/6b792069f07fee9a700a7caa85fb85a9\"},\"headline\":\"Prefeitura Municipal de Al\u00e9m Para\u00edba, MG\",\"datePublished\":\"2026-03-31T09:09:24+00:00\",\"mainEntityOfPage\":{\"@id\":\"https:\\\/\\\/www.encontrabelohorizonte.com.br\\\/guia\\\/prefeitura-municipal-de-alem-paraiba-mg\\\/\"},\"wordCount\":789,\"commentCount\":0,\"image\":{\"@id\":\"https:\\\/\\\/www.encontrabelohorizonte.com.br\\\/guia\\\/prefeitura-municipal-de-alem-paraiba-mg\\\/#primaryimage\"},\"thumbnailUrl\":\"https:\\\/\\\/www.encontrabelohorizonte.com.br\\\/guia\\\/wp-content\\\/uploads\\\/2026\\\/03\\\/prefeitura-municipal-de-alem-paraiba-mg.webp\",\"articleSection\":[\"Not\u00edcias Belo Horizonte\"],\"inLanguage\":\"pt-BR\",\"potentialAction\":[{\"@type\":\"CommentAction\",\"name\":\"Comment\",\"target\":[\"https:\\\/\\\/www.encontrabelohorizonte.com.br\\\/guia\\\/prefeitura-municipal-de-alem-paraiba-mg\\\/#respond\"]}]},{\"@type\":\"WebPage\",\"@id\":\"https:\\\/\\\/www.encontrabelohorizonte.com.br\\\/guia\\\/prefeitura-municipal-de-alem-paraiba-mg\\\/\",\"url\":\"https:\\\/\\\/www.encontrabelohorizonte.com.br\\\/guia\\\/prefeitura-municipal-de-alem-paraiba-mg\\\/\",\"name\":\"Prefeitura Municipal de Al\u00e9m Para\u00edba, MG | Guia Comercial de Belo Horizonte MG\",\"isPartOf\":{\"@id\":\"https:\\\/\\\/www.encontrabelohorizonte.com.br\\\/guia\\\/#website\"},\"primaryImageOfPage\":{\"@id\":\"https:\\\/\\\/www.encontrabelohorizonte.com.br\\\/guia\\\/prefeitura-municipal-de-alem-paraiba-mg\\\/#primaryimage\"},\"image\":{\"@id\":\"https:\\\/\\\/www.encontrabelohorizonte.com.br\\\/guia\\\/prefeitura-municipal-de-alem-paraiba-mg\\\/#primaryimage\"},\"thumbnailUrl\":\"https:\\\/\\\/www.encontrabelohorizonte.com.br\\\/guia\\\/wp-content\\\/uploads\\\/2026\\\/03\\\/prefeitura-municipal-de-alem-paraiba-mg.webp\",\"datePublished\":\"2026-03-31T09:09:24+00:00\",\"author\":{\"@id\":\"https:\\\/\\\/www.encontrabelohorizonte.com.br\\\/guia\\\/#\\\/schema\\\/person\\\/6b792069f07fee9a700a7caa85fb85a9\"},\"inLanguage\":\"pt-BR\",\"potentialAction\":[{\"@type\":\"ReadAction\",\"target\":[\"https:\\\/\\\/www.encontrabelohorizonte.com.br\\\/guia\\\/prefeitura-municipal-de-alem-paraiba-mg\\\/\"]}]},{\"@type\":\"ImageObject\",\"inLanguage\":\"pt-BR\",\"@id\":\"https:\\\/\\\/www.encontrabelohorizonte.com.br\\\/guia\\\/prefeitura-municipal-de-alem-paraiba-mg\\\/#primaryimage\",\"url\":\"https:\\\/\\\/www.encontrabelohorizonte.com.br\\\/guia\\\/wp-content\\\/uploads\\\/2026\\\/03\\\/prefeitura-municipal-de-alem-paraiba-mg.webp\",\"contentUrl\":\"https:\\\/\\\/www.encontrabelohorizonte.com.br\\\/guia\\\/wp-content\\\/uploads\\\/2026\\\/03\\\/prefeitura-municipal-de-alem-paraiba-mg.webp\",\"width\":280,\"height\":280,\"caption\":\"encontro nacional do SUAS\"},{\"@type\":\"WebSite\",\"@id\":\"https:\\\/\\\/www.encontrabelohorizonte.com.br\\\/guia\\\/#website\",\"url\":\"https:\\\/\\\/www.encontrabelohorizonte.com.br\\\/guia\\\/\",\"name\":\"Guia Comercial de Belo Horizonte MG\",\"description\":\"ENCONTRA BELO HORIZONTE - O guia comercial de neg\u00f3cios e empresas, cultura e divers\u00e3o na cidade de Belo Horizonte. Feito 100% para voc\u00ea morador!\",\"potentialAction\":[{\"@type\":\"SearchAction\",\"target\":{\"@type\":\"EntryPoint\",\"urlTemplate\":\"https:\\\/\\\/www.encontrabelohorizonte.com.br\\\/guia\\\/?s={search_term_string}\"},\"query-input\":{\"@type\":\"PropertyValueSpecification\",\"valueRequired\":true,\"valueName\":\"search_term_string\"}}],\"inLanguage\":\"pt-BR\"},{\"@type\":\"Person\",\"@id\":\"https:\\\/\\\/www.encontrabelohorizonte.com.br\\\/guia\\\/#\\\/schema\\\/person\\\/6b792069f07fee9a700a7caa85fb85a9\",\"name\":\"Encontra Belo Horizonte\",\"image\":{\"@type\":\"ImageObject\",\"inLanguage\":\"pt-BR\",\"@id\":\"https:\\\/\\\/secure.gravatar.com\\\/avatar\\\/c50c17820bcf322f0a8fd6b110b8c0918141409dc69076470f6fca5fee70a5d4?s=96&d=mm&r=g\",\"url\":\"https:\\\/\\\/secure.gravatar.com\\\/avatar\\\/c50c17820bcf322f0a8fd6b110b8c0918141409dc69076470f6fca5fee70a5d4?s=96&d=mm&r=g\",\"contentUrl\":\"https:\\\/\\\/secure.gravatar.com\\\/avatar\\\/c50c17820bcf322f0a8fd6b110b8c0918141409dc69076470f6fca5fee70a5d4?s=96&d=mm&r=g\",\"caption\":\"Encontra Belo Horizonte\"},\"url\":\"https:\\\/\\\/www.encontrabelohorizonte.com.br\\\/guia\\\/author\\\/encontrabelohorizonte\\\/\"}]}<\/script>\n<!-- \/ Yoast SEO plugin. -->","yoast_head_json":{"title":"Prefeitura Municipal de Al\u00e9m Para\u00edba, MG | Guia Comercial de Belo Horizonte MG","robots":{"index":"index","follow":"follow","max-snippet":"max-snippet:-1","max-image-preview":"max-image-preview:large","max-video-preview":"max-video-preview:-1"},"canonical":"https:\/\/www.encontrabelohorizonte.com.br\/guia\/prefeitura-municipal-de-alem-paraiba-mg\/","og_locale":"pt_BR","og_type":"article","og_title":"Prefeitura Municipal de Al\u00e9m Para\u00edba, MG | Guia Comercial de Belo Horizonte MG","og_description":"Servidoras da Assist\u00eancia Social de Al\u00e9m Para\u00edba destacam-se no encontro do SUAS.","og_url":"https:\/\/www.encontrabelohorizonte.com.br\/guia\/prefeitura-municipal-de-alem-paraiba-mg\/","og_site_name":"Guia Comercial de Belo Horizonte MG","article_published_time":"2026-03-31T09:09:24+00:00","og_image":[{"width":280,"height":280,"url":"https:\/\/www.encontrabelohorizonte.com.br\/guia\/wp-content\/uploads\/2026\/03\/prefeitura-municipal-de-alem-paraiba-mg.webp","type":"image\/webp"}],"author":"Encontra Belo Horizonte","twitter_card":"summary_large_image","twitter_misc":{"Escrito por":"Encontra Belo Horizonte","Est. tempo de leitura":"4 minutos"},"schema":{"@context":"https:\/\/schema.org","@graph":[{"@type":"Article","@id":"https:\/\/www.encontrabelohorizonte.com.br\/guia\/prefeitura-municipal-de-alem-paraiba-mg\/#article","isPartOf":{"@id":"https:\/\/www.encontrabelohorizonte.com.br\/guia\/prefeitura-municipal-de-alem-paraiba-mg\/"},"author":{"name":"Encontra Belo Horizonte","@id":"https:\/\/www.encontrabelohorizonte.com.br\/guia\/#\/schema\/person\/6b792069f07fee9a700a7caa85fb85a9"},"headline":"Prefeitura Municipal de Al\u00e9m Para\u00edba, MG","datePublished":"2026-03-31T09:09:24+00:00","mainEntityOfPage":{"@id":"https:\/\/www.encontrabelohorizonte.com.br\/guia\/prefeitura-municipal-de-alem-paraiba-mg\/"},"wordCount":789,"commentCount":0,"image":{"@id":"https:\/\/www.encontrabelohorizonte.com.br\/guia\/prefeitura-municipal-de-alem-paraiba-mg\/#primaryimage"},"thumbnailUrl":"https:\/\/www.encontrabelohorizonte.com.br\/guia\/wp-content\/uploads\/2026\/03\/prefeitura-municipal-de-alem-paraiba-mg.webp","articleSection":["Not\u00edcias Belo Horizonte"],"inLanguage":"pt-BR","potentialAction":[{"@type":"CommentAction","name":"Comment","target":["https:\/\/www.encontrabelohorizonte.com.br\/guia\/prefeitura-municipal-de-alem-paraiba-mg\/#respond"]}]},{"@type":"WebPage","@id":"https:\/\/www.encontrabelohorizonte.com.br\/guia\/prefeitura-municipal-de-alem-paraiba-mg\/","url":"https:\/\/www.encontrabelohorizonte.com.br\/guia\/prefeitura-municipal-de-alem-paraiba-mg\/","name":"Prefeitura Municipal de Al\u00e9m Para\u00edba, MG | Guia Comercial de Belo Horizonte MG","isPartOf":{"@id":"https:\/\/www.encontrabelohorizonte.com.br\/guia\/#website"},"primaryImageOfPage":{"@id":"https:\/\/www.encontrabelohorizonte.com.br\/guia\/prefeitura-municipal-de-alem-paraiba-mg\/#primaryimage"},"image":{"@id":"https:\/\/www.encontrabelohorizonte.com.br\/guia\/prefeitura-municipal-de-alem-paraiba-mg\/#primaryimage"},"thumbnailUrl":"https:\/\/www.encontrabelohorizonte.com.br\/guia\/wp-content\/uploads\/2026\/03\/prefeitura-municipal-de-alem-paraiba-mg.webp","datePublished":"2026-03-31T09:09:24+00:00","author":{"@id":"https:\/\/www.encontrabelohorizonte.com.br\/guia\/#\/schema\/person\/6b792069f07fee9a700a7caa85fb85a9"},"inLanguage":"pt-BR","potentialAction":[{"@type":"ReadAction","target":["https:\/\/www.encontrabelohorizonte.com.br\/guia\/prefeitura-municipal-de-alem-paraiba-mg\/"]}]},{"@type":"ImageObject","inLanguage":"pt-BR","@id":"https:\/\/www.encontrabelohorizonte.com.br\/guia\/prefeitura-municipal-de-alem-paraiba-mg\/#primaryimage","url":"https:\/\/www.encontrabelohorizonte.com.br\/guia\/wp-content\/uploads\/2026\/03\/prefeitura-municipal-de-alem-paraiba-mg.webp","contentUrl":"https:\/\/www.encontrabelohorizonte.com.br\/guia\/wp-content\/uploads\/2026\/03\/prefeitura-municipal-de-alem-paraiba-mg.webp","width":280,"height":280,"caption":"encontro nacional do SUAS"},{"@type":"WebSite","@id":"https:\/\/www.encontrabelohorizonte.com.br\/guia\/#website","url":"https:\/\/www.encontrabelohorizonte.com.br\/guia\/","name":"Guia Comercial de Belo Horizonte MG","description":"ENCONTRA BELO HORIZONTE - O guia comercial de neg\u00f3cios e empresas, cultura e divers\u00e3o na cidade de Belo Horizonte. Feito 100% para voc\u00ea morador!","potentialAction":[{"@type":"SearchAction","target":{"@type":"EntryPoint","urlTemplate":"https:\/\/www.encontrabelohorizonte.com.br\/guia\/?s={search_term_string}"},"query-input":{"@type":"PropertyValueSpecification","valueRequired":true,"valueName":"search_term_string"}}],"inLanguage":"pt-BR"},{"@type":"Person","@id":"https:\/\/www.encontrabelohorizonte.com.br\/guia\/#\/schema\/person\/6b792069f07fee9a700a7caa85fb85a9","name":"Encontra Belo Horizonte","image":{"@type":"ImageObject","inLanguage":"pt-BR","@id":"https:\/\/secure.gravatar.com\/avatar\/c50c17820bcf322f0a8fd6b110b8c0918141409dc69076470f6fca5fee70a5d4?s=96&d=mm&r=g","url":"https:\/\/secure.gravatar.com\/avatar\/c50c17820bcf322f0a8fd6b110b8c0918141409dc69076470f6fca5fee70a5d4?s=96&d=mm&r=g","contentUrl":"https:\/\/secure.gravatar.com\/avatar\/c50c17820bcf322f0a8fd6b110b8c0918141409dc69076470f6fca5fee70a5d4?s=96&d=mm&r=g","caption":"Encontra Belo Horizonte"},"url":"https:\/\/www.encontrabelohorizonte.com.br\/guia\/author\/encontrabelohorizonte\/"}]}},"_links":{"self":[{"href":"https:\/\/www.encontrabelohorizonte.com.br\/guia\/wp-json\/wp\/v2\/posts\/14464","targetHints":{"allow":["GET"]}}],"collection":[{"href":"https:\/\/www.encontrabelohorizonte.com.br\/guia\/wp-json\/wp\/v2\/posts"}],"about":[{"href":"https:\/\/www.encontrabelohorizonte.com.br\/guia\/wp-json\/wp\/v2\/types\/post"}],"author":[{"embeddable":true,"href":"https:\/\/www.encontrabelohorizonte.com.br\/guia\/wp-json\/wp\/v2\/users\/1"}],"replies":[{"embeddable":true,"href":"https:\/\/www.encontrabelohorizonte.com.br\/guia\/wp-json\/wp\/v2\/comments?post=14464"}],"version-history":[{"count":0,"href":"https:\/\/www.encontrabelohorizonte.com.br\/guia\/wp-json\/wp\/v2\/posts\/14464\/revisions"}],"wp:featuredmedia":[{"embeddable":true,"href":"https:\/\/www.encontrabelohorizonte.com.br\/guia\/wp-json\/wp\/v2\/media\/14463"}],"wp:attachment":[{"href":"https:\/\/www.encontrabelohorizonte.com.br\/guia\/wp-json\/wp\/v2\/media?parent=14464"}],"wp:term":[{"taxonomy":"category","embeddable":true,"href":"https:\/\/www.encontrabelohorizonte.com.br\/guia\/wp-json\/wp\/v2\/categories?post=14464"},{"taxonomy":"post_tag","embeddable":true,"href":"https:\/\/www.encontrabelohorizonte.com.br\/guia\/wp-json\/wp\/v2\/tags?post=14464"}],"curies":[{"name":"wp","href":"https:\/\/api.w.org\/{rel}","templated":true}]}}