{"id":14561,"date":"2026-04-21T06:11:12","date_gmt":"2026-04-21T09:11:12","guid":{"rendered":"https:\/\/www.encontrabelohorizonte.com.br\/guia\/amm-e-a-copasa-promovem-assembleia-no-dia-23-de-abril-em-belo-horizonte\/"},"modified":"2026-04-21T06:11:12","modified_gmt":"2026-04-21T09:11:12","slug":"amm-e-a-copasa-promovem-assembleia-no-dia-23-de-abril-em-belo-horizonte","status":"publish","type":"post","link":"https:\/\/www.encontrabelohorizonte.com.br\/guia\/amm-e-a-copasa-promovem-assembleia-no-dia-23-de-abril-em-belo-horizonte\/","title":{"rendered":"AMM e a Copasa promovem assembleia no dia 23 de abril em Belo Horizonte"},"content":{"rendered":"<h2>Data e Local do Evento<\/h2>\n<p>Est\u00e1 programada uma assembleia promovida pela AMM em conjunto com a Copasa para o dia <strong>23 de abril<\/strong>. O evento ocorrer\u00e1 na <strong>Associa\u00e7\u00e3o M\u00e9dica de Belo Horizonte<\/strong>, localizada na avenida Jo\u00e3o Pinheiro, n\u00famero 161, no centro de Belo Horizonte, Minas Gerais. O in\u00edcio da assembleia est\u00e1 agendado para as <strong>14h<\/strong>.<\/p>\n<h2>Import\u00e2ncia da Assembleia<\/h2>\n<p>A assembleia representa uma oportunidade significativa para que prefeitos e prefeitas discutam quest\u00f5es fundamentais que envolvem a desestatiza\u00e7\u00e3o dos servi\u00e7os prestados pela Copasa. O foco principal da reuni\u00e3o ser\u00e1 entender como o processo de desestatiza\u00e7\u00e3o pode impactar os munic\u00edpios, especialmente no que diz respeito aos que ainda n\u00e3o contam com contratos de esgoto e que buscam aditivos.<\/p>\n<h2>Inscri\u00e7\u00f5es para Participa\u00e7\u00e3o<\/h2>\n<p>Os interessados em participar do evento devem realizar sua inscri\u00e7\u00e3o previamente. Para isso, basta acessar a <a href=\"https:\/\/central.amm-mg.org.br\/cent_seg_Login\/\">Central AMM<\/a> e completar o processo de registro. A participa\u00e7\u00e3o de todos \u00e9 considerada essencial para que as demandas locais sejam adequadamente representadas e discutidas.<\/p>\n<p><img decoding=\"async\" src=\"https:\/\/www.encontrabelohorizonte.com.br\/guia\/wp-content\/uploads\/2026\/04\/amm-e-a-copasa-promovem-assembleia-no-dia-23-de-abril-em-belo-horizonte.webp\" alt=\"assembleia AMM e Copasa\" loading=\"lazy\" \/><\/p>\n<h2>Temas a Serem Debatidos<\/h2>\n<p>Durante a assembleia, diversos t\u00f3picos ser\u00e3o abordados, incluindo:<\/p>\n<ul>\n<li><strong>A situa\u00e7\u00e3o dos munic\u00edpios sem contrato de esgoto:<\/strong> Uma an\u00e1lise dos desafios e oportunidades para essas localidades.<\/li>\n<li><strong>Possibilidade de aditivos contratuais:<\/strong> Discuss\u00e3o sobre como esses ajustes podem beneficiar os munic\u00edpios.<\/li>\n<li><strong>Avan\u00e7os na proposta inicial:<\/strong> Apresenta\u00e7\u00e3o das melhorias e mudan\u00e7as ocorridas desde a \u00faltima reuni\u00e3o.<\/li>\n<\/ul>\n<h2>Relev\u00e2ncia da Desestatiza\u00e7\u00e3o<\/h2>\n<p>A desestatiza\u00e7\u00e3o \u00e9 um tema que gera muitas discuss\u00f5es e tem repercuss\u00f5es diretas para a gest\u00e3o p\u00fablica municipal. A transi\u00e7\u00e3o de servi\u00e7os do estado para a iniciativa privada nossa impacta a qualidade dos servi\u00e7os prestados aos cidad\u00e3os. Portanto, essa assembleia se prop\u00f5e a abordar essas quest\u00f5es visando uma melhor compreens\u00e3o dos impactos e desafios envolvidos.<\/p>\n<h2>O Papel das Municipalidades<\/h2>\n<p>Diante do processo de desestatiza\u00e7\u00e3o, os munic\u00edpios t\u00eam um papel crucial em assegurar que as necessidades da popula\u00e7\u00e3o sejam ouvidas e atendidas. \u00c9 vital que as administra\u00e7\u00f5es municipais se mobilizem e participem ativamente desse processo, garantindo que interesses locais sejam considerados nas decis\u00f5es futuras.<\/p>\n<h2>Avan\u00e7os Desde a \u00daltima Reuni\u00e3o<\/h2>\n<p>Desde a \u00faltima assembleia, houve progressos significativos nas propostas relacionadas \u00e0 desestatiza\u00e7\u00e3o. Esses avan\u00e7os ser\u00e3o compartilhados durante o encontro e visam melhorar as pr\u00e1ticas de gest\u00e3o e aumentar a efici\u00eancia nos servi\u00e7os de saneamento.<\/p>\n<h2>Expectativas para a Assembleia<\/h2>\n<p>As expectativas em torno da assembleia s\u00e3o altas. Prefeitos e prefeitas demonstrarem interesse em trazer suas demandas e preocupa\u00e7\u00f5es, que, quando discutidas de forma conjunta, podem resultar em solu\u00e7\u00f5es mais eficazes e customizadas para a realidade de cada munic\u00edpio.<\/p>\n<h2>Quem Pode Participar?<\/h2>\n<p>A assembleia \u00e9 aberta a todos os prefeitos e prefeitas que desejam discutir e compreender melhor o impacto da desestatiza\u00e7\u00e3o nos seus munic\u00edpios. A participa\u00e7\u00e3o de representantes e t\u00e9cnicos das prefeituras tamb\u00e9m \u00e9 encorajada, visto que diferentes perspectivas enriquecem as discuss\u00f5es.<\/p>\n<h2>Como se Preparar para o Evento<\/h2>\n<p>Para aproveitar ao m\u00e1ximo a assembleia, \u00e9 recomendado que os participantes:  <\/p>\n<ul>\n<li>Levem consigo informa\u00e7\u00f5es relevantes sobre suas respectivas cidades, incluindo dados sobre contratos de esgoto e necessidades locais.<\/li>\n<li>Elaborem uma lista de quest\u00f5es ou t\u00f3picos que gostariam de abordar durante as discuss\u00f5es.<\/li>\n<li>Estejam abertos a trocar experi\u00eancias e ouvir as realidades de outros munic\u00edpios.<\/li>\n<\/ul>\n<p>Essa abordagem proativa facilitar\u00e1 um interc\u00e2mbio produtivo e alinhado aos objetivos do encontro.<\/p>\n","protected":false},"excerpt":{"rendered":"<p>AMM e Copasa promovem assembleia importante para munic\u00edpios no dia 23 de abril.<\/p>\n","protected":false},"author":1,"featured_media":14560,"comment_status":"open","ping_status":"open","sticky":false,"template":"","format":"standard","meta":{"footnotes":""},"categories":[5],"tags":[],"class_list":["post-14561","post","type-post","status-publish","format-standard","has-post-thumbnail","hentry","category-noticias","has_thumb"],"yoast_head":"<!-- This site is optimized with the Yoast SEO plugin v28.2 - https:\/\/yoast.com\/product\/yoast-seo-wordpress\/ -->\n<title>AMM e a Copasa promovem assembleia no dia 23 de abril em Belo Horizonte | Guia Comercial de Belo Horizonte MG<\/title>\n<meta name=\"robots\" content=\"index, follow, max-snippet:-1, max-image-preview:large, max-video-preview:-1\" \/>\n<link rel=\"canonical\" href=\"https:\/\/www.encontrabelohorizonte.com.br\/guia\/amm-e-a-copasa-promovem-assembleia-no-dia-23-de-abril-em-belo-horizonte\/\" \/>\n<meta property=\"og:locale\" content=\"pt_BR\" \/>\n<meta property=\"og:type\" content=\"article\" \/>\n<meta property=\"og:title\" content=\"AMM e a Copasa promovem assembleia no dia 23 de abril em Belo Horizonte | Guia Comercial de Belo Horizonte MG\" \/>\n<meta property=\"og:description\" content=\"AMM e Copasa promovem assembleia importante para munic\u00edpios no dia 23 de abril.\" \/>\n<meta property=\"og:url\" content=\"https:\/\/www.encontrabelohorizonte.com.br\/guia\/amm-e-a-copasa-promovem-assembleia-no-dia-23-de-abril-em-belo-horizonte\/\" \/>\n<meta property=\"og:site_name\" content=\"Guia Comercial de Belo Horizonte MG\" \/>\n<meta property=\"article:published_time\" content=\"2026-04-21T09:11:12+00:00\" \/>\n<meta property=\"og:image\" content=\"https:\/\/www.encontrabelohorizonte.com.br\/guia\/wp-content\/uploads\/2026\/04\/amm-e-a-copasa-promovem-assembleia-no-dia-23-de-abril-em-belo-horizonte.webp\" \/>\n\t<meta property=\"og:image:width\" content=\"280\" \/>\n\t<meta property=\"og:image:height\" content=\"280\" \/>\n\t<meta property=\"og:image:type\" content=\"image\/webp\" \/>\n<meta name=\"author\" content=\"Encontra Belo Horizonte\" \/>\n<meta name=\"twitter:card\" content=\"summary_large_image\" \/>\n<meta name=\"twitter:label1\" content=\"Escrito por\" \/>\n\t<meta name=\"twitter:data1\" content=\"Encontra Belo Horizonte\" \/>\n\t<meta name=\"twitter:label2\" content=\"Est. tempo de leitura\" \/>\n\t<meta name=\"twitter:data2\" content=\"3 minutos\" \/>\n<script type=\"application\/ld+json\" class=\"yoast-schema-graph\">{\"@context\":\"https:\\\/\\\/schema.org\",\"@graph\":[{\"@type\":\"Article\",\"@id\":\"https:\\\/\\\/www.encontrabelohorizonte.com.br\\\/guia\\\/amm-e-a-copasa-promovem-assembleia-no-dia-23-de-abril-em-belo-horizonte\\\/#article\",\"isPartOf\":{\"@id\":\"https:\\\/\\\/www.encontrabelohorizonte.com.br\\\/guia\\\/amm-e-a-copasa-promovem-assembleia-no-dia-23-de-abril-em-belo-horizonte\\\/\"},\"author\":{\"name\":\"Encontra Belo Horizonte\",\"@id\":\"https:\\\/\\\/www.encontrabelohorizonte.com.br\\\/guia\\\/#\\\/schema\\\/person\\\/6b792069f07fee9a700a7caa85fb85a9\"},\"headline\":\"AMM e a Copasa promovem assembleia no dia 23 de abril em Belo Horizonte\",\"datePublished\":\"2026-04-21T09:11:12+00:00\",\"mainEntityOfPage\":{\"@id\":\"https:\\\/\\\/www.encontrabelohorizonte.com.br\\\/guia\\\/amm-e-a-copasa-promovem-assembleia-no-dia-23-de-abril-em-belo-horizonte\\\/\"},\"wordCount\":599,\"commentCount\":0,\"image\":{\"@id\":\"https:\\\/\\\/www.encontrabelohorizonte.com.br\\\/guia\\\/amm-e-a-copasa-promovem-assembleia-no-dia-23-de-abril-em-belo-horizonte\\\/#primaryimage\"},\"thumbnailUrl\":\"https:\\\/\\\/www.encontrabelohorizonte.com.br\\\/guia\\\/wp-content\\\/uploads\\\/2026\\\/04\\\/amm-e-a-copasa-promovem-assembleia-no-dia-23-de-abril-em-belo-horizonte.webp\",\"articleSection\":[\"Not\u00edcias Belo Horizonte\"],\"inLanguage\":\"pt-BR\",\"potentialAction\":[{\"@type\":\"CommentAction\",\"name\":\"Comment\",\"target\":[\"https:\\\/\\\/www.encontrabelohorizonte.com.br\\\/guia\\\/amm-e-a-copasa-promovem-assembleia-no-dia-23-de-abril-em-belo-horizonte\\\/#respond\"]}]},{\"@type\":\"WebPage\",\"@id\":\"https:\\\/\\\/www.encontrabelohorizonte.com.br\\\/guia\\\/amm-e-a-copasa-promovem-assembleia-no-dia-23-de-abril-em-belo-horizonte\\\/\",\"url\":\"https:\\\/\\\/www.encontrabelohorizonte.com.br\\\/guia\\\/amm-e-a-copasa-promovem-assembleia-no-dia-23-de-abril-em-belo-horizonte\\\/\",\"name\":\"AMM e a Copasa promovem assembleia no dia 23 de abril em Belo Horizonte | Guia Comercial de Belo Horizonte MG\",\"isPartOf\":{\"@id\":\"https:\\\/\\\/www.encontrabelohorizonte.com.br\\\/guia\\\/#website\"},\"primaryImageOfPage\":{\"@id\":\"https:\\\/\\\/www.encontrabelohorizonte.com.br\\\/guia\\\/amm-e-a-copasa-promovem-assembleia-no-dia-23-de-abril-em-belo-horizonte\\\/#primaryimage\"},\"image\":{\"@id\":\"https:\\\/\\\/www.encontrabelohorizonte.com.br\\\/guia\\\/amm-e-a-copasa-promovem-assembleia-no-dia-23-de-abril-em-belo-horizonte\\\/#primaryimage\"},\"thumbnailUrl\":\"https:\\\/\\\/www.encontrabelohorizonte.com.br\\\/guia\\\/wp-content\\\/uploads\\\/2026\\\/04\\\/amm-e-a-copasa-promovem-assembleia-no-dia-23-de-abril-em-belo-horizonte.webp\",\"datePublished\":\"2026-04-21T09:11:12+00:00\",\"author\":{\"@id\":\"https:\\\/\\\/www.encontrabelohorizonte.com.br\\\/guia\\\/#\\\/schema\\\/person\\\/6b792069f07fee9a700a7caa85fb85a9\"},\"inLanguage\":\"pt-BR\",\"potentialAction\":[{\"@type\":\"ReadAction\",\"target\":[\"https:\\\/\\\/www.encontrabelohorizonte.com.br\\\/guia\\\/amm-e-a-copasa-promovem-assembleia-no-dia-23-de-abril-em-belo-horizonte\\\/\"]}]},{\"@type\":\"ImageObject\",\"inLanguage\":\"pt-BR\",\"@id\":\"https:\\\/\\\/www.encontrabelohorizonte.com.br\\\/guia\\\/amm-e-a-copasa-promovem-assembleia-no-dia-23-de-abril-em-belo-horizonte\\\/#primaryimage\",\"url\":\"https:\\\/\\\/www.encontrabelohorizonte.com.br\\\/guia\\\/wp-content\\\/uploads\\\/2026\\\/04\\\/amm-e-a-copasa-promovem-assembleia-no-dia-23-de-abril-em-belo-horizonte.webp\",\"contentUrl\":\"https:\\\/\\\/www.encontrabelohorizonte.com.br\\\/guia\\\/wp-content\\\/uploads\\\/2026\\\/04\\\/amm-e-a-copasa-promovem-assembleia-no-dia-23-de-abril-em-belo-horizonte.webp\",\"width\":280,\"height\":280,\"caption\":\"assembleia AMM e Copasa\"},{\"@type\":\"WebSite\",\"@id\":\"https:\\\/\\\/www.encontrabelohorizonte.com.br\\\/guia\\\/#website\",\"url\":\"https:\\\/\\\/www.encontrabelohorizonte.com.br\\\/guia\\\/\",\"name\":\"Guia Comercial de Belo Horizonte MG\",\"description\":\"ENCONTRA BELO HORIZONTE - O guia comercial de neg\u00f3cios e empresas, cultura e divers\u00e3o na cidade de Belo Horizonte. Feito 100% para voc\u00ea morador!\",\"potentialAction\":[{\"@type\":\"SearchAction\",\"target\":{\"@type\":\"EntryPoint\",\"urlTemplate\":\"https:\\\/\\\/www.encontrabelohorizonte.com.br\\\/guia\\\/?s={search_term_string}\"},\"query-input\":{\"@type\":\"PropertyValueSpecification\",\"valueRequired\":true,\"valueName\":\"search_term_string\"}}],\"inLanguage\":\"pt-BR\"},{\"@type\":\"Person\",\"@id\":\"https:\\\/\\\/www.encontrabelohorizonte.com.br\\\/guia\\\/#\\\/schema\\\/person\\\/6b792069f07fee9a700a7caa85fb85a9\",\"name\":\"Encontra Belo Horizonte\",\"image\":{\"@type\":\"ImageObject\",\"inLanguage\":\"pt-BR\",\"@id\":\"https:\\\/\\\/secure.gravatar.com\\\/avatar\\\/c50c17820bcf322f0a8fd6b110b8c0918141409dc69076470f6fca5fee70a5d4?s=96&d=mm&r=g\",\"url\":\"https:\\\/\\\/secure.gravatar.com\\\/avatar\\\/c50c17820bcf322f0a8fd6b110b8c0918141409dc69076470f6fca5fee70a5d4?s=96&d=mm&r=g\",\"contentUrl\":\"https:\\\/\\\/secure.gravatar.com\\\/avatar\\\/c50c17820bcf322f0a8fd6b110b8c0918141409dc69076470f6fca5fee70a5d4?s=96&d=mm&r=g\",\"caption\":\"Encontra Belo Horizonte\"},\"url\":\"https:\\\/\\\/www.encontrabelohorizonte.com.br\\\/guia\\\/author\\\/encontrabelohorizonte\\\/\"}]}<\/script>\n<!-- \/ Yoast SEO plugin. -->","yoast_head_json":{"title":"AMM e a Copasa promovem assembleia no dia 23 de abril em Belo Horizonte | Guia Comercial de Belo Horizonte MG","robots":{"index":"index","follow":"follow","max-snippet":"max-snippet:-1","max-image-preview":"max-image-preview:large","max-video-preview":"max-video-preview:-1"},"canonical":"https:\/\/www.encontrabelohorizonte.com.br\/guia\/amm-e-a-copasa-promovem-assembleia-no-dia-23-de-abril-em-belo-horizonte\/","og_locale":"pt_BR","og_type":"article","og_title":"AMM e a Copasa promovem assembleia no dia 23 de abril em Belo Horizonte | Guia Comercial de Belo Horizonte MG","og_description":"AMM e Copasa promovem assembleia importante para munic\u00edpios no dia 23 de abril.","og_url":"https:\/\/www.encontrabelohorizonte.com.br\/guia\/amm-e-a-copasa-promovem-assembleia-no-dia-23-de-abril-em-belo-horizonte\/","og_site_name":"Guia Comercial de Belo Horizonte MG","article_published_time":"2026-04-21T09:11:12+00:00","og_image":[{"width":280,"height":280,"url":"https:\/\/www.encontrabelohorizonte.com.br\/guia\/wp-content\/uploads\/2026\/04\/amm-e-a-copasa-promovem-assembleia-no-dia-23-de-abril-em-belo-horizonte.webp","type":"image\/webp"}],"author":"Encontra Belo Horizonte","twitter_card":"summary_large_image","twitter_misc":{"Escrito por":"Encontra Belo Horizonte","Est. tempo de leitura":"3 minutos"},"schema":{"@context":"https:\/\/schema.org","@graph":[{"@type":"Article","@id":"https:\/\/www.encontrabelohorizonte.com.br\/guia\/amm-e-a-copasa-promovem-assembleia-no-dia-23-de-abril-em-belo-horizonte\/#article","isPartOf":{"@id":"https:\/\/www.encontrabelohorizonte.com.br\/guia\/amm-e-a-copasa-promovem-assembleia-no-dia-23-de-abril-em-belo-horizonte\/"},"author":{"name":"Encontra Belo Horizonte","@id":"https:\/\/www.encontrabelohorizonte.com.br\/guia\/#\/schema\/person\/6b792069f07fee9a700a7caa85fb85a9"},"headline":"AMM e a Copasa promovem assembleia no dia 23 de abril em Belo Horizonte","datePublished":"2026-04-21T09:11:12+00:00","mainEntityOfPage":{"@id":"https:\/\/www.encontrabelohorizonte.com.br\/guia\/amm-e-a-copasa-promovem-assembleia-no-dia-23-de-abril-em-belo-horizonte\/"},"wordCount":599,"commentCount":0,"image":{"@id":"https:\/\/www.encontrabelohorizonte.com.br\/guia\/amm-e-a-copasa-promovem-assembleia-no-dia-23-de-abril-em-belo-horizonte\/#primaryimage"},"thumbnailUrl":"https:\/\/www.encontrabelohorizonte.com.br\/guia\/wp-content\/uploads\/2026\/04\/amm-e-a-copasa-promovem-assembleia-no-dia-23-de-abril-em-belo-horizonte.webp","articleSection":["Not\u00edcias Belo Horizonte"],"inLanguage":"pt-BR","potentialAction":[{"@type":"CommentAction","name":"Comment","target":["https:\/\/www.encontrabelohorizonte.com.br\/guia\/amm-e-a-copasa-promovem-assembleia-no-dia-23-de-abril-em-belo-horizonte\/#respond"]}]},{"@type":"WebPage","@id":"https:\/\/www.encontrabelohorizonte.com.br\/guia\/amm-e-a-copasa-promovem-assembleia-no-dia-23-de-abril-em-belo-horizonte\/","url":"https:\/\/www.encontrabelohorizonte.com.br\/guia\/amm-e-a-copasa-promovem-assembleia-no-dia-23-de-abril-em-belo-horizonte\/","name":"AMM e a Copasa promovem assembleia no dia 23 de abril em Belo Horizonte | Guia Comercial de Belo Horizonte MG","isPartOf":{"@id":"https:\/\/www.encontrabelohorizonte.com.br\/guia\/#website"},"primaryImageOfPage":{"@id":"https:\/\/www.encontrabelohorizonte.com.br\/guia\/amm-e-a-copasa-promovem-assembleia-no-dia-23-de-abril-em-belo-horizonte\/#primaryimage"},"image":{"@id":"https:\/\/www.encontrabelohorizonte.com.br\/guia\/amm-e-a-copasa-promovem-assembleia-no-dia-23-de-abril-em-belo-horizonte\/#primaryimage"},"thumbnailUrl":"https:\/\/www.encontrabelohorizonte.com.br\/guia\/wp-content\/uploads\/2026\/04\/amm-e-a-copasa-promovem-assembleia-no-dia-23-de-abril-em-belo-horizonte.webp","datePublished":"2026-04-21T09:11:12+00:00","author":{"@id":"https:\/\/www.encontrabelohorizonte.com.br\/guia\/#\/schema\/person\/6b792069f07fee9a700a7caa85fb85a9"},"inLanguage":"pt-BR","potentialAction":[{"@type":"ReadAction","target":["https:\/\/www.encontrabelohorizonte.com.br\/guia\/amm-e-a-copasa-promovem-assembleia-no-dia-23-de-abril-em-belo-horizonte\/"]}]},{"@type":"ImageObject","inLanguage":"pt-BR","@id":"https:\/\/www.encontrabelohorizonte.com.br\/guia\/amm-e-a-copasa-promovem-assembleia-no-dia-23-de-abril-em-belo-horizonte\/#primaryimage","url":"https:\/\/www.encontrabelohorizonte.com.br\/guia\/wp-content\/uploads\/2026\/04\/amm-e-a-copasa-promovem-assembleia-no-dia-23-de-abril-em-belo-horizonte.webp","contentUrl":"https:\/\/www.encontrabelohorizonte.com.br\/guia\/wp-content\/uploads\/2026\/04\/amm-e-a-copasa-promovem-assembleia-no-dia-23-de-abril-em-belo-horizonte.webp","width":280,"height":280,"caption":"assembleia AMM e Copasa"},{"@type":"WebSite","@id":"https:\/\/www.encontrabelohorizonte.com.br\/guia\/#website","url":"https:\/\/www.encontrabelohorizonte.com.br\/guia\/","name":"Guia Comercial de Belo Horizonte MG","description":"ENCONTRA BELO HORIZONTE - O guia comercial de neg\u00f3cios e empresas, cultura e divers\u00e3o na cidade de Belo Horizonte. Feito 100% para voc\u00ea morador!","potentialAction":[{"@type":"SearchAction","target":{"@type":"EntryPoint","urlTemplate":"https:\/\/www.encontrabelohorizonte.com.br\/guia\/?s={search_term_string}"},"query-input":{"@type":"PropertyValueSpecification","valueRequired":true,"valueName":"search_term_string"}}],"inLanguage":"pt-BR"},{"@type":"Person","@id":"https:\/\/www.encontrabelohorizonte.com.br\/guia\/#\/schema\/person\/6b792069f07fee9a700a7caa85fb85a9","name":"Encontra Belo Horizonte","image":{"@type":"ImageObject","inLanguage":"pt-BR","@id":"https:\/\/secure.gravatar.com\/avatar\/c50c17820bcf322f0a8fd6b110b8c0918141409dc69076470f6fca5fee70a5d4?s=96&d=mm&r=g","url":"https:\/\/secure.gravatar.com\/avatar\/c50c17820bcf322f0a8fd6b110b8c0918141409dc69076470f6fca5fee70a5d4?s=96&d=mm&r=g","contentUrl":"https:\/\/secure.gravatar.com\/avatar\/c50c17820bcf322f0a8fd6b110b8c0918141409dc69076470f6fca5fee70a5d4?s=96&d=mm&r=g","caption":"Encontra Belo Horizonte"},"url":"https:\/\/www.encontrabelohorizonte.com.br\/guia\/author\/encontrabelohorizonte\/"}]}},"_links":{"self":[{"href":"https:\/\/www.encontrabelohorizonte.com.br\/guia\/wp-json\/wp\/v2\/posts\/14561","targetHints":{"allow":["GET"]}}],"collection":[{"href":"https:\/\/www.encontrabelohorizonte.com.br\/guia\/wp-json\/wp\/v2\/posts"}],"about":[{"href":"https:\/\/www.encontrabelohorizonte.com.br\/guia\/wp-json\/wp\/v2\/types\/post"}],"author":[{"embeddable":true,"href":"https:\/\/www.encontrabelohorizonte.com.br\/guia\/wp-json\/wp\/v2\/users\/1"}],"replies":[{"embeddable":true,"href":"https:\/\/www.encontrabelohorizonte.com.br\/guia\/wp-json\/wp\/v2\/comments?post=14561"}],"version-history":[{"count":0,"href":"https:\/\/www.encontrabelohorizonte.com.br\/guia\/wp-json\/wp\/v2\/posts\/14561\/revisions"}],"wp:featuredmedia":[{"embeddable":true,"href":"https:\/\/www.encontrabelohorizonte.com.br\/guia\/wp-json\/wp\/v2\/media\/14560"}],"wp:attachment":[{"href":"https:\/\/www.encontrabelohorizonte.com.br\/guia\/wp-json\/wp\/v2\/media?parent=14561"}],"wp:term":[{"taxonomy":"category","embeddable":true,"href":"https:\/\/www.encontrabelohorizonte.com.br\/guia\/wp-json\/wp\/v2\/categories?post=14561"},{"taxonomy":"post_tag","embeddable":true,"href":"https:\/\/www.encontrabelohorizonte.com.br\/guia\/wp-json\/wp\/v2\/tags?post=14561"}],"curies":[{"name":"wp","href":"https:\/\/api.w.org\/{rel}","templated":true}]}}