{"id":14599,"date":"2026-05-04T06:11:44","date_gmt":"2026-05-04T09:11:44","guid":{"rendered":"https:\/\/www.encontrabelohorizonte.com.br\/guia\/governo-de-minas-e-prefeituras-avancam-na-governanca-integrada-da-mobilidade-na-regiao-metropolitana-de-belo-horizonte\/"},"modified":"2026-05-04T06:11:44","modified_gmt":"2026-05-04T09:11:44","slug":"governo-de-minas-e-prefeituras-avancam-na-governanca-integrada-da-mobilidade-na-regiao-metropolitana-de-belo-horizonte","status":"publish","type":"post","link":"https:\/\/www.encontrabelohorizonte.com.br\/guia\/governo-de-minas-e-prefeituras-avancam-na-governanca-integrada-da-mobilidade-na-regiao-metropolitana-de-belo-horizonte\/","title":{"rendered":"Governo de Minas e prefeituras avan\u00e7am na governan\u00e7a integrada da mobilidade na Regi\u00e3o Metropolitana de Belo Horizonte"},"content":{"rendered":"<h2>O que \u00e9 SEO?<\/h2>\n<p>SEO, ou <strong>otimiza\u00e7\u00e3o para mecanismos de busca<\/strong>, refere-se ao conjunto de pr\u00e1ticas que visam aumentar a visibilidade de um site nos resultados org\u00e2nicos de ferramentas de busca, como o Google. O SEO busca garantir que, quando usu\u00e1rios realizam uma pesquisa, as p\u00e1ginas de um site espec\u00edfico se destaquem. O principal objetivo \u00e9 posicionar essas p\u00e1ginas nas primeiras posi\u00e7\u00f5es dos resultados.<\/p>\n<h2>Por que o SEO \u00e9 Importante?<\/h2>\n<p>O SEO possui import\u00e2ncia consider\u00e1vel por v\u00e1rias raz\u00f5es:<\/p>\n<ul>\n<li><strong>Elevado Tr\u00e1fego:<\/strong> Um posicionamento otimizado resulta em mais visitantes ao site.<\/li>\n<li><strong>Credibilidade:<\/strong> Sites que se encontram nas primeiras posi\u00e7\u00f5es s\u00e3o frequentemente percebidos como mais confi\u00e1veis.<\/li>\n<li><strong>Experi\u00eancia do Usu\u00e1rio Aperfei\u00e7oada:<\/strong> Uma abordagem adequada ao SEO garante que o site seja mais organizado e de f\u00e1cil navega\u00e7\u00e3o.<\/li>\n<li><strong>Custo-efetividade:<\/strong> Com rela\u00e7\u00e3o a outras estrat\u00e9gias de marketing, o SEO costuma oferecer um retorno sobre investimento (ROI) superior.<\/li>\n<\/ul>\n<h2>Como Funciona o SEO?<\/h2>\n<p>O SEO opera em tr\u00eas \u00e1reas principais:<\/p>\n<p><img decoding=\"async\" src=\"https:\/\/www.encontrabelohorizonte.com.br\/guia\/wp-content\/uploads\/2026\/05\/governo-de-minas-e-prefeituras-avancam-na-governanca-integrada-da-mobilidade-na-regiao-metropolitana.webp\" alt=\"estrat\u00e9gias de SEO\" loading=\"lazy\" \/><\/p>\n<ul>\n<li><strong>SEO On-page:<\/strong> Concentra-se na otimiza\u00e7\u00e3o de conte\u00fado e na estrutura digital de um site.<\/li>\n<li><strong>SEO Off-page:<\/strong> Cobre a\u00e7\u00f5es que acontecem fora do seu site, mas que influenciam seu ranking, incluindo backlinks.<\/li>\n<li><strong>SEO T\u00e9cnico:<\/strong> Assegura que a infraestrutura do seu site esteja em conformidade com as normativas dos mecanismos de busca.<\/li>\n<\/ul>\n<h2>SEO On-page<\/h2>\n<p>O SEO On-page \u00e9 essencial para qualquer estrat\u00e9gia. Ele abrange:<\/p>\n<ul>\n<li><strong>Palavras-chave:<\/strong> Identifique as palavras-chave relevantes que seu p\u00fablico-alvo busca.<\/li>\n<li><strong>T\u00edtulos e Meta Descri\u00e7\u00f5es:<\/strong> Crie t\u00edtulos atraentes e meta descri\u00e7\u00f5es que chamem aten\u00e7\u00e3o.<\/li>\n<li><strong>URLs Amig\u00e1veis:<\/strong> Desenvolva URLs simples e diretas que incluam palavras-chave salientes.<\/li>\n<li><strong>Conte\u00fado de Valor:<\/strong> Gerar conte\u00fado original que forne\u00e7a respostas e solu\u00e7\u00f5es para as indaga\u00e7\u00f5es dos usu\u00e1rios.<\/li>\n<li><strong>Imagens Otimizadas:<\/strong> Sendo imagens de qualidade, use descri\u00e7\u00f5es e tags alt apropriadas.<\/li>\n<\/ul>\n<h2>SEO Off-page<\/h2>\n<p>O SEO Off-page \u00e9 voltado para a constru\u00e7\u00e3o de autoridade do site. Os principais m\u00e9todos incluem:<\/p>\n<ul>\n<li><strong>Backlinks:<\/strong> Melhore sua visibilidade obtendo links de outros sites relevantes.<\/li>\n<li><strong>Redes Sociais:<\/strong> Compartilhe seu conte\u00fado nas plataformas sociais para expandir sua presen\u00e7a.<\/li>\n<li><strong>Guest Blogging:<\/strong> Escreva para blogs de terceiros como uma maneira de divulgar seu pr\u00f3prio site e adquirir links.<\/li>\n<li><strong>Intera\u00e7\u00e3o em Comunidades:<\/strong> Participe ativamente de f\u00f3runs e grupos relacionados ao seu nicho.<\/li>\n<\/ul>\n<h2>SEO T\u00e9cnico<\/h2>\n<p>A parte t\u00e9cnica do SEO assegura que o site funcione de maneira eficaz. Isso envolve:<\/p>\n<ul>\n<li><strong>Velocidade do Site:<\/strong> Um site que carrega rapidamente melhora a experi\u00eancia do usu\u00e1rio e o ranking.<\/li>\n<li><strong>Adaptabilidade para Dispositivos M\u00f3veis:<\/strong> \u00c9 vital que seu site seja responsivo e opere corretamente em dispositivos m\u00f3veis.<\/li>\n<li><strong>Arquivo Robots.txt:<\/strong> Use este arquivo para determinar quais p\u00e1ginas podem ser indexadas.<\/li>\n<li><strong>Arquivo Sitemap:<\/strong> Crie um sitemap XML para facilitar a indexa\u00e7\u00e3o do seu site pelos motores de busca.<\/li>\n<\/ul>\n<h2>A Import\u00e2ncia da Pesquisa de Palavras-Chave<\/h2>\n<p>A pesquisa de palavras-chave \u00e9 um pilar para o sucesso em SEO. Comece por:<\/p>\n<ul>\n<li><strong>Compreender Seu P\u00fablico:<\/strong> Analise as necessidades e interesses do seu p\u00fablico-alvo.<\/li>\n<li><strong>Ferramentas de Pesquisa:<\/strong> Use ferramentas como Google Keyword Planner, SEMrush e Ahrefs para descobrir palavras-chave.<\/li>\n<li><strong>Palavras-chave de Longa Cauda:<\/strong> Priorize palavras-chave espec\u00edficas que tenham menos concorr\u00eancia.<\/li>\n<\/ul>\n<h2>O Papel do Conte\u00fado de Qualidade<\/h2>\n<p>Criar conte\u00fado de qualidade \u00e9 fundamental para uma boa estrat\u00e9gia de SEO. Aqui est\u00e3o algumas sugest\u00f5es:<\/p>\n<ul>\n<li><strong>Resolver D\u00favidas:<\/strong> Seu conte\u00fado deve ser direcionado a solucionar as quest\u00f5es e problemas dos usu\u00e1rios.<\/li>\n<li><strong>Atualiza\u00e7\u00f5es Constantes:<\/strong> Mantenha seu conte\u00fado sempre atualizado para garantir sua relev\u00e2ncia ao longo do tempo.<\/li>\n<li><strong>Varia\u00e7\u00e3o de Formatos:<\/strong> Experimente diferentes formatos, como v\u00eddeos, infogr\u00e1ficos e artigos de blog.<\/li>\n<\/ul>\n<h2>Otimiza\u00e7\u00e3o On-page e Off-page<\/h2>\n<p>Quando se trata de SEO, tanto a otimiza\u00e7\u00e3o on-page quanto off-page s\u00e3o vitais. O SEO on-page foca nas melhorias feitas diretamente no site, enquanto o off-page se concentra na constru\u00e7\u00e3o de um perfil de link confi\u00e1vel. Essa sinergia \u00e9 fundamental para maximizar a visibilidade e a autoridade do site.<\/p>\n<h2>Ferramentas \u00dateis para SEO<\/h2>\n<p>Uma variedade de ferramentas pode ajudar a facilitar seu processo de SEO:<\/p>\n<ul>\n<li><strong>SEMrush:<\/strong> Ideal para investigar palavras-chave e analisar a concorr\u00eancia.<\/li>\n<li><strong>Ahrefs:<\/strong> Excelente para auditoria de site e an\u00e1lise de backlinks.<\/li>\n<li><strong>Yoast SEO:<\/strong> Um plugin muito \u00fatil para otimiza\u00e7\u00e3o em sites WordPress.<\/li>\n<li><strong>Google Trends:<\/strong> Para acompanhar tend\u00eancias e palavras-chave em alta.<\/li>\n<\/ul>\n<h2>Como Analisar Resultados de SEO<\/h2>\n<p>Ap\u00f3s implementar estrat\u00e9gias de SEO, \u00e9 essencial monitorar os resultados. Considere o seguinte:<\/p>\n<ul>\n<li><strong>Google Analytics:<\/strong> Ferramenta para an\u00e1lises de tr\u00e1fego e comportamento dos visitantes no seu site.<\/li>\n<li><strong>Google Search Console:<\/strong> Monitora o desempenho nas buscas e identifica problemas t\u00e9cnicos.<\/li>\n<li><strong>Ajustes Constantes:<\/strong> Esteja preparado para modificar sua estrat\u00e9gia com base nos dados coletados.<\/li>\n<\/ul>\n<h2>Tend\u00eancias Futuras em SEO<\/h2>\n<p>O campo do SEO est\u00e1 em constante adapta\u00e7\u00e3o. Esteja atento \u00e0s novas tend\u00eancias, como:<\/p>\n<ul>\n<li><strong>Intelig\u00eancia Artificial:<\/strong> A aplica\u00e7\u00e3o de IA nas buscas provavelmente aumentar\u00e1, tornando a qualidade do conte\u00fado ainda mais relevante.<\/li>\n<li><strong>Resultados Personalizados:<\/strong> A personaliza\u00e7\u00e3o nas buscas exigir\u00e1 uma segmenta\u00e7\u00e3o mais estrat\u00e9gica do p\u00fablico.<\/li>\n<li><strong>Conte\u00fado Visual:<\/strong> A demanda por conte\u00fado visual tende a crescer, tornando os v\u00eddeos e infogr\u00e1ficos essenciais.<\/li>\n<\/ul>\n","protected":false},"excerpt":{"rendered":"<p>Melhore seu site agora mesmo com as melhores estrat\u00e9gias de SEO.<\/p>\n","protected":false},"author":1,"featured_media":14598,"comment_status":"open","ping_status":"open","sticky":false,"template":"","format":"standard","meta":{"footnotes":""},"categories":[5],"tags":[],"class_list":["post-14599","post","type-post","status-publish","format-standard","has-post-thumbnail","hentry","category-noticias","has_thumb"],"yoast_head":"<!-- This site is optimized with the Yoast SEO plugin v28.2 - https:\/\/yoast.com\/product\/yoast-seo-wordpress\/ -->\n<title>Governo de Minas e prefeituras avan\u00e7am na governan\u00e7a integrada da mobilidade na Regi\u00e3o Metropolitana de Belo Horizonte | Guia Comercial de Belo Horizonte MG<\/title>\n<meta name=\"robots\" content=\"index, follow, max-snippet:-1, max-image-preview:large, max-video-preview:-1\" \/>\n<link rel=\"canonical\" href=\"https:\/\/www.encontrabelohorizonte.com.br\/guia\/governo-de-minas-e-prefeituras-avancam-na-governanca-integrada-da-mobilidade-na-regiao-metropolitana-de-belo-horizonte\/\" \/>\n<meta property=\"og:locale\" content=\"pt_BR\" \/>\n<meta property=\"og:type\" content=\"article\" \/>\n<meta property=\"og:title\" content=\"Governo de Minas e prefeituras avan\u00e7am na governan\u00e7a integrada da mobilidade na Regi\u00e3o Metropolitana de Belo Horizonte | Guia Comercial de Belo Horizonte MG\" \/>\n<meta property=\"og:description\" content=\"Melhore seu site agora mesmo com as melhores estrat\u00e9gias de SEO.\" \/>\n<meta property=\"og:url\" content=\"https:\/\/www.encontrabelohorizonte.com.br\/guia\/governo-de-minas-e-prefeituras-avancam-na-governanca-integrada-da-mobilidade-na-regiao-metropolitana-de-belo-horizonte\/\" \/>\n<meta property=\"og:site_name\" content=\"Guia Comercial de Belo Horizonte MG\" \/>\n<meta property=\"article:published_time\" content=\"2026-05-04T09:11:44+00:00\" \/>\n<meta property=\"og:image\" content=\"https:\/\/www.encontrabelohorizonte.com.br\/guia\/wp-content\/uploads\/2026\/05\/governo-de-minas-e-prefeituras-avancam-na-governanca-integrada-da-mobilidade-na-regiao-metropolitana.webp\" \/>\n\t<meta property=\"og:image:width\" content=\"280\" \/>\n\t<meta property=\"og:image:height\" content=\"280\" \/>\n\t<meta property=\"og:image:type\" content=\"image\/webp\" \/>\n<meta name=\"author\" content=\"Encontra Belo Horizonte\" \/>\n<meta name=\"twitter:card\" content=\"summary_large_image\" \/>\n<meta name=\"twitter:label1\" content=\"Escrito por\" \/>\n\t<meta name=\"twitter:data1\" content=\"Encontra Belo Horizonte\" \/>\n\t<meta name=\"twitter:label2\" content=\"Est. tempo de leitura\" \/>\n\t<meta name=\"twitter:data2\" content=\"4 minutos\" \/>\n<script type=\"application\/ld+json\" class=\"yoast-schema-graph\">{\"@context\":\"https:\\\/\\\/schema.org\",\"@graph\":[{\"@type\":\"Article\",\"@id\":\"https:\\\/\\\/www.encontrabelohorizonte.com.br\\\/guia\\\/governo-de-minas-e-prefeituras-avancam-na-governanca-integrada-da-mobilidade-na-regiao-metropolitana-de-belo-horizonte\\\/#article\",\"isPartOf\":{\"@id\":\"https:\\\/\\\/www.encontrabelohorizonte.com.br\\\/guia\\\/governo-de-minas-e-prefeituras-avancam-na-governanca-integrada-da-mobilidade-na-regiao-metropolitana-de-belo-horizonte\\\/\"},\"author\":{\"name\":\"Encontra Belo Horizonte\",\"@id\":\"https:\\\/\\\/www.encontrabelohorizonte.com.br\\\/guia\\\/#\\\/schema\\\/person\\\/6b792069f07fee9a700a7caa85fb85a9\"},\"headline\":\"Governo de Minas e prefeituras avan\u00e7am na governan\u00e7a integrada da mobilidade na Regi\u00e3o Metropolitana de Belo Horizonte\",\"datePublished\":\"2026-05-04T09:11:44+00:00\",\"mainEntityOfPage\":{\"@id\":\"https:\\\/\\\/www.encontrabelohorizonte.com.br\\\/guia\\\/governo-de-minas-e-prefeituras-avancam-na-governanca-integrada-da-mobilidade-na-regiao-metropolitana-de-belo-horizonte\\\/\"},\"wordCount\":895,\"commentCount\":0,\"image\":{\"@id\":\"https:\\\/\\\/www.encontrabelohorizonte.com.br\\\/guia\\\/governo-de-minas-e-prefeituras-avancam-na-governanca-integrada-da-mobilidade-na-regiao-metropolitana-de-belo-horizonte\\\/#primaryimage\"},\"thumbnailUrl\":\"https:\\\/\\\/www.encontrabelohorizonte.com.br\\\/guia\\\/wp-content\\\/uploads\\\/2026\\\/05\\\/governo-de-minas-e-prefeituras-avancam-na-governanca-integrada-da-mobilidade-na-regiao-metropolitana.webp\",\"articleSection\":[\"Not\u00edcias Belo Horizonte\"],\"inLanguage\":\"pt-BR\",\"potentialAction\":[{\"@type\":\"CommentAction\",\"name\":\"Comment\",\"target\":[\"https:\\\/\\\/www.encontrabelohorizonte.com.br\\\/guia\\\/governo-de-minas-e-prefeituras-avancam-na-governanca-integrada-da-mobilidade-na-regiao-metropolitana-de-belo-horizonte\\\/#respond\"]}]},{\"@type\":\"WebPage\",\"@id\":\"https:\\\/\\\/www.encontrabelohorizonte.com.br\\\/guia\\\/governo-de-minas-e-prefeituras-avancam-na-governanca-integrada-da-mobilidade-na-regiao-metropolitana-de-belo-horizonte\\\/\",\"url\":\"https:\\\/\\\/www.encontrabelohorizonte.com.br\\\/guia\\\/governo-de-minas-e-prefeituras-avancam-na-governanca-integrada-da-mobilidade-na-regiao-metropolitana-de-belo-horizonte\\\/\",\"name\":\"Governo de Minas e prefeituras avan\u00e7am na governan\u00e7a integrada da mobilidade na Regi\u00e3o Metropolitana de Belo Horizonte | Guia Comercial de Belo Horizonte MG\",\"isPartOf\":{\"@id\":\"https:\\\/\\\/www.encontrabelohorizonte.com.br\\\/guia\\\/#website\"},\"primaryImageOfPage\":{\"@id\":\"https:\\\/\\\/www.encontrabelohorizonte.com.br\\\/guia\\\/governo-de-minas-e-prefeituras-avancam-na-governanca-integrada-da-mobilidade-na-regiao-metropolitana-de-belo-horizonte\\\/#primaryimage\"},\"image\":{\"@id\":\"https:\\\/\\\/www.encontrabelohorizonte.com.br\\\/guia\\\/governo-de-minas-e-prefeituras-avancam-na-governanca-integrada-da-mobilidade-na-regiao-metropolitana-de-belo-horizonte\\\/#primaryimage\"},\"thumbnailUrl\":\"https:\\\/\\\/www.encontrabelohorizonte.com.br\\\/guia\\\/wp-content\\\/uploads\\\/2026\\\/05\\\/governo-de-minas-e-prefeituras-avancam-na-governanca-integrada-da-mobilidade-na-regiao-metropolitana.webp\",\"datePublished\":\"2026-05-04T09:11:44+00:00\",\"author\":{\"@id\":\"https:\\\/\\\/www.encontrabelohorizonte.com.br\\\/guia\\\/#\\\/schema\\\/person\\\/6b792069f07fee9a700a7caa85fb85a9\"},\"inLanguage\":\"pt-BR\",\"potentialAction\":[{\"@type\":\"ReadAction\",\"target\":[\"https:\\\/\\\/www.encontrabelohorizonte.com.br\\\/guia\\\/governo-de-minas-e-prefeituras-avancam-na-governanca-integrada-da-mobilidade-na-regiao-metropolitana-de-belo-horizonte\\\/\"]}]},{\"@type\":\"ImageObject\",\"inLanguage\":\"pt-BR\",\"@id\":\"https:\\\/\\\/www.encontrabelohorizonte.com.br\\\/guia\\\/governo-de-minas-e-prefeituras-avancam-na-governanca-integrada-da-mobilidade-na-regiao-metropolitana-de-belo-horizonte\\\/#primaryimage\",\"url\":\"https:\\\/\\\/www.encontrabelohorizonte.com.br\\\/guia\\\/wp-content\\\/uploads\\\/2026\\\/05\\\/governo-de-minas-e-prefeituras-avancam-na-governanca-integrada-da-mobilidade-na-regiao-metropolitana.webp\",\"contentUrl\":\"https:\\\/\\\/www.encontrabelohorizonte.com.br\\\/guia\\\/wp-content\\\/uploads\\\/2026\\\/05\\\/governo-de-minas-e-prefeituras-avancam-na-governanca-integrada-da-mobilidade-na-regiao-metropolitana.webp\",\"width\":280,\"height\":280,\"caption\":\"estrat\u00e9gias de SEO\"},{\"@type\":\"WebSite\",\"@id\":\"https:\\\/\\\/www.encontrabelohorizonte.com.br\\\/guia\\\/#website\",\"url\":\"https:\\\/\\\/www.encontrabelohorizonte.com.br\\\/guia\\\/\",\"name\":\"Guia Comercial de Belo Horizonte MG\",\"description\":\"ENCONTRA BELO HORIZONTE - O guia comercial de neg\u00f3cios e empresas, cultura e divers\u00e3o na cidade de Belo Horizonte. Feito 100% para voc\u00ea morador!\",\"potentialAction\":[{\"@type\":\"SearchAction\",\"target\":{\"@type\":\"EntryPoint\",\"urlTemplate\":\"https:\\\/\\\/www.encontrabelohorizonte.com.br\\\/guia\\\/?s={search_term_string}\"},\"query-input\":{\"@type\":\"PropertyValueSpecification\",\"valueRequired\":true,\"valueName\":\"search_term_string\"}}],\"inLanguage\":\"pt-BR\"},{\"@type\":\"Person\",\"@id\":\"https:\\\/\\\/www.encontrabelohorizonte.com.br\\\/guia\\\/#\\\/schema\\\/person\\\/6b792069f07fee9a700a7caa85fb85a9\",\"name\":\"Encontra Belo Horizonte\",\"image\":{\"@type\":\"ImageObject\",\"inLanguage\":\"pt-BR\",\"@id\":\"https:\\\/\\\/secure.gravatar.com\\\/avatar\\\/c50c17820bcf322f0a8fd6b110b8c0918141409dc69076470f6fca5fee70a5d4?s=96&d=mm&r=g\",\"url\":\"https:\\\/\\\/secure.gravatar.com\\\/avatar\\\/c50c17820bcf322f0a8fd6b110b8c0918141409dc69076470f6fca5fee70a5d4?s=96&d=mm&r=g\",\"contentUrl\":\"https:\\\/\\\/secure.gravatar.com\\\/avatar\\\/c50c17820bcf322f0a8fd6b110b8c0918141409dc69076470f6fca5fee70a5d4?s=96&d=mm&r=g\",\"caption\":\"Encontra Belo Horizonte\"},\"url\":\"https:\\\/\\\/www.encontrabelohorizonte.com.br\\\/guia\\\/author\\\/encontrabelohorizonte\\\/\"}]}<\/script>\n<!-- \/ Yoast SEO plugin. -->","yoast_head_json":{"title":"Governo de Minas e prefeituras avan\u00e7am na governan\u00e7a integrada da mobilidade na Regi\u00e3o Metropolitana de Belo Horizonte | Guia Comercial de Belo Horizonte MG","robots":{"index":"index","follow":"follow","max-snippet":"max-snippet:-1","max-image-preview":"max-image-preview:large","max-video-preview":"max-video-preview:-1"},"canonical":"https:\/\/www.encontrabelohorizonte.com.br\/guia\/governo-de-minas-e-prefeituras-avancam-na-governanca-integrada-da-mobilidade-na-regiao-metropolitana-de-belo-horizonte\/","og_locale":"pt_BR","og_type":"article","og_title":"Governo de Minas e prefeituras avan\u00e7am na governan\u00e7a integrada da mobilidade na Regi\u00e3o Metropolitana de Belo Horizonte | Guia Comercial de Belo Horizonte MG","og_description":"Melhore seu site agora mesmo com as melhores estrat\u00e9gias de SEO.","og_url":"https:\/\/www.encontrabelohorizonte.com.br\/guia\/governo-de-minas-e-prefeituras-avancam-na-governanca-integrada-da-mobilidade-na-regiao-metropolitana-de-belo-horizonte\/","og_site_name":"Guia Comercial de Belo Horizonte MG","article_published_time":"2026-05-04T09:11:44+00:00","og_image":[{"width":280,"height":280,"url":"https:\/\/www.encontrabelohorizonte.com.br\/guia\/wp-content\/uploads\/2026\/05\/governo-de-minas-e-prefeituras-avancam-na-governanca-integrada-da-mobilidade-na-regiao-metropolitana.webp","type":"image\/webp"}],"author":"Encontra Belo Horizonte","twitter_card":"summary_large_image","twitter_misc":{"Escrito por":"Encontra Belo Horizonte","Est. tempo de leitura":"4 minutos"},"schema":{"@context":"https:\/\/schema.org","@graph":[{"@type":"Article","@id":"https:\/\/www.encontrabelohorizonte.com.br\/guia\/governo-de-minas-e-prefeituras-avancam-na-governanca-integrada-da-mobilidade-na-regiao-metropolitana-de-belo-horizonte\/#article","isPartOf":{"@id":"https:\/\/www.encontrabelohorizonte.com.br\/guia\/governo-de-minas-e-prefeituras-avancam-na-governanca-integrada-da-mobilidade-na-regiao-metropolitana-de-belo-horizonte\/"},"author":{"name":"Encontra Belo Horizonte","@id":"https:\/\/www.encontrabelohorizonte.com.br\/guia\/#\/schema\/person\/6b792069f07fee9a700a7caa85fb85a9"},"headline":"Governo de Minas e prefeituras avan\u00e7am na governan\u00e7a integrada da mobilidade na Regi\u00e3o Metropolitana de Belo Horizonte","datePublished":"2026-05-04T09:11:44+00:00","mainEntityOfPage":{"@id":"https:\/\/www.encontrabelohorizonte.com.br\/guia\/governo-de-minas-e-prefeituras-avancam-na-governanca-integrada-da-mobilidade-na-regiao-metropolitana-de-belo-horizonte\/"},"wordCount":895,"commentCount":0,"image":{"@id":"https:\/\/www.encontrabelohorizonte.com.br\/guia\/governo-de-minas-e-prefeituras-avancam-na-governanca-integrada-da-mobilidade-na-regiao-metropolitana-de-belo-horizonte\/#primaryimage"},"thumbnailUrl":"https:\/\/www.encontrabelohorizonte.com.br\/guia\/wp-content\/uploads\/2026\/05\/governo-de-minas-e-prefeituras-avancam-na-governanca-integrada-da-mobilidade-na-regiao-metropolitana.webp","articleSection":["Not\u00edcias Belo Horizonte"],"inLanguage":"pt-BR","potentialAction":[{"@type":"CommentAction","name":"Comment","target":["https:\/\/www.encontrabelohorizonte.com.br\/guia\/governo-de-minas-e-prefeituras-avancam-na-governanca-integrada-da-mobilidade-na-regiao-metropolitana-de-belo-horizonte\/#respond"]}]},{"@type":"WebPage","@id":"https:\/\/www.encontrabelohorizonte.com.br\/guia\/governo-de-minas-e-prefeituras-avancam-na-governanca-integrada-da-mobilidade-na-regiao-metropolitana-de-belo-horizonte\/","url":"https:\/\/www.encontrabelohorizonte.com.br\/guia\/governo-de-minas-e-prefeituras-avancam-na-governanca-integrada-da-mobilidade-na-regiao-metropolitana-de-belo-horizonte\/","name":"Governo de Minas e prefeituras avan\u00e7am na governan\u00e7a integrada da mobilidade na Regi\u00e3o Metropolitana de Belo Horizonte | Guia Comercial de Belo Horizonte MG","isPartOf":{"@id":"https:\/\/www.encontrabelohorizonte.com.br\/guia\/#website"},"primaryImageOfPage":{"@id":"https:\/\/www.encontrabelohorizonte.com.br\/guia\/governo-de-minas-e-prefeituras-avancam-na-governanca-integrada-da-mobilidade-na-regiao-metropolitana-de-belo-horizonte\/#primaryimage"},"image":{"@id":"https:\/\/www.encontrabelohorizonte.com.br\/guia\/governo-de-minas-e-prefeituras-avancam-na-governanca-integrada-da-mobilidade-na-regiao-metropolitana-de-belo-horizonte\/#primaryimage"},"thumbnailUrl":"https:\/\/www.encontrabelohorizonte.com.br\/guia\/wp-content\/uploads\/2026\/05\/governo-de-minas-e-prefeituras-avancam-na-governanca-integrada-da-mobilidade-na-regiao-metropolitana.webp","datePublished":"2026-05-04T09:11:44+00:00","author":{"@id":"https:\/\/www.encontrabelohorizonte.com.br\/guia\/#\/schema\/person\/6b792069f07fee9a700a7caa85fb85a9"},"inLanguage":"pt-BR","potentialAction":[{"@type":"ReadAction","target":["https:\/\/www.encontrabelohorizonte.com.br\/guia\/governo-de-minas-e-prefeituras-avancam-na-governanca-integrada-da-mobilidade-na-regiao-metropolitana-de-belo-horizonte\/"]}]},{"@type":"ImageObject","inLanguage":"pt-BR","@id":"https:\/\/www.encontrabelohorizonte.com.br\/guia\/governo-de-minas-e-prefeituras-avancam-na-governanca-integrada-da-mobilidade-na-regiao-metropolitana-de-belo-horizonte\/#primaryimage","url":"https:\/\/www.encontrabelohorizonte.com.br\/guia\/wp-content\/uploads\/2026\/05\/governo-de-minas-e-prefeituras-avancam-na-governanca-integrada-da-mobilidade-na-regiao-metropolitana.webp","contentUrl":"https:\/\/www.encontrabelohorizonte.com.br\/guia\/wp-content\/uploads\/2026\/05\/governo-de-minas-e-prefeituras-avancam-na-governanca-integrada-da-mobilidade-na-regiao-metropolitana.webp","width":280,"height":280,"caption":"estrat\u00e9gias de SEO"},{"@type":"WebSite","@id":"https:\/\/www.encontrabelohorizonte.com.br\/guia\/#website","url":"https:\/\/www.encontrabelohorizonte.com.br\/guia\/","name":"Guia Comercial de Belo Horizonte MG","description":"ENCONTRA BELO HORIZONTE - O guia comercial de neg\u00f3cios e empresas, cultura e divers\u00e3o na cidade de Belo Horizonte. Feito 100% para voc\u00ea morador!","potentialAction":[{"@type":"SearchAction","target":{"@type":"EntryPoint","urlTemplate":"https:\/\/www.encontrabelohorizonte.com.br\/guia\/?s={search_term_string}"},"query-input":{"@type":"PropertyValueSpecification","valueRequired":true,"valueName":"search_term_string"}}],"inLanguage":"pt-BR"},{"@type":"Person","@id":"https:\/\/www.encontrabelohorizonte.com.br\/guia\/#\/schema\/person\/6b792069f07fee9a700a7caa85fb85a9","name":"Encontra Belo Horizonte","image":{"@type":"ImageObject","inLanguage":"pt-BR","@id":"https:\/\/secure.gravatar.com\/avatar\/c50c17820bcf322f0a8fd6b110b8c0918141409dc69076470f6fca5fee70a5d4?s=96&d=mm&r=g","url":"https:\/\/secure.gravatar.com\/avatar\/c50c17820bcf322f0a8fd6b110b8c0918141409dc69076470f6fca5fee70a5d4?s=96&d=mm&r=g","contentUrl":"https:\/\/secure.gravatar.com\/avatar\/c50c17820bcf322f0a8fd6b110b8c0918141409dc69076470f6fca5fee70a5d4?s=96&d=mm&r=g","caption":"Encontra Belo Horizonte"},"url":"https:\/\/www.encontrabelohorizonte.com.br\/guia\/author\/encontrabelohorizonte\/"}]}},"_links":{"self":[{"href":"https:\/\/www.encontrabelohorizonte.com.br\/guia\/wp-json\/wp\/v2\/posts\/14599","targetHints":{"allow":["GET"]}}],"collection":[{"href":"https:\/\/www.encontrabelohorizonte.com.br\/guia\/wp-json\/wp\/v2\/posts"}],"about":[{"href":"https:\/\/www.encontrabelohorizonte.com.br\/guia\/wp-json\/wp\/v2\/types\/post"}],"author":[{"embeddable":true,"href":"https:\/\/www.encontrabelohorizonte.com.br\/guia\/wp-json\/wp\/v2\/users\/1"}],"replies":[{"embeddable":true,"href":"https:\/\/www.encontrabelohorizonte.com.br\/guia\/wp-json\/wp\/v2\/comments?post=14599"}],"version-history":[{"count":0,"href":"https:\/\/www.encontrabelohorizonte.com.br\/guia\/wp-json\/wp\/v2\/posts\/14599\/revisions"}],"wp:featuredmedia":[{"embeddable":true,"href":"https:\/\/www.encontrabelohorizonte.com.br\/guia\/wp-json\/wp\/v2\/media\/14598"}],"wp:attachment":[{"href":"https:\/\/www.encontrabelohorizonte.com.br\/guia\/wp-json\/wp\/v2\/media?parent=14599"}],"wp:term":[{"taxonomy":"category","embeddable":true,"href":"https:\/\/www.encontrabelohorizonte.com.br\/guia\/wp-json\/wp\/v2\/categories?post=14599"},{"taxonomy":"post_tag","embeddable":true,"href":"https:\/\/www.encontrabelohorizonte.com.br\/guia\/wp-json\/wp\/v2\/tags?post=14599"}],"curies":[{"name":"wp","href":"https:\/\/api.w.org\/{rel}","templated":true}]}}