{"id":14643,"date":"2026-05-07T06:18:54","date_gmt":"2026-05-07T09:18:54","guid":{"rendered":"https:\/\/www.encontrabelohorizonte.com.br\/guia\/destrocos-de-aviao-que-caiu-em-bh-sao-retirados-de-predio-video\/"},"modified":"2026-05-07T06:18:54","modified_gmt":"2026-05-07T09:18:54","slug":"destrocos-de-aviao-que-caiu-em-bh-sao-retirados-de-predio-video","status":"publish","type":"post","link":"https:\/\/www.encontrabelohorizonte.com.br\/guia\/destrocos-de-aviao-que-caiu-em-bh-sao-retirados-de-predio-video\/","title":{"rendered":"Destro\u00e7os de avi\u00e3o que caiu em BH s\u00e3o retirados de pr\u00e9dio; V\u00cdDEO"},"content":{"rendered":"<h2>O acidente no bairro Silveira<\/h2>\n<p>No dia 4 de maio de 2026, um tr\u00e1gico acidente envolvendo um avi\u00e3o monomotor ocorreu no bairro Silveira, localizado na Regi\u00e3o Nordeste de Belo Horizonte. A aeronave, que estava em processo de transfer\u00eancia de propriedade, perdeu o controle pouco ap\u00f3s a decolagem e chocou-se contra o edif\u00edcio residencial. O incidente resultou na morte de tr\u00eas pessoas e deixou duas outras feridas, gerando grande como\u00e7\u00e3o entre os moradores da regi\u00e3o.<\/p>\n<h2>Como ocorreu a remo\u00e7\u00e3o dos destro\u00e7os<\/h2>\n<p>A remo\u00e7\u00e3o dos destro\u00e7os da aeronave foi realizada na tarde do dia 5 de maio, com o apoio de um caminh\u00e3o guindaste que foi utilizado para retirar os restos do avi\u00e3o que haviam ficado presos no pr\u00e9dio. A opera\u00e7\u00e3o foi acompanhada de perto pela equipe da TV Globo, que registrou imagens do trabalho. Um dos itens not\u00e1veis que foi retirado foi um dos bancos do monomotor, que foi removido atrav\u00e9s da abertura causada pela colis\u00e3o no edif\u00edcio.<\/p>\n<h2>Equipes de emerg\u00eancia no local<\/h2>\n<p>Imediatamente ap\u00f3s o acidente, equipes de emerg\u00eancia e do Centro de Investiga\u00e7\u00e3o e Preven\u00e7\u00e3o de Acidentes Aeron\u00e1uticos (Cenipa) foram acionadas. As equipes chegaram rapidamente ao local para realizar a triagem e um an\u00e1lise inicial. Esses investigadores se dedicaram a coletar dados relevantes sobre o evento, a fim de identificar as causas e os fatores que contribu\u00edram para a queda do avi\u00e3o.<\/p>\n<p><img decoding=\"async\" src=\"https:\/\/www.encontrabelohorizonte.com.br\/guia\/wp-content\/uploads\/2026\/05\/destrocos-de-aviao-que-caiu-em-bh-sao-retirados-de-predio-video.webp\" alt=\"destro\u00e7os de avi\u00e3o\" loading=\"lazy\" \/><\/p>\n<h2>Impacto nas v\u00edtimas e sobreviventes<\/h2>\n<p>Das cinco pessoas a bordo, duas sobreviveram, mas continuaram internadas em estado grave. As v\u00edtimas fatais inclu\u00edam o piloto e um passageiro que estavam no momento do impacto. Um terceiro passageiro faleceu no hospital ap\u00f3s a situa\u00e7\u00e3o cr\u00edtica. As fam\u00edlias das v\u00edtimas expressaram sua dor atrav\u00e9s de redes sociais e imprensa, lamentando as perdas e exigindo uma resposta clara sobre a seguran\u00e7a aeron\u00e1utica.<\/p>\n<h2>Investiga\u00e7\u00e3o ap\u00f3s o acidente<\/h2>\n<p>A investiga\u00e7\u00e3o inicial come\u00e7ou poucos dias ap\u00f3s o acidente, com o Cenipa realizando uma an\u00e1lise aprofundada das circunst\u00e2ncias que levaram ao desastre. Informa\u00e7\u00f5es sobre o piloto, o hist\u00f3rico do avi\u00e3o e as condi\u00e7\u00f5es clim\u00e1ticas est\u00e3o sendo examinadas com rigor para garantir que todas as hip\u00f3teses sejam devidamente consideradas. A inten\u00e7\u00e3o \u00e9 esclarecer se houve neglig\u00eancia, falha mec\u00e2nica ou erro humano envolvido no acidente.<\/p>\n<h2>Rea\u00e7\u00f5es da comunidade<\/h2>\n<p>As rea\u00e7\u00f5es da comunidade local foram de choque e tristeza. V\u00e1rios moradores expressaram suas condol\u00eancias e apoio \u00e0s fam\u00edlias das v\u00edtimas. Al\u00e9m disso, muitos questionaram a seguran\u00e7a nas opera\u00e7\u00f5es de voo no aeroporto e a qualidade da regulamenta\u00e7\u00e3o aeron\u00e1utica que permite opera\u00e7\u00f5es com avi\u00f5es mais antigos, como o monomotor envolvido no acidente.<\/p>\n<h2>Medidas de seguran\u00e7a a\u00e9rea em BH<\/h2>\n<p>Em resposta ao ocorrido, representantes da avia\u00e7\u00e3o civil e da Defesa Civil se reuniram para discutir medidas que garantam a maior seguran\u00e7a das opera\u00e7\u00f5es a\u00e9reas em Belo Horizonte. A revis\u00e3o das pol\u00edticas de seguran\u00e7a para voos de avi\u00f5es monomotores estava na pauta, assim como uma avalia\u00e7\u00e3o de todos os avi\u00f5es operando na capital mineira para garantir que eles atendam aos padr\u00f5es de seguran\u00e7a internacionais.<\/p>\n<h2>Responsabilidade do propriet\u00e1rio do avi\u00e3o<\/h2>\n<p>A responsabiliza\u00e7\u00e3o pela remo\u00e7\u00e3o dos destro\u00e7os e pelo que aconteceu com a aeronave recai sobre o operador ou propriet\u00e1rio do avi\u00e3o. A delegada respons\u00e1vel pelo caso, Andrea Pochmann, mencionou que o avi\u00e3o havia passado por recente transa\u00e7\u00e3o comercial, complicando a situa\u00e7\u00e3o legal. O fato de um dos novos propriet\u00e1rios ter perdido a vida no acidente cria um cen\u00e1rio dif\u00edcil de abordar legalmente para as partes envolvidas.<\/p>\n<h2>Hist\u00f3rico de acidentes a\u00e9reos em Belo Horizonte<\/h2>\n<p>Nos \u00faltimos anos, Belo Horizonte registrou uma quantidade significativa de acidentes a\u00e9reos, levando a discuss\u00f5es sobre a seguran\u00e7a da avia\u00e7\u00e3o na regi\u00e3o. De acordo com dados do Cenipa, entre os anos de 2019 e 2024, a cidade teve pelo menos 11 acidentes a\u00e9reos. Esses dados levantam preocupa\u00e7\u00f5es sobre a necessidade de a\u00e7\u00f5es preventivas adicionais para evitar que trag\u00e9dias semelhantes voltem a ocorrer.<\/p>\n<h2>O que pode ser aprendido com esta trag\u00e9dia<\/h2>\n<p>A trag\u00e9dia do acidente a\u00e9reo no bairro Silveira deve servir como um alerta sobre a import\u00e2ncia da seguran\u00e7a e da manuten\u00e7\u00e3o adequada de aeronaves, especialmente avi\u00f5es mais antigos. A situa\u00e7\u00e3o atual destaca a necessidade de um monitoramento mais r\u00edgido por parte das autoridades competentes para garantir que todos os procedimentos de seguran\u00e7a sejam rigorosamente seguidos. Al\u00e9m disso, \u00e9 fundamental que haja um apoio psicol\u00f3gico para as fam\u00edlias afetadas e a implementa\u00e7\u00e3o de um di\u00e1logo aberto e construtivo entre a comunidade e as inst\u00e2ncias governamentais respons\u00e1veis pelas regulamenta\u00e7\u00f5es de avia\u00e7\u00e3o.<\/p>\n","protected":false},"excerpt":{"rendered":"<p>Destro\u00e7os de avi\u00e3o que caiu em BH foram removidos de pr\u00e9dio recentemente.<\/p>\n","protected":false},"author":1,"featured_media":14642,"comment_status":"open","ping_status":"open","sticky":false,"template":"","format":"standard","meta":{"footnotes":""},"categories":[5],"tags":[],"class_list":["post-14643","post","type-post","status-publish","format-standard","has-post-thumbnail","hentry","category-noticias","has_thumb"],"yoast_head":"<!-- This site is optimized with the Yoast SEO plugin v28.2 - https:\/\/yoast.com\/product\/yoast-seo-wordpress\/ -->\n<title>Destro\u00e7os de avi\u00e3o que caiu em BH s\u00e3o retirados de pr\u00e9dio; V\u00cdDEO | Guia Comercial de Belo Horizonte MG<\/title>\n<meta name=\"robots\" content=\"index, follow, max-snippet:-1, max-image-preview:large, max-video-preview:-1\" \/>\n<link rel=\"canonical\" href=\"https:\/\/www.encontrabelohorizonte.com.br\/guia\/destrocos-de-aviao-que-caiu-em-bh-sao-retirados-de-predio-video\/\" \/>\n<meta property=\"og:locale\" content=\"pt_BR\" \/>\n<meta property=\"og:type\" content=\"article\" \/>\n<meta property=\"og:title\" content=\"Destro\u00e7os de avi\u00e3o que caiu em BH s\u00e3o retirados de pr\u00e9dio; V\u00cdDEO | Guia Comercial de Belo Horizonte MG\" \/>\n<meta property=\"og:description\" content=\"Destro\u00e7os de avi\u00e3o que caiu em BH foram removidos de pr\u00e9dio recentemente.\" \/>\n<meta property=\"og:url\" content=\"https:\/\/www.encontrabelohorizonte.com.br\/guia\/destrocos-de-aviao-que-caiu-em-bh-sao-retirados-de-predio-video\/\" \/>\n<meta property=\"og:site_name\" content=\"Guia Comercial de Belo Horizonte MG\" \/>\n<meta property=\"article:published_time\" content=\"2026-05-07T09:18:54+00:00\" \/>\n<meta property=\"og:image\" content=\"https:\/\/www.encontrabelohorizonte.com.br\/guia\/wp-content\/uploads\/2026\/05\/destrocos-de-aviao-que-caiu-em-bh-sao-retirados-de-predio-video.webp\" \/>\n\t<meta property=\"og:image:width\" content=\"280\" \/>\n\t<meta property=\"og:image:height\" content=\"280\" \/>\n\t<meta property=\"og:image:type\" content=\"image\/webp\" \/>\n<meta name=\"author\" content=\"Encontra Belo Horizonte\" \/>\n<meta name=\"twitter:card\" content=\"summary_large_image\" \/>\n<meta name=\"twitter:label1\" content=\"Escrito por\" \/>\n\t<meta name=\"twitter:data1\" content=\"Encontra Belo Horizonte\" \/>\n\t<meta name=\"twitter:label2\" content=\"Est. tempo de leitura\" \/>\n\t<meta name=\"twitter:data2\" content=\"4 minutos\" \/>\n<script type=\"application\/ld+json\" class=\"yoast-schema-graph\">{\"@context\":\"https:\\\/\\\/schema.org\",\"@graph\":[{\"@type\":\"Article\",\"@id\":\"https:\\\/\\\/www.encontrabelohorizonte.com.br\\\/guia\\\/destrocos-de-aviao-que-caiu-em-bh-sao-retirados-de-predio-video\\\/#article\",\"isPartOf\":{\"@id\":\"https:\\\/\\\/www.encontrabelohorizonte.com.br\\\/guia\\\/destrocos-de-aviao-que-caiu-em-bh-sao-retirados-de-predio-video\\\/\"},\"author\":{\"name\":\"Encontra Belo Horizonte\",\"@id\":\"https:\\\/\\\/www.encontrabelohorizonte.com.br\\\/guia\\\/#\\\/schema\\\/person\\\/6b792069f07fee9a700a7caa85fb85a9\"},\"headline\":\"Destro\u00e7os de avi\u00e3o que caiu em BH s\u00e3o retirados de pr\u00e9dio; V\u00cdDEO\",\"datePublished\":\"2026-05-07T09:18:54+00:00\",\"mainEntityOfPage\":{\"@id\":\"https:\\\/\\\/www.encontrabelohorizonte.com.br\\\/guia\\\/destrocos-de-aviao-que-caiu-em-bh-sao-retirados-de-predio-video\\\/\"},\"wordCount\":858,\"commentCount\":0,\"image\":{\"@id\":\"https:\\\/\\\/www.encontrabelohorizonte.com.br\\\/guia\\\/destrocos-de-aviao-que-caiu-em-bh-sao-retirados-de-predio-video\\\/#primaryimage\"},\"thumbnailUrl\":\"https:\\\/\\\/www.encontrabelohorizonte.com.br\\\/guia\\\/wp-content\\\/uploads\\\/2026\\\/05\\\/destrocos-de-aviao-que-caiu-em-bh-sao-retirados-de-predio-video.webp\",\"articleSection\":[\"Not\u00edcias Belo Horizonte\"],\"inLanguage\":\"pt-BR\",\"potentialAction\":[{\"@type\":\"CommentAction\",\"name\":\"Comment\",\"target\":[\"https:\\\/\\\/www.encontrabelohorizonte.com.br\\\/guia\\\/destrocos-de-aviao-que-caiu-em-bh-sao-retirados-de-predio-video\\\/#respond\"]}]},{\"@type\":\"WebPage\",\"@id\":\"https:\\\/\\\/www.encontrabelohorizonte.com.br\\\/guia\\\/destrocos-de-aviao-que-caiu-em-bh-sao-retirados-de-predio-video\\\/\",\"url\":\"https:\\\/\\\/www.encontrabelohorizonte.com.br\\\/guia\\\/destrocos-de-aviao-que-caiu-em-bh-sao-retirados-de-predio-video\\\/\",\"name\":\"Destro\u00e7os de avi\u00e3o que caiu em BH s\u00e3o retirados de pr\u00e9dio; V\u00cdDEO | Guia Comercial de Belo Horizonte MG\",\"isPartOf\":{\"@id\":\"https:\\\/\\\/www.encontrabelohorizonte.com.br\\\/guia\\\/#website\"},\"primaryImageOfPage\":{\"@id\":\"https:\\\/\\\/www.encontrabelohorizonte.com.br\\\/guia\\\/destrocos-de-aviao-que-caiu-em-bh-sao-retirados-de-predio-video\\\/#primaryimage\"},\"image\":{\"@id\":\"https:\\\/\\\/www.encontrabelohorizonte.com.br\\\/guia\\\/destrocos-de-aviao-que-caiu-em-bh-sao-retirados-de-predio-video\\\/#primaryimage\"},\"thumbnailUrl\":\"https:\\\/\\\/www.encontrabelohorizonte.com.br\\\/guia\\\/wp-content\\\/uploads\\\/2026\\\/05\\\/destrocos-de-aviao-que-caiu-em-bh-sao-retirados-de-predio-video.webp\",\"datePublished\":\"2026-05-07T09:18:54+00:00\",\"author\":{\"@id\":\"https:\\\/\\\/www.encontrabelohorizonte.com.br\\\/guia\\\/#\\\/schema\\\/person\\\/6b792069f07fee9a700a7caa85fb85a9\"},\"inLanguage\":\"pt-BR\",\"potentialAction\":[{\"@type\":\"ReadAction\",\"target\":[\"https:\\\/\\\/www.encontrabelohorizonte.com.br\\\/guia\\\/destrocos-de-aviao-que-caiu-em-bh-sao-retirados-de-predio-video\\\/\"]}]},{\"@type\":\"ImageObject\",\"inLanguage\":\"pt-BR\",\"@id\":\"https:\\\/\\\/www.encontrabelohorizonte.com.br\\\/guia\\\/destrocos-de-aviao-que-caiu-em-bh-sao-retirados-de-predio-video\\\/#primaryimage\",\"url\":\"https:\\\/\\\/www.encontrabelohorizonte.com.br\\\/guia\\\/wp-content\\\/uploads\\\/2026\\\/05\\\/destrocos-de-aviao-que-caiu-em-bh-sao-retirados-de-predio-video.webp\",\"contentUrl\":\"https:\\\/\\\/www.encontrabelohorizonte.com.br\\\/guia\\\/wp-content\\\/uploads\\\/2026\\\/05\\\/destrocos-de-aviao-que-caiu-em-bh-sao-retirados-de-predio-video.webp\",\"width\":280,\"height\":280,\"caption\":\"destro\u00e7os de avi\u00e3o\"},{\"@type\":\"WebSite\",\"@id\":\"https:\\\/\\\/www.encontrabelohorizonte.com.br\\\/guia\\\/#website\",\"url\":\"https:\\\/\\\/www.encontrabelohorizonte.com.br\\\/guia\\\/\",\"name\":\"Guia Comercial de Belo Horizonte MG\",\"description\":\"ENCONTRA BELO HORIZONTE - O guia comercial de neg\u00f3cios e empresas, cultura e divers\u00e3o na cidade de Belo Horizonte. Feito 100% para voc\u00ea morador!\",\"potentialAction\":[{\"@type\":\"SearchAction\",\"target\":{\"@type\":\"EntryPoint\",\"urlTemplate\":\"https:\\\/\\\/www.encontrabelohorizonte.com.br\\\/guia\\\/?s={search_term_string}\"},\"query-input\":{\"@type\":\"PropertyValueSpecification\",\"valueRequired\":true,\"valueName\":\"search_term_string\"}}],\"inLanguage\":\"pt-BR\"},{\"@type\":\"Person\",\"@id\":\"https:\\\/\\\/www.encontrabelohorizonte.com.br\\\/guia\\\/#\\\/schema\\\/person\\\/6b792069f07fee9a700a7caa85fb85a9\",\"name\":\"Encontra Belo Horizonte\",\"image\":{\"@type\":\"ImageObject\",\"inLanguage\":\"pt-BR\",\"@id\":\"https:\\\/\\\/secure.gravatar.com\\\/avatar\\\/c50c17820bcf322f0a8fd6b110b8c0918141409dc69076470f6fca5fee70a5d4?s=96&d=mm&r=g\",\"url\":\"https:\\\/\\\/secure.gravatar.com\\\/avatar\\\/c50c17820bcf322f0a8fd6b110b8c0918141409dc69076470f6fca5fee70a5d4?s=96&d=mm&r=g\",\"contentUrl\":\"https:\\\/\\\/secure.gravatar.com\\\/avatar\\\/c50c17820bcf322f0a8fd6b110b8c0918141409dc69076470f6fca5fee70a5d4?s=96&d=mm&r=g\",\"caption\":\"Encontra Belo Horizonte\"},\"url\":\"https:\\\/\\\/www.encontrabelohorizonte.com.br\\\/guia\\\/author\\\/encontrabelohorizonte\\\/\"}]}<\/script>\n<!-- \/ Yoast SEO plugin. -->","yoast_head_json":{"title":"Destro\u00e7os de avi\u00e3o que caiu em BH s\u00e3o retirados de pr\u00e9dio; V\u00cdDEO | Guia Comercial de Belo Horizonte MG","robots":{"index":"index","follow":"follow","max-snippet":"max-snippet:-1","max-image-preview":"max-image-preview:large","max-video-preview":"max-video-preview:-1"},"canonical":"https:\/\/www.encontrabelohorizonte.com.br\/guia\/destrocos-de-aviao-que-caiu-em-bh-sao-retirados-de-predio-video\/","og_locale":"pt_BR","og_type":"article","og_title":"Destro\u00e7os de avi\u00e3o que caiu em BH s\u00e3o retirados de pr\u00e9dio; V\u00cdDEO | Guia Comercial de Belo Horizonte MG","og_description":"Destro\u00e7os de avi\u00e3o que caiu em BH foram removidos de pr\u00e9dio recentemente.","og_url":"https:\/\/www.encontrabelohorizonte.com.br\/guia\/destrocos-de-aviao-que-caiu-em-bh-sao-retirados-de-predio-video\/","og_site_name":"Guia Comercial de Belo Horizonte MG","article_published_time":"2026-05-07T09:18:54+00:00","og_image":[{"width":280,"height":280,"url":"https:\/\/www.encontrabelohorizonte.com.br\/guia\/wp-content\/uploads\/2026\/05\/destrocos-de-aviao-que-caiu-em-bh-sao-retirados-de-predio-video.webp","type":"image\/webp"}],"author":"Encontra Belo Horizonte","twitter_card":"summary_large_image","twitter_misc":{"Escrito por":"Encontra Belo Horizonte","Est. tempo de leitura":"4 minutos"},"schema":{"@context":"https:\/\/schema.org","@graph":[{"@type":"Article","@id":"https:\/\/www.encontrabelohorizonte.com.br\/guia\/destrocos-de-aviao-que-caiu-em-bh-sao-retirados-de-predio-video\/#article","isPartOf":{"@id":"https:\/\/www.encontrabelohorizonte.com.br\/guia\/destrocos-de-aviao-que-caiu-em-bh-sao-retirados-de-predio-video\/"},"author":{"name":"Encontra Belo Horizonte","@id":"https:\/\/www.encontrabelohorizonte.com.br\/guia\/#\/schema\/person\/6b792069f07fee9a700a7caa85fb85a9"},"headline":"Destro\u00e7os de avi\u00e3o que caiu em BH s\u00e3o retirados de pr\u00e9dio; V\u00cdDEO","datePublished":"2026-05-07T09:18:54+00:00","mainEntityOfPage":{"@id":"https:\/\/www.encontrabelohorizonte.com.br\/guia\/destrocos-de-aviao-que-caiu-em-bh-sao-retirados-de-predio-video\/"},"wordCount":858,"commentCount":0,"image":{"@id":"https:\/\/www.encontrabelohorizonte.com.br\/guia\/destrocos-de-aviao-que-caiu-em-bh-sao-retirados-de-predio-video\/#primaryimage"},"thumbnailUrl":"https:\/\/www.encontrabelohorizonte.com.br\/guia\/wp-content\/uploads\/2026\/05\/destrocos-de-aviao-que-caiu-em-bh-sao-retirados-de-predio-video.webp","articleSection":["Not\u00edcias Belo Horizonte"],"inLanguage":"pt-BR","potentialAction":[{"@type":"CommentAction","name":"Comment","target":["https:\/\/www.encontrabelohorizonte.com.br\/guia\/destrocos-de-aviao-que-caiu-em-bh-sao-retirados-de-predio-video\/#respond"]}]},{"@type":"WebPage","@id":"https:\/\/www.encontrabelohorizonte.com.br\/guia\/destrocos-de-aviao-que-caiu-em-bh-sao-retirados-de-predio-video\/","url":"https:\/\/www.encontrabelohorizonte.com.br\/guia\/destrocos-de-aviao-que-caiu-em-bh-sao-retirados-de-predio-video\/","name":"Destro\u00e7os de avi\u00e3o que caiu em BH s\u00e3o retirados de pr\u00e9dio; V\u00cdDEO | Guia Comercial de Belo Horizonte MG","isPartOf":{"@id":"https:\/\/www.encontrabelohorizonte.com.br\/guia\/#website"},"primaryImageOfPage":{"@id":"https:\/\/www.encontrabelohorizonte.com.br\/guia\/destrocos-de-aviao-que-caiu-em-bh-sao-retirados-de-predio-video\/#primaryimage"},"image":{"@id":"https:\/\/www.encontrabelohorizonte.com.br\/guia\/destrocos-de-aviao-que-caiu-em-bh-sao-retirados-de-predio-video\/#primaryimage"},"thumbnailUrl":"https:\/\/www.encontrabelohorizonte.com.br\/guia\/wp-content\/uploads\/2026\/05\/destrocos-de-aviao-que-caiu-em-bh-sao-retirados-de-predio-video.webp","datePublished":"2026-05-07T09:18:54+00:00","author":{"@id":"https:\/\/www.encontrabelohorizonte.com.br\/guia\/#\/schema\/person\/6b792069f07fee9a700a7caa85fb85a9"},"inLanguage":"pt-BR","potentialAction":[{"@type":"ReadAction","target":["https:\/\/www.encontrabelohorizonte.com.br\/guia\/destrocos-de-aviao-que-caiu-em-bh-sao-retirados-de-predio-video\/"]}]},{"@type":"ImageObject","inLanguage":"pt-BR","@id":"https:\/\/www.encontrabelohorizonte.com.br\/guia\/destrocos-de-aviao-que-caiu-em-bh-sao-retirados-de-predio-video\/#primaryimage","url":"https:\/\/www.encontrabelohorizonte.com.br\/guia\/wp-content\/uploads\/2026\/05\/destrocos-de-aviao-que-caiu-em-bh-sao-retirados-de-predio-video.webp","contentUrl":"https:\/\/www.encontrabelohorizonte.com.br\/guia\/wp-content\/uploads\/2026\/05\/destrocos-de-aviao-que-caiu-em-bh-sao-retirados-de-predio-video.webp","width":280,"height":280,"caption":"destro\u00e7os de avi\u00e3o"},{"@type":"WebSite","@id":"https:\/\/www.encontrabelohorizonte.com.br\/guia\/#website","url":"https:\/\/www.encontrabelohorizonte.com.br\/guia\/","name":"Guia Comercial de Belo Horizonte MG","description":"ENCONTRA BELO HORIZONTE - O guia comercial de neg\u00f3cios e empresas, cultura e divers\u00e3o na cidade de Belo Horizonte. Feito 100% para voc\u00ea morador!","potentialAction":[{"@type":"SearchAction","target":{"@type":"EntryPoint","urlTemplate":"https:\/\/www.encontrabelohorizonte.com.br\/guia\/?s={search_term_string}"},"query-input":{"@type":"PropertyValueSpecification","valueRequired":true,"valueName":"search_term_string"}}],"inLanguage":"pt-BR"},{"@type":"Person","@id":"https:\/\/www.encontrabelohorizonte.com.br\/guia\/#\/schema\/person\/6b792069f07fee9a700a7caa85fb85a9","name":"Encontra Belo Horizonte","image":{"@type":"ImageObject","inLanguage":"pt-BR","@id":"https:\/\/secure.gravatar.com\/avatar\/c50c17820bcf322f0a8fd6b110b8c0918141409dc69076470f6fca5fee70a5d4?s=96&d=mm&r=g","url":"https:\/\/secure.gravatar.com\/avatar\/c50c17820bcf322f0a8fd6b110b8c0918141409dc69076470f6fca5fee70a5d4?s=96&d=mm&r=g","contentUrl":"https:\/\/secure.gravatar.com\/avatar\/c50c17820bcf322f0a8fd6b110b8c0918141409dc69076470f6fca5fee70a5d4?s=96&d=mm&r=g","caption":"Encontra Belo Horizonte"},"url":"https:\/\/www.encontrabelohorizonte.com.br\/guia\/author\/encontrabelohorizonte\/"}]}},"_links":{"self":[{"href":"https:\/\/www.encontrabelohorizonte.com.br\/guia\/wp-json\/wp\/v2\/posts\/14643","targetHints":{"allow":["GET"]}}],"collection":[{"href":"https:\/\/www.encontrabelohorizonte.com.br\/guia\/wp-json\/wp\/v2\/posts"}],"about":[{"href":"https:\/\/www.encontrabelohorizonte.com.br\/guia\/wp-json\/wp\/v2\/types\/post"}],"author":[{"embeddable":true,"href":"https:\/\/www.encontrabelohorizonte.com.br\/guia\/wp-json\/wp\/v2\/users\/1"}],"replies":[{"embeddable":true,"href":"https:\/\/www.encontrabelohorizonte.com.br\/guia\/wp-json\/wp\/v2\/comments?post=14643"}],"version-history":[{"count":0,"href":"https:\/\/www.encontrabelohorizonte.com.br\/guia\/wp-json\/wp\/v2\/posts\/14643\/revisions"}],"wp:featuredmedia":[{"embeddable":true,"href":"https:\/\/www.encontrabelohorizonte.com.br\/guia\/wp-json\/wp\/v2\/media\/14642"}],"wp:attachment":[{"href":"https:\/\/www.encontrabelohorizonte.com.br\/guia\/wp-json\/wp\/v2\/media?parent=14643"}],"wp:term":[{"taxonomy":"category","embeddable":true,"href":"https:\/\/www.encontrabelohorizonte.com.br\/guia\/wp-json\/wp\/v2\/categories?post=14643"},{"taxonomy":"post_tag","embeddable":true,"href":"https:\/\/www.encontrabelohorizonte.com.br\/guia\/wp-json\/wp\/v2\/tags?post=14643"}],"curies":[{"name":"wp","href":"https:\/\/api.w.org\/{rel}","templated":true}]}}