{"id":14647,"date":"2026-05-09T06:09:39","date_gmt":"2026-05-09T09:09:39","guid":{"rendered":"https:\/\/www.encontrabelohorizonte.com.br\/guia\/video-mostra-momento-em-que-aviao-cai-e-bate-em-predio-em-belo-horizonte\/"},"modified":"2026-05-09T06:09:39","modified_gmt":"2026-05-09T09:09:39","slug":"video-mostra-momento-em-que-aviao-cai-e-bate-em-predio-em-belo-horizonte","status":"publish","type":"post","link":"https:\/\/www.encontrabelohorizonte.com.br\/guia\/video-mostra-momento-em-que-aviao-cai-e-bate-em-predio-em-belo-horizonte\/","title":{"rendered":"V\u00eddeo mostra momento em que avi\u00e3o cai e bate em pr\u00e9dio em Belo Horizonte"},"content":{"rendered":"<h2>O que ocorreu no bairro Silveira?<\/h2>\n<p>No bairro Silveira, localizado na Regi\u00e3o Nordeste de Belo Horizonte, um tr\u00e1gico acidente a\u00e9reo ocorreu quando um avi\u00e3o monomotor colidiu com um pr\u00e9dio residencial. O acidente resultou na morte do piloto e de um dos passageiros, enquanto uma terceira v\u00edtima faleceu horas depois em um hospital local. O incidente gerou como\u00e7\u00e3o e preocupa\u00e7\u00e3o entre os moradores da \u00e1rea, que testemunharam o momento impactante em que a aeronave perdeu altitude e atingiu o edif\u00edcio.<\/p>\n<h2>Imagens impactantes do acidente<\/h2>\n<p>Registros feitos durante o acidente mostraram a aeronave em queda livre, colidindo com a estrutura do pr\u00e9dio. Imagens capturadas pelo Globocop permitiram que muitos vissem em tempo real a gravidade da situa\u00e7\u00e3o. O v\u00eddeo ilustrou o momento em que o avi\u00e3o impactou o pr\u00e9dio, seguido por fuma\u00e7a e destro\u00e7os espalhados pelo estacionamento.<\/p>\n<h2>Detalhes sobre as v\u00edtimas do acidente<\/h2>\n<p>Das cinco pessoas a bordo da aeronave, o piloto e um passageiro perderam a vida instantaneamente no local do acidente. A terceira v\u00edtima, que ficou ferida, foi transferida para o Hospital Jo\u00e3o XXIII, onde veio a falecer algumas horas ap\u00f3s a chegada. As identidades das v\u00edtimas foram posteriormente divulgadas e fizeram com que familiares e amigos se reunissem em luto por suas perdas.<\/p>\n<p><img decoding=\"async\" src=\"https:\/\/www.encontrabelohorizonte.com.br\/guia\/wp-content\/uploads\/2026\/05\/video-mostra-momento-em-que-aviao-cai-e-bate-em-predio-em-belo-horizonte.webp\" alt=\"acidente de avi\u00e3o em Belo Horizonte\" loading=\"lazy\" \/><\/p>\n<h2>Como o acidente afetou a comunidade<\/h2>\n<p>O impacto do acidente n\u00e3o apenas afetou as fam\u00edlias das v\u00edtimas, mas tamb\u00e9m abalou toda a comunidade de Silveira. O incidente trouxe \u00e0 tona preocupa\u00e7\u00f5es sobre a seguran\u00e7a a\u00e9rea na regi\u00e3o e levou os moradores a questionarem as pr\u00e1ticas de avia\u00e7\u00e3o. Grupos de apoio e solidariedade come\u00e7aram a se formar para ajudar as fam\u00edlias das v\u00edtimas, demonstrando a uni\u00e3o da comunidade em tempos de crise.<\/p>\n<h2>Aeronave envolvida no incidente<\/h2>\n<p>A aeronave envolvida no acidente era um modelo EMB-721C, fabricado em 1979 e capaz de transportar at\u00e9 cinco passageiros al\u00e9m do piloto. A Ag\u00eancia Nacional de Avia\u00e7\u00e3o Civil (ANAC) registrou que a aeronave havia decolado de Te\u00f3filo Otoni antes de fazer uma parada em Belo Horizonte, com destino final ao Aeroporto Campo de Marte, em S\u00e3o Paulo. O fato de a aeronave ser relativamente antiga levantou questionamentos sobre sua manuten\u00e7\u00e3o e seguran\u00e7a operacional.<\/p>\n<h2>O papel do Corpo de Bombeiros no resgate<\/h2>\n<p>O Corpo de Bombeiros foi rapidamente acionado ap\u00f3s a colis\u00e3o e chegou ao local com v\u00e1rias equipes para realizar o resgate e atender as v\u00edtimas. Eles iniciaram um trabalho \u00e1rduo para controlar o inc\u00eandio resultante do acidente e para garantir que n\u00e3o houvesse mais v\u00edtimas entre os moradores do pr\u00e9dio. De acordo com o tenente Raul, o impacto aconteceu entre o terceiro e o quarto andar, em uma caixa de escada, o que evitou danos maiores \u00e0 estrutura do edif\u00edcio.<\/p>\n<h2>Como a m\u00eddia cobriu o acidente<\/h2>\n<p>A cobertura da m\u00eddia foi extensa e imediata. O acidente recebeu aten\u00e7\u00e3o tanto de ve\u00edculos locais quanto nacionais. V\u00eddeos e fotos das cenas do acidente foram veiculados em diversas plataformas, destacando a gravidade do ocorrido. A TV Globo, por exemplo, transmitiu detalhes do acident e entrevistas com autoridades, ajudando a informar o p\u00fablico sobre as circunst\u00e2ncias do evento e os desdobramentos que se seguiram ao acidente.<\/p>\n<h2>An\u00e1lise das causas do acidente<\/h2>\n<p>Embora uma investiga\u00e7\u00e3o completa esteja em andamento, informa\u00e7\u00f5es iniciais indicaram que o piloto havia reportado dificuldades na decolagem para a torre de controle do Aeroporto da Pampulha. Esse relato levantou quest\u00f5es sobre a condi\u00e7\u00e3o da aeronave e as raz\u00f5es que levaram \u00e0 queda. Especialistas em avia\u00e7\u00e3o tamb\u00e9m foram chamados para ajudar a identificar as causas do acidente, examinando tanto fatores humanos quanto mec\u00e2nicos.<\/p>\n<h2>Rea\u00e7\u00f5es da popula\u00e7\u00e3o e autoridades<\/h2>\n<p>A popula\u00e7\u00e3o de Belo Horizonte expressou seu pesar pelas vidas perdidas e apoio \u00e0s fam\u00edlias afetadas. Autoridades locais e estaduais fizeram declara\u00e7\u00f5es, oferecendo condol\u00eancias e prometendo investiga\u00e7\u00e3o rigorosa sobre o acidente. A como\u00e7\u00e3o foi palp\u00e1vel nas redes sociais, onde pessoas de diversas partes do pa\u00eds enviaram suas condol\u00eancias e compartilharam suas experi\u00eancias e lembran\u00e7as sobre as v\u00edtimas.<\/p>\n<h2>Medidas de seguran\u00e7a na avia\u00e7\u00e3o<\/h2>\n<p>O acidente em Belo Horizonte ressaltou a import\u00e2ncia de revisar e refor\u00e7ar as medidas de seguran\u00e7a na avia\u00e7\u00e3o civil, especialmente para aeronaves mais antigas. A ANAC e outras entidades reguladoras iniciar\u00e3o, provavelmente, uma inspe\u00e7\u00e3o mais criteriosa em aeronaves de pequeno porte e, em especial, aquelas que possuem hist\u00f3rico de manuten\u00e7\u00e3o. Al\u00e9m disso, \u00e9 esperado que os procedimentos de decolagem e pouso sejam reavaliados para evitar que acidentes semelhantes ocorram no futuro.<\/p>\n","protected":false},"excerpt":{"rendered":"<p>V\u00eddeo do acidente de avi\u00e3o em BH mostra a cena chocante do impacto.<\/p>\n","protected":false},"author":1,"featured_media":14646,"comment_status":"open","ping_status":"open","sticky":false,"template":"","format":"standard","meta":{"footnotes":""},"categories":[5],"tags":[],"class_list":["post-14647","post","type-post","status-publish","format-standard","has-post-thumbnail","hentry","category-noticias","has_thumb"],"yoast_head":"<!-- This site is optimized with the Yoast SEO plugin v28.2 - https:\/\/yoast.com\/product\/yoast-seo-wordpress\/ -->\n<title>V\u00eddeo mostra momento em que avi\u00e3o cai e bate em pr\u00e9dio em Belo Horizonte | Guia Comercial de Belo Horizonte MG<\/title>\n<meta name=\"robots\" content=\"index, follow, max-snippet:-1, max-image-preview:large, max-video-preview:-1\" \/>\n<link rel=\"canonical\" href=\"https:\/\/www.encontrabelohorizonte.com.br\/guia\/video-mostra-momento-em-que-aviao-cai-e-bate-em-predio-em-belo-horizonte\/\" \/>\n<meta property=\"og:locale\" content=\"pt_BR\" \/>\n<meta property=\"og:type\" content=\"article\" \/>\n<meta property=\"og:title\" content=\"V\u00eddeo mostra momento em que avi\u00e3o cai e bate em pr\u00e9dio em Belo Horizonte | Guia Comercial de Belo Horizonte MG\" \/>\n<meta property=\"og:description\" content=\"V\u00eddeo do acidente de avi\u00e3o em BH mostra a cena chocante do impacto.\" \/>\n<meta property=\"og:url\" content=\"https:\/\/www.encontrabelohorizonte.com.br\/guia\/video-mostra-momento-em-que-aviao-cai-e-bate-em-predio-em-belo-horizonte\/\" \/>\n<meta property=\"og:site_name\" content=\"Guia Comercial de Belo Horizonte MG\" \/>\n<meta property=\"article:published_time\" content=\"2026-05-09T09:09:39+00:00\" \/>\n<meta property=\"og:image\" content=\"https:\/\/www.encontrabelohorizonte.com.br\/guia\/wp-content\/uploads\/2026\/05\/video-mostra-momento-em-que-aviao-cai-e-bate-em-predio-em-belo-horizonte.webp\" \/>\n\t<meta property=\"og:image:width\" content=\"280\" \/>\n\t<meta property=\"og:image:height\" content=\"280\" \/>\n\t<meta property=\"og:image:type\" content=\"image\/webp\" \/>\n<meta name=\"author\" content=\"Encontra Belo Horizonte\" \/>\n<meta name=\"twitter:card\" content=\"summary_large_image\" \/>\n<meta name=\"twitter:label1\" content=\"Escrito por\" \/>\n\t<meta name=\"twitter:data1\" content=\"Encontra Belo Horizonte\" \/>\n\t<meta name=\"twitter:label2\" content=\"Est. tempo de leitura\" \/>\n\t<meta name=\"twitter:data2\" content=\"4 minutos\" \/>\n<script type=\"application\/ld+json\" class=\"yoast-schema-graph\">{\"@context\":\"https:\\\/\\\/schema.org\",\"@graph\":[{\"@type\":\"Article\",\"@id\":\"https:\\\/\\\/www.encontrabelohorizonte.com.br\\\/guia\\\/video-mostra-momento-em-que-aviao-cai-e-bate-em-predio-em-belo-horizonte\\\/#article\",\"isPartOf\":{\"@id\":\"https:\\\/\\\/www.encontrabelohorizonte.com.br\\\/guia\\\/video-mostra-momento-em-que-aviao-cai-e-bate-em-predio-em-belo-horizonte\\\/\"},\"author\":{\"name\":\"Encontra Belo Horizonte\",\"@id\":\"https:\\\/\\\/www.encontrabelohorizonte.com.br\\\/guia\\\/#\\\/schema\\\/person\\\/6b792069f07fee9a700a7caa85fb85a9\"},\"headline\":\"V\u00eddeo mostra momento em que avi\u00e3o cai e bate em pr\u00e9dio em Belo Horizonte\",\"datePublished\":\"2026-05-09T09:09:39+00:00\",\"mainEntityOfPage\":{\"@id\":\"https:\\\/\\\/www.encontrabelohorizonte.com.br\\\/guia\\\/video-mostra-momento-em-que-aviao-cai-e-bate-em-predio-em-belo-horizonte\\\/\"},\"wordCount\":823,\"commentCount\":0,\"image\":{\"@id\":\"https:\\\/\\\/www.encontrabelohorizonte.com.br\\\/guia\\\/video-mostra-momento-em-que-aviao-cai-e-bate-em-predio-em-belo-horizonte\\\/#primaryimage\"},\"thumbnailUrl\":\"https:\\\/\\\/www.encontrabelohorizonte.com.br\\\/guia\\\/wp-content\\\/uploads\\\/2026\\\/05\\\/video-mostra-momento-em-que-aviao-cai-e-bate-em-predio-em-belo-horizonte.webp\",\"articleSection\":[\"Not\u00edcias Belo Horizonte\"],\"inLanguage\":\"pt-BR\",\"potentialAction\":[{\"@type\":\"CommentAction\",\"name\":\"Comment\",\"target\":[\"https:\\\/\\\/www.encontrabelohorizonte.com.br\\\/guia\\\/video-mostra-momento-em-que-aviao-cai-e-bate-em-predio-em-belo-horizonte\\\/#respond\"]}]},{\"@type\":\"WebPage\",\"@id\":\"https:\\\/\\\/www.encontrabelohorizonte.com.br\\\/guia\\\/video-mostra-momento-em-que-aviao-cai-e-bate-em-predio-em-belo-horizonte\\\/\",\"url\":\"https:\\\/\\\/www.encontrabelohorizonte.com.br\\\/guia\\\/video-mostra-momento-em-que-aviao-cai-e-bate-em-predio-em-belo-horizonte\\\/\",\"name\":\"V\u00eddeo mostra momento em que avi\u00e3o cai e bate em pr\u00e9dio em Belo Horizonte | Guia Comercial de Belo Horizonte MG\",\"isPartOf\":{\"@id\":\"https:\\\/\\\/www.encontrabelohorizonte.com.br\\\/guia\\\/#website\"},\"primaryImageOfPage\":{\"@id\":\"https:\\\/\\\/www.encontrabelohorizonte.com.br\\\/guia\\\/video-mostra-momento-em-que-aviao-cai-e-bate-em-predio-em-belo-horizonte\\\/#primaryimage\"},\"image\":{\"@id\":\"https:\\\/\\\/www.encontrabelohorizonte.com.br\\\/guia\\\/video-mostra-momento-em-que-aviao-cai-e-bate-em-predio-em-belo-horizonte\\\/#primaryimage\"},\"thumbnailUrl\":\"https:\\\/\\\/www.encontrabelohorizonte.com.br\\\/guia\\\/wp-content\\\/uploads\\\/2026\\\/05\\\/video-mostra-momento-em-que-aviao-cai-e-bate-em-predio-em-belo-horizonte.webp\",\"datePublished\":\"2026-05-09T09:09:39+00:00\",\"author\":{\"@id\":\"https:\\\/\\\/www.encontrabelohorizonte.com.br\\\/guia\\\/#\\\/schema\\\/person\\\/6b792069f07fee9a700a7caa85fb85a9\"},\"inLanguage\":\"pt-BR\",\"potentialAction\":[{\"@type\":\"ReadAction\",\"target\":[\"https:\\\/\\\/www.encontrabelohorizonte.com.br\\\/guia\\\/video-mostra-momento-em-que-aviao-cai-e-bate-em-predio-em-belo-horizonte\\\/\"]}]},{\"@type\":\"ImageObject\",\"inLanguage\":\"pt-BR\",\"@id\":\"https:\\\/\\\/www.encontrabelohorizonte.com.br\\\/guia\\\/video-mostra-momento-em-que-aviao-cai-e-bate-em-predio-em-belo-horizonte\\\/#primaryimage\",\"url\":\"https:\\\/\\\/www.encontrabelohorizonte.com.br\\\/guia\\\/wp-content\\\/uploads\\\/2026\\\/05\\\/video-mostra-momento-em-que-aviao-cai-e-bate-em-predio-em-belo-horizonte.webp\",\"contentUrl\":\"https:\\\/\\\/www.encontrabelohorizonte.com.br\\\/guia\\\/wp-content\\\/uploads\\\/2026\\\/05\\\/video-mostra-momento-em-que-aviao-cai-e-bate-em-predio-em-belo-horizonte.webp\",\"width\":280,\"height\":280,\"caption\":\"acidente de avi\u00e3o em Belo Horizonte\"},{\"@type\":\"WebSite\",\"@id\":\"https:\\\/\\\/www.encontrabelohorizonte.com.br\\\/guia\\\/#website\",\"url\":\"https:\\\/\\\/www.encontrabelohorizonte.com.br\\\/guia\\\/\",\"name\":\"Guia Comercial de Belo Horizonte MG\",\"description\":\"ENCONTRA BELO HORIZONTE - O guia comercial de neg\u00f3cios e empresas, cultura e divers\u00e3o na cidade de Belo Horizonte. Feito 100% para voc\u00ea morador!\",\"potentialAction\":[{\"@type\":\"SearchAction\",\"target\":{\"@type\":\"EntryPoint\",\"urlTemplate\":\"https:\\\/\\\/www.encontrabelohorizonte.com.br\\\/guia\\\/?s={search_term_string}\"},\"query-input\":{\"@type\":\"PropertyValueSpecification\",\"valueRequired\":true,\"valueName\":\"search_term_string\"}}],\"inLanguage\":\"pt-BR\"},{\"@type\":\"Person\",\"@id\":\"https:\\\/\\\/www.encontrabelohorizonte.com.br\\\/guia\\\/#\\\/schema\\\/person\\\/6b792069f07fee9a700a7caa85fb85a9\",\"name\":\"Encontra Belo Horizonte\",\"image\":{\"@type\":\"ImageObject\",\"inLanguage\":\"pt-BR\",\"@id\":\"https:\\\/\\\/secure.gravatar.com\\\/avatar\\\/c50c17820bcf322f0a8fd6b110b8c0918141409dc69076470f6fca5fee70a5d4?s=96&d=mm&r=g\",\"url\":\"https:\\\/\\\/secure.gravatar.com\\\/avatar\\\/c50c17820bcf322f0a8fd6b110b8c0918141409dc69076470f6fca5fee70a5d4?s=96&d=mm&r=g\",\"contentUrl\":\"https:\\\/\\\/secure.gravatar.com\\\/avatar\\\/c50c17820bcf322f0a8fd6b110b8c0918141409dc69076470f6fca5fee70a5d4?s=96&d=mm&r=g\",\"caption\":\"Encontra Belo Horizonte\"},\"url\":\"https:\\\/\\\/www.encontrabelohorizonte.com.br\\\/guia\\\/author\\\/encontrabelohorizonte\\\/\"}]}<\/script>\n<!-- \/ Yoast SEO plugin. -->","yoast_head_json":{"title":"V\u00eddeo mostra momento em que avi\u00e3o cai e bate em pr\u00e9dio em Belo Horizonte | Guia Comercial de Belo Horizonte MG","robots":{"index":"index","follow":"follow","max-snippet":"max-snippet:-1","max-image-preview":"max-image-preview:large","max-video-preview":"max-video-preview:-1"},"canonical":"https:\/\/www.encontrabelohorizonte.com.br\/guia\/video-mostra-momento-em-que-aviao-cai-e-bate-em-predio-em-belo-horizonte\/","og_locale":"pt_BR","og_type":"article","og_title":"V\u00eddeo mostra momento em que avi\u00e3o cai e bate em pr\u00e9dio em Belo Horizonte | Guia Comercial de Belo Horizonte MG","og_description":"V\u00eddeo do acidente de avi\u00e3o em BH mostra a cena chocante do impacto.","og_url":"https:\/\/www.encontrabelohorizonte.com.br\/guia\/video-mostra-momento-em-que-aviao-cai-e-bate-em-predio-em-belo-horizonte\/","og_site_name":"Guia Comercial de Belo Horizonte MG","article_published_time":"2026-05-09T09:09:39+00:00","og_image":[{"width":280,"height":280,"url":"https:\/\/www.encontrabelohorizonte.com.br\/guia\/wp-content\/uploads\/2026\/05\/video-mostra-momento-em-que-aviao-cai-e-bate-em-predio-em-belo-horizonte.webp","type":"image\/webp"}],"author":"Encontra Belo Horizonte","twitter_card":"summary_large_image","twitter_misc":{"Escrito por":"Encontra Belo Horizonte","Est. tempo de leitura":"4 minutos"},"schema":{"@context":"https:\/\/schema.org","@graph":[{"@type":"Article","@id":"https:\/\/www.encontrabelohorizonte.com.br\/guia\/video-mostra-momento-em-que-aviao-cai-e-bate-em-predio-em-belo-horizonte\/#article","isPartOf":{"@id":"https:\/\/www.encontrabelohorizonte.com.br\/guia\/video-mostra-momento-em-que-aviao-cai-e-bate-em-predio-em-belo-horizonte\/"},"author":{"name":"Encontra Belo Horizonte","@id":"https:\/\/www.encontrabelohorizonte.com.br\/guia\/#\/schema\/person\/6b792069f07fee9a700a7caa85fb85a9"},"headline":"V\u00eddeo mostra momento em que avi\u00e3o cai e bate em pr\u00e9dio em Belo Horizonte","datePublished":"2026-05-09T09:09:39+00:00","mainEntityOfPage":{"@id":"https:\/\/www.encontrabelohorizonte.com.br\/guia\/video-mostra-momento-em-que-aviao-cai-e-bate-em-predio-em-belo-horizonte\/"},"wordCount":823,"commentCount":0,"image":{"@id":"https:\/\/www.encontrabelohorizonte.com.br\/guia\/video-mostra-momento-em-que-aviao-cai-e-bate-em-predio-em-belo-horizonte\/#primaryimage"},"thumbnailUrl":"https:\/\/www.encontrabelohorizonte.com.br\/guia\/wp-content\/uploads\/2026\/05\/video-mostra-momento-em-que-aviao-cai-e-bate-em-predio-em-belo-horizonte.webp","articleSection":["Not\u00edcias Belo Horizonte"],"inLanguage":"pt-BR","potentialAction":[{"@type":"CommentAction","name":"Comment","target":["https:\/\/www.encontrabelohorizonte.com.br\/guia\/video-mostra-momento-em-que-aviao-cai-e-bate-em-predio-em-belo-horizonte\/#respond"]}]},{"@type":"WebPage","@id":"https:\/\/www.encontrabelohorizonte.com.br\/guia\/video-mostra-momento-em-que-aviao-cai-e-bate-em-predio-em-belo-horizonte\/","url":"https:\/\/www.encontrabelohorizonte.com.br\/guia\/video-mostra-momento-em-que-aviao-cai-e-bate-em-predio-em-belo-horizonte\/","name":"V\u00eddeo mostra momento em que avi\u00e3o cai e bate em pr\u00e9dio em Belo Horizonte | Guia Comercial de Belo Horizonte MG","isPartOf":{"@id":"https:\/\/www.encontrabelohorizonte.com.br\/guia\/#website"},"primaryImageOfPage":{"@id":"https:\/\/www.encontrabelohorizonte.com.br\/guia\/video-mostra-momento-em-que-aviao-cai-e-bate-em-predio-em-belo-horizonte\/#primaryimage"},"image":{"@id":"https:\/\/www.encontrabelohorizonte.com.br\/guia\/video-mostra-momento-em-que-aviao-cai-e-bate-em-predio-em-belo-horizonte\/#primaryimage"},"thumbnailUrl":"https:\/\/www.encontrabelohorizonte.com.br\/guia\/wp-content\/uploads\/2026\/05\/video-mostra-momento-em-que-aviao-cai-e-bate-em-predio-em-belo-horizonte.webp","datePublished":"2026-05-09T09:09:39+00:00","author":{"@id":"https:\/\/www.encontrabelohorizonte.com.br\/guia\/#\/schema\/person\/6b792069f07fee9a700a7caa85fb85a9"},"inLanguage":"pt-BR","potentialAction":[{"@type":"ReadAction","target":["https:\/\/www.encontrabelohorizonte.com.br\/guia\/video-mostra-momento-em-que-aviao-cai-e-bate-em-predio-em-belo-horizonte\/"]}]},{"@type":"ImageObject","inLanguage":"pt-BR","@id":"https:\/\/www.encontrabelohorizonte.com.br\/guia\/video-mostra-momento-em-que-aviao-cai-e-bate-em-predio-em-belo-horizonte\/#primaryimage","url":"https:\/\/www.encontrabelohorizonte.com.br\/guia\/wp-content\/uploads\/2026\/05\/video-mostra-momento-em-que-aviao-cai-e-bate-em-predio-em-belo-horizonte.webp","contentUrl":"https:\/\/www.encontrabelohorizonte.com.br\/guia\/wp-content\/uploads\/2026\/05\/video-mostra-momento-em-que-aviao-cai-e-bate-em-predio-em-belo-horizonte.webp","width":280,"height":280,"caption":"acidente de avi\u00e3o em Belo Horizonte"},{"@type":"WebSite","@id":"https:\/\/www.encontrabelohorizonte.com.br\/guia\/#website","url":"https:\/\/www.encontrabelohorizonte.com.br\/guia\/","name":"Guia Comercial de Belo Horizonte MG","description":"ENCONTRA BELO HORIZONTE - O guia comercial de neg\u00f3cios e empresas, cultura e divers\u00e3o na cidade de Belo Horizonte. Feito 100% para voc\u00ea morador!","potentialAction":[{"@type":"SearchAction","target":{"@type":"EntryPoint","urlTemplate":"https:\/\/www.encontrabelohorizonte.com.br\/guia\/?s={search_term_string}"},"query-input":{"@type":"PropertyValueSpecification","valueRequired":true,"valueName":"search_term_string"}}],"inLanguage":"pt-BR"},{"@type":"Person","@id":"https:\/\/www.encontrabelohorizonte.com.br\/guia\/#\/schema\/person\/6b792069f07fee9a700a7caa85fb85a9","name":"Encontra Belo Horizonte","image":{"@type":"ImageObject","inLanguage":"pt-BR","@id":"https:\/\/secure.gravatar.com\/avatar\/c50c17820bcf322f0a8fd6b110b8c0918141409dc69076470f6fca5fee70a5d4?s=96&d=mm&r=g","url":"https:\/\/secure.gravatar.com\/avatar\/c50c17820bcf322f0a8fd6b110b8c0918141409dc69076470f6fca5fee70a5d4?s=96&d=mm&r=g","contentUrl":"https:\/\/secure.gravatar.com\/avatar\/c50c17820bcf322f0a8fd6b110b8c0918141409dc69076470f6fca5fee70a5d4?s=96&d=mm&r=g","caption":"Encontra Belo Horizonte"},"url":"https:\/\/www.encontrabelohorizonte.com.br\/guia\/author\/encontrabelohorizonte\/"}]}},"_links":{"self":[{"href":"https:\/\/www.encontrabelohorizonte.com.br\/guia\/wp-json\/wp\/v2\/posts\/14647","targetHints":{"allow":["GET"]}}],"collection":[{"href":"https:\/\/www.encontrabelohorizonte.com.br\/guia\/wp-json\/wp\/v2\/posts"}],"about":[{"href":"https:\/\/www.encontrabelohorizonte.com.br\/guia\/wp-json\/wp\/v2\/types\/post"}],"author":[{"embeddable":true,"href":"https:\/\/www.encontrabelohorizonte.com.br\/guia\/wp-json\/wp\/v2\/users\/1"}],"replies":[{"embeddable":true,"href":"https:\/\/www.encontrabelohorizonte.com.br\/guia\/wp-json\/wp\/v2\/comments?post=14647"}],"version-history":[{"count":0,"href":"https:\/\/www.encontrabelohorizonte.com.br\/guia\/wp-json\/wp\/v2\/posts\/14647\/revisions"}],"wp:featuredmedia":[{"embeddable":true,"href":"https:\/\/www.encontrabelohorizonte.com.br\/guia\/wp-json\/wp\/v2\/media\/14646"}],"wp:attachment":[{"href":"https:\/\/www.encontrabelohorizonte.com.br\/guia\/wp-json\/wp\/v2\/media?parent=14647"}],"wp:term":[{"taxonomy":"category","embeddable":true,"href":"https:\/\/www.encontrabelohorizonte.com.br\/guia\/wp-json\/wp\/v2\/categories?post=14647"},{"taxonomy":"post_tag","embeddable":true,"href":"https:\/\/www.encontrabelohorizonte.com.br\/guia\/wp-json\/wp\/v2\/tags?post=14647"}],"curies":[{"name":"wp","href":"https:\/\/api.w.org\/{rel}","templated":true}]}}