{"id":14681,"date":"2026-05-15T06:02:26","date_gmt":"2026-05-15T09:02:26","guid":{"rendered":"https:\/\/www.encontrabelohorizonte.com.br\/guia\/feijao-e-tema-de-congresso-nacional-em-belo-horizonte\/"},"modified":"2026-05-15T06:02:26","modified_gmt":"2026-05-15T09:02:26","slug":"feijao-e-tema-de-congresso-nacional-em-belo-horizonte","status":"publish","type":"post","link":"https:\/\/www.encontrabelohorizonte.com.br\/guia\/feijao-e-tema-de-congresso-nacional-em-belo-horizonte\/","title":{"rendered":"Feij\u00e3o \u00e9 tema de congresso nacional em Belo Horizonte"},"content":{"rendered":"<h2>Impacto do Feij\u00e3o na Sa\u00fade P\u00fablica<\/h2>\n<p>O feij\u00e3o \u00e9 um dos principais alimentos na dieta brasileira e carrega um grande significado para a sa\u00fade p\u00fablica. Ele \u00e9 uma fonte rica em prote\u00ednas, fibras, vitaminas e minerais, sendo fundamental para uma alimenta\u00e7\u00e3o balanceada. Ao consumir feij\u00e3o, a popula\u00e7\u00e3o brasileira beneficia-se de seus efeitos positivos na digest\u00e3o e na preven\u00e7\u00e3o de doen\u00e7as cr\u00f4nicas. O alto teor de fibras ajuda a regular o intestino, enquanto os minerais, como o ferro e o zinco, desempenham pap\u00e9is cruciais na manuten\u00e7\u00e3o da sa\u00fade geral.<\/p>\n<h2>Feij\u00e3o e Sustentabilidade Agr\u00edcola<\/h2>\n<p>Outro aspecto importante abordado no Congresso Nacional do Feij\u00e3o \u00e9 a quest\u00e3o da sustentabilidade. O cultivo do feij\u00e3o contribui para a rota\u00e7\u00e3o de culturas, uma pr\u00e1tica que melhora a sa\u00fade do solo e reduz a necessidade de fertilizantes qu\u00edmicos. Al\u00e9m disso, o feij\u00e3o \u00e9 uma leguminosa que fixa nitrog\u00eanio no solo, o que pode diminuir a depend\u00eancia de insumos industriais. Isso n\u00e3o s\u00f3 beneficia o meio ambiente, mas tamb\u00e9m os agricultores, que podem reduzir custos e promover pr\u00e1ticas agr\u00edcolas mais saud\u00e1veis e sustent\u00e1veis.<\/p>\n<h2>Conex\u00f5es Internacionais no Conafe<\/h2>\n<p>O Conafe n\u00e3o \u00e9 apenas um espa\u00e7o para discutir pr\u00e1ticas locais, mas tamb\u00e9m promove conex\u00f5es internacionais. Pesquisadores de diferentes pa\u00edses se re\u00fanem para compartilhar suas experi\u00eancias e inova\u00e7\u00f5es no cultivo do feij\u00e3o. A presen\u00e7a de especialistas internacionais, como o professor Juan Manuel Osorno, da North Dakota State University, enriquece as discuss\u00f5es sobre o melhoramento gen\u00e9tico do feijoeiro, destacando a import\u00e2ncia da pesquisa colaborativa para o avan\u00e7o cient\u00edfico e tecnol\u00f3gico nessa \u00e1rea.<\/p>\n<p><img decoding=\"async\" src=\"https:\/\/www.encontrabelohorizonte.com.br\/guia\/wp-content\/uploads\/2026\/05\/feijao-e-tema-de-congresso-nacional-em-belo-horizonte.webp\" alt=\"congresso nacional do feij\u00e3o\" loading=\"lazy\" \/><\/p>\n<h2>Inova\u00e7\u00e3o na Pesquisa de Feij\u00e3o<\/h2>\n<p>As inova\u00e7\u00f5es no campo da pesquisa de feij\u00e3o s\u00e3o cruciais para sua produtividade e qualidade. O uso de tecnologias de ponta, como a edi\u00e7\u00e3o gen\u00e9tica e novas t\u00e9cnicas de melhoramento, pode levar ao desenvolvimento de cultivares que s\u00e3o mais resistentes a pragas e doen\u00e7as. Durante o evento, especialistas compartilhar\u00e3o suas \u00faltimas descobertas, contribuindo para um futuro mais promissor n\u00e3o apenas para os agricultores, mas tamb\u00e9m para a seguran\u00e7a alimentar global.<\/p>\n<h2>Palestras de Especialistas Renomados<\/h2>\n<p>O Conafe contar\u00e1 com diversas palestras ministradas por especialistas renomados. A palestra de abertura ser\u00e1 conduzida pelo professor doutor Rafael Moreira Claro, que discutir\u00e1 a relev\u00e2ncia do feij\u00e3o na promo\u00e7\u00e3o de uma alimenta\u00e7\u00e3o saud\u00e1vel. Com um foco em seus benef\u00edcios nutricionais, a apresenta\u00e7\u00e3o ressaltar\u00e1 como o consumo regular de feij\u00e3o pode proteger a popula\u00e7\u00e3o de doen\u00e7as cr\u00f4nicas, como diabetes e problemas cardiovasculares.<\/p>\n<h2>Significado Cultural do Feij\u00e3o no Brasil<\/h2>\n<p>O feij\u00e3o n\u00e3o \u00e9 apenas um alimento; ele \u00e9 parte integrante da cultura brasileira. Tradicionalmente, o feij\u00e3o-com-arroz \u00e9 considerado uma das principais refei\u00e7\u00f5es do pa\u00eds. Seu lugar na mesa reflete n\u00e3o apenas a alimenta\u00e7\u00e3o, mas tamb\u00e9m aspectos culturais e sociais da popula\u00e7\u00e3o. O evento abordar\u00e1 como o feij\u00e3o merece ser valorizado n\u00e3o apenas por seus benef\u00edcios \u00e0 sa\u00fade, mas tamb\u00e9m como s\u00edmbolo da identidade nacional e da hist\u00f3ria alimentar do Brasil.<\/p>\n<h2>O Papel da Agricultura Familiar<\/h2>\n<p>A agricultura familiar desempenha um papel estrat\u00e9gico na produ\u00e7\u00e3o de feij\u00e3o no Brasil. O evento discutir\u00e1 como essas pr\u00e1ticas agr\u00edcolas mais pr\u00f3ximas da comunidade podem melhorar a qualidade dos alimentos e promover a soberania alimentar. Ao integrar pequenos produtores nas pol\u00edticas de aquisi\u00e7\u00e3o p\u00fablica, \u00e9 poss\u00edvel garantir que o feij\u00e3o de qualidade chegue \u00e0 mesa dos consumidores, ao mesmo tempo em que sustenta a economia local.<\/p>\n<h2>Pr\u00e1ticas de Cultivo Modernas<\/h2>\n<p>As modernas pr\u00e1ticas de cultivo de feij\u00e3o incluem m\u00e9todos que utilizam menos recursos e t\u00eam maior rendimento. T\u00e9cnicas de manejo sustent\u00e1vel, como o uso de bioinsumos e o controle biol\u00f3gico de pragas, foram desenvolvidas para garantir que o feij\u00e3o cres\u00e7a de forma saud\u00e1vel e produtiva. O Conafe prop\u00f5e debater como essas inova\u00e7\u00f5es podem ser disseminadas entre os agricultores, visando aumentar a produtividade sem comprometer o meio ambiente.<\/p>\n<h2>Certifica\u00e7\u00e3o de Sementes e Qualidade<\/h2>\n<p>Outro ponto abordado no congresso \u00e9 a import\u00e2ncia das sementes certificadas. A utiliza\u00e7\u00e3o de sementes de qualidade \u00e9 fundamental para obter boas colheitas de feij\u00e3o, pois essas sementes reduzem a incid\u00eancia de doen\u00e7as e aumentam a produtividade. A sensibiliza\u00e7\u00e3o sobre os riscos relacionados \u00e0 pirataria de sementes \u00e9 necess\u00e1ria para garantir a sanidade das lavouras e, consequentemente, a seguran\u00e7a alimentar.<\/p>\n<h2>Inscri\u00e7\u00f5es e Programa\u00e7\u00e3o do Conafe<\/h2>\n<p>As inscri\u00e7\u00f5es para o 14\u00ba Congresso Nacional de Pesquisa do Feij\u00e3o variam de R$ 150 a R$ 400 e podem ser feitas atrav\u00e9s do site oficial. A programa\u00e7\u00e3o inclui palestras, workshops e apresenta\u00e7\u00f5es de trabalhos de pesquisa que foram submetidos e aprovados por uma comiss\u00e3o cient\u00edfica. Essa diversidade de atividades visa promover um di\u00e1logo amplo sobre o futuro do feij\u00e3o no Brasil e no mundo, reunindo agricultores, pesquisadores e estudantes.<\/p>\n","protected":false},"excerpt":{"rendered":"<p>Feij\u00e3o em destaque em congresso nacional que ocorre em Belo Horizonte.<\/p>\n","protected":false},"author":1,"featured_media":14680,"comment_status":"open","ping_status":"open","sticky":false,"template":"","format":"standard","meta":{"footnotes":""},"categories":[5],"tags":[],"class_list":["post-14681","post","type-post","status-publish","format-standard","has-post-thumbnail","hentry","category-noticias","has_thumb"],"yoast_head":"<!-- This site is optimized with the Yoast SEO plugin v28.2 - https:\/\/yoast.com\/product\/yoast-seo-wordpress\/ -->\n<title>Feij\u00e3o \u00e9 tema de congresso nacional em Belo Horizonte | Guia Comercial de Belo Horizonte MG<\/title>\n<meta name=\"robots\" content=\"index, follow, max-snippet:-1, max-image-preview:large, max-video-preview:-1\" \/>\n<link rel=\"canonical\" href=\"https:\/\/www.encontrabelohorizonte.com.br\/guia\/feijao-e-tema-de-congresso-nacional-em-belo-horizonte\/\" \/>\n<meta property=\"og:locale\" content=\"pt_BR\" \/>\n<meta property=\"og:type\" content=\"article\" \/>\n<meta property=\"og:title\" content=\"Feij\u00e3o \u00e9 tema de congresso nacional em Belo Horizonte | Guia Comercial de Belo Horizonte MG\" \/>\n<meta property=\"og:description\" content=\"Feij\u00e3o em destaque em congresso nacional que ocorre em Belo Horizonte.\" \/>\n<meta property=\"og:url\" content=\"https:\/\/www.encontrabelohorizonte.com.br\/guia\/feijao-e-tema-de-congresso-nacional-em-belo-horizonte\/\" \/>\n<meta property=\"og:site_name\" content=\"Guia Comercial de Belo Horizonte MG\" \/>\n<meta property=\"article:published_time\" content=\"2026-05-15T09:02:26+00:00\" \/>\n<meta property=\"og:image\" content=\"https:\/\/www.encontrabelohorizonte.com.br\/guia\/wp-content\/uploads\/2026\/05\/feijao-e-tema-de-congresso-nacional-em-belo-horizonte.webp\" \/>\n\t<meta property=\"og:image:width\" content=\"280\" \/>\n\t<meta property=\"og:image:height\" content=\"280\" \/>\n\t<meta property=\"og:image:type\" content=\"image\/webp\" \/>\n<meta name=\"author\" content=\"Encontra Belo Horizonte\" \/>\n<meta name=\"twitter:card\" content=\"summary_large_image\" \/>\n<meta name=\"twitter:label1\" content=\"Escrito por\" \/>\n\t<meta name=\"twitter:data1\" content=\"Encontra Belo Horizonte\" \/>\n\t<meta name=\"twitter:label2\" content=\"Est. tempo de leitura\" \/>\n\t<meta name=\"twitter:data2\" content=\"4 minutos\" \/>\n<script type=\"application\/ld+json\" class=\"yoast-schema-graph\">{\"@context\":\"https:\\\/\\\/schema.org\",\"@graph\":[{\"@type\":\"Article\",\"@id\":\"https:\\\/\\\/www.encontrabelohorizonte.com.br\\\/guia\\\/feijao-e-tema-de-congresso-nacional-em-belo-horizonte\\\/#article\",\"isPartOf\":{\"@id\":\"https:\\\/\\\/www.encontrabelohorizonte.com.br\\\/guia\\\/feijao-e-tema-de-congresso-nacional-em-belo-horizonte\\\/\"},\"author\":{\"name\":\"Encontra Belo Horizonte\",\"@id\":\"https:\\\/\\\/www.encontrabelohorizonte.com.br\\\/guia\\\/#\\\/schema\\\/person\\\/6b792069f07fee9a700a7caa85fb85a9\"},\"headline\":\"Feij\u00e3o \u00e9 tema de congresso nacional em Belo Horizonte\",\"datePublished\":\"2026-05-15T09:02:26+00:00\",\"mainEntityOfPage\":{\"@id\":\"https:\\\/\\\/www.encontrabelohorizonte.com.br\\\/guia\\\/feijao-e-tema-de-congresso-nacional-em-belo-horizonte\\\/\"},\"wordCount\":881,\"commentCount\":0,\"image\":{\"@id\":\"https:\\\/\\\/www.encontrabelohorizonte.com.br\\\/guia\\\/feijao-e-tema-de-congresso-nacional-em-belo-horizonte\\\/#primaryimage\"},\"thumbnailUrl\":\"https:\\\/\\\/www.encontrabelohorizonte.com.br\\\/guia\\\/wp-content\\\/uploads\\\/2026\\\/05\\\/feijao-e-tema-de-congresso-nacional-em-belo-horizonte.webp\",\"articleSection\":[\"Not\u00edcias Belo Horizonte\"],\"inLanguage\":\"pt-BR\",\"potentialAction\":[{\"@type\":\"CommentAction\",\"name\":\"Comment\",\"target\":[\"https:\\\/\\\/www.encontrabelohorizonte.com.br\\\/guia\\\/feijao-e-tema-de-congresso-nacional-em-belo-horizonte\\\/#respond\"]}]},{\"@type\":\"WebPage\",\"@id\":\"https:\\\/\\\/www.encontrabelohorizonte.com.br\\\/guia\\\/feijao-e-tema-de-congresso-nacional-em-belo-horizonte\\\/\",\"url\":\"https:\\\/\\\/www.encontrabelohorizonte.com.br\\\/guia\\\/feijao-e-tema-de-congresso-nacional-em-belo-horizonte\\\/\",\"name\":\"Feij\u00e3o \u00e9 tema de congresso nacional em Belo Horizonte | Guia Comercial de Belo Horizonte MG\",\"isPartOf\":{\"@id\":\"https:\\\/\\\/www.encontrabelohorizonte.com.br\\\/guia\\\/#website\"},\"primaryImageOfPage\":{\"@id\":\"https:\\\/\\\/www.encontrabelohorizonte.com.br\\\/guia\\\/feijao-e-tema-de-congresso-nacional-em-belo-horizonte\\\/#primaryimage\"},\"image\":{\"@id\":\"https:\\\/\\\/www.encontrabelohorizonte.com.br\\\/guia\\\/feijao-e-tema-de-congresso-nacional-em-belo-horizonte\\\/#primaryimage\"},\"thumbnailUrl\":\"https:\\\/\\\/www.encontrabelohorizonte.com.br\\\/guia\\\/wp-content\\\/uploads\\\/2026\\\/05\\\/feijao-e-tema-de-congresso-nacional-em-belo-horizonte.webp\",\"datePublished\":\"2026-05-15T09:02:26+00:00\",\"author\":{\"@id\":\"https:\\\/\\\/www.encontrabelohorizonte.com.br\\\/guia\\\/#\\\/schema\\\/person\\\/6b792069f07fee9a700a7caa85fb85a9\"},\"inLanguage\":\"pt-BR\",\"potentialAction\":[{\"@type\":\"ReadAction\",\"target\":[\"https:\\\/\\\/www.encontrabelohorizonte.com.br\\\/guia\\\/feijao-e-tema-de-congresso-nacional-em-belo-horizonte\\\/\"]}]},{\"@type\":\"ImageObject\",\"inLanguage\":\"pt-BR\",\"@id\":\"https:\\\/\\\/www.encontrabelohorizonte.com.br\\\/guia\\\/feijao-e-tema-de-congresso-nacional-em-belo-horizonte\\\/#primaryimage\",\"url\":\"https:\\\/\\\/www.encontrabelohorizonte.com.br\\\/guia\\\/wp-content\\\/uploads\\\/2026\\\/05\\\/feijao-e-tema-de-congresso-nacional-em-belo-horizonte.webp\",\"contentUrl\":\"https:\\\/\\\/www.encontrabelohorizonte.com.br\\\/guia\\\/wp-content\\\/uploads\\\/2026\\\/05\\\/feijao-e-tema-de-congresso-nacional-em-belo-horizonte.webp\",\"width\":280,\"height\":280,\"caption\":\"congresso nacional do feij\u00e3o\"},{\"@type\":\"WebSite\",\"@id\":\"https:\\\/\\\/www.encontrabelohorizonte.com.br\\\/guia\\\/#website\",\"url\":\"https:\\\/\\\/www.encontrabelohorizonte.com.br\\\/guia\\\/\",\"name\":\"Guia Comercial de Belo Horizonte MG\",\"description\":\"ENCONTRA BELO HORIZONTE - O guia comercial de neg\u00f3cios e empresas, cultura e divers\u00e3o na cidade de Belo Horizonte. Feito 100% para voc\u00ea morador!\",\"potentialAction\":[{\"@type\":\"SearchAction\",\"target\":{\"@type\":\"EntryPoint\",\"urlTemplate\":\"https:\\\/\\\/www.encontrabelohorizonte.com.br\\\/guia\\\/?s={search_term_string}\"},\"query-input\":{\"@type\":\"PropertyValueSpecification\",\"valueRequired\":true,\"valueName\":\"search_term_string\"}}],\"inLanguage\":\"pt-BR\"},{\"@type\":\"Person\",\"@id\":\"https:\\\/\\\/www.encontrabelohorizonte.com.br\\\/guia\\\/#\\\/schema\\\/person\\\/6b792069f07fee9a700a7caa85fb85a9\",\"name\":\"Encontra Belo Horizonte\",\"image\":{\"@type\":\"ImageObject\",\"inLanguage\":\"pt-BR\",\"@id\":\"https:\\\/\\\/secure.gravatar.com\\\/avatar\\\/c50c17820bcf322f0a8fd6b110b8c0918141409dc69076470f6fca5fee70a5d4?s=96&d=mm&r=g\",\"url\":\"https:\\\/\\\/secure.gravatar.com\\\/avatar\\\/c50c17820bcf322f0a8fd6b110b8c0918141409dc69076470f6fca5fee70a5d4?s=96&d=mm&r=g\",\"contentUrl\":\"https:\\\/\\\/secure.gravatar.com\\\/avatar\\\/c50c17820bcf322f0a8fd6b110b8c0918141409dc69076470f6fca5fee70a5d4?s=96&d=mm&r=g\",\"caption\":\"Encontra Belo Horizonte\"},\"url\":\"https:\\\/\\\/www.encontrabelohorizonte.com.br\\\/guia\\\/author\\\/encontrabelohorizonte\\\/\"}]}<\/script>\n<!-- \/ Yoast SEO plugin. -->","yoast_head_json":{"title":"Feij\u00e3o \u00e9 tema de congresso nacional em Belo Horizonte | Guia Comercial de Belo Horizonte MG","robots":{"index":"index","follow":"follow","max-snippet":"max-snippet:-1","max-image-preview":"max-image-preview:large","max-video-preview":"max-video-preview:-1"},"canonical":"https:\/\/www.encontrabelohorizonte.com.br\/guia\/feijao-e-tema-de-congresso-nacional-em-belo-horizonte\/","og_locale":"pt_BR","og_type":"article","og_title":"Feij\u00e3o \u00e9 tema de congresso nacional em Belo Horizonte | Guia Comercial de Belo Horizonte MG","og_description":"Feij\u00e3o em destaque em congresso nacional que ocorre em Belo Horizonte.","og_url":"https:\/\/www.encontrabelohorizonte.com.br\/guia\/feijao-e-tema-de-congresso-nacional-em-belo-horizonte\/","og_site_name":"Guia Comercial de Belo Horizonte MG","article_published_time":"2026-05-15T09:02:26+00:00","og_image":[{"width":280,"height":280,"url":"https:\/\/www.encontrabelohorizonte.com.br\/guia\/wp-content\/uploads\/2026\/05\/feijao-e-tema-de-congresso-nacional-em-belo-horizonte.webp","type":"image\/webp"}],"author":"Encontra Belo Horizonte","twitter_card":"summary_large_image","twitter_misc":{"Escrito por":"Encontra Belo Horizonte","Est. tempo de leitura":"4 minutos"},"schema":{"@context":"https:\/\/schema.org","@graph":[{"@type":"Article","@id":"https:\/\/www.encontrabelohorizonte.com.br\/guia\/feijao-e-tema-de-congresso-nacional-em-belo-horizonte\/#article","isPartOf":{"@id":"https:\/\/www.encontrabelohorizonte.com.br\/guia\/feijao-e-tema-de-congresso-nacional-em-belo-horizonte\/"},"author":{"name":"Encontra Belo Horizonte","@id":"https:\/\/www.encontrabelohorizonte.com.br\/guia\/#\/schema\/person\/6b792069f07fee9a700a7caa85fb85a9"},"headline":"Feij\u00e3o \u00e9 tema de congresso nacional em Belo Horizonte","datePublished":"2026-05-15T09:02:26+00:00","mainEntityOfPage":{"@id":"https:\/\/www.encontrabelohorizonte.com.br\/guia\/feijao-e-tema-de-congresso-nacional-em-belo-horizonte\/"},"wordCount":881,"commentCount":0,"image":{"@id":"https:\/\/www.encontrabelohorizonte.com.br\/guia\/feijao-e-tema-de-congresso-nacional-em-belo-horizonte\/#primaryimage"},"thumbnailUrl":"https:\/\/www.encontrabelohorizonte.com.br\/guia\/wp-content\/uploads\/2026\/05\/feijao-e-tema-de-congresso-nacional-em-belo-horizonte.webp","articleSection":["Not\u00edcias Belo Horizonte"],"inLanguage":"pt-BR","potentialAction":[{"@type":"CommentAction","name":"Comment","target":["https:\/\/www.encontrabelohorizonte.com.br\/guia\/feijao-e-tema-de-congresso-nacional-em-belo-horizonte\/#respond"]}]},{"@type":"WebPage","@id":"https:\/\/www.encontrabelohorizonte.com.br\/guia\/feijao-e-tema-de-congresso-nacional-em-belo-horizonte\/","url":"https:\/\/www.encontrabelohorizonte.com.br\/guia\/feijao-e-tema-de-congresso-nacional-em-belo-horizonte\/","name":"Feij\u00e3o \u00e9 tema de congresso nacional em Belo Horizonte | Guia Comercial de Belo Horizonte MG","isPartOf":{"@id":"https:\/\/www.encontrabelohorizonte.com.br\/guia\/#website"},"primaryImageOfPage":{"@id":"https:\/\/www.encontrabelohorizonte.com.br\/guia\/feijao-e-tema-de-congresso-nacional-em-belo-horizonte\/#primaryimage"},"image":{"@id":"https:\/\/www.encontrabelohorizonte.com.br\/guia\/feijao-e-tema-de-congresso-nacional-em-belo-horizonte\/#primaryimage"},"thumbnailUrl":"https:\/\/www.encontrabelohorizonte.com.br\/guia\/wp-content\/uploads\/2026\/05\/feijao-e-tema-de-congresso-nacional-em-belo-horizonte.webp","datePublished":"2026-05-15T09:02:26+00:00","author":{"@id":"https:\/\/www.encontrabelohorizonte.com.br\/guia\/#\/schema\/person\/6b792069f07fee9a700a7caa85fb85a9"},"inLanguage":"pt-BR","potentialAction":[{"@type":"ReadAction","target":["https:\/\/www.encontrabelohorizonte.com.br\/guia\/feijao-e-tema-de-congresso-nacional-em-belo-horizonte\/"]}]},{"@type":"ImageObject","inLanguage":"pt-BR","@id":"https:\/\/www.encontrabelohorizonte.com.br\/guia\/feijao-e-tema-de-congresso-nacional-em-belo-horizonte\/#primaryimage","url":"https:\/\/www.encontrabelohorizonte.com.br\/guia\/wp-content\/uploads\/2026\/05\/feijao-e-tema-de-congresso-nacional-em-belo-horizonte.webp","contentUrl":"https:\/\/www.encontrabelohorizonte.com.br\/guia\/wp-content\/uploads\/2026\/05\/feijao-e-tema-de-congresso-nacional-em-belo-horizonte.webp","width":280,"height":280,"caption":"congresso nacional do feij\u00e3o"},{"@type":"WebSite","@id":"https:\/\/www.encontrabelohorizonte.com.br\/guia\/#website","url":"https:\/\/www.encontrabelohorizonte.com.br\/guia\/","name":"Guia Comercial de Belo Horizonte MG","description":"ENCONTRA BELO HORIZONTE - O guia comercial de neg\u00f3cios e empresas, cultura e divers\u00e3o na cidade de Belo Horizonte. Feito 100% para voc\u00ea morador!","potentialAction":[{"@type":"SearchAction","target":{"@type":"EntryPoint","urlTemplate":"https:\/\/www.encontrabelohorizonte.com.br\/guia\/?s={search_term_string}"},"query-input":{"@type":"PropertyValueSpecification","valueRequired":true,"valueName":"search_term_string"}}],"inLanguage":"pt-BR"},{"@type":"Person","@id":"https:\/\/www.encontrabelohorizonte.com.br\/guia\/#\/schema\/person\/6b792069f07fee9a700a7caa85fb85a9","name":"Encontra Belo Horizonte","image":{"@type":"ImageObject","inLanguage":"pt-BR","@id":"https:\/\/secure.gravatar.com\/avatar\/c50c17820bcf322f0a8fd6b110b8c0918141409dc69076470f6fca5fee70a5d4?s=96&d=mm&r=g","url":"https:\/\/secure.gravatar.com\/avatar\/c50c17820bcf322f0a8fd6b110b8c0918141409dc69076470f6fca5fee70a5d4?s=96&d=mm&r=g","contentUrl":"https:\/\/secure.gravatar.com\/avatar\/c50c17820bcf322f0a8fd6b110b8c0918141409dc69076470f6fca5fee70a5d4?s=96&d=mm&r=g","caption":"Encontra Belo Horizonte"},"url":"https:\/\/www.encontrabelohorizonte.com.br\/guia\/author\/encontrabelohorizonte\/"}]}},"_links":{"self":[{"href":"https:\/\/www.encontrabelohorizonte.com.br\/guia\/wp-json\/wp\/v2\/posts\/14681","targetHints":{"allow":["GET"]}}],"collection":[{"href":"https:\/\/www.encontrabelohorizonte.com.br\/guia\/wp-json\/wp\/v2\/posts"}],"about":[{"href":"https:\/\/www.encontrabelohorizonte.com.br\/guia\/wp-json\/wp\/v2\/types\/post"}],"author":[{"embeddable":true,"href":"https:\/\/www.encontrabelohorizonte.com.br\/guia\/wp-json\/wp\/v2\/users\/1"}],"replies":[{"embeddable":true,"href":"https:\/\/www.encontrabelohorizonte.com.br\/guia\/wp-json\/wp\/v2\/comments?post=14681"}],"version-history":[{"count":0,"href":"https:\/\/www.encontrabelohorizonte.com.br\/guia\/wp-json\/wp\/v2\/posts\/14681\/revisions"}],"wp:featuredmedia":[{"embeddable":true,"href":"https:\/\/www.encontrabelohorizonte.com.br\/guia\/wp-json\/wp\/v2\/media\/14680"}],"wp:attachment":[{"href":"https:\/\/www.encontrabelohorizonte.com.br\/guia\/wp-json\/wp\/v2\/media?parent=14681"}],"wp:term":[{"taxonomy":"category","embeddable":true,"href":"https:\/\/www.encontrabelohorizonte.com.br\/guia\/wp-json\/wp\/v2\/categories?post=14681"},{"taxonomy":"post_tag","embeddable":true,"href":"https:\/\/www.encontrabelohorizonte.com.br\/guia\/wp-json\/wp\/v2\/tags?post=14681"}],"curies":[{"name":"wp","href":"https:\/\/api.w.org\/{rel}","templated":true}]}}