{"id":14689,"date":"2026-05-19T06:09:58","date_gmt":"2026-05-19T09:09:58","guid":{"rendered":"https:\/\/www.encontrabelohorizonte.com.br\/guia\/belo-horizonte-recebe-o-x-congresso-internacional-de-controle-e-politicas-publicas\/"},"modified":"2026-05-19T06:09:58","modified_gmt":"2026-05-19T09:09:58","slug":"belo-horizonte-recebe-o-x-congresso-internacional-de-controle-e-politicas-publicas","status":"publish","type":"post","link":"https:\/\/www.encontrabelohorizonte.com.br\/guia\/belo-horizonte-recebe-o-x-congresso-internacional-de-controle-e-politicas-publicas\/","title":{"rendered":"Belo Horizonte recebe o X Congresso Internacional de Controle e Pol\u00edticas P\u00fablicas"},"content":{"rendered":"<h2>O que esperar do Congresso?<\/h2>\n<p>O **X Congresso Internacional de Controle e Pol\u00edticas P\u00fablicas** promete ser um evento experiencial e enriquecedor, reunindo talentos de diversas \u00e1reas. Durante os quatro dias, especialistas de renome discutir\u00e3o temas relevantes que impactam diretamente a sociedade e as gest\u00f5es p\u00fablicas no Brasil. Espera-se que os participantes adquiram novas perspectivas sobre governan\u00e7a, pol\u00edticas p\u00fablicas e inova\u00e7\u00e3o no controle externo.<\/p>\n<h2>Localiza\u00e7\u00e3o e estrutura do evento<\/h2>\n<p>O congresso acontecer\u00e1 no <strong>The One<\/strong>, localizado na <strong>Avenida Raja Gab\u00e1glia, 1.143, Luxemburgo, Belo Horizonte, MG<\/strong>. Este espa\u00e7o foi escolhido por sua infraestrutura moderna e confort\u00e1vel, apta para hospedar uma vasta programa\u00e7\u00e3o de palestras e atividades interativas. Os participantes ter\u00e3o acesso a \u00e1reas para networking, estandes de expositores e sess\u00f5es de perguntas e respostas que incentivam a intera\u00e7\u00e3o entre os palestrantes e o p\u00fablico.<\/p>\n<h2>Inscri\u00e7\u00f5es abertas: Como participar<\/h2>\n<p>As inscri\u00e7\u00f5es j\u00e1 est\u00e3o dispon\u00edveis e podem ser feitas atrav\u00e9s do <a href=\"https:\/\/www.sympla.com.br\/evento\/x-congresso-internacional-de-controle-e-politicas-publicas\/3359610\">site oficial<\/a>. Os interessados devem preencher um formul\u00e1rio simples e garantir a sua vaga o quanto antes, pois espera-se que as vagas se esgotem rapidamente. Os participantes ter\u00e3o acesso \u00e0s palestras, materiais de apoio e certifica\u00e7\u00e3o ao final do evento.<\/p>\n<p><img decoding=\"async\" src=\"https:\/\/www.encontrabelohorizonte.com.br\/guia\/wp-content\/uploads\/2026\/05\/belo-horizonte-recebe-o-x-congresso-internacional-de-controle-e-politicas-publicas.webp\" alt=\"Congresso Internacional de Controle e Pol\u00edticas P\u00fablicas\" loading=\"lazy\" \/><\/p>\n<h2>Quem s\u00e3o os palestrantes convidados?<\/h2>\n<p>Um dos maiores atrativos do congresso \u00e9 a presen\u00e7a de <strong>especialistas nacionais e internacionais<\/strong> que compartilhar\u00e3o suas experi\u00eancias e conhecimentos. Entre os convidados est\u00e3o renomados gestores p\u00fablicos, acad\u00eamicos e membros de tribunais de contas que trar\u00e3o novas perspectivas sobre o papel do controle p\u00fablico. A diversidade de vozes promete enriquecer as discuss\u00f5es, oferecendo uma ampla gama de insights sobre a efetividade das pol\u00edticas p\u00fablicas.<\/p>\n<h2>Temas em destaque no congresso<\/h2>\n<p>Os temas abrangidos por este congresso incluem:<\/p>\n<ul>\n<li><strong>Governan\u00e7a e Transpar\u00eancia:<\/strong> Estrat\u00e9gias para implementar pr\u00e1ticas transparentes na administra\u00e7\u00e3o p\u00fablica.<\/li>\n<li><strong>Inova\u00e7\u00e3o em Pol\u00edticas P\u00fablicas:<\/strong> Exemplos de como inovar na formula\u00e7\u00e3o e execu\u00e7\u00e3o de pol\u00edticas que gerem resultados positivos.<\/li>\n<li><strong>Controle Externo:<\/strong> O papel dos Tribunais de Contas e a import\u00e2ncia do controle na gest\u00e3o p\u00fablica.<\/li>\n<li><strong>Participa\u00e7\u00e3o da Sociedade Civil:<\/strong> Como envolver a popula\u00e7\u00e3o nas decis\u00f5es governamentais e melhorar o controle social.<\/li>\n<\/ul>\n<h2>Networking: Oportunidades de conex\u00f5es<\/h2>\n<p>O evento ser\u00e1 uma excelente plataforma para networking. Os participantes ter\u00e3o a chance de conhecer e interagir com colegas de diferentes \u00e1reas, incluindo acad\u00eamicos, gestores p\u00fablicos, e representantes de organiza\u00e7\u00f5es sociais. As oportunidades de conex\u00e3o s\u00e3o fundamentais para o compartilhamento de experi\u00eancias e a constru\u00e7\u00e3o de colabora\u00e7\u00f5es futuras. Al\u00e9m disso, v\u00e1rias atividades ser\u00e3o organizadas para promover a troca de ideias e o desenvolvimento de novas parcerias.<\/p>\n<h2>Import\u00e2ncia das pol\u00edticas p\u00fablicas no Brasil<\/h2>\n<p>As pol\u00edticas p\u00fablicas s\u00e3o essenciais para o desenvolvimento social e econ\u00f4mico do Brasil. O congresso abordar\u00e1 como as decis\u00f5es governamentais influenciam a vida dos cidad\u00e3os e a import\u00e2ncia de um controle eficaz na execu\u00e7\u00e3o dessas pol\u00edticas. Com discuss\u00f5es sobre a Constitui\u00e7\u00e3o de 1988, o evento buscar\u00e1 analisar como os Tribunais de Contas t\u00eam atuado para assegurar que as pol\u00edticas sejam implementadas de maneira justa e eficiente.<\/p>\n<h2>Casos de sucesso no controle p\u00fablico<\/h2>\n<p>Uma parte importante da programa\u00e7\u00e3o ser\u00e1 dedicada \u00e0 apresenta\u00e7\u00e3o de casos bem-sucedidos de controle p\u00fablico. Esses exemplos oferecer\u00e3o modelos que podem ser adotados em diferentes contextos, mostrando como pr\u00e1ticas eficientes podem levar a melhorias significativas na gest\u00e3o p\u00fablica. A troca de experi\u00eancias entre locais distintos tamb\u00e9m promover\u00e1 aprendizados importantes para todos os envolvidos.<\/p>\n<h2>Como o congresso contribui para a inova\u00e7\u00e3o<\/h2>\n<p>Inovar na gest\u00e3o p\u00fablica \u00e9 crucial para o avan\u00e7o social e econ\u00f4mico. O congresso explorar\u00e1 como as novas tecnologias e abordagens podem ser aplicadas para melhorar a efici\u00eancia e a efic\u00e1cia das pol\u00edticas. Os participantes ser\u00e3o convidados a refletir sobre o impacto da inova\u00e7\u00e3o no setor p\u00fablico, analisando desde a implementa\u00e7\u00e3o de novas ferramentas at\u00e9 a mudan\u00e7a de paradigmas de gest\u00e3o.<\/p>\n<h2>Expectativas para o futuro das pol\u00edticas p\u00fablicas<\/h2>\n<p>As discuss\u00f5es no congresso tamb\u00e9m ter\u00e3o um foco no futuro das pol\u00edticas p\u00fablicas. Os palestrantes ir\u00e3o compartilhar suas previs\u00f5es e opini\u00f5es sobre tend\u00eancias emergentes que podem impactar a administra\u00e7\u00e3o p\u00fablica nos pr\u00f3ximos anos. Este espa\u00e7o ser\u00e1 crucial para identificar oportunidades e desafios, ajudando os participantes a se prepararem para os pr\u00f3ximos passos na elabora\u00e7\u00e3o e monitoramento de pol\u00edticas p\u00fablicas.<\/p>\n","protected":false},"excerpt":{"rendered":"<p>O X Congresso Internacional de Controle e Pol\u00edticas P\u00fablicas acontece em Belo Horizonte de 19 a 22 de maio de 2026.<\/p>\n","protected":false},"author":1,"featured_media":14688,"comment_status":"open","ping_status":"open","sticky":false,"template":"","format":"standard","meta":{"footnotes":""},"categories":[5],"tags":[],"class_list":["post-14689","post","type-post","status-publish","format-standard","has-post-thumbnail","hentry","category-noticias","has_thumb"],"yoast_head":"<!-- This site is optimized with the Yoast SEO plugin v28.2 - https:\/\/yoast.com\/product\/yoast-seo-wordpress\/ -->\n<title>Belo Horizonte recebe o X Congresso Internacional de Controle e Pol\u00edticas P\u00fablicas | Guia Comercial de Belo Horizonte MG<\/title>\n<meta name=\"robots\" content=\"index, follow, max-snippet:-1, max-image-preview:large, max-video-preview:-1\" \/>\n<link rel=\"canonical\" href=\"https:\/\/www.encontrabelohorizonte.com.br\/guia\/belo-horizonte-recebe-o-x-congresso-internacional-de-controle-e-politicas-publicas\/\" \/>\n<meta property=\"og:locale\" content=\"pt_BR\" \/>\n<meta property=\"og:type\" content=\"article\" \/>\n<meta property=\"og:title\" content=\"Belo Horizonte recebe o X Congresso Internacional de Controle e Pol\u00edticas P\u00fablicas | Guia Comercial de Belo Horizonte MG\" \/>\n<meta property=\"og:description\" content=\"O X Congresso Internacional de Controle e Pol\u00edticas P\u00fablicas acontece em Belo Horizonte de 19 a 22 de maio de 2026.\" \/>\n<meta property=\"og:url\" content=\"https:\/\/www.encontrabelohorizonte.com.br\/guia\/belo-horizonte-recebe-o-x-congresso-internacional-de-controle-e-politicas-publicas\/\" \/>\n<meta property=\"og:site_name\" content=\"Guia Comercial de Belo Horizonte MG\" \/>\n<meta property=\"article:published_time\" content=\"2026-05-19T09:09:58+00:00\" \/>\n<meta property=\"og:image\" content=\"https:\/\/www.encontrabelohorizonte.com.br\/guia\/wp-content\/uploads\/2026\/05\/belo-horizonte-recebe-o-x-congresso-internacional-de-controle-e-politicas-publicas.webp\" \/>\n\t<meta property=\"og:image:width\" content=\"280\" \/>\n\t<meta property=\"og:image:height\" content=\"280\" \/>\n\t<meta property=\"og:image:type\" content=\"image\/webp\" \/>\n<meta name=\"author\" content=\"Encontra Belo Horizonte\" \/>\n<meta name=\"twitter:card\" content=\"summary_large_image\" \/>\n<meta name=\"twitter:label1\" content=\"Escrito por\" \/>\n\t<meta name=\"twitter:data1\" content=\"Encontra Belo Horizonte\" \/>\n\t<meta name=\"twitter:label2\" content=\"Est. tempo de leitura\" \/>\n\t<meta name=\"twitter:data2\" content=\"4 minutos\" \/>\n<script type=\"application\/ld+json\" class=\"yoast-schema-graph\">{\"@context\":\"https:\\\/\\\/schema.org\",\"@graph\":[{\"@type\":\"Article\",\"@id\":\"https:\\\/\\\/www.encontrabelohorizonte.com.br\\\/guia\\\/belo-horizonte-recebe-o-x-congresso-internacional-de-controle-e-politicas-publicas\\\/#article\",\"isPartOf\":{\"@id\":\"https:\\\/\\\/www.encontrabelohorizonte.com.br\\\/guia\\\/belo-horizonte-recebe-o-x-congresso-internacional-de-controle-e-politicas-publicas\\\/\"},\"author\":{\"name\":\"Encontra Belo Horizonte\",\"@id\":\"https:\\\/\\\/www.encontrabelohorizonte.com.br\\\/guia\\\/#\\\/schema\\\/person\\\/6b792069f07fee9a700a7caa85fb85a9\"},\"headline\":\"Belo Horizonte recebe o X Congresso Internacional de Controle e Pol\u00edticas P\u00fablicas\",\"datePublished\":\"2026-05-19T09:09:58+00:00\",\"mainEntityOfPage\":{\"@id\":\"https:\\\/\\\/www.encontrabelohorizonte.com.br\\\/guia\\\/belo-horizonte-recebe-o-x-congresso-internacional-de-controle-e-politicas-publicas\\\/\"},\"wordCount\":801,\"commentCount\":0,\"image\":{\"@id\":\"https:\\\/\\\/www.encontrabelohorizonte.com.br\\\/guia\\\/belo-horizonte-recebe-o-x-congresso-internacional-de-controle-e-politicas-publicas\\\/#primaryimage\"},\"thumbnailUrl\":\"https:\\\/\\\/www.encontrabelohorizonte.com.br\\\/guia\\\/wp-content\\\/uploads\\\/2026\\\/05\\\/belo-horizonte-recebe-o-x-congresso-internacional-de-controle-e-politicas-publicas.webp\",\"articleSection\":[\"Not\u00edcias Belo Horizonte\"],\"inLanguage\":\"pt-BR\",\"potentialAction\":[{\"@type\":\"CommentAction\",\"name\":\"Comment\",\"target\":[\"https:\\\/\\\/www.encontrabelohorizonte.com.br\\\/guia\\\/belo-horizonte-recebe-o-x-congresso-internacional-de-controle-e-politicas-publicas\\\/#respond\"]}]},{\"@type\":\"WebPage\",\"@id\":\"https:\\\/\\\/www.encontrabelohorizonte.com.br\\\/guia\\\/belo-horizonte-recebe-o-x-congresso-internacional-de-controle-e-politicas-publicas\\\/\",\"url\":\"https:\\\/\\\/www.encontrabelohorizonte.com.br\\\/guia\\\/belo-horizonte-recebe-o-x-congresso-internacional-de-controle-e-politicas-publicas\\\/\",\"name\":\"Belo Horizonte recebe o X Congresso Internacional de Controle e Pol\u00edticas P\u00fablicas | Guia Comercial de Belo Horizonte MG\",\"isPartOf\":{\"@id\":\"https:\\\/\\\/www.encontrabelohorizonte.com.br\\\/guia\\\/#website\"},\"primaryImageOfPage\":{\"@id\":\"https:\\\/\\\/www.encontrabelohorizonte.com.br\\\/guia\\\/belo-horizonte-recebe-o-x-congresso-internacional-de-controle-e-politicas-publicas\\\/#primaryimage\"},\"image\":{\"@id\":\"https:\\\/\\\/www.encontrabelohorizonte.com.br\\\/guia\\\/belo-horizonte-recebe-o-x-congresso-internacional-de-controle-e-politicas-publicas\\\/#primaryimage\"},\"thumbnailUrl\":\"https:\\\/\\\/www.encontrabelohorizonte.com.br\\\/guia\\\/wp-content\\\/uploads\\\/2026\\\/05\\\/belo-horizonte-recebe-o-x-congresso-internacional-de-controle-e-politicas-publicas.webp\",\"datePublished\":\"2026-05-19T09:09:58+00:00\",\"author\":{\"@id\":\"https:\\\/\\\/www.encontrabelohorizonte.com.br\\\/guia\\\/#\\\/schema\\\/person\\\/6b792069f07fee9a700a7caa85fb85a9\"},\"inLanguage\":\"pt-BR\",\"potentialAction\":[{\"@type\":\"ReadAction\",\"target\":[\"https:\\\/\\\/www.encontrabelohorizonte.com.br\\\/guia\\\/belo-horizonte-recebe-o-x-congresso-internacional-de-controle-e-politicas-publicas\\\/\"]}]},{\"@type\":\"ImageObject\",\"inLanguage\":\"pt-BR\",\"@id\":\"https:\\\/\\\/www.encontrabelohorizonte.com.br\\\/guia\\\/belo-horizonte-recebe-o-x-congresso-internacional-de-controle-e-politicas-publicas\\\/#primaryimage\",\"url\":\"https:\\\/\\\/www.encontrabelohorizonte.com.br\\\/guia\\\/wp-content\\\/uploads\\\/2026\\\/05\\\/belo-horizonte-recebe-o-x-congresso-internacional-de-controle-e-politicas-publicas.webp\",\"contentUrl\":\"https:\\\/\\\/www.encontrabelohorizonte.com.br\\\/guia\\\/wp-content\\\/uploads\\\/2026\\\/05\\\/belo-horizonte-recebe-o-x-congresso-internacional-de-controle-e-politicas-publicas.webp\",\"width\":280,\"height\":280,\"caption\":\"Congresso Internacional de Controle e Pol\u00edticas P\u00fablicas\"},{\"@type\":\"WebSite\",\"@id\":\"https:\\\/\\\/www.encontrabelohorizonte.com.br\\\/guia\\\/#website\",\"url\":\"https:\\\/\\\/www.encontrabelohorizonte.com.br\\\/guia\\\/\",\"name\":\"Guia Comercial de Belo Horizonte MG\",\"description\":\"ENCONTRA BELO HORIZONTE - O guia comercial de neg\u00f3cios e empresas, cultura e divers\u00e3o na cidade de Belo Horizonte. Feito 100% para voc\u00ea morador!\",\"potentialAction\":[{\"@type\":\"SearchAction\",\"target\":{\"@type\":\"EntryPoint\",\"urlTemplate\":\"https:\\\/\\\/www.encontrabelohorizonte.com.br\\\/guia\\\/?s={search_term_string}\"},\"query-input\":{\"@type\":\"PropertyValueSpecification\",\"valueRequired\":true,\"valueName\":\"search_term_string\"}}],\"inLanguage\":\"pt-BR\"},{\"@type\":\"Person\",\"@id\":\"https:\\\/\\\/www.encontrabelohorizonte.com.br\\\/guia\\\/#\\\/schema\\\/person\\\/6b792069f07fee9a700a7caa85fb85a9\",\"name\":\"Encontra Belo Horizonte\",\"image\":{\"@type\":\"ImageObject\",\"inLanguage\":\"pt-BR\",\"@id\":\"https:\\\/\\\/secure.gravatar.com\\\/avatar\\\/c50c17820bcf322f0a8fd6b110b8c0918141409dc69076470f6fca5fee70a5d4?s=96&d=mm&r=g\",\"url\":\"https:\\\/\\\/secure.gravatar.com\\\/avatar\\\/c50c17820bcf322f0a8fd6b110b8c0918141409dc69076470f6fca5fee70a5d4?s=96&d=mm&r=g\",\"contentUrl\":\"https:\\\/\\\/secure.gravatar.com\\\/avatar\\\/c50c17820bcf322f0a8fd6b110b8c0918141409dc69076470f6fca5fee70a5d4?s=96&d=mm&r=g\",\"caption\":\"Encontra Belo Horizonte\"},\"url\":\"https:\\\/\\\/www.encontrabelohorizonte.com.br\\\/guia\\\/author\\\/encontrabelohorizonte\\\/\"}]}<\/script>\n<!-- \/ Yoast SEO plugin. -->","yoast_head_json":{"title":"Belo Horizonte recebe o X Congresso Internacional de Controle e Pol\u00edticas P\u00fablicas | Guia Comercial de Belo Horizonte MG","robots":{"index":"index","follow":"follow","max-snippet":"max-snippet:-1","max-image-preview":"max-image-preview:large","max-video-preview":"max-video-preview:-1"},"canonical":"https:\/\/www.encontrabelohorizonte.com.br\/guia\/belo-horizonte-recebe-o-x-congresso-internacional-de-controle-e-politicas-publicas\/","og_locale":"pt_BR","og_type":"article","og_title":"Belo Horizonte recebe o X Congresso Internacional de Controle e Pol\u00edticas P\u00fablicas | Guia Comercial de Belo Horizonte MG","og_description":"O X Congresso Internacional de Controle e Pol\u00edticas P\u00fablicas acontece em Belo Horizonte de 19 a 22 de maio de 2026.","og_url":"https:\/\/www.encontrabelohorizonte.com.br\/guia\/belo-horizonte-recebe-o-x-congresso-internacional-de-controle-e-politicas-publicas\/","og_site_name":"Guia Comercial de Belo Horizonte MG","article_published_time":"2026-05-19T09:09:58+00:00","og_image":[{"width":280,"height":280,"url":"https:\/\/www.encontrabelohorizonte.com.br\/guia\/wp-content\/uploads\/2026\/05\/belo-horizonte-recebe-o-x-congresso-internacional-de-controle-e-politicas-publicas.webp","type":"image\/webp"}],"author":"Encontra Belo Horizonte","twitter_card":"summary_large_image","twitter_misc":{"Escrito por":"Encontra Belo Horizonte","Est. tempo de leitura":"4 minutos"},"schema":{"@context":"https:\/\/schema.org","@graph":[{"@type":"Article","@id":"https:\/\/www.encontrabelohorizonte.com.br\/guia\/belo-horizonte-recebe-o-x-congresso-internacional-de-controle-e-politicas-publicas\/#article","isPartOf":{"@id":"https:\/\/www.encontrabelohorizonte.com.br\/guia\/belo-horizonte-recebe-o-x-congresso-internacional-de-controle-e-politicas-publicas\/"},"author":{"name":"Encontra Belo Horizonte","@id":"https:\/\/www.encontrabelohorizonte.com.br\/guia\/#\/schema\/person\/6b792069f07fee9a700a7caa85fb85a9"},"headline":"Belo Horizonte recebe o X Congresso Internacional de Controle e Pol\u00edticas P\u00fablicas","datePublished":"2026-05-19T09:09:58+00:00","mainEntityOfPage":{"@id":"https:\/\/www.encontrabelohorizonte.com.br\/guia\/belo-horizonte-recebe-o-x-congresso-internacional-de-controle-e-politicas-publicas\/"},"wordCount":801,"commentCount":0,"image":{"@id":"https:\/\/www.encontrabelohorizonte.com.br\/guia\/belo-horizonte-recebe-o-x-congresso-internacional-de-controle-e-politicas-publicas\/#primaryimage"},"thumbnailUrl":"https:\/\/www.encontrabelohorizonte.com.br\/guia\/wp-content\/uploads\/2026\/05\/belo-horizonte-recebe-o-x-congresso-internacional-de-controle-e-politicas-publicas.webp","articleSection":["Not\u00edcias Belo Horizonte"],"inLanguage":"pt-BR","potentialAction":[{"@type":"CommentAction","name":"Comment","target":["https:\/\/www.encontrabelohorizonte.com.br\/guia\/belo-horizonte-recebe-o-x-congresso-internacional-de-controle-e-politicas-publicas\/#respond"]}]},{"@type":"WebPage","@id":"https:\/\/www.encontrabelohorizonte.com.br\/guia\/belo-horizonte-recebe-o-x-congresso-internacional-de-controle-e-politicas-publicas\/","url":"https:\/\/www.encontrabelohorizonte.com.br\/guia\/belo-horizonte-recebe-o-x-congresso-internacional-de-controle-e-politicas-publicas\/","name":"Belo Horizonte recebe o X Congresso Internacional de Controle e Pol\u00edticas P\u00fablicas | Guia Comercial de Belo Horizonte MG","isPartOf":{"@id":"https:\/\/www.encontrabelohorizonte.com.br\/guia\/#website"},"primaryImageOfPage":{"@id":"https:\/\/www.encontrabelohorizonte.com.br\/guia\/belo-horizonte-recebe-o-x-congresso-internacional-de-controle-e-politicas-publicas\/#primaryimage"},"image":{"@id":"https:\/\/www.encontrabelohorizonte.com.br\/guia\/belo-horizonte-recebe-o-x-congresso-internacional-de-controle-e-politicas-publicas\/#primaryimage"},"thumbnailUrl":"https:\/\/www.encontrabelohorizonte.com.br\/guia\/wp-content\/uploads\/2026\/05\/belo-horizonte-recebe-o-x-congresso-internacional-de-controle-e-politicas-publicas.webp","datePublished":"2026-05-19T09:09:58+00:00","author":{"@id":"https:\/\/www.encontrabelohorizonte.com.br\/guia\/#\/schema\/person\/6b792069f07fee9a700a7caa85fb85a9"},"inLanguage":"pt-BR","potentialAction":[{"@type":"ReadAction","target":["https:\/\/www.encontrabelohorizonte.com.br\/guia\/belo-horizonte-recebe-o-x-congresso-internacional-de-controle-e-politicas-publicas\/"]}]},{"@type":"ImageObject","inLanguage":"pt-BR","@id":"https:\/\/www.encontrabelohorizonte.com.br\/guia\/belo-horizonte-recebe-o-x-congresso-internacional-de-controle-e-politicas-publicas\/#primaryimage","url":"https:\/\/www.encontrabelohorizonte.com.br\/guia\/wp-content\/uploads\/2026\/05\/belo-horizonte-recebe-o-x-congresso-internacional-de-controle-e-politicas-publicas.webp","contentUrl":"https:\/\/www.encontrabelohorizonte.com.br\/guia\/wp-content\/uploads\/2026\/05\/belo-horizonte-recebe-o-x-congresso-internacional-de-controle-e-politicas-publicas.webp","width":280,"height":280,"caption":"Congresso Internacional de Controle e Pol\u00edticas P\u00fablicas"},{"@type":"WebSite","@id":"https:\/\/www.encontrabelohorizonte.com.br\/guia\/#website","url":"https:\/\/www.encontrabelohorizonte.com.br\/guia\/","name":"Guia Comercial de Belo Horizonte MG","description":"ENCONTRA BELO HORIZONTE - O guia comercial de neg\u00f3cios e empresas, cultura e divers\u00e3o na cidade de Belo Horizonte. Feito 100% para voc\u00ea morador!","potentialAction":[{"@type":"SearchAction","target":{"@type":"EntryPoint","urlTemplate":"https:\/\/www.encontrabelohorizonte.com.br\/guia\/?s={search_term_string}"},"query-input":{"@type":"PropertyValueSpecification","valueRequired":true,"valueName":"search_term_string"}}],"inLanguage":"pt-BR"},{"@type":"Person","@id":"https:\/\/www.encontrabelohorizonte.com.br\/guia\/#\/schema\/person\/6b792069f07fee9a700a7caa85fb85a9","name":"Encontra Belo Horizonte","image":{"@type":"ImageObject","inLanguage":"pt-BR","@id":"https:\/\/secure.gravatar.com\/avatar\/c50c17820bcf322f0a8fd6b110b8c0918141409dc69076470f6fca5fee70a5d4?s=96&d=mm&r=g","url":"https:\/\/secure.gravatar.com\/avatar\/c50c17820bcf322f0a8fd6b110b8c0918141409dc69076470f6fca5fee70a5d4?s=96&d=mm&r=g","contentUrl":"https:\/\/secure.gravatar.com\/avatar\/c50c17820bcf322f0a8fd6b110b8c0918141409dc69076470f6fca5fee70a5d4?s=96&d=mm&r=g","caption":"Encontra Belo Horizonte"},"url":"https:\/\/www.encontrabelohorizonte.com.br\/guia\/author\/encontrabelohorizonte\/"}]}},"_links":{"self":[{"href":"https:\/\/www.encontrabelohorizonte.com.br\/guia\/wp-json\/wp\/v2\/posts\/14689","targetHints":{"allow":["GET"]}}],"collection":[{"href":"https:\/\/www.encontrabelohorizonte.com.br\/guia\/wp-json\/wp\/v2\/posts"}],"about":[{"href":"https:\/\/www.encontrabelohorizonte.com.br\/guia\/wp-json\/wp\/v2\/types\/post"}],"author":[{"embeddable":true,"href":"https:\/\/www.encontrabelohorizonte.com.br\/guia\/wp-json\/wp\/v2\/users\/1"}],"replies":[{"embeddable":true,"href":"https:\/\/www.encontrabelohorizonte.com.br\/guia\/wp-json\/wp\/v2\/comments?post=14689"}],"version-history":[{"count":0,"href":"https:\/\/www.encontrabelohorizonte.com.br\/guia\/wp-json\/wp\/v2\/posts\/14689\/revisions"}],"wp:featuredmedia":[{"embeddable":true,"href":"https:\/\/www.encontrabelohorizonte.com.br\/guia\/wp-json\/wp\/v2\/media\/14688"}],"wp:attachment":[{"href":"https:\/\/www.encontrabelohorizonte.com.br\/guia\/wp-json\/wp\/v2\/media?parent=14689"}],"wp:term":[{"taxonomy":"category","embeddable":true,"href":"https:\/\/www.encontrabelohorizonte.com.br\/guia\/wp-json\/wp\/v2\/categories?post=14689"},{"taxonomy":"post_tag","embeddable":true,"href":"https:\/\/www.encontrabelohorizonte.com.br\/guia\/wp-json\/wp\/v2\/tags?post=14689"}],"curies":[{"name":"wp","href":"https:\/\/api.w.org\/{rel}","templated":true}]}}