{"id":14695,"date":"2026-05-19T06:16:38","date_gmt":"2026-05-19T09:16:38","guid":{"rendered":"https:\/\/www.encontrabelohorizonte.com.br\/guia\/comeca-nesta-sexta\/"},"modified":"2026-05-19T06:16:38","modified_gmt":"2026-05-19T09:16:38","slug":"comeca-nesta-sexta","status":"publish","type":"post","link":"https:\/\/www.encontrabelohorizonte.com.br\/guia\/comeca-nesta-sexta\/","title":{"rendered":"Come\u00e7a nesta sexta"},"content":{"rendered":"<h2>Local e Hor\u00e1rios do Feir\u00e3o de Emprego<\/h2>\n<p>O <strong>Feir\u00e3o de Emprego<\/strong> em Belo Horizonte (BH) ser\u00e1 realizado no <strong>Espa\u00e7o CentoeQuatro<\/strong>, localizado na Pra\u00e7a Rui Barbosa, que fica em frente \u00e0 Pra\u00e7a da Esta\u00e7\u00e3o, uma \u00e1rea central e de f\u00e1cil acesso. O evento ocorrer\u00e1 ao longo do <strong>final de semana<\/strong>:<\/p>\n<ul>\n<li><strong>Sexta-feira (15):<\/strong> das 9h \u00e0s 17h<\/li>\n<li><strong>S\u00e1bado (16):<\/strong> das 9h \u00e0s 17h<\/li>\n<li><strong>Domingo (17):<\/strong> das 10h \u00e0s 14h<\/li>\n<\/ul>\n<p>Esse excelente hor\u00e1rio permite que um maior n\u00famero de pessoas possam participar e aproveitar as oportunidades oferecidas.<\/p>\n<h2>Empresas Participantes do Evento<\/h2>\n<p>Uma variedade de empresas estar\u00e3o dispon\u00edveis para recrutamento durante o feir\u00e3o. As <strong>26 empresas<\/strong> que j\u00e1 confirmaram presen\u00e7a incluem algumas das maiores da regi\u00e3o, como:<\/p>\n<p><img decoding=\"async\" src=\"https:\/\/www.encontrabelohorizonte.com.br\/guia\/wp-content\/uploads\/2026\/05\/comeca-nesta-sexta.webp\" alt=\"feir\u00e3o de emprego em BH\" loading=\"lazy\" \/><\/p>\n<ul>\n<li>Ara\u00fajo<\/li>\n<li>Pacheco<\/li>\n<li>Droga Clara<\/li>\n<li>Verdemar<\/li>\n<li>Supermercados BH<\/li>\n<li>Super Nosso<\/li>\n<li>EPA<\/li>\n<li>Mart Minas<\/li>\n<li>Renner<\/li>\n<li>Riachuelo<\/li>\n<\/ul>\n<p>Essas empresas est\u00e3o em busca de candidatos nas mais diversas \u00e1reas de atua\u00e7\u00e3o, oferecendo uma oportunidade grandiosa para quem busca emprego.<\/p>\n<h2>Vagas Dispon\u00edveis nas \u00c1reas de Com\u00e9rcio e Servi\u00e7os<\/h2>\n<p>No feir\u00e3o, haver\u00e1 mais de <strong>15 mil vagas<\/strong> dispon\u00edveis, abarcando \u00e1reas diversas, principalmente no setor de <strong>com\u00e9rcio<\/strong>, <strong>bens<\/strong>, e <strong>servi\u00e7os<\/strong>. Isso permite que candidatos de diferentes perfis possam encontrar oportunidades que se alinhem com suas habilidades e experi\u00eancias. Os participantes poder\u00e3o se candidatar a empregos em:<\/p>\n<ul>\n<li>Atendimento ao cliente<\/li>\n<li>Vendas<\/li>\n<li>Log\u00edstica<\/li>\n<li>Administra\u00e7\u00e3o<\/li>\n<\/ul>\n<p>Al\u00e9m das chances de emprego, o evento tamb\u00e9m contar\u00e1 com <\/p>\n<p><strong>processos seletivos presenciais<\/strong>, aumentando as chances de contrata\u00e7\u00e3o imediata.<\/p>\n<h2>Servi\u00e7os Gratuitos para Candidatos<\/h2>\n<p>O feir\u00e3o n\u00e3o se restringe apenas a ofertas de emprego, mas tamb\u00e9m oferece uma gama de <strong>servi\u00e7os gratuitos<\/strong> voltados para profissionais que buscam se reinserir no mercado de trabalho. Alguns dos servi\u00e7os dispon\u00edveis s\u00e3o:<\/p>\n<ul>\n<li>Emiss\u00e3o de documentos<\/li>\n<li>Orienta\u00e7\u00f5es sobre <strong>Carteira Digital<\/strong> e <strong>Seguro-Desemprego<\/strong><\/li>\n<li>Oficinas de curr\u00edculo<\/li>\n<li>Consultoria de recrutamento<\/li>\n<li>Fotografia profissional para curr\u00edculos e entrevistas<\/li>\n<\/ul>\n<p>Esses servi\u00e7os s\u00e3o essenciais para quem quer se destacar em um mercado de trabalho competitivo.<\/p>\n<h2>Oficinas e Orienta\u00e7\u00f5es Profissionais<\/h2>\n<p>Al\u00e9m dos servi\u00e7os listados, o evento incluir\u00e1 oficinas e orienta\u00e7\u00f5es sobre as melhores pr\u00e1ticas em elabora\u00e7\u00e3o de curr\u00edculos e comportamentos em entrevistas de emprego. Essas atividades s\u00e3o promovidas para capacitar os candidatos e aumentar as chances de sucesso nas suas candidaturas. Durante as oficinas, os participantes ter\u00e3o a oportunidade de aprender com especialistas do setor sobre:<\/p>\n<ul>\n<li>Como se preparar para uma entrevista efetivamente<\/li>\n<li>Estrat\u00e9gias para se destacar em meio a outros candidatos<\/li>\n<li>Dicas sobre network e apresenta\u00e7\u00f5es pessoais<\/li>\n<\/ul>\n<p>Esses ensinamentos s\u00e3o primordiais no atual cen\u00e1rio do mercado de trabalho.<\/p>\n<h2>Atra\u00e7\u00f5es Culturais Durante o Evento<\/h2>\n<p>Al\u00e9m das oportunidades de emprego e capacita\u00e7\u00e3o, a <strong>&#8216;Semana S&#8217;<\/strong> tamb\u00e9m contar\u00e1 com v\u00e1rias atra\u00e7\u00f5es culturais. Essas atividades est\u00e3o programadas para criar um ambiente agrad\u00e1vel e interativo durante todo o feir\u00e3o. Os shows programados s\u00e3o:<\/p>\n<ul>\n<li><strong>Sexta-feira:<\/strong> Gian &#038; Giovani \u00e0s 19h e Dilsinho \u00e0s 21h<\/li>\n<li><strong>S\u00e1bado:<\/strong> Espet\u00e1culo &#8220;M\u00fasica de Brinquedo&#8221; com Pato Fu e Giramundo \u00e0s 17h30, e show de Ludmilla \u00e0s 20h<\/li>\n<li><strong>Domingo:<\/strong> Ana Castela encerrando a programa\u00e7\u00e3o \u00e0s 17h30<\/li>\n<\/ul>\n<p>Essas atra\u00e7\u00f5es contribuem para uma experi\u00eancia completa, fazendo com que os visitantes desfrutem de um ambiente acolhedor e divertido.<\/p>\n<h2>Orienta\u00e7\u00e3o para Emiss\u00e3o de Documentos<\/h2>\n<p>Um dos servi\u00e7os essenciais oferecidos durante o feir\u00e3o \u00e9 a orienta\u00e7\u00e3o para a <strong>emiss\u00e3o de documentos<\/strong> necess\u00e1rios para a formaliza\u00e7\u00e3o de contratos de trabalho e outros requisitos legais. Este suporte \u00e9 importante para garantir que todos os candidatos estejam com a documenta\u00e7\u00e3o em ordem, o que facilita a efetiva\u00e7\u00e3o das contrata\u00e7\u00f5es. Os profissionais do evento auxiliar\u00e3o os assistentes em:<\/p>\n<ul>\n<li>O processo de solicita\u00e7\u00e3o de documentos pessoais<\/li>\n<li>Explica\u00e7\u00f5es sobre a documenta\u00e7\u00e3o necess\u00e1ria para o mercado de trabalho<\/li>\n<li>Como acessar servi\u00e7os p\u00fablicos para obten\u00e7\u00e3o de documentos<\/li>\n<\/ul>\n<h2>Processos Seletivos com Contrata\u00e7\u00e3o Imediata<\/h2>\n<p>Uma das principais vantagens do feir\u00e3o \u00e9 a inclus\u00e3o de <strong>processos seletivos presenciais<\/strong>, onde as empresas realizam entrevistas no mesmo local do evento. Isso pode resultar em contrata\u00e7\u00f5es imediatas, proporcionando aos candidatos a chance de serem rapidamente colocados no mercado de trabalho. As entrevistas ser\u00e3o conduzidas por profissionais de recursos humanos, que avaliar\u00e3o as compet\u00eancias e a compatibilidade dos candidatos com as vagas dispon\u00edveis.<\/p>\n<h2>A Import\u00e2ncia da &#8216;Semana S&#8217; para a Comunidade<\/h2>\n<p>A <strong>Semana S<\/strong> \u00e9 uma iniciativa de grande import\u00e2ncia para a comunidade de Belo Horizonte, pois promove a inclus\u00e3o social e a gera\u00e7\u00e3o de emprego em momentos de dificuldade econ\u00f4mica. Este evento \u00e9 uma oportunidade para que as pessoas se recuperem de per\u00edodos de inatividade laboral e para que novas portas se abram, principalmente para aqueles que est\u00e3o buscando seu primeiro emprego ou uma nova chance no mercado. Al\u00e9m disso, muitos cidad\u00e3os podem se beneficiar dos servi\u00e7os gratuitos oferecidos, que s\u00e3o fundamentais para aumentar as chances de recoloca\u00e7\u00e3o no mercado.<\/p>\n<h2>Como se Preparar para o Feir\u00e3o de Emprego<\/h2>\n<p>\u00c9 fundamental que os candidatos se preparem adequadamente para aproveitar ao m\u00e1ximo as oportunidades que o feir\u00e3o oferece. Aqui est\u00e3o algumas dicas pr\u00e1ticas:<\/p>\n<ul>\n<li><strong>Atualize seu curr\u00edculo:<\/strong> Tenha uma vers\u00e3o atualizada e bem estruturada de seu curr\u00edculo, destacando suas experi\u00eancias e compet\u00eancias.<\/li>\n<li><strong>Pesquise sobre as empresas:<\/strong> Informe-se sobre as empresas que estar\u00e3o presentes no feir\u00e3o e as vagas que oferecem.<\/li>\n<li><strong>Prepare-se para entrevistas:<\/strong> Pratique suas respostas para perguntas comuns de entrevistas e tenha perguntas prontas para fazer aos recrutadores.<\/li>\n<li><strong>Vista-se adequadamente:<\/strong> A primeira impress\u00e3o conta, portanto, escolha uma roupa profissional e apropriada para a ocasi\u00e3o.<\/li>\n<li><strong>Leve seus documentos:<\/strong> Tenha em m\u00e3os todos os documentos necess\u00e1rios, como RG, CPF e carteira de trabalho, para agilizar o processo de candidatura.<\/li>\n<\/ul>\n","protected":false},"excerpt":{"rendered":"<p>Feir\u00e3o de emprego em BH traz 15 mil oportunidades de diversas empresas.<\/p>\n","protected":false},"author":1,"featured_media":14694,"comment_status":"open","ping_status":"open","sticky":false,"template":"","format":"standard","meta":{"footnotes":""},"categories":[5],"tags":[],"class_list":["post-14695","post","type-post","status-publish","format-standard","has-post-thumbnail","hentry","category-noticias","has_thumb"],"yoast_head":"<!-- This site is optimized with the Yoast SEO plugin v28.2 - https:\/\/yoast.com\/product\/yoast-seo-wordpress\/ -->\n<title>Come\u00e7a nesta sexta | Guia Comercial de Belo Horizonte MG<\/title>\n<meta name=\"robots\" content=\"index, follow, max-snippet:-1, max-image-preview:large, max-video-preview:-1\" \/>\n<link rel=\"canonical\" href=\"https:\/\/www.encontrabelohorizonte.com.br\/guia\/comeca-nesta-sexta\/\" \/>\n<meta property=\"og:locale\" content=\"pt_BR\" \/>\n<meta property=\"og:type\" content=\"article\" \/>\n<meta property=\"og:title\" content=\"Come\u00e7a nesta sexta | Guia Comercial de Belo Horizonte MG\" \/>\n<meta property=\"og:description\" content=\"Feir\u00e3o de emprego em BH traz 15 mil oportunidades de diversas empresas.\" \/>\n<meta property=\"og:url\" content=\"https:\/\/www.encontrabelohorizonte.com.br\/guia\/comeca-nesta-sexta\/\" \/>\n<meta property=\"og:site_name\" content=\"Guia Comercial de Belo Horizonte MG\" \/>\n<meta property=\"article:published_time\" content=\"2026-05-19T09:16:38+00:00\" \/>\n<meta property=\"og:image\" content=\"https:\/\/www.encontrabelohorizonte.com.br\/guia\/wp-content\/uploads\/2026\/05\/comeca-nesta-sexta.webp\" \/>\n\t<meta property=\"og:image:width\" content=\"280\" \/>\n\t<meta property=\"og:image:height\" content=\"280\" \/>\n\t<meta property=\"og:image:type\" content=\"image\/webp\" \/>\n<meta name=\"author\" content=\"Encontra Belo Horizonte\" \/>\n<meta name=\"twitter:card\" content=\"summary_large_image\" \/>\n<meta name=\"twitter:label1\" content=\"Escrito por\" \/>\n\t<meta name=\"twitter:data1\" content=\"Encontra Belo Horizonte\" \/>\n\t<meta name=\"twitter:label2\" content=\"Est. tempo de leitura\" \/>\n\t<meta name=\"twitter:data2\" content=\"5 minutos\" \/>\n<script type=\"application\/ld+json\" class=\"yoast-schema-graph\">{\"@context\":\"https:\\\/\\\/schema.org\",\"@graph\":[{\"@type\":\"Article\",\"@id\":\"https:\\\/\\\/www.encontrabelohorizonte.com.br\\\/guia\\\/comeca-nesta-sexta\\\/#article\",\"isPartOf\":{\"@id\":\"https:\\\/\\\/www.encontrabelohorizonte.com.br\\\/guia\\\/comeca-nesta-sexta\\\/\"},\"author\":{\"name\":\"Encontra Belo Horizonte\",\"@id\":\"https:\\\/\\\/www.encontrabelohorizonte.com.br\\\/guia\\\/#\\\/schema\\\/person\\\/6b792069f07fee9a700a7caa85fb85a9\"},\"headline\":\"Come\u00e7a nesta sexta\",\"datePublished\":\"2026-05-19T09:16:38+00:00\",\"mainEntityOfPage\":{\"@id\":\"https:\\\/\\\/www.encontrabelohorizonte.com.br\\\/guia\\\/comeca-nesta-sexta\\\/\"},\"wordCount\":992,\"commentCount\":0,\"image\":{\"@id\":\"https:\\\/\\\/www.encontrabelohorizonte.com.br\\\/guia\\\/comeca-nesta-sexta\\\/#primaryimage\"},\"thumbnailUrl\":\"https:\\\/\\\/www.encontrabelohorizonte.com.br\\\/guia\\\/wp-content\\\/uploads\\\/2026\\\/05\\\/comeca-nesta-sexta.webp\",\"articleSection\":[\"Not\u00edcias Belo Horizonte\"],\"inLanguage\":\"pt-BR\",\"potentialAction\":[{\"@type\":\"CommentAction\",\"name\":\"Comment\",\"target\":[\"https:\\\/\\\/www.encontrabelohorizonte.com.br\\\/guia\\\/comeca-nesta-sexta\\\/#respond\"]}]},{\"@type\":\"WebPage\",\"@id\":\"https:\\\/\\\/www.encontrabelohorizonte.com.br\\\/guia\\\/comeca-nesta-sexta\\\/\",\"url\":\"https:\\\/\\\/www.encontrabelohorizonte.com.br\\\/guia\\\/comeca-nesta-sexta\\\/\",\"name\":\"Come\u00e7a nesta sexta | Guia Comercial de Belo Horizonte MG\",\"isPartOf\":{\"@id\":\"https:\\\/\\\/www.encontrabelohorizonte.com.br\\\/guia\\\/#website\"},\"primaryImageOfPage\":{\"@id\":\"https:\\\/\\\/www.encontrabelohorizonte.com.br\\\/guia\\\/comeca-nesta-sexta\\\/#primaryimage\"},\"image\":{\"@id\":\"https:\\\/\\\/www.encontrabelohorizonte.com.br\\\/guia\\\/comeca-nesta-sexta\\\/#primaryimage\"},\"thumbnailUrl\":\"https:\\\/\\\/www.encontrabelohorizonte.com.br\\\/guia\\\/wp-content\\\/uploads\\\/2026\\\/05\\\/comeca-nesta-sexta.webp\",\"datePublished\":\"2026-05-19T09:16:38+00:00\",\"author\":{\"@id\":\"https:\\\/\\\/www.encontrabelohorizonte.com.br\\\/guia\\\/#\\\/schema\\\/person\\\/6b792069f07fee9a700a7caa85fb85a9\"},\"inLanguage\":\"pt-BR\",\"potentialAction\":[{\"@type\":\"ReadAction\",\"target\":[\"https:\\\/\\\/www.encontrabelohorizonte.com.br\\\/guia\\\/comeca-nesta-sexta\\\/\"]}]},{\"@type\":\"ImageObject\",\"inLanguage\":\"pt-BR\",\"@id\":\"https:\\\/\\\/www.encontrabelohorizonte.com.br\\\/guia\\\/comeca-nesta-sexta\\\/#primaryimage\",\"url\":\"https:\\\/\\\/www.encontrabelohorizonte.com.br\\\/guia\\\/wp-content\\\/uploads\\\/2026\\\/05\\\/comeca-nesta-sexta.webp\",\"contentUrl\":\"https:\\\/\\\/www.encontrabelohorizonte.com.br\\\/guia\\\/wp-content\\\/uploads\\\/2026\\\/05\\\/comeca-nesta-sexta.webp\",\"width\":280,\"height\":280,\"caption\":\"feir\u00e3o de emprego em BH\"},{\"@type\":\"WebSite\",\"@id\":\"https:\\\/\\\/www.encontrabelohorizonte.com.br\\\/guia\\\/#website\",\"url\":\"https:\\\/\\\/www.encontrabelohorizonte.com.br\\\/guia\\\/\",\"name\":\"Guia Comercial de Belo Horizonte MG\",\"description\":\"ENCONTRA BELO HORIZONTE - O guia comercial de neg\u00f3cios e empresas, cultura e divers\u00e3o na cidade de Belo Horizonte. Feito 100% para voc\u00ea morador!\",\"potentialAction\":[{\"@type\":\"SearchAction\",\"target\":{\"@type\":\"EntryPoint\",\"urlTemplate\":\"https:\\\/\\\/www.encontrabelohorizonte.com.br\\\/guia\\\/?s={search_term_string}\"},\"query-input\":{\"@type\":\"PropertyValueSpecification\",\"valueRequired\":true,\"valueName\":\"search_term_string\"}}],\"inLanguage\":\"pt-BR\"},{\"@type\":\"Person\",\"@id\":\"https:\\\/\\\/www.encontrabelohorizonte.com.br\\\/guia\\\/#\\\/schema\\\/person\\\/6b792069f07fee9a700a7caa85fb85a9\",\"name\":\"Encontra Belo Horizonte\",\"image\":{\"@type\":\"ImageObject\",\"inLanguage\":\"pt-BR\",\"@id\":\"https:\\\/\\\/secure.gravatar.com\\\/avatar\\\/c50c17820bcf322f0a8fd6b110b8c0918141409dc69076470f6fca5fee70a5d4?s=96&d=mm&r=g\",\"url\":\"https:\\\/\\\/secure.gravatar.com\\\/avatar\\\/c50c17820bcf322f0a8fd6b110b8c0918141409dc69076470f6fca5fee70a5d4?s=96&d=mm&r=g\",\"contentUrl\":\"https:\\\/\\\/secure.gravatar.com\\\/avatar\\\/c50c17820bcf322f0a8fd6b110b8c0918141409dc69076470f6fca5fee70a5d4?s=96&d=mm&r=g\",\"caption\":\"Encontra Belo Horizonte\"},\"url\":\"https:\\\/\\\/www.encontrabelohorizonte.com.br\\\/guia\\\/author\\\/encontrabelohorizonte\\\/\"}]}<\/script>\n<!-- \/ Yoast SEO plugin. -->","yoast_head_json":{"title":"Come\u00e7a nesta sexta | Guia Comercial de Belo Horizonte MG","robots":{"index":"index","follow":"follow","max-snippet":"max-snippet:-1","max-image-preview":"max-image-preview:large","max-video-preview":"max-video-preview:-1"},"canonical":"https:\/\/www.encontrabelohorizonte.com.br\/guia\/comeca-nesta-sexta\/","og_locale":"pt_BR","og_type":"article","og_title":"Come\u00e7a nesta sexta | Guia Comercial de Belo Horizonte MG","og_description":"Feir\u00e3o de emprego em BH traz 15 mil oportunidades de diversas empresas.","og_url":"https:\/\/www.encontrabelohorizonte.com.br\/guia\/comeca-nesta-sexta\/","og_site_name":"Guia Comercial de Belo Horizonte MG","article_published_time":"2026-05-19T09:16:38+00:00","og_image":[{"width":280,"height":280,"url":"https:\/\/www.encontrabelohorizonte.com.br\/guia\/wp-content\/uploads\/2026\/05\/comeca-nesta-sexta.webp","type":"image\/webp"}],"author":"Encontra Belo Horizonte","twitter_card":"summary_large_image","twitter_misc":{"Escrito por":"Encontra Belo Horizonte","Est. tempo de leitura":"5 minutos"},"schema":{"@context":"https:\/\/schema.org","@graph":[{"@type":"Article","@id":"https:\/\/www.encontrabelohorizonte.com.br\/guia\/comeca-nesta-sexta\/#article","isPartOf":{"@id":"https:\/\/www.encontrabelohorizonte.com.br\/guia\/comeca-nesta-sexta\/"},"author":{"name":"Encontra Belo Horizonte","@id":"https:\/\/www.encontrabelohorizonte.com.br\/guia\/#\/schema\/person\/6b792069f07fee9a700a7caa85fb85a9"},"headline":"Come\u00e7a nesta sexta","datePublished":"2026-05-19T09:16:38+00:00","mainEntityOfPage":{"@id":"https:\/\/www.encontrabelohorizonte.com.br\/guia\/comeca-nesta-sexta\/"},"wordCount":992,"commentCount":0,"image":{"@id":"https:\/\/www.encontrabelohorizonte.com.br\/guia\/comeca-nesta-sexta\/#primaryimage"},"thumbnailUrl":"https:\/\/www.encontrabelohorizonte.com.br\/guia\/wp-content\/uploads\/2026\/05\/comeca-nesta-sexta.webp","articleSection":["Not\u00edcias Belo Horizonte"],"inLanguage":"pt-BR","potentialAction":[{"@type":"CommentAction","name":"Comment","target":["https:\/\/www.encontrabelohorizonte.com.br\/guia\/comeca-nesta-sexta\/#respond"]}]},{"@type":"WebPage","@id":"https:\/\/www.encontrabelohorizonte.com.br\/guia\/comeca-nesta-sexta\/","url":"https:\/\/www.encontrabelohorizonte.com.br\/guia\/comeca-nesta-sexta\/","name":"Come\u00e7a nesta sexta | Guia Comercial de Belo Horizonte MG","isPartOf":{"@id":"https:\/\/www.encontrabelohorizonte.com.br\/guia\/#website"},"primaryImageOfPage":{"@id":"https:\/\/www.encontrabelohorizonte.com.br\/guia\/comeca-nesta-sexta\/#primaryimage"},"image":{"@id":"https:\/\/www.encontrabelohorizonte.com.br\/guia\/comeca-nesta-sexta\/#primaryimage"},"thumbnailUrl":"https:\/\/www.encontrabelohorizonte.com.br\/guia\/wp-content\/uploads\/2026\/05\/comeca-nesta-sexta.webp","datePublished":"2026-05-19T09:16:38+00:00","author":{"@id":"https:\/\/www.encontrabelohorizonte.com.br\/guia\/#\/schema\/person\/6b792069f07fee9a700a7caa85fb85a9"},"inLanguage":"pt-BR","potentialAction":[{"@type":"ReadAction","target":["https:\/\/www.encontrabelohorizonte.com.br\/guia\/comeca-nesta-sexta\/"]}]},{"@type":"ImageObject","inLanguage":"pt-BR","@id":"https:\/\/www.encontrabelohorizonte.com.br\/guia\/comeca-nesta-sexta\/#primaryimage","url":"https:\/\/www.encontrabelohorizonte.com.br\/guia\/wp-content\/uploads\/2026\/05\/comeca-nesta-sexta.webp","contentUrl":"https:\/\/www.encontrabelohorizonte.com.br\/guia\/wp-content\/uploads\/2026\/05\/comeca-nesta-sexta.webp","width":280,"height":280,"caption":"feir\u00e3o de emprego em BH"},{"@type":"WebSite","@id":"https:\/\/www.encontrabelohorizonte.com.br\/guia\/#website","url":"https:\/\/www.encontrabelohorizonte.com.br\/guia\/","name":"Guia Comercial de Belo Horizonte MG","description":"ENCONTRA BELO HORIZONTE - O guia comercial de neg\u00f3cios e empresas, cultura e divers\u00e3o na cidade de Belo Horizonte. Feito 100% para voc\u00ea morador!","potentialAction":[{"@type":"SearchAction","target":{"@type":"EntryPoint","urlTemplate":"https:\/\/www.encontrabelohorizonte.com.br\/guia\/?s={search_term_string}"},"query-input":{"@type":"PropertyValueSpecification","valueRequired":true,"valueName":"search_term_string"}}],"inLanguage":"pt-BR"},{"@type":"Person","@id":"https:\/\/www.encontrabelohorizonte.com.br\/guia\/#\/schema\/person\/6b792069f07fee9a700a7caa85fb85a9","name":"Encontra Belo Horizonte","image":{"@type":"ImageObject","inLanguage":"pt-BR","@id":"https:\/\/secure.gravatar.com\/avatar\/c50c17820bcf322f0a8fd6b110b8c0918141409dc69076470f6fca5fee70a5d4?s=96&d=mm&r=g","url":"https:\/\/secure.gravatar.com\/avatar\/c50c17820bcf322f0a8fd6b110b8c0918141409dc69076470f6fca5fee70a5d4?s=96&d=mm&r=g","contentUrl":"https:\/\/secure.gravatar.com\/avatar\/c50c17820bcf322f0a8fd6b110b8c0918141409dc69076470f6fca5fee70a5d4?s=96&d=mm&r=g","caption":"Encontra Belo Horizonte"},"url":"https:\/\/www.encontrabelohorizonte.com.br\/guia\/author\/encontrabelohorizonte\/"}]}},"_links":{"self":[{"href":"https:\/\/www.encontrabelohorizonte.com.br\/guia\/wp-json\/wp\/v2\/posts\/14695","targetHints":{"allow":["GET"]}}],"collection":[{"href":"https:\/\/www.encontrabelohorizonte.com.br\/guia\/wp-json\/wp\/v2\/posts"}],"about":[{"href":"https:\/\/www.encontrabelohorizonte.com.br\/guia\/wp-json\/wp\/v2\/types\/post"}],"author":[{"embeddable":true,"href":"https:\/\/www.encontrabelohorizonte.com.br\/guia\/wp-json\/wp\/v2\/users\/1"}],"replies":[{"embeddable":true,"href":"https:\/\/www.encontrabelohorizonte.com.br\/guia\/wp-json\/wp\/v2\/comments?post=14695"}],"version-history":[{"count":0,"href":"https:\/\/www.encontrabelohorizonte.com.br\/guia\/wp-json\/wp\/v2\/posts\/14695\/revisions"}],"wp:featuredmedia":[{"embeddable":true,"href":"https:\/\/www.encontrabelohorizonte.com.br\/guia\/wp-json\/wp\/v2\/media\/14694"}],"wp:attachment":[{"href":"https:\/\/www.encontrabelohorizonte.com.br\/guia\/wp-json\/wp\/v2\/media?parent=14695"}],"wp:term":[{"taxonomy":"category","embeddable":true,"href":"https:\/\/www.encontrabelohorizonte.com.br\/guia\/wp-json\/wp\/v2\/categories?post=14695"},{"taxonomy":"post_tag","embeddable":true,"href":"https:\/\/www.encontrabelohorizonte.com.br\/guia\/wp-json\/wp\/v2\/tags?post=14695"}],"curies":[{"name":"wp","href":"https:\/\/api.w.org\/{rel}","templated":true}]}}