{"id":14707,"date":"2026-05-24T06:11:02","date_gmt":"2026-05-24T09:11:02","guid":{"rendered":"https:\/\/www.encontrabelohorizonte.com.br\/guia\/wellington-dias-cumpre-agenda-em-belo-horizonte-nesta-quinta\/"},"modified":"2026-05-24T06:11:02","modified_gmt":"2026-05-24T09:11:02","slug":"wellington-dias-cumpre-agenda-em-belo-horizonte-nesta-quinta","status":"publish","type":"post","link":"https:\/\/www.encontrabelohorizonte.com.br\/guia\/wellington-dias-cumpre-agenda-em-belo-horizonte-nesta-quinta\/","title":{"rendered":"Wellington Dias cumpre agenda em Belo Horizonte nesta quinta"},"content":{"rendered":"<h2>Visita ao Centro de Refer\u00eancia de Assist\u00eancia Social<\/h2>\n<p>Na manh\u00e3 do dia 21 de maio de 2026, \u00e0s 8h30, o Ministro Wellington Dias estar\u00e1 em visita ao <strong>Centro de Refer\u00eancia de Assist\u00eancia Social (CRAS) Independ\u00eancia<\/strong>. Esta unidade \u00e9 fundamental no atendimento a fam\u00edlias que se encontram em situa\u00e7\u00e3o de vulnerabilidade social, oferecendo n\u00e3o apenas servi\u00e7os de acompanhamento, mas tamb\u00e9m diversos benef\u00edcios e a\u00e7\u00f5es voltadas para a assist\u00eancia social. \u00c9 crucial para o fortalecimento dos v\u00ednculos sociais e a promo\u00e7\u00e3o dos direitos dos cidad\u00e3os mais necessitados.<\/p>\n<p>Durante a visita ao CRAS Independ\u00eancia, o ministro ir\u00e1 dialogar com os profissionais que atuam no local e conhecer algumas das fam\u00edlias assistidas. O objetivo \u00e9 entender melhor as necessidades e desafios enfrentados por essas fam\u00edlias, al\u00e9m de avaliar a efic\u00e1cia das pol\u00edticas p\u00fablicas implementadas na \u00e1rea social. Essa intera\u00e7\u00e3o \u00e9 essencial, pois permite que autoridades conhe\u00e7am a realidade \u00e0 qual se destinam os recursos e esfor\u00e7os do governo.<\/p>\n<h2>Audi\u00eancia P\u00fablica sobre Jornada 6&#215;1<\/h2>\n<p>Na sequ\u00eancia, \u00e0s 10h15, Wellington Dias participar\u00e1 de uma audi\u00eancia p\u00fablica a ser realizada na <strong>Assembleia Legislativa de Minas Gerais (ALMG)<\/strong>. O tema da audi\u00eancia \u00e9 a proposta de jornada de trabalho 6&#215;1, que busca regulamentar a carga hor\u00e1ria de trabalho para garantir melhores condi\u00e7\u00f5es aos trabalhadores. Esse debate envolve representantes da sociedade civil, sindicatos e \u00f3rg\u00e3os governamentais, promovendo um espa\u00e7o democr\u00e1tico para a discuss\u00e3o de direitos laborais.<\/p>\n<p><img decoding=\"async\" src=\"https:\/\/www.encontrabelohorizonte.com.br\/guia\/wp-content\/uploads\/2026\/05\/wellington-dias-cumpre-agenda-em-belo-horizonte-nesta-quinta.webp\" alt=\"Wellington Dias\" loading=\"lazy\" \/><\/p>\n<p>Nesta reuni\u00e3o, ser\u00e3o abordadas as implica\u00e7\u00f5es legais e sociais da jornada 6&#215;1, que permitir\u00e1 uma maior flexibilidade e melhoria na qualidade de vida dos trabalhadores, facilitando o equil\u00edbrio entre vida pessoal e profissional. O ministro ir\u00e1 expor sua vis\u00e3o e ouvir as contribui\u00e7\u00f5es dos participantes, a fim de enriquecer a discuss\u00e3o e agregar diferentes perspectivas sobre o tema.<\/p>\n<h2>Reuni\u00e3o com o F\u00f3rum de Participa\u00e7\u00e3o Social<\/h2>\n<p>\u00c0s 13h, sera a vez de Wellington Dias se encontrar com o <strong>F\u00f3rum de Participa\u00e7\u00e3o Social<\/strong>, um espa\u00e7o de di\u00e1logo vital entre a sociedade civil e o governo das Minas Gerais. Durante esta reuni\u00e3o, os participantes ter\u00e3o a oportunidade de discutir a\u00e7\u00f5es e pol\u00edticas que afetam diretamente a comunidade, promovendo uma intera\u00e7\u00e3o saud\u00e1vel e colaborativa.<\/p>\n<p>Essa troca de experi\u00eancias \u00e9 de grande import\u00e2ncia, pois incentiva a participa\u00e7\u00e3o popular na elabora\u00e7\u00e3o de pol\u00edticas p\u00fablicas, al\u00e9m de ajudar a promover uma melhor compreens\u00e3o dos desafios que a sociedade enfrenta em termos de assist\u00eancia social, direitos humanos e inclus\u00e3o. Quanto mais a popula\u00e7\u00e3o estiver engajada e informada, mais eficazes poder\u00e3o ser as solu\u00e7\u00f5es encontradas.<\/p>\n<h2>Abertura da Feira da Cidadania<\/h2>\n<p>O \u00faltimo compromisso do dia ser\u00e1, \u00e0s 14h10, a participa\u00e7\u00e3o do ministro na <strong>Feira da Cidadania<\/strong>, que ser\u00e1 realizada em Campo do Naj\u00e1. O evento \u00e9 uma iniciativa voltada para a oferta de servi\u00e7os essenciais \u00e0 popula\u00e7\u00e3o, bem como para o fortalecimento do acesso a direitos. Diversas entidades estar\u00e3o presentes, oferecendo informa\u00e7\u00f5es sobre programas sociais, assist\u00eancia jur\u00eddica, sa\u00fade e educa\u00e7\u00e3o, dentre outros servi\u00e7os.<\/p>\n<p>A feira busca n\u00e3o apenas informar, mas tamb\u00e9m aproximar os cidad\u00e3os dos servi\u00e7os dispon\u00edveis que podem melhorar suas condi\u00e7\u00f5es de vida. A presen\u00e7a do ministro \u00e9 essencial para demonstrar o compromisso do governo federal com a promo\u00e7\u00e3o da cidadania e o fortalecimento das pol\u00edticas sociais.<\/p>\n<h2>Import\u00e2ncia da Assist\u00eancia Social<\/h2>\n<p>A atividade social e a assist\u00eancia \u00e0s popula\u00e7\u00f5es vulner\u00e1veis s\u00e3o pilares fundamentais para a constru\u00e7\u00e3o de um pa\u00eds justo e igualit\u00e1rio. A presen\u00e7a do Ministro em diversas a\u00e7\u00f5es de assist\u00eancia social destaca a relev\u00e2ncia que a gest\u00e3o p\u00fablica deve dar a essa quest\u00e3o, buscando sempre direcionar esfor\u00e7os para mitigar as desigualdades sociais. O trabalho realizado pelos CRAS, por exemplo, s\u00e3o o cora\u00e7\u00e3o das pol\u00edticas sociais, tendo um papel crucial no fortalecimento da rede de prote\u00e7\u00e3o social e no empoderamento das comunidades que atendem.<\/p>\n<p>A assist\u00eancia social \u00e9 um direito garantido pela Constitui\u00e7\u00e3o Brasileira e deve ser constantemente reafirmada por meio de pol\u00edticas p\u00fablicas eficazes. O acompanhamento pr\u00f3ximo das iniciativas e a escuta ativa das necessidades da popula\u00e7\u00e3o s\u00e3o essenciais para que se efetive realmente o que foi proposto.<\/p>\n<h2>Compromissos de Wellington Dias<\/h2>\n<p>A agenda do ministro reflete o seu compromisso em trabalhar em prol da dignidade e do bem-estar da popula\u00e7\u00e3o mais vulner\u00e1vel. Cada compromisso e cada fala em eventos desta natureza s\u00e3o passos em dire\u00e7\u00e3o \u00e0 constru\u00e7\u00e3o de um sistema de assist\u00eancia social mais inclusivo e resolutivo. Essa atua\u00e7\u00e3o demonstra que, por meio de parcerias e di\u00e1logos, \u00e9 poss\u00edvel sanar v\u00e1rias demandas existentes e potencializar os direitos sociais.<\/p>\n<h2>Impacto da Agenda do Ministro<\/h2>\n<p>As visitas a espa\u00e7os como o CRAS e a participa\u00e7\u00e3o em audi\u00eancias p\u00fablicas e feiras comunit\u00e1rias s\u00e3o fundamentais para visibilizar as quest\u00f5es enfrentadas pela popula\u00e7\u00e3o e, consequentemente, propor solu\u00e7\u00f5es efetivas. A atua\u00e7\u00e3o direta e a disponibilidade do ministro para ouvir e interagir com as comunidades s\u00e3o a\u00e7\u00f5es que fortalecem o la\u00e7o entre o governo e o povo. Essas iniciativas s\u00e3o essenciais para a cria\u00e7\u00e3o de pol\u00edticas que funcionem de maneira efetiva na resolu\u00e7\u00e3o dos problemas sociais.<\/p>\n<p>Al\u00e9m disso, o contato direto com os assistidos permite que as opera\u00e7\u00f5es ministeriais sejam reavaliadas e mostradas na pr\u00e1tica, contribuindo para a transpar\u00eancia e a presta\u00e7\u00e3o de contas, elementos imprescind\u00edveis em qualquer gest\u00e3o p\u00fablica.<\/p>\n<h2>Agenda Social e Direitos<\/h2>\n<p>A promo\u00e7\u00e3o da cidadania e a escuta ativa da popula\u00e7\u00e3o em eventos como esses s\u00e3o vitais para garantir que os direitos sociais sejam respeitados e ampliados. As pol\u00edticas sociais impactam diretamente na qualidade de vida das pessoas e devem ter sempre um car\u00e1ter inclusivo. A programa\u00e7\u00e3o do ministro vai al\u00e9m de visitas formais; representa um esfor\u00e7o verdadeiro para estar presente nas lutas di\u00e1rias da popula\u00e7\u00e3o.<\/p>\n<p>O fortalecimento do controle social e a promo\u00e7\u00e3o do di\u00e1logo entre governo e sociedade s\u00e3o elementos centrais na constru\u00e7\u00e3o de um sistema de assist\u00eancia social que funcione realmente, e n\u00e3o apenas no papel. A presen\u00e7a do ministro assistindo os desafios de perto \u00e9 um reflexo do compromisso do governo em ouvir as demandas e realidades da popula\u00e7\u00e3o.<\/p>\n<h2>Atividades e Envolvimento da Comunidade<\/h2>\n<p>As atividades programadas para esse dia t\u00eam um forte apelo comunit\u00e1rio. O engajamento da popula\u00e7\u00e3o em eventos como a Feira da Cidadania revela a import\u00e2ncia da participa\u00e7\u00e3o social na defini\u00e7\u00e3o das necessidades e prioridades que devem ser abordadas pelas pol\u00edticas p\u00fablicas. Nos encontros, as pessoas t\u00eam a oportunidade de expressar suas opini\u00f5es, sugerir melhorias e, assim, se tornarem protagonistas na constru\u00e7\u00e3o de seu futuro.<\/p>\n<p>A intera\u00e7\u00e3o entre diversas faixas et\u00e1rias e grupos sociais contribui para criar um ambiente mais colaborativo e integrado, onde o foco \u00e9, acima de tudo, o bem coletivo. Tais iniciativas s\u00e3o essenciais para que os cidad\u00e3os se sintam parte do processo e quando isso acontece, a efic\u00e1cia das pol\u00edticas sociais pode ser muito mais significativa.<\/p>\n<h2>Desafios da Assist\u00eancia Social em Minas Gerais<\/h2>\n<p>Apesar dos avan\u00e7os, a assist\u00eancia social ainda enfrenta diversos desafios, especialmente em Minas Gerais. A desigualdade social, a pobreza e o acesso limitados a servi\u00e7os b\u00e1sicos continuam a ser obst\u00e1culos que necessitam de aten\u00e7\u00e3o constante. A luta por uma assist\u00eancia eficaz requer n\u00e3o apenas a presen\u00e7a de autoridades, mas tamb\u00e9m o comprometimento coletivo para mudar as realidades.<\/p>\n<p>A falta de recursos e a necessidade de forma\u00e7\u00e3o continuada para os profissionais que atuam na assist\u00eancia s\u00e3o problemas que exigem pol\u00edticas p\u00fablicas mais robustas. Afinal, \u00e9 preciso garantir que quem trabalha nesses espa\u00e7os tenha a capacita\u00e7\u00e3o e os meios necess\u00e1rios para desenvolver um trabalho efetivo e humano.<\/p>\n<p>Assim, os encontros e a intera\u00e7\u00e3o do Ministro com a comunidade n\u00e3o s\u00e3o apenas um ato simb\u00f3lico, mas sim uma maneira de mobilizar e fortalecer as a\u00e7\u00f5es necess\u00e1rias para supera\u00e7\u00e3o desses desafios existentes na assist\u00eancia social em Minas Gerais. A constru\u00e7\u00e3o de um futuro melhor passa por garantir que todos tenham acesso aos seus direitos e que as vozes das comunidades sejam ouvidas e respeitadas.<\/p>\n","protected":false},"excerpt":{"rendered":"<p>Wellington Dias cumpre agenda em Belo Horizonte com a\u00e7\u00f5es sociais importantes.<\/p>\n","protected":false},"author":1,"featured_media":14706,"comment_status":"open","ping_status":"open","sticky":false,"template":"","format":"standard","meta":{"footnotes":""},"categories":[5],"tags":[],"class_list":["post-14707","post","type-post","status-publish","format-standard","has-post-thumbnail","hentry","category-noticias","has_thumb"],"yoast_head":"<!-- This site is optimized with the Yoast SEO plugin v28.2 - https:\/\/yoast.com\/product\/yoast-seo-wordpress\/ -->\n<title>Wellington Dias cumpre agenda em Belo Horizonte nesta quinta | Guia Comercial de Belo Horizonte MG<\/title>\n<meta name=\"robots\" content=\"index, follow, max-snippet:-1, max-image-preview:large, max-video-preview:-1\" \/>\n<link rel=\"canonical\" href=\"https:\/\/www.encontrabelohorizonte.com.br\/guia\/wellington-dias-cumpre-agenda-em-belo-horizonte-nesta-quinta\/\" \/>\n<meta property=\"og:locale\" content=\"pt_BR\" \/>\n<meta property=\"og:type\" content=\"article\" \/>\n<meta property=\"og:title\" content=\"Wellington Dias cumpre agenda em Belo Horizonte nesta quinta | Guia Comercial de Belo Horizonte MG\" \/>\n<meta property=\"og:description\" content=\"Wellington Dias cumpre agenda em Belo Horizonte com a\u00e7\u00f5es sociais importantes.\" \/>\n<meta property=\"og:url\" content=\"https:\/\/www.encontrabelohorizonte.com.br\/guia\/wellington-dias-cumpre-agenda-em-belo-horizonte-nesta-quinta\/\" \/>\n<meta property=\"og:site_name\" content=\"Guia Comercial de Belo Horizonte MG\" \/>\n<meta property=\"article:published_time\" content=\"2026-05-24T09:11:02+00:00\" \/>\n<meta property=\"og:image\" content=\"https:\/\/www.encontrabelohorizonte.com.br\/guia\/wp-content\/uploads\/2026\/05\/wellington-dias-cumpre-agenda-em-belo-horizonte-nesta-quinta.webp\" \/>\n\t<meta property=\"og:image:width\" content=\"280\" \/>\n\t<meta property=\"og:image:height\" content=\"280\" \/>\n\t<meta property=\"og:image:type\" content=\"image\/webp\" \/>\n<meta name=\"author\" content=\"Encontra Belo Horizonte\" \/>\n<meta name=\"twitter:card\" content=\"summary_large_image\" \/>\n<meta name=\"twitter:label1\" content=\"Escrito por\" \/>\n\t<meta name=\"twitter:data1\" content=\"Encontra Belo Horizonte\" \/>\n\t<meta name=\"twitter:label2\" content=\"Est. tempo de leitura\" \/>\n\t<meta name=\"twitter:data2\" content=\"7 minutos\" \/>\n<script type=\"application\/ld+json\" class=\"yoast-schema-graph\">{\"@context\":\"https:\\\/\\\/schema.org\",\"@graph\":[{\"@type\":\"Article\",\"@id\":\"https:\\\/\\\/www.encontrabelohorizonte.com.br\\\/guia\\\/wellington-dias-cumpre-agenda-em-belo-horizonte-nesta-quinta\\\/#article\",\"isPartOf\":{\"@id\":\"https:\\\/\\\/www.encontrabelohorizonte.com.br\\\/guia\\\/wellington-dias-cumpre-agenda-em-belo-horizonte-nesta-quinta\\\/\"},\"author\":{\"name\":\"Encontra Belo Horizonte\",\"@id\":\"https:\\\/\\\/www.encontrabelohorizonte.com.br\\\/guia\\\/#\\\/schema\\\/person\\\/6b792069f07fee9a700a7caa85fb85a9\"},\"headline\":\"Wellington Dias cumpre agenda em Belo Horizonte nesta quinta\",\"datePublished\":\"2026-05-24T09:11:02+00:00\",\"mainEntityOfPage\":{\"@id\":\"https:\\\/\\\/www.encontrabelohorizonte.com.br\\\/guia\\\/wellington-dias-cumpre-agenda-em-belo-horizonte-nesta-quinta\\\/\"},\"wordCount\":1468,\"commentCount\":0,\"image\":{\"@id\":\"https:\\\/\\\/www.encontrabelohorizonte.com.br\\\/guia\\\/wellington-dias-cumpre-agenda-em-belo-horizonte-nesta-quinta\\\/#primaryimage\"},\"thumbnailUrl\":\"https:\\\/\\\/www.encontrabelohorizonte.com.br\\\/guia\\\/wp-content\\\/uploads\\\/2026\\\/05\\\/wellington-dias-cumpre-agenda-em-belo-horizonte-nesta-quinta.webp\",\"articleSection\":[\"Not\u00edcias Belo Horizonte\"],\"inLanguage\":\"pt-BR\",\"potentialAction\":[{\"@type\":\"CommentAction\",\"name\":\"Comment\",\"target\":[\"https:\\\/\\\/www.encontrabelohorizonte.com.br\\\/guia\\\/wellington-dias-cumpre-agenda-em-belo-horizonte-nesta-quinta\\\/#respond\"]}]},{\"@type\":\"WebPage\",\"@id\":\"https:\\\/\\\/www.encontrabelohorizonte.com.br\\\/guia\\\/wellington-dias-cumpre-agenda-em-belo-horizonte-nesta-quinta\\\/\",\"url\":\"https:\\\/\\\/www.encontrabelohorizonte.com.br\\\/guia\\\/wellington-dias-cumpre-agenda-em-belo-horizonte-nesta-quinta\\\/\",\"name\":\"Wellington Dias cumpre agenda em Belo Horizonte nesta quinta | Guia Comercial de Belo Horizonte MG\",\"isPartOf\":{\"@id\":\"https:\\\/\\\/www.encontrabelohorizonte.com.br\\\/guia\\\/#website\"},\"primaryImageOfPage\":{\"@id\":\"https:\\\/\\\/www.encontrabelohorizonte.com.br\\\/guia\\\/wellington-dias-cumpre-agenda-em-belo-horizonte-nesta-quinta\\\/#primaryimage\"},\"image\":{\"@id\":\"https:\\\/\\\/www.encontrabelohorizonte.com.br\\\/guia\\\/wellington-dias-cumpre-agenda-em-belo-horizonte-nesta-quinta\\\/#primaryimage\"},\"thumbnailUrl\":\"https:\\\/\\\/www.encontrabelohorizonte.com.br\\\/guia\\\/wp-content\\\/uploads\\\/2026\\\/05\\\/wellington-dias-cumpre-agenda-em-belo-horizonte-nesta-quinta.webp\",\"datePublished\":\"2026-05-24T09:11:02+00:00\",\"author\":{\"@id\":\"https:\\\/\\\/www.encontrabelohorizonte.com.br\\\/guia\\\/#\\\/schema\\\/person\\\/6b792069f07fee9a700a7caa85fb85a9\"},\"inLanguage\":\"pt-BR\",\"potentialAction\":[{\"@type\":\"ReadAction\",\"target\":[\"https:\\\/\\\/www.encontrabelohorizonte.com.br\\\/guia\\\/wellington-dias-cumpre-agenda-em-belo-horizonte-nesta-quinta\\\/\"]}]},{\"@type\":\"ImageObject\",\"inLanguage\":\"pt-BR\",\"@id\":\"https:\\\/\\\/www.encontrabelohorizonte.com.br\\\/guia\\\/wellington-dias-cumpre-agenda-em-belo-horizonte-nesta-quinta\\\/#primaryimage\",\"url\":\"https:\\\/\\\/www.encontrabelohorizonte.com.br\\\/guia\\\/wp-content\\\/uploads\\\/2026\\\/05\\\/wellington-dias-cumpre-agenda-em-belo-horizonte-nesta-quinta.webp\",\"contentUrl\":\"https:\\\/\\\/www.encontrabelohorizonte.com.br\\\/guia\\\/wp-content\\\/uploads\\\/2026\\\/05\\\/wellington-dias-cumpre-agenda-em-belo-horizonte-nesta-quinta.webp\",\"width\":280,\"height\":280,\"caption\":\"Wellington Dias\"},{\"@type\":\"WebSite\",\"@id\":\"https:\\\/\\\/www.encontrabelohorizonte.com.br\\\/guia\\\/#website\",\"url\":\"https:\\\/\\\/www.encontrabelohorizonte.com.br\\\/guia\\\/\",\"name\":\"Guia Comercial de Belo Horizonte MG\",\"description\":\"ENCONTRA BELO HORIZONTE - O guia comercial de neg\u00f3cios e empresas, cultura e divers\u00e3o na cidade de Belo Horizonte. Feito 100% para voc\u00ea morador!\",\"potentialAction\":[{\"@type\":\"SearchAction\",\"target\":{\"@type\":\"EntryPoint\",\"urlTemplate\":\"https:\\\/\\\/www.encontrabelohorizonte.com.br\\\/guia\\\/?s={search_term_string}\"},\"query-input\":{\"@type\":\"PropertyValueSpecification\",\"valueRequired\":true,\"valueName\":\"search_term_string\"}}],\"inLanguage\":\"pt-BR\"},{\"@type\":\"Person\",\"@id\":\"https:\\\/\\\/www.encontrabelohorizonte.com.br\\\/guia\\\/#\\\/schema\\\/person\\\/6b792069f07fee9a700a7caa85fb85a9\",\"name\":\"Encontra Belo Horizonte\",\"image\":{\"@type\":\"ImageObject\",\"inLanguage\":\"pt-BR\",\"@id\":\"https:\\\/\\\/secure.gravatar.com\\\/avatar\\\/c50c17820bcf322f0a8fd6b110b8c0918141409dc69076470f6fca5fee70a5d4?s=96&d=mm&r=g\",\"url\":\"https:\\\/\\\/secure.gravatar.com\\\/avatar\\\/c50c17820bcf322f0a8fd6b110b8c0918141409dc69076470f6fca5fee70a5d4?s=96&d=mm&r=g\",\"contentUrl\":\"https:\\\/\\\/secure.gravatar.com\\\/avatar\\\/c50c17820bcf322f0a8fd6b110b8c0918141409dc69076470f6fca5fee70a5d4?s=96&d=mm&r=g\",\"caption\":\"Encontra Belo Horizonte\"},\"url\":\"https:\\\/\\\/www.encontrabelohorizonte.com.br\\\/guia\\\/author\\\/encontrabelohorizonte\\\/\"}]}<\/script>\n<!-- \/ Yoast SEO plugin. -->","yoast_head_json":{"title":"Wellington Dias cumpre agenda em Belo Horizonte nesta quinta | Guia Comercial de Belo Horizonte MG","robots":{"index":"index","follow":"follow","max-snippet":"max-snippet:-1","max-image-preview":"max-image-preview:large","max-video-preview":"max-video-preview:-1"},"canonical":"https:\/\/www.encontrabelohorizonte.com.br\/guia\/wellington-dias-cumpre-agenda-em-belo-horizonte-nesta-quinta\/","og_locale":"pt_BR","og_type":"article","og_title":"Wellington Dias cumpre agenda em Belo Horizonte nesta quinta | Guia Comercial de Belo Horizonte MG","og_description":"Wellington Dias cumpre agenda em Belo Horizonte com a\u00e7\u00f5es sociais importantes.","og_url":"https:\/\/www.encontrabelohorizonte.com.br\/guia\/wellington-dias-cumpre-agenda-em-belo-horizonte-nesta-quinta\/","og_site_name":"Guia Comercial de Belo Horizonte MG","article_published_time":"2026-05-24T09:11:02+00:00","og_image":[{"width":280,"height":280,"url":"https:\/\/www.encontrabelohorizonte.com.br\/guia\/wp-content\/uploads\/2026\/05\/wellington-dias-cumpre-agenda-em-belo-horizonte-nesta-quinta.webp","type":"image\/webp"}],"author":"Encontra Belo Horizonte","twitter_card":"summary_large_image","twitter_misc":{"Escrito por":"Encontra Belo Horizonte","Est. tempo de leitura":"7 minutos"},"schema":{"@context":"https:\/\/schema.org","@graph":[{"@type":"Article","@id":"https:\/\/www.encontrabelohorizonte.com.br\/guia\/wellington-dias-cumpre-agenda-em-belo-horizonte-nesta-quinta\/#article","isPartOf":{"@id":"https:\/\/www.encontrabelohorizonte.com.br\/guia\/wellington-dias-cumpre-agenda-em-belo-horizonte-nesta-quinta\/"},"author":{"name":"Encontra Belo Horizonte","@id":"https:\/\/www.encontrabelohorizonte.com.br\/guia\/#\/schema\/person\/6b792069f07fee9a700a7caa85fb85a9"},"headline":"Wellington Dias cumpre agenda em Belo Horizonte nesta quinta","datePublished":"2026-05-24T09:11:02+00:00","mainEntityOfPage":{"@id":"https:\/\/www.encontrabelohorizonte.com.br\/guia\/wellington-dias-cumpre-agenda-em-belo-horizonte-nesta-quinta\/"},"wordCount":1468,"commentCount":0,"image":{"@id":"https:\/\/www.encontrabelohorizonte.com.br\/guia\/wellington-dias-cumpre-agenda-em-belo-horizonte-nesta-quinta\/#primaryimage"},"thumbnailUrl":"https:\/\/www.encontrabelohorizonte.com.br\/guia\/wp-content\/uploads\/2026\/05\/wellington-dias-cumpre-agenda-em-belo-horizonte-nesta-quinta.webp","articleSection":["Not\u00edcias Belo Horizonte"],"inLanguage":"pt-BR","potentialAction":[{"@type":"CommentAction","name":"Comment","target":["https:\/\/www.encontrabelohorizonte.com.br\/guia\/wellington-dias-cumpre-agenda-em-belo-horizonte-nesta-quinta\/#respond"]}]},{"@type":"WebPage","@id":"https:\/\/www.encontrabelohorizonte.com.br\/guia\/wellington-dias-cumpre-agenda-em-belo-horizonte-nesta-quinta\/","url":"https:\/\/www.encontrabelohorizonte.com.br\/guia\/wellington-dias-cumpre-agenda-em-belo-horizonte-nesta-quinta\/","name":"Wellington Dias cumpre agenda em Belo Horizonte nesta quinta | Guia Comercial de Belo Horizonte MG","isPartOf":{"@id":"https:\/\/www.encontrabelohorizonte.com.br\/guia\/#website"},"primaryImageOfPage":{"@id":"https:\/\/www.encontrabelohorizonte.com.br\/guia\/wellington-dias-cumpre-agenda-em-belo-horizonte-nesta-quinta\/#primaryimage"},"image":{"@id":"https:\/\/www.encontrabelohorizonte.com.br\/guia\/wellington-dias-cumpre-agenda-em-belo-horizonte-nesta-quinta\/#primaryimage"},"thumbnailUrl":"https:\/\/www.encontrabelohorizonte.com.br\/guia\/wp-content\/uploads\/2026\/05\/wellington-dias-cumpre-agenda-em-belo-horizonte-nesta-quinta.webp","datePublished":"2026-05-24T09:11:02+00:00","author":{"@id":"https:\/\/www.encontrabelohorizonte.com.br\/guia\/#\/schema\/person\/6b792069f07fee9a700a7caa85fb85a9"},"inLanguage":"pt-BR","potentialAction":[{"@type":"ReadAction","target":["https:\/\/www.encontrabelohorizonte.com.br\/guia\/wellington-dias-cumpre-agenda-em-belo-horizonte-nesta-quinta\/"]}]},{"@type":"ImageObject","inLanguage":"pt-BR","@id":"https:\/\/www.encontrabelohorizonte.com.br\/guia\/wellington-dias-cumpre-agenda-em-belo-horizonte-nesta-quinta\/#primaryimage","url":"https:\/\/www.encontrabelohorizonte.com.br\/guia\/wp-content\/uploads\/2026\/05\/wellington-dias-cumpre-agenda-em-belo-horizonte-nesta-quinta.webp","contentUrl":"https:\/\/www.encontrabelohorizonte.com.br\/guia\/wp-content\/uploads\/2026\/05\/wellington-dias-cumpre-agenda-em-belo-horizonte-nesta-quinta.webp","width":280,"height":280,"caption":"Wellington Dias"},{"@type":"WebSite","@id":"https:\/\/www.encontrabelohorizonte.com.br\/guia\/#website","url":"https:\/\/www.encontrabelohorizonte.com.br\/guia\/","name":"Guia Comercial de Belo Horizonte MG","description":"ENCONTRA BELO HORIZONTE - O guia comercial de neg\u00f3cios e empresas, cultura e divers\u00e3o na cidade de Belo Horizonte. Feito 100% para voc\u00ea morador!","potentialAction":[{"@type":"SearchAction","target":{"@type":"EntryPoint","urlTemplate":"https:\/\/www.encontrabelohorizonte.com.br\/guia\/?s={search_term_string}"},"query-input":{"@type":"PropertyValueSpecification","valueRequired":true,"valueName":"search_term_string"}}],"inLanguage":"pt-BR"},{"@type":"Person","@id":"https:\/\/www.encontrabelohorizonte.com.br\/guia\/#\/schema\/person\/6b792069f07fee9a700a7caa85fb85a9","name":"Encontra Belo Horizonte","image":{"@type":"ImageObject","inLanguage":"pt-BR","@id":"https:\/\/secure.gravatar.com\/avatar\/c50c17820bcf322f0a8fd6b110b8c0918141409dc69076470f6fca5fee70a5d4?s=96&d=mm&r=g","url":"https:\/\/secure.gravatar.com\/avatar\/c50c17820bcf322f0a8fd6b110b8c0918141409dc69076470f6fca5fee70a5d4?s=96&d=mm&r=g","contentUrl":"https:\/\/secure.gravatar.com\/avatar\/c50c17820bcf322f0a8fd6b110b8c0918141409dc69076470f6fca5fee70a5d4?s=96&d=mm&r=g","caption":"Encontra Belo Horizonte"},"url":"https:\/\/www.encontrabelohorizonte.com.br\/guia\/author\/encontrabelohorizonte\/"}]}},"_links":{"self":[{"href":"https:\/\/www.encontrabelohorizonte.com.br\/guia\/wp-json\/wp\/v2\/posts\/14707","targetHints":{"allow":["GET"]}}],"collection":[{"href":"https:\/\/www.encontrabelohorizonte.com.br\/guia\/wp-json\/wp\/v2\/posts"}],"about":[{"href":"https:\/\/www.encontrabelohorizonte.com.br\/guia\/wp-json\/wp\/v2\/types\/post"}],"author":[{"embeddable":true,"href":"https:\/\/www.encontrabelohorizonte.com.br\/guia\/wp-json\/wp\/v2\/users\/1"}],"replies":[{"embeddable":true,"href":"https:\/\/www.encontrabelohorizonte.com.br\/guia\/wp-json\/wp\/v2\/comments?post=14707"}],"version-history":[{"count":0,"href":"https:\/\/www.encontrabelohorizonte.com.br\/guia\/wp-json\/wp\/v2\/posts\/14707\/revisions"}],"wp:featuredmedia":[{"embeddable":true,"href":"https:\/\/www.encontrabelohorizonte.com.br\/guia\/wp-json\/wp\/v2\/media\/14706"}],"wp:attachment":[{"href":"https:\/\/www.encontrabelohorizonte.com.br\/guia\/wp-json\/wp\/v2\/media?parent=14707"}],"wp:term":[{"taxonomy":"category","embeddable":true,"href":"https:\/\/www.encontrabelohorizonte.com.br\/guia\/wp-json\/wp\/v2\/categories?post=14707"},{"taxonomy":"post_tag","embeddable":true,"href":"https:\/\/www.encontrabelohorizonte.com.br\/guia\/wp-json\/wp\/v2\/tags?post=14707"}],"curies":[{"name":"wp","href":"https:\/\/api.w.org\/{rel}","templated":true}]}}