{"id":14720,"date":"2026-05-27T06:09:35","date_gmt":"2026-05-27T09:09:35","guid":{"rendered":"https:\/\/www.encontrabelohorizonte.com.br\/guia\/presidente-flavio-cesar-participa-do-10o-congresso-internacional-de-auditores-fiscais-em-bh\/"},"modified":"2026-05-27T06:09:35","modified_gmt":"2026-05-27T09:09:35","slug":"presidente-flavio-cesar-participa-do-10o-congresso-internacional-de-auditores-fiscais-em-bh","status":"publish","type":"post","link":"https:\/\/www.encontrabelohorizonte.com.br\/guia\/presidente-flavio-cesar-participa-do-10o-congresso-internacional-de-auditores-fiscais-em-bh\/","title":{"rendered":"Presidente Fl\u00e1vio Cesar participa do 10\u00ba Congresso Internacional de Auditores Fiscais, em BH"},"content":{"rendered":"<h2>O que \u00e9 o Congresso Internacional de Auditores Fiscais?<\/h2>\n<p>O Congresso Internacional de Auditores Fiscais \u00e9 um evento de grande relev\u00e2ncia que re\u00fane autoridades e especialistas da \u00e1rea fiscal e tribut\u00e1ria de diversos pa\u00edses. Este encontro proporciona uma plataforma para debates e troca de experi\u00eancias sobre as pr\u00e1ticas fiscais, a implementa\u00e7\u00e3o de reformas tribut\u00e1rias e a utiliza\u00e7\u00e3o de tecnologia na administra\u00e7\u00e3o fiscal. O congresso se destaca por reunir vozes influentes que discutem desafios e inova\u00e7\u00f5es do setor.<\/p>\n<h2>Data e Local do Evento<\/h2>\n<p>A 10\u00aa edi\u00e7\u00e3o do Congresso Internacional de Auditores Fiscais ocorrer\u00e1 entre os dias 31 de maio e 3 de junho na cidade de Belo Horizonte, Minas Gerais. O evento ser\u00e1 marcado por palestras, pain\u00e9is e discuss\u00f5es voltadas para a opera\u00e7\u00e3o do novo sistema tribut\u00e1rio brasileiro, essencial neste momento de transi\u00e7\u00e3o fiscal.<\/p>\n<h2>Fl\u00e1vio Cesar: Palestrante Principal<\/h2>\n<p>O presidente do Comsefaz e do Comit\u00ea Gestor do Imposto sobre Bens e Servi\u00e7os, Fl\u00e1vio C\u00e9sar, est\u00e1 confirmado como um dos palestrantes principais do congresso. Ele participar\u00e1 do painel intitulado \u201cOs desafios da constru\u00e7\u00e3o do Comit\u00ea Gestor do IBS\u201d, programado para o dia 2 de junho. Sua presen\u00e7a e contribui\u00e7\u00e3o s\u00e3o esperadas para enriquecer os debates sobre a implementa\u00e7\u00e3o da reforma tribut\u00e1ria.<\/p>\n<p><img decoding=\"async\" src=\"https:\/\/www.encontrabelohorizonte.com.br\/guia\/wp-content\/uploads\/2026\/05\/presidente-flavio-cesar-participa-do-10-congresso-internacional-de-auditores-fiscais-em-bh.webp\" alt=\"Congresso Internacional de Auditores Fiscais\" loading=\"lazy\" \/><\/p>\n<h2>Temas em Debate: A Reforma Tribut\u00e1ria<\/h2>\n<p>Com o tema geral \u201cUm novo paradigma fiscal: coopera\u00e7\u00e3o, justi\u00e7a e futuro\u201d, o congresso abordar\u00e1 quest\u00f5es cruciais relacionadas \u00e0 reforma tribut\u00e1ria do consumo. Entre os t\u00f3picos discutidos, estar\u00e3o:<\/p>\n<ul>\n<li><strong>Fun\u00e7\u00f5es do IBS e CBS:<\/strong> An\u00e1lise do funcionamento desses novos tributos e suas implica\u00e7\u00f5es.<\/li>\n<li><strong>Coordena\u00e7\u00e3o Federativa:<\/strong> Desafios que os estados e munic\u00edpios enfrentar\u00e3o na adapta\u00e7\u00e3o ao novo sistema.<\/li>\n<li><strong>Administra\u00e7\u00e3o Tribut\u00e1ria 3.0:<\/strong> O uso de tecnologias e a atualiza\u00e7\u00e3o de processos para modernizar a fiscaliza\u00e7\u00e3o.<\/li>\n<li><strong>Compliance Cooperativo:<\/strong> Experi\u00eancias internacionais sobre conformidade fiscal e sua import\u00e2ncia na luta contra a evas\u00e3o fiscal.<\/li>\n<\/ul>\n<h2>Participantes e Convidados Especiais<\/h2>\n<p>O evento contar\u00e1 com a presen\u00e7a de renomados especialistas e autoridades, incluindo a secret\u00e1ria de Fazenda de Minas Gerais, Luciana Mundim de Mattos Paix\u00e3o, e o diretor institucional do Comit\u00ea Gestor do IBS, Andr\u00e9 Horta. Outras figuras not\u00e1veis incluem:<\/p>\n<ul>\n<li>Bernard Appy, ex-secret\u00e1rio extraordin\u00e1rio da Reforma Tribut\u00e1ria.<\/li>\n<li>Mariana Mort\u00e1gua, economista portuguesa e voz proeminente em justi\u00e7a fiscal na Europa.<\/li>\n<li>Reginaldo Lopes, deputado federal (PT-MG).<\/li>\n<li>Robinson Barreirinhas, secret\u00e1rio especial da Receita Federal do Brasil.<\/li>\n<li>M\u00f3nica Calijuri, especialista do Banco Interamericano de Desenvolvimento (BID).<\/li>\n<\/ul>\n<h2>O Papel da Tecnologia na Gest\u00e3o Fiscal<\/h2>\n<p>O congresso tamb\u00e9m discutir\u00e1 a import\u00e2ncia da tecnologia na gest\u00e3o financeira p\u00fablica. A integra\u00e7\u00e3o de sistemas digitais e a utiliza\u00e7\u00e3o de dados para a administra\u00e7\u00e3o tribut\u00e1ria s\u00e3o essenciais para garantir maior efici\u00eancia e transpar\u00eancia. Ser\u00e3o abordadas melhores pr\u00e1ticas no uso de ferramentas tecnol\u00f3gicas para coibir fraudes e melhorar a execu\u00e7\u00e3o da pol\u00edtica tribut\u00e1ria.<\/p>\n<h2>Impactos da Reforma Tribut\u00e1ria do Consumo<\/h2>\n<p>A reforma tribut\u00e1ria do consumo \u00e9 uma das pautas centrais do congresso. O evento buscar\u00e1 esclarecer como essa reforma afetar\u00e1 a estrutura fiscal e o cotidiano dos contribuintes e autoridades fiscais, al\u00e9m de explorar os impactos na arrecada\u00e7\u00e3o e na justi\u00e7a tribut\u00e1ria. Especialistas debater\u00e3o solu\u00e7\u00f5es para os desafios que surgir\u00e3o durante a implementa\u00e7\u00e3o dessa nova abordagem fiscal.<\/p>\n<h2>Experi\u00eancias Internacionais em Compliance<\/h2>\n<p>Durante o congresso, ser\u00e3o analisadas experi\u00eancias de diversos pa\u00edses no que diz respeito \u00e0 conformidade tribut\u00e1ria. Esses estudos de caso servir\u00e3o como refer\u00eancia para o Brasil, mostrando como outros pa\u00edses lidaram com desafios semelhantes e implementaram reformas bem-sucedidas na administra\u00e7\u00e3o fiscal. O interc\u00e2mbio de experi\u00eancias propiciar\u00e1 aprendizados valiosos para os participantes.<\/p>\n<h2>Como Participar do Congresso<\/h2>\n<p>A participa\u00e7\u00e3o no Congresso Internacional de Auditores Fiscais \u00e9 uma oportunidade imperd\u00edvel para profissionais da \u00e1rea tribut\u00e1ria. Os interessados em participar devem realizar o credenciamento que est\u00e1 dispon\u00edvel no site oficial do evento. O processo \u00e9 simples e permite que os participantes tenham acesso a todas as atividades programadas, que incluir\u00e3o confer\u00eancias, workshops e pain\u00e9is de discuss\u00e3o.<\/p>\n<h2>Contribui\u00e7\u00f5es para um Sistema Fiscal Justo<\/h2>\n<p>Os debates e trocas de ideias que ocorrer\u00e3o durante o congresso t\u00eam como objetivo contribuir para a constru\u00e7\u00e3o de um sistema fiscal mais justo e eficiente no Brasil. A parceria entre autoridades fiscais, universidades e institui\u00e7\u00f5es internacionais refor\u00e7a a import\u00e2ncia da colabora\u00e7\u00e3o para a cria\u00e7\u00e3o de pol\u00edticas que promovam a justi\u00e7a fiscal e a transpar\u00eancia. O evento se destaca como um marco para o avan\u00e7o do di\u00e1logo sobre a administra\u00e7\u00e3o tribut\u00e1ria e a reforma fiscal.<\/p>\n<p>Para mais informa\u00e7\u00f5es sobre o evento e sua programa\u00e7\u00e3o, os interessados podem acessar o site oficial do Congresso Internacional de Auditores Fiscais. \u00c9 uma oportunidade inestim\u00e1vel para todos que desejam se aprofundar nos desafios atuais e futuros da administra\u00e7\u00e3o tribut\u00e1ria no Brasil e no exterior.<\/p>\n","protected":false},"excerpt":{"rendered":"<p>Presidente Fl\u00e1vio Cesar participa do Congresso Internacional de Auditores Fiscais e discute reforma tribut\u00e1ria.<\/p>\n","protected":false},"author":1,"featured_media":14719,"comment_status":"open","ping_status":"open","sticky":false,"template":"","format":"standard","meta":{"footnotes":""},"categories":[5],"tags":[],"class_list":["post-14720","post","type-post","status-publish","format-standard","has-post-thumbnail","hentry","category-noticias","has_thumb"],"yoast_head":"<!-- This site is optimized with the Yoast SEO plugin v28.2 - https:\/\/yoast.com\/product\/yoast-seo-wordpress\/ -->\n<title>Presidente Fl\u00e1vio Cesar participa do 10\u00ba Congresso Internacional de Auditores Fiscais, em BH | Guia Comercial de Belo Horizonte MG<\/title>\n<meta name=\"robots\" content=\"index, follow, max-snippet:-1, max-image-preview:large, max-video-preview:-1\" \/>\n<link rel=\"canonical\" href=\"https:\/\/www.encontrabelohorizonte.com.br\/guia\/presidente-flavio-cesar-participa-do-10o-congresso-internacional-de-auditores-fiscais-em-bh\/\" \/>\n<meta property=\"og:locale\" content=\"pt_BR\" \/>\n<meta property=\"og:type\" content=\"article\" \/>\n<meta property=\"og:title\" content=\"Presidente Fl\u00e1vio Cesar participa do 10\u00ba Congresso Internacional de Auditores Fiscais, em BH | Guia Comercial de Belo Horizonte MG\" \/>\n<meta property=\"og:description\" content=\"Presidente Fl\u00e1vio Cesar participa do Congresso Internacional de Auditores Fiscais e discute reforma tribut\u00e1ria.\" \/>\n<meta property=\"og:url\" content=\"https:\/\/www.encontrabelohorizonte.com.br\/guia\/presidente-flavio-cesar-participa-do-10o-congresso-internacional-de-auditores-fiscais-em-bh\/\" \/>\n<meta property=\"og:site_name\" content=\"Guia Comercial de Belo Horizonte MG\" \/>\n<meta property=\"article:published_time\" content=\"2026-05-27T09:09:35+00:00\" \/>\n<meta property=\"og:image\" content=\"https:\/\/www.encontrabelohorizonte.com.br\/guia\/wp-content\/uploads\/2026\/05\/presidente-flavio-cesar-participa-do-10-congresso-internacional-de-auditores-fiscais-em-bh.webp\" \/>\n\t<meta property=\"og:image:width\" content=\"280\" \/>\n\t<meta property=\"og:image:height\" content=\"280\" \/>\n\t<meta property=\"og:image:type\" content=\"image\/webp\" \/>\n<meta name=\"author\" content=\"Encontra Belo Horizonte\" \/>\n<meta name=\"twitter:card\" content=\"summary_large_image\" \/>\n<meta name=\"twitter:label1\" content=\"Escrito por\" \/>\n\t<meta name=\"twitter:data1\" content=\"Encontra Belo Horizonte\" \/>\n\t<meta name=\"twitter:label2\" content=\"Est. tempo de leitura\" \/>\n\t<meta name=\"twitter:data2\" content=\"4 minutos\" \/>\n<script type=\"application\/ld+json\" class=\"yoast-schema-graph\">{\"@context\":\"https:\\\/\\\/schema.org\",\"@graph\":[{\"@type\":\"Article\",\"@id\":\"https:\\\/\\\/www.encontrabelohorizonte.com.br\\\/guia\\\/presidente-flavio-cesar-participa-do-10o-congresso-internacional-de-auditores-fiscais-em-bh\\\/#article\",\"isPartOf\":{\"@id\":\"https:\\\/\\\/www.encontrabelohorizonte.com.br\\\/guia\\\/presidente-flavio-cesar-participa-do-10o-congresso-internacional-de-auditores-fiscais-em-bh\\\/\"},\"author\":{\"name\":\"Encontra Belo Horizonte\",\"@id\":\"https:\\\/\\\/www.encontrabelohorizonte.com.br\\\/guia\\\/#\\\/schema\\\/person\\\/6b792069f07fee9a700a7caa85fb85a9\"},\"headline\":\"Presidente Fl\u00e1vio Cesar participa do 10\u00ba Congresso Internacional de Auditores Fiscais, em BH\",\"datePublished\":\"2026-05-27T09:09:35+00:00\",\"mainEntityOfPage\":{\"@id\":\"https:\\\/\\\/www.encontrabelohorizonte.com.br\\\/guia\\\/presidente-flavio-cesar-participa-do-10o-congresso-internacional-de-auditores-fiscais-em-bh\\\/\"},\"wordCount\":870,\"commentCount\":0,\"image\":{\"@id\":\"https:\\\/\\\/www.encontrabelohorizonte.com.br\\\/guia\\\/presidente-flavio-cesar-participa-do-10o-congresso-internacional-de-auditores-fiscais-em-bh\\\/#primaryimage\"},\"thumbnailUrl\":\"https:\\\/\\\/www.encontrabelohorizonte.com.br\\\/guia\\\/wp-content\\\/uploads\\\/2026\\\/05\\\/presidente-flavio-cesar-participa-do-10-congresso-internacional-de-auditores-fiscais-em-bh.webp\",\"articleSection\":[\"Not\u00edcias Belo Horizonte\"],\"inLanguage\":\"pt-BR\",\"potentialAction\":[{\"@type\":\"CommentAction\",\"name\":\"Comment\",\"target\":[\"https:\\\/\\\/www.encontrabelohorizonte.com.br\\\/guia\\\/presidente-flavio-cesar-participa-do-10o-congresso-internacional-de-auditores-fiscais-em-bh\\\/#respond\"]}]},{\"@type\":\"WebPage\",\"@id\":\"https:\\\/\\\/www.encontrabelohorizonte.com.br\\\/guia\\\/presidente-flavio-cesar-participa-do-10o-congresso-internacional-de-auditores-fiscais-em-bh\\\/\",\"url\":\"https:\\\/\\\/www.encontrabelohorizonte.com.br\\\/guia\\\/presidente-flavio-cesar-participa-do-10o-congresso-internacional-de-auditores-fiscais-em-bh\\\/\",\"name\":\"Presidente Fl\u00e1vio Cesar participa do 10\u00ba Congresso Internacional de Auditores Fiscais, em BH | Guia Comercial de Belo Horizonte MG\",\"isPartOf\":{\"@id\":\"https:\\\/\\\/www.encontrabelohorizonte.com.br\\\/guia\\\/#website\"},\"primaryImageOfPage\":{\"@id\":\"https:\\\/\\\/www.encontrabelohorizonte.com.br\\\/guia\\\/presidente-flavio-cesar-participa-do-10o-congresso-internacional-de-auditores-fiscais-em-bh\\\/#primaryimage\"},\"image\":{\"@id\":\"https:\\\/\\\/www.encontrabelohorizonte.com.br\\\/guia\\\/presidente-flavio-cesar-participa-do-10o-congresso-internacional-de-auditores-fiscais-em-bh\\\/#primaryimage\"},\"thumbnailUrl\":\"https:\\\/\\\/www.encontrabelohorizonte.com.br\\\/guia\\\/wp-content\\\/uploads\\\/2026\\\/05\\\/presidente-flavio-cesar-participa-do-10-congresso-internacional-de-auditores-fiscais-em-bh.webp\",\"datePublished\":\"2026-05-27T09:09:35+00:00\",\"author\":{\"@id\":\"https:\\\/\\\/www.encontrabelohorizonte.com.br\\\/guia\\\/#\\\/schema\\\/person\\\/6b792069f07fee9a700a7caa85fb85a9\"},\"inLanguage\":\"pt-BR\",\"potentialAction\":[{\"@type\":\"ReadAction\",\"target\":[\"https:\\\/\\\/www.encontrabelohorizonte.com.br\\\/guia\\\/presidente-flavio-cesar-participa-do-10o-congresso-internacional-de-auditores-fiscais-em-bh\\\/\"]}]},{\"@type\":\"ImageObject\",\"inLanguage\":\"pt-BR\",\"@id\":\"https:\\\/\\\/www.encontrabelohorizonte.com.br\\\/guia\\\/presidente-flavio-cesar-participa-do-10o-congresso-internacional-de-auditores-fiscais-em-bh\\\/#primaryimage\",\"url\":\"https:\\\/\\\/www.encontrabelohorizonte.com.br\\\/guia\\\/wp-content\\\/uploads\\\/2026\\\/05\\\/presidente-flavio-cesar-participa-do-10-congresso-internacional-de-auditores-fiscais-em-bh.webp\",\"contentUrl\":\"https:\\\/\\\/www.encontrabelohorizonte.com.br\\\/guia\\\/wp-content\\\/uploads\\\/2026\\\/05\\\/presidente-flavio-cesar-participa-do-10-congresso-internacional-de-auditores-fiscais-em-bh.webp\",\"width\":280,\"height\":280,\"caption\":\"Congresso Internacional de Auditores Fiscais\"},{\"@type\":\"WebSite\",\"@id\":\"https:\\\/\\\/www.encontrabelohorizonte.com.br\\\/guia\\\/#website\",\"url\":\"https:\\\/\\\/www.encontrabelohorizonte.com.br\\\/guia\\\/\",\"name\":\"Guia Comercial de Belo Horizonte MG\",\"description\":\"ENCONTRA BELO HORIZONTE - O guia comercial de neg\u00f3cios e empresas, cultura e divers\u00e3o na cidade de Belo Horizonte. Feito 100% para voc\u00ea morador!\",\"potentialAction\":[{\"@type\":\"SearchAction\",\"target\":{\"@type\":\"EntryPoint\",\"urlTemplate\":\"https:\\\/\\\/www.encontrabelohorizonte.com.br\\\/guia\\\/?s={search_term_string}\"},\"query-input\":{\"@type\":\"PropertyValueSpecification\",\"valueRequired\":true,\"valueName\":\"search_term_string\"}}],\"inLanguage\":\"pt-BR\"},{\"@type\":\"Person\",\"@id\":\"https:\\\/\\\/www.encontrabelohorizonte.com.br\\\/guia\\\/#\\\/schema\\\/person\\\/6b792069f07fee9a700a7caa85fb85a9\",\"name\":\"Encontra Belo Horizonte\",\"image\":{\"@type\":\"ImageObject\",\"inLanguage\":\"pt-BR\",\"@id\":\"https:\\\/\\\/secure.gravatar.com\\\/avatar\\\/c50c17820bcf322f0a8fd6b110b8c0918141409dc69076470f6fca5fee70a5d4?s=96&d=mm&r=g\",\"url\":\"https:\\\/\\\/secure.gravatar.com\\\/avatar\\\/c50c17820bcf322f0a8fd6b110b8c0918141409dc69076470f6fca5fee70a5d4?s=96&d=mm&r=g\",\"contentUrl\":\"https:\\\/\\\/secure.gravatar.com\\\/avatar\\\/c50c17820bcf322f0a8fd6b110b8c0918141409dc69076470f6fca5fee70a5d4?s=96&d=mm&r=g\",\"caption\":\"Encontra Belo Horizonte\"},\"url\":\"https:\\\/\\\/www.encontrabelohorizonte.com.br\\\/guia\\\/author\\\/encontrabelohorizonte\\\/\"}]}<\/script>\n<!-- \/ Yoast SEO plugin. -->","yoast_head_json":{"title":"Presidente Fl\u00e1vio Cesar participa do 10\u00ba Congresso Internacional de Auditores Fiscais, em BH | Guia Comercial de Belo Horizonte MG","robots":{"index":"index","follow":"follow","max-snippet":"max-snippet:-1","max-image-preview":"max-image-preview:large","max-video-preview":"max-video-preview:-1"},"canonical":"https:\/\/www.encontrabelohorizonte.com.br\/guia\/presidente-flavio-cesar-participa-do-10o-congresso-internacional-de-auditores-fiscais-em-bh\/","og_locale":"pt_BR","og_type":"article","og_title":"Presidente Fl\u00e1vio Cesar participa do 10\u00ba Congresso Internacional de Auditores Fiscais, em BH | Guia Comercial de Belo Horizonte MG","og_description":"Presidente Fl\u00e1vio Cesar participa do Congresso Internacional de Auditores Fiscais e discute reforma tribut\u00e1ria.","og_url":"https:\/\/www.encontrabelohorizonte.com.br\/guia\/presidente-flavio-cesar-participa-do-10o-congresso-internacional-de-auditores-fiscais-em-bh\/","og_site_name":"Guia Comercial de Belo Horizonte MG","article_published_time":"2026-05-27T09:09:35+00:00","og_image":[{"width":280,"height":280,"url":"https:\/\/www.encontrabelohorizonte.com.br\/guia\/wp-content\/uploads\/2026\/05\/presidente-flavio-cesar-participa-do-10-congresso-internacional-de-auditores-fiscais-em-bh.webp","type":"image\/webp"}],"author":"Encontra Belo Horizonte","twitter_card":"summary_large_image","twitter_misc":{"Escrito por":"Encontra Belo Horizonte","Est. tempo de leitura":"4 minutos"},"schema":{"@context":"https:\/\/schema.org","@graph":[{"@type":"Article","@id":"https:\/\/www.encontrabelohorizonte.com.br\/guia\/presidente-flavio-cesar-participa-do-10o-congresso-internacional-de-auditores-fiscais-em-bh\/#article","isPartOf":{"@id":"https:\/\/www.encontrabelohorizonte.com.br\/guia\/presidente-flavio-cesar-participa-do-10o-congresso-internacional-de-auditores-fiscais-em-bh\/"},"author":{"name":"Encontra Belo Horizonte","@id":"https:\/\/www.encontrabelohorizonte.com.br\/guia\/#\/schema\/person\/6b792069f07fee9a700a7caa85fb85a9"},"headline":"Presidente Fl\u00e1vio Cesar participa do 10\u00ba Congresso Internacional de Auditores Fiscais, em BH","datePublished":"2026-05-27T09:09:35+00:00","mainEntityOfPage":{"@id":"https:\/\/www.encontrabelohorizonte.com.br\/guia\/presidente-flavio-cesar-participa-do-10o-congresso-internacional-de-auditores-fiscais-em-bh\/"},"wordCount":870,"commentCount":0,"image":{"@id":"https:\/\/www.encontrabelohorizonte.com.br\/guia\/presidente-flavio-cesar-participa-do-10o-congresso-internacional-de-auditores-fiscais-em-bh\/#primaryimage"},"thumbnailUrl":"https:\/\/www.encontrabelohorizonte.com.br\/guia\/wp-content\/uploads\/2026\/05\/presidente-flavio-cesar-participa-do-10-congresso-internacional-de-auditores-fiscais-em-bh.webp","articleSection":["Not\u00edcias Belo Horizonte"],"inLanguage":"pt-BR","potentialAction":[{"@type":"CommentAction","name":"Comment","target":["https:\/\/www.encontrabelohorizonte.com.br\/guia\/presidente-flavio-cesar-participa-do-10o-congresso-internacional-de-auditores-fiscais-em-bh\/#respond"]}]},{"@type":"WebPage","@id":"https:\/\/www.encontrabelohorizonte.com.br\/guia\/presidente-flavio-cesar-participa-do-10o-congresso-internacional-de-auditores-fiscais-em-bh\/","url":"https:\/\/www.encontrabelohorizonte.com.br\/guia\/presidente-flavio-cesar-participa-do-10o-congresso-internacional-de-auditores-fiscais-em-bh\/","name":"Presidente Fl\u00e1vio Cesar participa do 10\u00ba Congresso Internacional de Auditores Fiscais, em BH | Guia Comercial de Belo Horizonte MG","isPartOf":{"@id":"https:\/\/www.encontrabelohorizonte.com.br\/guia\/#website"},"primaryImageOfPage":{"@id":"https:\/\/www.encontrabelohorizonte.com.br\/guia\/presidente-flavio-cesar-participa-do-10o-congresso-internacional-de-auditores-fiscais-em-bh\/#primaryimage"},"image":{"@id":"https:\/\/www.encontrabelohorizonte.com.br\/guia\/presidente-flavio-cesar-participa-do-10o-congresso-internacional-de-auditores-fiscais-em-bh\/#primaryimage"},"thumbnailUrl":"https:\/\/www.encontrabelohorizonte.com.br\/guia\/wp-content\/uploads\/2026\/05\/presidente-flavio-cesar-participa-do-10-congresso-internacional-de-auditores-fiscais-em-bh.webp","datePublished":"2026-05-27T09:09:35+00:00","author":{"@id":"https:\/\/www.encontrabelohorizonte.com.br\/guia\/#\/schema\/person\/6b792069f07fee9a700a7caa85fb85a9"},"inLanguage":"pt-BR","potentialAction":[{"@type":"ReadAction","target":["https:\/\/www.encontrabelohorizonte.com.br\/guia\/presidente-flavio-cesar-participa-do-10o-congresso-internacional-de-auditores-fiscais-em-bh\/"]}]},{"@type":"ImageObject","inLanguage":"pt-BR","@id":"https:\/\/www.encontrabelohorizonte.com.br\/guia\/presidente-flavio-cesar-participa-do-10o-congresso-internacional-de-auditores-fiscais-em-bh\/#primaryimage","url":"https:\/\/www.encontrabelohorizonte.com.br\/guia\/wp-content\/uploads\/2026\/05\/presidente-flavio-cesar-participa-do-10-congresso-internacional-de-auditores-fiscais-em-bh.webp","contentUrl":"https:\/\/www.encontrabelohorizonte.com.br\/guia\/wp-content\/uploads\/2026\/05\/presidente-flavio-cesar-participa-do-10-congresso-internacional-de-auditores-fiscais-em-bh.webp","width":280,"height":280,"caption":"Congresso Internacional de Auditores Fiscais"},{"@type":"WebSite","@id":"https:\/\/www.encontrabelohorizonte.com.br\/guia\/#website","url":"https:\/\/www.encontrabelohorizonte.com.br\/guia\/","name":"Guia Comercial de Belo Horizonte MG","description":"ENCONTRA BELO HORIZONTE - O guia comercial de neg\u00f3cios e empresas, cultura e divers\u00e3o na cidade de Belo Horizonte. Feito 100% para voc\u00ea morador!","potentialAction":[{"@type":"SearchAction","target":{"@type":"EntryPoint","urlTemplate":"https:\/\/www.encontrabelohorizonte.com.br\/guia\/?s={search_term_string}"},"query-input":{"@type":"PropertyValueSpecification","valueRequired":true,"valueName":"search_term_string"}}],"inLanguage":"pt-BR"},{"@type":"Person","@id":"https:\/\/www.encontrabelohorizonte.com.br\/guia\/#\/schema\/person\/6b792069f07fee9a700a7caa85fb85a9","name":"Encontra Belo Horizonte","image":{"@type":"ImageObject","inLanguage":"pt-BR","@id":"https:\/\/secure.gravatar.com\/avatar\/c50c17820bcf322f0a8fd6b110b8c0918141409dc69076470f6fca5fee70a5d4?s=96&d=mm&r=g","url":"https:\/\/secure.gravatar.com\/avatar\/c50c17820bcf322f0a8fd6b110b8c0918141409dc69076470f6fca5fee70a5d4?s=96&d=mm&r=g","contentUrl":"https:\/\/secure.gravatar.com\/avatar\/c50c17820bcf322f0a8fd6b110b8c0918141409dc69076470f6fca5fee70a5d4?s=96&d=mm&r=g","caption":"Encontra Belo Horizonte"},"url":"https:\/\/www.encontrabelohorizonte.com.br\/guia\/author\/encontrabelohorizonte\/"}]}},"_links":{"self":[{"href":"https:\/\/www.encontrabelohorizonte.com.br\/guia\/wp-json\/wp\/v2\/posts\/14720","targetHints":{"allow":["GET"]}}],"collection":[{"href":"https:\/\/www.encontrabelohorizonte.com.br\/guia\/wp-json\/wp\/v2\/posts"}],"about":[{"href":"https:\/\/www.encontrabelohorizonte.com.br\/guia\/wp-json\/wp\/v2\/types\/post"}],"author":[{"embeddable":true,"href":"https:\/\/www.encontrabelohorizonte.com.br\/guia\/wp-json\/wp\/v2\/users\/1"}],"replies":[{"embeddable":true,"href":"https:\/\/www.encontrabelohorizonte.com.br\/guia\/wp-json\/wp\/v2\/comments?post=14720"}],"version-history":[{"count":0,"href":"https:\/\/www.encontrabelohorizonte.com.br\/guia\/wp-json\/wp\/v2\/posts\/14720\/revisions"}],"wp:featuredmedia":[{"embeddable":true,"href":"https:\/\/www.encontrabelohorizonte.com.br\/guia\/wp-json\/wp\/v2\/media\/14719"}],"wp:attachment":[{"href":"https:\/\/www.encontrabelohorizonte.com.br\/guia\/wp-json\/wp\/v2\/media?parent=14720"}],"wp:term":[{"taxonomy":"category","embeddable":true,"href":"https:\/\/www.encontrabelohorizonte.com.br\/guia\/wp-json\/wp\/v2\/categories?post=14720"},{"taxonomy":"post_tag","embeddable":true,"href":"https:\/\/www.encontrabelohorizonte.com.br\/guia\/wp-json\/wp\/v2\/tags?post=14720"}],"curies":[{"name":"wp","href":"https:\/\/api.w.org\/{rel}","templated":true}]}}