{"id":14724,"date":"2026-05-29T06:07:58","date_gmt":"2026-05-29T09:07:58","guid":{"rendered":"https:\/\/www.encontrabelohorizonte.com.br\/guia\/prefeitura-de-bh-diz-que-ano-letivo-em-escolas-municipais-pode-avancar-ate-2027-devido-a-greve-e-parte-dos-alunos-nao-repora-aulas\/"},"modified":"2026-05-29T06:07:58","modified_gmt":"2026-05-29T09:07:58","slug":"prefeitura-de-bh-diz-que-ano-letivo-em-escolas-municipais-pode-avancar-ate-2027-devido-a-greve-e-parte-dos-alunos-nao-repora-aulas","status":"publish","type":"post","link":"https:\/\/www.encontrabelohorizonte.com.br\/guia\/prefeitura-de-bh-diz-que-ano-letivo-em-escolas-municipais-pode-avancar-ate-2027-devido-a-greve-e-parte-dos-alunos-nao-repora-aulas\/","title":{"rendered":"Prefeitura de BH diz que ano letivo em escolas municipais pode avan\u00e7ar at\u00e9 2027 devido \u00e0 greve e parte dos alunos n\u00e3o repor\u00e1 aulas"},"content":{"rendered":"<h2>Impacto da Greve nas Escolas Municipais<\/h2>\n<p>A greve dos professores da rede municipal de Belo Horizonte, que j\u00e1 ultrapassa 29 dias, tem gerado grandes preocupa\u00e7\u00f5es entre pais, alunos e gestores escolares. A interrup\u00e7\u00e3o das aulas pode afetar negativamente o aprendizado de muitas crian\u00e7as, especialmente aquelas em fase de forma\u00e7\u00e3o inicial. A gest\u00e3o municipal optou por respostas que incluem a possibilidade de avan\u00e7o do calend\u00e1rio letivo at\u00e9 2027, o que levanta debates intensos sobre a qualidade da educa\u00e7\u00e3o e os direitos dos estudantes.<\/p>\n<h2>Decis\u00f5es da Prefeitura sobre o Ano Letivo<\/h2>\n<p>Recentemente, a Prefeitura de Belo Horizonte anunciou que n\u00e3o haver\u00e1 reposi\u00e7\u00e3o das aulas para crian\u00e7as de zero a tr\u00eas anos. Para alunos de quatro a cinco anos, a reposi\u00e7\u00e3o ser\u00e1 apenas parcial, conforme as circunst\u00e2ncias da greve. Esse encaminhamento gerou ampla rea\u00e7\u00f5es, especialmente entre os diretores e vice-diretores das institui\u00e7\u00f5es que defendem a autonomia das escolas para reajustar o calend\u00e1rio escolar conforme a necessidade dos alunos.<\/p>\n<h2>A Reposi\u00e7\u00e3o de Aulas para Crian\u00e7as<\/h2>\n<p>A secret\u00e1ria municipal de Educa\u00e7\u00e3o, Natalia Ara\u00fajo, enfatizou que para as crian\u00e7as menores, a educa\u00e7\u00e3o n\u00e3o \u00e9 uma fase obrigat\u00f3ria. Essa declara\u00e7\u00e3o sugere que os pais t\u00eam a op\u00e7\u00e3o de levar ou n\u00e3o seus filhos \u00e0 escola, e o munic\u00edpio prop\u00f5e uma oferta regular de 800 horas de aula por ano, que se torna invi\u00e1vel diante da situa\u00e7\u00e3o atual. Assim, a falta de reposi\u00e7\u00e3o de aulas configura uma problem\u00e1tica, especialmente em rela\u00e7\u00e3o aos direitos educacionais das crian\u00e7as e a import\u00e2ncia das bases que s\u00e3o estabelecidas nessa fase.<\/p>\n<p><img decoding=\"async\" src=\"https:\/\/www.encontrabelohorizonte.com.br\/guia\/wp-content\/uploads\/2026\/05\/prefeitura-de-bh-diz-que-ano-letivo-em-escolas-municipais-pode-avancar-ate-2027-devido-a-greve-e-par.webp\" alt=\"\" loading=\"lazy\" \/><\/p>\n<h2>O Papel dos Diretores nas Escolas<\/h2>\n<p>Os diretores e vice-diretores das escolas municipais expressaram suas frustra\u00e7\u00f5es em uma carta aberta. Eles destacaram a import\u00e2ncia da reposi\u00e7\u00e3o das aulas como um direito fundamental dos alunos. Reiteraram que a administra\u00e7\u00e3o escolar deve ter a liberdade para organizar seus pr\u00f3prios calend\u00e1rios, adaptando-se \u00e0s necessidades de forma\u00e7\u00e3o dos alunos. Para eles, a autonomia nas decis\u00f5es educacionais \u00e9 essencial.<\/p>\n<h2>Rea\u00e7\u00f5es da Comunidade Educacional<\/h2>\n<p>A comunidade educacional em Belo Horizonte tem demonstrado forte insatisfa\u00e7\u00e3o com as decis\u00f5es da prefeitura. Ao longo da greve, muitos educadores e pais t\u00eam se unido para reivindicar a recupera\u00e7\u00e3o das aulas perdidas, com o entendimento de que a educa\u00e7\u00e3o \u00e9 um direito fundamental. As manifesta\u00e7\u00f5es e discuss\u00f5es p\u00fablicas t\u00eam se intensificado, evidenciando a necessidade de um di\u00e1logo mais aberto entre a gest\u00e3o municipal e seus educadores.<\/p>\n<h2>Calend\u00e1rio Escolar em Tempos de Crise<\/h2>\n<p>Com a atual crise que envolve a greve, o calend\u00e1rio escolar se v\u00ea em uma situa\u00e7\u00e3o tensa. A possibilidade de uma extens\u00e3o at\u00e9 2027 tem levantado s\u00e9rias quest\u00f5es sobre os impactos no aprendizado e na conviv\u00eancia escolar das crian\u00e7as. Pais, alunos e educadores debatem sobre os prazos e a efic\u00e1cia das solu\u00e7\u00f5es apresentadas pela prefeitura, preocupando-se com as implica\u00e7\u00f5es a longo prazo.<\/p>\n<h2>O que Diz a Legisla\u00e7\u00e3o sobre Reposi\u00e7\u00f5es<\/h2>\n<p>A legisla\u00e7\u00e3o brasileira garante aos alunos o direito \u00e0 educa\u00e7\u00e3o, portanto, a quest\u00e3o da reposi\u00e7\u00e3o de aulas e do calend\u00e1rio letivo deve ser discutida \u00e0 luz (e em conformidade com) a legisla\u00e7\u00e3o educacional vigente. A falta de uma solu\u00e7\u00e3o efetiva pode levar a longas consequ\u00eancias legais para a prefeitura, \u00e0 medida que o n\u00e3o cumprimento da oferta educacional se torna um tema de preocupa\u00e7\u00e3o legal e de moralidade p\u00fablica.<\/p>\n<h2>A Import\u00e2ncia da Educa\u00e7\u00e3o Infantil<\/h2>\n<p>A educa\u00e7\u00e3o infantil possui um papel fundamental no desenvolvimento das crian\u00e7as. Durante os primeiros anos de vida, a forma\u00e7\u00e3o em ambientes escolares adequados \u00e9 crucial para o desenvolvimento emocional, social e cognitivo. A interrup\u00e7\u00e3o das aulas em um per\u00edodo t\u00e3o formativo pode causar preju\u00edzos irrevers\u00edveis, sendo fundamental que as autoridades reflitam sobre a import\u00e2ncia da continuidade educacional nessa fase.<\/p>\n<h2>Adapta\u00e7\u00f5es das Fam\u00edlias Durante a Greve<\/h2>\n<p>Enquanto a greve continua, as fam\u00edlias enfrentam desafios significantes. Para muitas, \u00e9 complicado manter uma rotina com crian\u00e7as sem aulas; alguns pais relatam que est\u00e3o se adaptando ao ter que levar seus filhos ao trabalho ou ao buscar alternativas de cuidado. A falta de uma rotina escolar acaba impactando na disciplina e aprendizado das crian\u00e7as, tornando-se uma preocupa\u00e7\u00e3o imediata para as fam\u00edlias.<\/p>\n<h2>Poss\u00edveis Solu\u00e7\u00f5es para o Conflito<\/h2>\n<p>A busca por solu\u00e7\u00f5es para o impasse entre a prefeitura e os professores precisa ser urgentemente abordada. Propostas de negocia\u00e7\u00e3o devem ser abertas, priorizando o di\u00e1logo construtivo e a participa\u00e7\u00e3o ativa de todas as partes envolvidas. \u00c9 crucial que as autoridades municipais ou\u00e7am as demandas da classe educacional e o impacto de suas decis\u00f5es nas crian\u00e7as, visando encontrar uma sa\u00edda que restabele\u00e7a a normalidade nas atividades escolares e assegure os direitos educacionais de todos os alunos.<\/p>\n","protected":false},"excerpt":{"rendered":"<p>Ano letivo em BH pode se estender at\u00e9 2027 devido \u00e0 greve.<\/p>\n","protected":false},"author":1,"featured_media":14723,"comment_status":"open","ping_status":"open","sticky":false,"template":"","format":"standard","meta":{"footnotes":""},"categories":[5],"tags":[],"class_list":["post-14724","post","type-post","status-publish","format-standard","has-post-thumbnail","hentry","category-noticias","has_thumb"],"yoast_head":"<!-- This site is optimized with the Yoast SEO plugin v28.2 - https:\/\/yoast.com\/product\/yoast-seo-wordpress\/ -->\n<title>Prefeitura de BH diz que ano letivo em escolas municipais pode avan\u00e7ar at\u00e9 2027 devido \u00e0 greve e parte dos alunos n\u00e3o repor\u00e1 aulas | Guia Comercial de Belo Horizonte MG<\/title>\n<meta name=\"robots\" content=\"index, follow, max-snippet:-1, max-image-preview:large, max-video-preview:-1\" \/>\n<link rel=\"canonical\" href=\"https:\/\/www.encontrabelohorizonte.com.br\/guia\/prefeitura-de-bh-diz-que-ano-letivo-em-escolas-municipais-pode-avancar-ate-2027-devido-a-greve-e-parte-dos-alunos-nao-repora-aulas\/\" \/>\n<meta property=\"og:locale\" content=\"pt_BR\" \/>\n<meta property=\"og:type\" content=\"article\" \/>\n<meta property=\"og:title\" content=\"Prefeitura de BH diz que ano letivo em escolas municipais pode avan\u00e7ar at\u00e9 2027 devido \u00e0 greve e parte dos alunos n\u00e3o repor\u00e1 aulas | Guia Comercial de Belo Horizonte MG\" \/>\n<meta property=\"og:description\" content=\"Ano letivo em BH pode se estender at\u00e9 2027 devido \u00e0 greve.\" \/>\n<meta property=\"og:url\" content=\"https:\/\/www.encontrabelohorizonte.com.br\/guia\/prefeitura-de-bh-diz-que-ano-letivo-em-escolas-municipais-pode-avancar-ate-2027-devido-a-greve-e-parte-dos-alunos-nao-repora-aulas\/\" \/>\n<meta property=\"og:site_name\" content=\"Guia Comercial de Belo Horizonte MG\" \/>\n<meta property=\"article:published_time\" content=\"2026-05-29T09:07:58+00:00\" \/>\n<meta property=\"og:image\" content=\"https:\/\/www.encontrabelohorizonte.com.br\/guia\/wp-content\/uploads\/2026\/05\/prefeitura-de-bh-diz-que-ano-letivo-em-escolas-municipais-pode-avancar-ate-2027-devido-a-greve-e-par.webp\" \/>\n\t<meta property=\"og:image:width\" content=\"280\" \/>\n\t<meta property=\"og:image:height\" content=\"280\" \/>\n\t<meta property=\"og:image:type\" content=\"image\/webp\" \/>\n<meta name=\"author\" content=\"Encontra Belo Horizonte\" \/>\n<meta name=\"twitter:card\" content=\"summary_large_image\" \/>\n<meta name=\"twitter:label1\" content=\"Escrito por\" \/>\n\t<meta name=\"twitter:data1\" content=\"Encontra Belo Horizonte\" \/>\n\t<meta name=\"twitter:label2\" content=\"Est. tempo de leitura\" \/>\n\t<meta name=\"twitter:data2\" content=\"4 minutos\" \/>\n<script type=\"application\/ld+json\" class=\"yoast-schema-graph\">{\"@context\":\"https:\\\/\\\/schema.org\",\"@graph\":[{\"@type\":\"Article\",\"@id\":\"https:\\\/\\\/www.encontrabelohorizonte.com.br\\\/guia\\\/prefeitura-de-bh-diz-que-ano-letivo-em-escolas-municipais-pode-avancar-ate-2027-devido-a-greve-e-parte-dos-alunos-nao-repora-aulas\\\/#article\",\"isPartOf\":{\"@id\":\"https:\\\/\\\/www.encontrabelohorizonte.com.br\\\/guia\\\/prefeitura-de-bh-diz-que-ano-letivo-em-escolas-municipais-pode-avancar-ate-2027-devido-a-greve-e-parte-dos-alunos-nao-repora-aulas\\\/\"},\"author\":{\"name\":\"Encontra Belo Horizonte\",\"@id\":\"https:\\\/\\\/www.encontrabelohorizonte.com.br\\\/guia\\\/#\\\/schema\\\/person\\\/6b792069f07fee9a700a7caa85fb85a9\"},\"headline\":\"Prefeitura de BH diz que ano letivo em escolas municipais pode avan\u00e7ar at\u00e9 2027 devido \u00e0 greve e parte dos alunos n\u00e3o repor\u00e1 aulas\",\"datePublished\":\"2026-05-29T09:07:58+00:00\",\"mainEntityOfPage\":{\"@id\":\"https:\\\/\\\/www.encontrabelohorizonte.com.br\\\/guia\\\/prefeitura-de-bh-diz-que-ano-letivo-em-escolas-municipais-pode-avancar-ate-2027-devido-a-greve-e-parte-dos-alunos-nao-repora-aulas\\\/\"},\"wordCount\":865,\"commentCount\":0,\"image\":{\"@id\":\"https:\\\/\\\/www.encontrabelohorizonte.com.br\\\/guia\\\/prefeitura-de-bh-diz-que-ano-letivo-em-escolas-municipais-pode-avancar-ate-2027-devido-a-greve-e-parte-dos-alunos-nao-repora-aulas\\\/#primaryimage\"},\"thumbnailUrl\":\"https:\\\/\\\/www.encontrabelohorizonte.com.br\\\/guia\\\/wp-content\\\/uploads\\\/2026\\\/05\\\/prefeitura-de-bh-diz-que-ano-letivo-em-escolas-municipais-pode-avancar-ate-2027-devido-a-greve-e-par.webp\",\"articleSection\":[\"Not\u00edcias Belo Horizonte\"],\"inLanguage\":\"pt-BR\",\"potentialAction\":[{\"@type\":\"CommentAction\",\"name\":\"Comment\",\"target\":[\"https:\\\/\\\/www.encontrabelohorizonte.com.br\\\/guia\\\/prefeitura-de-bh-diz-que-ano-letivo-em-escolas-municipais-pode-avancar-ate-2027-devido-a-greve-e-parte-dos-alunos-nao-repora-aulas\\\/#respond\"]}]},{\"@type\":\"WebPage\",\"@id\":\"https:\\\/\\\/www.encontrabelohorizonte.com.br\\\/guia\\\/prefeitura-de-bh-diz-que-ano-letivo-em-escolas-municipais-pode-avancar-ate-2027-devido-a-greve-e-parte-dos-alunos-nao-repora-aulas\\\/\",\"url\":\"https:\\\/\\\/www.encontrabelohorizonte.com.br\\\/guia\\\/prefeitura-de-bh-diz-que-ano-letivo-em-escolas-municipais-pode-avancar-ate-2027-devido-a-greve-e-parte-dos-alunos-nao-repora-aulas\\\/\",\"name\":\"Prefeitura de BH diz que ano letivo em escolas municipais pode avan\u00e7ar at\u00e9 2027 devido \u00e0 greve e parte dos alunos n\u00e3o repor\u00e1 aulas | Guia Comercial de Belo Horizonte MG\",\"isPartOf\":{\"@id\":\"https:\\\/\\\/www.encontrabelohorizonte.com.br\\\/guia\\\/#website\"},\"primaryImageOfPage\":{\"@id\":\"https:\\\/\\\/www.encontrabelohorizonte.com.br\\\/guia\\\/prefeitura-de-bh-diz-que-ano-letivo-em-escolas-municipais-pode-avancar-ate-2027-devido-a-greve-e-parte-dos-alunos-nao-repora-aulas\\\/#primaryimage\"},\"image\":{\"@id\":\"https:\\\/\\\/www.encontrabelohorizonte.com.br\\\/guia\\\/prefeitura-de-bh-diz-que-ano-letivo-em-escolas-municipais-pode-avancar-ate-2027-devido-a-greve-e-parte-dos-alunos-nao-repora-aulas\\\/#primaryimage\"},\"thumbnailUrl\":\"https:\\\/\\\/www.encontrabelohorizonte.com.br\\\/guia\\\/wp-content\\\/uploads\\\/2026\\\/05\\\/prefeitura-de-bh-diz-que-ano-letivo-em-escolas-municipais-pode-avancar-ate-2027-devido-a-greve-e-par.webp\",\"datePublished\":\"2026-05-29T09:07:58+00:00\",\"author\":{\"@id\":\"https:\\\/\\\/www.encontrabelohorizonte.com.br\\\/guia\\\/#\\\/schema\\\/person\\\/6b792069f07fee9a700a7caa85fb85a9\"},\"inLanguage\":\"pt-BR\",\"potentialAction\":[{\"@type\":\"ReadAction\",\"target\":[\"https:\\\/\\\/www.encontrabelohorizonte.com.br\\\/guia\\\/prefeitura-de-bh-diz-que-ano-letivo-em-escolas-municipais-pode-avancar-ate-2027-devido-a-greve-e-parte-dos-alunos-nao-repora-aulas\\\/\"]}]},{\"@type\":\"ImageObject\",\"inLanguage\":\"pt-BR\",\"@id\":\"https:\\\/\\\/www.encontrabelohorizonte.com.br\\\/guia\\\/prefeitura-de-bh-diz-que-ano-letivo-em-escolas-municipais-pode-avancar-ate-2027-devido-a-greve-e-parte-dos-alunos-nao-repora-aulas\\\/#primaryimage\",\"url\":\"https:\\\/\\\/www.encontrabelohorizonte.com.br\\\/guia\\\/wp-content\\\/uploads\\\/2026\\\/05\\\/prefeitura-de-bh-diz-que-ano-letivo-em-escolas-municipais-pode-avancar-ate-2027-devido-a-greve-e-par.webp\",\"contentUrl\":\"https:\\\/\\\/www.encontrabelohorizonte.com.br\\\/guia\\\/wp-content\\\/uploads\\\/2026\\\/05\\\/prefeitura-de-bh-diz-que-ano-letivo-em-escolas-municipais-pode-avancar-ate-2027-devido-a-greve-e-par.webp\",\"width\":280,\"height\":280},{\"@type\":\"WebSite\",\"@id\":\"https:\\\/\\\/www.encontrabelohorizonte.com.br\\\/guia\\\/#website\",\"url\":\"https:\\\/\\\/www.encontrabelohorizonte.com.br\\\/guia\\\/\",\"name\":\"Guia Comercial de Belo Horizonte MG\",\"description\":\"ENCONTRA BELO HORIZONTE - O guia comercial de neg\u00f3cios e empresas, cultura e divers\u00e3o na cidade de Belo Horizonte. Feito 100% para voc\u00ea morador!\",\"potentialAction\":[{\"@type\":\"SearchAction\",\"target\":{\"@type\":\"EntryPoint\",\"urlTemplate\":\"https:\\\/\\\/www.encontrabelohorizonte.com.br\\\/guia\\\/?s={search_term_string}\"},\"query-input\":{\"@type\":\"PropertyValueSpecification\",\"valueRequired\":true,\"valueName\":\"search_term_string\"}}],\"inLanguage\":\"pt-BR\"},{\"@type\":\"Person\",\"@id\":\"https:\\\/\\\/www.encontrabelohorizonte.com.br\\\/guia\\\/#\\\/schema\\\/person\\\/6b792069f07fee9a700a7caa85fb85a9\",\"name\":\"Encontra Belo Horizonte\",\"image\":{\"@type\":\"ImageObject\",\"inLanguage\":\"pt-BR\",\"@id\":\"https:\\\/\\\/secure.gravatar.com\\\/avatar\\\/c50c17820bcf322f0a8fd6b110b8c0918141409dc69076470f6fca5fee70a5d4?s=96&d=mm&r=g\",\"url\":\"https:\\\/\\\/secure.gravatar.com\\\/avatar\\\/c50c17820bcf322f0a8fd6b110b8c0918141409dc69076470f6fca5fee70a5d4?s=96&d=mm&r=g\",\"contentUrl\":\"https:\\\/\\\/secure.gravatar.com\\\/avatar\\\/c50c17820bcf322f0a8fd6b110b8c0918141409dc69076470f6fca5fee70a5d4?s=96&d=mm&r=g\",\"caption\":\"Encontra Belo Horizonte\"},\"url\":\"https:\\\/\\\/www.encontrabelohorizonte.com.br\\\/guia\\\/author\\\/encontrabelohorizonte\\\/\"}]}<\/script>\n<!-- \/ Yoast SEO plugin. -->","yoast_head_json":{"title":"Prefeitura de BH diz que ano letivo em escolas municipais pode avan\u00e7ar at\u00e9 2027 devido \u00e0 greve e parte dos alunos n\u00e3o repor\u00e1 aulas | Guia Comercial de Belo Horizonte MG","robots":{"index":"index","follow":"follow","max-snippet":"max-snippet:-1","max-image-preview":"max-image-preview:large","max-video-preview":"max-video-preview:-1"},"canonical":"https:\/\/www.encontrabelohorizonte.com.br\/guia\/prefeitura-de-bh-diz-que-ano-letivo-em-escolas-municipais-pode-avancar-ate-2027-devido-a-greve-e-parte-dos-alunos-nao-repora-aulas\/","og_locale":"pt_BR","og_type":"article","og_title":"Prefeitura de BH diz que ano letivo em escolas municipais pode avan\u00e7ar at\u00e9 2027 devido \u00e0 greve e parte dos alunos n\u00e3o repor\u00e1 aulas | Guia Comercial de Belo Horizonte MG","og_description":"Ano letivo em BH pode se estender at\u00e9 2027 devido \u00e0 greve.","og_url":"https:\/\/www.encontrabelohorizonte.com.br\/guia\/prefeitura-de-bh-diz-que-ano-letivo-em-escolas-municipais-pode-avancar-ate-2027-devido-a-greve-e-parte-dos-alunos-nao-repora-aulas\/","og_site_name":"Guia Comercial de Belo Horizonte MG","article_published_time":"2026-05-29T09:07:58+00:00","og_image":[{"width":280,"height":280,"url":"https:\/\/www.encontrabelohorizonte.com.br\/guia\/wp-content\/uploads\/2026\/05\/prefeitura-de-bh-diz-que-ano-letivo-em-escolas-municipais-pode-avancar-ate-2027-devido-a-greve-e-par.webp","type":"image\/webp"}],"author":"Encontra Belo Horizonte","twitter_card":"summary_large_image","twitter_misc":{"Escrito por":"Encontra Belo Horizonte","Est. tempo de leitura":"4 minutos"},"schema":{"@context":"https:\/\/schema.org","@graph":[{"@type":"Article","@id":"https:\/\/www.encontrabelohorizonte.com.br\/guia\/prefeitura-de-bh-diz-que-ano-letivo-em-escolas-municipais-pode-avancar-ate-2027-devido-a-greve-e-parte-dos-alunos-nao-repora-aulas\/#article","isPartOf":{"@id":"https:\/\/www.encontrabelohorizonte.com.br\/guia\/prefeitura-de-bh-diz-que-ano-letivo-em-escolas-municipais-pode-avancar-ate-2027-devido-a-greve-e-parte-dos-alunos-nao-repora-aulas\/"},"author":{"name":"Encontra Belo Horizonte","@id":"https:\/\/www.encontrabelohorizonte.com.br\/guia\/#\/schema\/person\/6b792069f07fee9a700a7caa85fb85a9"},"headline":"Prefeitura de BH diz que ano letivo em escolas municipais pode avan\u00e7ar at\u00e9 2027 devido \u00e0 greve e parte dos alunos n\u00e3o repor\u00e1 aulas","datePublished":"2026-05-29T09:07:58+00:00","mainEntityOfPage":{"@id":"https:\/\/www.encontrabelohorizonte.com.br\/guia\/prefeitura-de-bh-diz-que-ano-letivo-em-escolas-municipais-pode-avancar-ate-2027-devido-a-greve-e-parte-dos-alunos-nao-repora-aulas\/"},"wordCount":865,"commentCount":0,"image":{"@id":"https:\/\/www.encontrabelohorizonte.com.br\/guia\/prefeitura-de-bh-diz-que-ano-letivo-em-escolas-municipais-pode-avancar-ate-2027-devido-a-greve-e-parte-dos-alunos-nao-repora-aulas\/#primaryimage"},"thumbnailUrl":"https:\/\/www.encontrabelohorizonte.com.br\/guia\/wp-content\/uploads\/2026\/05\/prefeitura-de-bh-diz-que-ano-letivo-em-escolas-municipais-pode-avancar-ate-2027-devido-a-greve-e-par.webp","articleSection":["Not\u00edcias Belo Horizonte"],"inLanguage":"pt-BR","potentialAction":[{"@type":"CommentAction","name":"Comment","target":["https:\/\/www.encontrabelohorizonte.com.br\/guia\/prefeitura-de-bh-diz-que-ano-letivo-em-escolas-municipais-pode-avancar-ate-2027-devido-a-greve-e-parte-dos-alunos-nao-repora-aulas\/#respond"]}]},{"@type":"WebPage","@id":"https:\/\/www.encontrabelohorizonte.com.br\/guia\/prefeitura-de-bh-diz-que-ano-letivo-em-escolas-municipais-pode-avancar-ate-2027-devido-a-greve-e-parte-dos-alunos-nao-repora-aulas\/","url":"https:\/\/www.encontrabelohorizonte.com.br\/guia\/prefeitura-de-bh-diz-que-ano-letivo-em-escolas-municipais-pode-avancar-ate-2027-devido-a-greve-e-parte-dos-alunos-nao-repora-aulas\/","name":"Prefeitura de BH diz que ano letivo em escolas municipais pode avan\u00e7ar at\u00e9 2027 devido \u00e0 greve e parte dos alunos n\u00e3o repor\u00e1 aulas | Guia Comercial de Belo Horizonte MG","isPartOf":{"@id":"https:\/\/www.encontrabelohorizonte.com.br\/guia\/#website"},"primaryImageOfPage":{"@id":"https:\/\/www.encontrabelohorizonte.com.br\/guia\/prefeitura-de-bh-diz-que-ano-letivo-em-escolas-municipais-pode-avancar-ate-2027-devido-a-greve-e-parte-dos-alunos-nao-repora-aulas\/#primaryimage"},"image":{"@id":"https:\/\/www.encontrabelohorizonte.com.br\/guia\/prefeitura-de-bh-diz-que-ano-letivo-em-escolas-municipais-pode-avancar-ate-2027-devido-a-greve-e-parte-dos-alunos-nao-repora-aulas\/#primaryimage"},"thumbnailUrl":"https:\/\/www.encontrabelohorizonte.com.br\/guia\/wp-content\/uploads\/2026\/05\/prefeitura-de-bh-diz-que-ano-letivo-em-escolas-municipais-pode-avancar-ate-2027-devido-a-greve-e-par.webp","datePublished":"2026-05-29T09:07:58+00:00","author":{"@id":"https:\/\/www.encontrabelohorizonte.com.br\/guia\/#\/schema\/person\/6b792069f07fee9a700a7caa85fb85a9"},"inLanguage":"pt-BR","potentialAction":[{"@type":"ReadAction","target":["https:\/\/www.encontrabelohorizonte.com.br\/guia\/prefeitura-de-bh-diz-que-ano-letivo-em-escolas-municipais-pode-avancar-ate-2027-devido-a-greve-e-parte-dos-alunos-nao-repora-aulas\/"]}]},{"@type":"ImageObject","inLanguage":"pt-BR","@id":"https:\/\/www.encontrabelohorizonte.com.br\/guia\/prefeitura-de-bh-diz-que-ano-letivo-em-escolas-municipais-pode-avancar-ate-2027-devido-a-greve-e-parte-dos-alunos-nao-repora-aulas\/#primaryimage","url":"https:\/\/www.encontrabelohorizonte.com.br\/guia\/wp-content\/uploads\/2026\/05\/prefeitura-de-bh-diz-que-ano-letivo-em-escolas-municipais-pode-avancar-ate-2027-devido-a-greve-e-par.webp","contentUrl":"https:\/\/www.encontrabelohorizonte.com.br\/guia\/wp-content\/uploads\/2026\/05\/prefeitura-de-bh-diz-que-ano-letivo-em-escolas-municipais-pode-avancar-ate-2027-devido-a-greve-e-par.webp","width":280,"height":280},{"@type":"WebSite","@id":"https:\/\/www.encontrabelohorizonte.com.br\/guia\/#website","url":"https:\/\/www.encontrabelohorizonte.com.br\/guia\/","name":"Guia Comercial de Belo Horizonte MG","description":"ENCONTRA BELO HORIZONTE - O guia comercial de neg\u00f3cios e empresas, cultura e divers\u00e3o na cidade de Belo Horizonte. Feito 100% para voc\u00ea morador!","potentialAction":[{"@type":"SearchAction","target":{"@type":"EntryPoint","urlTemplate":"https:\/\/www.encontrabelohorizonte.com.br\/guia\/?s={search_term_string}"},"query-input":{"@type":"PropertyValueSpecification","valueRequired":true,"valueName":"search_term_string"}}],"inLanguage":"pt-BR"},{"@type":"Person","@id":"https:\/\/www.encontrabelohorizonte.com.br\/guia\/#\/schema\/person\/6b792069f07fee9a700a7caa85fb85a9","name":"Encontra Belo Horizonte","image":{"@type":"ImageObject","inLanguage":"pt-BR","@id":"https:\/\/secure.gravatar.com\/avatar\/c50c17820bcf322f0a8fd6b110b8c0918141409dc69076470f6fca5fee70a5d4?s=96&d=mm&r=g","url":"https:\/\/secure.gravatar.com\/avatar\/c50c17820bcf322f0a8fd6b110b8c0918141409dc69076470f6fca5fee70a5d4?s=96&d=mm&r=g","contentUrl":"https:\/\/secure.gravatar.com\/avatar\/c50c17820bcf322f0a8fd6b110b8c0918141409dc69076470f6fca5fee70a5d4?s=96&d=mm&r=g","caption":"Encontra Belo Horizonte"},"url":"https:\/\/www.encontrabelohorizonte.com.br\/guia\/author\/encontrabelohorizonte\/"}]}},"_links":{"self":[{"href":"https:\/\/www.encontrabelohorizonte.com.br\/guia\/wp-json\/wp\/v2\/posts\/14724","targetHints":{"allow":["GET"]}}],"collection":[{"href":"https:\/\/www.encontrabelohorizonte.com.br\/guia\/wp-json\/wp\/v2\/posts"}],"about":[{"href":"https:\/\/www.encontrabelohorizonte.com.br\/guia\/wp-json\/wp\/v2\/types\/post"}],"author":[{"embeddable":true,"href":"https:\/\/www.encontrabelohorizonte.com.br\/guia\/wp-json\/wp\/v2\/users\/1"}],"replies":[{"embeddable":true,"href":"https:\/\/www.encontrabelohorizonte.com.br\/guia\/wp-json\/wp\/v2\/comments?post=14724"}],"version-history":[{"count":0,"href":"https:\/\/www.encontrabelohorizonte.com.br\/guia\/wp-json\/wp\/v2\/posts\/14724\/revisions"}],"wp:featuredmedia":[{"embeddable":true,"href":"https:\/\/www.encontrabelohorizonte.com.br\/guia\/wp-json\/wp\/v2\/media\/14723"}],"wp:attachment":[{"href":"https:\/\/www.encontrabelohorizonte.com.br\/guia\/wp-json\/wp\/v2\/media?parent=14724"}],"wp:term":[{"taxonomy":"category","embeddable":true,"href":"https:\/\/www.encontrabelohorizonte.com.br\/guia\/wp-json\/wp\/v2\/categories?post=14724"},{"taxonomy":"post_tag","embeddable":true,"href":"https:\/\/www.encontrabelohorizonte.com.br\/guia\/wp-json\/wp\/v2\/tags?post=14724"}],"curies":[{"name":"wp","href":"https:\/\/api.w.org\/{rel}","templated":true}]}}