{"id":14780,"date":"2026-06-11T06:07:33","date_gmt":"2026-06-11T09:07:33","guid":{"rendered":"https:\/\/www.encontrabelohorizonte.com.br\/guia\/templo-de-belo-horizonte-abre-para-visitacao-publica-no-sabado-13-de-junho\/"},"modified":"2026-06-11T06:07:33","modified_gmt":"2026-06-11T09:07:33","slug":"templo-de-belo-horizonte-abre-para-visitacao-publica-no-sabado-13-de-junho","status":"publish","type":"post","link":"https:\/\/www.encontrabelohorizonte.com.br\/guia\/templo-de-belo-horizonte-abre-para-visitacao-publica-no-sabado-13-de-junho\/","title":{"rendered":"Templo de Belo Horizonte Abre para Visita\u00e7\u00e3o P\u00fablica no S\u00e1bado, 13 de Junho"},"content":{"rendered":"<h2>O que esperar na visita\u00e7\u00e3o p\u00fablica do templo<\/h2>\n<p>A visitacao p\u00fablica do Templo de Belo Horizonte, vinculado \u00e0 <strong>A Igreja de Jesus Cristo dos Santos dos \u00daltimos Dias<\/strong>, ocorrer\u00e1 de 13 a 27 de junho de 2026. Durante esse per\u00edodo, os visitantes poder\u00e3o explorar o interior deste novo espa\u00e7o sagrado, que estar\u00e1 acess\u00edvel ao p\u00fablico antes de sua cerim\u00f4nia de dedica\u00e7\u00e3o marcada para 16 de agosto de 2026. Os visitantes ter\u00e3o a chance de ver as instala\u00e7\u00f5es e aprender sobre a import\u00e2ncia do templo para a comunidade e para os membros da Igreja.<\/p>\n<p>O evento n\u00e3o exige agendamento pr\u00e9vio, e a entrada \u00e9 gratuita, tornando-o acess\u00edvel a todos. Os guias estar\u00e3o dispon\u00edveis para fornecer explica\u00e7\u00f5es detalhadas sobre as \u00e1reas do templo, as cerim\u00f4nias realizadas ali e o significado de cada ambiente.<\/p>\n<h2>Como chegar ao Templo de Belo Horizonte<\/h2>\n<p>Localizado na Rua Professor Jos\u00e9 Vieira de Mendon\u00e7a, 1485, no bairro Engenho Nogueira, o templo \u00e9 facilmente acess\u00edvel por meios de transporte p\u00fablico e privado. Os visitantes poder\u00e3o optar por diferentes rotas para alcan\u00e7ar o local. O uso de aplicativos de navega\u00e7\u00e3o pode facilitar a orienta\u00e7\u00e3o para novos visitantes da cidade. As op\u00e7\u00f5es de transporte p\u00fablico incluem \u00f4nibus e t\u00e1xis locais que servem a regi\u00e3o, al\u00e9m de estacionamentos dispon\u00edveis nas proximidades para quem preferir ir de carro.<\/p>\n<p><img decoding=\"async\" src=\"https:\/\/www.encontrabelohorizonte.com.br\/guia\/wp-content\/uploads\/2026\/06\/templo-de-belo-horizonte-abre-para-visitacao-publica-no-sabado-13-de-junho.webp\" alt=\"Templo de Belo Horizonte Abre para Visita\u00e7\u00e3o P\u00fablica\" loading=\"lazy\" \/><\/p>\n<h2>Hor\u00e1rios da visita\u00e7\u00e3o durante o evento<\/h2>\n<p>A visita\u00e7\u00e3o ser\u00e1 realizada com os seguintes hor\u00e1rios:<\/p>\n<ul>\n<li>De segunda a quarta-feira: das 13h \u00e0s 21h<\/li>\n<li>De quinta a s\u00e1bado: das 9h \u00e0s 21h<\/li>\n<li>Fechado aos domingos<\/li>\n<\/ul>\n<p>Os hor\u00e1rios foram organizados para atender a diferentes p\u00fablicos, permitindo que todos tenham a oportunidade de conhecer o templo em um hor\u00e1rio que se adapte \u00e0 sua disponibilidade.<\/p>\n<h2>Facilidades dispon\u00edveis para os visitantes<\/h2>\n<p>O templo de Belo Horizonte contar\u00e1 com diversas facilidades para garantir um passeio confort\u00e1vel e informativo. Entre as comodidades dispon\u00edveis, incluem-se:<\/p>\n<ul>\n<li>Banheiros acess\u00edveis<\/li>\n<li>Espa\u00e7os para descansar<\/li>\n<li>\u00c1reas para fam\u00edlias<\/li>\n<li>Guias informativos em diferentes idiomas<\/li>\n<\/ul>\n<p>Al\u00e9m disso, haver\u00e1 material informativo dispon\u00edvel sobre o templo e a Igreja, proporcionando um aprendizado ainda maior sobre o que o templo representa e o que acontece em suas depend\u00eancias.<\/p>\n<h2>Import\u00e2ncia do templo para a comunidade local<\/h2>\n<p>O Templo de Belo Horizonte \u00e9 um marco significativo para os membros da Igreja local e para a comunidade em geral. Os templos s\u00e3o vistos como a <strong>Casa do Senhor<\/strong>, onde s\u00e3o realizadas cerim\u00f4nias sagradas e conv\u00eanios que elevam a espiritualidade e o fortalecimento das fam\u00edlias. Para os membros da Igreja, visit\u00e1-lo representa uma oportunidade de aprofundar sua f\u00e9 e compromisso com os ensinamentos de Jesus Cristo.<\/p>\n<p>Al\u00e9m disso, o templo serve como um s\u00edmbolo de paz e esperan\u00e7a na regi\u00e3o, contribuindo para um senso de unidade e prop\u00f3sito entre a popula\u00e7\u00e3o local, promovendo valores de amor e respeito ao pr\u00f3ximo.<\/p>\n<h2>Cerim\u00f4nias realizadas no templo<\/h2>\n<p>No Templo de Belo Horizonte, algumas das cerim\u00f4nias mais significativas incluem:<\/p>\n<ul>\n<li>Selamentos matrimoniais, onde casais podem selar seus votos eternamente<\/li>\n<li>Batismos para os mortos, que s\u00e3o vistos como uma maneira de oferecer acesso aos ensinamentos de Cristo \u00e0s almas que n\u00e3o tiveram a oportunidade de receb\u00ea-los em vida<\/li>\n<li>Rituais de b\u00ean\u00e7\u00e3o e ordena\u00e7\u00e3o, que fortalecem a f\u00e9 e a comunh\u00e3o dos membros<\/li>\n<\/ul>\n<p>Essas cerim\u00f4nias s\u00e3o sagradas e, por isso, s\u00e3o conduzidas em um ambiente reverente, permitindo que os participantes sintam a presen\u00e7a espiritual e a import\u00e2ncia desses rituais em suas vidas.<\/p>\n<h2>Hist\u00f3ria e arquitetura do Templo de Belo Horizonte<\/h2>\n<p>O Templo de Belo Horizonte \u00e9 uma obra que reflete a cultura e a arquitetura de Minas Gerais, incorporando elementos tradicionais e modernos. Com sua fachada adornada por <strong>vitrais<\/strong> em tons de branco, amarelo e azul, inspirados nos famosos azulejos portugueses, o templo \u00e9 uma expressiva representa\u00e7\u00e3o da hist\u00f3ria local. A escolha do granito Branco Cear\u00e1 tamb\u00e9m ressalta o compromisso com a est\u00e9tica e a autenticidade da constru\u00e7\u00e3o.<\/p>\n<p>A torre central em formato de pir\u00e2mide, com 19 metros de altura, complementa a silhouette da cidade, enquanto o interior do templo \u00e9 enriquecido por detalhes art\u00edsticos que evocam as tradi\u00e7\u00f5es regionais. A marcenaria em madeira tauari e os acabamentos em folha de ouro conferem ao espa\u00e7o uma atmosfera de rever\u00eancia e beleza.<\/p>\n<h2>Atividades especiais durante a visita\u00e7\u00e3o<\/h2>\n<p>A visita\u00e7\u00e3o p\u00fablica incluir\u00e1 atividades especiais, como:<\/p>\n<ul>\n<li>Guias que abordar\u00e3o a hist\u00f3ria da Igreja e do templo<\/li>\n<li>Workshops sobre temas espirituais e comunit\u00e1rios<\/li>\n<li>Apresenta\u00e7\u00f5es culturais que destacam a m\u00fasica e arte locais<\/li>\n<\/ul>\n<p>Essas atividades visam enriquecer a experi\u00eancia dos visitantes, proporcionando um entendimento mais profundo sobre a import\u00e2ncia da Igreja na vida das pessoas e na sociedade como um todo.<\/p>\n<h2>O que levar para a visita<\/h2>\n<p>Para aproveitar ao m\u00e1ximo a visita ao templo, considere trazer:<\/p>\n<ul>\n<li>Cal\u00e7ados confort\u00e1veis para caminhar<\/li>\n<li>Cadernos e canetas para anota\u00e7\u00f5es sobre as apresenta\u00e7\u00f5es e guias<\/li>\n<li>Um dispositivo fotogr\u00e1fico para capturar momentos especiais (lembrando que a fotografia \u00e9 restrita em certas \u00e1reas)<\/li>\n<li>\u00c1gua e lanches leves, caso deseje pausas durante a visita<\/li>\n<\/ul>\n<p>Estar preparado garantir\u00e1 uma experi\u00eancia mais agrad\u00e1vel e enriquecedora.<\/p>\n<h2>Experi\u00eancia do visitante no templo<\/h2>\n<p>A experi\u00eancia de visitar o Templo de Belo Horizonte \u00e9 projetada para ser envolvente e significativa. Com a ajuda de guias treinados, os visitantes poder\u00e3o explorar as \u00e1reas principais do templo, como:<\/p>\n<ul>\n<li>Salas de instru\u00e7\u00e3o que oferecem ensinamentos sobre a f\u00e9<\/li>\n<li>A sala celestial, um espa\u00e7o de reflex\u00e3o e ora\u00e7\u00e3o<\/li>\n<li>Sala das noivas, dedicada a casamentos e cerim\u00f4nias de selamento<\/li>\n<li>Batist\u00e9rio, onde ocorrem os batismos pela remiss\u00e3o dos pecados<\/li>\n<\/ul>\n<p>Em cada espa\u00e7o, os visitantes sentir\u00e3o a paz e a espiritualidade presentes, permitindo um verdadeiro mergulho na experi\u00eancia do templo, conforme projetado por sua arquitetura e espiritualidade.<\/p>\n","protected":false},"excerpt":{"rendered":"<p>Templo de Belo Horizonte recebe visita\u00e7\u00e3o p\u00fablica gratuita em Junho.<\/p>\n","protected":false},"author":1,"featured_media":14779,"comment_status":"open","ping_status":"open","sticky":false,"template":"","format":"standard","meta":{"footnotes":""},"categories":[5],"tags":[],"class_list":["post-14780","post","type-post","status-publish","format-standard","has-post-thumbnail","hentry","category-noticias","has_thumb"],"yoast_head":"<!-- This site is optimized with the Yoast SEO plugin v28.2 - https:\/\/yoast.com\/product\/yoast-seo-wordpress\/ -->\n<title>Templo de Belo Horizonte Abre para Visita\u00e7\u00e3o P\u00fablica no S\u00e1bado, 13 de Junho | Guia Comercial de Belo Horizonte MG<\/title>\n<meta name=\"robots\" content=\"index, follow, max-snippet:-1, max-image-preview:large, max-video-preview:-1\" \/>\n<link rel=\"canonical\" href=\"https:\/\/www.encontrabelohorizonte.com.br\/guia\/templo-de-belo-horizonte-abre-para-visitacao-publica-no-sabado-13-de-junho\/\" \/>\n<meta property=\"og:locale\" content=\"pt_BR\" \/>\n<meta property=\"og:type\" content=\"article\" \/>\n<meta property=\"og:title\" content=\"Templo de Belo Horizonte Abre para Visita\u00e7\u00e3o P\u00fablica no S\u00e1bado, 13 de Junho | Guia Comercial de Belo Horizonte MG\" \/>\n<meta property=\"og:description\" content=\"Templo de Belo Horizonte recebe visita\u00e7\u00e3o p\u00fablica gratuita em Junho.\" \/>\n<meta property=\"og:url\" content=\"https:\/\/www.encontrabelohorizonte.com.br\/guia\/templo-de-belo-horizonte-abre-para-visitacao-publica-no-sabado-13-de-junho\/\" \/>\n<meta property=\"og:site_name\" content=\"Guia Comercial de Belo Horizonte MG\" \/>\n<meta property=\"article:published_time\" content=\"2026-06-11T09:07:33+00:00\" \/>\n<meta property=\"og:image\" content=\"https:\/\/www.encontrabelohorizonte.com.br\/guia\/wp-content\/uploads\/2026\/06\/templo-de-belo-horizonte-abre-para-visitacao-publica-no-sabado-13-de-junho.webp\" \/>\n\t<meta property=\"og:image:width\" content=\"280\" \/>\n\t<meta property=\"og:image:height\" content=\"280\" \/>\n\t<meta property=\"og:image:type\" content=\"image\/webp\" \/>\n<meta name=\"author\" content=\"Encontra Belo Horizonte\" \/>\n<meta name=\"twitter:card\" content=\"summary_large_image\" \/>\n<meta name=\"twitter:label1\" content=\"Escrito por\" \/>\n\t<meta name=\"twitter:data1\" content=\"Encontra Belo Horizonte\" \/>\n\t<meta name=\"twitter:label2\" content=\"Est. tempo de leitura\" \/>\n\t<meta name=\"twitter:data2\" content=\"5 minutos\" \/>\n<script type=\"application\/ld+json\" class=\"yoast-schema-graph\">{\"@context\":\"https:\\\/\\\/schema.org\",\"@graph\":[{\"@type\":\"Article\",\"@id\":\"https:\\\/\\\/www.encontrabelohorizonte.com.br\\\/guia\\\/templo-de-belo-horizonte-abre-para-visitacao-publica-no-sabado-13-de-junho\\\/#article\",\"isPartOf\":{\"@id\":\"https:\\\/\\\/www.encontrabelohorizonte.com.br\\\/guia\\\/templo-de-belo-horizonte-abre-para-visitacao-publica-no-sabado-13-de-junho\\\/\"},\"author\":{\"name\":\"Encontra Belo Horizonte\",\"@id\":\"https:\\\/\\\/www.encontrabelohorizonte.com.br\\\/guia\\\/#\\\/schema\\\/person\\\/6b792069f07fee9a700a7caa85fb85a9\"},\"headline\":\"Templo de Belo Horizonte Abre para Visita\u00e7\u00e3o P\u00fablica no S\u00e1bado, 13 de Junho\",\"datePublished\":\"2026-06-11T09:07:33+00:00\",\"mainEntityOfPage\":{\"@id\":\"https:\\\/\\\/www.encontrabelohorizonte.com.br\\\/guia\\\/templo-de-belo-horizonte-abre-para-visitacao-publica-no-sabado-13-de-junho\\\/\"},\"wordCount\":1026,\"commentCount\":0,\"image\":{\"@id\":\"https:\\\/\\\/www.encontrabelohorizonte.com.br\\\/guia\\\/templo-de-belo-horizonte-abre-para-visitacao-publica-no-sabado-13-de-junho\\\/#primaryimage\"},\"thumbnailUrl\":\"https:\\\/\\\/www.encontrabelohorizonte.com.br\\\/guia\\\/wp-content\\\/uploads\\\/2026\\\/06\\\/templo-de-belo-horizonte-abre-para-visitacao-publica-no-sabado-13-de-junho.webp\",\"articleSection\":[\"Not\u00edcias Belo Horizonte\"],\"inLanguage\":\"pt-BR\",\"potentialAction\":[{\"@type\":\"CommentAction\",\"name\":\"Comment\",\"target\":[\"https:\\\/\\\/www.encontrabelohorizonte.com.br\\\/guia\\\/templo-de-belo-horizonte-abre-para-visitacao-publica-no-sabado-13-de-junho\\\/#respond\"]}]},{\"@type\":\"WebPage\",\"@id\":\"https:\\\/\\\/www.encontrabelohorizonte.com.br\\\/guia\\\/templo-de-belo-horizonte-abre-para-visitacao-publica-no-sabado-13-de-junho\\\/\",\"url\":\"https:\\\/\\\/www.encontrabelohorizonte.com.br\\\/guia\\\/templo-de-belo-horizonte-abre-para-visitacao-publica-no-sabado-13-de-junho\\\/\",\"name\":\"Templo de Belo Horizonte Abre para Visita\u00e7\u00e3o P\u00fablica no S\u00e1bado, 13 de Junho | Guia Comercial de Belo Horizonte MG\",\"isPartOf\":{\"@id\":\"https:\\\/\\\/www.encontrabelohorizonte.com.br\\\/guia\\\/#website\"},\"primaryImageOfPage\":{\"@id\":\"https:\\\/\\\/www.encontrabelohorizonte.com.br\\\/guia\\\/templo-de-belo-horizonte-abre-para-visitacao-publica-no-sabado-13-de-junho\\\/#primaryimage\"},\"image\":{\"@id\":\"https:\\\/\\\/www.encontrabelohorizonte.com.br\\\/guia\\\/templo-de-belo-horizonte-abre-para-visitacao-publica-no-sabado-13-de-junho\\\/#primaryimage\"},\"thumbnailUrl\":\"https:\\\/\\\/www.encontrabelohorizonte.com.br\\\/guia\\\/wp-content\\\/uploads\\\/2026\\\/06\\\/templo-de-belo-horizonte-abre-para-visitacao-publica-no-sabado-13-de-junho.webp\",\"datePublished\":\"2026-06-11T09:07:33+00:00\",\"author\":{\"@id\":\"https:\\\/\\\/www.encontrabelohorizonte.com.br\\\/guia\\\/#\\\/schema\\\/person\\\/6b792069f07fee9a700a7caa85fb85a9\"},\"inLanguage\":\"pt-BR\",\"potentialAction\":[{\"@type\":\"ReadAction\",\"target\":[\"https:\\\/\\\/www.encontrabelohorizonte.com.br\\\/guia\\\/templo-de-belo-horizonte-abre-para-visitacao-publica-no-sabado-13-de-junho\\\/\"]}]},{\"@type\":\"ImageObject\",\"inLanguage\":\"pt-BR\",\"@id\":\"https:\\\/\\\/www.encontrabelohorizonte.com.br\\\/guia\\\/templo-de-belo-horizonte-abre-para-visitacao-publica-no-sabado-13-de-junho\\\/#primaryimage\",\"url\":\"https:\\\/\\\/www.encontrabelohorizonte.com.br\\\/guia\\\/wp-content\\\/uploads\\\/2026\\\/06\\\/templo-de-belo-horizonte-abre-para-visitacao-publica-no-sabado-13-de-junho.webp\",\"contentUrl\":\"https:\\\/\\\/www.encontrabelohorizonte.com.br\\\/guia\\\/wp-content\\\/uploads\\\/2026\\\/06\\\/templo-de-belo-horizonte-abre-para-visitacao-publica-no-sabado-13-de-junho.webp\",\"width\":280,\"height\":280,\"caption\":\"Templo de Belo Horizonte Abre para Visita\u00e7\u00e3o P\u00fablica\"},{\"@type\":\"WebSite\",\"@id\":\"https:\\\/\\\/www.encontrabelohorizonte.com.br\\\/guia\\\/#website\",\"url\":\"https:\\\/\\\/www.encontrabelohorizonte.com.br\\\/guia\\\/\",\"name\":\"Guia Comercial de Belo Horizonte MG\",\"description\":\"ENCONTRA BELO HORIZONTE - O guia comercial de neg\u00f3cios e empresas, cultura e divers\u00e3o na cidade de Belo Horizonte. Feito 100% para voc\u00ea morador!\",\"potentialAction\":[{\"@type\":\"SearchAction\",\"target\":{\"@type\":\"EntryPoint\",\"urlTemplate\":\"https:\\\/\\\/www.encontrabelohorizonte.com.br\\\/guia\\\/?s={search_term_string}\"},\"query-input\":{\"@type\":\"PropertyValueSpecification\",\"valueRequired\":true,\"valueName\":\"search_term_string\"}}],\"inLanguage\":\"pt-BR\"},{\"@type\":\"Person\",\"@id\":\"https:\\\/\\\/www.encontrabelohorizonte.com.br\\\/guia\\\/#\\\/schema\\\/person\\\/6b792069f07fee9a700a7caa85fb85a9\",\"name\":\"Encontra Belo Horizonte\",\"image\":{\"@type\":\"ImageObject\",\"inLanguage\":\"pt-BR\",\"@id\":\"https:\\\/\\\/secure.gravatar.com\\\/avatar\\\/c50c17820bcf322f0a8fd6b110b8c0918141409dc69076470f6fca5fee70a5d4?s=96&d=mm&r=g\",\"url\":\"https:\\\/\\\/secure.gravatar.com\\\/avatar\\\/c50c17820bcf322f0a8fd6b110b8c0918141409dc69076470f6fca5fee70a5d4?s=96&d=mm&r=g\",\"contentUrl\":\"https:\\\/\\\/secure.gravatar.com\\\/avatar\\\/c50c17820bcf322f0a8fd6b110b8c0918141409dc69076470f6fca5fee70a5d4?s=96&d=mm&r=g\",\"caption\":\"Encontra Belo Horizonte\"},\"url\":\"https:\\\/\\\/www.encontrabelohorizonte.com.br\\\/guia\\\/author\\\/encontrabelohorizonte\\\/\"}]}<\/script>\n<!-- \/ Yoast SEO plugin. -->","yoast_head_json":{"title":"Templo de Belo Horizonte Abre para Visita\u00e7\u00e3o P\u00fablica no S\u00e1bado, 13 de Junho | Guia Comercial de Belo Horizonte MG","robots":{"index":"index","follow":"follow","max-snippet":"max-snippet:-1","max-image-preview":"max-image-preview:large","max-video-preview":"max-video-preview:-1"},"canonical":"https:\/\/www.encontrabelohorizonte.com.br\/guia\/templo-de-belo-horizonte-abre-para-visitacao-publica-no-sabado-13-de-junho\/","og_locale":"pt_BR","og_type":"article","og_title":"Templo de Belo Horizonte Abre para Visita\u00e7\u00e3o P\u00fablica no S\u00e1bado, 13 de Junho | Guia Comercial de Belo Horizonte MG","og_description":"Templo de Belo Horizonte recebe visita\u00e7\u00e3o p\u00fablica gratuita em Junho.","og_url":"https:\/\/www.encontrabelohorizonte.com.br\/guia\/templo-de-belo-horizonte-abre-para-visitacao-publica-no-sabado-13-de-junho\/","og_site_name":"Guia Comercial de Belo Horizonte MG","article_published_time":"2026-06-11T09:07:33+00:00","og_image":[{"width":280,"height":280,"url":"https:\/\/www.encontrabelohorizonte.com.br\/guia\/wp-content\/uploads\/2026\/06\/templo-de-belo-horizonte-abre-para-visitacao-publica-no-sabado-13-de-junho.webp","type":"image\/webp"}],"author":"Encontra Belo Horizonte","twitter_card":"summary_large_image","twitter_misc":{"Escrito por":"Encontra Belo Horizonte","Est. tempo de leitura":"5 minutos"},"schema":{"@context":"https:\/\/schema.org","@graph":[{"@type":"Article","@id":"https:\/\/www.encontrabelohorizonte.com.br\/guia\/templo-de-belo-horizonte-abre-para-visitacao-publica-no-sabado-13-de-junho\/#article","isPartOf":{"@id":"https:\/\/www.encontrabelohorizonte.com.br\/guia\/templo-de-belo-horizonte-abre-para-visitacao-publica-no-sabado-13-de-junho\/"},"author":{"name":"Encontra Belo Horizonte","@id":"https:\/\/www.encontrabelohorizonte.com.br\/guia\/#\/schema\/person\/6b792069f07fee9a700a7caa85fb85a9"},"headline":"Templo de Belo Horizonte Abre para Visita\u00e7\u00e3o P\u00fablica no S\u00e1bado, 13 de Junho","datePublished":"2026-06-11T09:07:33+00:00","mainEntityOfPage":{"@id":"https:\/\/www.encontrabelohorizonte.com.br\/guia\/templo-de-belo-horizonte-abre-para-visitacao-publica-no-sabado-13-de-junho\/"},"wordCount":1026,"commentCount":0,"image":{"@id":"https:\/\/www.encontrabelohorizonte.com.br\/guia\/templo-de-belo-horizonte-abre-para-visitacao-publica-no-sabado-13-de-junho\/#primaryimage"},"thumbnailUrl":"https:\/\/www.encontrabelohorizonte.com.br\/guia\/wp-content\/uploads\/2026\/06\/templo-de-belo-horizonte-abre-para-visitacao-publica-no-sabado-13-de-junho.webp","articleSection":["Not\u00edcias Belo Horizonte"],"inLanguage":"pt-BR","potentialAction":[{"@type":"CommentAction","name":"Comment","target":["https:\/\/www.encontrabelohorizonte.com.br\/guia\/templo-de-belo-horizonte-abre-para-visitacao-publica-no-sabado-13-de-junho\/#respond"]}]},{"@type":"WebPage","@id":"https:\/\/www.encontrabelohorizonte.com.br\/guia\/templo-de-belo-horizonte-abre-para-visitacao-publica-no-sabado-13-de-junho\/","url":"https:\/\/www.encontrabelohorizonte.com.br\/guia\/templo-de-belo-horizonte-abre-para-visitacao-publica-no-sabado-13-de-junho\/","name":"Templo de Belo Horizonte Abre para Visita\u00e7\u00e3o P\u00fablica no S\u00e1bado, 13 de Junho | Guia Comercial de Belo Horizonte MG","isPartOf":{"@id":"https:\/\/www.encontrabelohorizonte.com.br\/guia\/#website"},"primaryImageOfPage":{"@id":"https:\/\/www.encontrabelohorizonte.com.br\/guia\/templo-de-belo-horizonte-abre-para-visitacao-publica-no-sabado-13-de-junho\/#primaryimage"},"image":{"@id":"https:\/\/www.encontrabelohorizonte.com.br\/guia\/templo-de-belo-horizonte-abre-para-visitacao-publica-no-sabado-13-de-junho\/#primaryimage"},"thumbnailUrl":"https:\/\/www.encontrabelohorizonte.com.br\/guia\/wp-content\/uploads\/2026\/06\/templo-de-belo-horizonte-abre-para-visitacao-publica-no-sabado-13-de-junho.webp","datePublished":"2026-06-11T09:07:33+00:00","author":{"@id":"https:\/\/www.encontrabelohorizonte.com.br\/guia\/#\/schema\/person\/6b792069f07fee9a700a7caa85fb85a9"},"inLanguage":"pt-BR","potentialAction":[{"@type":"ReadAction","target":["https:\/\/www.encontrabelohorizonte.com.br\/guia\/templo-de-belo-horizonte-abre-para-visitacao-publica-no-sabado-13-de-junho\/"]}]},{"@type":"ImageObject","inLanguage":"pt-BR","@id":"https:\/\/www.encontrabelohorizonte.com.br\/guia\/templo-de-belo-horizonte-abre-para-visitacao-publica-no-sabado-13-de-junho\/#primaryimage","url":"https:\/\/www.encontrabelohorizonte.com.br\/guia\/wp-content\/uploads\/2026\/06\/templo-de-belo-horizonte-abre-para-visitacao-publica-no-sabado-13-de-junho.webp","contentUrl":"https:\/\/www.encontrabelohorizonte.com.br\/guia\/wp-content\/uploads\/2026\/06\/templo-de-belo-horizonte-abre-para-visitacao-publica-no-sabado-13-de-junho.webp","width":280,"height":280,"caption":"Templo de Belo Horizonte Abre para Visita\u00e7\u00e3o P\u00fablica"},{"@type":"WebSite","@id":"https:\/\/www.encontrabelohorizonte.com.br\/guia\/#website","url":"https:\/\/www.encontrabelohorizonte.com.br\/guia\/","name":"Guia Comercial de Belo Horizonte MG","description":"ENCONTRA BELO HORIZONTE - O guia comercial de neg\u00f3cios e empresas, cultura e divers\u00e3o na cidade de Belo Horizonte. Feito 100% para voc\u00ea morador!","potentialAction":[{"@type":"SearchAction","target":{"@type":"EntryPoint","urlTemplate":"https:\/\/www.encontrabelohorizonte.com.br\/guia\/?s={search_term_string}"},"query-input":{"@type":"PropertyValueSpecification","valueRequired":true,"valueName":"search_term_string"}}],"inLanguage":"pt-BR"},{"@type":"Person","@id":"https:\/\/www.encontrabelohorizonte.com.br\/guia\/#\/schema\/person\/6b792069f07fee9a700a7caa85fb85a9","name":"Encontra Belo Horizonte","image":{"@type":"ImageObject","inLanguage":"pt-BR","@id":"https:\/\/secure.gravatar.com\/avatar\/c50c17820bcf322f0a8fd6b110b8c0918141409dc69076470f6fca5fee70a5d4?s=96&d=mm&r=g","url":"https:\/\/secure.gravatar.com\/avatar\/c50c17820bcf322f0a8fd6b110b8c0918141409dc69076470f6fca5fee70a5d4?s=96&d=mm&r=g","contentUrl":"https:\/\/secure.gravatar.com\/avatar\/c50c17820bcf322f0a8fd6b110b8c0918141409dc69076470f6fca5fee70a5d4?s=96&d=mm&r=g","caption":"Encontra Belo Horizonte"},"url":"https:\/\/www.encontrabelohorizonte.com.br\/guia\/author\/encontrabelohorizonte\/"}]}},"_links":{"self":[{"href":"https:\/\/www.encontrabelohorizonte.com.br\/guia\/wp-json\/wp\/v2\/posts\/14780","targetHints":{"allow":["GET"]}}],"collection":[{"href":"https:\/\/www.encontrabelohorizonte.com.br\/guia\/wp-json\/wp\/v2\/posts"}],"about":[{"href":"https:\/\/www.encontrabelohorizonte.com.br\/guia\/wp-json\/wp\/v2\/types\/post"}],"author":[{"embeddable":true,"href":"https:\/\/www.encontrabelohorizonte.com.br\/guia\/wp-json\/wp\/v2\/users\/1"}],"replies":[{"embeddable":true,"href":"https:\/\/www.encontrabelohorizonte.com.br\/guia\/wp-json\/wp\/v2\/comments?post=14780"}],"version-history":[{"count":0,"href":"https:\/\/www.encontrabelohorizonte.com.br\/guia\/wp-json\/wp\/v2\/posts\/14780\/revisions"}],"wp:featuredmedia":[{"embeddable":true,"href":"https:\/\/www.encontrabelohorizonte.com.br\/guia\/wp-json\/wp\/v2\/media\/14779"}],"wp:attachment":[{"href":"https:\/\/www.encontrabelohorizonte.com.br\/guia\/wp-json\/wp\/v2\/media?parent=14780"}],"wp:term":[{"taxonomy":"category","embeddable":true,"href":"https:\/\/www.encontrabelohorizonte.com.br\/guia\/wp-json\/wp\/v2\/categories?post=14780"},{"taxonomy":"post_tag","embeddable":true,"href":"https:\/\/www.encontrabelohorizonte.com.br\/guia\/wp-json\/wp\/v2\/tags?post=14780"}],"curies":[{"name":"wp","href":"https:\/\/api.w.org\/{rel}","templated":true}]}}