{"id":14784,"date":"2026-06-11T06:09:33","date_gmt":"2026-06-11T09:09:33","guid":{"rendered":"https:\/\/www.encontrabelohorizonte.com.br\/guia\/frio-bate-recorde-para-2026-em-belo-horizonte-nos-proximos-dias\/"},"modified":"2026-06-11T06:09:33","modified_gmt":"2026-06-11T09:09:33","slug":"frio-bate-recorde-para-2026-em-belo-horizonte-nos-proximos-dias","status":"publish","type":"post","link":"https:\/\/www.encontrabelohorizonte.com.br\/guia\/frio-bate-recorde-para-2026-em-belo-horizonte-nos-proximos-dias\/","title":{"rendered":"Frio bate recorde para 2026 em Belo Horizonte nos pr\u00f3ximos dias"},"content":{"rendered":"<h2>Como a falta de nuvens afeta o clima<\/h2>\n<p>A aus\u00eancia de nuvens durante as noites em Belo Horizonte \u00e9 um fator crucial para as quedas acentuadas de temperatura. Quando o c\u00e9u est\u00e1 limpo, h\u00e1 uma maior capacidade de calor da superf\u00edcie terrestre escapar para a atmosfera. Esse processo \u00e9 conhecido como <strong>perda radiativa<\/strong>, que ocorre \u00e0 noite, quando a terra irradia calor acumulado durante o dia. A falta de nublados permite que essa irradia\u00e7\u00e3o seja mais eficiente, resultando em temperaturas mais baixas na madrugada.<\/p>\n<h2>Temperaturas mais baixas e recordes hist\u00f3ricos<\/h2>\n<p>No dia 4 de junho de 2026, Belo Horizonte registrou as menores temperaturas do ano at\u00e9 ent\u00e3o em diversas localidades da cidade. As medi\u00e7\u00f5es indicaram que o term\u00f4metro caiu:<\/p>\n<ul>\n<li><strong>Pampulha:<\/strong> 12,9\u00b0C (anteriormente 14,0\u00b0C em 16 de abril)<\/li>\n<li><strong>Cercadinho:<\/strong> 12,9\u00b0C (anteriormente 13,1\u00b0C em 2 de junho)<\/li>\n<li><strong>Santo Agostinho:<\/strong> 15,8\u00b0C (anteriormente 16,5\u00b0C em 24 de maio)<\/li>\n<\/ul>\n<p>Esses registros indicam que a cidade est\u00e1 \u00e0 beira de quebrar um novo recorde de frio, especialmente com a previs\u00e3o da continua\u00e7\u00e3o desse padr\u00e3o clim\u00e1tico ao longo do fim de semana.<\/p>\n<p><img decoding=\"async\" src=\"https:\/\/www.encontrabelohorizonte.com.br\/guia\/wp-content\/uploads\/2026\/06\/frio-bate-recorde-para-2026-em-belo-horizonte-nos-proximos-dias.webp\" alt=\"Frio\" loading=\"lazy\" \/><\/p>\n<h2>A influ\u00eancia da frente fria<\/h2>\n<p>O ar frio proveniente do polo, que se faz notar ap\u00f3s a passagem de uma frente fria, tamb\u00e9m \u00e9 respons\u00e1vel pela queda acentuada das temperaturas em Belo Horizonte. Essa frente fria traz consigo uma massa de ar com temperaturas mais baixas, que se combinam com o efeito da <strong>perda radiativa<\/strong>. Juntas, essas condi\u00e7\u00f5es tornam as noites mais frias, acentuando as medi\u00e7\u00f5es que j\u00e1 est\u00e3o abaixo do esperado para a \u00e9poca do ano.<\/p>\n<h2>Impacto da perda radiativa noturna<\/h2>\n<p>A perda radiativa \u00e9 um fen\u00f4meno natural que afeta a temperatura do ar. O calor que sai da terra \u00e9 exacerbado durante a noite, especialmente quando n\u00e3o h\u00e1 nuvens para reter esse calor. As nuvens funcionam como um cobertor, mantendo o calor perto da superf\u00edcie. Por isso, as noites limpas frequentemente resultam em temperaturas mais frias, criando uma diferen\u00e7a significativa na temperatura entre o dia e a noite.<\/p>\n<h2>Previs\u00e3o do tempo: o que esperar?<\/h2>\n<p>Nos pr\u00f3ximos dias, a previs\u00e3o indica que a cidade de Belo Horizonte dever\u00e1 continuar a experimentar temperaturas baixas. Com um clima predominantemente seco e a escassez de nuvens, as madrugadas podem ser especialmente frias. Espera-se que a temperatura m\u00ednima nos pr\u00f3ximos dias fique entre 9\u00b0C e 11\u00b0C, frequentemente com possibilidade de atingir valores mais baixos, principalmente na Grande Belo Horizonte.<\/p>\n<h2>As cidades mais afetadas pelo frio<\/h2>\n<p>Al\u00e9m de Belo Horizonte, diversas cidades da regi\u00e3o metropolitana e do estado de Minas Gerais tamb\u00e9m devem sentir os efeitos das baixas temperaturas, incluindo:<\/p>\n<ul>\n<li><strong>Contagem<\/strong><\/li>\n<li><strong>Betim<\/strong><\/li>\n<li><strong>Santa Luzia<\/strong><\/li>\n<li><strong>Sabar\u00e1<\/strong><\/li>\n<\/ul>\n<p>Essas localidades tamb\u00e9m podem registrar m\u00ednimas definidas durante as madrugadas, resultando em um clima frio e seco.<\/p>\n<h2>Dicas para se proteger do frio intenso<\/h2>\n<p>Com as baixas temperaturas, \u00e9 fundamental se preparar adequadamente para o frio. Aqui est\u00e3o algumas dicas para garantir conforto e seguran\u00e7a:<\/p>\n<ul>\n<li><strong>Vista-se em camadas:<\/strong> Use varias camadas de roupas para melhor isolamento t\u00e9rmico.<\/li>\n<li><strong>Mantenha sua casa aquecida:<\/strong> Utilize cobertores e, se poss\u00edvel, aquecedores para estar confort\u00e1vel.<\/li>\n<li><strong>Hidrate-se:<\/strong> Beber \u00e1gua \u00e9 essencial, mesmo durante o frio.<\/li>\n<li><strong>Evite a exposi\u00e7\u00e3o prolongada ao frio:<\/strong> Limite o tempo fora de casa e procure ficar em ambientes aquecidos.<\/li>\n<\/ul>\n<h2>Mudan\u00e7as clim\u00e1ticas e seus efeitos no Sudeste<\/h2>\n<p>O Sudeste brasileiro, assim como outras regi\u00f5es do pa\u00eds, est\u00e1 passando por mudan\u00e7as clim\u00e1ticas vis\u00edveis, que alteram padr\u00f5es de temperatura e precipita\u00e7\u00e3o. Esses fen\u00f4menos est\u00e3o cada vez mais associados a eventos extremos, incluindo invernos mais rigorosos e ver\u00f5es mais quentes. As vers\u00f5es atualizadas dos modelos clim\u00e1ticos sugerem que o que estamos testemunhando em termos de frio intenso pode se tornar mais comum nos pr\u00f3ximos anos devido \u00e0s mudan\u00e7as clim\u00e1ticas globais.<\/p>\n<h2>O que significa um inverno rigoroso?<\/h2>\n<p>Um inverno rigoroso pode ser caracterizado por temperaturas significativamente abaixo da m\u00e9dia, acompanhadas de fen\u00f4menos como geadas e at\u00e9 mesmo epis\u00f3dios de neve em \u00e1reas que normalmente n\u00e3o apresentariam tais condi\u00e7\u00f5es. Isso n\u00e3o apenas afeta o conforto das pessoas, mas tamb\u00e9m pode impactar a agricultura, a sa\u00fade e os servi\u00e7os p\u00fablicos, gerando mais preocupa\u00e7\u00f5es em torno do aquecimento global e suas consequ\u00eancias.<\/p>\n<h2>Expectativas para os pr\u00f3ximos dias em Belo Horizonte<\/h2>\n<p>Para concluir, a expectativa \u00e9 que Belo Horizonte continue a apresentar queda nas temperaturas durante as pr\u00f3ximas madrugadas, especialmente com a previs\u00e3o de um final de semana de c\u00e9u limpo. As m\u00ednimas poder\u00e3o se aproximar ou at\u00e9 mesmo chegar a novos recordes de frio para 2026. A aten\u00e7\u00e3o deve ser redobrada, especialmente para grupos mais vulner\u00e1veis e para aqueles que precisam sair de casa, em virtude do frio intenso esperado.<\/p>\n","protected":false},"excerpt":{"rendered":"<p>Frio recorde se aproxima em Belo Horizonte, prepare-se!<\/p>\n","protected":false},"author":1,"featured_media":14783,"comment_status":"open","ping_status":"open","sticky":false,"template":"","format":"standard","meta":{"footnotes":""},"categories":[5],"tags":[],"class_list":["post-14784","post","type-post","status-publish","format-standard","has-post-thumbnail","hentry","category-noticias","has_thumb"],"yoast_head":"<!-- This site is optimized with the Yoast SEO plugin v28.2 - https:\/\/yoast.com\/product\/yoast-seo-wordpress\/ -->\n<title>Frio bate recorde para 2026 em Belo Horizonte nos pr\u00f3ximos dias | Guia Comercial de Belo Horizonte MG<\/title>\n<meta name=\"robots\" content=\"index, follow, max-snippet:-1, max-image-preview:large, max-video-preview:-1\" \/>\n<link rel=\"canonical\" href=\"https:\/\/www.encontrabelohorizonte.com.br\/guia\/frio-bate-recorde-para-2026-em-belo-horizonte-nos-proximos-dias\/\" \/>\n<meta property=\"og:locale\" content=\"pt_BR\" \/>\n<meta property=\"og:type\" content=\"article\" \/>\n<meta property=\"og:title\" content=\"Frio bate recorde para 2026 em Belo Horizonte nos pr\u00f3ximos dias | Guia Comercial de Belo Horizonte MG\" \/>\n<meta property=\"og:description\" content=\"Frio recorde se aproxima em Belo Horizonte, prepare-se!\" \/>\n<meta property=\"og:url\" content=\"https:\/\/www.encontrabelohorizonte.com.br\/guia\/frio-bate-recorde-para-2026-em-belo-horizonte-nos-proximos-dias\/\" \/>\n<meta property=\"og:site_name\" content=\"Guia Comercial de Belo Horizonte MG\" \/>\n<meta property=\"article:published_time\" content=\"2026-06-11T09:09:33+00:00\" \/>\n<meta property=\"og:image\" content=\"https:\/\/www.encontrabelohorizonte.com.br\/guia\/wp-content\/uploads\/2026\/06\/frio-bate-recorde-para-2026-em-belo-horizonte-nos-proximos-dias.webp\" \/>\n\t<meta property=\"og:image:width\" content=\"280\" \/>\n\t<meta property=\"og:image:height\" content=\"280\" \/>\n\t<meta property=\"og:image:type\" content=\"image\/webp\" \/>\n<meta name=\"author\" content=\"Encontra Belo Horizonte\" \/>\n<meta name=\"twitter:card\" content=\"summary_large_image\" \/>\n<meta name=\"twitter:label1\" content=\"Escrito por\" \/>\n\t<meta name=\"twitter:data1\" content=\"Encontra Belo Horizonte\" \/>\n\t<meta name=\"twitter:label2\" content=\"Est. tempo de leitura\" \/>\n\t<meta name=\"twitter:data2\" content=\"4 minutos\" \/>\n<script type=\"application\/ld+json\" class=\"yoast-schema-graph\">{\"@context\":\"https:\\\/\\\/schema.org\",\"@graph\":[{\"@type\":\"Article\",\"@id\":\"https:\\\/\\\/www.encontrabelohorizonte.com.br\\\/guia\\\/frio-bate-recorde-para-2026-em-belo-horizonte-nos-proximos-dias\\\/#article\",\"isPartOf\":{\"@id\":\"https:\\\/\\\/www.encontrabelohorizonte.com.br\\\/guia\\\/frio-bate-recorde-para-2026-em-belo-horizonte-nos-proximos-dias\\\/\"},\"author\":{\"name\":\"Encontra Belo Horizonte\",\"@id\":\"https:\\\/\\\/www.encontrabelohorizonte.com.br\\\/guia\\\/#\\\/schema\\\/person\\\/6b792069f07fee9a700a7caa85fb85a9\"},\"headline\":\"Frio bate recorde para 2026 em Belo Horizonte nos pr\u00f3ximos dias\",\"datePublished\":\"2026-06-11T09:09:33+00:00\",\"mainEntityOfPage\":{\"@id\":\"https:\\\/\\\/www.encontrabelohorizonte.com.br\\\/guia\\\/frio-bate-recorde-para-2026-em-belo-horizonte-nos-proximos-dias\\\/\"},\"wordCount\":817,\"commentCount\":0,\"image\":{\"@id\":\"https:\\\/\\\/www.encontrabelohorizonte.com.br\\\/guia\\\/frio-bate-recorde-para-2026-em-belo-horizonte-nos-proximos-dias\\\/#primaryimage\"},\"thumbnailUrl\":\"https:\\\/\\\/www.encontrabelohorizonte.com.br\\\/guia\\\/wp-content\\\/uploads\\\/2026\\\/06\\\/frio-bate-recorde-para-2026-em-belo-horizonte-nos-proximos-dias.webp\",\"articleSection\":[\"Not\u00edcias Belo Horizonte\"],\"inLanguage\":\"pt-BR\",\"potentialAction\":[{\"@type\":\"CommentAction\",\"name\":\"Comment\",\"target\":[\"https:\\\/\\\/www.encontrabelohorizonte.com.br\\\/guia\\\/frio-bate-recorde-para-2026-em-belo-horizonte-nos-proximos-dias\\\/#respond\"]}]},{\"@type\":\"WebPage\",\"@id\":\"https:\\\/\\\/www.encontrabelohorizonte.com.br\\\/guia\\\/frio-bate-recorde-para-2026-em-belo-horizonte-nos-proximos-dias\\\/\",\"url\":\"https:\\\/\\\/www.encontrabelohorizonte.com.br\\\/guia\\\/frio-bate-recorde-para-2026-em-belo-horizonte-nos-proximos-dias\\\/\",\"name\":\"Frio bate recorde para 2026 em Belo Horizonte nos pr\u00f3ximos dias | Guia Comercial de Belo Horizonte MG\",\"isPartOf\":{\"@id\":\"https:\\\/\\\/www.encontrabelohorizonte.com.br\\\/guia\\\/#website\"},\"primaryImageOfPage\":{\"@id\":\"https:\\\/\\\/www.encontrabelohorizonte.com.br\\\/guia\\\/frio-bate-recorde-para-2026-em-belo-horizonte-nos-proximos-dias\\\/#primaryimage\"},\"image\":{\"@id\":\"https:\\\/\\\/www.encontrabelohorizonte.com.br\\\/guia\\\/frio-bate-recorde-para-2026-em-belo-horizonte-nos-proximos-dias\\\/#primaryimage\"},\"thumbnailUrl\":\"https:\\\/\\\/www.encontrabelohorizonte.com.br\\\/guia\\\/wp-content\\\/uploads\\\/2026\\\/06\\\/frio-bate-recorde-para-2026-em-belo-horizonte-nos-proximos-dias.webp\",\"datePublished\":\"2026-06-11T09:09:33+00:00\",\"author\":{\"@id\":\"https:\\\/\\\/www.encontrabelohorizonte.com.br\\\/guia\\\/#\\\/schema\\\/person\\\/6b792069f07fee9a700a7caa85fb85a9\"},\"inLanguage\":\"pt-BR\",\"potentialAction\":[{\"@type\":\"ReadAction\",\"target\":[\"https:\\\/\\\/www.encontrabelohorizonte.com.br\\\/guia\\\/frio-bate-recorde-para-2026-em-belo-horizonte-nos-proximos-dias\\\/\"]}]},{\"@type\":\"ImageObject\",\"inLanguage\":\"pt-BR\",\"@id\":\"https:\\\/\\\/www.encontrabelohorizonte.com.br\\\/guia\\\/frio-bate-recorde-para-2026-em-belo-horizonte-nos-proximos-dias\\\/#primaryimage\",\"url\":\"https:\\\/\\\/www.encontrabelohorizonte.com.br\\\/guia\\\/wp-content\\\/uploads\\\/2026\\\/06\\\/frio-bate-recorde-para-2026-em-belo-horizonte-nos-proximos-dias.webp\",\"contentUrl\":\"https:\\\/\\\/www.encontrabelohorizonte.com.br\\\/guia\\\/wp-content\\\/uploads\\\/2026\\\/06\\\/frio-bate-recorde-para-2026-em-belo-horizonte-nos-proximos-dias.webp\",\"width\":280,\"height\":280,\"caption\":\"Frio\"},{\"@type\":\"WebSite\",\"@id\":\"https:\\\/\\\/www.encontrabelohorizonte.com.br\\\/guia\\\/#website\",\"url\":\"https:\\\/\\\/www.encontrabelohorizonte.com.br\\\/guia\\\/\",\"name\":\"Guia Comercial de Belo Horizonte MG\",\"description\":\"ENCONTRA BELO HORIZONTE - O guia comercial de neg\u00f3cios e empresas, cultura e divers\u00e3o na cidade de Belo Horizonte. Feito 100% para voc\u00ea morador!\",\"potentialAction\":[{\"@type\":\"SearchAction\",\"target\":{\"@type\":\"EntryPoint\",\"urlTemplate\":\"https:\\\/\\\/www.encontrabelohorizonte.com.br\\\/guia\\\/?s={search_term_string}\"},\"query-input\":{\"@type\":\"PropertyValueSpecification\",\"valueRequired\":true,\"valueName\":\"search_term_string\"}}],\"inLanguage\":\"pt-BR\"},{\"@type\":\"Person\",\"@id\":\"https:\\\/\\\/www.encontrabelohorizonte.com.br\\\/guia\\\/#\\\/schema\\\/person\\\/6b792069f07fee9a700a7caa85fb85a9\",\"name\":\"Encontra Belo Horizonte\",\"image\":{\"@type\":\"ImageObject\",\"inLanguage\":\"pt-BR\",\"@id\":\"https:\\\/\\\/secure.gravatar.com\\\/avatar\\\/c50c17820bcf322f0a8fd6b110b8c0918141409dc69076470f6fca5fee70a5d4?s=96&d=mm&r=g\",\"url\":\"https:\\\/\\\/secure.gravatar.com\\\/avatar\\\/c50c17820bcf322f0a8fd6b110b8c0918141409dc69076470f6fca5fee70a5d4?s=96&d=mm&r=g\",\"contentUrl\":\"https:\\\/\\\/secure.gravatar.com\\\/avatar\\\/c50c17820bcf322f0a8fd6b110b8c0918141409dc69076470f6fca5fee70a5d4?s=96&d=mm&r=g\",\"caption\":\"Encontra Belo Horizonte\"},\"url\":\"https:\\\/\\\/www.encontrabelohorizonte.com.br\\\/guia\\\/author\\\/encontrabelohorizonte\\\/\"}]}<\/script>\n<!-- \/ Yoast SEO plugin. -->","yoast_head_json":{"title":"Frio bate recorde para 2026 em Belo Horizonte nos pr\u00f3ximos dias | Guia Comercial de Belo Horizonte MG","robots":{"index":"index","follow":"follow","max-snippet":"max-snippet:-1","max-image-preview":"max-image-preview:large","max-video-preview":"max-video-preview:-1"},"canonical":"https:\/\/www.encontrabelohorizonte.com.br\/guia\/frio-bate-recorde-para-2026-em-belo-horizonte-nos-proximos-dias\/","og_locale":"pt_BR","og_type":"article","og_title":"Frio bate recorde para 2026 em Belo Horizonte nos pr\u00f3ximos dias | Guia Comercial de Belo Horizonte MG","og_description":"Frio recorde se aproxima em Belo Horizonte, prepare-se!","og_url":"https:\/\/www.encontrabelohorizonte.com.br\/guia\/frio-bate-recorde-para-2026-em-belo-horizonte-nos-proximos-dias\/","og_site_name":"Guia Comercial de Belo Horizonte MG","article_published_time":"2026-06-11T09:09:33+00:00","og_image":[{"width":280,"height":280,"url":"https:\/\/www.encontrabelohorizonte.com.br\/guia\/wp-content\/uploads\/2026\/06\/frio-bate-recorde-para-2026-em-belo-horizonte-nos-proximos-dias.webp","type":"image\/webp"}],"author":"Encontra Belo Horizonte","twitter_card":"summary_large_image","twitter_misc":{"Escrito por":"Encontra Belo Horizonte","Est. tempo de leitura":"4 minutos"},"schema":{"@context":"https:\/\/schema.org","@graph":[{"@type":"Article","@id":"https:\/\/www.encontrabelohorizonte.com.br\/guia\/frio-bate-recorde-para-2026-em-belo-horizonte-nos-proximos-dias\/#article","isPartOf":{"@id":"https:\/\/www.encontrabelohorizonte.com.br\/guia\/frio-bate-recorde-para-2026-em-belo-horizonte-nos-proximos-dias\/"},"author":{"name":"Encontra Belo Horizonte","@id":"https:\/\/www.encontrabelohorizonte.com.br\/guia\/#\/schema\/person\/6b792069f07fee9a700a7caa85fb85a9"},"headline":"Frio bate recorde para 2026 em Belo Horizonte nos pr\u00f3ximos dias","datePublished":"2026-06-11T09:09:33+00:00","mainEntityOfPage":{"@id":"https:\/\/www.encontrabelohorizonte.com.br\/guia\/frio-bate-recorde-para-2026-em-belo-horizonte-nos-proximos-dias\/"},"wordCount":817,"commentCount":0,"image":{"@id":"https:\/\/www.encontrabelohorizonte.com.br\/guia\/frio-bate-recorde-para-2026-em-belo-horizonte-nos-proximos-dias\/#primaryimage"},"thumbnailUrl":"https:\/\/www.encontrabelohorizonte.com.br\/guia\/wp-content\/uploads\/2026\/06\/frio-bate-recorde-para-2026-em-belo-horizonte-nos-proximos-dias.webp","articleSection":["Not\u00edcias Belo Horizonte"],"inLanguage":"pt-BR","potentialAction":[{"@type":"CommentAction","name":"Comment","target":["https:\/\/www.encontrabelohorizonte.com.br\/guia\/frio-bate-recorde-para-2026-em-belo-horizonte-nos-proximos-dias\/#respond"]}]},{"@type":"WebPage","@id":"https:\/\/www.encontrabelohorizonte.com.br\/guia\/frio-bate-recorde-para-2026-em-belo-horizonte-nos-proximos-dias\/","url":"https:\/\/www.encontrabelohorizonte.com.br\/guia\/frio-bate-recorde-para-2026-em-belo-horizonte-nos-proximos-dias\/","name":"Frio bate recorde para 2026 em Belo Horizonte nos pr\u00f3ximos dias | Guia Comercial de Belo Horizonte MG","isPartOf":{"@id":"https:\/\/www.encontrabelohorizonte.com.br\/guia\/#website"},"primaryImageOfPage":{"@id":"https:\/\/www.encontrabelohorizonte.com.br\/guia\/frio-bate-recorde-para-2026-em-belo-horizonte-nos-proximos-dias\/#primaryimage"},"image":{"@id":"https:\/\/www.encontrabelohorizonte.com.br\/guia\/frio-bate-recorde-para-2026-em-belo-horizonte-nos-proximos-dias\/#primaryimage"},"thumbnailUrl":"https:\/\/www.encontrabelohorizonte.com.br\/guia\/wp-content\/uploads\/2026\/06\/frio-bate-recorde-para-2026-em-belo-horizonte-nos-proximos-dias.webp","datePublished":"2026-06-11T09:09:33+00:00","author":{"@id":"https:\/\/www.encontrabelohorizonte.com.br\/guia\/#\/schema\/person\/6b792069f07fee9a700a7caa85fb85a9"},"inLanguage":"pt-BR","potentialAction":[{"@type":"ReadAction","target":["https:\/\/www.encontrabelohorizonte.com.br\/guia\/frio-bate-recorde-para-2026-em-belo-horizonte-nos-proximos-dias\/"]}]},{"@type":"ImageObject","inLanguage":"pt-BR","@id":"https:\/\/www.encontrabelohorizonte.com.br\/guia\/frio-bate-recorde-para-2026-em-belo-horizonte-nos-proximos-dias\/#primaryimage","url":"https:\/\/www.encontrabelohorizonte.com.br\/guia\/wp-content\/uploads\/2026\/06\/frio-bate-recorde-para-2026-em-belo-horizonte-nos-proximos-dias.webp","contentUrl":"https:\/\/www.encontrabelohorizonte.com.br\/guia\/wp-content\/uploads\/2026\/06\/frio-bate-recorde-para-2026-em-belo-horizonte-nos-proximos-dias.webp","width":280,"height":280,"caption":"Frio"},{"@type":"WebSite","@id":"https:\/\/www.encontrabelohorizonte.com.br\/guia\/#website","url":"https:\/\/www.encontrabelohorizonte.com.br\/guia\/","name":"Guia Comercial de Belo Horizonte MG","description":"ENCONTRA BELO HORIZONTE - O guia comercial de neg\u00f3cios e empresas, cultura e divers\u00e3o na cidade de Belo Horizonte. Feito 100% para voc\u00ea morador!","potentialAction":[{"@type":"SearchAction","target":{"@type":"EntryPoint","urlTemplate":"https:\/\/www.encontrabelohorizonte.com.br\/guia\/?s={search_term_string}"},"query-input":{"@type":"PropertyValueSpecification","valueRequired":true,"valueName":"search_term_string"}}],"inLanguage":"pt-BR"},{"@type":"Person","@id":"https:\/\/www.encontrabelohorizonte.com.br\/guia\/#\/schema\/person\/6b792069f07fee9a700a7caa85fb85a9","name":"Encontra Belo Horizonte","image":{"@type":"ImageObject","inLanguage":"pt-BR","@id":"https:\/\/secure.gravatar.com\/avatar\/c50c17820bcf322f0a8fd6b110b8c0918141409dc69076470f6fca5fee70a5d4?s=96&d=mm&r=g","url":"https:\/\/secure.gravatar.com\/avatar\/c50c17820bcf322f0a8fd6b110b8c0918141409dc69076470f6fca5fee70a5d4?s=96&d=mm&r=g","contentUrl":"https:\/\/secure.gravatar.com\/avatar\/c50c17820bcf322f0a8fd6b110b8c0918141409dc69076470f6fca5fee70a5d4?s=96&d=mm&r=g","caption":"Encontra Belo Horizonte"},"url":"https:\/\/www.encontrabelohorizonte.com.br\/guia\/author\/encontrabelohorizonte\/"}]}},"_links":{"self":[{"href":"https:\/\/www.encontrabelohorizonte.com.br\/guia\/wp-json\/wp\/v2\/posts\/14784","targetHints":{"allow":["GET"]}}],"collection":[{"href":"https:\/\/www.encontrabelohorizonte.com.br\/guia\/wp-json\/wp\/v2\/posts"}],"about":[{"href":"https:\/\/www.encontrabelohorizonte.com.br\/guia\/wp-json\/wp\/v2\/types\/post"}],"author":[{"embeddable":true,"href":"https:\/\/www.encontrabelohorizonte.com.br\/guia\/wp-json\/wp\/v2\/users\/1"}],"replies":[{"embeddable":true,"href":"https:\/\/www.encontrabelohorizonte.com.br\/guia\/wp-json\/wp\/v2\/comments?post=14784"}],"version-history":[{"count":0,"href":"https:\/\/www.encontrabelohorizonte.com.br\/guia\/wp-json\/wp\/v2\/posts\/14784\/revisions"}],"wp:featuredmedia":[{"embeddable":true,"href":"https:\/\/www.encontrabelohorizonte.com.br\/guia\/wp-json\/wp\/v2\/media\/14783"}],"wp:attachment":[{"href":"https:\/\/www.encontrabelohorizonte.com.br\/guia\/wp-json\/wp\/v2\/media?parent=14784"}],"wp:term":[{"taxonomy":"category","embeddable":true,"href":"https:\/\/www.encontrabelohorizonte.com.br\/guia\/wp-json\/wp\/v2\/categories?post=14784"},{"taxonomy":"post_tag","embeddable":true,"href":"https:\/\/www.encontrabelohorizonte.com.br\/guia\/wp-json\/wp\/v2\/tags?post=14784"}],"curies":[{"name":"wp","href":"https:\/\/api.w.org\/{rel}","templated":true}]}}