{"id":14804,"date":"2026-06-19T07:57:37","date_gmt":"2026-06-19T10:57:37","guid":{"rendered":"https:\/\/www.encontrabelohorizonte.com.br\/guia\/lafaiete-participa-em-bh-de-imersao-que-fortalece-negocios\/"},"modified":"2026-06-19T07:57:37","modified_gmt":"2026-06-19T10:57:37","slug":"lafaiete-participa-em-bh-de-imersao-que-fortalece-negocios","status":"publish","type":"post","link":"https:\/\/www.encontrabelohorizonte.com.br\/guia\/lafaiete-participa-em-bh-de-imersao-que-fortalece-negocios\/","title":{"rendered":"Lafaiete participa em BH de imers\u00e3o que fortalece neg\u00f3cios"},"content":{"rendered":"<h2>Objetivo da Imers\u00e3o Minas Livre para Crescer<\/h2>\n<p>A imers\u00e3o denominada Minas Livre para Crescer, organizada pelo Governo do Estado de Minas Gerais atrav\u00e9s da Secretaria de Estado de Desenvolvimento Econ\u00f4mico (Sede-MG), busca fomentar o crescimento econ\u00f4mico no estado. Esse evento visa criar um ambiente de neg\u00f3cios mais saud\u00e1vel e acess\u00edvel, por meio da troca de conhecimento entre munic\u00edpios e a implementa\u00e7\u00e3o de pr\u00e1ticas eficazes que beneficiam tanto o setor p\u00fablico quanto o privado. O foco da imers\u00e3o \u00e9 discutir e desenvolver estrat\u00e9gias que facilitem e incentivem o empreendedorismo, promovendo assim a gera\u00e7\u00e3o de emprego e a melhoria na qualidade de vida da popula\u00e7\u00e3o.<\/p>\n<h2>Representa\u00e7\u00e3o de Lafaiete no Evento<\/h2>\n<p>Na edi\u00e7\u00e3o ocorrida no dia 15 de junho de 2026, na Cidade Administrativa em Belo Horizonte, a Prefeitura de Conselheiro Lafaiete foi representada por Jordana Vieira de Assis e Alex de Souza Gomes Junior, membros da Secretaria Municipal de Desenvolvimento Econ\u00f4mico. A presen\u00e7a de Lafaiete no evento ressalta o compromisso da administra\u00e7\u00e3o local em acompanhar e adotar medidas que promovam o crescimento econ\u00f4mico. Tal participa\u00e7\u00e3o \u00e9 fundamental para que o munic\u00edpio possa se engajar nas diretrizes apresentadas pelo governo estadual, garantindo assim maior competitividade aos seus neg\u00f3cios.<\/p>\n<h2>Ferramentas para Redu\u00e7\u00e3o de Burocracia<\/h2>\n<p>No contexto da imers\u00e3o, uma das principais ferramentas discutidas foi a Matriz de Maturidade de Liberdade Econ\u00f4mica. Essa ferramenta serve como um guia para a implementa\u00e7\u00e3o de a\u00e7\u00f5es que visam a redu\u00e7\u00e3o da burocracia, aumentando, assim, a seguran\u00e7a jur\u00eddica para os empreendedores. A matriz permite que os munic\u00edpios avaliem o n\u00edvel de ado\u00e7\u00e3o das medidas que promovem um ambiente de neg\u00f3cios mais favor\u00e1vel e \u00e1gil, auxiliando no planejamento e execu\u00e7\u00e3o de pol\u00edticas p\u00fablicas que otimizem a gest\u00e3o local.<\/p>\n<p><img decoding=\"async\" src=\"https:\/\/www.encontrabelohorizonte.com.br\/guia\/wp-content\/uploads\/2026\/06\/lafaiete-participa-em-bh-de-imersao-que-fortalece-negocios.webp\" alt=\"\" loading=\"lazy\" \/><\/p>\n<h2>Matriz de Maturidade de Liberdade Econ\u00f4mica<\/h2>\n<p>A Matriz de Maturidade de Liberdade Econ\u00f4mica \u00e9 uma ferramenta elaborada para assessorar os munic\u00edpios na avalia\u00e7\u00e3o do seu desempenho em rela\u00e7\u00e3o \u00e0 implementa\u00e7\u00e3o de legisla\u00e7\u00f5es que desburocratizam processos. Durante a imers\u00e3o, os gestores foram orientados sobre como utilizar a matriz, que apresenta diferentes n\u00edveis de desenvolvimento. Atrav\u00e9s dela, os munic\u00edpios podem identificar pontos de melhoria e adotar pr\u00e1ticas que simplifiquem o dia a dia do empreendedor, ampliando as possibilidades de atra\u00e7\u00e3o de investimentos e a competitividade local.<\/p>\n<h2>Orienta\u00e7\u00f5es T\u00e9cnicas para Gestores<\/h2>\n<p>Os participantes do evento tiveram acesso a uma s\u00e9rie de orienta\u00e7\u00f5es t\u00e9cnicas sobre os crit\u00e9rios e indicadores que comp\u00f5em a matriz, al\u00e9m das etapas necess\u00e1rias para a sua implementa\u00e7\u00e3o. Essas diretrizes s\u00e3o essenciais para que os gestores municipais possam entender melhor como aplicar as medidas de liberdade econ\u00f4mica de forma eficiente, promovendo um ambiente prop\u00edcio para a inova\u00e7\u00e3o e o crescimento das empresas locais.<\/p>\n<h2>Iniciativas de Suporte ao Empreendedorismo<\/h2>\n<p>A imers\u00e3o tamb\u00e9m contou com a presen\u00e7a de representantes de institui\u00e7\u00f5es como a Junta Comercial do Estado de Minas Gerais (JUCEMG), Invest Minas e Sebrae Minas. Esses \u00f3rg\u00e3os apresentaram projetos e ferramentas que v\u00e3o ao encontro das necessidades dos empreendedores, oferecendo suporte t\u00e9cnico e programas que estimulam a atra\u00e7\u00e3o de investimentos. Al\u00e9m disso, foram discutidos programas voltados para a capacita\u00e7\u00e3o dos empreendedores, proporcionando a eles conhecimento e recursos para crescer e diversificar seus neg\u00f3cios.<\/p>\n<h2>Benef\u00edcios da Liberdade Econ\u00f4mica<\/h2>\n<p>A ades\u00e3o \u00e0s diretrizes de liberdade econ\u00f4mica traz diversos benef\u00edcios aos munic\u00edpios. Atualmente, 605 cidades em Minas Gerais j\u00e1 implementaram normativas que visam a desburocratiza\u00e7\u00e3o e a cria\u00e7\u00e3o de um ambiente mais favor\u00e1vel para os neg\u00f3cios. Esses benef\u00edcios incluem: <\/p>\n<ul>\n<li>Redu\u00e7\u00e3o no tempo de abertura de empresas;<\/li>\n<li>Acelera\u00e7\u00e3o de processos de licenciamento;<\/li>\n<li>Maior seguran\u00e7a jur\u00eddica para os investidores;<\/li>\n<li>Est\u00edmulo a novos empreendimentos e startups.<\/li>\n<\/ul>\n<h2>Import\u00e2ncia da Parceria com JUCEMG e Sebrae<\/h2>\n<p>A parceria com a JUCEMG e o Sebrae \u00e9 fundamental para a implementa\u00e7\u00e3o de pol\u00edticas eficazes de desenvolvimento econ\u00f4mico. Essas institui\u00e7\u00f5es oferecem suporte t\u00e9cnico e consultoria, ajudando os munic\u00edpios na estrutura\u00e7\u00e3o de seus programas de incentivo ao empreendedorismo. A colabora\u00e7\u00e3o entre governo e essas entidades contribui significativamente para a efici\u00eancia das a\u00e7\u00f5es implementadas, al\u00e9m de potencializar a cria\u00e7\u00e3o de um ambiente mais competitivo e inovador.<\/p>\n<h2>Impacto da Imers\u00e3o no Desenvolvimento Local<\/h2>\n<p>A participa\u00e7\u00e3o de Conselheiro Lafaiete na imers\u00e3o Minas Livre para Crescer representa um passo importante para o desenvolvimento local. Ao se engajar nas diretrizes propostas, a cidade n\u00e3o apenas se alinha \u00e0s pol\u00edticas estaduais, mas tamb\u00e9m posiciona-se de forma a acessar novas oportunidades e recursos que podem contribuir para dinamizar sua economia. O aprendizado adquirido durante o evento poder\u00e1 ser aplicado diretamente na melhoria dos processos administrativos e na facilita\u00e7\u00e3o do dia a dia dos empreendedores locais.<\/p>\n<h2>Como Aumentar a Competitividade do Neg\u00f3cio<\/h2>\n<p>Para aumentar a competitividade dos neg\u00f3cios em Conselheiro Lafaiete, \u00e9 essencial que as empresas locais adotem pr\u00e1ticas inovadoras e estejam atentas \u00e0s tecnologias emergentes. Al\u00e9m disso, o fomento \u00e0 forma\u00e7\u00e3o de redes de colabora\u00e7\u00e3o entre empreendedores pode ser uma estrat\u00e9gia eficaz para o compartilhamento de experi\u00eancias e recursos. A troca de conhecimento atrav\u00e9s de cursos e workshops, promovidos em parceria com institui\u00e7\u00f5es como o Sebrae, pode impulsionar o crescimento e a sustentabilidade dos neg\u00f3cios na regi\u00e3o.<\/p>\n","protected":false},"excerpt":{"rendered":"<p>Lafaiete \u00e9 destaque em BH ao fortalecer neg\u00f3cios locais atrav\u00e9s de imers\u00e3o.<\/p>\n","protected":false},"author":1,"featured_media":14803,"comment_status":"open","ping_status":"open","sticky":false,"template":"","format":"standard","meta":{"footnotes":""},"categories":[896],"tags":[],"class_list":["post-14804","post","type-post","status-publish","format-standard","has-post-thumbnail","hentry","category-cursos","has_thumb"],"yoast_head":"<!-- This site is optimized with the Yoast SEO plugin v28.2 - https:\/\/yoast.com\/product\/yoast-seo-wordpress\/ -->\n<title>Lafaiete participa em BH de imers\u00e3o que fortalece neg\u00f3cios | Guia Comercial de Belo Horizonte MG<\/title>\n<meta name=\"robots\" content=\"index, follow, max-snippet:-1, max-image-preview:large, max-video-preview:-1\" \/>\n<link rel=\"canonical\" href=\"https:\/\/www.encontrabelohorizonte.com.br\/guia\/lafaiete-participa-em-bh-de-imersao-que-fortalece-negocios\/\" \/>\n<meta property=\"og:locale\" content=\"pt_BR\" \/>\n<meta property=\"og:type\" content=\"article\" \/>\n<meta property=\"og:title\" content=\"Lafaiete participa em BH de imers\u00e3o que fortalece neg\u00f3cios | Guia Comercial de Belo Horizonte MG\" \/>\n<meta property=\"og:description\" content=\"Lafaiete \u00e9 destaque em BH ao fortalecer neg\u00f3cios locais atrav\u00e9s de imers\u00e3o.\" \/>\n<meta property=\"og:url\" content=\"https:\/\/www.encontrabelohorizonte.com.br\/guia\/lafaiete-participa-em-bh-de-imersao-que-fortalece-negocios\/\" \/>\n<meta property=\"og:site_name\" content=\"Guia Comercial de Belo Horizonte MG\" \/>\n<meta property=\"article:published_time\" content=\"2026-06-19T10:57:37+00:00\" \/>\n<meta property=\"og:image\" content=\"https:\/\/www.encontrabelohorizonte.com.br\/guia\/wp-content\/uploads\/2026\/06\/lafaiete-participa-em-bh-de-imersao-que-fortalece-negocios.webp\" \/>\n\t<meta property=\"og:image:width\" content=\"280\" \/>\n\t<meta property=\"og:image:height\" content=\"280\" \/>\n\t<meta property=\"og:image:type\" content=\"image\/webp\" \/>\n<meta name=\"author\" content=\"Encontra Belo Horizonte\" \/>\n<meta name=\"twitter:card\" content=\"summary_large_image\" \/>\n<meta name=\"twitter:label1\" content=\"Escrito por\" \/>\n\t<meta name=\"twitter:data1\" content=\"Encontra Belo Horizonte\" \/>\n\t<meta name=\"twitter:label2\" content=\"Est. tempo de leitura\" \/>\n\t<meta name=\"twitter:data2\" content=\"5 minutos\" \/>\n<script type=\"application\/ld+json\" class=\"yoast-schema-graph\">{\"@context\":\"https:\\\/\\\/schema.org\",\"@graph\":[{\"@type\":\"Article\",\"@id\":\"https:\\\/\\\/www.encontrabelohorizonte.com.br\\\/guia\\\/lafaiete-participa-em-bh-de-imersao-que-fortalece-negocios\\\/#article\",\"isPartOf\":{\"@id\":\"https:\\\/\\\/www.encontrabelohorizonte.com.br\\\/guia\\\/lafaiete-participa-em-bh-de-imersao-que-fortalece-negocios\\\/\"},\"author\":{\"name\":\"Encontra Belo Horizonte\",\"@id\":\"https:\\\/\\\/www.encontrabelohorizonte.com.br\\\/guia\\\/#\\\/schema\\\/person\\\/6b792069f07fee9a700a7caa85fb85a9\"},\"headline\":\"Lafaiete participa em BH de imers\u00e3o que fortalece neg\u00f3cios\",\"datePublished\":\"2026-06-19T10:57:37+00:00\",\"mainEntityOfPage\":{\"@id\":\"https:\\\/\\\/www.encontrabelohorizonte.com.br\\\/guia\\\/lafaiete-participa-em-bh-de-imersao-que-fortalece-negocios\\\/\"},\"wordCount\":942,\"commentCount\":0,\"image\":{\"@id\":\"https:\\\/\\\/www.encontrabelohorizonte.com.br\\\/guia\\\/lafaiete-participa-em-bh-de-imersao-que-fortalece-negocios\\\/#primaryimage\"},\"thumbnailUrl\":\"https:\\\/\\\/www.encontrabelohorizonte.com.br\\\/guia\\\/wp-content\\\/uploads\\\/2026\\\/06\\\/lafaiete-participa-em-bh-de-imersao-que-fortalece-negocios.webp\",\"articleSection\":[\"Cursos Belo Horizonte\"],\"inLanguage\":\"pt-BR\",\"potentialAction\":[{\"@type\":\"CommentAction\",\"name\":\"Comment\",\"target\":[\"https:\\\/\\\/www.encontrabelohorizonte.com.br\\\/guia\\\/lafaiete-participa-em-bh-de-imersao-que-fortalece-negocios\\\/#respond\"]}]},{\"@type\":\"WebPage\",\"@id\":\"https:\\\/\\\/www.encontrabelohorizonte.com.br\\\/guia\\\/lafaiete-participa-em-bh-de-imersao-que-fortalece-negocios\\\/\",\"url\":\"https:\\\/\\\/www.encontrabelohorizonte.com.br\\\/guia\\\/lafaiete-participa-em-bh-de-imersao-que-fortalece-negocios\\\/\",\"name\":\"Lafaiete participa em BH de imers\u00e3o que fortalece neg\u00f3cios | Guia Comercial de Belo Horizonte MG\",\"isPartOf\":{\"@id\":\"https:\\\/\\\/www.encontrabelohorizonte.com.br\\\/guia\\\/#website\"},\"primaryImageOfPage\":{\"@id\":\"https:\\\/\\\/www.encontrabelohorizonte.com.br\\\/guia\\\/lafaiete-participa-em-bh-de-imersao-que-fortalece-negocios\\\/#primaryimage\"},\"image\":{\"@id\":\"https:\\\/\\\/www.encontrabelohorizonte.com.br\\\/guia\\\/lafaiete-participa-em-bh-de-imersao-que-fortalece-negocios\\\/#primaryimage\"},\"thumbnailUrl\":\"https:\\\/\\\/www.encontrabelohorizonte.com.br\\\/guia\\\/wp-content\\\/uploads\\\/2026\\\/06\\\/lafaiete-participa-em-bh-de-imersao-que-fortalece-negocios.webp\",\"datePublished\":\"2026-06-19T10:57:37+00:00\",\"author\":{\"@id\":\"https:\\\/\\\/www.encontrabelohorizonte.com.br\\\/guia\\\/#\\\/schema\\\/person\\\/6b792069f07fee9a700a7caa85fb85a9\"},\"inLanguage\":\"pt-BR\",\"potentialAction\":[{\"@type\":\"ReadAction\",\"target\":[\"https:\\\/\\\/www.encontrabelohorizonte.com.br\\\/guia\\\/lafaiete-participa-em-bh-de-imersao-que-fortalece-negocios\\\/\"]}]},{\"@type\":\"ImageObject\",\"inLanguage\":\"pt-BR\",\"@id\":\"https:\\\/\\\/www.encontrabelohorizonte.com.br\\\/guia\\\/lafaiete-participa-em-bh-de-imersao-que-fortalece-negocios\\\/#primaryimage\",\"url\":\"https:\\\/\\\/www.encontrabelohorizonte.com.br\\\/guia\\\/wp-content\\\/uploads\\\/2026\\\/06\\\/lafaiete-participa-em-bh-de-imersao-que-fortalece-negocios.webp\",\"contentUrl\":\"https:\\\/\\\/www.encontrabelohorizonte.com.br\\\/guia\\\/wp-content\\\/uploads\\\/2026\\\/06\\\/lafaiete-participa-em-bh-de-imersao-que-fortalece-negocios.webp\",\"width\":280,\"height\":280},{\"@type\":\"WebSite\",\"@id\":\"https:\\\/\\\/www.encontrabelohorizonte.com.br\\\/guia\\\/#website\",\"url\":\"https:\\\/\\\/www.encontrabelohorizonte.com.br\\\/guia\\\/\",\"name\":\"Guia Comercial de Belo Horizonte MG\",\"description\":\"ENCONTRA BELO HORIZONTE - O guia comercial de neg\u00f3cios e empresas, cultura e divers\u00e3o na cidade de Belo Horizonte. Feito 100% para voc\u00ea morador!\",\"potentialAction\":[{\"@type\":\"SearchAction\",\"target\":{\"@type\":\"EntryPoint\",\"urlTemplate\":\"https:\\\/\\\/www.encontrabelohorizonte.com.br\\\/guia\\\/?s={search_term_string}\"},\"query-input\":{\"@type\":\"PropertyValueSpecification\",\"valueRequired\":true,\"valueName\":\"search_term_string\"}}],\"inLanguage\":\"pt-BR\"},{\"@type\":\"Person\",\"@id\":\"https:\\\/\\\/www.encontrabelohorizonte.com.br\\\/guia\\\/#\\\/schema\\\/person\\\/6b792069f07fee9a700a7caa85fb85a9\",\"name\":\"Encontra Belo Horizonte\",\"image\":{\"@type\":\"ImageObject\",\"inLanguage\":\"pt-BR\",\"@id\":\"https:\\\/\\\/secure.gravatar.com\\\/avatar\\\/c50c17820bcf322f0a8fd6b110b8c0918141409dc69076470f6fca5fee70a5d4?s=96&d=mm&r=g\",\"url\":\"https:\\\/\\\/secure.gravatar.com\\\/avatar\\\/c50c17820bcf322f0a8fd6b110b8c0918141409dc69076470f6fca5fee70a5d4?s=96&d=mm&r=g\",\"contentUrl\":\"https:\\\/\\\/secure.gravatar.com\\\/avatar\\\/c50c17820bcf322f0a8fd6b110b8c0918141409dc69076470f6fca5fee70a5d4?s=96&d=mm&r=g\",\"caption\":\"Encontra Belo Horizonte\"},\"url\":\"https:\\\/\\\/www.encontrabelohorizonte.com.br\\\/guia\\\/author\\\/encontrabelohorizonte\\\/\"}]}<\/script>\n<!-- \/ Yoast SEO plugin. -->","yoast_head_json":{"title":"Lafaiete participa em BH de imers\u00e3o que fortalece neg\u00f3cios | Guia Comercial de Belo Horizonte MG","robots":{"index":"index","follow":"follow","max-snippet":"max-snippet:-1","max-image-preview":"max-image-preview:large","max-video-preview":"max-video-preview:-1"},"canonical":"https:\/\/www.encontrabelohorizonte.com.br\/guia\/lafaiete-participa-em-bh-de-imersao-que-fortalece-negocios\/","og_locale":"pt_BR","og_type":"article","og_title":"Lafaiete participa em BH de imers\u00e3o que fortalece neg\u00f3cios | Guia Comercial de Belo Horizonte MG","og_description":"Lafaiete \u00e9 destaque em BH ao fortalecer neg\u00f3cios locais atrav\u00e9s de imers\u00e3o.","og_url":"https:\/\/www.encontrabelohorizonte.com.br\/guia\/lafaiete-participa-em-bh-de-imersao-que-fortalece-negocios\/","og_site_name":"Guia Comercial de Belo Horizonte MG","article_published_time":"2026-06-19T10:57:37+00:00","og_image":[{"width":280,"height":280,"url":"https:\/\/www.encontrabelohorizonte.com.br\/guia\/wp-content\/uploads\/2026\/06\/lafaiete-participa-em-bh-de-imersao-que-fortalece-negocios.webp","type":"image\/webp"}],"author":"Encontra Belo Horizonte","twitter_card":"summary_large_image","twitter_misc":{"Escrito por":"Encontra Belo Horizonte","Est. tempo de leitura":"5 minutos"},"schema":{"@context":"https:\/\/schema.org","@graph":[{"@type":"Article","@id":"https:\/\/www.encontrabelohorizonte.com.br\/guia\/lafaiete-participa-em-bh-de-imersao-que-fortalece-negocios\/#article","isPartOf":{"@id":"https:\/\/www.encontrabelohorizonte.com.br\/guia\/lafaiete-participa-em-bh-de-imersao-que-fortalece-negocios\/"},"author":{"name":"Encontra Belo Horizonte","@id":"https:\/\/www.encontrabelohorizonte.com.br\/guia\/#\/schema\/person\/6b792069f07fee9a700a7caa85fb85a9"},"headline":"Lafaiete participa em BH de imers\u00e3o que fortalece neg\u00f3cios","datePublished":"2026-06-19T10:57:37+00:00","mainEntityOfPage":{"@id":"https:\/\/www.encontrabelohorizonte.com.br\/guia\/lafaiete-participa-em-bh-de-imersao-que-fortalece-negocios\/"},"wordCount":942,"commentCount":0,"image":{"@id":"https:\/\/www.encontrabelohorizonte.com.br\/guia\/lafaiete-participa-em-bh-de-imersao-que-fortalece-negocios\/#primaryimage"},"thumbnailUrl":"https:\/\/www.encontrabelohorizonte.com.br\/guia\/wp-content\/uploads\/2026\/06\/lafaiete-participa-em-bh-de-imersao-que-fortalece-negocios.webp","articleSection":["Cursos Belo Horizonte"],"inLanguage":"pt-BR","potentialAction":[{"@type":"CommentAction","name":"Comment","target":["https:\/\/www.encontrabelohorizonte.com.br\/guia\/lafaiete-participa-em-bh-de-imersao-que-fortalece-negocios\/#respond"]}]},{"@type":"WebPage","@id":"https:\/\/www.encontrabelohorizonte.com.br\/guia\/lafaiete-participa-em-bh-de-imersao-que-fortalece-negocios\/","url":"https:\/\/www.encontrabelohorizonte.com.br\/guia\/lafaiete-participa-em-bh-de-imersao-que-fortalece-negocios\/","name":"Lafaiete participa em BH de imers\u00e3o que fortalece neg\u00f3cios | Guia Comercial de Belo Horizonte MG","isPartOf":{"@id":"https:\/\/www.encontrabelohorizonte.com.br\/guia\/#website"},"primaryImageOfPage":{"@id":"https:\/\/www.encontrabelohorizonte.com.br\/guia\/lafaiete-participa-em-bh-de-imersao-que-fortalece-negocios\/#primaryimage"},"image":{"@id":"https:\/\/www.encontrabelohorizonte.com.br\/guia\/lafaiete-participa-em-bh-de-imersao-que-fortalece-negocios\/#primaryimage"},"thumbnailUrl":"https:\/\/www.encontrabelohorizonte.com.br\/guia\/wp-content\/uploads\/2026\/06\/lafaiete-participa-em-bh-de-imersao-que-fortalece-negocios.webp","datePublished":"2026-06-19T10:57:37+00:00","author":{"@id":"https:\/\/www.encontrabelohorizonte.com.br\/guia\/#\/schema\/person\/6b792069f07fee9a700a7caa85fb85a9"},"inLanguage":"pt-BR","potentialAction":[{"@type":"ReadAction","target":["https:\/\/www.encontrabelohorizonte.com.br\/guia\/lafaiete-participa-em-bh-de-imersao-que-fortalece-negocios\/"]}]},{"@type":"ImageObject","inLanguage":"pt-BR","@id":"https:\/\/www.encontrabelohorizonte.com.br\/guia\/lafaiete-participa-em-bh-de-imersao-que-fortalece-negocios\/#primaryimage","url":"https:\/\/www.encontrabelohorizonte.com.br\/guia\/wp-content\/uploads\/2026\/06\/lafaiete-participa-em-bh-de-imersao-que-fortalece-negocios.webp","contentUrl":"https:\/\/www.encontrabelohorizonte.com.br\/guia\/wp-content\/uploads\/2026\/06\/lafaiete-participa-em-bh-de-imersao-que-fortalece-negocios.webp","width":280,"height":280},{"@type":"WebSite","@id":"https:\/\/www.encontrabelohorizonte.com.br\/guia\/#website","url":"https:\/\/www.encontrabelohorizonte.com.br\/guia\/","name":"Guia Comercial de Belo Horizonte MG","description":"ENCONTRA BELO HORIZONTE - O guia comercial de neg\u00f3cios e empresas, cultura e divers\u00e3o na cidade de Belo Horizonte. Feito 100% para voc\u00ea morador!","potentialAction":[{"@type":"SearchAction","target":{"@type":"EntryPoint","urlTemplate":"https:\/\/www.encontrabelohorizonte.com.br\/guia\/?s={search_term_string}"},"query-input":{"@type":"PropertyValueSpecification","valueRequired":true,"valueName":"search_term_string"}}],"inLanguage":"pt-BR"},{"@type":"Person","@id":"https:\/\/www.encontrabelohorizonte.com.br\/guia\/#\/schema\/person\/6b792069f07fee9a700a7caa85fb85a9","name":"Encontra Belo Horizonte","image":{"@type":"ImageObject","inLanguage":"pt-BR","@id":"https:\/\/secure.gravatar.com\/avatar\/c50c17820bcf322f0a8fd6b110b8c0918141409dc69076470f6fca5fee70a5d4?s=96&d=mm&r=g","url":"https:\/\/secure.gravatar.com\/avatar\/c50c17820bcf322f0a8fd6b110b8c0918141409dc69076470f6fca5fee70a5d4?s=96&d=mm&r=g","contentUrl":"https:\/\/secure.gravatar.com\/avatar\/c50c17820bcf322f0a8fd6b110b8c0918141409dc69076470f6fca5fee70a5d4?s=96&d=mm&r=g","caption":"Encontra Belo Horizonte"},"url":"https:\/\/www.encontrabelohorizonte.com.br\/guia\/author\/encontrabelohorizonte\/"}]}},"_links":{"self":[{"href":"https:\/\/www.encontrabelohorizonte.com.br\/guia\/wp-json\/wp\/v2\/posts\/14804","targetHints":{"allow":["GET"]}}],"collection":[{"href":"https:\/\/www.encontrabelohorizonte.com.br\/guia\/wp-json\/wp\/v2\/posts"}],"about":[{"href":"https:\/\/www.encontrabelohorizonte.com.br\/guia\/wp-json\/wp\/v2\/types\/post"}],"author":[{"embeddable":true,"href":"https:\/\/www.encontrabelohorizonte.com.br\/guia\/wp-json\/wp\/v2\/users\/1"}],"replies":[{"embeddable":true,"href":"https:\/\/www.encontrabelohorizonte.com.br\/guia\/wp-json\/wp\/v2\/comments?post=14804"}],"version-history":[{"count":0,"href":"https:\/\/www.encontrabelohorizonte.com.br\/guia\/wp-json\/wp\/v2\/posts\/14804\/revisions"}],"wp:featuredmedia":[{"embeddable":true,"href":"https:\/\/www.encontrabelohorizonte.com.br\/guia\/wp-json\/wp\/v2\/media\/14803"}],"wp:attachment":[{"href":"https:\/\/www.encontrabelohorizonte.com.br\/guia\/wp-json\/wp\/v2\/media?parent=14804"}],"wp:term":[{"taxonomy":"category","embeddable":true,"href":"https:\/\/www.encontrabelohorizonte.com.br\/guia\/wp-json\/wp\/v2\/categories?post=14804"},{"taxonomy":"post_tag","embeddable":true,"href":"https:\/\/www.encontrabelohorizonte.com.br\/guia\/wp-json\/wp\/v2\/tags?post=14804"}],"curies":[{"name":"wp","href":"https:\/\/api.w.org\/{rel}","templated":true}]}}