{"id":14812,"date":"2026-06-20T07:47:50","date_gmt":"2026-06-20T10:47:50","guid":{"rendered":"https:\/\/www.encontrabelohorizonte.com.br\/guia\/camara-promove-debate-em-bh-sobre-aumento-do-limite-de-faturamento-do-mei\/"},"modified":"2026-06-20T07:47:50","modified_gmt":"2026-06-20T10:47:50","slug":"camara-promove-debate-em-bh-sobre-aumento-do-limite-de-faturamento-do-mei","status":"publish","type":"post","link":"https:\/\/www.encontrabelohorizonte.com.br\/guia\/camara-promove-debate-em-bh-sobre-aumento-do-limite-de-faturamento-do-mei\/","title":{"rendered":"C\u00e2mara promove debate em BH sobre aumento do limite de faturamento do MEI"},"content":{"rendered":"<h2>Objetivo do Semin\u00e1rio<\/h2>\n<p>O semin\u00e1rio que ser\u00e1 realizado em Belo Horizonte (MG) tem como prop\u00f3sito fundamental discutir o Projeto de Lei Complementar (PLP) 108\/21. Este projeto prop\u00f5e um aumento significativo do limite de faturamento para os microempreendedores individuais (MEI), algo que pode impactar positivamente a formaliza\u00e7\u00e3o de pequenos neg\u00f3cios no pa\u00eds. O evento visa promover um di\u00e1logo entre as autoridades presentes, a sociedade civil e os representantes do setor produtivo, promovendo uma vis\u00e3o coletiva sobre a relev\u00e2ncia dessa mudan\u00e7a.<\/p>\n<h2>Detalhes do Projeto de Lei<\/h2>\n<p>O PLP 108\/21 \u00e9 uma proposta legislativa que, se aprovada, elevar\u00e1 o limite de faturamento anual para que um microempreendedor individual se mantenha na categoria de MEI de R$ 81 mil para R$ 130 mil. Al\u00e9m desse aumento no limite, a proposta permite que o MEI contrate at\u00e9 dois funcion\u00e1rios, duplicando a quantidade atual permitida. Essa mudan\u00e7a visa facilitar o crescimento dos pequenos neg\u00f3cios, permitindo que eles superem barreiras financeiras e contratem mais m\u00e3o de obra, estimulando a economia local.<\/p>\n<h2>Impacto na Categoria MEI<\/h2>\n<p>A eleva\u00e7\u00e3o do limite de faturamento traz v\u00e1rias implica\u00e7\u00f5es para a categoria de MEIs. Com uma maior flexibilidade financeira, os microempreendedores poder\u00e3o investir mais em seus neg\u00f3cios, expandindo suas opera\u00e7\u00f5es e aumentando a oferta de servi\u00e7os e produtos. Al\u00e9m disso, a possibilidade de contratar mais funcion\u00e1rios poder\u00e1 gerar novas oportunidades de emprego, contribuindo para a diminui\u00e7\u00e3o do desemprego. A formaliza\u00e7\u00e3o de pequenos neg\u00f3cios \u00e9 crucial para o desenvolvimento econ\u00f4mico e social do Brasil, e esse projeto \u00e9 um passo importante nesse sentido.<\/p>\n<p><img decoding=\"async\" src=\"https:\/\/www.encontrabelohorizonte.com.br\/guia\/wp-content\/uploads\/2026\/06\/camara-promove-debate-em-bh-sobre-aumento-do-limite-de-faturamento-do-mei.webp\" alt=\"\" loading=\"lazy\" \/><\/p>\n<h2>Import\u00e2ncia do MEI na Economia<\/h2>\n<p>A figura do microempreendedor individual (MEI) \u00e9 essencial para a economia brasileira. Criada para simplificar a formaliza\u00e7\u00e3o de pequenos neg\u00f3cios, a categoria MEI contribui para a gera\u00e7\u00e3o de emprego e renda, al\u00e9m de fomentar o empreendedorismo. Os MEIs t\u00eam participa\u00e7\u00e3o ativa em setores como com\u00e9rcio, servi\u00e7os e ind\u00fastria, e muitos deles se tornam motores de desenvolvimento local. As melhorias nas condi\u00e7\u00f5es para os MEIs, como as propostas no PLP 108\/21, t\u00eam o potencial de impulsionar esse segmento cada vez mais, beneficiando a economia como um todo.<\/p>\n<h2>Quem pode participar?<\/h2>\n<p>O semin\u00e1rio est\u00e1 aberto a todos os interessados que desejam participar das discuss\u00f5es sobre as mudan\u00e7as propostas para a categoria MEI. Isso inclui microempreendedores, representantes de entidades de classe, autoridades locais, e membros da sociedade civil. A inten\u00e7\u00e3o \u00e9 criar um ambiente colaborativo, onde diferentes opini\u00f5es e experi\u00eancias possam ser compartilhadas, enriquecendo o debate e gerando insights valiosos sobre a import\u00e2ncia do microempreendedorismo.<\/p>\n<h2>Quais as novidades propostas?<\/h2>\n<p>Dentre as novidades apresentadas no PLP 108\/21, destacam-se:<\/p>\n<ul>\n<li>Aumento do limite de faturamento de R$ 81 mil para R$ 130 mil;<\/li>\n<li>Aumento do n\u00famero de empregados permitidos de um para dois;<\/li>\n<li>Facilita\u00e7\u00e3o na formaliza\u00e7\u00e3o e na gest\u00e3o tribut\u00e1ria para os MEIs;<\/li>\n<li>Promo\u00e7\u00e3o de um ambiente favor\u00e1vel ao crescimento de pequenos neg\u00f3cios.<\/li>\n<\/ul>\n<h2>Data e Local do Evento<\/h2>\n<p>O semin\u00e1rio ocorrer\u00e1 no dia 23 de junho, \u00e0s 9h, no Audit\u00f3rio da Sede da Fecom\u00e9rcio\/MG, localizado na Rua Curitiba, 561, no Centro de Belo Horizonte. A escolha do local visa proporcionar um espa\u00e7o adequado para as discuss\u00f5es e promover a participa\u00e7\u00e3o ativa dos diversos stakeholders.<\/p>\n<h2>Inscri\u00e7\u00f5es para o semin\u00e1rio<\/h2>\n<p>As inscri\u00e7\u00f5es para participar do semin\u00e1rio podem ser realizadas online. Os interessados devem acessar o link disponibilizado e se registrar para garantir a sua participa\u00e7\u00e3o. \u00c9 uma oportunidade \u00fanica de se envolver nas discuss\u00f5es que podem moldar o futuro do microempreendedorismo em Minas Gerais e no Brasil.<\/p>\n<h2>Expectativas do Setor Produtivo<\/h2>\n<p>O setor produtivo espera que o semin\u00e1rio traga \u00e0 tona quest\u00f5es relevantes sobre os desafios e as oportunidades enfrentadas pelos microempreendedores. As autoridades e especialistas que estiverem presentes t\u00eam um papel fundamental em ouvir as demandas dos MEIs e considerar suas sugest\u00f5es para melhoria da legisla\u00e7\u00e3o. A expectativa \u00e9 que a proposta traga resultados pr\u00e1ticos e efetivos para os pequenos neg\u00f3cios, contribuindo para um futuro mais promissor e sustent\u00e1vel.<\/p>\n<h2>Convidados confirmados<\/h2>\n<p>O semin\u00e1rio contar\u00e1 com a presen\u00e7a de influentes representantes do setor, entre eles:<\/p>\n<ul>\n<li>Deputado Jorge Goetten (Republicanos-SC) &#8211; relator da comiss\u00e3o especial;<\/li>\n<li>Deputado Domingos S\u00e1vio (PL-MG) &#8211; coordenador do semin\u00e1rio;<\/li>\n<li>Nadim Elias Donato Filho &#8211; presidente do Sistema S de MG\/Fecom\u00e9rcio;<\/li>\n<li>Jos\u00e9 Cesar da Costa &#8211; presidente da CNDL\/MG;<\/li>\n<li>Frank Sinatra Santos Chaves &#8211; presidente da FCDL\/MG;<\/li>\n<li>Valmir Rodrigues &#8211; presidente da Federaminas;<\/li>\n<li>Jo\u00e3o Galassi &#8211; presidente da ABRAS;<\/li>\n<li>Cynthia Ciordaro de Carvalho &#8211; presidenta da Anamaco\/MG;<\/li>\n<li>Marcelo de Souza e Silva &#8211; presidente da CDL\/BH e do Sebrae\/MG;<\/li>\n<li>Leonardo Miguel Severini &#8211; presidente da ABAD.<\/li>\n<\/ul>\n","protected":false},"excerpt":{"rendered":"<p>C\u00e2mara promove semin\u00e1rio sobre aumento do limite de faturamento do MEI em BH.<\/p>\n","protected":false},"author":1,"featured_media":14811,"comment_status":"open","ping_status":"open","sticky":false,"template":"","format":"standard","meta":{"footnotes":""},"categories":[5],"tags":[],"class_list":["post-14812","post","type-post","status-publish","format-standard","has-post-thumbnail","hentry","category-noticias","has_thumb"],"yoast_head":"<!-- This site is optimized with the Yoast SEO plugin v28.2 - https:\/\/yoast.com\/product\/yoast-seo-wordpress\/ -->\n<title>C\u00e2mara promove debate em BH sobre aumento do limite de faturamento do MEI | Guia Comercial de Belo Horizonte MG<\/title>\n<meta name=\"robots\" content=\"index, follow, max-snippet:-1, max-image-preview:large, max-video-preview:-1\" \/>\n<link rel=\"canonical\" href=\"https:\/\/www.encontrabelohorizonte.com.br\/guia\/camara-promove-debate-em-bh-sobre-aumento-do-limite-de-faturamento-do-mei\/\" \/>\n<meta property=\"og:locale\" content=\"pt_BR\" \/>\n<meta property=\"og:type\" content=\"article\" \/>\n<meta property=\"og:title\" content=\"C\u00e2mara promove debate em BH sobre aumento do limite de faturamento do MEI | Guia Comercial de Belo Horizonte MG\" \/>\n<meta property=\"og:description\" content=\"C\u00e2mara promove semin\u00e1rio sobre aumento do limite de faturamento do MEI em BH.\" \/>\n<meta property=\"og:url\" content=\"https:\/\/www.encontrabelohorizonte.com.br\/guia\/camara-promove-debate-em-bh-sobre-aumento-do-limite-de-faturamento-do-mei\/\" \/>\n<meta property=\"og:site_name\" content=\"Guia Comercial de Belo Horizonte MG\" \/>\n<meta property=\"article:published_time\" content=\"2026-06-20T10:47:50+00:00\" \/>\n<meta property=\"og:image\" content=\"https:\/\/www.encontrabelohorizonte.com.br\/guia\/wp-content\/uploads\/2026\/06\/camara-promove-debate-em-bh-sobre-aumento-do-limite-de-faturamento-do-mei.webp\" \/>\n\t<meta property=\"og:image:width\" content=\"280\" \/>\n\t<meta property=\"og:image:height\" content=\"280\" \/>\n\t<meta property=\"og:image:type\" content=\"image\/webp\" \/>\n<meta name=\"author\" content=\"Encontra Belo Horizonte\" \/>\n<meta name=\"twitter:card\" content=\"summary_large_image\" \/>\n<meta name=\"twitter:label1\" content=\"Escrito por\" \/>\n\t<meta name=\"twitter:data1\" content=\"Encontra Belo Horizonte\" \/>\n\t<meta name=\"twitter:label2\" content=\"Est. tempo de leitura\" \/>\n\t<meta name=\"twitter:data2\" content=\"4 minutos\" \/>\n<script type=\"application\/ld+json\" class=\"yoast-schema-graph\">{\"@context\":\"https:\\\/\\\/schema.org\",\"@graph\":[{\"@type\":\"Article\",\"@id\":\"https:\\\/\\\/www.encontrabelohorizonte.com.br\\\/guia\\\/camara-promove-debate-em-bh-sobre-aumento-do-limite-de-faturamento-do-mei\\\/#article\",\"isPartOf\":{\"@id\":\"https:\\\/\\\/www.encontrabelohorizonte.com.br\\\/guia\\\/camara-promove-debate-em-bh-sobre-aumento-do-limite-de-faturamento-do-mei\\\/\"},\"author\":{\"name\":\"Encontra Belo Horizonte\",\"@id\":\"https:\\\/\\\/www.encontrabelohorizonte.com.br\\\/guia\\\/#\\\/schema\\\/person\\\/6b792069f07fee9a700a7caa85fb85a9\"},\"headline\":\"C\u00e2mara promove debate em BH sobre aumento do limite de faturamento do MEI\",\"datePublished\":\"2026-06-20T10:47:50+00:00\",\"mainEntityOfPage\":{\"@id\":\"https:\\\/\\\/www.encontrabelohorizonte.com.br\\\/guia\\\/camara-promove-debate-em-bh-sobre-aumento-do-limite-de-faturamento-do-mei\\\/\"},\"wordCount\":821,\"commentCount\":0,\"image\":{\"@id\":\"https:\\\/\\\/www.encontrabelohorizonte.com.br\\\/guia\\\/camara-promove-debate-em-bh-sobre-aumento-do-limite-de-faturamento-do-mei\\\/#primaryimage\"},\"thumbnailUrl\":\"https:\\\/\\\/www.encontrabelohorizonte.com.br\\\/guia\\\/wp-content\\\/uploads\\\/2026\\\/06\\\/camara-promove-debate-em-bh-sobre-aumento-do-limite-de-faturamento-do-mei.webp\",\"articleSection\":[\"Not\u00edcias Belo Horizonte\"],\"inLanguage\":\"pt-BR\",\"potentialAction\":[{\"@type\":\"CommentAction\",\"name\":\"Comment\",\"target\":[\"https:\\\/\\\/www.encontrabelohorizonte.com.br\\\/guia\\\/camara-promove-debate-em-bh-sobre-aumento-do-limite-de-faturamento-do-mei\\\/#respond\"]}]},{\"@type\":\"WebPage\",\"@id\":\"https:\\\/\\\/www.encontrabelohorizonte.com.br\\\/guia\\\/camara-promove-debate-em-bh-sobre-aumento-do-limite-de-faturamento-do-mei\\\/\",\"url\":\"https:\\\/\\\/www.encontrabelohorizonte.com.br\\\/guia\\\/camara-promove-debate-em-bh-sobre-aumento-do-limite-de-faturamento-do-mei\\\/\",\"name\":\"C\u00e2mara promove debate em BH sobre aumento do limite de faturamento do MEI | Guia Comercial de Belo Horizonte MG\",\"isPartOf\":{\"@id\":\"https:\\\/\\\/www.encontrabelohorizonte.com.br\\\/guia\\\/#website\"},\"primaryImageOfPage\":{\"@id\":\"https:\\\/\\\/www.encontrabelohorizonte.com.br\\\/guia\\\/camara-promove-debate-em-bh-sobre-aumento-do-limite-de-faturamento-do-mei\\\/#primaryimage\"},\"image\":{\"@id\":\"https:\\\/\\\/www.encontrabelohorizonte.com.br\\\/guia\\\/camara-promove-debate-em-bh-sobre-aumento-do-limite-de-faturamento-do-mei\\\/#primaryimage\"},\"thumbnailUrl\":\"https:\\\/\\\/www.encontrabelohorizonte.com.br\\\/guia\\\/wp-content\\\/uploads\\\/2026\\\/06\\\/camara-promove-debate-em-bh-sobre-aumento-do-limite-de-faturamento-do-mei.webp\",\"datePublished\":\"2026-06-20T10:47:50+00:00\",\"author\":{\"@id\":\"https:\\\/\\\/www.encontrabelohorizonte.com.br\\\/guia\\\/#\\\/schema\\\/person\\\/6b792069f07fee9a700a7caa85fb85a9\"},\"inLanguage\":\"pt-BR\",\"potentialAction\":[{\"@type\":\"ReadAction\",\"target\":[\"https:\\\/\\\/www.encontrabelohorizonte.com.br\\\/guia\\\/camara-promove-debate-em-bh-sobre-aumento-do-limite-de-faturamento-do-mei\\\/\"]}]},{\"@type\":\"ImageObject\",\"inLanguage\":\"pt-BR\",\"@id\":\"https:\\\/\\\/www.encontrabelohorizonte.com.br\\\/guia\\\/camara-promove-debate-em-bh-sobre-aumento-do-limite-de-faturamento-do-mei\\\/#primaryimage\",\"url\":\"https:\\\/\\\/www.encontrabelohorizonte.com.br\\\/guia\\\/wp-content\\\/uploads\\\/2026\\\/06\\\/camara-promove-debate-em-bh-sobre-aumento-do-limite-de-faturamento-do-mei.webp\",\"contentUrl\":\"https:\\\/\\\/www.encontrabelohorizonte.com.br\\\/guia\\\/wp-content\\\/uploads\\\/2026\\\/06\\\/camara-promove-debate-em-bh-sobre-aumento-do-limite-de-faturamento-do-mei.webp\",\"width\":280,\"height\":280},{\"@type\":\"WebSite\",\"@id\":\"https:\\\/\\\/www.encontrabelohorizonte.com.br\\\/guia\\\/#website\",\"url\":\"https:\\\/\\\/www.encontrabelohorizonte.com.br\\\/guia\\\/\",\"name\":\"Guia Comercial de Belo Horizonte MG\",\"description\":\"ENCONTRA BELO HORIZONTE - O guia comercial de neg\u00f3cios e empresas, cultura e divers\u00e3o na cidade de Belo Horizonte. Feito 100% para voc\u00ea morador!\",\"potentialAction\":[{\"@type\":\"SearchAction\",\"target\":{\"@type\":\"EntryPoint\",\"urlTemplate\":\"https:\\\/\\\/www.encontrabelohorizonte.com.br\\\/guia\\\/?s={search_term_string}\"},\"query-input\":{\"@type\":\"PropertyValueSpecification\",\"valueRequired\":true,\"valueName\":\"search_term_string\"}}],\"inLanguage\":\"pt-BR\"},{\"@type\":\"Person\",\"@id\":\"https:\\\/\\\/www.encontrabelohorizonte.com.br\\\/guia\\\/#\\\/schema\\\/person\\\/6b792069f07fee9a700a7caa85fb85a9\",\"name\":\"Encontra Belo Horizonte\",\"image\":{\"@type\":\"ImageObject\",\"inLanguage\":\"pt-BR\",\"@id\":\"https:\\\/\\\/secure.gravatar.com\\\/avatar\\\/c50c17820bcf322f0a8fd6b110b8c0918141409dc69076470f6fca5fee70a5d4?s=96&d=mm&r=g\",\"url\":\"https:\\\/\\\/secure.gravatar.com\\\/avatar\\\/c50c17820bcf322f0a8fd6b110b8c0918141409dc69076470f6fca5fee70a5d4?s=96&d=mm&r=g\",\"contentUrl\":\"https:\\\/\\\/secure.gravatar.com\\\/avatar\\\/c50c17820bcf322f0a8fd6b110b8c0918141409dc69076470f6fca5fee70a5d4?s=96&d=mm&r=g\",\"caption\":\"Encontra Belo Horizonte\"},\"url\":\"https:\\\/\\\/www.encontrabelohorizonte.com.br\\\/guia\\\/author\\\/encontrabelohorizonte\\\/\"}]}<\/script>\n<!-- \/ Yoast SEO plugin. -->","yoast_head_json":{"title":"C\u00e2mara promove debate em BH sobre aumento do limite de faturamento do MEI | Guia Comercial de Belo Horizonte MG","robots":{"index":"index","follow":"follow","max-snippet":"max-snippet:-1","max-image-preview":"max-image-preview:large","max-video-preview":"max-video-preview:-1"},"canonical":"https:\/\/www.encontrabelohorizonte.com.br\/guia\/camara-promove-debate-em-bh-sobre-aumento-do-limite-de-faturamento-do-mei\/","og_locale":"pt_BR","og_type":"article","og_title":"C\u00e2mara promove debate em BH sobre aumento do limite de faturamento do MEI | Guia Comercial de Belo Horizonte MG","og_description":"C\u00e2mara promove semin\u00e1rio sobre aumento do limite de faturamento do MEI em BH.","og_url":"https:\/\/www.encontrabelohorizonte.com.br\/guia\/camara-promove-debate-em-bh-sobre-aumento-do-limite-de-faturamento-do-mei\/","og_site_name":"Guia Comercial de Belo Horizonte MG","article_published_time":"2026-06-20T10:47:50+00:00","og_image":[{"width":280,"height":280,"url":"https:\/\/www.encontrabelohorizonte.com.br\/guia\/wp-content\/uploads\/2026\/06\/camara-promove-debate-em-bh-sobre-aumento-do-limite-de-faturamento-do-mei.webp","type":"image\/webp"}],"author":"Encontra Belo Horizonte","twitter_card":"summary_large_image","twitter_misc":{"Escrito por":"Encontra Belo Horizonte","Est. tempo de leitura":"4 minutos"},"schema":{"@context":"https:\/\/schema.org","@graph":[{"@type":"Article","@id":"https:\/\/www.encontrabelohorizonte.com.br\/guia\/camara-promove-debate-em-bh-sobre-aumento-do-limite-de-faturamento-do-mei\/#article","isPartOf":{"@id":"https:\/\/www.encontrabelohorizonte.com.br\/guia\/camara-promove-debate-em-bh-sobre-aumento-do-limite-de-faturamento-do-mei\/"},"author":{"name":"Encontra Belo Horizonte","@id":"https:\/\/www.encontrabelohorizonte.com.br\/guia\/#\/schema\/person\/6b792069f07fee9a700a7caa85fb85a9"},"headline":"C\u00e2mara promove debate em BH sobre aumento do limite de faturamento do MEI","datePublished":"2026-06-20T10:47:50+00:00","mainEntityOfPage":{"@id":"https:\/\/www.encontrabelohorizonte.com.br\/guia\/camara-promove-debate-em-bh-sobre-aumento-do-limite-de-faturamento-do-mei\/"},"wordCount":821,"commentCount":0,"image":{"@id":"https:\/\/www.encontrabelohorizonte.com.br\/guia\/camara-promove-debate-em-bh-sobre-aumento-do-limite-de-faturamento-do-mei\/#primaryimage"},"thumbnailUrl":"https:\/\/www.encontrabelohorizonte.com.br\/guia\/wp-content\/uploads\/2026\/06\/camara-promove-debate-em-bh-sobre-aumento-do-limite-de-faturamento-do-mei.webp","articleSection":["Not\u00edcias Belo Horizonte"],"inLanguage":"pt-BR","potentialAction":[{"@type":"CommentAction","name":"Comment","target":["https:\/\/www.encontrabelohorizonte.com.br\/guia\/camara-promove-debate-em-bh-sobre-aumento-do-limite-de-faturamento-do-mei\/#respond"]}]},{"@type":"WebPage","@id":"https:\/\/www.encontrabelohorizonte.com.br\/guia\/camara-promove-debate-em-bh-sobre-aumento-do-limite-de-faturamento-do-mei\/","url":"https:\/\/www.encontrabelohorizonte.com.br\/guia\/camara-promove-debate-em-bh-sobre-aumento-do-limite-de-faturamento-do-mei\/","name":"C\u00e2mara promove debate em BH sobre aumento do limite de faturamento do MEI | Guia Comercial de Belo Horizonte MG","isPartOf":{"@id":"https:\/\/www.encontrabelohorizonte.com.br\/guia\/#website"},"primaryImageOfPage":{"@id":"https:\/\/www.encontrabelohorizonte.com.br\/guia\/camara-promove-debate-em-bh-sobre-aumento-do-limite-de-faturamento-do-mei\/#primaryimage"},"image":{"@id":"https:\/\/www.encontrabelohorizonte.com.br\/guia\/camara-promove-debate-em-bh-sobre-aumento-do-limite-de-faturamento-do-mei\/#primaryimage"},"thumbnailUrl":"https:\/\/www.encontrabelohorizonte.com.br\/guia\/wp-content\/uploads\/2026\/06\/camara-promove-debate-em-bh-sobre-aumento-do-limite-de-faturamento-do-mei.webp","datePublished":"2026-06-20T10:47:50+00:00","author":{"@id":"https:\/\/www.encontrabelohorizonte.com.br\/guia\/#\/schema\/person\/6b792069f07fee9a700a7caa85fb85a9"},"inLanguage":"pt-BR","potentialAction":[{"@type":"ReadAction","target":["https:\/\/www.encontrabelohorizonte.com.br\/guia\/camara-promove-debate-em-bh-sobre-aumento-do-limite-de-faturamento-do-mei\/"]}]},{"@type":"ImageObject","inLanguage":"pt-BR","@id":"https:\/\/www.encontrabelohorizonte.com.br\/guia\/camara-promove-debate-em-bh-sobre-aumento-do-limite-de-faturamento-do-mei\/#primaryimage","url":"https:\/\/www.encontrabelohorizonte.com.br\/guia\/wp-content\/uploads\/2026\/06\/camara-promove-debate-em-bh-sobre-aumento-do-limite-de-faturamento-do-mei.webp","contentUrl":"https:\/\/www.encontrabelohorizonte.com.br\/guia\/wp-content\/uploads\/2026\/06\/camara-promove-debate-em-bh-sobre-aumento-do-limite-de-faturamento-do-mei.webp","width":280,"height":280},{"@type":"WebSite","@id":"https:\/\/www.encontrabelohorizonte.com.br\/guia\/#website","url":"https:\/\/www.encontrabelohorizonte.com.br\/guia\/","name":"Guia Comercial de Belo Horizonte MG","description":"ENCONTRA BELO HORIZONTE - O guia comercial de neg\u00f3cios e empresas, cultura e divers\u00e3o na cidade de Belo Horizonte. Feito 100% para voc\u00ea morador!","potentialAction":[{"@type":"SearchAction","target":{"@type":"EntryPoint","urlTemplate":"https:\/\/www.encontrabelohorizonte.com.br\/guia\/?s={search_term_string}"},"query-input":{"@type":"PropertyValueSpecification","valueRequired":true,"valueName":"search_term_string"}}],"inLanguage":"pt-BR"},{"@type":"Person","@id":"https:\/\/www.encontrabelohorizonte.com.br\/guia\/#\/schema\/person\/6b792069f07fee9a700a7caa85fb85a9","name":"Encontra Belo Horizonte","image":{"@type":"ImageObject","inLanguage":"pt-BR","@id":"https:\/\/secure.gravatar.com\/avatar\/c50c17820bcf322f0a8fd6b110b8c0918141409dc69076470f6fca5fee70a5d4?s=96&d=mm&r=g","url":"https:\/\/secure.gravatar.com\/avatar\/c50c17820bcf322f0a8fd6b110b8c0918141409dc69076470f6fca5fee70a5d4?s=96&d=mm&r=g","contentUrl":"https:\/\/secure.gravatar.com\/avatar\/c50c17820bcf322f0a8fd6b110b8c0918141409dc69076470f6fca5fee70a5d4?s=96&d=mm&r=g","caption":"Encontra Belo Horizonte"},"url":"https:\/\/www.encontrabelohorizonte.com.br\/guia\/author\/encontrabelohorizonte\/"}]}},"_links":{"self":[{"href":"https:\/\/www.encontrabelohorizonte.com.br\/guia\/wp-json\/wp\/v2\/posts\/14812","targetHints":{"allow":["GET"]}}],"collection":[{"href":"https:\/\/www.encontrabelohorizonte.com.br\/guia\/wp-json\/wp\/v2\/posts"}],"about":[{"href":"https:\/\/www.encontrabelohorizonte.com.br\/guia\/wp-json\/wp\/v2\/types\/post"}],"author":[{"embeddable":true,"href":"https:\/\/www.encontrabelohorizonte.com.br\/guia\/wp-json\/wp\/v2\/users\/1"}],"replies":[{"embeddable":true,"href":"https:\/\/www.encontrabelohorizonte.com.br\/guia\/wp-json\/wp\/v2\/comments?post=14812"}],"version-history":[{"count":0,"href":"https:\/\/www.encontrabelohorizonte.com.br\/guia\/wp-json\/wp\/v2\/posts\/14812\/revisions"}],"wp:featuredmedia":[{"embeddable":true,"href":"https:\/\/www.encontrabelohorizonte.com.br\/guia\/wp-json\/wp\/v2\/media\/14811"}],"wp:attachment":[{"href":"https:\/\/www.encontrabelohorizonte.com.br\/guia\/wp-json\/wp\/v2\/media?parent=14812"}],"wp:term":[{"taxonomy":"category","embeddable":true,"href":"https:\/\/www.encontrabelohorizonte.com.br\/guia\/wp-json\/wp\/v2\/categories?post=14812"},{"taxonomy":"post_tag","embeddable":true,"href":"https:\/\/www.encontrabelohorizonte.com.br\/guia\/wp-json\/wp\/v2\/tags?post=14812"}],"curies":[{"name":"wp","href":"https:\/\/api.w.org\/{rel}","templated":true}]}}