{"id":14834,"date":"2026-06-24T05:42:51","date_gmt":"2026-06-24T08:42:51","guid":{"rendered":"https:\/\/www.encontrabelohorizonte.com.br\/guia\/campanha-de-multivacinacao-mobiliza-bh-e-regiao-neste-sabado-veja-locais\/"},"modified":"2026-06-24T05:42:51","modified_gmt":"2026-06-24T08:42:51","slug":"campanha-de-multivacinacao-mobiliza-bh-e-regiao-neste-sabado-veja-locais","status":"publish","type":"post","link":"https:\/\/www.encontrabelohorizonte.com.br\/guia\/campanha-de-multivacinacao-mobiliza-bh-e-regiao-neste-sabado-veja-locais\/","title":{"rendered":"Campanha de multivacina\u00e7\u00e3o mobiliza BH e regi\u00e3o neste s\u00e1bado; veja locais"},"content":{"rendered":"<h2>Locais de Vacina\u00e7\u00e3o em Belo Horizonte<\/h2>\n<p>A cidade de Belo Horizonte se prepara para receber um grande n\u00famero de crian\u00e7as e adolescentes em busca de atualiza\u00e7\u00e3o na caderneta de vacina\u00e7\u00e3o. Neste s\u00e1bado, 20 de junho, ser\u00e3o mais de 154 centros de sa\u00fade dispon\u00edveis na capital mineira. A vacina\u00e7\u00e3o ocorrer\u00e1 das 8h \u00e0s 17h, garantindo que as fam\u00edlias tenham acesso a uma s\u00e9rie de imuniza\u00e7\u00f5es essenciais para a sa\u00fade dos menores de 15 anos.<\/p>\n<p>Os locais foram preparados para receber um fluxo consider\u00e1vel de pessoas, com profissionais capacitados para administrar as vacinas e garantir que todas as diretrizes de seguran\u00e7a e higiene sejam seguidas.<\/p>\n<p>Para facilitar a localiza\u00e7\u00e3o dos postos, a prefeitura disponibiliza informa\u00e7\u00f5es detalhadas e acesso f\u00e1cil a todos os pontos atrav\u00e9s do site oficial.<\/p>\n<p><img decoding=\"async\" src=\"https:\/\/www.encontrabelohorizonte.com.br\/guia\/wp-content\/uploads\/2026\/06\/campanha-de-multivacinacao-mobiliza-bh-e-regiao-neste-sabado-veja-locais.webp\" alt=\"multivacina\u00e7\u00e3o\" loading=\"lazy\" \/><\/p>\n<h2>Como Participar da Campanha de Multivacina\u00e7\u00e3o<\/h2>\n<p>A participa\u00e7\u00e3o na campanha de multivacina\u00e7\u00e3o \u00e9 simples e acess\u00edvel a todos. Os pais ou respons\u00e1veis devem levar suas crian\u00e7as e adolescentes aos postos de sa\u00fade durante o hor\u00e1rio de atendimento. \u00c9 fundamental levar consigo o cart\u00e3o de vacina\u00e7\u00e3o e um documento de identifica\u00e7\u00e3o da crian\u00e7a.<\/p>\n<p>Al\u00e9m de facilitar o acesso \u00e0s vacinas, a campanha busca conscientizar os respons\u00e1veis sobre a import\u00e2ncia da atualiza\u00e7\u00e3o do calend\u00e1rio vacinal. Portanto, a presen\u00e7a das fam\u00edlias \u00e9 essencial para garantir uma cobertura vacinal adequada e a prote\u00e7\u00e3o da sa\u00fade da popula\u00e7\u00e3o.<\/p>\n<h2>Import\u00e2ncia da Vacina\u00e7\u00e3o para Crian\u00e7as<\/h2>\n<p>A vacina\u00e7\u00e3o \u00e9 um aspecto fundamental da sa\u00fade p\u00fablica, especialmente na inf\u00e2ncia. As vacinas s\u00e3o respons\u00e1veis por prevenir diversas doen\u00e7as que podem ser graves e at\u00e9 mesmo fatais. Imunizando as crian\u00e7as, n\u00e3o apenas se protege a sa\u00fade individual, mas tamb\u00e9m se contribui para a sa\u00fade coletiva, evitando surtos e epidemias.<\/p>\n<p>Al\u00e9m disso, a vacina\u00e7\u00e3o ajuda a desenvolver a imunidade da crian\u00e7a, garantindo que o sistema imunol\u00f3gico esteja preparado para lidar com infec\u00e7\u00f5es futuras. A ades\u00e3o \u00e0 vacina\u00e7\u00e3o \u00e9 um compromisso com o futuro, promovendo n\u00e3o apenas a sa\u00fade da popula\u00e7\u00e3o atual, mas garantindo um ambiente mais seguro para as pr\u00f3ximas gera\u00e7\u00f5es.<\/p>\n<h2>Doen\u00e7as Preven\u00edveis com a Multivacina\u00e7\u00e3o<\/h2>\n<p>Durante a campanha de multivacina\u00e7\u00e3o, diversas vacinas estar\u00e3o dispon\u00edveis, cobrindo uma s\u00e9rie de doen\u00e7as. As vacinas frequentemente incluem:<\/p>\n<ul>\n<li><strong>P\u00f3lio:<\/strong> Previne a poliomielite, uma doen\u00e7a que pode causar paralisia.<\/li>\n<li><strong>HPV:<\/strong> Protege contra o papilomav\u00edrus humano, que pode levar a c\u00e2ncer.<\/li>\n<li><strong>Febre Amarela:<\/strong> Prev\u00ea a febre amarela, uma doen\u00e7a viral grave.<\/li>\n<li><strong>Hepatites A e B:<\/strong> Protegem contra infec\u00e7\u00f5es do f\u00edgado.<\/li>\n<li><strong>Meningite:<\/strong> Varia\u00e7\u00f5es vacinais que previnem diferentes tipos de meningite bacteriana.<\/li>\n<\/ul>\n<p>Estas vacinas fazem parte do calend\u00e1rio nacional e s\u00e3o essenciais para a forma\u00e7\u00e3o de uma barreira imunol\u00f3gica robusta na popula\u00e7\u00e3o infantil.<\/p>\n<h2>Documentos Necess\u00e1rios para Vacina\u00e7\u00e3o<\/h2>\n<p>Para que a vacina\u00e7\u00e3o ocorra de forma eficaz, \u00e9 necess\u00e1rio apresentar alguns documentos. Os principais documentos requeridos incluem:<\/p>\n<ul>\n<li><strong>Cart\u00e3o de Vacina\u00e7\u00e3o:<\/strong> Para que os profissionais de sa\u00fade possam verificar se as vacinas est\u00e3o em dia ou se h\u00e1 necessidade de atualiza\u00e7\u00e3o.<\/li>\n<li><strong>Documento de Identidade do Respons\u00e1vel:<\/strong> Para garantir a identifica\u00e7\u00e3o correta da crian\u00e7a e do respons\u00e1vel durante o atendimento.<\/li>\n<\/ul>\n<p>\u00c9 importante que os pais ou respons\u00e1veis se certifiquem de que t\u00eam toda a documenta\u00e7\u00e3o em m\u00e3os antes de se dirigirem aos postos de vacina\u00e7\u00e3o a fim de evitar contratempos.<\/p>\n<h2>Hor\u00e1rios de Atendimento em Cidades Vizinhas<\/h2>\n<p>Al\u00e9m de Belo Horizonte, outras cidades da regi\u00e3o metropolitana tamb\u00e9m participar\u00e3o da campanha de multivacina\u00e7\u00e3o no dia 20 de junho. As cidades incluem:<\/p>\n<ul>\n<li><strong>Contagem:<\/strong> Atendimento das 8h30 \u00e0s 16h30 nas Unidades B\u00e1sicas de Sa\u00fade.<\/li>\n<li><strong>Betim:<\/strong> Vacina\u00e7\u00e3o das 8h \u00e0s 17h nas UBSs e com a presen\u00e7a do Vacim\u00f3vel na Pra\u00e7a do Encontro.<\/li>\n<li><strong>Nova Lima:<\/strong> Postos de vacina\u00e7\u00e3o dispon\u00edveis das 8h \u00e0s 17h com algumas UBSs atendendo at\u00e9 \u00e0s 16h.<\/li>\n<li><strong>Ribeir\u00e3o das Neves:<\/strong> Todas as salas de vacina\u00e7\u00e3o estar\u00e3o abertas das 8h \u00e0s 17h, incluindo o Vacim\u00f3vel na Pra\u00e7a Central.<\/li>\n<\/ul>\n<p>Esses hor\u00e1rios ampliam as oportunidades para as fam\u00edlias se vacinarem e garantirem a sa\u00fade dos filhos.<\/p>\n<h2>Vacinas Dispon\u00edveis para Jovens<\/h2>\n<p>As vacinas oferecidas durante a campanha s\u00e3o variadas e espec\u00edficas para diferentes faixas et\u00e1rias. \u00c9 importante que os respons\u00e1veis consultem os profissionais de sa\u00fade sobre quais vacinas est\u00e3o dispon\u00edveis para cada idade e situa\u00e7\u00e3o vacinal da crian\u00e7a ou adolescente.<\/p>\n<p>Durante a campanha, estar\u00e3o dispon\u00edveis imuniza\u00e7\u00f5es contra doen\u00e7as diversas, como sarampo, rub\u00e9ola, caxumba, hepatites, e muitas outras. A variedade assegura que a maioria das crian\u00e7as e adolescentes esteja coberta contra as doen\u00e7as mais prevalentes na regi\u00e3o.<\/p>\n<h2>Dicas para Atualizar a Caderneta de Vacina\u00e7\u00e3o<\/h2>\n<p>Atualizar a caderneta de vacina\u00e7\u00e3o \u00e9 crucial para manter a sa\u00fade das crian\u00e7as e prevenir doen\u00e7as. Algumas dicas \u00fateis incluem:<\/p>\n<ul>\n<li><strong>Verifique Regularmente:<\/strong> Cheque periodicamente a caderneta de vacina\u00e7\u00e3o para garantir que todas as vacinas necess\u00e1rias tenham sido administradas.<\/li>\n<li><strong>Agende Consultas:<\/strong> Sempre que poss\u00edvel, agende consultas de rotina para que o pediatra possa revisar a caderneta e recomendar vacinas atualizadas.<\/li>\n<li><strong>Educa\u00e7\u00e3o:<\/strong> Informe-se sobre as vacinas dispon\u00edveis, suas import\u00e2ncias e os calend\u00e1rios vacinais.<\/li>\n<\/ul>\n<p>Mantendo a caderneta em dia, os respons\u00e1veis garantem um melhor estado de sa\u00fade para suas crian\u00e7as.<\/p>\n<h2>Impacto da Vacina\u00e7\u00e3o na Sa\u00fade P\u00fablica<\/h2>\n<p>A vacina\u00e7\u00e3o tem um efeito direto e positivo na sa\u00fade p\u00fablica. Com um aumento na taxa de vacina\u00e7\u00e3o, \u00e9 poss\u00edvel notar uma redu\u00e7\u00e3o no n\u00famero de surtos epidemiol\u00f3gicos. Ao vacinar a popula\u00e7\u00e3o jovem, tamb\u00e9m se cria uma barreira contra a propaga\u00e7\u00e3o de doen\u00e7as, protegendo n\u00e3o apenas as crian\u00e7as vacinadas, mas toda a comunidade.<\/p>\n<p>A diminui\u00e7\u00e3o da incid\u00eancia de doen\u00e7as como sarampo e meningite \u00e9 um importante indicador do sucesso das campanhas de vacina\u00e7\u00e3o. Assim, a coopera\u00e7\u00e3o da popula\u00e7\u00e3o \u00e9 vital para a manuten\u00e7\u00e3o de \u00edndices satisfat\u00f3rios de imuniza\u00e7\u00e3o.<\/p>\n<h2>A\u00e7\u00f5es Futuras da Campanha de Vacina\u00e7\u00e3o<\/h2>\n<p>A campanha de multivacina\u00e7\u00e3o n\u00e3o se limita apenas a um \u00fanico dia. Al\u00e9m do evento em 20 de junho, ser\u00e3o programadas outras a\u00e7\u00f5es para garantir a cont\u00ednua atualiza\u00e7\u00e3o das cadernetas de vacina\u00e7\u00e3o.<\/p>\n<p>O governo local planeja realizar campanhas de conscientiza\u00e7\u00e3o e distribui\u00e7\u00e3o de vacinas em datas espec\u00edficas ao longo do ano, al\u00e9m de atividades de educa\u00e7\u00e3o em sa\u00fade nas escolas e comunidades, refor\u00e7ando a import\u00e2ncia da vacina\u00e7\u00e3o para a sa\u00fade coletiva.<\/p>\n<p>Com o empenho das autoridades e a colabora\u00e7\u00e3o da popula\u00e7\u00e3o, espera-se aumentar ainda mais as taxas de cobertura vacinal e proteger a sa\u00fade dos jovens.<\/p>\n","protected":false},"excerpt":{"rendered":"<p>Multivacina\u00e7\u00e3o em BH promete proteger crian\u00e7as durante a\u00e7\u00e3o em diversas localidades.<\/p>\n","protected":false},"author":1,"featured_media":14833,"comment_status":"open","ping_status":"open","sticky":false,"template":"","format":"standard","meta":{"footnotes":""},"categories":[5],"tags":[],"class_list":["post-14834","post","type-post","status-publish","format-standard","has-post-thumbnail","hentry","category-noticias","has_thumb"],"yoast_head":"<!-- This site is optimized with the Yoast SEO plugin v28.2 - https:\/\/yoast.com\/product\/yoast-seo-wordpress\/ -->\n<title>Campanha de multivacina\u00e7\u00e3o mobiliza BH e regi\u00e3o neste s\u00e1bado; veja locais | Guia Comercial de Belo Horizonte MG<\/title>\n<meta name=\"robots\" content=\"index, follow, max-snippet:-1, max-image-preview:large, max-video-preview:-1\" \/>\n<link rel=\"canonical\" href=\"https:\/\/www.encontrabelohorizonte.com.br\/guia\/campanha-de-multivacinacao-mobiliza-bh-e-regiao-neste-sabado-veja-locais\/\" \/>\n<meta property=\"og:locale\" content=\"pt_BR\" \/>\n<meta property=\"og:type\" content=\"article\" \/>\n<meta property=\"og:title\" content=\"Campanha de multivacina\u00e7\u00e3o mobiliza BH e regi\u00e3o neste s\u00e1bado; veja locais | Guia Comercial de Belo Horizonte MG\" \/>\n<meta property=\"og:description\" content=\"Multivacina\u00e7\u00e3o em BH promete proteger crian\u00e7as durante a\u00e7\u00e3o em diversas localidades.\" \/>\n<meta property=\"og:url\" content=\"https:\/\/www.encontrabelohorizonte.com.br\/guia\/campanha-de-multivacinacao-mobiliza-bh-e-regiao-neste-sabado-veja-locais\/\" \/>\n<meta property=\"og:site_name\" content=\"Guia Comercial de Belo Horizonte MG\" \/>\n<meta property=\"article:published_time\" content=\"2026-06-24T08:42:51+00:00\" \/>\n<meta property=\"og:image\" content=\"https:\/\/www.encontrabelohorizonte.com.br\/guia\/wp-content\/uploads\/2026\/06\/campanha-de-multivacinacao-mobiliza-bh-e-regiao-neste-sabado-veja-locais.webp\" \/>\n\t<meta property=\"og:image:width\" content=\"280\" \/>\n\t<meta property=\"og:image:height\" content=\"280\" \/>\n\t<meta property=\"og:image:type\" content=\"image\/webp\" \/>\n<meta name=\"author\" content=\"Encontra Belo Horizonte\" \/>\n<meta name=\"twitter:card\" content=\"summary_large_image\" \/>\n<meta name=\"twitter:label1\" content=\"Escrito por\" \/>\n\t<meta name=\"twitter:data1\" content=\"Encontra Belo Horizonte\" \/>\n\t<meta name=\"twitter:label2\" content=\"Est. tempo de leitura\" \/>\n\t<meta name=\"twitter:data2\" content=\"6 minutos\" \/>\n<script type=\"application\/ld+json\" class=\"yoast-schema-graph\">{\"@context\":\"https:\\\/\\\/schema.org\",\"@graph\":[{\"@type\":\"Article\",\"@id\":\"https:\\\/\\\/www.encontrabelohorizonte.com.br\\\/guia\\\/campanha-de-multivacinacao-mobiliza-bh-e-regiao-neste-sabado-veja-locais\\\/#article\",\"isPartOf\":{\"@id\":\"https:\\\/\\\/www.encontrabelohorizonte.com.br\\\/guia\\\/campanha-de-multivacinacao-mobiliza-bh-e-regiao-neste-sabado-veja-locais\\\/\"},\"author\":{\"name\":\"Encontra Belo Horizonte\",\"@id\":\"https:\\\/\\\/www.encontrabelohorizonte.com.br\\\/guia\\\/#\\\/schema\\\/person\\\/6b792069f07fee9a700a7caa85fb85a9\"},\"headline\":\"Campanha de multivacina\u00e7\u00e3o mobiliza BH e regi\u00e3o neste s\u00e1bado; veja locais\",\"datePublished\":\"2026-06-24T08:42:51+00:00\",\"mainEntityOfPage\":{\"@id\":\"https:\\\/\\\/www.encontrabelohorizonte.com.br\\\/guia\\\/campanha-de-multivacinacao-mobiliza-bh-e-regiao-neste-sabado-veja-locais\\\/\"},\"wordCount\":1199,\"commentCount\":0,\"image\":{\"@id\":\"https:\\\/\\\/www.encontrabelohorizonte.com.br\\\/guia\\\/campanha-de-multivacinacao-mobiliza-bh-e-regiao-neste-sabado-veja-locais\\\/#primaryimage\"},\"thumbnailUrl\":\"https:\\\/\\\/www.encontrabelohorizonte.com.br\\\/guia\\\/wp-content\\\/uploads\\\/2026\\\/06\\\/campanha-de-multivacinacao-mobiliza-bh-e-regiao-neste-sabado-veja-locais.webp\",\"articleSection\":[\"Not\u00edcias Belo Horizonte\"],\"inLanguage\":\"pt-BR\",\"potentialAction\":[{\"@type\":\"CommentAction\",\"name\":\"Comment\",\"target\":[\"https:\\\/\\\/www.encontrabelohorizonte.com.br\\\/guia\\\/campanha-de-multivacinacao-mobiliza-bh-e-regiao-neste-sabado-veja-locais\\\/#respond\"]}]},{\"@type\":\"WebPage\",\"@id\":\"https:\\\/\\\/www.encontrabelohorizonte.com.br\\\/guia\\\/campanha-de-multivacinacao-mobiliza-bh-e-regiao-neste-sabado-veja-locais\\\/\",\"url\":\"https:\\\/\\\/www.encontrabelohorizonte.com.br\\\/guia\\\/campanha-de-multivacinacao-mobiliza-bh-e-regiao-neste-sabado-veja-locais\\\/\",\"name\":\"Campanha de multivacina\u00e7\u00e3o mobiliza BH e regi\u00e3o neste s\u00e1bado; veja locais | Guia Comercial de Belo Horizonte MG\",\"isPartOf\":{\"@id\":\"https:\\\/\\\/www.encontrabelohorizonte.com.br\\\/guia\\\/#website\"},\"primaryImageOfPage\":{\"@id\":\"https:\\\/\\\/www.encontrabelohorizonte.com.br\\\/guia\\\/campanha-de-multivacinacao-mobiliza-bh-e-regiao-neste-sabado-veja-locais\\\/#primaryimage\"},\"image\":{\"@id\":\"https:\\\/\\\/www.encontrabelohorizonte.com.br\\\/guia\\\/campanha-de-multivacinacao-mobiliza-bh-e-regiao-neste-sabado-veja-locais\\\/#primaryimage\"},\"thumbnailUrl\":\"https:\\\/\\\/www.encontrabelohorizonte.com.br\\\/guia\\\/wp-content\\\/uploads\\\/2026\\\/06\\\/campanha-de-multivacinacao-mobiliza-bh-e-regiao-neste-sabado-veja-locais.webp\",\"datePublished\":\"2026-06-24T08:42:51+00:00\",\"author\":{\"@id\":\"https:\\\/\\\/www.encontrabelohorizonte.com.br\\\/guia\\\/#\\\/schema\\\/person\\\/6b792069f07fee9a700a7caa85fb85a9\"},\"inLanguage\":\"pt-BR\",\"potentialAction\":[{\"@type\":\"ReadAction\",\"target\":[\"https:\\\/\\\/www.encontrabelohorizonte.com.br\\\/guia\\\/campanha-de-multivacinacao-mobiliza-bh-e-regiao-neste-sabado-veja-locais\\\/\"]}]},{\"@type\":\"ImageObject\",\"inLanguage\":\"pt-BR\",\"@id\":\"https:\\\/\\\/www.encontrabelohorizonte.com.br\\\/guia\\\/campanha-de-multivacinacao-mobiliza-bh-e-regiao-neste-sabado-veja-locais\\\/#primaryimage\",\"url\":\"https:\\\/\\\/www.encontrabelohorizonte.com.br\\\/guia\\\/wp-content\\\/uploads\\\/2026\\\/06\\\/campanha-de-multivacinacao-mobiliza-bh-e-regiao-neste-sabado-veja-locais.webp\",\"contentUrl\":\"https:\\\/\\\/www.encontrabelohorizonte.com.br\\\/guia\\\/wp-content\\\/uploads\\\/2026\\\/06\\\/campanha-de-multivacinacao-mobiliza-bh-e-regiao-neste-sabado-veja-locais.webp\",\"width\":280,\"height\":280,\"caption\":\"multivacina\u00e7\u00e3o\"},{\"@type\":\"WebSite\",\"@id\":\"https:\\\/\\\/www.encontrabelohorizonte.com.br\\\/guia\\\/#website\",\"url\":\"https:\\\/\\\/www.encontrabelohorizonte.com.br\\\/guia\\\/\",\"name\":\"Guia Comercial de Belo Horizonte MG\",\"description\":\"ENCONTRA BELO HORIZONTE - O guia comercial de neg\u00f3cios e empresas, cultura e divers\u00e3o na cidade de Belo Horizonte. Feito 100% para voc\u00ea morador!\",\"potentialAction\":[{\"@type\":\"SearchAction\",\"target\":{\"@type\":\"EntryPoint\",\"urlTemplate\":\"https:\\\/\\\/www.encontrabelohorizonte.com.br\\\/guia\\\/?s={search_term_string}\"},\"query-input\":{\"@type\":\"PropertyValueSpecification\",\"valueRequired\":true,\"valueName\":\"search_term_string\"}}],\"inLanguage\":\"pt-BR\"},{\"@type\":\"Person\",\"@id\":\"https:\\\/\\\/www.encontrabelohorizonte.com.br\\\/guia\\\/#\\\/schema\\\/person\\\/6b792069f07fee9a700a7caa85fb85a9\",\"name\":\"Encontra Belo Horizonte\",\"image\":{\"@type\":\"ImageObject\",\"inLanguage\":\"pt-BR\",\"@id\":\"https:\\\/\\\/secure.gravatar.com\\\/avatar\\\/c50c17820bcf322f0a8fd6b110b8c0918141409dc69076470f6fca5fee70a5d4?s=96&d=mm&r=g\",\"url\":\"https:\\\/\\\/secure.gravatar.com\\\/avatar\\\/c50c17820bcf322f0a8fd6b110b8c0918141409dc69076470f6fca5fee70a5d4?s=96&d=mm&r=g\",\"contentUrl\":\"https:\\\/\\\/secure.gravatar.com\\\/avatar\\\/c50c17820bcf322f0a8fd6b110b8c0918141409dc69076470f6fca5fee70a5d4?s=96&d=mm&r=g\",\"caption\":\"Encontra Belo Horizonte\"},\"url\":\"https:\\\/\\\/www.encontrabelohorizonte.com.br\\\/guia\\\/author\\\/encontrabelohorizonte\\\/\"}]}<\/script>\n<!-- \/ Yoast SEO plugin. -->","yoast_head_json":{"title":"Campanha de multivacina\u00e7\u00e3o mobiliza BH e regi\u00e3o neste s\u00e1bado; veja locais | Guia Comercial de Belo Horizonte MG","robots":{"index":"index","follow":"follow","max-snippet":"max-snippet:-1","max-image-preview":"max-image-preview:large","max-video-preview":"max-video-preview:-1"},"canonical":"https:\/\/www.encontrabelohorizonte.com.br\/guia\/campanha-de-multivacinacao-mobiliza-bh-e-regiao-neste-sabado-veja-locais\/","og_locale":"pt_BR","og_type":"article","og_title":"Campanha de multivacina\u00e7\u00e3o mobiliza BH e regi\u00e3o neste s\u00e1bado; veja locais | Guia Comercial de Belo Horizonte MG","og_description":"Multivacina\u00e7\u00e3o em BH promete proteger crian\u00e7as durante a\u00e7\u00e3o em diversas localidades.","og_url":"https:\/\/www.encontrabelohorizonte.com.br\/guia\/campanha-de-multivacinacao-mobiliza-bh-e-regiao-neste-sabado-veja-locais\/","og_site_name":"Guia Comercial de Belo Horizonte MG","article_published_time":"2026-06-24T08:42:51+00:00","og_image":[{"width":280,"height":280,"url":"https:\/\/www.encontrabelohorizonte.com.br\/guia\/wp-content\/uploads\/2026\/06\/campanha-de-multivacinacao-mobiliza-bh-e-regiao-neste-sabado-veja-locais.webp","type":"image\/webp"}],"author":"Encontra Belo Horizonte","twitter_card":"summary_large_image","twitter_misc":{"Escrito por":"Encontra Belo Horizonte","Est. tempo de leitura":"6 minutos"},"schema":{"@context":"https:\/\/schema.org","@graph":[{"@type":"Article","@id":"https:\/\/www.encontrabelohorizonte.com.br\/guia\/campanha-de-multivacinacao-mobiliza-bh-e-regiao-neste-sabado-veja-locais\/#article","isPartOf":{"@id":"https:\/\/www.encontrabelohorizonte.com.br\/guia\/campanha-de-multivacinacao-mobiliza-bh-e-regiao-neste-sabado-veja-locais\/"},"author":{"name":"Encontra Belo Horizonte","@id":"https:\/\/www.encontrabelohorizonte.com.br\/guia\/#\/schema\/person\/6b792069f07fee9a700a7caa85fb85a9"},"headline":"Campanha de multivacina\u00e7\u00e3o mobiliza BH e regi\u00e3o neste s\u00e1bado; veja locais","datePublished":"2026-06-24T08:42:51+00:00","mainEntityOfPage":{"@id":"https:\/\/www.encontrabelohorizonte.com.br\/guia\/campanha-de-multivacinacao-mobiliza-bh-e-regiao-neste-sabado-veja-locais\/"},"wordCount":1199,"commentCount":0,"image":{"@id":"https:\/\/www.encontrabelohorizonte.com.br\/guia\/campanha-de-multivacinacao-mobiliza-bh-e-regiao-neste-sabado-veja-locais\/#primaryimage"},"thumbnailUrl":"https:\/\/www.encontrabelohorizonte.com.br\/guia\/wp-content\/uploads\/2026\/06\/campanha-de-multivacinacao-mobiliza-bh-e-regiao-neste-sabado-veja-locais.webp","articleSection":["Not\u00edcias Belo Horizonte"],"inLanguage":"pt-BR","potentialAction":[{"@type":"CommentAction","name":"Comment","target":["https:\/\/www.encontrabelohorizonte.com.br\/guia\/campanha-de-multivacinacao-mobiliza-bh-e-regiao-neste-sabado-veja-locais\/#respond"]}]},{"@type":"WebPage","@id":"https:\/\/www.encontrabelohorizonte.com.br\/guia\/campanha-de-multivacinacao-mobiliza-bh-e-regiao-neste-sabado-veja-locais\/","url":"https:\/\/www.encontrabelohorizonte.com.br\/guia\/campanha-de-multivacinacao-mobiliza-bh-e-regiao-neste-sabado-veja-locais\/","name":"Campanha de multivacina\u00e7\u00e3o mobiliza BH e regi\u00e3o neste s\u00e1bado; veja locais | Guia Comercial de Belo Horizonte MG","isPartOf":{"@id":"https:\/\/www.encontrabelohorizonte.com.br\/guia\/#website"},"primaryImageOfPage":{"@id":"https:\/\/www.encontrabelohorizonte.com.br\/guia\/campanha-de-multivacinacao-mobiliza-bh-e-regiao-neste-sabado-veja-locais\/#primaryimage"},"image":{"@id":"https:\/\/www.encontrabelohorizonte.com.br\/guia\/campanha-de-multivacinacao-mobiliza-bh-e-regiao-neste-sabado-veja-locais\/#primaryimage"},"thumbnailUrl":"https:\/\/www.encontrabelohorizonte.com.br\/guia\/wp-content\/uploads\/2026\/06\/campanha-de-multivacinacao-mobiliza-bh-e-regiao-neste-sabado-veja-locais.webp","datePublished":"2026-06-24T08:42:51+00:00","author":{"@id":"https:\/\/www.encontrabelohorizonte.com.br\/guia\/#\/schema\/person\/6b792069f07fee9a700a7caa85fb85a9"},"inLanguage":"pt-BR","potentialAction":[{"@type":"ReadAction","target":["https:\/\/www.encontrabelohorizonte.com.br\/guia\/campanha-de-multivacinacao-mobiliza-bh-e-regiao-neste-sabado-veja-locais\/"]}]},{"@type":"ImageObject","inLanguage":"pt-BR","@id":"https:\/\/www.encontrabelohorizonte.com.br\/guia\/campanha-de-multivacinacao-mobiliza-bh-e-regiao-neste-sabado-veja-locais\/#primaryimage","url":"https:\/\/www.encontrabelohorizonte.com.br\/guia\/wp-content\/uploads\/2026\/06\/campanha-de-multivacinacao-mobiliza-bh-e-regiao-neste-sabado-veja-locais.webp","contentUrl":"https:\/\/www.encontrabelohorizonte.com.br\/guia\/wp-content\/uploads\/2026\/06\/campanha-de-multivacinacao-mobiliza-bh-e-regiao-neste-sabado-veja-locais.webp","width":280,"height":280,"caption":"multivacina\u00e7\u00e3o"},{"@type":"WebSite","@id":"https:\/\/www.encontrabelohorizonte.com.br\/guia\/#website","url":"https:\/\/www.encontrabelohorizonte.com.br\/guia\/","name":"Guia Comercial de Belo Horizonte MG","description":"ENCONTRA BELO HORIZONTE - O guia comercial de neg\u00f3cios e empresas, cultura e divers\u00e3o na cidade de Belo Horizonte. Feito 100% para voc\u00ea morador!","potentialAction":[{"@type":"SearchAction","target":{"@type":"EntryPoint","urlTemplate":"https:\/\/www.encontrabelohorizonte.com.br\/guia\/?s={search_term_string}"},"query-input":{"@type":"PropertyValueSpecification","valueRequired":true,"valueName":"search_term_string"}}],"inLanguage":"pt-BR"},{"@type":"Person","@id":"https:\/\/www.encontrabelohorizonte.com.br\/guia\/#\/schema\/person\/6b792069f07fee9a700a7caa85fb85a9","name":"Encontra Belo Horizonte","image":{"@type":"ImageObject","inLanguage":"pt-BR","@id":"https:\/\/secure.gravatar.com\/avatar\/c50c17820bcf322f0a8fd6b110b8c0918141409dc69076470f6fca5fee70a5d4?s=96&d=mm&r=g","url":"https:\/\/secure.gravatar.com\/avatar\/c50c17820bcf322f0a8fd6b110b8c0918141409dc69076470f6fca5fee70a5d4?s=96&d=mm&r=g","contentUrl":"https:\/\/secure.gravatar.com\/avatar\/c50c17820bcf322f0a8fd6b110b8c0918141409dc69076470f6fca5fee70a5d4?s=96&d=mm&r=g","caption":"Encontra Belo Horizonte"},"url":"https:\/\/www.encontrabelohorizonte.com.br\/guia\/author\/encontrabelohorizonte\/"}]}},"_links":{"self":[{"href":"https:\/\/www.encontrabelohorizonte.com.br\/guia\/wp-json\/wp\/v2\/posts\/14834","targetHints":{"allow":["GET"]}}],"collection":[{"href":"https:\/\/www.encontrabelohorizonte.com.br\/guia\/wp-json\/wp\/v2\/posts"}],"about":[{"href":"https:\/\/www.encontrabelohorizonte.com.br\/guia\/wp-json\/wp\/v2\/types\/post"}],"author":[{"embeddable":true,"href":"https:\/\/www.encontrabelohorizonte.com.br\/guia\/wp-json\/wp\/v2\/users\/1"}],"replies":[{"embeddable":true,"href":"https:\/\/www.encontrabelohorizonte.com.br\/guia\/wp-json\/wp\/v2\/comments?post=14834"}],"version-history":[{"count":0,"href":"https:\/\/www.encontrabelohorizonte.com.br\/guia\/wp-json\/wp\/v2\/posts\/14834\/revisions"}],"wp:featuredmedia":[{"embeddable":true,"href":"https:\/\/www.encontrabelohorizonte.com.br\/guia\/wp-json\/wp\/v2\/media\/14833"}],"wp:attachment":[{"href":"https:\/\/www.encontrabelohorizonte.com.br\/guia\/wp-json\/wp\/v2\/media?parent=14834"}],"wp:term":[{"taxonomy":"category","embeddable":true,"href":"https:\/\/www.encontrabelohorizonte.com.br\/guia\/wp-json\/wp\/v2\/categories?post=14834"},{"taxonomy":"post_tag","embeddable":true,"href":"https:\/\/www.encontrabelohorizonte.com.br\/guia\/wp-json\/wp\/v2\/tags?post=14834"}],"curies":[{"name":"wp","href":"https:\/\/api.w.org\/{rel}","templated":true}]}}