{"id":14860,"date":"2026-06-29T21:01:47","date_gmt":"2026-06-30T00:01:47","guid":{"rendered":"https:\/\/www.encontrabelohorizonte.com.br\/guia\/congresso-em-belo-horizonte-debate-avancos-e-desafios-para-fortalecer-a-vacinacao\/"},"modified":"2026-06-29T21:01:47","modified_gmt":"2026-06-30T00:01:47","slug":"congresso-em-belo-horizonte-debate-avancos-e-desafios-para-fortalecer-a-vacinacao","status":"publish","type":"post","link":"https:\/\/www.encontrabelohorizonte.com.br\/guia\/congresso-em-belo-horizonte-debate-avancos-e-desafios-para-fortalecer-a-vacinacao\/","title":{"rendered":"Congresso Em Belo Horizonte Debate Avan\u00e7os E Desafios Para Fortalecer A Vacina\u00e7\u00e3o"},"content":{"rendered":"<h2>A Relev\u00e2ncia dos Congressos sobre Vacina\u00e7\u00e3o<\/h2>\n<p>A realiza\u00e7\u00e3o de congressos dedicados \u00e0 vacina\u00e7\u00e3o \u00e9 de suma import\u00e2ncia, pois os eventos oferecem uma plataforma para discutir as mais recentes descobertas, inova\u00e7\u00f5es e pr\u00e1ticas eficazes no campo da imuniza\u00e7\u00e3o. Recentemente, Belo Horizonte recebeu o <strong>III Congresso Brasileiro Defesa da Vacina\u00e7\u00e3o<\/strong> e o <strong>I Congresso Internacional de Imuniza\u00e7\u00e3o<\/strong>, onde especialistas, gestores e pesquisadores se reuniram para compartilhar experi\u00eancias e estrat\u00e9gias sobre como aumentar as taxas de vacina\u00e7\u00e3o e garantir a sa\u00fade da popula\u00e7\u00e3o.<\/p>\n<h2>Colabora\u00e7\u00e3o entre Estado e Universidades<\/h2>\n<p>A parceria entre a Secretaria de Estado de Sa\u00fade de Minas Gerais e a <strong>Universidade Federal de Minas Gerais (UFMG)<\/strong> tem sido essencial para melhorar as iniciativas de vacina\u00e7\u00e3o no estado. Essa colabora\u00e7\u00e3o permite a troca de conhecimentos e recursos, resultando em melhor planejamento e execu\u00e7\u00e3o das a\u00e7\u00f5es de imuniza\u00e7\u00e3o. Para o <strong>subsecret\u00e1rio de Vigil\u00e2ncia em Sa\u00fade da SES-MG<\/strong>, Eduardo Prosdocimi, essa coopera\u00e7\u00e3o \u00e9 um dos pilares que t\u00eam contribu\u00eddo para o aumento das taxas de cobertura vacinal em Minas Gerais.<\/p>\n<h2>Desafios na Cobertura Vacinal em Minas Gerais<\/h2>\n<p>Apesar dos avan\u00e7os, ainda existem desafios significativos para atingir as metas de imuniza\u00e7\u00e3o. Entre eles, est\u00e3o a hesita\u00e7\u00e3o vacinal, a desigualdade no acesso a servi\u00e7os de sa\u00fade e a desinforma\u00e7\u00e3o sobre os benef\u00edcios das vacinas. Portanto, \u00e9 crucial continuar investindo em campanhas educativas e em estrat\u00e9gias inclusivas que garantam que todas as comunidades, especialmente as mais vulner\u00e1veis, tenham acesso \u00e0s vacinas.<\/p>\n<p><img decoding=\"async\" src=\"https:\/\/www.encontrabelohorizonte.com.br\/guia\/wp-content\/uploads\/2026\/06\/congresso-em-belo-horizonte-debate-avancos-e-desafios-para-fortalecer-a-vacinacao.webp\" alt=\"fortalecer a vacina\u00e7\u00e3o\" loading=\"lazy\" \/><\/p>\n<h2>Inova\u00e7\u00f5es em Imuniza\u00e7\u00e3o e Tecnologia<\/h2>\n<p>A tecnologia desempenha um papel crucial na promo\u00e7\u00e3o da vacina\u00e7\u00e3o. Durante o congresso, discutiram-se inova\u00e7\u00f5es que podem facilitar o acesso \u00e0s vacinas, como aplicativos de monitoramento de vacina\u00e7\u00e3o e plataformas de informa\u00e7\u00e3o que ajudem a desmistificar mitos e rumores sobre imuniza\u00e7\u00f5es. A professora Fernanda Penido, coordenadora do Observat\u00f3rio de Pesquisa e Estudos em Vacina\u00e7\u00e3o da UFMG, destaca a import\u00e2ncia de combinar tecnologia e inova\u00e7\u00e3o para expandir o alcance da vacina\u00e7\u00e3o e ampliar a prote\u00e7\u00e3o da popula\u00e7\u00e3o.<\/p>\n<h2>Experi\u00eancias de Sucesso nos Munic\u00edpios<\/h2>\n<p>No evento, foram apresentadas diversas experi\u00eancias bem-sucedidas desenvolvidas em munic\u00edpios de Minas Gerais. A troca de informa\u00e7\u00f5es entre os participantes \u00e9 fundamental, pois experiencias positivas podem ser replicadas em diferentes contextos. As iniciativas variadas incluem desde abordagens educativas at\u00e9 campanhas de alcance comunit\u00e1rio que visam aumentar a conscientiza\u00e7\u00e3o sobre a import\u00e2ncia da vacina\u00e7\u00e3o.<\/p>\n<h2>Reconhecimento de Boas Pr\u00e1ticas em Vacina\u00e7\u00e3o<\/h2>\n<p>Um destaque do congresso foi a entrega do <strong>Pr\u00eamio Amigos do Z\u00e9 Gotinha<\/strong>, que reconhece as boas pr\u00e1ticas na vacina\u00e7\u00e3o. Este pr\u00eamio visa valorizar a\u00e7\u00f5es que conectam sa\u00fade e educa\u00e7\u00e3o, promovendo a incorpora\u00e7\u00e3o de h\u00e1bitos saud\u00e1veis nas comunidades. As categorias ilustres do pr\u00eamio incluem refer\u00eancia e excel\u00eancia em imuniza\u00e7\u00e3o em munic\u00edpios de diferentes tamanhos, sendo um incentivo para que mais cidades adotem medidas eficazes no aumento da cobertura vacinal.<\/p>\n<h2>Impacto da Educa\u00e7\u00e3o na Sa\u00fade P\u00fablica<\/h2>\n<p>A educa\u00e7\u00e3o \u00e9 uma ferramenta poderosa para transformar a sa\u00fade p\u00fablica. Atrav\u00e9s de atividades educativas e campanhas informativas, \u00e9 poss\u00edvel aumentar a compreens\u00e3o sobre o funcionamento das vacinas e seus benef\u00edcios. Al\u00e9m disso, o fortalecimento de parcerias entre institui\u00e7\u00f5es de ensino e \u00f3rg\u00e3os de sa\u00fade pode contribuir para implementar programas que preparem as novas gera\u00e7\u00f5es para um futuro com melhores \u00edndices de vacina\u00e7\u00e3o.<\/p>\n<h2>O Papel das Escolas na Imuniza\u00e7\u00e3o<\/h2>\n<p>As escolas podem atuar como importantes aliadas na promo\u00e7\u00e3o da vacina\u00e7\u00e3o, sendo espa\u00e7os ideais para disseminar informa\u00e7\u00f5es e esclarecer d\u00favidas sobre imuniza\u00e7\u00f5es entre alunos e pais. Com a implementa\u00e7\u00e3o do selo &#8220;Escola Amiga da Vacina\u00e7\u00e3o&#8221;, foram reconhecidos projetos desenvolvidos por escolas que integram sa\u00fade e educa\u00e7\u00e3o, estimulando uma cultura de imuniza\u00e7\u00e3o desde a inf\u00e2ncia e garantindo que mais crian\u00e7as sejam vacinadas.<\/p>\n<h2>Estrat\u00e9gias para Aumentar a Cobertura Vacinal<\/h2>\n<p>Para efetivamente aumentar a cobertura vacinal, \u00e9 necess\u00e1rio um esfor\u00e7o conjunto que envolva governo, comunidades e institui\u00e7\u00f5es de ensino. Entre as estrat\u00e9gias recomendadas, destacam-se:<\/p>\n<ul>\n<li><strong>Campanhas de Conscientiza\u00e7\u00e3o:<\/strong> Investir em campanhas que abordem os benef\u00edcios das vacinas e desmitifiquem cren\u00e7as err\u00f4neas.<\/li>\n<li><strong>Educa\u00e7\u00e3o em Sa\u00fade:<\/strong> Incorporar t\u00f3picos sobre vacina\u00e7\u00e3o nos curr\u00edculos escolares para formar cidad\u00e3os informados.<\/li>\n<li><strong>Parcerias Locais:<\/strong> Estimular colabora\u00e7\u00f5es entre escolas, centros de sa\u00fade e organiza\u00e7\u00f5es da comunidade para promover eventos de vacina\u00e7\u00e3o.<\/li>\n<\/ul>\n<h2>Compromisso com a Sa\u00fade e a Seguran\u00e7a da Popula\u00e7\u00e3o<\/h2>\n<p>O comprometimento com a sa\u00fade p\u00fablica \u00e9 essencial para eliminar doen\u00e7as preven\u00edveis por meio da vacina\u00e7\u00e3o. Governos e institui\u00e7\u00f5es de sa\u00fade devem trabalhar de forma alinhada para garantir que a popula\u00e7\u00e3o tenha acesso \u00e0s vacinas necess\u00e1rias em tempo adequado. O objetivo final \u00e9 proteger n\u00e3o apenas a sa\u00fade individual, mas tamb\u00e9m a sa\u00fade coletiva, criando comunidades mais saud\u00e1veis e resilientes.<\/p>\n","protected":false},"excerpt":{"rendered":"<p>Fortalecer a vacina\u00e7\u00e3o \u00e9 crucial para a sa\u00fade da popula\u00e7\u00e3o em Minas Gerais.<\/p>\n","protected":false},"author":1,"featured_media":14859,"comment_status":"open","ping_status":"open","sticky":false,"template":"","format":"standard","meta":{"footnotes":""},"categories":[5],"tags":[],"class_list":["post-14860","post","type-post","status-publish","format-standard","has-post-thumbnail","hentry","category-noticias","has_thumb"],"yoast_head":"<!-- This site is optimized with the Yoast SEO plugin v28.2 - https:\/\/yoast.com\/product\/yoast-seo-wordpress\/ -->\n<title>Congresso Em Belo Horizonte Debate Avan\u00e7os E Desafios Para Fortalecer A Vacina\u00e7\u00e3o | Guia Comercial de Belo Horizonte MG<\/title>\n<meta name=\"robots\" content=\"index, follow, max-snippet:-1, max-image-preview:large, max-video-preview:-1\" \/>\n<link rel=\"canonical\" href=\"https:\/\/www.encontrabelohorizonte.com.br\/guia\/congresso-em-belo-horizonte-debate-avancos-e-desafios-para-fortalecer-a-vacinacao\/\" \/>\n<meta property=\"og:locale\" content=\"pt_BR\" \/>\n<meta property=\"og:type\" content=\"article\" \/>\n<meta property=\"og:title\" content=\"Congresso Em Belo Horizonte Debate Avan\u00e7os E Desafios Para Fortalecer A Vacina\u00e7\u00e3o | Guia Comercial de Belo Horizonte MG\" \/>\n<meta property=\"og:description\" content=\"Fortalecer a vacina\u00e7\u00e3o \u00e9 crucial para a sa\u00fade da popula\u00e7\u00e3o em Minas Gerais.\" \/>\n<meta property=\"og:url\" content=\"https:\/\/www.encontrabelohorizonte.com.br\/guia\/congresso-em-belo-horizonte-debate-avancos-e-desafios-para-fortalecer-a-vacinacao\/\" \/>\n<meta property=\"og:site_name\" content=\"Guia Comercial de Belo Horizonte MG\" \/>\n<meta property=\"article:published_time\" content=\"2026-06-30T00:01:47+00:00\" \/>\n<meta property=\"og:image\" content=\"https:\/\/www.encontrabelohorizonte.com.br\/guia\/wp-content\/uploads\/2026\/06\/congresso-em-belo-horizonte-debate-avancos-e-desafios-para-fortalecer-a-vacinacao.webp\" \/>\n\t<meta property=\"og:image:width\" content=\"280\" \/>\n\t<meta property=\"og:image:height\" content=\"280\" \/>\n\t<meta property=\"og:image:type\" content=\"image\/webp\" \/>\n<meta name=\"author\" content=\"Encontra Belo Horizonte\" \/>\n<meta name=\"twitter:card\" content=\"summary_large_image\" \/>\n<meta name=\"twitter:label1\" content=\"Escrito por\" \/>\n\t<meta name=\"twitter:data1\" content=\"Encontra Belo Horizonte\" \/>\n\t<meta name=\"twitter:label2\" content=\"Est. tempo de leitura\" \/>\n\t<meta name=\"twitter:data2\" content=\"4 minutos\" \/>\n<script type=\"application\/ld+json\" class=\"yoast-schema-graph\">{\"@context\":\"https:\\\/\\\/schema.org\",\"@graph\":[{\"@type\":\"Article\",\"@id\":\"https:\\\/\\\/www.encontrabelohorizonte.com.br\\\/guia\\\/congresso-em-belo-horizonte-debate-avancos-e-desafios-para-fortalecer-a-vacinacao\\\/#article\",\"isPartOf\":{\"@id\":\"https:\\\/\\\/www.encontrabelohorizonte.com.br\\\/guia\\\/congresso-em-belo-horizonte-debate-avancos-e-desafios-para-fortalecer-a-vacinacao\\\/\"},\"author\":{\"name\":\"Encontra Belo Horizonte\",\"@id\":\"https:\\\/\\\/www.encontrabelohorizonte.com.br\\\/guia\\\/#\\\/schema\\\/person\\\/6b792069f07fee9a700a7caa85fb85a9\"},\"headline\":\"Congresso Em Belo Horizonte Debate Avan\u00e7os E Desafios Para Fortalecer A Vacina\u00e7\u00e3o\",\"datePublished\":\"2026-06-30T00:01:47+00:00\",\"mainEntityOfPage\":{\"@id\":\"https:\\\/\\\/www.encontrabelohorizonte.com.br\\\/guia\\\/congresso-em-belo-horizonte-debate-avancos-e-desafios-para-fortalecer-a-vacinacao\\\/\"},\"wordCount\":880,\"commentCount\":0,\"image\":{\"@id\":\"https:\\\/\\\/www.encontrabelohorizonte.com.br\\\/guia\\\/congresso-em-belo-horizonte-debate-avancos-e-desafios-para-fortalecer-a-vacinacao\\\/#primaryimage\"},\"thumbnailUrl\":\"https:\\\/\\\/www.encontrabelohorizonte.com.br\\\/guia\\\/wp-content\\\/uploads\\\/2026\\\/06\\\/congresso-em-belo-horizonte-debate-avancos-e-desafios-para-fortalecer-a-vacinacao.webp\",\"articleSection\":[\"Not\u00edcias Belo Horizonte\"],\"inLanguage\":\"pt-BR\",\"potentialAction\":[{\"@type\":\"CommentAction\",\"name\":\"Comment\",\"target\":[\"https:\\\/\\\/www.encontrabelohorizonte.com.br\\\/guia\\\/congresso-em-belo-horizonte-debate-avancos-e-desafios-para-fortalecer-a-vacinacao\\\/#respond\"]}]},{\"@type\":\"WebPage\",\"@id\":\"https:\\\/\\\/www.encontrabelohorizonte.com.br\\\/guia\\\/congresso-em-belo-horizonte-debate-avancos-e-desafios-para-fortalecer-a-vacinacao\\\/\",\"url\":\"https:\\\/\\\/www.encontrabelohorizonte.com.br\\\/guia\\\/congresso-em-belo-horizonte-debate-avancos-e-desafios-para-fortalecer-a-vacinacao\\\/\",\"name\":\"Congresso Em Belo Horizonte Debate Avan\u00e7os E Desafios Para Fortalecer A Vacina\u00e7\u00e3o | Guia Comercial de Belo Horizonte MG\",\"isPartOf\":{\"@id\":\"https:\\\/\\\/www.encontrabelohorizonte.com.br\\\/guia\\\/#website\"},\"primaryImageOfPage\":{\"@id\":\"https:\\\/\\\/www.encontrabelohorizonte.com.br\\\/guia\\\/congresso-em-belo-horizonte-debate-avancos-e-desafios-para-fortalecer-a-vacinacao\\\/#primaryimage\"},\"image\":{\"@id\":\"https:\\\/\\\/www.encontrabelohorizonte.com.br\\\/guia\\\/congresso-em-belo-horizonte-debate-avancos-e-desafios-para-fortalecer-a-vacinacao\\\/#primaryimage\"},\"thumbnailUrl\":\"https:\\\/\\\/www.encontrabelohorizonte.com.br\\\/guia\\\/wp-content\\\/uploads\\\/2026\\\/06\\\/congresso-em-belo-horizonte-debate-avancos-e-desafios-para-fortalecer-a-vacinacao.webp\",\"datePublished\":\"2026-06-30T00:01:47+00:00\",\"author\":{\"@id\":\"https:\\\/\\\/www.encontrabelohorizonte.com.br\\\/guia\\\/#\\\/schema\\\/person\\\/6b792069f07fee9a700a7caa85fb85a9\"},\"inLanguage\":\"pt-BR\",\"potentialAction\":[{\"@type\":\"ReadAction\",\"target\":[\"https:\\\/\\\/www.encontrabelohorizonte.com.br\\\/guia\\\/congresso-em-belo-horizonte-debate-avancos-e-desafios-para-fortalecer-a-vacinacao\\\/\"]}]},{\"@type\":\"ImageObject\",\"inLanguage\":\"pt-BR\",\"@id\":\"https:\\\/\\\/www.encontrabelohorizonte.com.br\\\/guia\\\/congresso-em-belo-horizonte-debate-avancos-e-desafios-para-fortalecer-a-vacinacao\\\/#primaryimage\",\"url\":\"https:\\\/\\\/www.encontrabelohorizonte.com.br\\\/guia\\\/wp-content\\\/uploads\\\/2026\\\/06\\\/congresso-em-belo-horizonte-debate-avancos-e-desafios-para-fortalecer-a-vacinacao.webp\",\"contentUrl\":\"https:\\\/\\\/www.encontrabelohorizonte.com.br\\\/guia\\\/wp-content\\\/uploads\\\/2026\\\/06\\\/congresso-em-belo-horizonte-debate-avancos-e-desafios-para-fortalecer-a-vacinacao.webp\",\"width\":280,\"height\":280,\"caption\":\"fortalecer a vacina\u00e7\u00e3o\"},{\"@type\":\"WebSite\",\"@id\":\"https:\\\/\\\/www.encontrabelohorizonte.com.br\\\/guia\\\/#website\",\"url\":\"https:\\\/\\\/www.encontrabelohorizonte.com.br\\\/guia\\\/\",\"name\":\"Guia Comercial de Belo Horizonte MG\",\"description\":\"ENCONTRA BELO HORIZONTE - O guia comercial de neg\u00f3cios e empresas, cultura e divers\u00e3o na cidade de Belo Horizonte. Feito 100% para voc\u00ea morador!\",\"potentialAction\":[{\"@type\":\"SearchAction\",\"target\":{\"@type\":\"EntryPoint\",\"urlTemplate\":\"https:\\\/\\\/www.encontrabelohorizonte.com.br\\\/guia\\\/?s={search_term_string}\"},\"query-input\":{\"@type\":\"PropertyValueSpecification\",\"valueRequired\":true,\"valueName\":\"search_term_string\"}}],\"inLanguage\":\"pt-BR\"},{\"@type\":\"Person\",\"@id\":\"https:\\\/\\\/www.encontrabelohorizonte.com.br\\\/guia\\\/#\\\/schema\\\/person\\\/6b792069f07fee9a700a7caa85fb85a9\",\"name\":\"Encontra Belo Horizonte\",\"image\":{\"@type\":\"ImageObject\",\"inLanguage\":\"pt-BR\",\"@id\":\"https:\\\/\\\/secure.gravatar.com\\\/avatar\\\/c50c17820bcf322f0a8fd6b110b8c0918141409dc69076470f6fca5fee70a5d4?s=96&d=mm&r=g\",\"url\":\"https:\\\/\\\/secure.gravatar.com\\\/avatar\\\/c50c17820bcf322f0a8fd6b110b8c0918141409dc69076470f6fca5fee70a5d4?s=96&d=mm&r=g\",\"contentUrl\":\"https:\\\/\\\/secure.gravatar.com\\\/avatar\\\/c50c17820bcf322f0a8fd6b110b8c0918141409dc69076470f6fca5fee70a5d4?s=96&d=mm&r=g\",\"caption\":\"Encontra Belo Horizonte\"},\"url\":\"https:\\\/\\\/www.encontrabelohorizonte.com.br\\\/guia\\\/author\\\/encontrabelohorizonte\\\/\"}]}<\/script>\n<!-- \/ Yoast SEO plugin. -->","yoast_head_json":{"title":"Congresso Em Belo Horizonte Debate Avan\u00e7os E Desafios Para Fortalecer A Vacina\u00e7\u00e3o | Guia Comercial de Belo Horizonte MG","robots":{"index":"index","follow":"follow","max-snippet":"max-snippet:-1","max-image-preview":"max-image-preview:large","max-video-preview":"max-video-preview:-1"},"canonical":"https:\/\/www.encontrabelohorizonte.com.br\/guia\/congresso-em-belo-horizonte-debate-avancos-e-desafios-para-fortalecer-a-vacinacao\/","og_locale":"pt_BR","og_type":"article","og_title":"Congresso Em Belo Horizonte Debate Avan\u00e7os E Desafios Para Fortalecer A Vacina\u00e7\u00e3o | Guia Comercial de Belo Horizonte MG","og_description":"Fortalecer a vacina\u00e7\u00e3o \u00e9 crucial para a sa\u00fade da popula\u00e7\u00e3o em Minas Gerais.","og_url":"https:\/\/www.encontrabelohorizonte.com.br\/guia\/congresso-em-belo-horizonte-debate-avancos-e-desafios-para-fortalecer-a-vacinacao\/","og_site_name":"Guia Comercial de Belo Horizonte MG","article_published_time":"2026-06-30T00:01:47+00:00","og_image":[{"width":280,"height":280,"url":"https:\/\/www.encontrabelohorizonte.com.br\/guia\/wp-content\/uploads\/2026\/06\/congresso-em-belo-horizonte-debate-avancos-e-desafios-para-fortalecer-a-vacinacao.webp","type":"image\/webp"}],"author":"Encontra Belo Horizonte","twitter_card":"summary_large_image","twitter_misc":{"Escrito por":"Encontra Belo Horizonte","Est. tempo de leitura":"4 minutos"},"schema":{"@context":"https:\/\/schema.org","@graph":[{"@type":"Article","@id":"https:\/\/www.encontrabelohorizonte.com.br\/guia\/congresso-em-belo-horizonte-debate-avancos-e-desafios-para-fortalecer-a-vacinacao\/#article","isPartOf":{"@id":"https:\/\/www.encontrabelohorizonte.com.br\/guia\/congresso-em-belo-horizonte-debate-avancos-e-desafios-para-fortalecer-a-vacinacao\/"},"author":{"name":"Encontra Belo Horizonte","@id":"https:\/\/www.encontrabelohorizonte.com.br\/guia\/#\/schema\/person\/6b792069f07fee9a700a7caa85fb85a9"},"headline":"Congresso Em Belo Horizonte Debate Avan\u00e7os E Desafios Para Fortalecer A Vacina\u00e7\u00e3o","datePublished":"2026-06-30T00:01:47+00:00","mainEntityOfPage":{"@id":"https:\/\/www.encontrabelohorizonte.com.br\/guia\/congresso-em-belo-horizonte-debate-avancos-e-desafios-para-fortalecer-a-vacinacao\/"},"wordCount":880,"commentCount":0,"image":{"@id":"https:\/\/www.encontrabelohorizonte.com.br\/guia\/congresso-em-belo-horizonte-debate-avancos-e-desafios-para-fortalecer-a-vacinacao\/#primaryimage"},"thumbnailUrl":"https:\/\/www.encontrabelohorizonte.com.br\/guia\/wp-content\/uploads\/2026\/06\/congresso-em-belo-horizonte-debate-avancos-e-desafios-para-fortalecer-a-vacinacao.webp","articleSection":["Not\u00edcias Belo Horizonte"],"inLanguage":"pt-BR","potentialAction":[{"@type":"CommentAction","name":"Comment","target":["https:\/\/www.encontrabelohorizonte.com.br\/guia\/congresso-em-belo-horizonte-debate-avancos-e-desafios-para-fortalecer-a-vacinacao\/#respond"]}]},{"@type":"WebPage","@id":"https:\/\/www.encontrabelohorizonte.com.br\/guia\/congresso-em-belo-horizonte-debate-avancos-e-desafios-para-fortalecer-a-vacinacao\/","url":"https:\/\/www.encontrabelohorizonte.com.br\/guia\/congresso-em-belo-horizonte-debate-avancos-e-desafios-para-fortalecer-a-vacinacao\/","name":"Congresso Em Belo Horizonte Debate Avan\u00e7os E Desafios Para Fortalecer A Vacina\u00e7\u00e3o | Guia Comercial de Belo Horizonte MG","isPartOf":{"@id":"https:\/\/www.encontrabelohorizonte.com.br\/guia\/#website"},"primaryImageOfPage":{"@id":"https:\/\/www.encontrabelohorizonte.com.br\/guia\/congresso-em-belo-horizonte-debate-avancos-e-desafios-para-fortalecer-a-vacinacao\/#primaryimage"},"image":{"@id":"https:\/\/www.encontrabelohorizonte.com.br\/guia\/congresso-em-belo-horizonte-debate-avancos-e-desafios-para-fortalecer-a-vacinacao\/#primaryimage"},"thumbnailUrl":"https:\/\/www.encontrabelohorizonte.com.br\/guia\/wp-content\/uploads\/2026\/06\/congresso-em-belo-horizonte-debate-avancos-e-desafios-para-fortalecer-a-vacinacao.webp","datePublished":"2026-06-30T00:01:47+00:00","author":{"@id":"https:\/\/www.encontrabelohorizonte.com.br\/guia\/#\/schema\/person\/6b792069f07fee9a700a7caa85fb85a9"},"inLanguage":"pt-BR","potentialAction":[{"@type":"ReadAction","target":["https:\/\/www.encontrabelohorizonte.com.br\/guia\/congresso-em-belo-horizonte-debate-avancos-e-desafios-para-fortalecer-a-vacinacao\/"]}]},{"@type":"ImageObject","inLanguage":"pt-BR","@id":"https:\/\/www.encontrabelohorizonte.com.br\/guia\/congresso-em-belo-horizonte-debate-avancos-e-desafios-para-fortalecer-a-vacinacao\/#primaryimage","url":"https:\/\/www.encontrabelohorizonte.com.br\/guia\/wp-content\/uploads\/2026\/06\/congresso-em-belo-horizonte-debate-avancos-e-desafios-para-fortalecer-a-vacinacao.webp","contentUrl":"https:\/\/www.encontrabelohorizonte.com.br\/guia\/wp-content\/uploads\/2026\/06\/congresso-em-belo-horizonte-debate-avancos-e-desafios-para-fortalecer-a-vacinacao.webp","width":280,"height":280,"caption":"fortalecer a vacina\u00e7\u00e3o"},{"@type":"WebSite","@id":"https:\/\/www.encontrabelohorizonte.com.br\/guia\/#website","url":"https:\/\/www.encontrabelohorizonte.com.br\/guia\/","name":"Guia Comercial de Belo Horizonte MG","description":"ENCONTRA BELO HORIZONTE - O guia comercial de neg\u00f3cios e empresas, cultura e divers\u00e3o na cidade de Belo Horizonte. Feito 100% para voc\u00ea morador!","potentialAction":[{"@type":"SearchAction","target":{"@type":"EntryPoint","urlTemplate":"https:\/\/www.encontrabelohorizonte.com.br\/guia\/?s={search_term_string}"},"query-input":{"@type":"PropertyValueSpecification","valueRequired":true,"valueName":"search_term_string"}}],"inLanguage":"pt-BR"},{"@type":"Person","@id":"https:\/\/www.encontrabelohorizonte.com.br\/guia\/#\/schema\/person\/6b792069f07fee9a700a7caa85fb85a9","name":"Encontra Belo Horizonte","image":{"@type":"ImageObject","inLanguage":"pt-BR","@id":"https:\/\/secure.gravatar.com\/avatar\/c50c17820bcf322f0a8fd6b110b8c0918141409dc69076470f6fca5fee70a5d4?s=96&d=mm&r=g","url":"https:\/\/secure.gravatar.com\/avatar\/c50c17820bcf322f0a8fd6b110b8c0918141409dc69076470f6fca5fee70a5d4?s=96&d=mm&r=g","contentUrl":"https:\/\/secure.gravatar.com\/avatar\/c50c17820bcf322f0a8fd6b110b8c0918141409dc69076470f6fca5fee70a5d4?s=96&d=mm&r=g","caption":"Encontra Belo Horizonte"},"url":"https:\/\/www.encontrabelohorizonte.com.br\/guia\/author\/encontrabelohorizonte\/"}]}},"_links":{"self":[{"href":"https:\/\/www.encontrabelohorizonte.com.br\/guia\/wp-json\/wp\/v2\/posts\/14860","targetHints":{"allow":["GET"]}}],"collection":[{"href":"https:\/\/www.encontrabelohorizonte.com.br\/guia\/wp-json\/wp\/v2\/posts"}],"about":[{"href":"https:\/\/www.encontrabelohorizonte.com.br\/guia\/wp-json\/wp\/v2\/types\/post"}],"author":[{"embeddable":true,"href":"https:\/\/www.encontrabelohorizonte.com.br\/guia\/wp-json\/wp\/v2\/users\/1"}],"replies":[{"embeddable":true,"href":"https:\/\/www.encontrabelohorizonte.com.br\/guia\/wp-json\/wp\/v2\/comments?post=14860"}],"version-history":[{"count":0,"href":"https:\/\/www.encontrabelohorizonte.com.br\/guia\/wp-json\/wp\/v2\/posts\/14860\/revisions"}],"wp:featuredmedia":[{"embeddable":true,"href":"https:\/\/www.encontrabelohorizonte.com.br\/guia\/wp-json\/wp\/v2\/media\/14859"}],"wp:attachment":[{"href":"https:\/\/www.encontrabelohorizonte.com.br\/guia\/wp-json\/wp\/v2\/media?parent=14860"}],"wp:term":[{"taxonomy":"category","embeddable":true,"href":"https:\/\/www.encontrabelohorizonte.com.br\/guia\/wp-json\/wp\/v2\/categories?post=14860"},{"taxonomy":"post_tag","embeddable":true,"href":"https:\/\/www.encontrabelohorizonte.com.br\/guia\/wp-json\/wp\/v2\/tags?post=14860"}],"curies":[{"name":"wp","href":"https:\/\/api.w.org\/{rel}","templated":true}]}}