{"id":14868,"date":"2026-06-30T17:38:46","date_gmt":"2026-06-30T20:38:46","guid":{"rendered":"https:\/\/www.encontrabelohorizonte.com.br\/guia\/em-belo-horizonte-encontro-regional-reforca-mobilizacao-contra-reforma-administrativa-e-coloca-negociacao-coletiva-no-centro-do-debate\/"},"modified":"2026-06-30T17:38:46","modified_gmt":"2026-06-30T20:38:46","slug":"em-belo-horizonte-encontro-regional-reforca-mobilizacao-contra-reforma-administrativa-e-coloca-negociacao-coletiva-no-centro-do-debate","status":"publish","type":"post","link":"https:\/\/www.encontrabelohorizonte.com.br\/guia\/em-belo-horizonte-encontro-regional-reforca-mobilizacao-contra-reforma-administrativa-e-coloca-negociacao-coletiva-no-centro-do-debate\/","title":{"rendered":"Em Belo Horizonte, Encontro Regional refor\u00e7a mobiliza\u00e7\u00e3o contra reforma administrativa e coloca negocia\u00e7\u00e3o coletiva no centro do debate"},"content":{"rendered":"<h2>O Papel de Belo Horizonte na Mobiliza\u00e7\u00e3o Nacional<\/h2>\n<p>O 3\u00ba Encontro Regional de Entidades Representativas de Trabalhadores do Servi\u00e7o P\u00fablico, realizado em Belo Horizonte (MG), teve um papel fundamental na discuss\u00e3o sobre a defesa do servi\u00e7o p\u00fablico. Este evento se destacou por abordar a possibilidade de uma nova reforma administrativa e altera\u00e7\u00f5es na previd\u00eancia, al\u00e9m de incentivar a regulamenta\u00e7\u00e3o da negocia\u00e7\u00e3o coletiva. Sua import\u00e2ncia se d\u00e1 n\u00e3o apenas para os servidores de Minas Gerais, mas para toda a na\u00e7\u00e3o, integrando um movimento mais amplo que busca fortalecer as vozes das entidades representativas dos trabalhadores.<\/p>\n<h2>Desafios da Reforma Administrativa<\/h2>\n<p>A atual conjuntura pol\u00edtica aponta para a possibilidade de novas reformas administrativas, que trazem \u00e0 tona preocupa\u00e7\u00f5es sobre os direitos trabalhistas e a estrutura do servi\u00e7o p\u00fablico. As entidades participantes enfatizaram a necessidade de estar atentas e mobilizadas frente a tais mudan\u00e7as, que podem afetar a qualidade do atendimento \u00e0 popula\u00e7\u00e3o e a valoriza\u00e7\u00e3o dos servidores.<\/p>\n<h2>Avan\u00e7os na Negocia\u00e7\u00e3o Coletiva<\/h2>\n<p>A regulamenta\u00e7\u00e3o da negocia\u00e7\u00e3o coletiva foi um dos temas centrais do encontro. A presen\u00e7a de especialistas e representantes de entidades como a OIT trouxe \u00e0 discuss\u00e3o a import\u00e2ncia de garantir normas claras que respaldem as rela\u00e7\u00f5es entre servidores e a administra\u00e7\u00e3o p\u00fablica. O Projeto de Lei n\u00ba 1.893\/2025, que regulamenta a Conven\u00e7\u00e3o n\u00ba 151 da OIT, foi discutido como uma maneira de promover um avan\u00e7o significativo nas condi\u00e7\u00f5es de trabalho no setor p\u00fablico.<\/p>\n<p><img decoding=\"async\" src=\"https:\/\/www.encontrabelohorizonte.com.br\/guia\/wp-content\/uploads\/2026\/06\/em-belo-horizonte-encontro-regional-reforca-mobilizacao-contra-reforma-administrativa-e-coloca-negoc.webp\" alt=\"mobiliza\u00e7\u00e3o contra reforma administrativa\" loading=\"lazy\" \/><\/p>\n<h2>Import\u00e2ncia da Previd\u00eancia para os Servidores<\/h2>\n<p>A discuss\u00e3o sobre previd\u00eancia foi aprofundada durante o encontro, especialmente no que se refere \u00e0 sustentabilidade dos regimes previdenci\u00e1rios. Os participantes ressaltaram a import\u00e2ncia de garantir n\u00e3o apenas a sustentabilidade financeira do sistema, mas tamb\u00e9m a prote\u00e7\u00e3o social para as futuras gera\u00e7\u00f5es de servidores. O debate incluiu quest\u00f5es como previd\u00eancia complementar e os impactos demogr\u00e1ficos nas aposentadorias.<\/p>\n<h2>A Agenda Unificada para o Funcionalismo P\u00fablico<\/h2>\n<p>Um dos principais objetivos do encontro foi a constru\u00e7\u00e3o de uma agenda unificada que possa representar os interesses de todos os servidores p\u00fablicos. A ideia \u00e9 unir for\u00e7as em torno de um projeto que valorize o servi\u00e7o p\u00fablico, n\u00e3o apenas para os servidores, mas para toda a sociedade. Alison Souza, presidente do Sindilegis e do Instituto Servir Brasil, enfatizou que essa agenda deve dialogar com as necessidades das comunidades e do desenvolvimento do pa\u00eds.<\/p>\n<h2>Consolida\u00e7\u00e3o dos Direitos Trabalhistas<\/h2>\n<p>A luta pela consolida\u00e7\u00e3o dos direitos dos trabalhadores \u00e9 uma preocupa\u00e7\u00e3o central nas discuss\u00f5es. O fortalecimento da negocia\u00e7\u00e3o coletiva \u00e9 visto como um passo crucial para garantir que os direitos laborais sejam respeitados e ampliados. Esse processo depende da mobiliza\u00e7\u00e3o e organiza\u00e7\u00e3o das entidades de classe, que precisam se unir para que avan\u00e7os sejam alcan\u00e7ados.<\/p>\n<h2>Impactos da Negocia\u00e7\u00e3o Coletiva na Gest\u00e3o P\u00fablica<\/h2>\n<p>A regulamenta\u00e7\u00e3o da negocia\u00e7\u00e3o coletiva pode trazer benef\u00edcios diretos para a gest\u00e3o p\u00fablica, promovendo um ambiente de trabalho mais harmonioso e produtivo. Os especialistas ressaltaram que a inclus\u00e3o dos servidores nas decis\u00f5es administrativas pode resultar em um servi\u00e7o p\u00fablico mais eficiente e capaz de atender \u00e0s demandas da popula\u00e7\u00e3o.<\/p>\n<h2>A Import\u00e2ncia da Participa\u00e7\u00e3o dos Servidores<\/h2>\n<p>A participa\u00e7\u00e3o ativa dos servidores no debate sobre suas condi\u00e7\u00f5es de trabalho \u00e9 fundamental. O encontro em Belo Horizonte destacou que a uni\u00e3o das vozes de diferentes categorias fortalece a luta por melhorias. A mobiliza\u00e7\u00e3o coletiva \u00e9 essencial para garantir que as necessidades e direitos dos trabalhadores sejam ouvidos e respeitados.<\/p>\n<h2>Perspectivas para as Elei\u00e7\u00f5es de 2026<\/h2>\n<p>Outro tema relevante abordado foi a prepara\u00e7\u00e3o para as elei\u00e7\u00f5es de 2026. O movimento &#8220;Voto Consciente&#8221; foi introduzido como uma maneira de incentivar os servidores a avaliarem cuidadosamente o hist\u00f3rico e o compromisso dos candidatos com o servi\u00e7o p\u00fablico. Essa iniciativa visa n\u00e3o apenas a elei\u00e7\u00e3o de representantes que defendam os interesses dos servidores, mas tamb\u00e9m fortalecer a participa\u00e7\u00e3o pol\u00edtica da categoria.<\/p>\n<h2>Campanha Voto Consciente e sua Relev\u00e2ncia<\/h2>\n<p>A campanha &#8220;Voto Consciente&#8221; \u00e9 uma ferramenta importante para aumentar a conscientiza\u00e7\u00e3o dos servidores sobre a import\u00e2ncia de sua participa\u00e7\u00e3o pol\u00edtica. Promover um di\u00e1logo cr\u00edtico sobre as op\u00e7\u00f5es eleitorais ajuda a garantir que os l\u00edderes escolhidos estejam comprometidos com a defesa do servi\u00e7o p\u00fablico. A forma\u00e7\u00e3o de uma base eleitoral engajada pode ser determinante para assegurar avan\u00e7os nas pautas trabalhistas e sociais.<\/p>\n<p>Os encontros realizados pelo Instituto Servir Brasil, como o de Belo Horizonte, representam um passo significativo na mobiliza\u00e7\u00e3o contra a reforma administrativa e na constru\u00e7\u00e3o de um futuro em que os direitos dos servidores sejam respeitados e ampliados.<\/p>\n","protected":false},"excerpt":{"rendered":"<p>Belo Horizonte fortalece a mobiliza\u00e7\u00e3o contra a reforma administrativa e reivindica negocia\u00e7\u00e3o coletiva!<\/p>\n","protected":false},"author":1,"featured_media":14867,"comment_status":"open","ping_status":"open","sticky":false,"template":"","format":"standard","meta":{"footnotes":""},"categories":[5],"tags":[],"class_list":["post-14868","post","type-post","status-publish","format-standard","has-post-thumbnail","hentry","category-noticias","has_thumb"],"yoast_head":"<!-- This site is optimized with the Yoast SEO plugin v28.2 - https:\/\/yoast.com\/product\/yoast-seo-wordpress\/ -->\n<title>Em Belo Horizonte, Encontro Regional refor\u00e7a mobiliza\u00e7\u00e3o contra reforma administrativa e coloca negocia\u00e7\u00e3o coletiva no centro do debate | Guia Comercial de Belo Horizonte MG<\/title>\n<meta name=\"robots\" content=\"index, follow, max-snippet:-1, max-image-preview:large, max-video-preview:-1\" \/>\n<link rel=\"canonical\" href=\"https:\/\/www.encontrabelohorizonte.com.br\/guia\/em-belo-horizonte-encontro-regional-reforca-mobilizacao-contra-reforma-administrativa-e-coloca-negociacao-coletiva-no-centro-do-debate\/\" \/>\n<meta property=\"og:locale\" content=\"pt_BR\" \/>\n<meta property=\"og:type\" content=\"article\" \/>\n<meta property=\"og:title\" content=\"Em Belo Horizonte, Encontro Regional refor\u00e7a mobiliza\u00e7\u00e3o contra reforma administrativa e coloca negocia\u00e7\u00e3o coletiva no centro do debate | Guia Comercial de Belo Horizonte MG\" \/>\n<meta property=\"og:description\" content=\"Belo Horizonte fortalece a mobiliza\u00e7\u00e3o contra a reforma administrativa e reivindica negocia\u00e7\u00e3o coletiva!\" \/>\n<meta property=\"og:url\" content=\"https:\/\/www.encontrabelohorizonte.com.br\/guia\/em-belo-horizonte-encontro-regional-reforca-mobilizacao-contra-reforma-administrativa-e-coloca-negociacao-coletiva-no-centro-do-debate\/\" \/>\n<meta property=\"og:site_name\" content=\"Guia Comercial de Belo Horizonte MG\" \/>\n<meta property=\"article:published_time\" content=\"2026-06-30T20:38:46+00:00\" \/>\n<meta property=\"og:image\" content=\"https:\/\/www.encontrabelohorizonte.com.br\/guia\/wp-content\/uploads\/2026\/06\/em-belo-horizonte-encontro-regional-reforca-mobilizacao-contra-reforma-administrativa-e-coloca-negoc.webp\" \/>\n\t<meta property=\"og:image:width\" content=\"280\" \/>\n\t<meta property=\"og:image:height\" content=\"280\" \/>\n\t<meta property=\"og:image:type\" content=\"image\/webp\" \/>\n<meta name=\"author\" content=\"Encontra Belo Horizonte\" \/>\n<meta name=\"twitter:card\" content=\"summary_large_image\" \/>\n<meta name=\"twitter:label1\" content=\"Escrito por\" \/>\n\t<meta name=\"twitter:data1\" content=\"Encontra Belo Horizonte\" \/>\n\t<meta name=\"twitter:label2\" content=\"Est. tempo de leitura\" \/>\n\t<meta name=\"twitter:data2\" content=\"4 minutos\" \/>\n<script type=\"application\/ld+json\" class=\"yoast-schema-graph\">{\"@context\":\"https:\\\/\\\/schema.org\",\"@graph\":[{\"@type\":\"Article\",\"@id\":\"https:\\\/\\\/www.encontrabelohorizonte.com.br\\\/guia\\\/em-belo-horizonte-encontro-regional-reforca-mobilizacao-contra-reforma-administrativa-e-coloca-negociacao-coletiva-no-centro-do-debate\\\/#article\",\"isPartOf\":{\"@id\":\"https:\\\/\\\/www.encontrabelohorizonte.com.br\\\/guia\\\/em-belo-horizonte-encontro-regional-reforca-mobilizacao-contra-reforma-administrativa-e-coloca-negociacao-coletiva-no-centro-do-debate\\\/\"},\"author\":{\"name\":\"Encontra Belo Horizonte\",\"@id\":\"https:\\\/\\\/www.encontrabelohorizonte.com.br\\\/guia\\\/#\\\/schema\\\/person\\\/6b792069f07fee9a700a7caa85fb85a9\"},\"headline\":\"Em Belo Horizonte, Encontro Regional refor\u00e7a mobiliza\u00e7\u00e3o contra reforma administrativa e coloca negocia\u00e7\u00e3o coletiva no centro do debate\",\"datePublished\":\"2026-06-30T20:38:46+00:00\",\"mainEntityOfPage\":{\"@id\":\"https:\\\/\\\/www.encontrabelohorizonte.com.br\\\/guia\\\/em-belo-horizonte-encontro-regional-reforca-mobilizacao-contra-reforma-administrativa-e-coloca-negociacao-coletiva-no-centro-do-debate\\\/\"},\"wordCount\":837,\"commentCount\":0,\"image\":{\"@id\":\"https:\\\/\\\/www.encontrabelohorizonte.com.br\\\/guia\\\/em-belo-horizonte-encontro-regional-reforca-mobilizacao-contra-reforma-administrativa-e-coloca-negociacao-coletiva-no-centro-do-debate\\\/#primaryimage\"},\"thumbnailUrl\":\"https:\\\/\\\/www.encontrabelohorizonte.com.br\\\/guia\\\/wp-content\\\/uploads\\\/2026\\\/06\\\/em-belo-horizonte-encontro-regional-reforca-mobilizacao-contra-reforma-administrativa-e-coloca-negoc.webp\",\"articleSection\":[\"Not\u00edcias Belo Horizonte\"],\"inLanguage\":\"pt-BR\",\"potentialAction\":[{\"@type\":\"CommentAction\",\"name\":\"Comment\",\"target\":[\"https:\\\/\\\/www.encontrabelohorizonte.com.br\\\/guia\\\/em-belo-horizonte-encontro-regional-reforca-mobilizacao-contra-reforma-administrativa-e-coloca-negociacao-coletiva-no-centro-do-debate\\\/#respond\"]}]},{\"@type\":\"WebPage\",\"@id\":\"https:\\\/\\\/www.encontrabelohorizonte.com.br\\\/guia\\\/em-belo-horizonte-encontro-regional-reforca-mobilizacao-contra-reforma-administrativa-e-coloca-negociacao-coletiva-no-centro-do-debate\\\/\",\"url\":\"https:\\\/\\\/www.encontrabelohorizonte.com.br\\\/guia\\\/em-belo-horizonte-encontro-regional-reforca-mobilizacao-contra-reforma-administrativa-e-coloca-negociacao-coletiva-no-centro-do-debate\\\/\",\"name\":\"Em Belo Horizonte, Encontro Regional refor\u00e7a mobiliza\u00e7\u00e3o contra reforma administrativa e coloca negocia\u00e7\u00e3o coletiva no centro do debate | Guia Comercial de Belo Horizonte MG\",\"isPartOf\":{\"@id\":\"https:\\\/\\\/www.encontrabelohorizonte.com.br\\\/guia\\\/#website\"},\"primaryImageOfPage\":{\"@id\":\"https:\\\/\\\/www.encontrabelohorizonte.com.br\\\/guia\\\/em-belo-horizonte-encontro-regional-reforca-mobilizacao-contra-reforma-administrativa-e-coloca-negociacao-coletiva-no-centro-do-debate\\\/#primaryimage\"},\"image\":{\"@id\":\"https:\\\/\\\/www.encontrabelohorizonte.com.br\\\/guia\\\/em-belo-horizonte-encontro-regional-reforca-mobilizacao-contra-reforma-administrativa-e-coloca-negociacao-coletiva-no-centro-do-debate\\\/#primaryimage\"},\"thumbnailUrl\":\"https:\\\/\\\/www.encontrabelohorizonte.com.br\\\/guia\\\/wp-content\\\/uploads\\\/2026\\\/06\\\/em-belo-horizonte-encontro-regional-reforca-mobilizacao-contra-reforma-administrativa-e-coloca-negoc.webp\",\"datePublished\":\"2026-06-30T20:38:46+00:00\",\"author\":{\"@id\":\"https:\\\/\\\/www.encontrabelohorizonte.com.br\\\/guia\\\/#\\\/schema\\\/person\\\/6b792069f07fee9a700a7caa85fb85a9\"},\"inLanguage\":\"pt-BR\",\"potentialAction\":[{\"@type\":\"ReadAction\",\"target\":[\"https:\\\/\\\/www.encontrabelohorizonte.com.br\\\/guia\\\/em-belo-horizonte-encontro-regional-reforca-mobilizacao-contra-reforma-administrativa-e-coloca-negociacao-coletiva-no-centro-do-debate\\\/\"]}]},{\"@type\":\"ImageObject\",\"inLanguage\":\"pt-BR\",\"@id\":\"https:\\\/\\\/www.encontrabelohorizonte.com.br\\\/guia\\\/em-belo-horizonte-encontro-regional-reforca-mobilizacao-contra-reforma-administrativa-e-coloca-negociacao-coletiva-no-centro-do-debate\\\/#primaryimage\",\"url\":\"https:\\\/\\\/www.encontrabelohorizonte.com.br\\\/guia\\\/wp-content\\\/uploads\\\/2026\\\/06\\\/em-belo-horizonte-encontro-regional-reforca-mobilizacao-contra-reforma-administrativa-e-coloca-negoc.webp\",\"contentUrl\":\"https:\\\/\\\/www.encontrabelohorizonte.com.br\\\/guia\\\/wp-content\\\/uploads\\\/2026\\\/06\\\/em-belo-horizonte-encontro-regional-reforca-mobilizacao-contra-reforma-administrativa-e-coloca-negoc.webp\",\"width\":280,\"height\":280,\"caption\":\"mobiliza\u00e7\u00e3o contra reforma administrativa\"},{\"@type\":\"WebSite\",\"@id\":\"https:\\\/\\\/www.encontrabelohorizonte.com.br\\\/guia\\\/#website\",\"url\":\"https:\\\/\\\/www.encontrabelohorizonte.com.br\\\/guia\\\/\",\"name\":\"Guia Comercial de Belo Horizonte MG\",\"description\":\"ENCONTRA BELO HORIZONTE - O guia comercial de neg\u00f3cios e empresas, cultura e divers\u00e3o na cidade de Belo Horizonte. Feito 100% para voc\u00ea morador!\",\"potentialAction\":[{\"@type\":\"SearchAction\",\"target\":{\"@type\":\"EntryPoint\",\"urlTemplate\":\"https:\\\/\\\/www.encontrabelohorizonte.com.br\\\/guia\\\/?s={search_term_string}\"},\"query-input\":{\"@type\":\"PropertyValueSpecification\",\"valueRequired\":true,\"valueName\":\"search_term_string\"}}],\"inLanguage\":\"pt-BR\"},{\"@type\":\"Person\",\"@id\":\"https:\\\/\\\/www.encontrabelohorizonte.com.br\\\/guia\\\/#\\\/schema\\\/person\\\/6b792069f07fee9a700a7caa85fb85a9\",\"name\":\"Encontra Belo Horizonte\",\"image\":{\"@type\":\"ImageObject\",\"inLanguage\":\"pt-BR\",\"@id\":\"https:\\\/\\\/secure.gravatar.com\\\/avatar\\\/c50c17820bcf322f0a8fd6b110b8c0918141409dc69076470f6fca5fee70a5d4?s=96&d=mm&r=g\",\"url\":\"https:\\\/\\\/secure.gravatar.com\\\/avatar\\\/c50c17820bcf322f0a8fd6b110b8c0918141409dc69076470f6fca5fee70a5d4?s=96&d=mm&r=g\",\"contentUrl\":\"https:\\\/\\\/secure.gravatar.com\\\/avatar\\\/c50c17820bcf322f0a8fd6b110b8c0918141409dc69076470f6fca5fee70a5d4?s=96&d=mm&r=g\",\"caption\":\"Encontra Belo Horizonte\"},\"url\":\"https:\\\/\\\/www.encontrabelohorizonte.com.br\\\/guia\\\/author\\\/encontrabelohorizonte\\\/\"}]}<\/script>\n<!-- \/ Yoast SEO plugin. -->","yoast_head_json":{"title":"Em Belo Horizonte, Encontro Regional refor\u00e7a mobiliza\u00e7\u00e3o contra reforma administrativa e coloca negocia\u00e7\u00e3o coletiva no centro do debate | Guia Comercial de Belo Horizonte MG","robots":{"index":"index","follow":"follow","max-snippet":"max-snippet:-1","max-image-preview":"max-image-preview:large","max-video-preview":"max-video-preview:-1"},"canonical":"https:\/\/www.encontrabelohorizonte.com.br\/guia\/em-belo-horizonte-encontro-regional-reforca-mobilizacao-contra-reforma-administrativa-e-coloca-negociacao-coletiva-no-centro-do-debate\/","og_locale":"pt_BR","og_type":"article","og_title":"Em Belo Horizonte, Encontro Regional refor\u00e7a mobiliza\u00e7\u00e3o contra reforma administrativa e coloca negocia\u00e7\u00e3o coletiva no centro do debate | Guia Comercial de Belo Horizonte MG","og_description":"Belo Horizonte fortalece a mobiliza\u00e7\u00e3o contra a reforma administrativa e reivindica negocia\u00e7\u00e3o coletiva!","og_url":"https:\/\/www.encontrabelohorizonte.com.br\/guia\/em-belo-horizonte-encontro-regional-reforca-mobilizacao-contra-reforma-administrativa-e-coloca-negociacao-coletiva-no-centro-do-debate\/","og_site_name":"Guia Comercial de Belo Horizonte MG","article_published_time":"2026-06-30T20:38:46+00:00","og_image":[{"width":280,"height":280,"url":"https:\/\/www.encontrabelohorizonte.com.br\/guia\/wp-content\/uploads\/2026\/06\/em-belo-horizonte-encontro-regional-reforca-mobilizacao-contra-reforma-administrativa-e-coloca-negoc.webp","type":"image\/webp"}],"author":"Encontra Belo Horizonte","twitter_card":"summary_large_image","twitter_misc":{"Escrito por":"Encontra Belo Horizonte","Est. tempo de leitura":"4 minutos"},"schema":{"@context":"https:\/\/schema.org","@graph":[{"@type":"Article","@id":"https:\/\/www.encontrabelohorizonte.com.br\/guia\/em-belo-horizonte-encontro-regional-reforca-mobilizacao-contra-reforma-administrativa-e-coloca-negociacao-coletiva-no-centro-do-debate\/#article","isPartOf":{"@id":"https:\/\/www.encontrabelohorizonte.com.br\/guia\/em-belo-horizonte-encontro-regional-reforca-mobilizacao-contra-reforma-administrativa-e-coloca-negociacao-coletiva-no-centro-do-debate\/"},"author":{"name":"Encontra Belo Horizonte","@id":"https:\/\/www.encontrabelohorizonte.com.br\/guia\/#\/schema\/person\/6b792069f07fee9a700a7caa85fb85a9"},"headline":"Em Belo Horizonte, Encontro Regional refor\u00e7a mobiliza\u00e7\u00e3o contra reforma administrativa e coloca negocia\u00e7\u00e3o coletiva no centro do debate","datePublished":"2026-06-30T20:38:46+00:00","mainEntityOfPage":{"@id":"https:\/\/www.encontrabelohorizonte.com.br\/guia\/em-belo-horizonte-encontro-regional-reforca-mobilizacao-contra-reforma-administrativa-e-coloca-negociacao-coletiva-no-centro-do-debate\/"},"wordCount":837,"commentCount":0,"image":{"@id":"https:\/\/www.encontrabelohorizonte.com.br\/guia\/em-belo-horizonte-encontro-regional-reforca-mobilizacao-contra-reforma-administrativa-e-coloca-negociacao-coletiva-no-centro-do-debate\/#primaryimage"},"thumbnailUrl":"https:\/\/www.encontrabelohorizonte.com.br\/guia\/wp-content\/uploads\/2026\/06\/em-belo-horizonte-encontro-regional-reforca-mobilizacao-contra-reforma-administrativa-e-coloca-negoc.webp","articleSection":["Not\u00edcias Belo Horizonte"],"inLanguage":"pt-BR","potentialAction":[{"@type":"CommentAction","name":"Comment","target":["https:\/\/www.encontrabelohorizonte.com.br\/guia\/em-belo-horizonte-encontro-regional-reforca-mobilizacao-contra-reforma-administrativa-e-coloca-negociacao-coletiva-no-centro-do-debate\/#respond"]}]},{"@type":"WebPage","@id":"https:\/\/www.encontrabelohorizonte.com.br\/guia\/em-belo-horizonte-encontro-regional-reforca-mobilizacao-contra-reforma-administrativa-e-coloca-negociacao-coletiva-no-centro-do-debate\/","url":"https:\/\/www.encontrabelohorizonte.com.br\/guia\/em-belo-horizonte-encontro-regional-reforca-mobilizacao-contra-reforma-administrativa-e-coloca-negociacao-coletiva-no-centro-do-debate\/","name":"Em Belo Horizonte, Encontro Regional refor\u00e7a mobiliza\u00e7\u00e3o contra reforma administrativa e coloca negocia\u00e7\u00e3o coletiva no centro do debate | Guia Comercial de Belo Horizonte MG","isPartOf":{"@id":"https:\/\/www.encontrabelohorizonte.com.br\/guia\/#website"},"primaryImageOfPage":{"@id":"https:\/\/www.encontrabelohorizonte.com.br\/guia\/em-belo-horizonte-encontro-regional-reforca-mobilizacao-contra-reforma-administrativa-e-coloca-negociacao-coletiva-no-centro-do-debate\/#primaryimage"},"image":{"@id":"https:\/\/www.encontrabelohorizonte.com.br\/guia\/em-belo-horizonte-encontro-regional-reforca-mobilizacao-contra-reforma-administrativa-e-coloca-negociacao-coletiva-no-centro-do-debate\/#primaryimage"},"thumbnailUrl":"https:\/\/www.encontrabelohorizonte.com.br\/guia\/wp-content\/uploads\/2026\/06\/em-belo-horizonte-encontro-regional-reforca-mobilizacao-contra-reforma-administrativa-e-coloca-negoc.webp","datePublished":"2026-06-30T20:38:46+00:00","author":{"@id":"https:\/\/www.encontrabelohorizonte.com.br\/guia\/#\/schema\/person\/6b792069f07fee9a700a7caa85fb85a9"},"inLanguage":"pt-BR","potentialAction":[{"@type":"ReadAction","target":["https:\/\/www.encontrabelohorizonte.com.br\/guia\/em-belo-horizonte-encontro-regional-reforca-mobilizacao-contra-reforma-administrativa-e-coloca-negociacao-coletiva-no-centro-do-debate\/"]}]},{"@type":"ImageObject","inLanguage":"pt-BR","@id":"https:\/\/www.encontrabelohorizonte.com.br\/guia\/em-belo-horizonte-encontro-regional-reforca-mobilizacao-contra-reforma-administrativa-e-coloca-negociacao-coletiva-no-centro-do-debate\/#primaryimage","url":"https:\/\/www.encontrabelohorizonte.com.br\/guia\/wp-content\/uploads\/2026\/06\/em-belo-horizonte-encontro-regional-reforca-mobilizacao-contra-reforma-administrativa-e-coloca-negoc.webp","contentUrl":"https:\/\/www.encontrabelohorizonte.com.br\/guia\/wp-content\/uploads\/2026\/06\/em-belo-horizonte-encontro-regional-reforca-mobilizacao-contra-reforma-administrativa-e-coloca-negoc.webp","width":280,"height":280,"caption":"mobiliza\u00e7\u00e3o contra reforma administrativa"},{"@type":"WebSite","@id":"https:\/\/www.encontrabelohorizonte.com.br\/guia\/#website","url":"https:\/\/www.encontrabelohorizonte.com.br\/guia\/","name":"Guia Comercial de Belo Horizonte MG","description":"ENCONTRA BELO HORIZONTE - O guia comercial de neg\u00f3cios e empresas, cultura e divers\u00e3o na cidade de Belo Horizonte. Feito 100% para voc\u00ea morador!","potentialAction":[{"@type":"SearchAction","target":{"@type":"EntryPoint","urlTemplate":"https:\/\/www.encontrabelohorizonte.com.br\/guia\/?s={search_term_string}"},"query-input":{"@type":"PropertyValueSpecification","valueRequired":true,"valueName":"search_term_string"}}],"inLanguage":"pt-BR"},{"@type":"Person","@id":"https:\/\/www.encontrabelohorizonte.com.br\/guia\/#\/schema\/person\/6b792069f07fee9a700a7caa85fb85a9","name":"Encontra Belo Horizonte","image":{"@type":"ImageObject","inLanguage":"pt-BR","@id":"https:\/\/secure.gravatar.com\/avatar\/c50c17820bcf322f0a8fd6b110b8c0918141409dc69076470f6fca5fee70a5d4?s=96&d=mm&r=g","url":"https:\/\/secure.gravatar.com\/avatar\/c50c17820bcf322f0a8fd6b110b8c0918141409dc69076470f6fca5fee70a5d4?s=96&d=mm&r=g","contentUrl":"https:\/\/secure.gravatar.com\/avatar\/c50c17820bcf322f0a8fd6b110b8c0918141409dc69076470f6fca5fee70a5d4?s=96&d=mm&r=g","caption":"Encontra Belo Horizonte"},"url":"https:\/\/www.encontrabelohorizonte.com.br\/guia\/author\/encontrabelohorizonte\/"}]}},"_links":{"self":[{"href":"https:\/\/www.encontrabelohorizonte.com.br\/guia\/wp-json\/wp\/v2\/posts\/14868","targetHints":{"allow":["GET"]}}],"collection":[{"href":"https:\/\/www.encontrabelohorizonte.com.br\/guia\/wp-json\/wp\/v2\/posts"}],"about":[{"href":"https:\/\/www.encontrabelohorizonte.com.br\/guia\/wp-json\/wp\/v2\/types\/post"}],"author":[{"embeddable":true,"href":"https:\/\/www.encontrabelohorizonte.com.br\/guia\/wp-json\/wp\/v2\/users\/1"}],"replies":[{"embeddable":true,"href":"https:\/\/www.encontrabelohorizonte.com.br\/guia\/wp-json\/wp\/v2\/comments?post=14868"}],"version-history":[{"count":0,"href":"https:\/\/www.encontrabelohorizonte.com.br\/guia\/wp-json\/wp\/v2\/posts\/14868\/revisions"}],"wp:featuredmedia":[{"embeddable":true,"href":"https:\/\/www.encontrabelohorizonte.com.br\/guia\/wp-json\/wp\/v2\/media\/14867"}],"wp:attachment":[{"href":"https:\/\/www.encontrabelohorizonte.com.br\/guia\/wp-json\/wp\/v2\/media?parent=14868"}],"wp:term":[{"taxonomy":"category","embeddable":true,"href":"https:\/\/www.encontrabelohorizonte.com.br\/guia\/wp-json\/wp\/v2\/categories?post=14868"},{"taxonomy":"post_tag","embeddable":true,"href":"https:\/\/www.encontrabelohorizonte.com.br\/guia\/wp-json\/wp\/v2\/tags?post=14868"}],"curies":[{"name":"wp","href":"https:\/\/api.w.org\/{rel}","templated":true}]}}