{"id":14870,"date":"2026-06-30T17:39:42","date_gmt":"2026-06-30T20:39:42","guid":{"rendered":"https:\/\/www.encontrabelohorizonte.com.br\/guia\/morro-das-pedras-e-vila-cemig-encerram-etapa-do-governo-presente-em-bh-com-milhares-de-cidadaos-atendidos\/"},"modified":"2026-06-30T17:39:42","modified_gmt":"2026-06-30T20:39:42","slug":"morro-das-pedras-e-vila-cemig-encerram-etapa-do-governo-presente-em-bh-com-milhares-de-cidadaos-atendidos","status":"publish","type":"post","link":"https:\/\/www.encontrabelohorizonte.com.br\/guia\/morro-das-pedras-e-vila-cemig-encerram-etapa-do-governo-presente-em-bh-com-milhares-de-cidadaos-atendidos\/","title":{"rendered":"Morro das Pedras e Vila Cemig encerram etapa do Governo Presente em BH com milhares de cidad\u00e3os atendidos"},"content":{"rendered":"<h2>O que \u00e9 o Governo Presente?<\/h2>\n<p>O Governo Presente \u00e9 uma iniciativa do Governo de Minas Gerais, voltada para a aproxima\u00e7\u00e3o da administra\u00e7\u00e3o p\u00fablica com a popula\u00e7\u00e3o. Este programa tem como principal objetivo fornecer acesso facilitado a uma variedade de servi\u00e7os p\u00fablicos em diferentes comunidades, promovendo cidadania e inclus\u00e3o.<\/p>\n<h2>Benef\u00edcios da Pra\u00e7a de Servi\u00e7os<\/h2>\n<p>As Pra\u00e7as de Servi\u00e7os do Governo Presente oferecem uma s\u00e9rie de vantagens para os cidad\u00e3os, entre as quais se destacam:<\/p>\n<ul>\n<li><strong>Acessibilidade:<\/strong> Facilita o acesso a diversos servi\u00e7os em um \u00fanico local, minimizando a necessidade de deslocamentos longos.<\/li>\n<li><strong>Conveni\u00eancia:<\/strong> Os cidad\u00e3os podem resolver suas demandas de maneira pr\u00e1tica e r\u00e1pida, economizando tempo.<\/li>\n<li><strong>Servi\u00e7os Gratuitos:<\/strong> A maioria dos atendimentos realizados \u00e9 gratuita, tornando-o um recurso valioso para a popula\u00e7\u00e3o.<\/li>\n<\/ul>\n<h2>Depoimentos de Moradores<\/h2>\n<p>Os depoimentos dos cidad\u00e3os atendidos pelo programa mostram a import\u00e2ncia e a efic\u00e1cia da iniciativa. Por exemplo, a professora Cassilda Abreu, residente da Vila Cemig, comentou sobre a facilidade de resolver tr\u00eas solicita\u00e7\u00f5es em um \u00fanico dia, destacando a aten\u00e7\u00e3o e a prontid\u00e3o da equipe de atendimento.<\/p>\n<p><img decoding=\"async\" src=\"https:\/\/www.encontrabelohorizonte.com.br\/guia\/wp-content\/uploads\/2026\/06\/morro-das-pedras-e-vila-cemig-encerram-etapa-do-governo-presente-em-bh-com-milhares-de-cidadaos-aten.webp\" alt=\"Governo Presente\" loading=\"lazy\" \/><\/p>\n<p>Um outro morador, o aposentado Jo\u00e3o Ant\u00f4nio de Souza do Morro das Pedras, ressaltou o quanto \u00e9 positivo ter acesso a servi\u00e7os p\u00fablicos relevantes sem precisar se deslocar at\u00e9 lugares distantes. Ele expressou sua satisfa\u00e7\u00e3o com a qualidade do atendimento recebido.<\/p>\n<h2>Como Foi o Atendimento em BH<\/h2>\n<p>As edi\u00e7\u00f5es do Governo Presente em Belo Horizonte ocorreram nos dias 27 e 28 de junho de 2026, com uma grande participa\u00e7\u00e3o da comunidade. Nele, foram oferecidos diversos servi\u00e7os e os cidad\u00e3os tiveram a oportunidade de se beneficiar de atendimentos essenciais, refor\u00e7ando a import\u00e2ncia de iniciativas que aproximam o governo da popula\u00e7\u00e3o.<\/p>\n<h2>Servi\u00e7os Dispon\u00edveis na Pra\u00e7a<\/h2>\n<p>Durante as edi\u00e7\u00f5es do programa, uma ampla gama de servi\u00e7os foi disponibilizada. Alguns dos principais servi\u00e7os inclu\u00edram:<\/p>\n<ul>\n<li><strong>Emiss\u00e3o de Documentos:<\/strong> Como carteiras de identidade e outros documentos pessoais.<\/li>\n<li><strong>Defensoria P\u00fablica:<\/strong> Atendimento a demandas jur\u00eddicas e informa\u00e7\u00f5es sobre direitos.<\/li>\n<li><strong>Ouvidoria:<\/strong> Espa\u00e7o para registro de reclama\u00e7\u00f5es e sugest\u00f5es.<\/li>\n<\/ul>\n<h2>Import\u00e2ncia de Acesso a Servi\u00e7os P\u00fablicos<\/h2>\n<p>O acesso a servi\u00e7os p\u00fablicos \u00e9 fundamental para a promo\u00e7\u00e3o de direitos e cidadania. O Governo Presente busca garantir que todos os cidad\u00e3os possam ter acesso \u00e0 informa\u00e7\u00e3o e aos servi\u00e7os de que precisam, independentemente de sua localiza\u00e7\u00e3o geogr\u00e1fica. Esta acessibilidade \u00e9 essencial para a constru\u00e7\u00e3o de uma sociedade justa e igualit\u00e1ria.<\/p>\n<h2>Impacto na Comunidade<\/h2>\n<p>As Pra\u00e7as de Servi\u00e7os n\u00e3o apenas atendem as necessidades imediatas da popula\u00e7\u00e3o, mas tamb\u00e9m criam um impacto positivo a longo prazo. Elas promovem a conscientiza\u00e7\u00e3o sobre a import\u00e2ncia da participa\u00e7\u00e3o cidad\u00e3 e fortalecem as rela\u00e7\u00f5es entre a comunidade e o governo, al\u00e9m de incentivar a cidadania ativa entre os moradores locais.<\/p>\n<h2>Pr\u00f3ximas Edi\u00e7\u00f5es do Programa<\/h2>\n<p>Ap\u00f3s as bem-sucedidas edi\u00e7\u00f5es em Belo Horizonte, o programa se planeja expandir ainda mais. As pr\u00f3ximas Pra\u00e7as de Servi\u00e7os ocorrer\u00e3o nos dias 2 e 3 de julho em Montes Claros, no Norte de Minas, trazendo novamente uma variedade de servi\u00e7os gratuitos para a comunidade.<\/p>\n<h2>Como Participar do Governo Presente<\/h2>\n<p>Os cidad\u00e3os podem ficar atentos \u00e0s datas e locais das edi\u00e7\u00f5es do Governo Presente por meio dos canais de comunica\u00e7\u00e3o do governo. Participar \u00e9 simples: basta comparecer ao local indicado e trazer a documenta\u00e7\u00e3o necess\u00e1ria para aproveitar os servi\u00e7os dispon\u00edveis.<\/p>\n<h2>A Relev\u00e2ncia do Atendimento ao Cidad\u00e3o<\/h2>\n<p>Iniciativas como o Governo Presente s\u00e3o essenciais para o fortalecimento da democracia e para garantir que as necessidades da popula\u00e7\u00e3o sejam ouvidas e atendidas. O programa \u00e9 um exemplo claro de como a administra\u00e7\u00e3o p\u00fablica pode se tornar mais acess\u00edvel e responsiva \u00e0s demandas da sociedade.<\/p>\n<p>Em suma, o Governo Presente e suas Pra\u00e7as de Servi\u00e7os t\u00eam um papel crucial em facilitar o acesso da popula\u00e7\u00e3o aos servi\u00e7os essenciais, promovendo, assim, um ambiente mais justo e colaborativo. A continuidade e expans\u00e3o do programa representam um passo positivo em dire\u00e7\u00e3o a um governo mais presente e comprometido com o bem-estar de seus cidad\u00e3os.<\/p>\n","protected":false},"excerpt":{"rendered":"<p>Governo Presente transformou Morro das Pedras e Vila Cemig com milhares de atendimentos.<\/p>\n","protected":false},"author":1,"featured_media":14869,"comment_status":"open","ping_status":"open","sticky":false,"template":"","format":"standard","meta":{"footnotes":""},"categories":[5],"tags":[],"class_list":["post-14870","post","type-post","status-publish","format-standard","has-post-thumbnail","hentry","category-noticias","has_thumb"],"yoast_head":"<!-- This site is optimized with the Yoast SEO plugin v28.2 - https:\/\/yoast.com\/product\/yoast-seo-wordpress\/ -->\n<title>Morro das Pedras e Vila Cemig encerram etapa do Governo Presente em BH com milhares de cidad\u00e3os atendidos | Guia Comercial de Belo Horizonte MG<\/title>\n<meta name=\"robots\" content=\"index, follow, max-snippet:-1, max-image-preview:large, max-video-preview:-1\" \/>\n<link rel=\"canonical\" href=\"https:\/\/www.encontrabelohorizonte.com.br\/guia\/morro-das-pedras-e-vila-cemig-encerram-etapa-do-governo-presente-em-bh-com-milhares-de-cidadaos-atendidos\/\" \/>\n<meta property=\"og:locale\" content=\"pt_BR\" \/>\n<meta property=\"og:type\" content=\"article\" \/>\n<meta property=\"og:title\" content=\"Morro das Pedras e Vila Cemig encerram etapa do Governo Presente em BH com milhares de cidad\u00e3os atendidos | Guia Comercial de Belo Horizonte MG\" \/>\n<meta property=\"og:description\" content=\"Governo Presente transformou Morro das Pedras e Vila Cemig com milhares de atendimentos.\" \/>\n<meta property=\"og:url\" content=\"https:\/\/www.encontrabelohorizonte.com.br\/guia\/morro-das-pedras-e-vila-cemig-encerram-etapa-do-governo-presente-em-bh-com-milhares-de-cidadaos-atendidos\/\" \/>\n<meta property=\"og:site_name\" content=\"Guia Comercial de Belo Horizonte MG\" \/>\n<meta property=\"article:published_time\" content=\"2026-06-30T20:39:42+00:00\" \/>\n<meta property=\"og:image\" content=\"https:\/\/www.encontrabelohorizonte.com.br\/guia\/wp-content\/uploads\/2026\/06\/morro-das-pedras-e-vila-cemig-encerram-etapa-do-governo-presente-em-bh-com-milhares-de-cidadaos-aten.webp\" \/>\n\t<meta property=\"og:image:width\" content=\"280\" \/>\n\t<meta property=\"og:image:height\" content=\"280\" \/>\n\t<meta property=\"og:image:type\" content=\"image\/webp\" \/>\n<meta name=\"author\" content=\"Encontra Belo Horizonte\" \/>\n<meta name=\"twitter:card\" content=\"summary_large_image\" \/>\n<meta name=\"twitter:label1\" content=\"Escrito por\" \/>\n\t<meta name=\"twitter:data1\" content=\"Encontra Belo Horizonte\" \/>\n\t<meta name=\"twitter:label2\" content=\"Est. tempo de leitura\" \/>\n\t<meta name=\"twitter:data2\" content=\"4 minutos\" \/>\n<script type=\"application\/ld+json\" class=\"yoast-schema-graph\">{\"@context\":\"https:\\\/\\\/schema.org\",\"@graph\":[{\"@type\":\"Article\",\"@id\":\"https:\\\/\\\/www.encontrabelohorizonte.com.br\\\/guia\\\/morro-das-pedras-e-vila-cemig-encerram-etapa-do-governo-presente-em-bh-com-milhares-de-cidadaos-atendidos\\\/#article\",\"isPartOf\":{\"@id\":\"https:\\\/\\\/www.encontrabelohorizonte.com.br\\\/guia\\\/morro-das-pedras-e-vila-cemig-encerram-etapa-do-governo-presente-em-bh-com-milhares-de-cidadaos-atendidos\\\/\"},\"author\":{\"name\":\"Encontra Belo Horizonte\",\"@id\":\"https:\\\/\\\/www.encontrabelohorizonte.com.br\\\/guia\\\/#\\\/schema\\\/person\\\/6b792069f07fee9a700a7caa85fb85a9\"},\"headline\":\"Morro das Pedras e Vila Cemig encerram etapa do Governo Presente em BH com milhares de cidad\u00e3os atendidos\",\"datePublished\":\"2026-06-30T20:39:42+00:00\",\"mainEntityOfPage\":{\"@id\":\"https:\\\/\\\/www.encontrabelohorizonte.com.br\\\/guia\\\/morro-das-pedras-e-vila-cemig-encerram-etapa-do-governo-presente-em-bh-com-milhares-de-cidadaos-atendidos\\\/\"},\"wordCount\":746,\"commentCount\":0,\"image\":{\"@id\":\"https:\\\/\\\/www.encontrabelohorizonte.com.br\\\/guia\\\/morro-das-pedras-e-vila-cemig-encerram-etapa-do-governo-presente-em-bh-com-milhares-de-cidadaos-atendidos\\\/#primaryimage\"},\"thumbnailUrl\":\"https:\\\/\\\/www.encontrabelohorizonte.com.br\\\/guia\\\/wp-content\\\/uploads\\\/2026\\\/06\\\/morro-das-pedras-e-vila-cemig-encerram-etapa-do-governo-presente-em-bh-com-milhares-de-cidadaos-aten.webp\",\"articleSection\":[\"Not\u00edcias Belo Horizonte\"],\"inLanguage\":\"pt-BR\",\"potentialAction\":[{\"@type\":\"CommentAction\",\"name\":\"Comment\",\"target\":[\"https:\\\/\\\/www.encontrabelohorizonte.com.br\\\/guia\\\/morro-das-pedras-e-vila-cemig-encerram-etapa-do-governo-presente-em-bh-com-milhares-de-cidadaos-atendidos\\\/#respond\"]}]},{\"@type\":\"WebPage\",\"@id\":\"https:\\\/\\\/www.encontrabelohorizonte.com.br\\\/guia\\\/morro-das-pedras-e-vila-cemig-encerram-etapa-do-governo-presente-em-bh-com-milhares-de-cidadaos-atendidos\\\/\",\"url\":\"https:\\\/\\\/www.encontrabelohorizonte.com.br\\\/guia\\\/morro-das-pedras-e-vila-cemig-encerram-etapa-do-governo-presente-em-bh-com-milhares-de-cidadaos-atendidos\\\/\",\"name\":\"Morro das Pedras e Vila Cemig encerram etapa do Governo Presente em BH com milhares de cidad\u00e3os atendidos | Guia Comercial de Belo Horizonte MG\",\"isPartOf\":{\"@id\":\"https:\\\/\\\/www.encontrabelohorizonte.com.br\\\/guia\\\/#website\"},\"primaryImageOfPage\":{\"@id\":\"https:\\\/\\\/www.encontrabelohorizonte.com.br\\\/guia\\\/morro-das-pedras-e-vila-cemig-encerram-etapa-do-governo-presente-em-bh-com-milhares-de-cidadaos-atendidos\\\/#primaryimage\"},\"image\":{\"@id\":\"https:\\\/\\\/www.encontrabelohorizonte.com.br\\\/guia\\\/morro-das-pedras-e-vila-cemig-encerram-etapa-do-governo-presente-em-bh-com-milhares-de-cidadaos-atendidos\\\/#primaryimage\"},\"thumbnailUrl\":\"https:\\\/\\\/www.encontrabelohorizonte.com.br\\\/guia\\\/wp-content\\\/uploads\\\/2026\\\/06\\\/morro-das-pedras-e-vila-cemig-encerram-etapa-do-governo-presente-em-bh-com-milhares-de-cidadaos-aten.webp\",\"datePublished\":\"2026-06-30T20:39:42+00:00\",\"author\":{\"@id\":\"https:\\\/\\\/www.encontrabelohorizonte.com.br\\\/guia\\\/#\\\/schema\\\/person\\\/6b792069f07fee9a700a7caa85fb85a9\"},\"inLanguage\":\"pt-BR\",\"potentialAction\":[{\"@type\":\"ReadAction\",\"target\":[\"https:\\\/\\\/www.encontrabelohorizonte.com.br\\\/guia\\\/morro-das-pedras-e-vila-cemig-encerram-etapa-do-governo-presente-em-bh-com-milhares-de-cidadaos-atendidos\\\/\"]}]},{\"@type\":\"ImageObject\",\"inLanguage\":\"pt-BR\",\"@id\":\"https:\\\/\\\/www.encontrabelohorizonte.com.br\\\/guia\\\/morro-das-pedras-e-vila-cemig-encerram-etapa-do-governo-presente-em-bh-com-milhares-de-cidadaos-atendidos\\\/#primaryimage\",\"url\":\"https:\\\/\\\/www.encontrabelohorizonte.com.br\\\/guia\\\/wp-content\\\/uploads\\\/2026\\\/06\\\/morro-das-pedras-e-vila-cemig-encerram-etapa-do-governo-presente-em-bh-com-milhares-de-cidadaos-aten.webp\",\"contentUrl\":\"https:\\\/\\\/www.encontrabelohorizonte.com.br\\\/guia\\\/wp-content\\\/uploads\\\/2026\\\/06\\\/morro-das-pedras-e-vila-cemig-encerram-etapa-do-governo-presente-em-bh-com-milhares-de-cidadaos-aten.webp\",\"width\":280,\"height\":280,\"caption\":\"Governo Presente\"},{\"@type\":\"WebSite\",\"@id\":\"https:\\\/\\\/www.encontrabelohorizonte.com.br\\\/guia\\\/#website\",\"url\":\"https:\\\/\\\/www.encontrabelohorizonte.com.br\\\/guia\\\/\",\"name\":\"Guia Comercial de Belo Horizonte MG\",\"description\":\"ENCONTRA BELO HORIZONTE - O guia comercial de neg\u00f3cios e empresas, cultura e divers\u00e3o na cidade de Belo Horizonte. Feito 100% para voc\u00ea morador!\",\"potentialAction\":[{\"@type\":\"SearchAction\",\"target\":{\"@type\":\"EntryPoint\",\"urlTemplate\":\"https:\\\/\\\/www.encontrabelohorizonte.com.br\\\/guia\\\/?s={search_term_string}\"},\"query-input\":{\"@type\":\"PropertyValueSpecification\",\"valueRequired\":true,\"valueName\":\"search_term_string\"}}],\"inLanguage\":\"pt-BR\"},{\"@type\":\"Person\",\"@id\":\"https:\\\/\\\/www.encontrabelohorizonte.com.br\\\/guia\\\/#\\\/schema\\\/person\\\/6b792069f07fee9a700a7caa85fb85a9\",\"name\":\"Encontra Belo Horizonte\",\"image\":{\"@type\":\"ImageObject\",\"inLanguage\":\"pt-BR\",\"@id\":\"https:\\\/\\\/secure.gravatar.com\\\/avatar\\\/c50c17820bcf322f0a8fd6b110b8c0918141409dc69076470f6fca5fee70a5d4?s=96&d=mm&r=g\",\"url\":\"https:\\\/\\\/secure.gravatar.com\\\/avatar\\\/c50c17820bcf322f0a8fd6b110b8c0918141409dc69076470f6fca5fee70a5d4?s=96&d=mm&r=g\",\"contentUrl\":\"https:\\\/\\\/secure.gravatar.com\\\/avatar\\\/c50c17820bcf322f0a8fd6b110b8c0918141409dc69076470f6fca5fee70a5d4?s=96&d=mm&r=g\",\"caption\":\"Encontra Belo Horizonte\"},\"url\":\"https:\\\/\\\/www.encontrabelohorizonte.com.br\\\/guia\\\/author\\\/encontrabelohorizonte\\\/\"}]}<\/script>\n<!-- \/ Yoast SEO plugin. -->","yoast_head_json":{"title":"Morro das Pedras e Vila Cemig encerram etapa do Governo Presente em BH com milhares de cidad\u00e3os atendidos | Guia Comercial de Belo Horizonte MG","robots":{"index":"index","follow":"follow","max-snippet":"max-snippet:-1","max-image-preview":"max-image-preview:large","max-video-preview":"max-video-preview:-1"},"canonical":"https:\/\/www.encontrabelohorizonte.com.br\/guia\/morro-das-pedras-e-vila-cemig-encerram-etapa-do-governo-presente-em-bh-com-milhares-de-cidadaos-atendidos\/","og_locale":"pt_BR","og_type":"article","og_title":"Morro das Pedras e Vila Cemig encerram etapa do Governo Presente em BH com milhares de cidad\u00e3os atendidos | Guia Comercial de Belo Horizonte MG","og_description":"Governo Presente transformou Morro das Pedras e Vila Cemig com milhares de atendimentos.","og_url":"https:\/\/www.encontrabelohorizonte.com.br\/guia\/morro-das-pedras-e-vila-cemig-encerram-etapa-do-governo-presente-em-bh-com-milhares-de-cidadaos-atendidos\/","og_site_name":"Guia Comercial de Belo Horizonte MG","article_published_time":"2026-06-30T20:39:42+00:00","og_image":[{"width":280,"height":280,"url":"https:\/\/www.encontrabelohorizonte.com.br\/guia\/wp-content\/uploads\/2026\/06\/morro-das-pedras-e-vila-cemig-encerram-etapa-do-governo-presente-em-bh-com-milhares-de-cidadaos-aten.webp","type":"image\/webp"}],"author":"Encontra Belo Horizonte","twitter_card":"summary_large_image","twitter_misc":{"Escrito por":"Encontra Belo Horizonte","Est. tempo de leitura":"4 minutos"},"schema":{"@context":"https:\/\/schema.org","@graph":[{"@type":"Article","@id":"https:\/\/www.encontrabelohorizonte.com.br\/guia\/morro-das-pedras-e-vila-cemig-encerram-etapa-do-governo-presente-em-bh-com-milhares-de-cidadaos-atendidos\/#article","isPartOf":{"@id":"https:\/\/www.encontrabelohorizonte.com.br\/guia\/morro-das-pedras-e-vila-cemig-encerram-etapa-do-governo-presente-em-bh-com-milhares-de-cidadaos-atendidos\/"},"author":{"name":"Encontra Belo Horizonte","@id":"https:\/\/www.encontrabelohorizonte.com.br\/guia\/#\/schema\/person\/6b792069f07fee9a700a7caa85fb85a9"},"headline":"Morro das Pedras e Vila Cemig encerram etapa do Governo Presente em BH com milhares de cidad\u00e3os atendidos","datePublished":"2026-06-30T20:39:42+00:00","mainEntityOfPage":{"@id":"https:\/\/www.encontrabelohorizonte.com.br\/guia\/morro-das-pedras-e-vila-cemig-encerram-etapa-do-governo-presente-em-bh-com-milhares-de-cidadaos-atendidos\/"},"wordCount":746,"commentCount":0,"image":{"@id":"https:\/\/www.encontrabelohorizonte.com.br\/guia\/morro-das-pedras-e-vila-cemig-encerram-etapa-do-governo-presente-em-bh-com-milhares-de-cidadaos-atendidos\/#primaryimage"},"thumbnailUrl":"https:\/\/www.encontrabelohorizonte.com.br\/guia\/wp-content\/uploads\/2026\/06\/morro-das-pedras-e-vila-cemig-encerram-etapa-do-governo-presente-em-bh-com-milhares-de-cidadaos-aten.webp","articleSection":["Not\u00edcias Belo Horizonte"],"inLanguage":"pt-BR","potentialAction":[{"@type":"CommentAction","name":"Comment","target":["https:\/\/www.encontrabelohorizonte.com.br\/guia\/morro-das-pedras-e-vila-cemig-encerram-etapa-do-governo-presente-em-bh-com-milhares-de-cidadaos-atendidos\/#respond"]}]},{"@type":"WebPage","@id":"https:\/\/www.encontrabelohorizonte.com.br\/guia\/morro-das-pedras-e-vila-cemig-encerram-etapa-do-governo-presente-em-bh-com-milhares-de-cidadaos-atendidos\/","url":"https:\/\/www.encontrabelohorizonte.com.br\/guia\/morro-das-pedras-e-vila-cemig-encerram-etapa-do-governo-presente-em-bh-com-milhares-de-cidadaos-atendidos\/","name":"Morro das Pedras e Vila Cemig encerram etapa do Governo Presente em BH com milhares de cidad\u00e3os atendidos | Guia Comercial de Belo Horizonte MG","isPartOf":{"@id":"https:\/\/www.encontrabelohorizonte.com.br\/guia\/#website"},"primaryImageOfPage":{"@id":"https:\/\/www.encontrabelohorizonte.com.br\/guia\/morro-das-pedras-e-vila-cemig-encerram-etapa-do-governo-presente-em-bh-com-milhares-de-cidadaos-atendidos\/#primaryimage"},"image":{"@id":"https:\/\/www.encontrabelohorizonte.com.br\/guia\/morro-das-pedras-e-vila-cemig-encerram-etapa-do-governo-presente-em-bh-com-milhares-de-cidadaos-atendidos\/#primaryimage"},"thumbnailUrl":"https:\/\/www.encontrabelohorizonte.com.br\/guia\/wp-content\/uploads\/2026\/06\/morro-das-pedras-e-vila-cemig-encerram-etapa-do-governo-presente-em-bh-com-milhares-de-cidadaos-aten.webp","datePublished":"2026-06-30T20:39:42+00:00","author":{"@id":"https:\/\/www.encontrabelohorizonte.com.br\/guia\/#\/schema\/person\/6b792069f07fee9a700a7caa85fb85a9"},"inLanguage":"pt-BR","potentialAction":[{"@type":"ReadAction","target":["https:\/\/www.encontrabelohorizonte.com.br\/guia\/morro-das-pedras-e-vila-cemig-encerram-etapa-do-governo-presente-em-bh-com-milhares-de-cidadaos-atendidos\/"]}]},{"@type":"ImageObject","inLanguage":"pt-BR","@id":"https:\/\/www.encontrabelohorizonte.com.br\/guia\/morro-das-pedras-e-vila-cemig-encerram-etapa-do-governo-presente-em-bh-com-milhares-de-cidadaos-atendidos\/#primaryimage","url":"https:\/\/www.encontrabelohorizonte.com.br\/guia\/wp-content\/uploads\/2026\/06\/morro-das-pedras-e-vila-cemig-encerram-etapa-do-governo-presente-em-bh-com-milhares-de-cidadaos-aten.webp","contentUrl":"https:\/\/www.encontrabelohorizonte.com.br\/guia\/wp-content\/uploads\/2026\/06\/morro-das-pedras-e-vila-cemig-encerram-etapa-do-governo-presente-em-bh-com-milhares-de-cidadaos-aten.webp","width":280,"height":280,"caption":"Governo Presente"},{"@type":"WebSite","@id":"https:\/\/www.encontrabelohorizonte.com.br\/guia\/#website","url":"https:\/\/www.encontrabelohorizonte.com.br\/guia\/","name":"Guia Comercial de Belo Horizonte MG","description":"ENCONTRA BELO HORIZONTE - O guia comercial de neg\u00f3cios e empresas, cultura e divers\u00e3o na cidade de Belo Horizonte. Feito 100% para voc\u00ea morador!","potentialAction":[{"@type":"SearchAction","target":{"@type":"EntryPoint","urlTemplate":"https:\/\/www.encontrabelohorizonte.com.br\/guia\/?s={search_term_string}"},"query-input":{"@type":"PropertyValueSpecification","valueRequired":true,"valueName":"search_term_string"}}],"inLanguage":"pt-BR"},{"@type":"Person","@id":"https:\/\/www.encontrabelohorizonte.com.br\/guia\/#\/schema\/person\/6b792069f07fee9a700a7caa85fb85a9","name":"Encontra Belo Horizonte","image":{"@type":"ImageObject","inLanguage":"pt-BR","@id":"https:\/\/secure.gravatar.com\/avatar\/c50c17820bcf322f0a8fd6b110b8c0918141409dc69076470f6fca5fee70a5d4?s=96&d=mm&r=g","url":"https:\/\/secure.gravatar.com\/avatar\/c50c17820bcf322f0a8fd6b110b8c0918141409dc69076470f6fca5fee70a5d4?s=96&d=mm&r=g","contentUrl":"https:\/\/secure.gravatar.com\/avatar\/c50c17820bcf322f0a8fd6b110b8c0918141409dc69076470f6fca5fee70a5d4?s=96&d=mm&r=g","caption":"Encontra Belo Horizonte"},"url":"https:\/\/www.encontrabelohorizonte.com.br\/guia\/author\/encontrabelohorizonte\/"}]}},"_links":{"self":[{"href":"https:\/\/www.encontrabelohorizonte.com.br\/guia\/wp-json\/wp\/v2\/posts\/14870","targetHints":{"allow":["GET"]}}],"collection":[{"href":"https:\/\/www.encontrabelohorizonte.com.br\/guia\/wp-json\/wp\/v2\/posts"}],"about":[{"href":"https:\/\/www.encontrabelohorizonte.com.br\/guia\/wp-json\/wp\/v2\/types\/post"}],"author":[{"embeddable":true,"href":"https:\/\/www.encontrabelohorizonte.com.br\/guia\/wp-json\/wp\/v2\/users\/1"}],"replies":[{"embeddable":true,"href":"https:\/\/www.encontrabelohorizonte.com.br\/guia\/wp-json\/wp\/v2\/comments?post=14870"}],"version-history":[{"count":0,"href":"https:\/\/www.encontrabelohorizonte.com.br\/guia\/wp-json\/wp\/v2\/posts\/14870\/revisions"}],"wp:featuredmedia":[{"embeddable":true,"href":"https:\/\/www.encontrabelohorizonte.com.br\/guia\/wp-json\/wp\/v2\/media\/14869"}],"wp:attachment":[{"href":"https:\/\/www.encontrabelohorizonte.com.br\/guia\/wp-json\/wp\/v2\/media?parent=14870"}],"wp:term":[{"taxonomy":"category","embeddable":true,"href":"https:\/\/www.encontrabelohorizonte.com.br\/guia\/wp-json\/wp\/v2\/categories?post=14870"},{"taxonomy":"post_tag","embeddable":true,"href":"https:\/\/www.encontrabelohorizonte.com.br\/guia\/wp-json\/wp\/v2\/tags?post=14870"}],"curies":[{"name":"wp","href":"https:\/\/api.w.org\/{rel}","templated":true}]}}