{"id":14897,"date":"2026-07-04T09:17:40","date_gmt":"2026-07-04T12:17:40","guid":{"rendered":"https:\/\/www.encontrabelohorizonte.com.br\/guia\/belo-horizonte-ganha-duas-novas-estacoes-de-metro-a-partir-desta-sexta\/"},"modified":"2026-07-04T09:17:40","modified_gmt":"2026-07-04T12:17:40","slug":"belo-horizonte-ganha-duas-novas-estacoes-de-metro-a-partir-desta-sexta","status":"publish","type":"post","link":"https:\/\/www.encontrabelohorizonte.com.br\/guia\/belo-horizonte-ganha-duas-novas-estacoes-de-metro-a-partir-desta-sexta\/","title":{"rendered":"Belo Horizonte ganha duas novas esta\u00e7\u00f5es de metr\u00f4 a partir desta sexta"},"content":{"rendered":"<h2>Abertura das Novas Esta\u00e7\u00f5es<\/h2>\n<p>A cidade de Belo Horizonte comemora a inaugura\u00e7\u00e3o de duas novas esta\u00e7\u00f5es da linha 2 do metr\u00f4: Amazonas e Nova Su\u00ed\u00e7a. As novas adi\u00e7\u00f5es ao sistema de transporte urbano, inauguradas nesta sexta-feira (3), visam atender a uma demanda crescente por transporte p\u00fablico de qualidade na capital mineira.<\/p>\n<h2>Benef\u00edcios para os Moradores<\/h2>\n<p>Com a abertura dessas esta\u00e7\u00f5es, mais de 100 mil moradores da regi\u00e3o ganhar\u00e3o acesso facilitado ao metr\u00f4, uma mudan\u00e7a significativa na mobilidade urbana local. Este avan\u00e7o n\u00e3o apenas melhora o acesso ao transporte p\u00fablico, mas tamb\u00e9m promete diminuir o tempo de deslocamento, tornando a viagem mais eficiente e confort\u00e1vel.<\/p>\n<h2>Hor\u00e1rios Especiais da Esta\u00e7\u00e3o Amazonas<\/h2>\n<p>A esta\u00e7\u00e3o Amazonas, uma das novas adi\u00e7\u00f5es, ter\u00e1 um hor\u00e1rio especial de funcionamento at\u00e9 o final de setembro. Durante esse per\u00edodo, estar\u00e1 aberta das 9h \u00e0s 16h nos dias de semana. Essa iniciativa faz parte de um planejamento que inclui a amplia\u00e7\u00e3o dos hor\u00e1rios de opera\u00e7\u00e3o a partir de novembro, visando melhor atender os usu\u00e1rios.<\/p>\n<p><img decoding=\"async\" src=\"https:\/\/www.encontrabelohorizonte.com.br\/guia\/wp-content\/uploads\/2026\/07\/belo-horizonte-ganha-duas-novas-estacoes-de-metro-a-partir-desta-sexta.webp\" alt=\"Belo Horizonte Metr\u00f4\" loading=\"lazy\" \/><\/p>\n<h2>Funcionamento Di\u00e1rio da Nova Su\u00ed\u00e7a<\/h2>\n<p>Por outro lado, a esta\u00e7\u00e3o Nova Su\u00ed\u00e7a estar\u00e1 em opera\u00e7\u00e3o todos os dias, com hor\u00e1rios que v\u00e3o das 5h15 \u00e0s 23h. Essa ampla faixa de hor\u00e1rio foi projetada para atender ao fluxo cont\u00ednuo de passageiros, permitindo que os moradores possam contar com uma op\u00e7\u00e3o de transporte vi\u00e1vel em diversas situa\u00e7\u00f5es.<\/p>\n<h2>Impacto na Mobilidade Urbana<\/h2>\n<p>A expans\u00e3o do metr\u00f4 em Belo Horizonte n\u00e3o se limita apenas ao aumento da capacidade de transporte. Ela visa encontrar solu\u00e7\u00f5es para os desafios enfrentados no tr\u00e2nsito da cidade. Com a instala\u00e7\u00e3o dessas esta\u00e7\u00f5es, o espa\u00e7o no transporte \u00e9 ampliado, o que pode ajudar na diminui\u00e7\u00e3o da circula\u00e7\u00e3o de ve\u00edculos particulares, contribuindo assim para um tr\u00e2nsito menos congestionado e um ambiente urbano mais sustent\u00e1vel.<\/p>\n<h2>Investimentos em Infraestrutura<\/h2>\n<p>Os esfor\u00e7os financeiros para a implementa\u00e7\u00e3o das novas esta\u00e7\u00f5es foram significativos, totalizando mais de R$ 142 milh\u00f5es. Esse investimento n\u00e3o apenas reflete a vontade da administra\u00e7\u00e3o p\u00fablica de melhorar a infraestrutura da cidade, mas tamb\u00e9m a import\u00e2ncia de um sistema de transporte p\u00fablico acess\u00edvel e de qualidade para a popula\u00e7\u00e3o.<\/p>\n<h2>Aumento na Capacidade de Transporte<\/h2>\n<p>Com a adi\u00e7\u00e3o da linha 2 do metr\u00f4, a capacidade de transporte da rede em Belo Horizonte foi substancialmente aumentada. Isso significa que um n\u00famero maior de passageiros pode ser atendido, o que \u00e9 fundamental em uma cidade em crescimento constante. Essa amplia\u00e7\u00e3o ajudar\u00e1 a atender a demanda de uma popula\u00e7\u00e3o que cresce e se mobiliza cada vez mais.<\/p>\n<h2>Facilidade de Acesso \u00e0 Rede de Metr\u00f4<\/h2>\n<p>Aproveitar o metr\u00f4 se tornou mais f\u00e1cil para os habitantes da cidade com a introdu\u00e7\u00e3o dessas novas esta\u00e7\u00f5es. A conveni\u00eancia proporcionada pelo sistema de metr\u00f4 \u00e9 um atrativo para aqueles que buscam uma alternativa de deslocamento r\u00e1pido e sem os transtornos t\u00edpicos do tr\u00e2nsito de superf\u00edcie. Com isso, o metr\u00f4 se consolida como uma op\u00e7\u00e3o preferida para muitos usu\u00e1rios.<\/p>\n<h2>Perspectivas para o Futuro do Transporte<\/h2>\n<p>A expans\u00e3o do metr\u00f4 \u00e9 apenas uma parte de um plano abrangente para melhorar o transporte p\u00fablico em Belo Horizonte. O cronograma de melhorias e amplia\u00e7\u00e3o do sistema inclui previs\u00f5es para finalizar a extens\u00e3o da linha 2 at\u00e9 2028, trazendo ainda mais esta\u00e7\u00f5es e maior abrang\u00eancia territorial. Essa vis\u00e3o do futuro revela um compromisso com o desenvolvimento urbano sustent\u00e1vel.<\/p>\n<h2>Redu\u00e7\u00e3o do Tr\u00e1fego na Regi\u00e3o<\/h2>\n<p>A iniciativa de melhorar o transporte p\u00fablico atrav\u00e9s da expans\u00e3o do metr\u00f4 \u00e9 parte de um esfor\u00e7o maior para mitigar os problemas de tr\u00e1fego nas principais vias da cidade. Com um n\u00famero crescente de habitantes optando pelo metr\u00f4, espera-se ver uma diminui\u00e7\u00e3o significativa no uso de autom\u00f3veis particulares, colaborando para um ambiente urbano mais fluido e funcional.<\/p>\n","protected":false},"excerpt":{"rendered":"<p>Novas esta\u00e7\u00f5es de metr\u00f4 em Belo Horizonte melhoram o transporte dos moradores.<\/p>\n","protected":false},"author":1,"featured_media":14896,"comment_status":"open","ping_status":"open","sticky":false,"template":"","format":"standard","meta":{"footnotes":""},"categories":[5],"tags":[],"class_list":["post-14897","post","type-post","status-publish","format-standard","has-post-thumbnail","hentry","category-noticias","has_thumb"],"yoast_head":"<!-- This site is optimized with the Yoast SEO plugin v28.2 - https:\/\/yoast.com\/product\/yoast-seo-wordpress\/ -->\n<title>Belo Horizonte ganha duas novas esta\u00e7\u00f5es de metr\u00f4 a partir desta sexta | Guia Comercial de Belo Horizonte MG<\/title>\n<meta name=\"robots\" content=\"index, follow, max-snippet:-1, max-image-preview:large, max-video-preview:-1\" \/>\n<link rel=\"canonical\" href=\"https:\/\/www.encontrabelohorizonte.com.br\/guia\/belo-horizonte-ganha-duas-novas-estacoes-de-metro-a-partir-desta-sexta\/\" \/>\n<meta property=\"og:locale\" content=\"pt_BR\" \/>\n<meta property=\"og:type\" content=\"article\" \/>\n<meta property=\"og:title\" content=\"Belo Horizonte ganha duas novas esta\u00e7\u00f5es de metr\u00f4 a partir desta sexta | Guia Comercial de Belo Horizonte MG\" \/>\n<meta property=\"og:description\" content=\"Novas esta\u00e7\u00f5es de metr\u00f4 em Belo Horizonte melhoram o transporte dos moradores.\" \/>\n<meta property=\"og:url\" content=\"https:\/\/www.encontrabelohorizonte.com.br\/guia\/belo-horizonte-ganha-duas-novas-estacoes-de-metro-a-partir-desta-sexta\/\" \/>\n<meta property=\"og:site_name\" content=\"Guia Comercial de Belo Horizonte MG\" \/>\n<meta property=\"article:published_time\" content=\"2026-07-04T12:17:40+00:00\" \/>\n<meta property=\"og:image\" content=\"https:\/\/www.encontrabelohorizonte.com.br\/guia\/wp-content\/uploads\/2026\/07\/belo-horizonte-ganha-duas-novas-estacoes-de-metro-a-partir-desta-sexta.webp\" \/>\n\t<meta property=\"og:image:width\" content=\"280\" \/>\n\t<meta property=\"og:image:height\" content=\"280\" \/>\n\t<meta property=\"og:image:type\" content=\"image\/webp\" \/>\n<meta name=\"author\" content=\"Encontra Belo Horizonte\" \/>\n<meta name=\"twitter:card\" content=\"summary_large_image\" \/>\n<meta name=\"twitter:label1\" content=\"Escrito por\" \/>\n\t<meta name=\"twitter:data1\" content=\"Encontra Belo Horizonte\" \/>\n\t<meta name=\"twitter:label2\" content=\"Est. tempo de leitura\" \/>\n\t<meta name=\"twitter:data2\" content=\"3 minutos\" \/>\n<script type=\"application\/ld+json\" class=\"yoast-schema-graph\">{\"@context\":\"https:\\\/\\\/schema.org\",\"@graph\":[{\"@type\":\"Article\",\"@id\":\"https:\\\/\\\/www.encontrabelohorizonte.com.br\\\/guia\\\/belo-horizonte-ganha-duas-novas-estacoes-de-metro-a-partir-desta-sexta\\\/#article\",\"isPartOf\":{\"@id\":\"https:\\\/\\\/www.encontrabelohorizonte.com.br\\\/guia\\\/belo-horizonte-ganha-duas-novas-estacoes-de-metro-a-partir-desta-sexta\\\/\"},\"author\":{\"name\":\"Encontra Belo Horizonte\",\"@id\":\"https:\\\/\\\/www.encontrabelohorizonte.com.br\\\/guia\\\/#\\\/schema\\\/person\\\/6b792069f07fee9a700a7caa85fb85a9\"},\"headline\":\"Belo Horizonte ganha duas novas esta\u00e7\u00f5es de metr\u00f4 a partir desta sexta\",\"datePublished\":\"2026-07-04T12:17:40+00:00\",\"mainEntityOfPage\":{\"@id\":\"https:\\\/\\\/www.encontrabelohorizonte.com.br\\\/guia\\\/belo-horizonte-ganha-duas-novas-estacoes-de-metro-a-partir-desta-sexta\\\/\"},\"wordCount\":693,\"commentCount\":0,\"image\":{\"@id\":\"https:\\\/\\\/www.encontrabelohorizonte.com.br\\\/guia\\\/belo-horizonte-ganha-duas-novas-estacoes-de-metro-a-partir-desta-sexta\\\/#primaryimage\"},\"thumbnailUrl\":\"https:\\\/\\\/www.encontrabelohorizonte.com.br\\\/guia\\\/wp-content\\\/uploads\\\/2026\\\/07\\\/belo-horizonte-ganha-duas-novas-estacoes-de-metro-a-partir-desta-sexta.webp\",\"articleSection\":[\"Not\u00edcias Belo Horizonte\"],\"inLanguage\":\"pt-BR\",\"potentialAction\":[{\"@type\":\"CommentAction\",\"name\":\"Comment\",\"target\":[\"https:\\\/\\\/www.encontrabelohorizonte.com.br\\\/guia\\\/belo-horizonte-ganha-duas-novas-estacoes-de-metro-a-partir-desta-sexta\\\/#respond\"]}]},{\"@type\":\"WebPage\",\"@id\":\"https:\\\/\\\/www.encontrabelohorizonte.com.br\\\/guia\\\/belo-horizonte-ganha-duas-novas-estacoes-de-metro-a-partir-desta-sexta\\\/\",\"url\":\"https:\\\/\\\/www.encontrabelohorizonte.com.br\\\/guia\\\/belo-horizonte-ganha-duas-novas-estacoes-de-metro-a-partir-desta-sexta\\\/\",\"name\":\"Belo Horizonte ganha duas novas esta\u00e7\u00f5es de metr\u00f4 a partir desta sexta | Guia Comercial de Belo Horizonte MG\",\"isPartOf\":{\"@id\":\"https:\\\/\\\/www.encontrabelohorizonte.com.br\\\/guia\\\/#website\"},\"primaryImageOfPage\":{\"@id\":\"https:\\\/\\\/www.encontrabelohorizonte.com.br\\\/guia\\\/belo-horizonte-ganha-duas-novas-estacoes-de-metro-a-partir-desta-sexta\\\/#primaryimage\"},\"image\":{\"@id\":\"https:\\\/\\\/www.encontrabelohorizonte.com.br\\\/guia\\\/belo-horizonte-ganha-duas-novas-estacoes-de-metro-a-partir-desta-sexta\\\/#primaryimage\"},\"thumbnailUrl\":\"https:\\\/\\\/www.encontrabelohorizonte.com.br\\\/guia\\\/wp-content\\\/uploads\\\/2026\\\/07\\\/belo-horizonte-ganha-duas-novas-estacoes-de-metro-a-partir-desta-sexta.webp\",\"datePublished\":\"2026-07-04T12:17:40+00:00\",\"author\":{\"@id\":\"https:\\\/\\\/www.encontrabelohorizonte.com.br\\\/guia\\\/#\\\/schema\\\/person\\\/6b792069f07fee9a700a7caa85fb85a9\"},\"inLanguage\":\"pt-BR\",\"potentialAction\":[{\"@type\":\"ReadAction\",\"target\":[\"https:\\\/\\\/www.encontrabelohorizonte.com.br\\\/guia\\\/belo-horizonte-ganha-duas-novas-estacoes-de-metro-a-partir-desta-sexta\\\/\"]}]},{\"@type\":\"ImageObject\",\"inLanguage\":\"pt-BR\",\"@id\":\"https:\\\/\\\/www.encontrabelohorizonte.com.br\\\/guia\\\/belo-horizonte-ganha-duas-novas-estacoes-de-metro-a-partir-desta-sexta\\\/#primaryimage\",\"url\":\"https:\\\/\\\/www.encontrabelohorizonte.com.br\\\/guia\\\/wp-content\\\/uploads\\\/2026\\\/07\\\/belo-horizonte-ganha-duas-novas-estacoes-de-metro-a-partir-desta-sexta.webp\",\"contentUrl\":\"https:\\\/\\\/www.encontrabelohorizonte.com.br\\\/guia\\\/wp-content\\\/uploads\\\/2026\\\/07\\\/belo-horizonte-ganha-duas-novas-estacoes-de-metro-a-partir-desta-sexta.webp\",\"width\":280,\"height\":280,\"caption\":\"Belo Horizonte Metr\u00f4\"},{\"@type\":\"WebSite\",\"@id\":\"https:\\\/\\\/www.encontrabelohorizonte.com.br\\\/guia\\\/#website\",\"url\":\"https:\\\/\\\/www.encontrabelohorizonte.com.br\\\/guia\\\/\",\"name\":\"Guia Comercial de Belo Horizonte MG\",\"description\":\"ENCONTRA BELO HORIZONTE - O guia comercial de neg\u00f3cios e empresas, cultura e divers\u00e3o na cidade de Belo Horizonte. Feito 100% para voc\u00ea morador!\",\"potentialAction\":[{\"@type\":\"SearchAction\",\"target\":{\"@type\":\"EntryPoint\",\"urlTemplate\":\"https:\\\/\\\/www.encontrabelohorizonte.com.br\\\/guia\\\/?s={search_term_string}\"},\"query-input\":{\"@type\":\"PropertyValueSpecification\",\"valueRequired\":true,\"valueName\":\"search_term_string\"}}],\"inLanguage\":\"pt-BR\"},{\"@type\":\"Person\",\"@id\":\"https:\\\/\\\/www.encontrabelohorizonte.com.br\\\/guia\\\/#\\\/schema\\\/person\\\/6b792069f07fee9a700a7caa85fb85a9\",\"name\":\"Encontra Belo Horizonte\",\"image\":{\"@type\":\"ImageObject\",\"inLanguage\":\"pt-BR\",\"@id\":\"https:\\\/\\\/secure.gravatar.com\\\/avatar\\\/c50c17820bcf322f0a8fd6b110b8c0918141409dc69076470f6fca5fee70a5d4?s=96&d=mm&r=g\",\"url\":\"https:\\\/\\\/secure.gravatar.com\\\/avatar\\\/c50c17820bcf322f0a8fd6b110b8c0918141409dc69076470f6fca5fee70a5d4?s=96&d=mm&r=g\",\"contentUrl\":\"https:\\\/\\\/secure.gravatar.com\\\/avatar\\\/c50c17820bcf322f0a8fd6b110b8c0918141409dc69076470f6fca5fee70a5d4?s=96&d=mm&r=g\",\"caption\":\"Encontra Belo Horizonte\"},\"url\":\"https:\\\/\\\/www.encontrabelohorizonte.com.br\\\/guia\\\/author\\\/encontrabelohorizonte\\\/\"}]}<\/script>\n<!-- \/ Yoast SEO plugin. -->","yoast_head_json":{"title":"Belo Horizonte ganha duas novas esta\u00e7\u00f5es de metr\u00f4 a partir desta sexta | Guia Comercial de Belo Horizonte MG","robots":{"index":"index","follow":"follow","max-snippet":"max-snippet:-1","max-image-preview":"max-image-preview:large","max-video-preview":"max-video-preview:-1"},"canonical":"https:\/\/www.encontrabelohorizonte.com.br\/guia\/belo-horizonte-ganha-duas-novas-estacoes-de-metro-a-partir-desta-sexta\/","og_locale":"pt_BR","og_type":"article","og_title":"Belo Horizonte ganha duas novas esta\u00e7\u00f5es de metr\u00f4 a partir desta sexta | Guia Comercial de Belo Horizonte MG","og_description":"Novas esta\u00e7\u00f5es de metr\u00f4 em Belo Horizonte melhoram o transporte dos moradores.","og_url":"https:\/\/www.encontrabelohorizonte.com.br\/guia\/belo-horizonte-ganha-duas-novas-estacoes-de-metro-a-partir-desta-sexta\/","og_site_name":"Guia Comercial de Belo Horizonte MG","article_published_time":"2026-07-04T12:17:40+00:00","og_image":[{"width":280,"height":280,"url":"https:\/\/www.encontrabelohorizonte.com.br\/guia\/wp-content\/uploads\/2026\/07\/belo-horizonte-ganha-duas-novas-estacoes-de-metro-a-partir-desta-sexta.webp","type":"image\/webp"}],"author":"Encontra Belo Horizonte","twitter_card":"summary_large_image","twitter_misc":{"Escrito por":"Encontra Belo Horizonte","Est. tempo de leitura":"3 minutos"},"schema":{"@context":"https:\/\/schema.org","@graph":[{"@type":"Article","@id":"https:\/\/www.encontrabelohorizonte.com.br\/guia\/belo-horizonte-ganha-duas-novas-estacoes-de-metro-a-partir-desta-sexta\/#article","isPartOf":{"@id":"https:\/\/www.encontrabelohorizonte.com.br\/guia\/belo-horizonte-ganha-duas-novas-estacoes-de-metro-a-partir-desta-sexta\/"},"author":{"name":"Encontra Belo Horizonte","@id":"https:\/\/www.encontrabelohorizonte.com.br\/guia\/#\/schema\/person\/6b792069f07fee9a700a7caa85fb85a9"},"headline":"Belo Horizonte ganha duas novas esta\u00e7\u00f5es de metr\u00f4 a partir desta sexta","datePublished":"2026-07-04T12:17:40+00:00","mainEntityOfPage":{"@id":"https:\/\/www.encontrabelohorizonte.com.br\/guia\/belo-horizonte-ganha-duas-novas-estacoes-de-metro-a-partir-desta-sexta\/"},"wordCount":693,"commentCount":0,"image":{"@id":"https:\/\/www.encontrabelohorizonte.com.br\/guia\/belo-horizonte-ganha-duas-novas-estacoes-de-metro-a-partir-desta-sexta\/#primaryimage"},"thumbnailUrl":"https:\/\/www.encontrabelohorizonte.com.br\/guia\/wp-content\/uploads\/2026\/07\/belo-horizonte-ganha-duas-novas-estacoes-de-metro-a-partir-desta-sexta.webp","articleSection":["Not\u00edcias Belo Horizonte"],"inLanguage":"pt-BR","potentialAction":[{"@type":"CommentAction","name":"Comment","target":["https:\/\/www.encontrabelohorizonte.com.br\/guia\/belo-horizonte-ganha-duas-novas-estacoes-de-metro-a-partir-desta-sexta\/#respond"]}]},{"@type":"WebPage","@id":"https:\/\/www.encontrabelohorizonte.com.br\/guia\/belo-horizonte-ganha-duas-novas-estacoes-de-metro-a-partir-desta-sexta\/","url":"https:\/\/www.encontrabelohorizonte.com.br\/guia\/belo-horizonte-ganha-duas-novas-estacoes-de-metro-a-partir-desta-sexta\/","name":"Belo Horizonte ganha duas novas esta\u00e7\u00f5es de metr\u00f4 a partir desta sexta | Guia Comercial de Belo Horizonte MG","isPartOf":{"@id":"https:\/\/www.encontrabelohorizonte.com.br\/guia\/#website"},"primaryImageOfPage":{"@id":"https:\/\/www.encontrabelohorizonte.com.br\/guia\/belo-horizonte-ganha-duas-novas-estacoes-de-metro-a-partir-desta-sexta\/#primaryimage"},"image":{"@id":"https:\/\/www.encontrabelohorizonte.com.br\/guia\/belo-horizonte-ganha-duas-novas-estacoes-de-metro-a-partir-desta-sexta\/#primaryimage"},"thumbnailUrl":"https:\/\/www.encontrabelohorizonte.com.br\/guia\/wp-content\/uploads\/2026\/07\/belo-horizonte-ganha-duas-novas-estacoes-de-metro-a-partir-desta-sexta.webp","datePublished":"2026-07-04T12:17:40+00:00","author":{"@id":"https:\/\/www.encontrabelohorizonte.com.br\/guia\/#\/schema\/person\/6b792069f07fee9a700a7caa85fb85a9"},"inLanguage":"pt-BR","potentialAction":[{"@type":"ReadAction","target":["https:\/\/www.encontrabelohorizonte.com.br\/guia\/belo-horizonte-ganha-duas-novas-estacoes-de-metro-a-partir-desta-sexta\/"]}]},{"@type":"ImageObject","inLanguage":"pt-BR","@id":"https:\/\/www.encontrabelohorizonte.com.br\/guia\/belo-horizonte-ganha-duas-novas-estacoes-de-metro-a-partir-desta-sexta\/#primaryimage","url":"https:\/\/www.encontrabelohorizonte.com.br\/guia\/wp-content\/uploads\/2026\/07\/belo-horizonte-ganha-duas-novas-estacoes-de-metro-a-partir-desta-sexta.webp","contentUrl":"https:\/\/www.encontrabelohorizonte.com.br\/guia\/wp-content\/uploads\/2026\/07\/belo-horizonte-ganha-duas-novas-estacoes-de-metro-a-partir-desta-sexta.webp","width":280,"height":280,"caption":"Belo Horizonte Metr\u00f4"},{"@type":"WebSite","@id":"https:\/\/www.encontrabelohorizonte.com.br\/guia\/#website","url":"https:\/\/www.encontrabelohorizonte.com.br\/guia\/","name":"Guia Comercial de Belo Horizonte MG","description":"ENCONTRA BELO HORIZONTE - O guia comercial de neg\u00f3cios e empresas, cultura e divers\u00e3o na cidade de Belo Horizonte. Feito 100% para voc\u00ea morador!","potentialAction":[{"@type":"SearchAction","target":{"@type":"EntryPoint","urlTemplate":"https:\/\/www.encontrabelohorizonte.com.br\/guia\/?s={search_term_string}"},"query-input":{"@type":"PropertyValueSpecification","valueRequired":true,"valueName":"search_term_string"}}],"inLanguage":"pt-BR"},{"@type":"Person","@id":"https:\/\/www.encontrabelohorizonte.com.br\/guia\/#\/schema\/person\/6b792069f07fee9a700a7caa85fb85a9","name":"Encontra Belo Horizonte","image":{"@type":"ImageObject","inLanguage":"pt-BR","@id":"https:\/\/secure.gravatar.com\/avatar\/c50c17820bcf322f0a8fd6b110b8c0918141409dc69076470f6fca5fee70a5d4?s=96&d=mm&r=g","url":"https:\/\/secure.gravatar.com\/avatar\/c50c17820bcf322f0a8fd6b110b8c0918141409dc69076470f6fca5fee70a5d4?s=96&d=mm&r=g","contentUrl":"https:\/\/secure.gravatar.com\/avatar\/c50c17820bcf322f0a8fd6b110b8c0918141409dc69076470f6fca5fee70a5d4?s=96&d=mm&r=g","caption":"Encontra Belo Horizonte"},"url":"https:\/\/www.encontrabelohorizonte.com.br\/guia\/author\/encontrabelohorizonte\/"}]}},"_links":{"self":[{"href":"https:\/\/www.encontrabelohorizonte.com.br\/guia\/wp-json\/wp\/v2\/posts\/14897","targetHints":{"allow":["GET"]}}],"collection":[{"href":"https:\/\/www.encontrabelohorizonte.com.br\/guia\/wp-json\/wp\/v2\/posts"}],"about":[{"href":"https:\/\/www.encontrabelohorizonte.com.br\/guia\/wp-json\/wp\/v2\/types\/post"}],"author":[{"embeddable":true,"href":"https:\/\/www.encontrabelohorizonte.com.br\/guia\/wp-json\/wp\/v2\/users\/1"}],"replies":[{"embeddable":true,"href":"https:\/\/www.encontrabelohorizonte.com.br\/guia\/wp-json\/wp\/v2\/comments?post=14897"}],"version-history":[{"count":0,"href":"https:\/\/www.encontrabelohorizonte.com.br\/guia\/wp-json\/wp\/v2\/posts\/14897\/revisions"}],"wp:featuredmedia":[{"embeddable":true,"href":"https:\/\/www.encontrabelohorizonte.com.br\/guia\/wp-json\/wp\/v2\/media\/14896"}],"wp:attachment":[{"href":"https:\/\/www.encontrabelohorizonte.com.br\/guia\/wp-json\/wp\/v2\/media?parent=14897"}],"wp:term":[{"taxonomy":"category","embeddable":true,"href":"https:\/\/www.encontrabelohorizonte.com.br\/guia\/wp-json\/wp\/v2\/categories?post=14897"},{"taxonomy":"post_tag","embeddable":true,"href":"https:\/\/www.encontrabelohorizonte.com.br\/guia\/wp-json\/wp\/v2\/tags?post=14897"}],"curies":[{"name":"wp","href":"https:\/\/api.w.org\/{rel}","templated":true}]}}