{"id":14915,"date":"2026-07-06T11:30:01","date_gmt":"2026-07-06T14:30:01","guid":{"rendered":"https:\/\/www.encontrabelohorizonte.com.br\/guia\/belo-horizonte-tem-semana-de-ceu-aberto-veja-previsao-do-tempo\/"},"modified":"2026-07-06T11:30:01","modified_gmt":"2026-07-06T14:30:01","slug":"belo-horizonte-tem-semana-de-ceu-aberto-veja-previsao-do-tempo","status":"publish","type":"post","link":"https:\/\/www.encontrabelohorizonte.com.br\/guia\/belo-horizonte-tem-semana-de-ceu-aberto-veja-previsao-do-tempo\/","title":{"rendered":"Belo Horizonte tem semana de c\u00e9u aberto; veja previs\u00e3o do tempo"},"content":{"rendered":"<h2>C\u00e9u Predominantemente Aberto em Belo Horizonte<\/h2>\n<p>A capital mineira, Belo Horizonte, se prepara para uma semana de tempo limpo, caracterizada por um c\u00e9u majoritariamente azul e sem chuvas. De segunda-feira, 6, at\u00e9 s\u00e1bado, 11 de julho de 2026, a popula\u00e7\u00e3o pode aproveitar dias ensolarados e temperaturas agrad\u00e1veis. No entanto, no domingo, 12, a previs\u00e3o indica uma mudan\u00e7a, com uma possibilidade de chuvas a partir da tarde.<\/p>\n<h2>Temperaturas Agrad\u00e1veis para o In\u00edcio da Semana<\/h2>\n<p>Durante os sete dias previstos, as temperaturas em Belo Horizonte dever\u00e3o oscilar entre m\u00ednimas de 14\u00b0C e m\u00e1ximas de 29\u00b0C. Este clima ameno \u00e9 ideal para atividades ao ar livre e passeios pela cidade, aproveitando o ar fresco e a luz do sol.<\/p>\n<h2>Previs\u00e3o do Tempo At\u00e9 o Final da Semana<\/h2>\n<h3>Condicionantes Di\u00e1rios<\/h3>\n<p>A tabela abaixo resume as temperaturas esperadas ao longo da semana na capital mineira:<\/p>\n<p><img decoding=\"async\" src=\"https:\/\/www.encontrabelohorizonte.com.br\/guia\/wp-content\/uploads\/2026\/07\/belo-horizonte-tem-semana-de-ceu-aberto-veja-previsao-do-tempo.webp\" alt=\"Belo Horizonte c\u00e9u aberto\" loading=\"lazy\" \/><\/p>\n<ul>\n<li><strong>Segunda-feira, 06 de julho:<\/strong> M\u00ednima de 15\u00b0C, m\u00e1xima de 26\u00b0C.<\/li>\n<li><strong>Ter\u00e7a-feira, 07 de julho:<\/strong> M\u00ednima de 14\u00b0C, m\u00e1xima de 26\u00b0C.<\/li>\n<li><strong>Quarta-feira, 08 de julho:<\/strong> M\u00ednima de 15\u00b0C, m\u00e1xima de 27\u00b0C.<\/li>\n<li><strong>Quinta-feira, 09 de julho:<\/strong> M\u00ednima de 15\u00b0C, m\u00e1xima de 27\u00b0C.<\/li>\n<li><strong>Sexta-feira, 10 de julho:<\/strong> M\u00ednima de 15\u00b0C, m\u00e1xima de 28\u00b0C.<\/li>\n<li><strong>S\u00e1bado, 11 de julho:<\/strong> M\u00ednima de 17\u00b0C, m\u00e1xima de 29\u00b0C.<\/li>\n<li><strong>Domingo, 12 de julho:<\/strong> M\u00ednima de 18\u00b0C, m\u00e1xima de 27\u00b0C, com chuvas previstas \u00e0 tarde.<\/li>\n<\/ul>\n<h2>Umidade do Ar e \u00cdndices UV Elevados<\/h2>\n<p>A umidade do ar ter\u00e1 uma m\u00e9dia baixa durante a semana, o que \u00e9 comum em per\u00edodos secos. Al\u00e9m disso, os \u00edndices de radia\u00e7\u00e3o ultravioleta se apresentar\u00e3o elevados, especialmente no come\u00e7o da semana, indicando que \u00e9 essencial que a popula\u00e7\u00e3o tome precau\u00e7\u00f5es ao se expor ao sol.<\/p>\n<h2>Dicas de Prote\u00e7\u00e3o Solar Durante a Semana<\/h2>\n<p>Com a previs\u00e3o de um clima ensolarado e \u00edndices UV altos, seguem algumas recomenda\u00e7\u00f5es para proteger a pele:<\/p>\n<ul>\n<li><strong>Uso de Protetor Solar:<\/strong> Aplique protetor solar com fator de prote\u00e7\u00e3o adequado antes de sair de casa.<\/li>\n<li><strong>Roupas Protetoras:<\/strong> Vista roupas leves e que cubram a pele para reduzir a exposi\u00e7\u00e3o direta ao sol.<\/li>\n<li><strong>Evitar Hor\u00e1rios de Pico:<\/strong> Limite a exposi\u00e7\u00e3o ao sol entre 10h e 16h, quando os raios UV s\u00e3o mais intensos.<\/li>\n<li><strong>Hidrata\u00e7\u00e3o:<\/strong> Beba bastante \u00e1gua para se manter hidratado durante o calor.<\/li>\n<\/ul>\n<h2>Mudan\u00e7as na Previs\u00e3o para o Domingo<\/h2>\n<p>No domingo, a previs\u00e3o apresenta uma altera\u00e7\u00e3o significativa, com a possibilidade de chuvas \u00e0 tarde. A chance de precipita\u00e7\u00e3o \u00e9 de 78%, com um volume estimado de 0,87 mm. As temperaturas devem variar entre 18\u00b0C e 27\u00b0C, criando um clima diferente do que foi experimentado ao longo da semana.<\/p>\n<h2>Impacto do Clima na Rotina dos Belo-Horizontinos<\/h2>\n<p>Essa varia\u00e7\u00e3o no clima pode influenciar bastante a rotina dos moradores. Durante os dias ensolarados, muitos s\u00e3o os que aproveitam para realizar atividades ao ar livre, como caminhadas em pra\u00e7as e parques, al\u00e9m de eventos ao ar livre e encontros familiares. No entanto, o clima chuvoso esperado no domingo pode levar ao adiamento de tais planejamentos.<\/p>\n<h2>Como Aproveitar o C\u00e9u Aberto na Capital Mineira<\/h2>\n<p>Com a previs\u00e3o de c\u00e9u limpo e a temperatura agrad\u00e1vel, h\u00e1 in\u00fameras op\u00e7\u00f5es para aproveitar ao m\u00e1ximo essa semana:<\/p>\n<ul>\n<li><strong>Passeios Culturais:<\/strong> Visite os museus, centros culturais e pontos tur\u00edsticos da cidade que ficam mais agrad\u00e1veis sob o sol.<\/li>\n<li><strong>Atividades ao Ar Livre:<\/strong> Aproveite parques e \u00e1reas verdes para piqueniques e exerc\u00edcios.<\/li>\n<li><strong>Eventos Locais:<\/strong> Confira a agenda cultural da cidade, que pode incluir feiras, exposi\u00e7\u00f5es e shows ao ar livre.<\/li>\n<\/ul>\n<h2>Eventos e Atividades Recomendadas para a Semana<\/h2>\n<p>A capital mineira possui uma agenda cultural rica. Verifique os eventos programados, como feiras gastron\u00f4micas, concertos e exposi\u00e7\u00f5es em museus, que tornam a experi\u00eancia de viver em Belo Horizonte ainda mais prazerosa.<\/p>\n<h2>Considera\u00e7\u00f5es Finais<\/h2>\n<p>Essa previs\u00e3o otimista oferece aos belo-horizontinos uma oportunidade irresist\u00edvel de desfrutar das belezas naturais e culturais de sua cidade. Aproveitar o c\u00e9u azul e a temperatura amena ao longo da semana \u00e9 uma forma excelente de recarregar as energias, socializar e aproveitar o que Belo Horizonte tem a oferecer. No entanto, \u00e9 sempre bom ficar atento \u00e0s mudan\u00e7as na previs\u00e3o do tempo, especialmente em rela\u00e7\u00e3o ao domingo, e se preparar da melhor forma para as atividades planejadas.<\/p>\n","protected":false},"excerpt":{"rendered":"<p>Belo Horizonte ter\u00e1 uma semana de c\u00e9u aberto e sem chuva. Confira a previs\u00e3o do tempo.<\/p>\n","protected":false},"author":1,"featured_media":14914,"comment_status":"open","ping_status":"open","sticky":false,"template":"","format":"standard","meta":{"footnotes":""},"categories":[5],"tags":[],"class_list":["post-14915","post","type-post","status-publish","format-standard","has-post-thumbnail","hentry","category-noticias","has_thumb"],"yoast_head":"<!-- This site is optimized with the Yoast SEO plugin v28.2 - https:\/\/yoast.com\/product\/yoast-seo-wordpress\/ -->\n<title>Belo Horizonte tem semana de c\u00e9u aberto; veja previs\u00e3o do tempo | Guia Comercial de Belo Horizonte MG<\/title>\n<meta name=\"robots\" content=\"index, follow, max-snippet:-1, max-image-preview:large, max-video-preview:-1\" \/>\n<link rel=\"canonical\" href=\"https:\/\/www.encontrabelohorizonte.com.br\/guia\/belo-horizonte-tem-semana-de-ceu-aberto-veja-previsao-do-tempo\/\" \/>\n<meta property=\"og:locale\" content=\"pt_BR\" \/>\n<meta property=\"og:type\" content=\"article\" \/>\n<meta property=\"og:title\" content=\"Belo Horizonte tem semana de c\u00e9u aberto; veja previs\u00e3o do tempo | Guia Comercial de Belo Horizonte MG\" \/>\n<meta property=\"og:description\" content=\"Belo Horizonte ter\u00e1 uma semana de c\u00e9u aberto e sem chuva. Confira a previs\u00e3o do tempo.\" \/>\n<meta property=\"og:url\" content=\"https:\/\/www.encontrabelohorizonte.com.br\/guia\/belo-horizonte-tem-semana-de-ceu-aberto-veja-previsao-do-tempo\/\" \/>\n<meta property=\"og:site_name\" content=\"Guia Comercial de Belo Horizonte MG\" \/>\n<meta property=\"article:published_time\" content=\"2026-07-06T14:30:01+00:00\" \/>\n<meta property=\"og:image\" content=\"https:\/\/www.encontrabelohorizonte.com.br\/guia\/wp-content\/uploads\/2026\/07\/belo-horizonte-tem-semana-de-ceu-aberto-veja-previsao-do-tempo.webp\" \/>\n\t<meta property=\"og:image:width\" content=\"280\" \/>\n\t<meta property=\"og:image:height\" content=\"280\" \/>\n\t<meta property=\"og:image:type\" content=\"image\/webp\" \/>\n<meta name=\"author\" content=\"Encontra Belo Horizonte\" \/>\n<meta name=\"twitter:card\" content=\"summary_large_image\" \/>\n<meta name=\"twitter:label1\" content=\"Escrito por\" \/>\n\t<meta name=\"twitter:data1\" content=\"Encontra Belo Horizonte\" \/>\n\t<meta name=\"twitter:label2\" content=\"Est. tempo de leitura\" \/>\n\t<meta name=\"twitter:data2\" content=\"4 minutos\" \/>\n<script type=\"application\/ld+json\" class=\"yoast-schema-graph\">{\"@context\":\"https:\\\/\\\/schema.org\",\"@graph\":[{\"@type\":\"Article\",\"@id\":\"https:\\\/\\\/www.encontrabelohorizonte.com.br\\\/guia\\\/belo-horizonte-tem-semana-de-ceu-aberto-veja-previsao-do-tempo\\\/#article\",\"isPartOf\":{\"@id\":\"https:\\\/\\\/www.encontrabelohorizonte.com.br\\\/guia\\\/belo-horizonte-tem-semana-de-ceu-aberto-veja-previsao-do-tempo\\\/\"},\"author\":{\"name\":\"Encontra Belo Horizonte\",\"@id\":\"https:\\\/\\\/www.encontrabelohorizonte.com.br\\\/guia\\\/#\\\/schema\\\/person\\\/6b792069f07fee9a700a7caa85fb85a9\"},\"headline\":\"Belo Horizonte tem semana de c\u00e9u aberto; veja previs\u00e3o do tempo\",\"datePublished\":\"2026-07-06T14:30:01+00:00\",\"mainEntityOfPage\":{\"@id\":\"https:\\\/\\\/www.encontrabelohorizonte.com.br\\\/guia\\\/belo-horizonte-tem-semana-de-ceu-aberto-veja-previsao-do-tempo\\\/\"},\"wordCount\":741,\"commentCount\":0,\"image\":{\"@id\":\"https:\\\/\\\/www.encontrabelohorizonte.com.br\\\/guia\\\/belo-horizonte-tem-semana-de-ceu-aberto-veja-previsao-do-tempo\\\/#primaryimage\"},\"thumbnailUrl\":\"https:\\\/\\\/www.encontrabelohorizonte.com.br\\\/guia\\\/wp-content\\\/uploads\\\/2026\\\/07\\\/belo-horizonte-tem-semana-de-ceu-aberto-veja-previsao-do-tempo.webp\",\"articleSection\":[\"Not\u00edcias Belo Horizonte\"],\"inLanguage\":\"pt-BR\",\"potentialAction\":[{\"@type\":\"CommentAction\",\"name\":\"Comment\",\"target\":[\"https:\\\/\\\/www.encontrabelohorizonte.com.br\\\/guia\\\/belo-horizonte-tem-semana-de-ceu-aberto-veja-previsao-do-tempo\\\/#respond\"]}]},{\"@type\":\"WebPage\",\"@id\":\"https:\\\/\\\/www.encontrabelohorizonte.com.br\\\/guia\\\/belo-horizonte-tem-semana-de-ceu-aberto-veja-previsao-do-tempo\\\/\",\"url\":\"https:\\\/\\\/www.encontrabelohorizonte.com.br\\\/guia\\\/belo-horizonte-tem-semana-de-ceu-aberto-veja-previsao-do-tempo\\\/\",\"name\":\"Belo Horizonte tem semana de c\u00e9u aberto; veja previs\u00e3o do tempo | Guia Comercial de Belo Horizonte MG\",\"isPartOf\":{\"@id\":\"https:\\\/\\\/www.encontrabelohorizonte.com.br\\\/guia\\\/#website\"},\"primaryImageOfPage\":{\"@id\":\"https:\\\/\\\/www.encontrabelohorizonte.com.br\\\/guia\\\/belo-horizonte-tem-semana-de-ceu-aberto-veja-previsao-do-tempo\\\/#primaryimage\"},\"image\":{\"@id\":\"https:\\\/\\\/www.encontrabelohorizonte.com.br\\\/guia\\\/belo-horizonte-tem-semana-de-ceu-aberto-veja-previsao-do-tempo\\\/#primaryimage\"},\"thumbnailUrl\":\"https:\\\/\\\/www.encontrabelohorizonte.com.br\\\/guia\\\/wp-content\\\/uploads\\\/2026\\\/07\\\/belo-horizonte-tem-semana-de-ceu-aberto-veja-previsao-do-tempo.webp\",\"datePublished\":\"2026-07-06T14:30:01+00:00\",\"author\":{\"@id\":\"https:\\\/\\\/www.encontrabelohorizonte.com.br\\\/guia\\\/#\\\/schema\\\/person\\\/6b792069f07fee9a700a7caa85fb85a9\"},\"inLanguage\":\"pt-BR\",\"potentialAction\":[{\"@type\":\"ReadAction\",\"target\":[\"https:\\\/\\\/www.encontrabelohorizonte.com.br\\\/guia\\\/belo-horizonte-tem-semana-de-ceu-aberto-veja-previsao-do-tempo\\\/\"]}]},{\"@type\":\"ImageObject\",\"inLanguage\":\"pt-BR\",\"@id\":\"https:\\\/\\\/www.encontrabelohorizonte.com.br\\\/guia\\\/belo-horizonte-tem-semana-de-ceu-aberto-veja-previsao-do-tempo\\\/#primaryimage\",\"url\":\"https:\\\/\\\/www.encontrabelohorizonte.com.br\\\/guia\\\/wp-content\\\/uploads\\\/2026\\\/07\\\/belo-horizonte-tem-semana-de-ceu-aberto-veja-previsao-do-tempo.webp\",\"contentUrl\":\"https:\\\/\\\/www.encontrabelohorizonte.com.br\\\/guia\\\/wp-content\\\/uploads\\\/2026\\\/07\\\/belo-horizonte-tem-semana-de-ceu-aberto-veja-previsao-do-tempo.webp\",\"width\":280,\"height\":280,\"caption\":\"Belo Horizonte c\u00e9u aberto\"},{\"@type\":\"WebSite\",\"@id\":\"https:\\\/\\\/www.encontrabelohorizonte.com.br\\\/guia\\\/#website\",\"url\":\"https:\\\/\\\/www.encontrabelohorizonte.com.br\\\/guia\\\/\",\"name\":\"Guia Comercial de Belo Horizonte MG\",\"description\":\"ENCONTRA BELO HORIZONTE - O guia comercial de neg\u00f3cios e empresas, cultura e divers\u00e3o na cidade de Belo Horizonte. Feito 100% para voc\u00ea morador!\",\"potentialAction\":[{\"@type\":\"SearchAction\",\"target\":{\"@type\":\"EntryPoint\",\"urlTemplate\":\"https:\\\/\\\/www.encontrabelohorizonte.com.br\\\/guia\\\/?s={search_term_string}\"},\"query-input\":{\"@type\":\"PropertyValueSpecification\",\"valueRequired\":true,\"valueName\":\"search_term_string\"}}],\"inLanguage\":\"pt-BR\"},{\"@type\":\"Person\",\"@id\":\"https:\\\/\\\/www.encontrabelohorizonte.com.br\\\/guia\\\/#\\\/schema\\\/person\\\/6b792069f07fee9a700a7caa85fb85a9\",\"name\":\"Encontra Belo Horizonte\",\"image\":{\"@type\":\"ImageObject\",\"inLanguage\":\"pt-BR\",\"@id\":\"https:\\\/\\\/secure.gravatar.com\\\/avatar\\\/c50c17820bcf322f0a8fd6b110b8c0918141409dc69076470f6fca5fee70a5d4?s=96&d=mm&r=g\",\"url\":\"https:\\\/\\\/secure.gravatar.com\\\/avatar\\\/c50c17820bcf322f0a8fd6b110b8c0918141409dc69076470f6fca5fee70a5d4?s=96&d=mm&r=g\",\"contentUrl\":\"https:\\\/\\\/secure.gravatar.com\\\/avatar\\\/c50c17820bcf322f0a8fd6b110b8c0918141409dc69076470f6fca5fee70a5d4?s=96&d=mm&r=g\",\"caption\":\"Encontra Belo Horizonte\"},\"url\":\"https:\\\/\\\/www.encontrabelohorizonte.com.br\\\/guia\\\/author\\\/encontrabelohorizonte\\\/\"}]}<\/script>\n<!-- \/ Yoast SEO plugin. -->","yoast_head_json":{"title":"Belo Horizonte tem semana de c\u00e9u aberto; veja previs\u00e3o do tempo | Guia Comercial de Belo Horizonte MG","robots":{"index":"index","follow":"follow","max-snippet":"max-snippet:-1","max-image-preview":"max-image-preview:large","max-video-preview":"max-video-preview:-1"},"canonical":"https:\/\/www.encontrabelohorizonte.com.br\/guia\/belo-horizonte-tem-semana-de-ceu-aberto-veja-previsao-do-tempo\/","og_locale":"pt_BR","og_type":"article","og_title":"Belo Horizonte tem semana de c\u00e9u aberto; veja previs\u00e3o do tempo | Guia Comercial de Belo Horizonte MG","og_description":"Belo Horizonte ter\u00e1 uma semana de c\u00e9u aberto e sem chuva. Confira a previs\u00e3o do tempo.","og_url":"https:\/\/www.encontrabelohorizonte.com.br\/guia\/belo-horizonte-tem-semana-de-ceu-aberto-veja-previsao-do-tempo\/","og_site_name":"Guia Comercial de Belo Horizonte MG","article_published_time":"2026-07-06T14:30:01+00:00","og_image":[{"width":280,"height":280,"url":"https:\/\/www.encontrabelohorizonte.com.br\/guia\/wp-content\/uploads\/2026\/07\/belo-horizonte-tem-semana-de-ceu-aberto-veja-previsao-do-tempo.webp","type":"image\/webp"}],"author":"Encontra Belo Horizonte","twitter_card":"summary_large_image","twitter_misc":{"Escrito por":"Encontra Belo Horizonte","Est. tempo de leitura":"4 minutos"},"schema":{"@context":"https:\/\/schema.org","@graph":[{"@type":"Article","@id":"https:\/\/www.encontrabelohorizonte.com.br\/guia\/belo-horizonte-tem-semana-de-ceu-aberto-veja-previsao-do-tempo\/#article","isPartOf":{"@id":"https:\/\/www.encontrabelohorizonte.com.br\/guia\/belo-horizonte-tem-semana-de-ceu-aberto-veja-previsao-do-tempo\/"},"author":{"name":"Encontra Belo Horizonte","@id":"https:\/\/www.encontrabelohorizonte.com.br\/guia\/#\/schema\/person\/6b792069f07fee9a700a7caa85fb85a9"},"headline":"Belo Horizonte tem semana de c\u00e9u aberto; veja previs\u00e3o do tempo","datePublished":"2026-07-06T14:30:01+00:00","mainEntityOfPage":{"@id":"https:\/\/www.encontrabelohorizonte.com.br\/guia\/belo-horizonte-tem-semana-de-ceu-aberto-veja-previsao-do-tempo\/"},"wordCount":741,"commentCount":0,"image":{"@id":"https:\/\/www.encontrabelohorizonte.com.br\/guia\/belo-horizonte-tem-semana-de-ceu-aberto-veja-previsao-do-tempo\/#primaryimage"},"thumbnailUrl":"https:\/\/www.encontrabelohorizonte.com.br\/guia\/wp-content\/uploads\/2026\/07\/belo-horizonte-tem-semana-de-ceu-aberto-veja-previsao-do-tempo.webp","articleSection":["Not\u00edcias Belo Horizonte"],"inLanguage":"pt-BR","potentialAction":[{"@type":"CommentAction","name":"Comment","target":["https:\/\/www.encontrabelohorizonte.com.br\/guia\/belo-horizonte-tem-semana-de-ceu-aberto-veja-previsao-do-tempo\/#respond"]}]},{"@type":"WebPage","@id":"https:\/\/www.encontrabelohorizonte.com.br\/guia\/belo-horizonte-tem-semana-de-ceu-aberto-veja-previsao-do-tempo\/","url":"https:\/\/www.encontrabelohorizonte.com.br\/guia\/belo-horizonte-tem-semana-de-ceu-aberto-veja-previsao-do-tempo\/","name":"Belo Horizonte tem semana de c\u00e9u aberto; veja previs\u00e3o do tempo | Guia Comercial de Belo Horizonte MG","isPartOf":{"@id":"https:\/\/www.encontrabelohorizonte.com.br\/guia\/#website"},"primaryImageOfPage":{"@id":"https:\/\/www.encontrabelohorizonte.com.br\/guia\/belo-horizonte-tem-semana-de-ceu-aberto-veja-previsao-do-tempo\/#primaryimage"},"image":{"@id":"https:\/\/www.encontrabelohorizonte.com.br\/guia\/belo-horizonte-tem-semana-de-ceu-aberto-veja-previsao-do-tempo\/#primaryimage"},"thumbnailUrl":"https:\/\/www.encontrabelohorizonte.com.br\/guia\/wp-content\/uploads\/2026\/07\/belo-horizonte-tem-semana-de-ceu-aberto-veja-previsao-do-tempo.webp","datePublished":"2026-07-06T14:30:01+00:00","author":{"@id":"https:\/\/www.encontrabelohorizonte.com.br\/guia\/#\/schema\/person\/6b792069f07fee9a700a7caa85fb85a9"},"inLanguage":"pt-BR","potentialAction":[{"@type":"ReadAction","target":["https:\/\/www.encontrabelohorizonte.com.br\/guia\/belo-horizonte-tem-semana-de-ceu-aberto-veja-previsao-do-tempo\/"]}]},{"@type":"ImageObject","inLanguage":"pt-BR","@id":"https:\/\/www.encontrabelohorizonte.com.br\/guia\/belo-horizonte-tem-semana-de-ceu-aberto-veja-previsao-do-tempo\/#primaryimage","url":"https:\/\/www.encontrabelohorizonte.com.br\/guia\/wp-content\/uploads\/2026\/07\/belo-horizonte-tem-semana-de-ceu-aberto-veja-previsao-do-tempo.webp","contentUrl":"https:\/\/www.encontrabelohorizonte.com.br\/guia\/wp-content\/uploads\/2026\/07\/belo-horizonte-tem-semana-de-ceu-aberto-veja-previsao-do-tempo.webp","width":280,"height":280,"caption":"Belo Horizonte c\u00e9u aberto"},{"@type":"WebSite","@id":"https:\/\/www.encontrabelohorizonte.com.br\/guia\/#website","url":"https:\/\/www.encontrabelohorizonte.com.br\/guia\/","name":"Guia Comercial de Belo Horizonte MG","description":"ENCONTRA BELO HORIZONTE - O guia comercial de neg\u00f3cios e empresas, cultura e divers\u00e3o na cidade de Belo Horizonte. Feito 100% para voc\u00ea morador!","potentialAction":[{"@type":"SearchAction","target":{"@type":"EntryPoint","urlTemplate":"https:\/\/www.encontrabelohorizonte.com.br\/guia\/?s={search_term_string}"},"query-input":{"@type":"PropertyValueSpecification","valueRequired":true,"valueName":"search_term_string"}}],"inLanguage":"pt-BR"},{"@type":"Person","@id":"https:\/\/www.encontrabelohorizonte.com.br\/guia\/#\/schema\/person\/6b792069f07fee9a700a7caa85fb85a9","name":"Encontra Belo Horizonte","image":{"@type":"ImageObject","inLanguage":"pt-BR","@id":"https:\/\/secure.gravatar.com\/avatar\/c50c17820bcf322f0a8fd6b110b8c0918141409dc69076470f6fca5fee70a5d4?s=96&d=mm&r=g","url":"https:\/\/secure.gravatar.com\/avatar\/c50c17820bcf322f0a8fd6b110b8c0918141409dc69076470f6fca5fee70a5d4?s=96&d=mm&r=g","contentUrl":"https:\/\/secure.gravatar.com\/avatar\/c50c17820bcf322f0a8fd6b110b8c0918141409dc69076470f6fca5fee70a5d4?s=96&d=mm&r=g","caption":"Encontra Belo Horizonte"},"url":"https:\/\/www.encontrabelohorizonte.com.br\/guia\/author\/encontrabelohorizonte\/"}]}},"_links":{"self":[{"href":"https:\/\/www.encontrabelohorizonte.com.br\/guia\/wp-json\/wp\/v2\/posts\/14915","targetHints":{"allow":["GET"]}}],"collection":[{"href":"https:\/\/www.encontrabelohorizonte.com.br\/guia\/wp-json\/wp\/v2\/posts"}],"about":[{"href":"https:\/\/www.encontrabelohorizonte.com.br\/guia\/wp-json\/wp\/v2\/types\/post"}],"author":[{"embeddable":true,"href":"https:\/\/www.encontrabelohorizonte.com.br\/guia\/wp-json\/wp\/v2\/users\/1"}],"replies":[{"embeddable":true,"href":"https:\/\/www.encontrabelohorizonte.com.br\/guia\/wp-json\/wp\/v2\/comments?post=14915"}],"version-history":[{"count":0,"href":"https:\/\/www.encontrabelohorizonte.com.br\/guia\/wp-json\/wp\/v2\/posts\/14915\/revisions"}],"wp:featuredmedia":[{"embeddable":true,"href":"https:\/\/www.encontrabelohorizonte.com.br\/guia\/wp-json\/wp\/v2\/media\/14914"}],"wp:attachment":[{"href":"https:\/\/www.encontrabelohorizonte.com.br\/guia\/wp-json\/wp\/v2\/media?parent=14915"}],"wp:term":[{"taxonomy":"category","embeddable":true,"href":"https:\/\/www.encontrabelohorizonte.com.br\/guia\/wp-json\/wp\/v2\/categories?post=14915"},{"taxonomy":"post_tag","embeddable":true,"href":"https:\/\/www.encontrabelohorizonte.com.br\/guia\/wp-json\/wp\/v2\/tags?post=14915"}],"curies":[{"name":"wp","href":"https:\/\/api.w.org\/{rel}","templated":true}]}}