{"id":14923,"date":"2026-07-07T12:42:39","date_gmt":"2026-07-07T15:42:39","guid":{"rendered":"https:\/\/www.encontrabelohorizonte.com.br\/guia\/governo-de-minas-decreta-desapropriacao-de-terreno-para-obras-da-linha-2-do-metro-de-bh\/"},"modified":"2026-07-07T12:42:39","modified_gmt":"2026-07-07T15:42:39","slug":"governo-de-minas-decreta-desapropriacao-de-terreno-para-obras-da-linha-2-do-metro-de-bh","status":"publish","type":"post","link":"https:\/\/www.encontrabelohorizonte.com.br\/guia\/governo-de-minas-decreta-desapropriacao-de-terreno-para-obras-da-linha-2-do-metro-de-bh\/","title":{"rendered":"Governo de Minas decreta desapropria\u00e7\u00e3o de terreno para obras da Linha 2 do Metr\u00f4 de BH"},"content":{"rendered":"<h2>Entenda o Processo de Desapropria\u00e7\u00e3o<\/h2>\n<p>A desapropria\u00e7\u00e3o \u00e9 um processo legal pelo qual o Estado toma posse de um bem privado com o objetivo de atender ao interesse p\u00fablico. Este procedimento \u00e9 fundamentado na necessidade de expans\u00e3o de infraestrutura, como no caso que envolve a constru\u00e7\u00e3o de novas linhas de metr\u00f4, como \u00e9 o caso da Linha 2 do Metr\u00f4 de Belo Horizonte.<\/p>\n<p>De acordo com a legisla\u00e7\u00e3o, todo o processo deve ser realizado com a devida justifica\u00e7\u00e3o e prote\u00e7\u00e3o dos direitos dos propriet\u00e1rios, que devem ser compensados de forma justa. Nesta situa\u00e7\u00e3o espec\u00edfica, o Governo de Minas Gerais instaurou a desapropria\u00e7\u00e3o de um terreno no bairro Vista Alegre, com uma \u00e1rea de aproximadamente 3.700 metros quadrados, o qual ser\u00e1 utilizado para a amplia\u00e7\u00e3o da via permanente do novo ramal do metr\u00f4.<\/p>\n<h2>Localiza\u00e7\u00e3o do Terreno Desapropriado<\/h2>\n<p>O terreno em quest\u00e3o est\u00e1 situado na Avenida Tereza Cristina, n\u00famero 6.296, no bairro Vista Alegre, que se localiza na Regi\u00e3o Oeste de Belo Horizonte. A proximidade com a Rua Carmo da Cachoeira e a linha existente do metr\u00f4 facilitar\u00e1 a integra\u00e7\u00e3o e o desenvolvimento da nova linha.<\/p>\n<p><img decoding=\"async\" src=\"https:\/\/www.encontrabelohorizonte.com.br\/guia\/wp-content\/uploads\/2026\/07\/governo-de-minas-decreta-desapropriacao-de-terreno-para-obras-da-linha-2-do-metro-de-bh.webp\" alt=\"desapropria\u00e7\u00e3o de terreno\" loading=\"lazy\" \/><\/p>\n<p>Esse local foi escolhido por sua relev\u00e2ncia estrat\u00e9gica, uma vez que vai permitir que as futuras obras de expans\u00e3o do metr\u00f4 proporcionem um transporte p\u00fablico mais eficiente e acess\u00edvel \u00e0 popula\u00e7\u00e3o, contribuindo para a melhoria da mobilidade urbana na regi\u00e3o.<\/p>\n<h2>Objetivos da Linha 2 do Metr\u00f4<\/h2>\n<p>A Linha 2 do Metr\u00f4 de Belo Horizonte tem como principal objetivo conectar a Regi\u00e3o do Barreiro \u00e0 Linha 1, especificamente na Esta\u00e7\u00e3o Nova Su\u00ed\u00e7a. Esse ramal ir\u00e1 facilitar o deslocamento dos usu\u00e1rios, oferecendo uma alternativa \u00e0 crescente demanda de transporte na cidade. Al\u00e9m disso, a expans\u00e3o do metr\u00f4 visa:<\/p>\n<ul>\n<li><strong>Reduzir congestionamentos urbanos:<\/strong> Com mais pessoas utilizando o transporte coletivo, espera-se diminuir o n\u00famero de ve\u00edculos nas ruas.<\/li>\n<li><strong>Promover a sustentabilidade:<\/strong> Incentivando o uso de transporte p\u00fablico, contribui-se para a redu\u00e7\u00e3o da polui\u00e7\u00e3o e do consumo de combust\u00edveis f\u00f3sseis.<\/li>\n<li><strong>Facilitar a acessibilidade:<\/strong> A nova linha proporcionar\u00e1 um acesso mais f\u00e1cil a diversas regi\u00f5es da capital, beneficiando especialmente a popula\u00e7\u00e3o de baixa renda.<\/li>\n<\/ul>\n<h2>Est\u00e1gios da Linha 2 e Futuras Esta\u00e7\u00f5es<\/h2>\n<p>O projeto da Linha 2 envolve a constru\u00e7\u00e3o de v\u00e1rias esta\u00e7\u00f5es ao longo de seu trajeto, com as duas primeiras, Nova Su\u00ed\u00e7a e Amazonas, j\u00e1 inauguradas em julho de 2026. Outras cinco esta\u00e7\u00f5es est\u00e3o programadas para serem entregues de forma gradual at\u00e9 2028. O cronograma atual prev\u00ea as seguintes entregas:<\/p>\n<ul>\n<li><strong>2027:<\/strong> Inaugura\u00e7\u00e3o das esta\u00e7\u00f5es Nova Gameleira, Nova Cintra e Vista Alegre.<\/li>\n<li><strong>2028:<\/strong> Conclus\u00e3o da linha com as esta\u00e7\u00f5es Ferrugem e Barreiro.<\/li>\n<\/ul>\n<p>Essas etapas representam um avan\u00e7o significativo na expans\u00e3o do sistema metrovi\u00e1rio e aumentar\u00e3o a interliga\u00e7\u00e3o entre diversas \u00e1reas da cidade, otimizando o fluxo de passageiros.<\/p>\n<h2>Impactos no Tr\u00e2nsito Durante as Obras<\/h2>\n<p>Durante a realiza\u00e7\u00e3o das obras para a Linha 2, o tr\u00e1fego na regi\u00e3o pode sofrer algumas altera\u00e7\u00f5es. \u00c9 esperado que o processo de desapropria\u00e7\u00e3o e constru\u00e7\u00e3o exija um planejamento cuidadoso para minimizar os impactos no tr\u00e2nsito. Aumento de fluxo e poss\u00edveis desvios de tr\u00e1fego s\u00e3o algumas das quest\u00f5es que a concession\u00e1ria Metr\u00f4 BH ter\u00e1 que gerenciar.<\/p>\n<p>Para mitigar os problemas de congest\u00e3o, ser\u00e3o implementadas estrat\u00e9gias de controle de tr\u00e1fego e sinaliza\u00e7\u00e3o para orientar os motoristas e pedestres na \u00e1rea das obras. A comunica\u00e7\u00e3o eficaz com a comunidade local ser\u00e1 fundamental para garantir que todos estejam cientes das mudan\u00e7as e possam se planejar adequadamente.<\/p>\n<h2>Hist\u00f3ria do Metr\u00f4 de Belo Horizonte<\/h2>\n<p>O Metr\u00f4 de Belo Horizonte \u00e9 um elemento vital no transporte p\u00fablico da capital mineira, inaugurado na d\u00e9cada de 1980. Desde sua cria\u00e7\u00e3o, o sistema tem passado por diversas expans\u00f5es, buscando sempre atender \u00e0 crescente demanda por transporte urbano. A introdu\u00e7\u00e3o da Linha 2 representa uma nova fase na evolu\u00e7\u00e3o do sistema, refletindo o compromisso com a melhoria da mobilidade urbana e a qualidade de vida dos cidad\u00e3os.<\/p>\n<h2>Benef\u00edcios da Expans\u00e3o do Metr\u00f4<\/h2>\n<p>A expans\u00e3o do Metr\u00f4 de Belo Horizonte trar\u00e1 diversos benef\u00edcios \u00e0 popula\u00e7\u00e3o, entre os quais podemos destacar:<\/p>\n<ul>\n<li><strong>Melhoria no transporte p\u00fablico:<\/strong> Um sistema mais abrangente e integrado facilita o deslocamento, permitindo que os cidad\u00e3os cheguem aos seus destinos de maneira mais r\u00e1pida e eficiente.<\/li>\n<li><strong>Promover desenvolvimentos econ\u00f4micos:<\/strong> Aumento do acesso ao transporte coletivo pode estimular o crescimento de neg\u00f3cios localizados ao longo do trajeto da nova linha.<\/li>\n<li><strong>Redu\u00e7\u00e3o do impacto ambiental:<\/strong> Com menos ve\u00edculos pessoais nas ruas, a emiss\u00e3o de poluentes diminuir\u00e1, contribuindo para um meio ambiente mais saud\u00e1vel.<\/li>\n<\/ul>\n<h2>Rea\u00e7\u00e3o da Popula\u00e7\u00e3o Frente \u00e0 Desapropria\u00e7\u00e3o<\/h2>\n<p>A desapropria\u00e7\u00e3o de terrenos, como a que ocorreu no bairro Vista Alegre, pode gerar rea\u00e7\u00f5es mistas da popula\u00e7\u00e3o. Para alguns, a expans\u00e3o do metr\u00f4 \u00e9 vista como uma oportunidade de melhoria da infraestrutura urbana, enquanto outros podem se sentir preocupados com a perda de suas propriedades.<\/p>\n<p>\u00c9 essencial que o Governo e a concession\u00e1ria se empenhem em um di\u00e1logo aberto com a comunidade, esclarecendo os benef\u00edcios e os direitos dos propriet\u00e1rios. A transpar\u00eancia \u00e9 chave para conquistar a confian\u00e7a da popula\u00e7\u00e3o e garantir uma transi\u00e7\u00e3o mais tranquila durante o processo de desapropria\u00e7\u00e3o.<\/p>\n<h2>Responsabilidade da Concession\u00e1ria<\/h2>\n<p>A concession\u00e1ria Metr\u00f4 BH, encarregada da opera\u00e7\u00e3o do sistema metrovi\u00e1rio, assume a responsabilidade pela coordena\u00e7\u00e3o das obras e pela execu\u00e7\u00e3o do processo de desapropria\u00e7\u00e3o de acordo com a legisla\u00e7\u00e3o vigente. Sob a supervis\u00e3o do poder p\u00fablico, a empresa deve seguir procedimentos rigorosos para garantir que os direitos dos envolvidos sejam respeitados e que a compensa\u00e7\u00e3o seja justa.<\/p>\n<p>Isso inclui a avalia\u00e7\u00e3o adequada dos bens desapropriados, reuni\u00f5es com os propriet\u00e1rios e a disponibiliza\u00e7\u00e3o de informa\u00e7\u00f5es claras sobre o andamento dos processos.<\/p>\n<h2>Cronograma de Entregas da Linha 2<\/h2>\n<p>O cronograma de entregas \u00e9 um componente essencial para assegurar a implementa\u00e7\u00e3o bem-sucedida da Linha 2 do Metr\u00f4. A primeira fase, j\u00e1 conclu\u00edda com a inaugura\u00e7\u00e3o das esta\u00e7\u00f5es Nova Su\u00ed\u00e7a e Amazonas, est\u00e1 programada para ser seguida conforme o planejamento:<\/p>\n<ul>\n<li><strong>Esta\u00e7\u00e3o Nova Gameleira, Nova Cintra e Vista Alegre:<\/strong> Prevista para 2027.<\/li>\n<li><strong>Esta\u00e7\u00e3o Ferrugem e Barreiro:<\/strong> Previstas para 2028, completando o trajeto da Linha 2.<\/li>\n<\/ul>\n<p>Esse cronograma reflete o compromisso do governo com a execu\u00e7\u00e3o do projeto e a melhoria cont\u00ednua da infraestrutura de transporte em Belo Horizonte.<\/p>\n","protected":false},"excerpt":{"rendered":"<p>Desapropria\u00e7\u00e3o de terreno essencial para a expans\u00e3o da Linha 2 do Metr\u00f4 de BH.<\/p>\n","protected":false},"author":1,"featured_media":14922,"comment_status":"open","ping_status":"open","sticky":false,"template":"","format":"standard","meta":{"footnotes":""},"categories":[5],"tags":[],"class_list":["post-14923","post","type-post","status-publish","format-standard","has-post-thumbnail","hentry","category-noticias","has_thumb"],"yoast_head":"<!-- This site is optimized with the Yoast SEO plugin v28.2 - https:\/\/yoast.com\/product\/yoast-seo-wordpress\/ -->\n<title>Governo de Minas decreta desapropria\u00e7\u00e3o de terreno para obras da Linha 2 do Metr\u00f4 de BH | Guia Comercial de Belo Horizonte MG<\/title>\n<meta name=\"robots\" content=\"index, follow, max-snippet:-1, max-image-preview:large, max-video-preview:-1\" \/>\n<link rel=\"canonical\" href=\"https:\/\/www.encontrabelohorizonte.com.br\/guia\/governo-de-minas-decreta-desapropriacao-de-terreno-para-obras-da-linha-2-do-metro-de-bh\/\" \/>\n<meta property=\"og:locale\" content=\"pt_BR\" \/>\n<meta property=\"og:type\" content=\"article\" \/>\n<meta property=\"og:title\" content=\"Governo de Minas decreta desapropria\u00e7\u00e3o de terreno para obras da Linha 2 do Metr\u00f4 de BH | Guia Comercial de Belo Horizonte MG\" \/>\n<meta property=\"og:description\" content=\"Desapropria\u00e7\u00e3o de terreno essencial para a expans\u00e3o da Linha 2 do Metr\u00f4 de BH.\" \/>\n<meta property=\"og:url\" content=\"https:\/\/www.encontrabelohorizonte.com.br\/guia\/governo-de-minas-decreta-desapropriacao-de-terreno-para-obras-da-linha-2-do-metro-de-bh\/\" \/>\n<meta property=\"og:site_name\" content=\"Guia Comercial de Belo Horizonte MG\" \/>\n<meta property=\"article:published_time\" content=\"2026-07-07T15:42:39+00:00\" \/>\n<meta property=\"og:image\" content=\"https:\/\/www.encontrabelohorizonte.com.br\/guia\/wp-content\/uploads\/2026\/07\/governo-de-minas-decreta-desapropriacao-de-terreno-para-obras-da-linha-2-do-metro-de-bh.webp\" \/>\n\t<meta property=\"og:image:width\" content=\"280\" \/>\n\t<meta property=\"og:image:height\" content=\"280\" \/>\n\t<meta property=\"og:image:type\" content=\"image\/webp\" \/>\n<meta name=\"author\" content=\"Encontra Belo Horizonte\" \/>\n<meta name=\"twitter:card\" content=\"summary_large_image\" \/>\n<meta name=\"twitter:label1\" content=\"Escrito por\" \/>\n\t<meta name=\"twitter:data1\" content=\"Encontra Belo Horizonte\" \/>\n\t<meta name=\"twitter:label2\" content=\"Est. tempo de leitura\" \/>\n\t<meta name=\"twitter:data2\" content=\"5 minutos\" \/>\n<script type=\"application\/ld+json\" class=\"yoast-schema-graph\">{\"@context\":\"https:\\\/\\\/schema.org\",\"@graph\":[{\"@type\":\"Article\",\"@id\":\"https:\\\/\\\/www.encontrabelohorizonte.com.br\\\/guia\\\/governo-de-minas-decreta-desapropriacao-de-terreno-para-obras-da-linha-2-do-metro-de-bh\\\/#article\",\"isPartOf\":{\"@id\":\"https:\\\/\\\/www.encontrabelohorizonte.com.br\\\/guia\\\/governo-de-minas-decreta-desapropriacao-de-terreno-para-obras-da-linha-2-do-metro-de-bh\\\/\"},\"author\":{\"name\":\"Encontra Belo Horizonte\",\"@id\":\"https:\\\/\\\/www.encontrabelohorizonte.com.br\\\/guia\\\/#\\\/schema\\\/person\\\/6b792069f07fee9a700a7caa85fb85a9\"},\"headline\":\"Governo de Minas decreta desapropria\u00e7\u00e3o de terreno para obras da Linha 2 do Metr\u00f4 de BH\",\"datePublished\":\"2026-07-07T15:42:39+00:00\",\"mainEntityOfPage\":{\"@id\":\"https:\\\/\\\/www.encontrabelohorizonte.com.br\\\/guia\\\/governo-de-minas-decreta-desapropriacao-de-terreno-para-obras-da-linha-2-do-metro-de-bh\\\/\"},\"wordCount\":1118,\"commentCount\":0,\"image\":{\"@id\":\"https:\\\/\\\/www.encontrabelohorizonte.com.br\\\/guia\\\/governo-de-minas-decreta-desapropriacao-de-terreno-para-obras-da-linha-2-do-metro-de-bh\\\/#primaryimage\"},\"thumbnailUrl\":\"https:\\\/\\\/www.encontrabelohorizonte.com.br\\\/guia\\\/wp-content\\\/uploads\\\/2026\\\/07\\\/governo-de-minas-decreta-desapropriacao-de-terreno-para-obras-da-linha-2-do-metro-de-bh.webp\",\"articleSection\":[\"Not\u00edcias Belo Horizonte\"],\"inLanguage\":\"pt-BR\",\"potentialAction\":[{\"@type\":\"CommentAction\",\"name\":\"Comment\",\"target\":[\"https:\\\/\\\/www.encontrabelohorizonte.com.br\\\/guia\\\/governo-de-minas-decreta-desapropriacao-de-terreno-para-obras-da-linha-2-do-metro-de-bh\\\/#respond\"]}]},{\"@type\":\"WebPage\",\"@id\":\"https:\\\/\\\/www.encontrabelohorizonte.com.br\\\/guia\\\/governo-de-minas-decreta-desapropriacao-de-terreno-para-obras-da-linha-2-do-metro-de-bh\\\/\",\"url\":\"https:\\\/\\\/www.encontrabelohorizonte.com.br\\\/guia\\\/governo-de-minas-decreta-desapropriacao-de-terreno-para-obras-da-linha-2-do-metro-de-bh\\\/\",\"name\":\"Governo de Minas decreta desapropria\u00e7\u00e3o de terreno para obras da Linha 2 do Metr\u00f4 de BH | Guia Comercial de Belo Horizonte MG\",\"isPartOf\":{\"@id\":\"https:\\\/\\\/www.encontrabelohorizonte.com.br\\\/guia\\\/#website\"},\"primaryImageOfPage\":{\"@id\":\"https:\\\/\\\/www.encontrabelohorizonte.com.br\\\/guia\\\/governo-de-minas-decreta-desapropriacao-de-terreno-para-obras-da-linha-2-do-metro-de-bh\\\/#primaryimage\"},\"image\":{\"@id\":\"https:\\\/\\\/www.encontrabelohorizonte.com.br\\\/guia\\\/governo-de-minas-decreta-desapropriacao-de-terreno-para-obras-da-linha-2-do-metro-de-bh\\\/#primaryimage\"},\"thumbnailUrl\":\"https:\\\/\\\/www.encontrabelohorizonte.com.br\\\/guia\\\/wp-content\\\/uploads\\\/2026\\\/07\\\/governo-de-minas-decreta-desapropriacao-de-terreno-para-obras-da-linha-2-do-metro-de-bh.webp\",\"datePublished\":\"2026-07-07T15:42:39+00:00\",\"author\":{\"@id\":\"https:\\\/\\\/www.encontrabelohorizonte.com.br\\\/guia\\\/#\\\/schema\\\/person\\\/6b792069f07fee9a700a7caa85fb85a9\"},\"inLanguage\":\"pt-BR\",\"potentialAction\":[{\"@type\":\"ReadAction\",\"target\":[\"https:\\\/\\\/www.encontrabelohorizonte.com.br\\\/guia\\\/governo-de-minas-decreta-desapropriacao-de-terreno-para-obras-da-linha-2-do-metro-de-bh\\\/\"]}]},{\"@type\":\"ImageObject\",\"inLanguage\":\"pt-BR\",\"@id\":\"https:\\\/\\\/www.encontrabelohorizonte.com.br\\\/guia\\\/governo-de-minas-decreta-desapropriacao-de-terreno-para-obras-da-linha-2-do-metro-de-bh\\\/#primaryimage\",\"url\":\"https:\\\/\\\/www.encontrabelohorizonte.com.br\\\/guia\\\/wp-content\\\/uploads\\\/2026\\\/07\\\/governo-de-minas-decreta-desapropriacao-de-terreno-para-obras-da-linha-2-do-metro-de-bh.webp\",\"contentUrl\":\"https:\\\/\\\/www.encontrabelohorizonte.com.br\\\/guia\\\/wp-content\\\/uploads\\\/2026\\\/07\\\/governo-de-minas-decreta-desapropriacao-de-terreno-para-obras-da-linha-2-do-metro-de-bh.webp\",\"width\":280,\"height\":280,\"caption\":\"desapropria\u00e7\u00e3o de terreno\"},{\"@type\":\"WebSite\",\"@id\":\"https:\\\/\\\/www.encontrabelohorizonte.com.br\\\/guia\\\/#website\",\"url\":\"https:\\\/\\\/www.encontrabelohorizonte.com.br\\\/guia\\\/\",\"name\":\"Guia Comercial de Belo Horizonte MG\",\"description\":\"ENCONTRA BELO HORIZONTE - O guia comercial de neg\u00f3cios e empresas, cultura e divers\u00e3o na cidade de Belo Horizonte. Feito 100% para voc\u00ea morador!\",\"potentialAction\":[{\"@type\":\"SearchAction\",\"target\":{\"@type\":\"EntryPoint\",\"urlTemplate\":\"https:\\\/\\\/www.encontrabelohorizonte.com.br\\\/guia\\\/?s={search_term_string}\"},\"query-input\":{\"@type\":\"PropertyValueSpecification\",\"valueRequired\":true,\"valueName\":\"search_term_string\"}}],\"inLanguage\":\"pt-BR\"},{\"@type\":\"Person\",\"@id\":\"https:\\\/\\\/www.encontrabelohorizonte.com.br\\\/guia\\\/#\\\/schema\\\/person\\\/6b792069f07fee9a700a7caa85fb85a9\",\"name\":\"Encontra Belo Horizonte\",\"image\":{\"@type\":\"ImageObject\",\"inLanguage\":\"pt-BR\",\"@id\":\"https:\\\/\\\/secure.gravatar.com\\\/avatar\\\/c50c17820bcf322f0a8fd6b110b8c0918141409dc69076470f6fca5fee70a5d4?s=96&d=mm&r=g\",\"url\":\"https:\\\/\\\/secure.gravatar.com\\\/avatar\\\/c50c17820bcf322f0a8fd6b110b8c0918141409dc69076470f6fca5fee70a5d4?s=96&d=mm&r=g\",\"contentUrl\":\"https:\\\/\\\/secure.gravatar.com\\\/avatar\\\/c50c17820bcf322f0a8fd6b110b8c0918141409dc69076470f6fca5fee70a5d4?s=96&d=mm&r=g\",\"caption\":\"Encontra Belo Horizonte\"},\"url\":\"https:\\\/\\\/www.encontrabelohorizonte.com.br\\\/guia\\\/author\\\/encontrabelohorizonte\\\/\"}]}<\/script>\n<!-- \/ Yoast SEO plugin. -->","yoast_head_json":{"title":"Governo de Minas decreta desapropria\u00e7\u00e3o de terreno para obras da Linha 2 do Metr\u00f4 de BH | Guia Comercial de Belo Horizonte MG","robots":{"index":"index","follow":"follow","max-snippet":"max-snippet:-1","max-image-preview":"max-image-preview:large","max-video-preview":"max-video-preview:-1"},"canonical":"https:\/\/www.encontrabelohorizonte.com.br\/guia\/governo-de-minas-decreta-desapropriacao-de-terreno-para-obras-da-linha-2-do-metro-de-bh\/","og_locale":"pt_BR","og_type":"article","og_title":"Governo de Minas decreta desapropria\u00e7\u00e3o de terreno para obras da Linha 2 do Metr\u00f4 de BH | Guia Comercial de Belo Horizonte MG","og_description":"Desapropria\u00e7\u00e3o de terreno essencial para a expans\u00e3o da Linha 2 do Metr\u00f4 de BH.","og_url":"https:\/\/www.encontrabelohorizonte.com.br\/guia\/governo-de-minas-decreta-desapropriacao-de-terreno-para-obras-da-linha-2-do-metro-de-bh\/","og_site_name":"Guia Comercial de Belo Horizonte MG","article_published_time":"2026-07-07T15:42:39+00:00","og_image":[{"width":280,"height":280,"url":"https:\/\/www.encontrabelohorizonte.com.br\/guia\/wp-content\/uploads\/2026\/07\/governo-de-minas-decreta-desapropriacao-de-terreno-para-obras-da-linha-2-do-metro-de-bh.webp","type":"image\/webp"}],"author":"Encontra Belo Horizonte","twitter_card":"summary_large_image","twitter_misc":{"Escrito por":"Encontra Belo Horizonte","Est. tempo de leitura":"5 minutos"},"schema":{"@context":"https:\/\/schema.org","@graph":[{"@type":"Article","@id":"https:\/\/www.encontrabelohorizonte.com.br\/guia\/governo-de-minas-decreta-desapropriacao-de-terreno-para-obras-da-linha-2-do-metro-de-bh\/#article","isPartOf":{"@id":"https:\/\/www.encontrabelohorizonte.com.br\/guia\/governo-de-minas-decreta-desapropriacao-de-terreno-para-obras-da-linha-2-do-metro-de-bh\/"},"author":{"name":"Encontra Belo Horizonte","@id":"https:\/\/www.encontrabelohorizonte.com.br\/guia\/#\/schema\/person\/6b792069f07fee9a700a7caa85fb85a9"},"headline":"Governo de Minas decreta desapropria\u00e7\u00e3o de terreno para obras da Linha 2 do Metr\u00f4 de BH","datePublished":"2026-07-07T15:42:39+00:00","mainEntityOfPage":{"@id":"https:\/\/www.encontrabelohorizonte.com.br\/guia\/governo-de-minas-decreta-desapropriacao-de-terreno-para-obras-da-linha-2-do-metro-de-bh\/"},"wordCount":1118,"commentCount":0,"image":{"@id":"https:\/\/www.encontrabelohorizonte.com.br\/guia\/governo-de-minas-decreta-desapropriacao-de-terreno-para-obras-da-linha-2-do-metro-de-bh\/#primaryimage"},"thumbnailUrl":"https:\/\/www.encontrabelohorizonte.com.br\/guia\/wp-content\/uploads\/2026\/07\/governo-de-minas-decreta-desapropriacao-de-terreno-para-obras-da-linha-2-do-metro-de-bh.webp","articleSection":["Not\u00edcias Belo Horizonte"],"inLanguage":"pt-BR","potentialAction":[{"@type":"CommentAction","name":"Comment","target":["https:\/\/www.encontrabelohorizonte.com.br\/guia\/governo-de-minas-decreta-desapropriacao-de-terreno-para-obras-da-linha-2-do-metro-de-bh\/#respond"]}]},{"@type":"WebPage","@id":"https:\/\/www.encontrabelohorizonte.com.br\/guia\/governo-de-minas-decreta-desapropriacao-de-terreno-para-obras-da-linha-2-do-metro-de-bh\/","url":"https:\/\/www.encontrabelohorizonte.com.br\/guia\/governo-de-minas-decreta-desapropriacao-de-terreno-para-obras-da-linha-2-do-metro-de-bh\/","name":"Governo de Minas decreta desapropria\u00e7\u00e3o de terreno para obras da Linha 2 do Metr\u00f4 de BH | Guia Comercial de Belo Horizonte MG","isPartOf":{"@id":"https:\/\/www.encontrabelohorizonte.com.br\/guia\/#website"},"primaryImageOfPage":{"@id":"https:\/\/www.encontrabelohorizonte.com.br\/guia\/governo-de-minas-decreta-desapropriacao-de-terreno-para-obras-da-linha-2-do-metro-de-bh\/#primaryimage"},"image":{"@id":"https:\/\/www.encontrabelohorizonte.com.br\/guia\/governo-de-minas-decreta-desapropriacao-de-terreno-para-obras-da-linha-2-do-metro-de-bh\/#primaryimage"},"thumbnailUrl":"https:\/\/www.encontrabelohorizonte.com.br\/guia\/wp-content\/uploads\/2026\/07\/governo-de-minas-decreta-desapropriacao-de-terreno-para-obras-da-linha-2-do-metro-de-bh.webp","datePublished":"2026-07-07T15:42:39+00:00","author":{"@id":"https:\/\/www.encontrabelohorizonte.com.br\/guia\/#\/schema\/person\/6b792069f07fee9a700a7caa85fb85a9"},"inLanguage":"pt-BR","potentialAction":[{"@type":"ReadAction","target":["https:\/\/www.encontrabelohorizonte.com.br\/guia\/governo-de-minas-decreta-desapropriacao-de-terreno-para-obras-da-linha-2-do-metro-de-bh\/"]}]},{"@type":"ImageObject","inLanguage":"pt-BR","@id":"https:\/\/www.encontrabelohorizonte.com.br\/guia\/governo-de-minas-decreta-desapropriacao-de-terreno-para-obras-da-linha-2-do-metro-de-bh\/#primaryimage","url":"https:\/\/www.encontrabelohorizonte.com.br\/guia\/wp-content\/uploads\/2026\/07\/governo-de-minas-decreta-desapropriacao-de-terreno-para-obras-da-linha-2-do-metro-de-bh.webp","contentUrl":"https:\/\/www.encontrabelohorizonte.com.br\/guia\/wp-content\/uploads\/2026\/07\/governo-de-minas-decreta-desapropriacao-de-terreno-para-obras-da-linha-2-do-metro-de-bh.webp","width":280,"height":280,"caption":"desapropria\u00e7\u00e3o de terreno"},{"@type":"WebSite","@id":"https:\/\/www.encontrabelohorizonte.com.br\/guia\/#website","url":"https:\/\/www.encontrabelohorizonte.com.br\/guia\/","name":"Guia Comercial de Belo Horizonte MG","description":"ENCONTRA BELO HORIZONTE - O guia comercial de neg\u00f3cios e empresas, cultura e divers\u00e3o na cidade de Belo Horizonte. Feito 100% para voc\u00ea morador!","potentialAction":[{"@type":"SearchAction","target":{"@type":"EntryPoint","urlTemplate":"https:\/\/www.encontrabelohorizonte.com.br\/guia\/?s={search_term_string}"},"query-input":{"@type":"PropertyValueSpecification","valueRequired":true,"valueName":"search_term_string"}}],"inLanguage":"pt-BR"},{"@type":"Person","@id":"https:\/\/www.encontrabelohorizonte.com.br\/guia\/#\/schema\/person\/6b792069f07fee9a700a7caa85fb85a9","name":"Encontra Belo Horizonte","image":{"@type":"ImageObject","inLanguage":"pt-BR","@id":"https:\/\/secure.gravatar.com\/avatar\/c50c17820bcf322f0a8fd6b110b8c0918141409dc69076470f6fca5fee70a5d4?s=96&d=mm&r=g","url":"https:\/\/secure.gravatar.com\/avatar\/c50c17820bcf322f0a8fd6b110b8c0918141409dc69076470f6fca5fee70a5d4?s=96&d=mm&r=g","contentUrl":"https:\/\/secure.gravatar.com\/avatar\/c50c17820bcf322f0a8fd6b110b8c0918141409dc69076470f6fca5fee70a5d4?s=96&d=mm&r=g","caption":"Encontra Belo Horizonte"},"url":"https:\/\/www.encontrabelohorizonte.com.br\/guia\/author\/encontrabelohorizonte\/"}]}},"_links":{"self":[{"href":"https:\/\/www.encontrabelohorizonte.com.br\/guia\/wp-json\/wp\/v2\/posts\/14923","targetHints":{"allow":["GET"]}}],"collection":[{"href":"https:\/\/www.encontrabelohorizonte.com.br\/guia\/wp-json\/wp\/v2\/posts"}],"about":[{"href":"https:\/\/www.encontrabelohorizonte.com.br\/guia\/wp-json\/wp\/v2\/types\/post"}],"author":[{"embeddable":true,"href":"https:\/\/www.encontrabelohorizonte.com.br\/guia\/wp-json\/wp\/v2\/users\/1"}],"replies":[{"embeddable":true,"href":"https:\/\/www.encontrabelohorizonte.com.br\/guia\/wp-json\/wp\/v2\/comments?post=14923"}],"version-history":[{"count":0,"href":"https:\/\/www.encontrabelohorizonte.com.br\/guia\/wp-json\/wp\/v2\/posts\/14923\/revisions"}],"wp:featuredmedia":[{"embeddable":true,"href":"https:\/\/www.encontrabelohorizonte.com.br\/guia\/wp-json\/wp\/v2\/media\/14922"}],"wp:attachment":[{"href":"https:\/\/www.encontrabelohorizonte.com.br\/guia\/wp-json\/wp\/v2\/media?parent=14923"}],"wp:term":[{"taxonomy":"category","embeddable":true,"href":"https:\/\/www.encontrabelohorizonte.com.br\/guia\/wp-json\/wp\/v2\/categories?post=14923"},{"taxonomy":"post_tag","embeddable":true,"href":"https:\/\/www.encontrabelohorizonte.com.br\/guia\/wp-json\/wp\/v2\/tags?post=14923"}],"curies":[{"name":"wp","href":"https:\/\/api.w.org\/{rel}","templated":true}]}}