{"id":14935,"date":"2026-07-09T16:31:15","date_gmt":"2026-07-09T19:31:15","guid":{"rendered":"https:\/\/www.encontrabelohorizonte.com.br\/guia\/sem-inventario-publico-acervo-do-palacio-das-mangabeiras-vira-alvo-de-impasse-reportagem-localiza-biombo-de-di-cavalcanti\/"},"modified":"2026-07-09T16:31:15","modified_gmt":"2026-07-09T19:31:15","slug":"sem-inventario-publico-acervo-do-palacio-das-mangabeiras-vira-alvo-de-impasse-reportagem-localiza-biombo-de-di-cavalcanti","status":"publish","type":"post","link":"https:\/\/www.encontrabelohorizonte.com.br\/guia\/sem-inventario-publico-acervo-do-palacio-das-mangabeiras-vira-alvo-de-impasse-reportagem-localiza-biombo-de-di-cavalcanti\/","title":{"rendered":"Sem invent\u00e1rio p\u00fablico, acervo do Pal\u00e1cio das Mangabeiras vira alvo de impasse; reportagem localiza biombo de Di Cavalcanti"},"content":{"rendered":"<h2>O Impasse do Acervo<\/h2>\n<p>O acervo do Pal\u00e1cio das Mangabeiras enfrenta um impasse significativo no cen\u00e1rio pol\u00edtico e administrativo de Minas Gerais. A situa\u00e7\u00e3o se intensificou ap\u00f3s a descoberta de um biombo de Di Cavalcanti, um item art\u00edsticos de valor consider\u00e1vel, que se encontra atualmente no Pal\u00e1cio da Liberdade. A quest\u00e3o abrange a falta de um invent\u00e1rio p\u00fablico, gerando controv\u00e9rsias entre a oposi\u00e7\u00e3o e o governo em rela\u00e7\u00e3o ao destino de pelo menos 294 pe\u00e7as que compunham o acervo dessa antiga resid\u00eancia oficial.<\/p>\n<h2>Transpar\u00eancia e Controle Patrimonial<\/h2>\n<p>Parlamentares da oposi\u00e7\u00e3o levantam preocupa\u00e7\u00f5es sobre a falta de fiscaliza\u00e7\u00e3o e controle apropriado na movimenta\u00e7\u00e3o dos bens patrimoniais. Est\u00e3o solicitando um exame mais profundo sobre o processo de redistribui\u00e7\u00e3o das pe\u00e7as e a manuten\u00e7\u00e3o do acervo que pertence ao patrim\u00f4nio p\u00fablico. Por outro lado, o governo estadual refor\u00e7a a posi\u00e7\u00e3o de que todos os itens do acervo foram devidamente catalogados e que \u00e9 irrefut\u00e1vel a continuidade de sua propriedade por parte do Estado.<\/p>\n<h2>Pe\u00e7as Hist\u00f3ricas em Discuss\u00e3o<\/h2>\n<p>Entre os itens redistribu\u00eddos, al\u00e9m do biombo reconhecido, constam tamb\u00e9m livros de alta relev\u00e2ncia hist\u00f3rica. Esse patrim\u00f4nio n\u00e3o apenas possui valor monet\u00e1rio, mas essencialmente \u00e9 um s\u00edmbolo da heran\u00e7a cultural de Minas Gerais. O acesso a uma lista abrangente de todos os itens redistribu\u00eddos ainda \u00e9 uma demanda em aberto pela Comiss\u00e3o de Cultura da Assembleia Legislativa de Minas Gerais (ALMG), que est\u00e1 buscando garantir que a transpar\u00eancia seja cumprida.<\/p>\n<p><img decoding=\"async\" src=\"https:\/\/www.encontrabelohorizonte.com.br\/guia\/wp-content\/uploads\/2026\/07\/sem-inventario-publico-acervo-do-palacio-das-mangabeiras-vira-alvo-de-impasse-reportagem-localiza-bi.webp\" alt=\"paradeiro do acervo do Pal\u00e1cio das Mangabeiras\" loading=\"lazy\" \/><\/p>\n<h2>A Vistoria da Comiss\u00e3o de Cultura<\/h2>\n<p>Em uma vistoria recente, realizada pela Comiss\u00e3o de Cultura da ALMG, foram observadas apenas algumas pe\u00e7as do mobili\u00e1rio original do pal\u00e1cio, como uma mesa de centro e um piano. Esses dados n\u00e3o s\u00f3 s\u00e3o importantes para a condi\u00e7\u00e3o atual do acervo, mas tamb\u00e9m para entender o que foi retirado e para onde foi transferido. A aus\u00eancia de um registro preciso facilita a inseguran\u00e7a quanto \u00e0 integridade desse patrim\u00f4nio cultural.<\/p>\n<h2>Posicionamento do Governo de Minas Gerais<\/h2>\n<p>A administra\u00e7\u00e3o do Governo de Minas declarou que todo o acervo foi inventariado durante a atualiza\u00e7\u00e3o funcional do Pal\u00e1cio das Mangabeiras. Eles asseguram que a redistribui\u00e7\u00e3o dos bens est\u00e1 em conformidade com as normas legais e patrimoniais e que todos os bens permanecem sob a prote\u00e7\u00e3o do governo, com acesso restrito a funcion\u00e1rios autorizados. Embora a gest\u00e3o estadual afirme que a documenta\u00e7\u00e3o est\u00e1 em dia, os opositores questionam a validade desses argumentos, pedindo uma transpar\u00eancia plena nas a\u00e7\u00f5es do governo.<\/p>\n<h2>O Destino do Biombo de Di Cavalcanti<\/h2>\n<p>O biombo de Di Cavalcanti, datado de 1952, \u00e9 um dos ativos mais emblem\u00e1ticos que gerou aten\u00e7\u00e3o na controv\u00e9rsia. Feito com seis placas de madeira, possuindo cerca de dois metros de altura, a obra retrata uma cena de garimpo e \u00e9 revestida em couro. Sua localiza\u00e7\u00e3o no Pal\u00e1cio da Liberdade acende debates sobre a integridade do acervo do Pal\u00e1cio das Mangabeiras e acerca dos mecanismos de controle de patrim\u00f4nio.<\/p>\n<h2>A Import\u00e2ncia do Patrim\u00f4nio Cultural<\/h2>\n<p>O patrim\u00f4nio cultural \u00e9 fundamental para a identidade coletiva de uma sociedade. A preserva\u00e7\u00e3o de bens como os encontrados no Pal\u00e1cio das Mangabeiras n\u00e3o \u00e9 apenas uma quest\u00e3o est\u00e9tica, mas uma necessidade de garantir que futuras gera\u00e7\u00f5es tenham acesso a sua hist\u00f3ria e cultura. A redistribui\u00e7\u00e3o das pe\u00e7as e o questionamento sobre sua seguran\u00e7a e localiza\u00e7\u00e3o tratam-se, portanto, de um assunto de interesse p\u00fablico que deve ser monitorado e debatido amplamente.<\/p>\n<h2>A Redistribui\u00e7\u00e3o das Pe\u00e7as<\/h2>\n<p>As alega\u00e7\u00f5es acerca de aproximadamente 294 bens m\u00f3veis redistribu\u00eddos pela administra\u00e7\u00e3o p\u00fablica nos \u00faltimos anos incluem n\u00e3o s\u00f3 obras de arte, mas tamb\u00e9m livros de valor hist\u00f3rico. Parte desse acervo foi redistribu\u00edda para a Biblioteca P\u00fablica Estadual de Minas Gerais, onde se encontram edi\u00e7\u00f5es raras como &#8220;Os Lus\u00edadas&#8221; e &#8220;I tesori d&#8217;arte dell&#8217;Italia&#8221;. A falta de um registro claro de como e por que cada pe\u00e7a foi redistribu\u00edda gera ainda mais incertezas e quest\u00f5es que precisam ser abordadas.<\/p>\n<h2>Impacto da Gest\u00e3o do Acervo<\/h2>\n<p>A gest\u00e3o inadequada de acervos culturais pode resultar na perda irrecuper\u00e1vel de bens de imenso valor. Tanto a oposi\u00e7\u00e3o quanto a sociedade civil t\u00eam o direito de exigir clareza quanto \u00e0s a\u00e7\u00f5es do governo em rela\u00e7\u00e3o ao patrim\u00f4nio cultural. A falta de acesso \u00e0 documenta\u00e7\u00e3o detalhada sobre o acervo impede a escolha de estrat\u00e9gias adequadas para a preserva\u00e7\u00e3o e o uso desses bens, que devem permanecer sob a prote\u00e7\u00e3o p\u00fablica.<\/p>\n<h2>O Caminho para a Transpar\u00eancia<\/h2>\n<p>Em \u00faltima an\u00e1lise, a discuss\u00e3o sobre o acervo do Pal\u00e1cio das Mangabeiras ilustra a import\u00e2ncia cont\u00ednua da transpar\u00eancia na gest\u00e3o do patrim\u00f4nio p\u00fablico. A luta por um controle mais claro e pela documenta\u00e7\u00e3o acess\u00edvel \u00e9 vital para restabelecer a confian\u00e7a nas institui\u00e7\u00f5es que devem zelar pela preserva\u00e7\u00e3o cultural. Com uma participa\u00e7\u00e3o ativa de todos os envolvidos, \u00e9 poss\u00edvel encontrar solu\u00e7\u00f5es que reflitam tanto a necessidade de aproveitamento do espa\u00e7o para eventos comerciais quanto a responsabilidade de manter a heran\u00e7a cultural acess\u00edvel e preservada.<\/p>\n","protected":false},"excerpt":{"rendered":"<p>Paradeiro do acervo do Pal\u00e1cio das Mangabeiras gera impasse entre governo e oposi\u00e7\u00e3o em Minas Gerais.<\/p>\n","protected":false},"author":1,"featured_media":14934,"comment_status":"open","ping_status":"open","sticky":false,"template":"","format":"standard","meta":{"footnotes":""},"categories":[5],"tags":[],"class_list":["post-14935","post","type-post","status-publish","format-standard","has-post-thumbnail","hentry","category-noticias","has_thumb"],"yoast_head":"<!-- This site is optimized with the Yoast SEO plugin v28.2 - https:\/\/yoast.com\/product\/yoast-seo-wordpress\/ -->\n<title>Sem invent\u00e1rio p\u00fablico, acervo do Pal\u00e1cio das Mangabeiras vira alvo de impasse; reportagem localiza biombo de Di Cavalcanti | Guia Comercial de Belo Horizonte MG<\/title>\n<meta name=\"robots\" content=\"index, follow, max-snippet:-1, max-image-preview:large, max-video-preview:-1\" \/>\n<link rel=\"canonical\" href=\"https:\/\/www.encontrabelohorizonte.com.br\/guia\/sem-inventario-publico-acervo-do-palacio-das-mangabeiras-vira-alvo-de-impasse-reportagem-localiza-biombo-de-di-cavalcanti\/\" \/>\n<meta property=\"og:locale\" content=\"pt_BR\" \/>\n<meta property=\"og:type\" content=\"article\" \/>\n<meta property=\"og:title\" content=\"Sem invent\u00e1rio p\u00fablico, acervo do Pal\u00e1cio das Mangabeiras vira alvo de impasse; reportagem localiza biombo de Di Cavalcanti | Guia Comercial de Belo Horizonte MG\" \/>\n<meta property=\"og:description\" content=\"Paradeiro do acervo do Pal\u00e1cio das Mangabeiras gera impasse entre governo e oposi\u00e7\u00e3o em Minas Gerais.\" \/>\n<meta property=\"og:url\" content=\"https:\/\/www.encontrabelohorizonte.com.br\/guia\/sem-inventario-publico-acervo-do-palacio-das-mangabeiras-vira-alvo-de-impasse-reportagem-localiza-biombo-de-di-cavalcanti\/\" \/>\n<meta property=\"og:site_name\" content=\"Guia Comercial de Belo Horizonte MG\" \/>\n<meta property=\"article:published_time\" content=\"2026-07-09T19:31:15+00:00\" \/>\n<meta property=\"og:image\" content=\"https:\/\/www.encontrabelohorizonte.com.br\/guia\/wp-content\/uploads\/2026\/07\/sem-inventario-publico-acervo-do-palacio-das-mangabeiras-vira-alvo-de-impasse-reportagem-localiza-bi.webp\" \/>\n\t<meta property=\"og:image:width\" content=\"280\" \/>\n\t<meta property=\"og:image:height\" content=\"280\" \/>\n\t<meta property=\"og:image:type\" content=\"image\/webp\" \/>\n<meta name=\"author\" content=\"Encontra Belo Horizonte\" \/>\n<meta name=\"twitter:card\" content=\"summary_large_image\" \/>\n<meta name=\"twitter:label1\" content=\"Escrito por\" \/>\n\t<meta name=\"twitter:data1\" content=\"Encontra Belo Horizonte\" \/>\n\t<meta name=\"twitter:label2\" content=\"Est. tempo de leitura\" \/>\n\t<meta name=\"twitter:data2\" content=\"5 minutos\" \/>\n<script type=\"application\/ld+json\" class=\"yoast-schema-graph\">{\"@context\":\"https:\\\/\\\/schema.org\",\"@graph\":[{\"@type\":\"Article\",\"@id\":\"https:\\\/\\\/www.encontrabelohorizonte.com.br\\\/guia\\\/sem-inventario-publico-acervo-do-palacio-das-mangabeiras-vira-alvo-de-impasse-reportagem-localiza-biombo-de-di-cavalcanti\\\/#article\",\"isPartOf\":{\"@id\":\"https:\\\/\\\/www.encontrabelohorizonte.com.br\\\/guia\\\/sem-inventario-publico-acervo-do-palacio-das-mangabeiras-vira-alvo-de-impasse-reportagem-localiza-biombo-de-di-cavalcanti\\\/\"},\"author\":{\"name\":\"Encontra Belo Horizonte\",\"@id\":\"https:\\\/\\\/www.encontrabelohorizonte.com.br\\\/guia\\\/#\\\/schema\\\/person\\\/6b792069f07fee9a700a7caa85fb85a9\"},\"headline\":\"Sem invent\u00e1rio p\u00fablico, acervo do Pal\u00e1cio das Mangabeiras vira alvo de impasse; reportagem localiza biombo de Di Cavalcanti\",\"datePublished\":\"2026-07-09T19:31:15+00:00\",\"mainEntityOfPage\":{\"@id\":\"https:\\\/\\\/www.encontrabelohorizonte.com.br\\\/guia\\\/sem-inventario-publico-acervo-do-palacio-das-mangabeiras-vira-alvo-de-impasse-reportagem-localiza-biombo-de-di-cavalcanti\\\/\"},\"wordCount\":942,\"commentCount\":0,\"image\":{\"@id\":\"https:\\\/\\\/www.encontrabelohorizonte.com.br\\\/guia\\\/sem-inventario-publico-acervo-do-palacio-das-mangabeiras-vira-alvo-de-impasse-reportagem-localiza-biombo-de-di-cavalcanti\\\/#primaryimage\"},\"thumbnailUrl\":\"https:\\\/\\\/www.encontrabelohorizonte.com.br\\\/guia\\\/wp-content\\\/uploads\\\/2026\\\/07\\\/sem-inventario-publico-acervo-do-palacio-das-mangabeiras-vira-alvo-de-impasse-reportagem-localiza-bi.webp\",\"articleSection\":[\"Not\u00edcias Belo Horizonte\"],\"inLanguage\":\"pt-BR\",\"potentialAction\":[{\"@type\":\"CommentAction\",\"name\":\"Comment\",\"target\":[\"https:\\\/\\\/www.encontrabelohorizonte.com.br\\\/guia\\\/sem-inventario-publico-acervo-do-palacio-das-mangabeiras-vira-alvo-de-impasse-reportagem-localiza-biombo-de-di-cavalcanti\\\/#respond\"]}]},{\"@type\":\"WebPage\",\"@id\":\"https:\\\/\\\/www.encontrabelohorizonte.com.br\\\/guia\\\/sem-inventario-publico-acervo-do-palacio-das-mangabeiras-vira-alvo-de-impasse-reportagem-localiza-biombo-de-di-cavalcanti\\\/\",\"url\":\"https:\\\/\\\/www.encontrabelohorizonte.com.br\\\/guia\\\/sem-inventario-publico-acervo-do-palacio-das-mangabeiras-vira-alvo-de-impasse-reportagem-localiza-biombo-de-di-cavalcanti\\\/\",\"name\":\"Sem invent\u00e1rio p\u00fablico, acervo do Pal\u00e1cio das Mangabeiras vira alvo de impasse; reportagem localiza biombo de Di Cavalcanti | Guia Comercial de Belo Horizonte MG\",\"isPartOf\":{\"@id\":\"https:\\\/\\\/www.encontrabelohorizonte.com.br\\\/guia\\\/#website\"},\"primaryImageOfPage\":{\"@id\":\"https:\\\/\\\/www.encontrabelohorizonte.com.br\\\/guia\\\/sem-inventario-publico-acervo-do-palacio-das-mangabeiras-vira-alvo-de-impasse-reportagem-localiza-biombo-de-di-cavalcanti\\\/#primaryimage\"},\"image\":{\"@id\":\"https:\\\/\\\/www.encontrabelohorizonte.com.br\\\/guia\\\/sem-inventario-publico-acervo-do-palacio-das-mangabeiras-vira-alvo-de-impasse-reportagem-localiza-biombo-de-di-cavalcanti\\\/#primaryimage\"},\"thumbnailUrl\":\"https:\\\/\\\/www.encontrabelohorizonte.com.br\\\/guia\\\/wp-content\\\/uploads\\\/2026\\\/07\\\/sem-inventario-publico-acervo-do-palacio-das-mangabeiras-vira-alvo-de-impasse-reportagem-localiza-bi.webp\",\"datePublished\":\"2026-07-09T19:31:15+00:00\",\"author\":{\"@id\":\"https:\\\/\\\/www.encontrabelohorizonte.com.br\\\/guia\\\/#\\\/schema\\\/person\\\/6b792069f07fee9a700a7caa85fb85a9\"},\"inLanguage\":\"pt-BR\",\"potentialAction\":[{\"@type\":\"ReadAction\",\"target\":[\"https:\\\/\\\/www.encontrabelohorizonte.com.br\\\/guia\\\/sem-inventario-publico-acervo-do-palacio-das-mangabeiras-vira-alvo-de-impasse-reportagem-localiza-biombo-de-di-cavalcanti\\\/\"]}]},{\"@type\":\"ImageObject\",\"inLanguage\":\"pt-BR\",\"@id\":\"https:\\\/\\\/www.encontrabelohorizonte.com.br\\\/guia\\\/sem-inventario-publico-acervo-do-palacio-das-mangabeiras-vira-alvo-de-impasse-reportagem-localiza-biombo-de-di-cavalcanti\\\/#primaryimage\",\"url\":\"https:\\\/\\\/www.encontrabelohorizonte.com.br\\\/guia\\\/wp-content\\\/uploads\\\/2026\\\/07\\\/sem-inventario-publico-acervo-do-palacio-das-mangabeiras-vira-alvo-de-impasse-reportagem-localiza-bi.webp\",\"contentUrl\":\"https:\\\/\\\/www.encontrabelohorizonte.com.br\\\/guia\\\/wp-content\\\/uploads\\\/2026\\\/07\\\/sem-inventario-publico-acervo-do-palacio-das-mangabeiras-vira-alvo-de-impasse-reportagem-localiza-bi.webp\",\"width\":280,\"height\":280,\"caption\":\"paradeiro do acervo do Pal\u00e1cio das Mangabeiras\"},{\"@type\":\"WebSite\",\"@id\":\"https:\\\/\\\/www.encontrabelohorizonte.com.br\\\/guia\\\/#website\",\"url\":\"https:\\\/\\\/www.encontrabelohorizonte.com.br\\\/guia\\\/\",\"name\":\"Guia Comercial de Belo Horizonte MG\",\"description\":\"ENCONTRA BELO HORIZONTE - O guia comercial de neg\u00f3cios e empresas, cultura e divers\u00e3o na cidade de Belo Horizonte. Feito 100% para voc\u00ea morador!\",\"potentialAction\":[{\"@type\":\"SearchAction\",\"target\":{\"@type\":\"EntryPoint\",\"urlTemplate\":\"https:\\\/\\\/www.encontrabelohorizonte.com.br\\\/guia\\\/?s={search_term_string}\"},\"query-input\":{\"@type\":\"PropertyValueSpecification\",\"valueRequired\":true,\"valueName\":\"search_term_string\"}}],\"inLanguage\":\"pt-BR\"},{\"@type\":\"Person\",\"@id\":\"https:\\\/\\\/www.encontrabelohorizonte.com.br\\\/guia\\\/#\\\/schema\\\/person\\\/6b792069f07fee9a700a7caa85fb85a9\",\"name\":\"Encontra Belo Horizonte\",\"image\":{\"@type\":\"ImageObject\",\"inLanguage\":\"pt-BR\",\"@id\":\"https:\\\/\\\/secure.gravatar.com\\\/avatar\\\/c50c17820bcf322f0a8fd6b110b8c0918141409dc69076470f6fca5fee70a5d4?s=96&d=mm&r=g\",\"url\":\"https:\\\/\\\/secure.gravatar.com\\\/avatar\\\/c50c17820bcf322f0a8fd6b110b8c0918141409dc69076470f6fca5fee70a5d4?s=96&d=mm&r=g\",\"contentUrl\":\"https:\\\/\\\/secure.gravatar.com\\\/avatar\\\/c50c17820bcf322f0a8fd6b110b8c0918141409dc69076470f6fca5fee70a5d4?s=96&d=mm&r=g\",\"caption\":\"Encontra Belo Horizonte\"},\"url\":\"https:\\\/\\\/www.encontrabelohorizonte.com.br\\\/guia\\\/author\\\/encontrabelohorizonte\\\/\"}]}<\/script>\n<!-- \/ Yoast SEO plugin. -->","yoast_head_json":{"title":"Sem invent\u00e1rio p\u00fablico, acervo do Pal\u00e1cio das Mangabeiras vira alvo de impasse; reportagem localiza biombo de Di Cavalcanti | Guia Comercial de Belo Horizonte MG","robots":{"index":"index","follow":"follow","max-snippet":"max-snippet:-1","max-image-preview":"max-image-preview:large","max-video-preview":"max-video-preview:-1"},"canonical":"https:\/\/www.encontrabelohorizonte.com.br\/guia\/sem-inventario-publico-acervo-do-palacio-das-mangabeiras-vira-alvo-de-impasse-reportagem-localiza-biombo-de-di-cavalcanti\/","og_locale":"pt_BR","og_type":"article","og_title":"Sem invent\u00e1rio p\u00fablico, acervo do Pal\u00e1cio das Mangabeiras vira alvo de impasse; reportagem localiza biombo de Di Cavalcanti | Guia Comercial de Belo Horizonte MG","og_description":"Paradeiro do acervo do Pal\u00e1cio das Mangabeiras gera impasse entre governo e oposi\u00e7\u00e3o em Minas Gerais.","og_url":"https:\/\/www.encontrabelohorizonte.com.br\/guia\/sem-inventario-publico-acervo-do-palacio-das-mangabeiras-vira-alvo-de-impasse-reportagem-localiza-biombo-de-di-cavalcanti\/","og_site_name":"Guia Comercial de Belo Horizonte MG","article_published_time":"2026-07-09T19:31:15+00:00","og_image":[{"width":280,"height":280,"url":"https:\/\/www.encontrabelohorizonte.com.br\/guia\/wp-content\/uploads\/2026\/07\/sem-inventario-publico-acervo-do-palacio-das-mangabeiras-vira-alvo-de-impasse-reportagem-localiza-bi.webp","type":"image\/webp"}],"author":"Encontra Belo Horizonte","twitter_card":"summary_large_image","twitter_misc":{"Escrito por":"Encontra Belo Horizonte","Est. tempo de leitura":"5 minutos"},"schema":{"@context":"https:\/\/schema.org","@graph":[{"@type":"Article","@id":"https:\/\/www.encontrabelohorizonte.com.br\/guia\/sem-inventario-publico-acervo-do-palacio-das-mangabeiras-vira-alvo-de-impasse-reportagem-localiza-biombo-de-di-cavalcanti\/#article","isPartOf":{"@id":"https:\/\/www.encontrabelohorizonte.com.br\/guia\/sem-inventario-publico-acervo-do-palacio-das-mangabeiras-vira-alvo-de-impasse-reportagem-localiza-biombo-de-di-cavalcanti\/"},"author":{"name":"Encontra Belo Horizonte","@id":"https:\/\/www.encontrabelohorizonte.com.br\/guia\/#\/schema\/person\/6b792069f07fee9a700a7caa85fb85a9"},"headline":"Sem invent\u00e1rio p\u00fablico, acervo do Pal\u00e1cio das Mangabeiras vira alvo de impasse; reportagem localiza biombo de Di Cavalcanti","datePublished":"2026-07-09T19:31:15+00:00","mainEntityOfPage":{"@id":"https:\/\/www.encontrabelohorizonte.com.br\/guia\/sem-inventario-publico-acervo-do-palacio-das-mangabeiras-vira-alvo-de-impasse-reportagem-localiza-biombo-de-di-cavalcanti\/"},"wordCount":942,"commentCount":0,"image":{"@id":"https:\/\/www.encontrabelohorizonte.com.br\/guia\/sem-inventario-publico-acervo-do-palacio-das-mangabeiras-vira-alvo-de-impasse-reportagem-localiza-biombo-de-di-cavalcanti\/#primaryimage"},"thumbnailUrl":"https:\/\/www.encontrabelohorizonte.com.br\/guia\/wp-content\/uploads\/2026\/07\/sem-inventario-publico-acervo-do-palacio-das-mangabeiras-vira-alvo-de-impasse-reportagem-localiza-bi.webp","articleSection":["Not\u00edcias Belo Horizonte"],"inLanguage":"pt-BR","potentialAction":[{"@type":"CommentAction","name":"Comment","target":["https:\/\/www.encontrabelohorizonte.com.br\/guia\/sem-inventario-publico-acervo-do-palacio-das-mangabeiras-vira-alvo-de-impasse-reportagem-localiza-biombo-de-di-cavalcanti\/#respond"]}]},{"@type":"WebPage","@id":"https:\/\/www.encontrabelohorizonte.com.br\/guia\/sem-inventario-publico-acervo-do-palacio-das-mangabeiras-vira-alvo-de-impasse-reportagem-localiza-biombo-de-di-cavalcanti\/","url":"https:\/\/www.encontrabelohorizonte.com.br\/guia\/sem-inventario-publico-acervo-do-palacio-das-mangabeiras-vira-alvo-de-impasse-reportagem-localiza-biombo-de-di-cavalcanti\/","name":"Sem invent\u00e1rio p\u00fablico, acervo do Pal\u00e1cio das Mangabeiras vira alvo de impasse; reportagem localiza biombo de Di Cavalcanti | Guia Comercial de Belo Horizonte MG","isPartOf":{"@id":"https:\/\/www.encontrabelohorizonte.com.br\/guia\/#website"},"primaryImageOfPage":{"@id":"https:\/\/www.encontrabelohorizonte.com.br\/guia\/sem-inventario-publico-acervo-do-palacio-das-mangabeiras-vira-alvo-de-impasse-reportagem-localiza-biombo-de-di-cavalcanti\/#primaryimage"},"image":{"@id":"https:\/\/www.encontrabelohorizonte.com.br\/guia\/sem-inventario-publico-acervo-do-palacio-das-mangabeiras-vira-alvo-de-impasse-reportagem-localiza-biombo-de-di-cavalcanti\/#primaryimage"},"thumbnailUrl":"https:\/\/www.encontrabelohorizonte.com.br\/guia\/wp-content\/uploads\/2026\/07\/sem-inventario-publico-acervo-do-palacio-das-mangabeiras-vira-alvo-de-impasse-reportagem-localiza-bi.webp","datePublished":"2026-07-09T19:31:15+00:00","author":{"@id":"https:\/\/www.encontrabelohorizonte.com.br\/guia\/#\/schema\/person\/6b792069f07fee9a700a7caa85fb85a9"},"inLanguage":"pt-BR","potentialAction":[{"@type":"ReadAction","target":["https:\/\/www.encontrabelohorizonte.com.br\/guia\/sem-inventario-publico-acervo-do-palacio-das-mangabeiras-vira-alvo-de-impasse-reportagem-localiza-biombo-de-di-cavalcanti\/"]}]},{"@type":"ImageObject","inLanguage":"pt-BR","@id":"https:\/\/www.encontrabelohorizonte.com.br\/guia\/sem-inventario-publico-acervo-do-palacio-das-mangabeiras-vira-alvo-de-impasse-reportagem-localiza-biombo-de-di-cavalcanti\/#primaryimage","url":"https:\/\/www.encontrabelohorizonte.com.br\/guia\/wp-content\/uploads\/2026\/07\/sem-inventario-publico-acervo-do-palacio-das-mangabeiras-vira-alvo-de-impasse-reportagem-localiza-bi.webp","contentUrl":"https:\/\/www.encontrabelohorizonte.com.br\/guia\/wp-content\/uploads\/2026\/07\/sem-inventario-publico-acervo-do-palacio-das-mangabeiras-vira-alvo-de-impasse-reportagem-localiza-bi.webp","width":280,"height":280,"caption":"paradeiro do acervo do Pal\u00e1cio das Mangabeiras"},{"@type":"WebSite","@id":"https:\/\/www.encontrabelohorizonte.com.br\/guia\/#website","url":"https:\/\/www.encontrabelohorizonte.com.br\/guia\/","name":"Guia Comercial de Belo Horizonte MG","description":"ENCONTRA BELO HORIZONTE - O guia comercial de neg\u00f3cios e empresas, cultura e divers\u00e3o na cidade de Belo Horizonte. Feito 100% para voc\u00ea morador!","potentialAction":[{"@type":"SearchAction","target":{"@type":"EntryPoint","urlTemplate":"https:\/\/www.encontrabelohorizonte.com.br\/guia\/?s={search_term_string}"},"query-input":{"@type":"PropertyValueSpecification","valueRequired":true,"valueName":"search_term_string"}}],"inLanguage":"pt-BR"},{"@type":"Person","@id":"https:\/\/www.encontrabelohorizonte.com.br\/guia\/#\/schema\/person\/6b792069f07fee9a700a7caa85fb85a9","name":"Encontra Belo Horizonte","image":{"@type":"ImageObject","inLanguage":"pt-BR","@id":"https:\/\/secure.gravatar.com\/avatar\/c50c17820bcf322f0a8fd6b110b8c0918141409dc69076470f6fca5fee70a5d4?s=96&d=mm&r=g","url":"https:\/\/secure.gravatar.com\/avatar\/c50c17820bcf322f0a8fd6b110b8c0918141409dc69076470f6fca5fee70a5d4?s=96&d=mm&r=g","contentUrl":"https:\/\/secure.gravatar.com\/avatar\/c50c17820bcf322f0a8fd6b110b8c0918141409dc69076470f6fca5fee70a5d4?s=96&d=mm&r=g","caption":"Encontra Belo Horizonte"},"url":"https:\/\/www.encontrabelohorizonte.com.br\/guia\/author\/encontrabelohorizonte\/"}]}},"_links":{"self":[{"href":"https:\/\/www.encontrabelohorizonte.com.br\/guia\/wp-json\/wp\/v2\/posts\/14935","targetHints":{"allow":["GET"]}}],"collection":[{"href":"https:\/\/www.encontrabelohorizonte.com.br\/guia\/wp-json\/wp\/v2\/posts"}],"about":[{"href":"https:\/\/www.encontrabelohorizonte.com.br\/guia\/wp-json\/wp\/v2\/types\/post"}],"author":[{"embeddable":true,"href":"https:\/\/www.encontrabelohorizonte.com.br\/guia\/wp-json\/wp\/v2\/users\/1"}],"replies":[{"embeddable":true,"href":"https:\/\/www.encontrabelohorizonte.com.br\/guia\/wp-json\/wp\/v2\/comments?post=14935"}],"version-history":[{"count":0,"href":"https:\/\/www.encontrabelohorizonte.com.br\/guia\/wp-json\/wp\/v2\/posts\/14935\/revisions"}],"wp:featuredmedia":[{"embeddable":true,"href":"https:\/\/www.encontrabelohorizonte.com.br\/guia\/wp-json\/wp\/v2\/media\/14934"}],"wp:attachment":[{"href":"https:\/\/www.encontrabelohorizonte.com.br\/guia\/wp-json\/wp\/v2\/media?parent=14935"}],"wp:term":[{"taxonomy":"category","embeddable":true,"href":"https:\/\/www.encontrabelohorizonte.com.br\/guia\/wp-json\/wp\/v2\/categories?post=14935"},{"taxonomy":"post_tag","embeddable":true,"href":"https:\/\/www.encontrabelohorizonte.com.br\/guia\/wp-json\/wp\/v2\/tags?post=14935"}],"curies":[{"name":"wp","href":"https:\/\/api.w.org\/{rel}","templated":true}]}}