{"id":14953,"date":"2026-07-12T23:59:24","date_gmt":"2026-07-13T02:59:24","guid":{"rendered":"https:\/\/www.encontrabelohorizonte.com.br\/guia\/documentario-celebra-75-anos-do-servas-em-belo-horizonte\/"},"modified":"2026-07-12T23:59:24","modified_gmt":"2026-07-13T02:59:24","slug":"documentario-celebra-75-anos-do-servas-em-belo-horizonte","status":"publish","type":"post","link":"https:\/\/www.encontrabelohorizonte.com.br\/guia\/documentario-celebra-75-anos-do-servas-em-belo-horizonte\/","title":{"rendered":"Document\u00e1rio celebra 75 anos do Servas em Belo Horizonte"},"content":{"rendered":"<h2>A Hist\u00f3ria do Servas em Minas Gerais<\/h2>\n<p>O Servas, ou Servi\u00e7o Volunt\u00e1rio de Assist\u00eancia Social, tem um papel significativo na hist\u00f3ria social de Minas Gerais, tendo sido fundado h\u00e1 75 anos. Essa entidade, ao longo das d\u00e9cadas, promoveu uma s\u00e9rie de iniciativas voltadas para o desenvolvimento social e o cuidado com a comunidade. Ao se estabelecer em Belo Horizonte, o Servas buscou contribuir com diversas demandas sociais, sempre focando no atendimento \u00e0s popula\u00e7\u00f5es mais vulner\u00e1veis.<\/p>\n<p>Desde sua cria\u00e7\u00e3o, o Servas se destacou por sua capacidade de adapta\u00e7\u00e3o \u00e0s necessidades da sociedade. Isso \u00e9 fruto do compromisso das mulheres que estiveram \u00e0 frente da institui\u00e7\u00e3o, ou seja, as presidentes que moldaram as pol\u00edticas e a\u00e7\u00f5es do Servas, sempre visando um impacto positivo no estado.<\/p>\n<h2>As 20 Mulheres que Marcaram a Institui\u00e7\u00e3o<\/h2>\n<p>O document\u00e1rio &#8220;20 Mulheres de Hist\u00f3ria&#8221; narra as trajet\u00f3rias dessas lideran\u00e7as femininas que foram fundamentais para o desenvolvimento do Servas. As protagonistas foram mulheres excepcionais que, com suas habilidades e determina\u00e7\u00e3o, moldaram a vis\u00e3o e as estrat\u00e9gias da institui\u00e7\u00e3o.<\/p>\n<p><img decoding=\"async\" src=\"https:\/\/www.encontrabelohorizonte.com.br\/guia\/wp-content\/uploads\/2026\/07\/documentario-celebra-75-anos-do-servas-em-belo-horizonte.webp\" alt=\"\" loading=\"lazy\" \/><\/p>\n<p>O filme foca em personalidades como Sarah Kubitschek, a primeira presidente, e Christiana Noronha Renault de Almeida, destacando suas contribui\u00e7\u00f5es atrav\u00e9s dos anos. As hist\u00f3rias dessas mulheres revelam a resili\u00eancia e a luta pela igualdade e pelos direitos sociais, refor\u00e7ando a import\u00e2ncia da mulher na constru\u00e7\u00e3o da sociedade.<\/p>\n<h2>O Impacto do Servas na Sociedade<\/h2>\n<p>O impacto do Servas na sociedade mineira \u00e9 ineg\u00e1vel. Ao promover diversas a\u00e7\u00f5es sociais, a entidade se estabeleceu como uma refer\u00eancia no cuidado social. Al\u00e9m de suas atividades, o Servas \u00e9 uma das poucas ONGs que possui certifica\u00e7\u00e3o ISO 9001, o que demonstra seu comprometimento com a qualidade e a efici\u00eancia em suas a\u00e7\u00f5es.<\/p>\n<p>Por meio de programas e parcerias, o Servas conseguiu avan\u00e7ar em causas que v\u00e3o desde a educa\u00e7\u00e3o at\u00e9 a sa\u00fade, sempre atendendo \u00e0s necessidades locais e desenvolvendo projetos que empoderam as pessoas. O document\u00e1rio traz \u00e0 tona esses avan\u00e7os e celebra o legado dessas mulheres que lideraram as mudan\u00e7as.<\/p>\n<h2>Entrevistas com Mulheres Influentes<\/h2>\n<p>Um dos pontos altos do document\u00e1rio s\u00e3o as entrevistas com as presidentes que serviram no Servas. Esses depoimentos oferecem uma vis\u00e3o aprofundada de como cada uma delas enfrentou os desafios de suas \u00e9pocas e a import\u00e2ncia de seu trabalho.<\/p>\n<p>Atrav\u00e9s de suas narrativas pessoais, as protagonistas revelam os obst\u00e1culos que tiveram que superar e como isso influenciou suas trajet\u00f3rias. Essas conversas n\u00e3o apenas humanizam a hist\u00f3ria do Servas, mas tamb\u00e9m mostram o papel fundamental que as mulheres desempenham em posi\u00e7\u00f5es de lideran\u00e7a.<\/p>\n<h2>Como o Document\u00e1rio Foi Produzido<\/h2>\n<p>O document\u00e1rio foi dirigido por Mariana Borges e tem uma dura\u00e7\u00e3o de cinquenta minutos. A produ\u00e7\u00e3o conta com uma narrativa visual rica, que inclui anima\u00e7\u00f5es, entrevistas e documentos hist\u00f3ricos. A trilha sonora, composta por Tatt\u00e1 Spalla, e a dire\u00e7\u00e3o de fotografia de Carolina Silva contribuem para a atmosfera envolvente do filme.<\/p>\n<p>A produ\u00e7\u00e3o come\u00e7ou com uma pesquisa meticulosa, realizada entre setembro de 2025 e janeiro de 2026, onde a equipe se dedicou a explorar diferentes acervos de documentos e materiais sobre a hist\u00f3ria do Servas. Essa funda\u00e7\u00e3o s\u00f3lida permitiu que a narrativa fosse constru\u00edda de forma coesa e detalhada.<\/p>\n<h2>A Import\u00e2ncia da Preserva\u00e7\u00e3o da Mem\u00f3ria<\/h2>\n<p>A preserva\u00e7\u00e3o da mem\u00f3ria \u00e9 um tema central abordado no document\u00e1rio. Danusa Carvalho, coordenadora do projeto, enfatiza como o audiovisual tem um papel crucial em garantir que essas hist\u00f3rias permane\u00e7am vivas. O filme se prop\u00f5e a dar voz a narrativas que, de outra forma, poderiam se perder ao longo do tempo.<\/p>\n<p>Al\u00e9m de ser um registro importante para o Servas, o document\u00e1rio tamb\u00e9m serve como uma ferramenta educacional, permitindo que futuras gera\u00e7\u00f5es conhe\u00e7am e compreendam a hist\u00f3ria do cuidado social em Minas Gerais.<\/p>\n<h2>Testemunhos de Familiares das Presidentes<\/h2>\n<p>O document\u00e1rio n\u00e3o apenas destaca as vidas das presidentes, mas tamb\u00e9m inclui depoimentos de seus familiares. Revelando hist\u00f3rias pessoais, estes relatos oferecem uma perspectiva \u00edntima sobre a vida dessas mulheres not\u00e1veis e os legados que deixaram.<\/p>\n<p>Os testemunhos de familiares como Mar\u00edlia Salgado e Danuza Bias Fortes agregam valor emocional ao filme, mostrando como a dedica\u00e7\u00e3o de suas m\u00e3es, av\u00f3s ou tias teve um impacto n\u00e3o apenas na institui\u00e7\u00e3o, mas tamb\u00e9m em suas pr\u00f3prias vidas.<\/p>\n<h2>Exposi\u00e7\u00e3o &#8216;Mulheres de Hist\u00f3ria&#8217; no Pal\u00e1cio das Artes<\/h2>\n<p>Al\u00e9m do lan\u00e7amento do document\u00e1rio, uma exposi\u00e7\u00e3o intitulada &#8220;Mulheres de Hist\u00f3ria&#8221; est\u00e1 em cartaz no Pal\u00e1cio das Artes, complementando as informa\u00e7\u00f5es apresentadas no filme. Esta exposi\u00e7\u00e3o, que ficar\u00e1 aberta at\u00e9 o dia 26 de julho, destaca as contribui\u00e7\u00f5es de v\u00e1rias presidentes e suas hist\u00f3rias.<\/p>\n<p>O p\u00fablico tem a oportunidade de ver materiais hist\u00f3ricos, fotos e documentos que enriquecem a narrativa do document\u00e1rio, permitindo uma experi\u00eancia imersiva e reflexiva sobre a import\u00e2ncia do Servas na sociedade.<\/p>\n<h2>A Narrativa Visual e Sua Relev\u00e2ncia<\/h2>\n<p>A narrativa visual do filme vai al\u00e9m da simples apresenta\u00e7\u00e3o de fatos. Ela busca conectar o p\u00fablico emocionalmente com as hist\u00f3rias pessoais das mulheres que lideraram o Servas. As imagens de arquivo, entrevistas e anima\u00e7\u00f5es foram cuidadosamente escolhidas para apresentar uma vis\u00e3o abrangente das \u00faltimas sete d\u00e9cadas de hist\u00f3ria.<\/p>\n<p>Esse formato permite que as novas gera\u00e7\u00f5es compreendam a relev\u00e2ncia hist\u00f3rica da institui\u00e7\u00e3o e o impacto cont\u00ednuo que os esfor\u00e7os das mulheres t\u00eam sobre Minas Gerais.<\/p>\n<h2>Como Assistir ao Document\u00e1rio Gr\u00e1tis<\/h2>\n<p>O document\u00e1rio &#8220;20 Mulheres de Hist\u00f3ria&#8221; ter\u00e1 sua estreia em 14 de julho de 2026, \u00e0s 16h, no Cine Humberto Mauro, com entrada gratuita. Ap\u00f3s a exibi\u00e7\u00e3o, o filme estar\u00e1 dispon\u00edvel integralmente no canal da Casulo Cidadania, permitindo que uma audi\u00eancia ainda maior tenha acesso a essa narrativa valiosa.<\/p>\n<p>A import\u00e2ncia de ter acesso a materiais que documentam a hist\u00f3ria e a contribui\u00e7\u00e3o feminina em Minas Gerais \u00e9 fundamental para a constru\u00e7\u00e3o de uma sociedade mais justa e informada. Portanto, todos s\u00e3o convidados a prestigiar a estreia e a conhecer essas hist\u00f3rias que merecem ser contadas e lembradas.<\/p>\n","protected":false},"excerpt":{"rendered":"<p>Document\u00e1rio destaca o legado das mulheres no Servas ao longo de 75 anos.<\/p>\n","protected":false},"author":1,"featured_media":14952,"comment_status":"open","ping_status":"open","sticky":false,"template":"","format":"standard","meta":{"footnotes":""},"categories":[5],"tags":[],"class_list":["post-14953","post","type-post","status-publish","format-standard","has-post-thumbnail","hentry","category-noticias","has_thumb"],"yoast_head":"<!-- This site is optimized with the Yoast SEO plugin v28.2 - https:\/\/yoast.com\/product\/yoast-seo-wordpress\/ -->\n<title>Document\u00e1rio celebra 75 anos do Servas em Belo Horizonte | Guia Comercial de Belo Horizonte MG<\/title>\n<meta name=\"robots\" content=\"index, follow, max-snippet:-1, max-image-preview:large, max-video-preview:-1\" \/>\n<link rel=\"canonical\" href=\"https:\/\/www.encontrabelohorizonte.com.br\/guia\/documentario-celebra-75-anos-do-servas-em-belo-horizonte\/\" \/>\n<meta property=\"og:locale\" content=\"pt_BR\" \/>\n<meta property=\"og:type\" content=\"article\" \/>\n<meta property=\"og:title\" content=\"Document\u00e1rio celebra 75 anos do Servas em Belo Horizonte | Guia Comercial de Belo Horizonte MG\" \/>\n<meta property=\"og:description\" content=\"Document\u00e1rio destaca o legado das mulheres no Servas ao longo de 75 anos.\" \/>\n<meta property=\"og:url\" content=\"https:\/\/www.encontrabelohorizonte.com.br\/guia\/documentario-celebra-75-anos-do-servas-em-belo-horizonte\/\" \/>\n<meta property=\"og:site_name\" content=\"Guia Comercial de Belo Horizonte MG\" \/>\n<meta property=\"article:published_time\" content=\"2026-07-13T02:59:24+00:00\" \/>\n<meta property=\"og:image\" content=\"https:\/\/www.encontrabelohorizonte.com.br\/guia\/wp-content\/uploads\/2026\/07\/documentario-celebra-75-anos-do-servas-em-belo-horizonte.webp\" \/>\n\t<meta property=\"og:image:width\" content=\"280\" \/>\n\t<meta property=\"og:image:height\" content=\"280\" \/>\n\t<meta property=\"og:image:type\" content=\"image\/webp\" \/>\n<meta name=\"author\" content=\"Encontra Belo Horizonte\" \/>\n<meta name=\"twitter:card\" content=\"summary_large_image\" \/>\n<meta name=\"twitter:label1\" content=\"Escrito por\" \/>\n\t<meta name=\"twitter:data1\" content=\"Encontra Belo Horizonte\" \/>\n\t<meta name=\"twitter:label2\" content=\"Est. tempo de leitura\" \/>\n\t<meta name=\"twitter:data2\" content=\"5 minutos\" \/>\n<script type=\"application\/ld+json\" class=\"yoast-schema-graph\">{\"@context\":\"https:\\\/\\\/schema.org\",\"@graph\":[{\"@type\":\"Article\",\"@id\":\"https:\\\/\\\/www.encontrabelohorizonte.com.br\\\/guia\\\/documentario-celebra-75-anos-do-servas-em-belo-horizonte\\\/#article\",\"isPartOf\":{\"@id\":\"https:\\\/\\\/www.encontrabelohorizonte.com.br\\\/guia\\\/documentario-celebra-75-anos-do-servas-em-belo-horizonte\\\/\"},\"author\":{\"name\":\"Encontra Belo Horizonte\",\"@id\":\"https:\\\/\\\/www.encontrabelohorizonte.com.br\\\/guia\\\/#\\\/schema\\\/person\\\/6b792069f07fee9a700a7caa85fb85a9\"},\"headline\":\"Document\u00e1rio celebra 75 anos do Servas em Belo Horizonte\",\"datePublished\":\"2026-07-13T02:59:24+00:00\",\"mainEntityOfPage\":{\"@id\":\"https:\\\/\\\/www.encontrabelohorizonte.com.br\\\/guia\\\/documentario-celebra-75-anos-do-servas-em-belo-horizonte\\\/\"},\"wordCount\":1090,\"commentCount\":0,\"image\":{\"@id\":\"https:\\\/\\\/www.encontrabelohorizonte.com.br\\\/guia\\\/documentario-celebra-75-anos-do-servas-em-belo-horizonte\\\/#primaryimage\"},\"thumbnailUrl\":\"https:\\\/\\\/www.encontrabelohorizonte.com.br\\\/guia\\\/wp-content\\\/uploads\\\/2026\\\/07\\\/documentario-celebra-75-anos-do-servas-em-belo-horizonte.webp\",\"articleSection\":[\"Not\u00edcias Belo Horizonte\"],\"inLanguage\":\"pt-BR\",\"potentialAction\":[{\"@type\":\"CommentAction\",\"name\":\"Comment\",\"target\":[\"https:\\\/\\\/www.encontrabelohorizonte.com.br\\\/guia\\\/documentario-celebra-75-anos-do-servas-em-belo-horizonte\\\/#respond\"]}]},{\"@type\":\"WebPage\",\"@id\":\"https:\\\/\\\/www.encontrabelohorizonte.com.br\\\/guia\\\/documentario-celebra-75-anos-do-servas-em-belo-horizonte\\\/\",\"url\":\"https:\\\/\\\/www.encontrabelohorizonte.com.br\\\/guia\\\/documentario-celebra-75-anos-do-servas-em-belo-horizonte\\\/\",\"name\":\"Document\u00e1rio celebra 75 anos do Servas em Belo Horizonte | Guia Comercial de Belo Horizonte MG\",\"isPartOf\":{\"@id\":\"https:\\\/\\\/www.encontrabelohorizonte.com.br\\\/guia\\\/#website\"},\"primaryImageOfPage\":{\"@id\":\"https:\\\/\\\/www.encontrabelohorizonte.com.br\\\/guia\\\/documentario-celebra-75-anos-do-servas-em-belo-horizonte\\\/#primaryimage\"},\"image\":{\"@id\":\"https:\\\/\\\/www.encontrabelohorizonte.com.br\\\/guia\\\/documentario-celebra-75-anos-do-servas-em-belo-horizonte\\\/#primaryimage\"},\"thumbnailUrl\":\"https:\\\/\\\/www.encontrabelohorizonte.com.br\\\/guia\\\/wp-content\\\/uploads\\\/2026\\\/07\\\/documentario-celebra-75-anos-do-servas-em-belo-horizonte.webp\",\"datePublished\":\"2026-07-13T02:59:24+00:00\",\"author\":{\"@id\":\"https:\\\/\\\/www.encontrabelohorizonte.com.br\\\/guia\\\/#\\\/schema\\\/person\\\/6b792069f07fee9a700a7caa85fb85a9\"},\"inLanguage\":\"pt-BR\",\"potentialAction\":[{\"@type\":\"ReadAction\",\"target\":[\"https:\\\/\\\/www.encontrabelohorizonte.com.br\\\/guia\\\/documentario-celebra-75-anos-do-servas-em-belo-horizonte\\\/\"]}]},{\"@type\":\"ImageObject\",\"inLanguage\":\"pt-BR\",\"@id\":\"https:\\\/\\\/www.encontrabelohorizonte.com.br\\\/guia\\\/documentario-celebra-75-anos-do-servas-em-belo-horizonte\\\/#primaryimage\",\"url\":\"https:\\\/\\\/www.encontrabelohorizonte.com.br\\\/guia\\\/wp-content\\\/uploads\\\/2026\\\/07\\\/documentario-celebra-75-anos-do-servas-em-belo-horizonte.webp\",\"contentUrl\":\"https:\\\/\\\/www.encontrabelohorizonte.com.br\\\/guia\\\/wp-content\\\/uploads\\\/2026\\\/07\\\/documentario-celebra-75-anos-do-servas-em-belo-horizonte.webp\",\"width\":280,\"height\":280},{\"@type\":\"WebSite\",\"@id\":\"https:\\\/\\\/www.encontrabelohorizonte.com.br\\\/guia\\\/#website\",\"url\":\"https:\\\/\\\/www.encontrabelohorizonte.com.br\\\/guia\\\/\",\"name\":\"Guia Comercial de Belo Horizonte MG\",\"description\":\"ENCONTRA BELO HORIZONTE - O guia comercial de neg\u00f3cios e empresas, cultura e divers\u00e3o na cidade de Belo Horizonte. Feito 100% para voc\u00ea morador!\",\"potentialAction\":[{\"@type\":\"SearchAction\",\"target\":{\"@type\":\"EntryPoint\",\"urlTemplate\":\"https:\\\/\\\/www.encontrabelohorizonte.com.br\\\/guia\\\/?s={search_term_string}\"},\"query-input\":{\"@type\":\"PropertyValueSpecification\",\"valueRequired\":true,\"valueName\":\"search_term_string\"}}],\"inLanguage\":\"pt-BR\"},{\"@type\":\"Person\",\"@id\":\"https:\\\/\\\/www.encontrabelohorizonte.com.br\\\/guia\\\/#\\\/schema\\\/person\\\/6b792069f07fee9a700a7caa85fb85a9\",\"name\":\"Encontra Belo Horizonte\",\"image\":{\"@type\":\"ImageObject\",\"inLanguage\":\"pt-BR\",\"@id\":\"https:\\\/\\\/secure.gravatar.com\\\/avatar\\\/c50c17820bcf322f0a8fd6b110b8c0918141409dc69076470f6fca5fee70a5d4?s=96&d=mm&r=g\",\"url\":\"https:\\\/\\\/secure.gravatar.com\\\/avatar\\\/c50c17820bcf322f0a8fd6b110b8c0918141409dc69076470f6fca5fee70a5d4?s=96&d=mm&r=g\",\"contentUrl\":\"https:\\\/\\\/secure.gravatar.com\\\/avatar\\\/c50c17820bcf322f0a8fd6b110b8c0918141409dc69076470f6fca5fee70a5d4?s=96&d=mm&r=g\",\"caption\":\"Encontra Belo Horizonte\"},\"url\":\"https:\\\/\\\/www.encontrabelohorizonte.com.br\\\/guia\\\/author\\\/encontrabelohorizonte\\\/\"}]}<\/script>\n<!-- \/ Yoast SEO plugin. -->","yoast_head_json":{"title":"Document\u00e1rio celebra 75 anos do Servas em Belo Horizonte | Guia Comercial de Belo Horizonte MG","robots":{"index":"index","follow":"follow","max-snippet":"max-snippet:-1","max-image-preview":"max-image-preview:large","max-video-preview":"max-video-preview:-1"},"canonical":"https:\/\/www.encontrabelohorizonte.com.br\/guia\/documentario-celebra-75-anos-do-servas-em-belo-horizonte\/","og_locale":"pt_BR","og_type":"article","og_title":"Document\u00e1rio celebra 75 anos do Servas em Belo Horizonte | Guia Comercial de Belo Horizonte MG","og_description":"Document\u00e1rio destaca o legado das mulheres no Servas ao longo de 75 anos.","og_url":"https:\/\/www.encontrabelohorizonte.com.br\/guia\/documentario-celebra-75-anos-do-servas-em-belo-horizonte\/","og_site_name":"Guia Comercial de Belo Horizonte MG","article_published_time":"2026-07-13T02:59:24+00:00","og_image":[{"width":280,"height":280,"url":"https:\/\/www.encontrabelohorizonte.com.br\/guia\/wp-content\/uploads\/2026\/07\/documentario-celebra-75-anos-do-servas-em-belo-horizonte.webp","type":"image\/webp"}],"author":"Encontra Belo Horizonte","twitter_card":"summary_large_image","twitter_misc":{"Escrito por":"Encontra Belo Horizonte","Est. tempo de leitura":"5 minutos"},"schema":{"@context":"https:\/\/schema.org","@graph":[{"@type":"Article","@id":"https:\/\/www.encontrabelohorizonte.com.br\/guia\/documentario-celebra-75-anos-do-servas-em-belo-horizonte\/#article","isPartOf":{"@id":"https:\/\/www.encontrabelohorizonte.com.br\/guia\/documentario-celebra-75-anos-do-servas-em-belo-horizonte\/"},"author":{"name":"Encontra Belo Horizonte","@id":"https:\/\/www.encontrabelohorizonte.com.br\/guia\/#\/schema\/person\/6b792069f07fee9a700a7caa85fb85a9"},"headline":"Document\u00e1rio celebra 75 anos do Servas em Belo Horizonte","datePublished":"2026-07-13T02:59:24+00:00","mainEntityOfPage":{"@id":"https:\/\/www.encontrabelohorizonte.com.br\/guia\/documentario-celebra-75-anos-do-servas-em-belo-horizonte\/"},"wordCount":1090,"commentCount":0,"image":{"@id":"https:\/\/www.encontrabelohorizonte.com.br\/guia\/documentario-celebra-75-anos-do-servas-em-belo-horizonte\/#primaryimage"},"thumbnailUrl":"https:\/\/www.encontrabelohorizonte.com.br\/guia\/wp-content\/uploads\/2026\/07\/documentario-celebra-75-anos-do-servas-em-belo-horizonte.webp","articleSection":["Not\u00edcias Belo Horizonte"],"inLanguage":"pt-BR","potentialAction":[{"@type":"CommentAction","name":"Comment","target":["https:\/\/www.encontrabelohorizonte.com.br\/guia\/documentario-celebra-75-anos-do-servas-em-belo-horizonte\/#respond"]}]},{"@type":"WebPage","@id":"https:\/\/www.encontrabelohorizonte.com.br\/guia\/documentario-celebra-75-anos-do-servas-em-belo-horizonte\/","url":"https:\/\/www.encontrabelohorizonte.com.br\/guia\/documentario-celebra-75-anos-do-servas-em-belo-horizonte\/","name":"Document\u00e1rio celebra 75 anos do Servas em Belo Horizonte | Guia Comercial de Belo Horizonte MG","isPartOf":{"@id":"https:\/\/www.encontrabelohorizonte.com.br\/guia\/#website"},"primaryImageOfPage":{"@id":"https:\/\/www.encontrabelohorizonte.com.br\/guia\/documentario-celebra-75-anos-do-servas-em-belo-horizonte\/#primaryimage"},"image":{"@id":"https:\/\/www.encontrabelohorizonte.com.br\/guia\/documentario-celebra-75-anos-do-servas-em-belo-horizonte\/#primaryimage"},"thumbnailUrl":"https:\/\/www.encontrabelohorizonte.com.br\/guia\/wp-content\/uploads\/2026\/07\/documentario-celebra-75-anos-do-servas-em-belo-horizonte.webp","datePublished":"2026-07-13T02:59:24+00:00","author":{"@id":"https:\/\/www.encontrabelohorizonte.com.br\/guia\/#\/schema\/person\/6b792069f07fee9a700a7caa85fb85a9"},"inLanguage":"pt-BR","potentialAction":[{"@type":"ReadAction","target":["https:\/\/www.encontrabelohorizonte.com.br\/guia\/documentario-celebra-75-anos-do-servas-em-belo-horizonte\/"]}]},{"@type":"ImageObject","inLanguage":"pt-BR","@id":"https:\/\/www.encontrabelohorizonte.com.br\/guia\/documentario-celebra-75-anos-do-servas-em-belo-horizonte\/#primaryimage","url":"https:\/\/www.encontrabelohorizonte.com.br\/guia\/wp-content\/uploads\/2026\/07\/documentario-celebra-75-anos-do-servas-em-belo-horizonte.webp","contentUrl":"https:\/\/www.encontrabelohorizonte.com.br\/guia\/wp-content\/uploads\/2026\/07\/documentario-celebra-75-anos-do-servas-em-belo-horizonte.webp","width":280,"height":280},{"@type":"WebSite","@id":"https:\/\/www.encontrabelohorizonte.com.br\/guia\/#website","url":"https:\/\/www.encontrabelohorizonte.com.br\/guia\/","name":"Guia Comercial de Belo Horizonte MG","description":"ENCONTRA BELO HORIZONTE - O guia comercial de neg\u00f3cios e empresas, cultura e divers\u00e3o na cidade de Belo Horizonte. Feito 100% para voc\u00ea morador!","potentialAction":[{"@type":"SearchAction","target":{"@type":"EntryPoint","urlTemplate":"https:\/\/www.encontrabelohorizonte.com.br\/guia\/?s={search_term_string}"},"query-input":{"@type":"PropertyValueSpecification","valueRequired":true,"valueName":"search_term_string"}}],"inLanguage":"pt-BR"},{"@type":"Person","@id":"https:\/\/www.encontrabelohorizonte.com.br\/guia\/#\/schema\/person\/6b792069f07fee9a700a7caa85fb85a9","name":"Encontra Belo Horizonte","image":{"@type":"ImageObject","inLanguage":"pt-BR","@id":"https:\/\/secure.gravatar.com\/avatar\/c50c17820bcf322f0a8fd6b110b8c0918141409dc69076470f6fca5fee70a5d4?s=96&d=mm&r=g","url":"https:\/\/secure.gravatar.com\/avatar\/c50c17820bcf322f0a8fd6b110b8c0918141409dc69076470f6fca5fee70a5d4?s=96&d=mm&r=g","contentUrl":"https:\/\/secure.gravatar.com\/avatar\/c50c17820bcf322f0a8fd6b110b8c0918141409dc69076470f6fca5fee70a5d4?s=96&d=mm&r=g","caption":"Encontra Belo Horizonte"},"url":"https:\/\/www.encontrabelohorizonte.com.br\/guia\/author\/encontrabelohorizonte\/"}]}},"_links":{"self":[{"href":"https:\/\/www.encontrabelohorizonte.com.br\/guia\/wp-json\/wp\/v2\/posts\/14953","targetHints":{"allow":["GET"]}}],"collection":[{"href":"https:\/\/www.encontrabelohorizonte.com.br\/guia\/wp-json\/wp\/v2\/posts"}],"about":[{"href":"https:\/\/www.encontrabelohorizonte.com.br\/guia\/wp-json\/wp\/v2\/types\/post"}],"author":[{"embeddable":true,"href":"https:\/\/www.encontrabelohorizonte.com.br\/guia\/wp-json\/wp\/v2\/users\/1"}],"replies":[{"embeddable":true,"href":"https:\/\/www.encontrabelohorizonte.com.br\/guia\/wp-json\/wp\/v2\/comments?post=14953"}],"version-history":[{"count":0,"href":"https:\/\/www.encontrabelohorizonte.com.br\/guia\/wp-json\/wp\/v2\/posts\/14953\/revisions"}],"wp:featuredmedia":[{"embeddable":true,"href":"https:\/\/www.encontrabelohorizonte.com.br\/guia\/wp-json\/wp\/v2\/media\/14952"}],"wp:attachment":[{"href":"https:\/\/www.encontrabelohorizonte.com.br\/guia\/wp-json\/wp\/v2\/media?parent=14953"}],"wp:term":[{"taxonomy":"category","embeddable":true,"href":"https:\/\/www.encontrabelohorizonte.com.br\/guia\/wp-json\/wp\/v2\/categories?post=14953"},{"taxonomy":"post_tag","embeddable":true,"href":"https:\/\/www.encontrabelohorizonte.com.br\/guia\/wp-json\/wp\/v2\/tags?post=14953"}],"curies":[{"name":"wp","href":"https:\/\/api.w.org\/{rel}","templated":true}]}}