{"id":14970,"date":"2026-07-15T23:38:49","date_gmt":"2026-07-16T02:38:49","guid":{"rendered":"https:\/\/www.encontrabelohorizonte.com.br\/guia\/bh-amanhece-com-sensacao-termica-negativa-pelo-segundo-dia-seguido\/"},"modified":"2026-07-15T23:38:49","modified_gmt":"2026-07-16T02:38:49","slug":"bh-amanhece-com-sensacao-termica-negativa-pelo-segundo-dia-seguido","status":"publish","type":"post","link":"https:\/\/www.encontrabelohorizonte.com.br\/guia\/bh-amanhece-com-sensacao-termica-negativa-pelo-segundo-dia-seguido\/","title":{"rendered":"BH amanhece com sensa\u00e7\u00e3o t\u00e9rmica negativa pelo segundo dia seguido"},"content":{"rendered":"<h2>Sensa\u00e7\u00e3o t\u00e9rmica em Belo Horizonte<\/h2>\n<p>Nesta quarta-feira (15\/7), Belo Horizonte viveu mais uma manh\u00e3 com sensa\u00e7\u00e3o t\u00e9rmica negativa, com os term\u00f4metros marcando 10\u00b0C na regi\u00e3o Oeste, mas a sensa\u00e7\u00e3o foi de -6,4\u00b0C \u00e0s 6h, conforme relatado pela Defesa Civil da cidade. Essa temperatura, embora menos impactante que a do dia anterior, ainda causa desconforto significativo para os moradores.<\/p>\n<h2>O impacto da massa de ar polar<\/h2>\n<p>A continuidade do frio \u00e9 atribu\u00edda \u00e0 massa de ar polar que influencia Minas Gerais atualmente. Esta massa \u00e9 respons\u00e1vel pela queda acentuada das temperaturas e pela sensa\u00e7\u00e3o de frio extremo. Na esta\u00e7\u00e3o Cercadinho, uma \u00e1rea elevada e aberta, o vento intenso contribui para que a sensa\u00e7\u00e3o t\u00e9rmica seja ainda mais baixa, evidenciando a severidade do clima na regi\u00e3o.<\/p>\n<h2>Previs\u00e3o do tempo para os pr\u00f3ximos dias<\/h2>\n<p>De acordo com a Defesa Civil, a previs\u00e3o para o dia \u00e9 de c\u00e9u claro e temperaturas m\u00e1ximas que n\u00e3o devem ultrapassar os 24\u00b0C. A umidade relativa do ar poder\u00e1 diminuir, chegando a cerca de 30% durante a tarde, o que tamb\u00e9m exigir\u00e1 cuidados especiais para a sa\u00fade da popula\u00e7\u00e3o.<\/p>\n<p><img decoding=\"async\" src=\"https:\/\/www.encontrabelohorizonte.com.br\/guia\/wp-content\/uploads\/2026\/07\/bh-amanhece-com-sensacao-termica-negativa-pelo-segundo-dia-seguido.webp\" alt=\"sensa\u00e7\u00e3o t\u00e9rmica negativa\" loading=\"lazy\" \/><\/p>\n<h2>Como se proteger do frio intenso<\/h2>\n<p>Para enfrentar essa onda de frio, \u00e9 essencial tomar cuidados adequados:<\/p>\n<ul>\n<li><strong>Vestimenta adequada:<\/strong> Use v\u00e1rias camadas de roupas quentes e imperme\u00e1veis para proteger-se da umidade e do vento.<\/li>\n<li><strong>Hidrata\u00e7\u00e3o:<\/strong> Beba muita \u00e1gua, pois a desidrata\u00e7\u00e3o pode ocorrer mesmo no frio.<\/li>\n<li><strong>Alimenta\u00e7\u00e3o:<\/strong> Consuma alimentos quentes e nutritivos que contribuam para o aumento da temperatura corporal.<\/li>\n<li><strong>Ambiente:<\/strong> Mantenha os ambientes internos aquecidos e livres de correntes de ar frio.<\/li>\n<\/ul>\n<h2>Registros de temperatura em diferentes regi\u00f5es<\/h2>\n<p>Os registros de temperatura ao longo da cidade revelam o seguinte cen\u00e1rio:<\/p>\n<ul>\n<li><strong>Barreiro:<\/strong> 12,0\u00b0C \u00e0s 6h50<\/li>\n<li><strong>Centro-Sul:<\/strong> 10,4\u00b0C \u00e0s 2h05<\/li>\n<li><strong>Oeste:<\/strong> 10,0\u00b0C com sensa\u00e7\u00e3o t\u00e9rmica de -6,4\u00b0C \u00e0s 6h<\/li>\n<li><strong>Pampulha:<\/strong> 11,8\u00b0C com sensa\u00e7\u00e3o de 12,9\u00b0C \u00e0 0h<\/li>\n<li><strong>Venda Nova:<\/strong> 10,7\u00b0C \u00e0s 5h55<\/li>\n<\/ul>\n<h2>Dicas para enfrentar o frio em casa<\/h2>\n<p>Al\u00e9m de se agasalhar ao sair, \u00e9 crucial preparar a casa para o inverno:<\/p>\n<ul>\n<li><strong>Vedar frestas:<\/strong> Use selantes nas janelas e portas para evitar a entrada de ar frio.<\/li>\n<li><strong>Aquecedores:<\/strong> Utilize aquecedores com seguran\u00e7a, garantindo ventila\u00e7\u00e3o e evitando sobrecarga el\u00e9trica.<\/li>\n<li><strong>Manuten\u00e7\u00e3o:<\/strong> Mantenha a manuten\u00e7\u00e3o regular de sistemas de aquecimento e verifique sua efici\u00eancia.<\/li>\n<\/ul>\n<h2>A influ\u00eancia do clima nas atividades da cidade<\/h2>\n<p>A onda de frio est\u00e1 impactando diversas atividades em Belo Horizonte. As temperaturas baixas podem limitar eventos ao ar livre e causar altera\u00e7\u00f5es no cotidiano da popula\u00e7\u00e3o, como o aumento do consumo de energia el\u00e9trica devido ao uso de aquecedores e outros dispositivos de aquecimento.<\/p>\n<h2>Efeitos do frio na sa\u00fade p\u00fablica<\/h2>\n<p>Os per\u00edodos de baixas temperaturas trazem implica\u00e7\u00f5es s\u00e9rias para a sa\u00fade p\u00fablica, incluindo:<\/p>\n<ul>\n<li><strong>Doen\u00e7as respirat\u00f3rias:<\/strong> O aumento de casos de gripes e resfriados \u00e9 comum nesta \u00e9poca.<\/li>\n<li><strong>Hipotermia:<\/strong> Especialmente em grupos vulner\u00e1veis, como idosos e pessoas em situa\u00e7\u00e3o de rua.<\/li>\n<\/ul>\n<h2>Hist\u00f3rico de temperaturas em Minas Gerais<\/h2>\n<p>Minas Gerais \u00e9 conhecida por suas varia\u00e7\u00f5es clim\u00e1ticas significativas. Historicamente, a capital do estado j\u00e1 registrou temperaturas extremas que s\u00e3o observadas em institui\u00e7\u00f5es como o Instituto Nacional de Meteorologia, permitindo que a popula\u00e7\u00e3o se prepare adequadamente para as mais diferentes condi\u00e7\u00f5es clim\u00e1ticas.<\/p>\n<h2>A import\u00e2ncia da prepara\u00e7\u00e3o para o inverno<\/h2>\n<p>Preparar-se para o inverno \u00e9 fundamental para a seguran\u00e7a e sa\u00fade de todos. A conscientiza\u00e7\u00e3o sobre os riscos trazidos pelo frio intenso pode ajudar a prevenir problemas de sa\u00fade e melhorar a qualidade de vida durante os meses mais frios, garantindo que cada cidad\u00e3o tenha um inverno mais seguro e confort\u00e1vel.<\/p>\n","protected":false},"excerpt":{"rendered":"<p>BH enfrenta sensa\u00e7\u00e3o t\u00e9rmica negativa de -6,4\u00b0C. Entenda o impacto do frio intenso.<\/p>\n","protected":false},"author":1,"featured_media":14969,"comment_status":"open","ping_status":"open","sticky":false,"template":"","format":"standard","meta":{"footnotes":""},"categories":[5],"tags":[],"class_list":["post-14970","post","type-post","status-publish","format-standard","has-post-thumbnail","hentry","category-noticias","has_thumb"],"yoast_head":"<!-- This site is optimized with the Yoast SEO plugin v28.2 - https:\/\/yoast.com\/product\/yoast-seo-wordpress\/ -->\n<title>BH amanhece com sensa\u00e7\u00e3o t\u00e9rmica negativa pelo segundo dia seguido | Guia Comercial de Belo Horizonte MG<\/title>\n<meta name=\"robots\" content=\"index, follow, max-snippet:-1, max-image-preview:large, max-video-preview:-1\" \/>\n<link rel=\"canonical\" href=\"https:\/\/www.encontrabelohorizonte.com.br\/guia\/bh-amanhece-com-sensacao-termica-negativa-pelo-segundo-dia-seguido\/\" \/>\n<meta property=\"og:locale\" content=\"pt_BR\" \/>\n<meta property=\"og:type\" content=\"article\" \/>\n<meta property=\"og:title\" content=\"BH amanhece com sensa\u00e7\u00e3o t\u00e9rmica negativa pelo segundo dia seguido | Guia Comercial de Belo Horizonte MG\" \/>\n<meta property=\"og:description\" content=\"BH enfrenta sensa\u00e7\u00e3o t\u00e9rmica negativa de -6,4\u00b0C. Entenda o impacto do frio intenso.\" \/>\n<meta property=\"og:url\" content=\"https:\/\/www.encontrabelohorizonte.com.br\/guia\/bh-amanhece-com-sensacao-termica-negativa-pelo-segundo-dia-seguido\/\" \/>\n<meta property=\"og:site_name\" content=\"Guia Comercial de Belo Horizonte MG\" \/>\n<meta property=\"article:published_time\" content=\"2026-07-16T02:38:49+00:00\" \/>\n<meta property=\"og:image\" content=\"https:\/\/www.encontrabelohorizonte.com.br\/guia\/wp-content\/uploads\/2026\/07\/bh-amanhece-com-sensacao-termica-negativa-pelo-segundo-dia-seguido.webp\" \/>\n\t<meta property=\"og:image:width\" content=\"280\" \/>\n\t<meta property=\"og:image:height\" content=\"280\" \/>\n\t<meta property=\"og:image:type\" content=\"image\/webp\" \/>\n<meta name=\"author\" content=\"Encontra Belo Horizonte\" \/>\n<meta name=\"twitter:card\" content=\"summary_large_image\" \/>\n<meta name=\"twitter:label1\" content=\"Escrito por\" \/>\n\t<meta name=\"twitter:data1\" content=\"Encontra Belo Horizonte\" \/>\n\t<meta name=\"twitter:label2\" content=\"Est. tempo de leitura\" \/>\n\t<meta name=\"twitter:data2\" content=\"3 minutos\" \/>\n<script type=\"application\/ld+json\" class=\"yoast-schema-graph\">{\"@context\":\"https:\\\/\\\/schema.org\",\"@graph\":[{\"@type\":\"Article\",\"@id\":\"https:\\\/\\\/www.encontrabelohorizonte.com.br\\\/guia\\\/bh-amanhece-com-sensacao-termica-negativa-pelo-segundo-dia-seguido\\\/#article\",\"isPartOf\":{\"@id\":\"https:\\\/\\\/www.encontrabelohorizonte.com.br\\\/guia\\\/bh-amanhece-com-sensacao-termica-negativa-pelo-segundo-dia-seguido\\\/\"},\"author\":{\"name\":\"Encontra Belo Horizonte\",\"@id\":\"https:\\\/\\\/www.encontrabelohorizonte.com.br\\\/guia\\\/#\\\/schema\\\/person\\\/6b792069f07fee9a700a7caa85fb85a9\"},\"headline\":\"BH amanhece com sensa\u00e7\u00e3o t\u00e9rmica negativa pelo segundo dia seguido\",\"datePublished\":\"2026-07-16T02:38:49+00:00\",\"mainEntityOfPage\":{\"@id\":\"https:\\\/\\\/www.encontrabelohorizonte.com.br\\\/guia\\\/bh-amanhece-com-sensacao-termica-negativa-pelo-segundo-dia-seguido\\\/\"},\"wordCount\":640,\"commentCount\":0,\"image\":{\"@id\":\"https:\\\/\\\/www.encontrabelohorizonte.com.br\\\/guia\\\/bh-amanhece-com-sensacao-termica-negativa-pelo-segundo-dia-seguido\\\/#primaryimage\"},\"thumbnailUrl\":\"https:\\\/\\\/www.encontrabelohorizonte.com.br\\\/guia\\\/wp-content\\\/uploads\\\/2026\\\/07\\\/bh-amanhece-com-sensacao-termica-negativa-pelo-segundo-dia-seguido.webp\",\"articleSection\":[\"Not\u00edcias Belo Horizonte\"],\"inLanguage\":\"pt-BR\",\"potentialAction\":[{\"@type\":\"CommentAction\",\"name\":\"Comment\",\"target\":[\"https:\\\/\\\/www.encontrabelohorizonte.com.br\\\/guia\\\/bh-amanhece-com-sensacao-termica-negativa-pelo-segundo-dia-seguido\\\/#respond\"]}]},{\"@type\":\"WebPage\",\"@id\":\"https:\\\/\\\/www.encontrabelohorizonte.com.br\\\/guia\\\/bh-amanhece-com-sensacao-termica-negativa-pelo-segundo-dia-seguido\\\/\",\"url\":\"https:\\\/\\\/www.encontrabelohorizonte.com.br\\\/guia\\\/bh-amanhece-com-sensacao-termica-negativa-pelo-segundo-dia-seguido\\\/\",\"name\":\"BH amanhece com sensa\u00e7\u00e3o t\u00e9rmica negativa pelo segundo dia seguido | Guia Comercial de Belo Horizonte MG\",\"isPartOf\":{\"@id\":\"https:\\\/\\\/www.encontrabelohorizonte.com.br\\\/guia\\\/#website\"},\"primaryImageOfPage\":{\"@id\":\"https:\\\/\\\/www.encontrabelohorizonte.com.br\\\/guia\\\/bh-amanhece-com-sensacao-termica-negativa-pelo-segundo-dia-seguido\\\/#primaryimage\"},\"image\":{\"@id\":\"https:\\\/\\\/www.encontrabelohorizonte.com.br\\\/guia\\\/bh-amanhece-com-sensacao-termica-negativa-pelo-segundo-dia-seguido\\\/#primaryimage\"},\"thumbnailUrl\":\"https:\\\/\\\/www.encontrabelohorizonte.com.br\\\/guia\\\/wp-content\\\/uploads\\\/2026\\\/07\\\/bh-amanhece-com-sensacao-termica-negativa-pelo-segundo-dia-seguido.webp\",\"datePublished\":\"2026-07-16T02:38:49+00:00\",\"author\":{\"@id\":\"https:\\\/\\\/www.encontrabelohorizonte.com.br\\\/guia\\\/#\\\/schema\\\/person\\\/6b792069f07fee9a700a7caa85fb85a9\"},\"inLanguage\":\"pt-BR\",\"potentialAction\":[{\"@type\":\"ReadAction\",\"target\":[\"https:\\\/\\\/www.encontrabelohorizonte.com.br\\\/guia\\\/bh-amanhece-com-sensacao-termica-negativa-pelo-segundo-dia-seguido\\\/\"]}]},{\"@type\":\"ImageObject\",\"inLanguage\":\"pt-BR\",\"@id\":\"https:\\\/\\\/www.encontrabelohorizonte.com.br\\\/guia\\\/bh-amanhece-com-sensacao-termica-negativa-pelo-segundo-dia-seguido\\\/#primaryimage\",\"url\":\"https:\\\/\\\/www.encontrabelohorizonte.com.br\\\/guia\\\/wp-content\\\/uploads\\\/2026\\\/07\\\/bh-amanhece-com-sensacao-termica-negativa-pelo-segundo-dia-seguido.webp\",\"contentUrl\":\"https:\\\/\\\/www.encontrabelohorizonte.com.br\\\/guia\\\/wp-content\\\/uploads\\\/2026\\\/07\\\/bh-amanhece-com-sensacao-termica-negativa-pelo-segundo-dia-seguido.webp\",\"width\":280,\"height\":280,\"caption\":\"sensa\u00e7\u00e3o t\u00e9rmica negativa\"},{\"@type\":\"WebSite\",\"@id\":\"https:\\\/\\\/www.encontrabelohorizonte.com.br\\\/guia\\\/#website\",\"url\":\"https:\\\/\\\/www.encontrabelohorizonte.com.br\\\/guia\\\/\",\"name\":\"Guia Comercial de Belo Horizonte MG\",\"description\":\"ENCONTRA BELO HORIZONTE - O guia comercial de neg\u00f3cios e empresas, cultura e divers\u00e3o na cidade de Belo Horizonte. Feito 100% para voc\u00ea morador!\",\"potentialAction\":[{\"@type\":\"SearchAction\",\"target\":{\"@type\":\"EntryPoint\",\"urlTemplate\":\"https:\\\/\\\/www.encontrabelohorizonte.com.br\\\/guia\\\/?s={search_term_string}\"},\"query-input\":{\"@type\":\"PropertyValueSpecification\",\"valueRequired\":true,\"valueName\":\"search_term_string\"}}],\"inLanguage\":\"pt-BR\"},{\"@type\":\"Person\",\"@id\":\"https:\\\/\\\/www.encontrabelohorizonte.com.br\\\/guia\\\/#\\\/schema\\\/person\\\/6b792069f07fee9a700a7caa85fb85a9\",\"name\":\"Encontra Belo Horizonte\",\"image\":{\"@type\":\"ImageObject\",\"inLanguage\":\"pt-BR\",\"@id\":\"https:\\\/\\\/secure.gravatar.com\\\/avatar\\\/c50c17820bcf322f0a8fd6b110b8c0918141409dc69076470f6fca5fee70a5d4?s=96&d=mm&r=g\",\"url\":\"https:\\\/\\\/secure.gravatar.com\\\/avatar\\\/c50c17820bcf322f0a8fd6b110b8c0918141409dc69076470f6fca5fee70a5d4?s=96&d=mm&r=g\",\"contentUrl\":\"https:\\\/\\\/secure.gravatar.com\\\/avatar\\\/c50c17820bcf322f0a8fd6b110b8c0918141409dc69076470f6fca5fee70a5d4?s=96&d=mm&r=g\",\"caption\":\"Encontra Belo Horizonte\"},\"url\":\"https:\\\/\\\/www.encontrabelohorizonte.com.br\\\/guia\\\/author\\\/encontrabelohorizonte\\\/\"}]}<\/script>\n<!-- \/ Yoast SEO plugin. -->","yoast_head_json":{"title":"BH amanhece com sensa\u00e7\u00e3o t\u00e9rmica negativa pelo segundo dia seguido | Guia Comercial de Belo Horizonte MG","robots":{"index":"index","follow":"follow","max-snippet":"max-snippet:-1","max-image-preview":"max-image-preview:large","max-video-preview":"max-video-preview:-1"},"canonical":"https:\/\/www.encontrabelohorizonte.com.br\/guia\/bh-amanhece-com-sensacao-termica-negativa-pelo-segundo-dia-seguido\/","og_locale":"pt_BR","og_type":"article","og_title":"BH amanhece com sensa\u00e7\u00e3o t\u00e9rmica negativa pelo segundo dia seguido | Guia Comercial de Belo Horizonte MG","og_description":"BH enfrenta sensa\u00e7\u00e3o t\u00e9rmica negativa de -6,4\u00b0C. Entenda o impacto do frio intenso.","og_url":"https:\/\/www.encontrabelohorizonte.com.br\/guia\/bh-amanhece-com-sensacao-termica-negativa-pelo-segundo-dia-seguido\/","og_site_name":"Guia Comercial de Belo Horizonte MG","article_published_time":"2026-07-16T02:38:49+00:00","og_image":[{"width":280,"height":280,"url":"https:\/\/www.encontrabelohorizonte.com.br\/guia\/wp-content\/uploads\/2026\/07\/bh-amanhece-com-sensacao-termica-negativa-pelo-segundo-dia-seguido.webp","type":"image\/webp"}],"author":"Encontra Belo Horizonte","twitter_card":"summary_large_image","twitter_misc":{"Escrito por":"Encontra Belo Horizonte","Est. tempo de leitura":"3 minutos"},"schema":{"@context":"https:\/\/schema.org","@graph":[{"@type":"Article","@id":"https:\/\/www.encontrabelohorizonte.com.br\/guia\/bh-amanhece-com-sensacao-termica-negativa-pelo-segundo-dia-seguido\/#article","isPartOf":{"@id":"https:\/\/www.encontrabelohorizonte.com.br\/guia\/bh-amanhece-com-sensacao-termica-negativa-pelo-segundo-dia-seguido\/"},"author":{"name":"Encontra Belo Horizonte","@id":"https:\/\/www.encontrabelohorizonte.com.br\/guia\/#\/schema\/person\/6b792069f07fee9a700a7caa85fb85a9"},"headline":"BH amanhece com sensa\u00e7\u00e3o t\u00e9rmica negativa pelo segundo dia seguido","datePublished":"2026-07-16T02:38:49+00:00","mainEntityOfPage":{"@id":"https:\/\/www.encontrabelohorizonte.com.br\/guia\/bh-amanhece-com-sensacao-termica-negativa-pelo-segundo-dia-seguido\/"},"wordCount":640,"commentCount":0,"image":{"@id":"https:\/\/www.encontrabelohorizonte.com.br\/guia\/bh-amanhece-com-sensacao-termica-negativa-pelo-segundo-dia-seguido\/#primaryimage"},"thumbnailUrl":"https:\/\/www.encontrabelohorizonte.com.br\/guia\/wp-content\/uploads\/2026\/07\/bh-amanhece-com-sensacao-termica-negativa-pelo-segundo-dia-seguido.webp","articleSection":["Not\u00edcias Belo Horizonte"],"inLanguage":"pt-BR","potentialAction":[{"@type":"CommentAction","name":"Comment","target":["https:\/\/www.encontrabelohorizonte.com.br\/guia\/bh-amanhece-com-sensacao-termica-negativa-pelo-segundo-dia-seguido\/#respond"]}]},{"@type":"WebPage","@id":"https:\/\/www.encontrabelohorizonte.com.br\/guia\/bh-amanhece-com-sensacao-termica-negativa-pelo-segundo-dia-seguido\/","url":"https:\/\/www.encontrabelohorizonte.com.br\/guia\/bh-amanhece-com-sensacao-termica-negativa-pelo-segundo-dia-seguido\/","name":"BH amanhece com sensa\u00e7\u00e3o t\u00e9rmica negativa pelo segundo dia seguido | Guia Comercial de Belo Horizonte MG","isPartOf":{"@id":"https:\/\/www.encontrabelohorizonte.com.br\/guia\/#website"},"primaryImageOfPage":{"@id":"https:\/\/www.encontrabelohorizonte.com.br\/guia\/bh-amanhece-com-sensacao-termica-negativa-pelo-segundo-dia-seguido\/#primaryimage"},"image":{"@id":"https:\/\/www.encontrabelohorizonte.com.br\/guia\/bh-amanhece-com-sensacao-termica-negativa-pelo-segundo-dia-seguido\/#primaryimage"},"thumbnailUrl":"https:\/\/www.encontrabelohorizonte.com.br\/guia\/wp-content\/uploads\/2026\/07\/bh-amanhece-com-sensacao-termica-negativa-pelo-segundo-dia-seguido.webp","datePublished":"2026-07-16T02:38:49+00:00","author":{"@id":"https:\/\/www.encontrabelohorizonte.com.br\/guia\/#\/schema\/person\/6b792069f07fee9a700a7caa85fb85a9"},"inLanguage":"pt-BR","potentialAction":[{"@type":"ReadAction","target":["https:\/\/www.encontrabelohorizonte.com.br\/guia\/bh-amanhece-com-sensacao-termica-negativa-pelo-segundo-dia-seguido\/"]}]},{"@type":"ImageObject","inLanguage":"pt-BR","@id":"https:\/\/www.encontrabelohorizonte.com.br\/guia\/bh-amanhece-com-sensacao-termica-negativa-pelo-segundo-dia-seguido\/#primaryimage","url":"https:\/\/www.encontrabelohorizonte.com.br\/guia\/wp-content\/uploads\/2026\/07\/bh-amanhece-com-sensacao-termica-negativa-pelo-segundo-dia-seguido.webp","contentUrl":"https:\/\/www.encontrabelohorizonte.com.br\/guia\/wp-content\/uploads\/2026\/07\/bh-amanhece-com-sensacao-termica-negativa-pelo-segundo-dia-seguido.webp","width":280,"height":280,"caption":"sensa\u00e7\u00e3o t\u00e9rmica negativa"},{"@type":"WebSite","@id":"https:\/\/www.encontrabelohorizonte.com.br\/guia\/#website","url":"https:\/\/www.encontrabelohorizonte.com.br\/guia\/","name":"Guia Comercial de Belo Horizonte MG","description":"ENCONTRA BELO HORIZONTE - O guia comercial de neg\u00f3cios e empresas, cultura e divers\u00e3o na cidade de Belo Horizonte. Feito 100% para voc\u00ea morador!","potentialAction":[{"@type":"SearchAction","target":{"@type":"EntryPoint","urlTemplate":"https:\/\/www.encontrabelohorizonte.com.br\/guia\/?s={search_term_string}"},"query-input":{"@type":"PropertyValueSpecification","valueRequired":true,"valueName":"search_term_string"}}],"inLanguage":"pt-BR"},{"@type":"Person","@id":"https:\/\/www.encontrabelohorizonte.com.br\/guia\/#\/schema\/person\/6b792069f07fee9a700a7caa85fb85a9","name":"Encontra Belo Horizonte","image":{"@type":"ImageObject","inLanguage":"pt-BR","@id":"https:\/\/secure.gravatar.com\/avatar\/c50c17820bcf322f0a8fd6b110b8c0918141409dc69076470f6fca5fee70a5d4?s=96&d=mm&r=g","url":"https:\/\/secure.gravatar.com\/avatar\/c50c17820bcf322f0a8fd6b110b8c0918141409dc69076470f6fca5fee70a5d4?s=96&d=mm&r=g","contentUrl":"https:\/\/secure.gravatar.com\/avatar\/c50c17820bcf322f0a8fd6b110b8c0918141409dc69076470f6fca5fee70a5d4?s=96&d=mm&r=g","caption":"Encontra Belo Horizonte"},"url":"https:\/\/www.encontrabelohorizonte.com.br\/guia\/author\/encontrabelohorizonte\/"}]}},"_links":{"self":[{"href":"https:\/\/www.encontrabelohorizonte.com.br\/guia\/wp-json\/wp\/v2\/posts\/14970","targetHints":{"allow":["GET"]}}],"collection":[{"href":"https:\/\/www.encontrabelohorizonte.com.br\/guia\/wp-json\/wp\/v2\/posts"}],"about":[{"href":"https:\/\/www.encontrabelohorizonte.com.br\/guia\/wp-json\/wp\/v2\/types\/post"}],"author":[{"embeddable":true,"href":"https:\/\/www.encontrabelohorizonte.com.br\/guia\/wp-json\/wp\/v2\/users\/1"}],"replies":[{"embeddable":true,"href":"https:\/\/www.encontrabelohorizonte.com.br\/guia\/wp-json\/wp\/v2\/comments?post=14970"}],"version-history":[{"count":0,"href":"https:\/\/www.encontrabelohorizonte.com.br\/guia\/wp-json\/wp\/v2\/posts\/14970\/revisions"}],"wp:featuredmedia":[{"embeddable":true,"href":"https:\/\/www.encontrabelohorizonte.com.br\/guia\/wp-json\/wp\/v2\/media\/14969"}],"wp:attachment":[{"href":"https:\/\/www.encontrabelohorizonte.com.br\/guia\/wp-json\/wp\/v2\/media?parent=14970"}],"wp:term":[{"taxonomy":"category","embeddable":true,"href":"https:\/\/www.encontrabelohorizonte.com.br\/guia\/wp-json\/wp\/v2\/categories?post=14970"},{"taxonomy":"post_tag","embeddable":true,"href":"https:\/\/www.encontrabelohorizonte.com.br\/guia\/wp-json\/wp\/v2\/tags?post=14970"}],"curies":[{"name":"wp","href":"https:\/\/api.w.org\/{rel}","templated":true}]}}