{"id":14976,"date":"2026-07-16T22:38:29","date_gmt":"2026-07-17T01:38:29","guid":{"rendered":"https:\/\/www.encontrabelohorizonte.com.br\/guia\/projeto-voce-no-controle-chega-a-camara-municipal-de-belo-horizonte\/"},"modified":"2026-07-16T22:38:29","modified_gmt":"2026-07-17T01:38:29","slug":"projeto-voce-no-controle-chega-a-camara-municipal-de-belo-horizonte","status":"publish","type":"post","link":"https:\/\/www.encontrabelohorizonte.com.br\/guia\/projeto-voce-no-controle-chega-a-camara-municipal-de-belo-horizonte\/","title":{"rendered":"Projeto &#8220;Voc\u00ea no Controle&#8221; chega \u00e0 C\u00e2mara Municipal de Belo Horizonte"},"content":{"rendered":"<h2>O que \u00e9 o projeto &#8216;Voc\u00ea no Controle&#8217;?<\/h2>\n<p>O projeto &#8220;Voc\u00ea no Controle&#8221; \u00e9 uma iniciativa do Tribunal de Contas do Estado de Minas Gerais (TCEMG) que visa promover a cidadania ativa e a participa\u00e7\u00e3o popular na fiscaliza\u00e7\u00e3o da gest\u00e3o p\u00fablica. Atrav\u00e9s desse projeto, o TCEMG busca criar um canal direto para os cidad\u00e3os mineiros expressarem suas opini\u00f5es e sugest\u00f5es sobre os servi\u00e7os p\u00fablicos que afetam suas vidas.<\/p>\n<h2>Como o projeto busca envolver os cidad\u00e3os<\/h2>\n<p>A proposta \u00e9 estabelecer um di\u00e1logo aberto entre o TCEMG e a popula\u00e7\u00e3o, possibilitando que os cidad\u00e3os compartilhem suas experi\u00eancias e identifica\u00e7\u00f5es em rela\u00e7\u00e3o ao uso dos servi\u00e7os p\u00fablicos. Com isso, o Tribunal espera mapear as prioridades da sociedade, inserindo essas demandas em seu planejamento anual de fiscaliza\u00e7\u00e3o.<\/p>\n<h2>Parcerias estrat\u00e9gicas do Tribunal de Contas<\/h2>\n<p>A colabora\u00e7\u00e3o e a articula\u00e7\u00e3o entre diversas institui\u00e7\u00f5es \u00e9 fundamental para o sucesso do projeto. O TCEMG firmou parcerias com a C\u00e2mara Municipal de Belo Horizonte (CMBH) e a Assembleia Legislativa de Minas Gerais, permitindo maior alcance e efetividade na mobiliza\u00e7\u00e3o dos cidad\u00e3os. Essas parcerias s\u00e3o essenciais para potencializar a divulga\u00e7\u00e3o do projeto e assegurar que um p\u00fablico diversificado participe dele.<\/p>\n<p><img decoding=\"async\" src=\"https:\/\/www.encontrabelohorizonte.com.br\/guia\/wp-content\/uploads\/2026\/07\/projeto-voce-no-controle-chega-a-camara-municipal-de-belo-horizonte.webp\" alt=\"Projeto 'Voc\u00ea no Controle'\" loading=\"lazy\" \/><\/p>\n<h2>Import\u00e2ncia da Assembleia Legislativa e CMBH<\/h2>\n<p>A participa\u00e7\u00e3o das institui\u00e7\u00f5es legislativas \u00e9 crucial para legitimar as a\u00e7\u00f5es do TCEMG. A C\u00e2mara Municipal de Belo Horizonte, ao acolher o projeto, torna-se um ponto de converg\u00eancia para a coleta de informa\u00e7\u00f5es e sugest\u00f5es da sociedade. Essa uni\u00e3o de esfor\u00e7os visa aumentar a governan\u00e7a e a transpar\u00eancia na gest\u00e3o p\u00fablica em Minas Gerais.<\/p>\n<h2>M\u00e9todos de participa\u00e7\u00e3o popular<\/h2>\n<p>Os cidad\u00e3os podem participar do projeto atrav\u00e9s de um question\u00e1rio online disponibilizado pelo TCEMG. Esse question\u00e1rio foi elaborado estrategicamente para obter informa\u00e7\u00f5es sobre as \u00e1reas que mais demandam aten\u00e7\u00e3o, como sa\u00fade, educa\u00e7\u00e3o e infraestrutura. Al\u00e9m disso, cidad\u00e3os tamb\u00e9m podem se envolver em atividades presenciais, como os estandes do projeto em eventos e locais de grande circula\u00e7\u00e3o.<\/p>\n<h2>Estande f\u00edsico na CMBH: uma nova abordagem<\/h2>\n<p>Um dos passos mais significativos do projeto \u00e9 a instala\u00e7\u00e3o de um estande f\u00edsico na \u00e1rea do Restaurante Popular da CMBH. Essa a\u00e7\u00e3o ocorrer\u00e1 semanalmente, das 9h \u00e0s 15h, com o intuito de alcan\u00e7ar uma variedade de cidad\u00e3os que frequentam o local. O estande servir\u00e1 como um ponto de contato onde as pessoas poder\u00e3o preencher o question\u00e1rio e se engajar com representantes do Tribunal, tornando a participa\u00e7\u00e3o ainda mais acess\u00edvel.<\/p>\n<h2>Resultados esperados do projeto<\/h2>\n<p>O projeto &#8220;Voc\u00ea no Controle&#8221; espera, ao final de sua fase de escuta p\u00fablica, compilar uma quantidade significativa de dados que reflitam as demandas da popula\u00e7\u00e3o. A meta \u00e9 concluir essa fase com um relat\u00f3rio que ser\u00e1 divulgado publicamente, integrando essas informa\u00e7\u00f5es ao planejamento fiscal do TCEMG para os pr\u00f3ximos anos.<\/p>\n<h2>Impacto na fiscaliza\u00e7\u00e3o das pol\u00edticas p\u00fablicas<\/h2>\n<p>Com as sugest\u00f5es e dados coletados, o TCEMG ser\u00e1 capaz de direcionar sua fiscaliza\u00e7\u00e3o a \u00e1reas de maior relev\u00e2ncia para a popula\u00e7\u00e3o. Isso n\u00e3o s\u00f3 fortalece a transpar\u00eancia na gest\u00e3o p\u00fablica, mas tamb\u00e9m aproxima o Tribunal das necessidades reais da sociedade, ajudando a garantir que as pol\u00edticas p\u00fablicas sejam mais efetivas e ajustadas \u00e0 realidade dos cidad\u00e3os.<\/p>\n<h2>Como os cidad\u00e3os podem contribuir<\/h2>\n<p>Os cidad\u00e3os s\u00e3o chamados a participar ativamente do projeto &#8220;Voc\u00ea no Controle&#8221; preenchendo o question\u00e1rio online dispon\u00edvel no site do TCEMG. Al\u00e9m disso, participa\u00e7\u00e3o em eventos promovidos pelo Tribunal e a divulga\u00e7\u00e3o de informa\u00e7\u00f5es sobre o projeto nas redes sociais s\u00e3o formas eficazes de contribuir para o sucesso da iniciativa.<\/p>\n<h2>Pr\u00f3ximos passos e continuidade do projeto<\/h2>\n<p>O projeto, ap\u00f3s a fase de escuta p\u00fablica que ser\u00e1 encerrada em agosto, seguir\u00e1 com a an\u00e1lise dos dados coletados e sua integra\u00e7\u00e3o ao planejamento de fiscaliza\u00e7\u00e3o do TCEMG. Espera-se que os resultados, a serem divulgados em outubro, ajudem a definir futuros direcionamentos na atua\u00e7\u00e3o do Tribunal, refor\u00e7ando o compromisso com a transpar\u00eancia e com a valoriza\u00e7\u00e3o da voz do povo mineiro.<\/p>\n","protected":false},"excerpt":{"rendered":"<p>O projeto &#8216;Voc\u00ea no Controle&#8217; transforma a gest\u00e3o p\u00fablica em Belo Horizonte.<\/p>\n","protected":false},"author":1,"featured_media":14975,"comment_status":"open","ping_status":"open","sticky":false,"template":"","format":"standard","meta":{"footnotes":""},"categories":[5],"tags":[],"class_list":["post-14976","post","type-post","status-publish","format-standard","has-post-thumbnail","hentry","category-noticias","has_thumb"],"yoast_head":"<!-- This site is optimized with the Yoast SEO plugin v28.2 - https:\/\/yoast.com\/product\/yoast-seo-wordpress\/ -->\n<title>Projeto &quot;Voc\u00ea no Controle&quot; chega \u00e0 C\u00e2mara Municipal de Belo Horizonte | Guia Comercial de Belo Horizonte MG<\/title>\n<meta name=\"robots\" content=\"index, follow, max-snippet:-1, max-image-preview:large, max-video-preview:-1\" \/>\n<link rel=\"canonical\" href=\"https:\/\/www.encontrabelohorizonte.com.br\/guia\/projeto-voce-no-controle-chega-a-camara-municipal-de-belo-horizonte\/\" \/>\n<meta property=\"og:locale\" content=\"pt_BR\" \/>\n<meta property=\"og:type\" content=\"article\" \/>\n<meta property=\"og:title\" content=\"Projeto &quot;Voc\u00ea no Controle&quot; chega \u00e0 C\u00e2mara Municipal de Belo Horizonte | Guia Comercial de Belo Horizonte MG\" \/>\n<meta property=\"og:description\" content=\"O projeto &#039;Voc\u00ea no Controle&#039; transforma a gest\u00e3o p\u00fablica em Belo Horizonte.\" \/>\n<meta property=\"og:url\" content=\"https:\/\/www.encontrabelohorizonte.com.br\/guia\/projeto-voce-no-controle-chega-a-camara-municipal-de-belo-horizonte\/\" \/>\n<meta property=\"og:site_name\" content=\"Guia Comercial de Belo Horizonte MG\" \/>\n<meta property=\"article:published_time\" content=\"2026-07-17T01:38:29+00:00\" \/>\n<meta property=\"og:image\" content=\"https:\/\/www.encontrabelohorizonte.com.br\/guia\/wp-content\/uploads\/2026\/07\/projeto-voce-no-controle-chega-a-camara-municipal-de-belo-horizonte.webp\" \/>\n\t<meta property=\"og:image:width\" content=\"280\" \/>\n\t<meta property=\"og:image:height\" content=\"280\" \/>\n\t<meta property=\"og:image:type\" content=\"image\/webp\" \/>\n<meta name=\"author\" content=\"Encontra Belo Horizonte\" \/>\n<meta name=\"twitter:card\" content=\"summary_large_image\" \/>\n<meta name=\"twitter:label1\" content=\"Escrito por\" \/>\n\t<meta name=\"twitter:data1\" content=\"Encontra Belo Horizonte\" \/>\n\t<meta name=\"twitter:label2\" content=\"Est. tempo de leitura\" \/>\n\t<meta name=\"twitter:data2\" content=\"4 minutos\" \/>\n<script type=\"application\/ld+json\" class=\"yoast-schema-graph\">{\"@context\":\"https:\\\/\\\/schema.org\",\"@graph\":[{\"@type\":\"Article\",\"@id\":\"https:\\\/\\\/www.encontrabelohorizonte.com.br\\\/guia\\\/projeto-voce-no-controle-chega-a-camara-municipal-de-belo-horizonte\\\/#article\",\"isPartOf\":{\"@id\":\"https:\\\/\\\/www.encontrabelohorizonte.com.br\\\/guia\\\/projeto-voce-no-controle-chega-a-camara-municipal-de-belo-horizonte\\\/\"},\"author\":{\"name\":\"Encontra Belo Horizonte\",\"@id\":\"https:\\\/\\\/www.encontrabelohorizonte.com.br\\\/guia\\\/#\\\/schema\\\/person\\\/6b792069f07fee9a700a7caa85fb85a9\"},\"headline\":\"Projeto &#8220;Voc\u00ea no Controle&#8221; chega \u00e0 C\u00e2mara Municipal de Belo Horizonte\",\"datePublished\":\"2026-07-17T01:38:29+00:00\",\"mainEntityOfPage\":{\"@id\":\"https:\\\/\\\/www.encontrabelohorizonte.com.br\\\/guia\\\/projeto-voce-no-controle-chega-a-camara-municipal-de-belo-horizonte\\\/\"},\"wordCount\":739,\"commentCount\":0,\"image\":{\"@id\":\"https:\\\/\\\/www.encontrabelohorizonte.com.br\\\/guia\\\/projeto-voce-no-controle-chega-a-camara-municipal-de-belo-horizonte\\\/#primaryimage\"},\"thumbnailUrl\":\"https:\\\/\\\/www.encontrabelohorizonte.com.br\\\/guia\\\/wp-content\\\/uploads\\\/2026\\\/07\\\/projeto-voce-no-controle-chega-a-camara-municipal-de-belo-horizonte.webp\",\"articleSection\":[\"Not\u00edcias Belo Horizonte\"],\"inLanguage\":\"pt-BR\",\"potentialAction\":[{\"@type\":\"CommentAction\",\"name\":\"Comment\",\"target\":[\"https:\\\/\\\/www.encontrabelohorizonte.com.br\\\/guia\\\/projeto-voce-no-controle-chega-a-camara-municipal-de-belo-horizonte\\\/#respond\"]}]},{\"@type\":\"WebPage\",\"@id\":\"https:\\\/\\\/www.encontrabelohorizonte.com.br\\\/guia\\\/projeto-voce-no-controle-chega-a-camara-municipal-de-belo-horizonte\\\/\",\"url\":\"https:\\\/\\\/www.encontrabelohorizonte.com.br\\\/guia\\\/projeto-voce-no-controle-chega-a-camara-municipal-de-belo-horizonte\\\/\",\"name\":\"Projeto \\\"Voc\u00ea no Controle\\\" chega \u00e0 C\u00e2mara Municipal de Belo Horizonte | Guia Comercial de Belo Horizonte MG\",\"isPartOf\":{\"@id\":\"https:\\\/\\\/www.encontrabelohorizonte.com.br\\\/guia\\\/#website\"},\"primaryImageOfPage\":{\"@id\":\"https:\\\/\\\/www.encontrabelohorizonte.com.br\\\/guia\\\/projeto-voce-no-controle-chega-a-camara-municipal-de-belo-horizonte\\\/#primaryimage\"},\"image\":{\"@id\":\"https:\\\/\\\/www.encontrabelohorizonte.com.br\\\/guia\\\/projeto-voce-no-controle-chega-a-camara-municipal-de-belo-horizonte\\\/#primaryimage\"},\"thumbnailUrl\":\"https:\\\/\\\/www.encontrabelohorizonte.com.br\\\/guia\\\/wp-content\\\/uploads\\\/2026\\\/07\\\/projeto-voce-no-controle-chega-a-camara-municipal-de-belo-horizonte.webp\",\"datePublished\":\"2026-07-17T01:38:29+00:00\",\"author\":{\"@id\":\"https:\\\/\\\/www.encontrabelohorizonte.com.br\\\/guia\\\/#\\\/schema\\\/person\\\/6b792069f07fee9a700a7caa85fb85a9\"},\"inLanguage\":\"pt-BR\",\"potentialAction\":[{\"@type\":\"ReadAction\",\"target\":[\"https:\\\/\\\/www.encontrabelohorizonte.com.br\\\/guia\\\/projeto-voce-no-controle-chega-a-camara-municipal-de-belo-horizonte\\\/\"]}]},{\"@type\":\"ImageObject\",\"inLanguage\":\"pt-BR\",\"@id\":\"https:\\\/\\\/www.encontrabelohorizonte.com.br\\\/guia\\\/projeto-voce-no-controle-chega-a-camara-municipal-de-belo-horizonte\\\/#primaryimage\",\"url\":\"https:\\\/\\\/www.encontrabelohorizonte.com.br\\\/guia\\\/wp-content\\\/uploads\\\/2026\\\/07\\\/projeto-voce-no-controle-chega-a-camara-municipal-de-belo-horizonte.webp\",\"contentUrl\":\"https:\\\/\\\/www.encontrabelohorizonte.com.br\\\/guia\\\/wp-content\\\/uploads\\\/2026\\\/07\\\/projeto-voce-no-controle-chega-a-camara-municipal-de-belo-horizonte.webp\",\"width\":280,\"height\":280,\"caption\":\"Projeto 'Voc\u00ea no Controle'\"},{\"@type\":\"WebSite\",\"@id\":\"https:\\\/\\\/www.encontrabelohorizonte.com.br\\\/guia\\\/#website\",\"url\":\"https:\\\/\\\/www.encontrabelohorizonte.com.br\\\/guia\\\/\",\"name\":\"Guia Comercial de Belo Horizonte MG\",\"description\":\"ENCONTRA BELO HORIZONTE - O guia comercial de neg\u00f3cios e empresas, cultura e divers\u00e3o na cidade de Belo Horizonte. Feito 100% para voc\u00ea morador!\",\"potentialAction\":[{\"@type\":\"SearchAction\",\"target\":{\"@type\":\"EntryPoint\",\"urlTemplate\":\"https:\\\/\\\/www.encontrabelohorizonte.com.br\\\/guia\\\/?s={search_term_string}\"},\"query-input\":{\"@type\":\"PropertyValueSpecification\",\"valueRequired\":true,\"valueName\":\"search_term_string\"}}],\"inLanguage\":\"pt-BR\"},{\"@type\":\"Person\",\"@id\":\"https:\\\/\\\/www.encontrabelohorizonte.com.br\\\/guia\\\/#\\\/schema\\\/person\\\/6b792069f07fee9a700a7caa85fb85a9\",\"name\":\"Encontra Belo Horizonte\",\"image\":{\"@type\":\"ImageObject\",\"inLanguage\":\"pt-BR\",\"@id\":\"https:\\\/\\\/secure.gravatar.com\\\/avatar\\\/c50c17820bcf322f0a8fd6b110b8c0918141409dc69076470f6fca5fee70a5d4?s=96&d=mm&r=g\",\"url\":\"https:\\\/\\\/secure.gravatar.com\\\/avatar\\\/c50c17820bcf322f0a8fd6b110b8c0918141409dc69076470f6fca5fee70a5d4?s=96&d=mm&r=g\",\"contentUrl\":\"https:\\\/\\\/secure.gravatar.com\\\/avatar\\\/c50c17820bcf322f0a8fd6b110b8c0918141409dc69076470f6fca5fee70a5d4?s=96&d=mm&r=g\",\"caption\":\"Encontra Belo Horizonte\"},\"url\":\"https:\\\/\\\/www.encontrabelohorizonte.com.br\\\/guia\\\/author\\\/encontrabelohorizonte\\\/\"}]}<\/script>\n<!-- \/ Yoast SEO plugin. -->","yoast_head_json":{"title":"Projeto \"Voc\u00ea no Controle\" chega \u00e0 C\u00e2mara Municipal de Belo Horizonte | Guia Comercial de Belo Horizonte MG","robots":{"index":"index","follow":"follow","max-snippet":"max-snippet:-1","max-image-preview":"max-image-preview:large","max-video-preview":"max-video-preview:-1"},"canonical":"https:\/\/www.encontrabelohorizonte.com.br\/guia\/projeto-voce-no-controle-chega-a-camara-municipal-de-belo-horizonte\/","og_locale":"pt_BR","og_type":"article","og_title":"Projeto \"Voc\u00ea no Controle\" chega \u00e0 C\u00e2mara Municipal de Belo Horizonte | Guia Comercial de Belo Horizonte MG","og_description":"O projeto 'Voc\u00ea no Controle' transforma a gest\u00e3o p\u00fablica em Belo Horizonte.","og_url":"https:\/\/www.encontrabelohorizonte.com.br\/guia\/projeto-voce-no-controle-chega-a-camara-municipal-de-belo-horizonte\/","og_site_name":"Guia Comercial de Belo Horizonte MG","article_published_time":"2026-07-17T01:38:29+00:00","og_image":[{"width":280,"height":280,"url":"https:\/\/www.encontrabelohorizonte.com.br\/guia\/wp-content\/uploads\/2026\/07\/projeto-voce-no-controle-chega-a-camara-municipal-de-belo-horizonte.webp","type":"image\/webp"}],"author":"Encontra Belo Horizonte","twitter_card":"summary_large_image","twitter_misc":{"Escrito por":"Encontra Belo Horizonte","Est. tempo de leitura":"4 minutos"},"schema":{"@context":"https:\/\/schema.org","@graph":[{"@type":"Article","@id":"https:\/\/www.encontrabelohorizonte.com.br\/guia\/projeto-voce-no-controle-chega-a-camara-municipal-de-belo-horizonte\/#article","isPartOf":{"@id":"https:\/\/www.encontrabelohorizonte.com.br\/guia\/projeto-voce-no-controle-chega-a-camara-municipal-de-belo-horizonte\/"},"author":{"name":"Encontra Belo Horizonte","@id":"https:\/\/www.encontrabelohorizonte.com.br\/guia\/#\/schema\/person\/6b792069f07fee9a700a7caa85fb85a9"},"headline":"Projeto &#8220;Voc\u00ea no Controle&#8221; chega \u00e0 C\u00e2mara Municipal de Belo Horizonte","datePublished":"2026-07-17T01:38:29+00:00","mainEntityOfPage":{"@id":"https:\/\/www.encontrabelohorizonte.com.br\/guia\/projeto-voce-no-controle-chega-a-camara-municipal-de-belo-horizonte\/"},"wordCount":739,"commentCount":0,"image":{"@id":"https:\/\/www.encontrabelohorizonte.com.br\/guia\/projeto-voce-no-controle-chega-a-camara-municipal-de-belo-horizonte\/#primaryimage"},"thumbnailUrl":"https:\/\/www.encontrabelohorizonte.com.br\/guia\/wp-content\/uploads\/2026\/07\/projeto-voce-no-controle-chega-a-camara-municipal-de-belo-horizonte.webp","articleSection":["Not\u00edcias Belo Horizonte"],"inLanguage":"pt-BR","potentialAction":[{"@type":"CommentAction","name":"Comment","target":["https:\/\/www.encontrabelohorizonte.com.br\/guia\/projeto-voce-no-controle-chega-a-camara-municipal-de-belo-horizonte\/#respond"]}]},{"@type":"WebPage","@id":"https:\/\/www.encontrabelohorizonte.com.br\/guia\/projeto-voce-no-controle-chega-a-camara-municipal-de-belo-horizonte\/","url":"https:\/\/www.encontrabelohorizonte.com.br\/guia\/projeto-voce-no-controle-chega-a-camara-municipal-de-belo-horizonte\/","name":"Projeto \"Voc\u00ea no Controle\" chega \u00e0 C\u00e2mara Municipal de Belo Horizonte | Guia Comercial de Belo Horizonte MG","isPartOf":{"@id":"https:\/\/www.encontrabelohorizonte.com.br\/guia\/#website"},"primaryImageOfPage":{"@id":"https:\/\/www.encontrabelohorizonte.com.br\/guia\/projeto-voce-no-controle-chega-a-camara-municipal-de-belo-horizonte\/#primaryimage"},"image":{"@id":"https:\/\/www.encontrabelohorizonte.com.br\/guia\/projeto-voce-no-controle-chega-a-camara-municipal-de-belo-horizonte\/#primaryimage"},"thumbnailUrl":"https:\/\/www.encontrabelohorizonte.com.br\/guia\/wp-content\/uploads\/2026\/07\/projeto-voce-no-controle-chega-a-camara-municipal-de-belo-horizonte.webp","datePublished":"2026-07-17T01:38:29+00:00","author":{"@id":"https:\/\/www.encontrabelohorizonte.com.br\/guia\/#\/schema\/person\/6b792069f07fee9a700a7caa85fb85a9"},"inLanguage":"pt-BR","potentialAction":[{"@type":"ReadAction","target":["https:\/\/www.encontrabelohorizonte.com.br\/guia\/projeto-voce-no-controle-chega-a-camara-municipal-de-belo-horizonte\/"]}]},{"@type":"ImageObject","inLanguage":"pt-BR","@id":"https:\/\/www.encontrabelohorizonte.com.br\/guia\/projeto-voce-no-controle-chega-a-camara-municipal-de-belo-horizonte\/#primaryimage","url":"https:\/\/www.encontrabelohorizonte.com.br\/guia\/wp-content\/uploads\/2026\/07\/projeto-voce-no-controle-chega-a-camara-municipal-de-belo-horizonte.webp","contentUrl":"https:\/\/www.encontrabelohorizonte.com.br\/guia\/wp-content\/uploads\/2026\/07\/projeto-voce-no-controle-chega-a-camara-municipal-de-belo-horizonte.webp","width":280,"height":280,"caption":"Projeto 'Voc\u00ea no Controle'"},{"@type":"WebSite","@id":"https:\/\/www.encontrabelohorizonte.com.br\/guia\/#website","url":"https:\/\/www.encontrabelohorizonte.com.br\/guia\/","name":"Guia Comercial de Belo Horizonte MG","description":"ENCONTRA BELO HORIZONTE - O guia comercial de neg\u00f3cios e empresas, cultura e divers\u00e3o na cidade de Belo Horizonte. Feito 100% para voc\u00ea morador!","potentialAction":[{"@type":"SearchAction","target":{"@type":"EntryPoint","urlTemplate":"https:\/\/www.encontrabelohorizonte.com.br\/guia\/?s={search_term_string}"},"query-input":{"@type":"PropertyValueSpecification","valueRequired":true,"valueName":"search_term_string"}}],"inLanguage":"pt-BR"},{"@type":"Person","@id":"https:\/\/www.encontrabelohorizonte.com.br\/guia\/#\/schema\/person\/6b792069f07fee9a700a7caa85fb85a9","name":"Encontra Belo Horizonte","image":{"@type":"ImageObject","inLanguage":"pt-BR","@id":"https:\/\/secure.gravatar.com\/avatar\/c50c17820bcf322f0a8fd6b110b8c0918141409dc69076470f6fca5fee70a5d4?s=96&d=mm&r=g","url":"https:\/\/secure.gravatar.com\/avatar\/c50c17820bcf322f0a8fd6b110b8c0918141409dc69076470f6fca5fee70a5d4?s=96&d=mm&r=g","contentUrl":"https:\/\/secure.gravatar.com\/avatar\/c50c17820bcf322f0a8fd6b110b8c0918141409dc69076470f6fca5fee70a5d4?s=96&d=mm&r=g","caption":"Encontra Belo Horizonte"},"url":"https:\/\/www.encontrabelohorizonte.com.br\/guia\/author\/encontrabelohorizonte\/"}]}},"_links":{"self":[{"href":"https:\/\/www.encontrabelohorizonte.com.br\/guia\/wp-json\/wp\/v2\/posts\/14976","targetHints":{"allow":["GET"]}}],"collection":[{"href":"https:\/\/www.encontrabelohorizonte.com.br\/guia\/wp-json\/wp\/v2\/posts"}],"about":[{"href":"https:\/\/www.encontrabelohorizonte.com.br\/guia\/wp-json\/wp\/v2\/types\/post"}],"author":[{"embeddable":true,"href":"https:\/\/www.encontrabelohorizonte.com.br\/guia\/wp-json\/wp\/v2\/users\/1"}],"replies":[{"embeddable":true,"href":"https:\/\/www.encontrabelohorizonte.com.br\/guia\/wp-json\/wp\/v2\/comments?post=14976"}],"version-history":[{"count":0,"href":"https:\/\/www.encontrabelohorizonte.com.br\/guia\/wp-json\/wp\/v2\/posts\/14976\/revisions"}],"wp:featuredmedia":[{"embeddable":true,"href":"https:\/\/www.encontrabelohorizonte.com.br\/guia\/wp-json\/wp\/v2\/media\/14975"}],"wp:attachment":[{"href":"https:\/\/www.encontrabelohorizonte.com.br\/guia\/wp-json\/wp\/v2\/media?parent=14976"}],"wp:term":[{"taxonomy":"category","embeddable":true,"href":"https:\/\/www.encontrabelohorizonte.com.br\/guia\/wp-json\/wp\/v2\/categories?post=14976"},{"taxonomy":"post_tag","embeddable":true,"href":"https:\/\/www.encontrabelohorizonte.com.br\/guia\/wp-json\/wp\/v2\/tags?post=14976"}],"curies":[{"name":"wp","href":"https:\/\/api.w.org\/{rel}","templated":true}]}}