{"id":14982,"date":"2026-07-17T12:39:11","date_gmt":"2026-07-17T15:39:11","guid":{"rendered":"https:\/\/www.encontrabelohorizonte.com.br\/guia\/camara-de-bh-aprova-em-1o-turno-projeto-de-combate-a-cristofobia\/"},"modified":"2026-07-17T12:39:11","modified_gmt":"2026-07-17T15:39:11","slug":"camara-de-bh-aprova-em-1o-turno-projeto-de-combate-a-cristofobia","status":"publish","type":"post","link":"https:\/\/www.encontrabelohorizonte.com.br\/guia\/camara-de-bh-aprova-em-1o-turno-projeto-de-combate-a-cristofobia\/","title":{"rendered":"C\u00e2mara de BH aprova em 1\u00ba turno projeto de combate \u00e0 cristofobia"},"content":{"rendered":"<h2>Entenda o Projeto de Combate \u00e0 Cristofobia<\/h2>\n<p>A C\u00e2mara Municipal de Belo Horizonte decidiu dar um passo significativo com a aprova\u00e7\u00e3o de um projeto que combate a cristofobia, que se refere \u00e0 intoler\u00e2ncia e preconceito direcionados \u00e0 f\u00e9 crist\u00e3 e seus s\u00edmbolos. O projeto, apresentado pelo vereador Irlan Melo, visa proteger a express\u00e3o crist\u00e3 nas diversas esferas da sociedade, incluindo espa\u00e7os p\u00fablicos e privados.<\/p>\n<h2>A Proposta e Seus Impactos na Sociedade<\/h2>\n<p>O projeto estabelece restri\u00e7\u00f5es a qualquer forma de ataque verbal, f\u00edsico ou escrito que busque desmerecer a f\u00e9 crist\u00e3. A proposta sugere que a cristofobia \u00e9 um problema crescente na sociedade contempor\u00e2nea, onde ataques a cren\u00e7as religiosas, especialmente \u00e0 crist\u00e3, se tornaram mais comuns. O projeto n\u00e3o apenas busca punir a\u00e7\u00f5es discriminat\u00f3rias, mas tamb\u00e9m procura estabelecer um ambiente de respeito e conviv\u00eancia pac\u00edfica entre diferentes credos.<\/p>\n<h2>Por que Combater a Cristofobia \u00e9 Necess\u00e1rio?<\/h2>\n<p>A necessidade de combater a cristofobia \u00e9 evidente ao se considerar os dados relacionados \u00e0 intoler\u00e2ncia religiosa no Brasil. O crescente n\u00famero de relatos de discrimina\u00e7\u00e3o religiosa indica uma falha na prote\u00e7\u00e3o dos direitos individuais. Promover um ambiente de respeito \u00e0s diferentes cren\u00e7as \u00e9 fundamental para a conviv\u00eancia harm\u00f4nica em uma sociedade diversificada.<\/p>\n<p><img decoding=\"async\" src=\"https:\/\/www.encontrabelohorizonte.com.br\/guia\/wp-content\/uploads\/2026\/07\/camara-de-bh-aprova-em-1-turno-projeto-de-combate-a-cristofobia.webp\" alt=\"cristofobia\" loading=\"lazy\" \/><\/p>\n<h2>Os Detalhes da Multa para Infra\u00e7\u00e3o<\/h2>\n<p>Conforme a proposta, quem infringir as normas estabelecidas sofrer\u00e1 san\u00e7\u00f5es financeiras. Uma multa de R$ 4.500 ser\u00e1 aplicada a quem promover ataques \u00e0 f\u00e9 crist\u00e3, tendo este valor possibilidade de duplica\u00e7\u00e3o em casos de reincid\u00eancia. Al\u00e9m das multas, o objetivo \u00e9 educar e conscientizar sobre a import\u00e2ncia do respeito \u00e0 diversidade religiosa.<\/p>\n<h2>Vota\u00e7\u00e3o e Rea\u00e7\u00f5es dos Vereadores<\/h2>\n<p>Na vota\u00e7\u00e3o, o projeto obteve amplo apoio, com 31 votos a favor e apenas quatro contra, demonstrando um consenso significativo entre os vereadores sobre a import\u00e2ncia do combate \u00e0 intoler\u00e2ncia religiosa. As rea\u00e7\u00f5es variaram entre entusiasmo e cautela, com alguns vereadores expressando preocupa\u00e7\u00f5es sobre a defini\u00e7\u00e3o de cristofobia e suas implica\u00e7\u00f5es para a liberdade de express\u00e3o.<\/p>\n<h2>Dados de Intoler\u00e2ncia Religiosa em Minas<\/h2>\n<p>Em 2025, foram registradas 2.723 den\u00fancias de intoler\u00e2ncia religiosa no Brasil, com Minas Gerais contabilizando 321 desses casos. A maioria das den\u00fancias estava relacionada a religi\u00f5es de matriz africana. Essas estat\u00edsticas evidenciam a necessidade urgente de uma legisla\u00e7\u00e3o que proteja todas as religi\u00f5es e cria\u00e7\u00f5es de programas que fomentem a educa\u00e7\u00e3o sobre respeito e inclus\u00e3o.<\/p>\n<h2>O Papel da Prefeitura no Combate \u00e0 Cristofobia<\/h2>\n<p>A proposta tamb\u00e9m sugere que a Prefeitura de Belo Horizonte ter\u00e1 a responsabilidade de criar um banco de dados para registrar os casos de cristofobia, al\u00e9m de desenvolver a\u00e7\u00f5es que promovam o respeito \u00e0s v\u00e1rias comunidades de f\u00e9, com \u00eanfase nas que s\u00e3o consideradas vulner\u00e1veis. Este papel educacional e de monitoramento \u00e9 essencial para a implementa\u00e7\u00e3o efetiva da legisla\u00e7\u00e3o.<\/p>\n<h2>Dia Municipal de Combate \u00e0 Cristofobia<\/h2>\n<p>Um passo anterior nesse caminho foi a promulga\u00e7\u00e3o do Dia Municipal de Combate \u00e0 Cristofobia, estabelecido para ser celebrado anualmente durante o domingo de P\u00e1scoa. Este dia tem como objetivo elevar a conscientiza\u00e7\u00e3o sobre a quest\u00e3o, promovendo um espa\u00e7o para di\u00e1logo e reflex\u00e3o sobre a pluralidade religiosa.<\/p>\n<h2>Como Denunciar Casos de Cristofobia<\/h2>\n<p>Diante da nova legisla\u00e7\u00e3o, ser\u00e1 fundamental que as v\u00edtimas de discrimina\u00e7\u00e3o possam denunciar casos de cristofobia de maneira efetiva. A C\u00e2mara Municipal prop\u00f5e a cria\u00e7\u00e3o de canais de den\u00fancia que ser\u00e3o facilmente acess\u00edveis \u00e0 popula\u00e7\u00e3o, garantindo que qualquer ato de intoler\u00e2ncia seja registrado e tratado conforme as estipula\u00e7\u00f5es da lei.<\/p>\n<h2>A Import\u00e2ncia da Educa\u00e7\u00e3o sobre Diversidade Religiosa<\/h2>\n<p>Por fim, um dos pilares do projeto \u00e9 a promo\u00e7\u00e3o de educa\u00e7\u00e3o continuada para profissionais de diversas \u00e1reas, incluindo educa\u00e7\u00e3o e sa\u00fade, visando a conscientiza\u00e7\u00e3o sobre o respeito \u00e0s diferentes manifesta\u00e7\u00f5es religiosas. A educa\u00e7\u00e3o \u00e9 uma ferramenta poderosa para a mudan\u00e7a cultural, e mediante a forma\u00e7\u00e3o adequada, espera-se que actitudes intolerantes sejam gradualmente erradicadas.<\/p>\n","protected":false},"excerpt":{"rendered":"<p>Cristofobia \u00e9 assunto debatido na C\u00e2mara de BH com nova proposta.<\/p>\n","protected":false},"author":1,"featured_media":14981,"comment_status":"open","ping_status":"open","sticky":false,"template":"","format":"standard","meta":{"footnotes":""},"categories":[5],"tags":[],"class_list":["post-14982","post","type-post","status-publish","format-standard","has-post-thumbnail","hentry","category-noticias","has_thumb"],"yoast_head":"<!-- This site is optimized with the Yoast SEO plugin v28.2 - https:\/\/yoast.com\/product\/yoast-seo-wordpress\/ -->\n<title>C\u00e2mara de BH aprova em 1\u00ba turno projeto de combate \u00e0 cristofobia | Guia Comercial de Belo Horizonte MG<\/title>\n<meta name=\"robots\" content=\"index, follow, max-snippet:-1, max-image-preview:large, max-video-preview:-1\" \/>\n<link rel=\"canonical\" href=\"https:\/\/www.encontrabelohorizonte.com.br\/guia\/camara-de-bh-aprova-em-1o-turno-projeto-de-combate-a-cristofobia\/\" \/>\n<meta property=\"og:locale\" content=\"pt_BR\" \/>\n<meta property=\"og:type\" content=\"article\" \/>\n<meta property=\"og:title\" content=\"C\u00e2mara de BH aprova em 1\u00ba turno projeto de combate \u00e0 cristofobia | Guia Comercial de Belo Horizonte MG\" \/>\n<meta property=\"og:description\" content=\"Cristofobia \u00e9 assunto debatido na C\u00e2mara de BH com nova proposta.\" \/>\n<meta property=\"og:url\" content=\"https:\/\/www.encontrabelohorizonte.com.br\/guia\/camara-de-bh-aprova-em-1o-turno-projeto-de-combate-a-cristofobia\/\" \/>\n<meta property=\"og:site_name\" content=\"Guia Comercial de Belo Horizonte MG\" \/>\n<meta property=\"article:published_time\" content=\"2026-07-17T15:39:11+00:00\" \/>\n<meta property=\"og:image\" content=\"https:\/\/www.encontrabelohorizonte.com.br\/guia\/wp-content\/uploads\/2026\/07\/camara-de-bh-aprova-em-1-turno-projeto-de-combate-a-cristofobia.webp\" \/>\n\t<meta property=\"og:image:width\" content=\"280\" \/>\n\t<meta property=\"og:image:height\" content=\"280\" \/>\n\t<meta property=\"og:image:type\" content=\"image\/webp\" \/>\n<meta name=\"author\" content=\"Encontra Belo Horizonte\" \/>\n<meta name=\"twitter:card\" content=\"summary_large_image\" \/>\n<meta name=\"twitter:label1\" content=\"Escrito por\" \/>\n\t<meta name=\"twitter:data1\" content=\"Encontra Belo Horizonte\" \/>\n\t<meta name=\"twitter:label2\" content=\"Est. tempo de leitura\" \/>\n\t<meta name=\"twitter:data2\" content=\"3 minutos\" \/>\n<script type=\"application\/ld+json\" class=\"yoast-schema-graph\">{\"@context\":\"https:\\\/\\\/schema.org\",\"@graph\":[{\"@type\":\"Article\",\"@id\":\"https:\\\/\\\/www.encontrabelohorizonte.com.br\\\/guia\\\/camara-de-bh-aprova-em-1o-turno-projeto-de-combate-a-cristofobia\\\/#article\",\"isPartOf\":{\"@id\":\"https:\\\/\\\/www.encontrabelohorizonte.com.br\\\/guia\\\/camara-de-bh-aprova-em-1o-turno-projeto-de-combate-a-cristofobia\\\/\"},\"author\":{\"name\":\"Encontra Belo Horizonte\",\"@id\":\"https:\\\/\\\/www.encontrabelohorizonte.com.br\\\/guia\\\/#\\\/schema\\\/person\\\/6b792069f07fee9a700a7caa85fb85a9\"},\"headline\":\"C\u00e2mara de BH aprova em 1\u00ba turno projeto de combate \u00e0 cristofobia\",\"datePublished\":\"2026-07-17T15:39:11+00:00\",\"mainEntityOfPage\":{\"@id\":\"https:\\\/\\\/www.encontrabelohorizonte.com.br\\\/guia\\\/camara-de-bh-aprova-em-1o-turno-projeto-de-combate-a-cristofobia\\\/\"},\"wordCount\":689,\"commentCount\":0,\"image\":{\"@id\":\"https:\\\/\\\/www.encontrabelohorizonte.com.br\\\/guia\\\/camara-de-bh-aprova-em-1o-turno-projeto-de-combate-a-cristofobia\\\/#primaryimage\"},\"thumbnailUrl\":\"https:\\\/\\\/www.encontrabelohorizonte.com.br\\\/guia\\\/wp-content\\\/uploads\\\/2026\\\/07\\\/camara-de-bh-aprova-em-1-turno-projeto-de-combate-a-cristofobia.webp\",\"articleSection\":[\"Not\u00edcias Belo Horizonte\"],\"inLanguage\":\"pt-BR\",\"potentialAction\":[{\"@type\":\"CommentAction\",\"name\":\"Comment\",\"target\":[\"https:\\\/\\\/www.encontrabelohorizonte.com.br\\\/guia\\\/camara-de-bh-aprova-em-1o-turno-projeto-de-combate-a-cristofobia\\\/#respond\"]}]},{\"@type\":\"WebPage\",\"@id\":\"https:\\\/\\\/www.encontrabelohorizonte.com.br\\\/guia\\\/camara-de-bh-aprova-em-1o-turno-projeto-de-combate-a-cristofobia\\\/\",\"url\":\"https:\\\/\\\/www.encontrabelohorizonte.com.br\\\/guia\\\/camara-de-bh-aprova-em-1o-turno-projeto-de-combate-a-cristofobia\\\/\",\"name\":\"C\u00e2mara de BH aprova em 1\u00ba turno projeto de combate \u00e0 cristofobia | Guia Comercial de Belo Horizonte MG\",\"isPartOf\":{\"@id\":\"https:\\\/\\\/www.encontrabelohorizonte.com.br\\\/guia\\\/#website\"},\"primaryImageOfPage\":{\"@id\":\"https:\\\/\\\/www.encontrabelohorizonte.com.br\\\/guia\\\/camara-de-bh-aprova-em-1o-turno-projeto-de-combate-a-cristofobia\\\/#primaryimage\"},\"image\":{\"@id\":\"https:\\\/\\\/www.encontrabelohorizonte.com.br\\\/guia\\\/camara-de-bh-aprova-em-1o-turno-projeto-de-combate-a-cristofobia\\\/#primaryimage\"},\"thumbnailUrl\":\"https:\\\/\\\/www.encontrabelohorizonte.com.br\\\/guia\\\/wp-content\\\/uploads\\\/2026\\\/07\\\/camara-de-bh-aprova-em-1-turno-projeto-de-combate-a-cristofobia.webp\",\"datePublished\":\"2026-07-17T15:39:11+00:00\",\"author\":{\"@id\":\"https:\\\/\\\/www.encontrabelohorizonte.com.br\\\/guia\\\/#\\\/schema\\\/person\\\/6b792069f07fee9a700a7caa85fb85a9\"},\"inLanguage\":\"pt-BR\",\"potentialAction\":[{\"@type\":\"ReadAction\",\"target\":[\"https:\\\/\\\/www.encontrabelohorizonte.com.br\\\/guia\\\/camara-de-bh-aprova-em-1o-turno-projeto-de-combate-a-cristofobia\\\/\"]}]},{\"@type\":\"ImageObject\",\"inLanguage\":\"pt-BR\",\"@id\":\"https:\\\/\\\/www.encontrabelohorizonte.com.br\\\/guia\\\/camara-de-bh-aprova-em-1o-turno-projeto-de-combate-a-cristofobia\\\/#primaryimage\",\"url\":\"https:\\\/\\\/www.encontrabelohorizonte.com.br\\\/guia\\\/wp-content\\\/uploads\\\/2026\\\/07\\\/camara-de-bh-aprova-em-1-turno-projeto-de-combate-a-cristofobia.webp\",\"contentUrl\":\"https:\\\/\\\/www.encontrabelohorizonte.com.br\\\/guia\\\/wp-content\\\/uploads\\\/2026\\\/07\\\/camara-de-bh-aprova-em-1-turno-projeto-de-combate-a-cristofobia.webp\",\"width\":280,\"height\":280,\"caption\":\"cristofobia\"},{\"@type\":\"WebSite\",\"@id\":\"https:\\\/\\\/www.encontrabelohorizonte.com.br\\\/guia\\\/#website\",\"url\":\"https:\\\/\\\/www.encontrabelohorizonte.com.br\\\/guia\\\/\",\"name\":\"Guia Comercial de Belo Horizonte MG\",\"description\":\"ENCONTRA BELO HORIZONTE - O guia comercial de neg\u00f3cios e empresas, cultura e divers\u00e3o na cidade de Belo Horizonte. Feito 100% para voc\u00ea morador!\",\"potentialAction\":[{\"@type\":\"SearchAction\",\"target\":{\"@type\":\"EntryPoint\",\"urlTemplate\":\"https:\\\/\\\/www.encontrabelohorizonte.com.br\\\/guia\\\/?s={search_term_string}\"},\"query-input\":{\"@type\":\"PropertyValueSpecification\",\"valueRequired\":true,\"valueName\":\"search_term_string\"}}],\"inLanguage\":\"pt-BR\"},{\"@type\":\"Person\",\"@id\":\"https:\\\/\\\/www.encontrabelohorizonte.com.br\\\/guia\\\/#\\\/schema\\\/person\\\/6b792069f07fee9a700a7caa85fb85a9\",\"name\":\"Encontra Belo Horizonte\",\"image\":{\"@type\":\"ImageObject\",\"inLanguage\":\"pt-BR\",\"@id\":\"https:\\\/\\\/secure.gravatar.com\\\/avatar\\\/c50c17820bcf322f0a8fd6b110b8c0918141409dc69076470f6fca5fee70a5d4?s=96&d=mm&r=g\",\"url\":\"https:\\\/\\\/secure.gravatar.com\\\/avatar\\\/c50c17820bcf322f0a8fd6b110b8c0918141409dc69076470f6fca5fee70a5d4?s=96&d=mm&r=g\",\"contentUrl\":\"https:\\\/\\\/secure.gravatar.com\\\/avatar\\\/c50c17820bcf322f0a8fd6b110b8c0918141409dc69076470f6fca5fee70a5d4?s=96&d=mm&r=g\",\"caption\":\"Encontra Belo Horizonte\"},\"url\":\"https:\\\/\\\/www.encontrabelohorizonte.com.br\\\/guia\\\/author\\\/encontrabelohorizonte\\\/\"}]}<\/script>\n<!-- \/ Yoast SEO plugin. -->","yoast_head_json":{"title":"C\u00e2mara de BH aprova em 1\u00ba turno projeto de combate \u00e0 cristofobia | Guia Comercial de Belo Horizonte MG","robots":{"index":"index","follow":"follow","max-snippet":"max-snippet:-1","max-image-preview":"max-image-preview:large","max-video-preview":"max-video-preview:-1"},"canonical":"https:\/\/www.encontrabelohorizonte.com.br\/guia\/camara-de-bh-aprova-em-1o-turno-projeto-de-combate-a-cristofobia\/","og_locale":"pt_BR","og_type":"article","og_title":"C\u00e2mara de BH aprova em 1\u00ba turno projeto de combate \u00e0 cristofobia | Guia Comercial de Belo Horizonte MG","og_description":"Cristofobia \u00e9 assunto debatido na C\u00e2mara de BH com nova proposta.","og_url":"https:\/\/www.encontrabelohorizonte.com.br\/guia\/camara-de-bh-aprova-em-1o-turno-projeto-de-combate-a-cristofobia\/","og_site_name":"Guia Comercial de Belo Horizonte MG","article_published_time":"2026-07-17T15:39:11+00:00","og_image":[{"width":280,"height":280,"url":"https:\/\/www.encontrabelohorizonte.com.br\/guia\/wp-content\/uploads\/2026\/07\/camara-de-bh-aprova-em-1-turno-projeto-de-combate-a-cristofobia.webp","type":"image\/webp"}],"author":"Encontra Belo Horizonte","twitter_card":"summary_large_image","twitter_misc":{"Escrito por":"Encontra Belo Horizonte","Est. tempo de leitura":"3 minutos"},"schema":{"@context":"https:\/\/schema.org","@graph":[{"@type":"Article","@id":"https:\/\/www.encontrabelohorizonte.com.br\/guia\/camara-de-bh-aprova-em-1o-turno-projeto-de-combate-a-cristofobia\/#article","isPartOf":{"@id":"https:\/\/www.encontrabelohorizonte.com.br\/guia\/camara-de-bh-aprova-em-1o-turno-projeto-de-combate-a-cristofobia\/"},"author":{"name":"Encontra Belo Horizonte","@id":"https:\/\/www.encontrabelohorizonte.com.br\/guia\/#\/schema\/person\/6b792069f07fee9a700a7caa85fb85a9"},"headline":"C\u00e2mara de BH aprova em 1\u00ba turno projeto de combate \u00e0 cristofobia","datePublished":"2026-07-17T15:39:11+00:00","mainEntityOfPage":{"@id":"https:\/\/www.encontrabelohorizonte.com.br\/guia\/camara-de-bh-aprova-em-1o-turno-projeto-de-combate-a-cristofobia\/"},"wordCount":689,"commentCount":0,"image":{"@id":"https:\/\/www.encontrabelohorizonte.com.br\/guia\/camara-de-bh-aprova-em-1o-turno-projeto-de-combate-a-cristofobia\/#primaryimage"},"thumbnailUrl":"https:\/\/www.encontrabelohorizonte.com.br\/guia\/wp-content\/uploads\/2026\/07\/camara-de-bh-aprova-em-1-turno-projeto-de-combate-a-cristofobia.webp","articleSection":["Not\u00edcias Belo Horizonte"],"inLanguage":"pt-BR","potentialAction":[{"@type":"CommentAction","name":"Comment","target":["https:\/\/www.encontrabelohorizonte.com.br\/guia\/camara-de-bh-aprova-em-1o-turno-projeto-de-combate-a-cristofobia\/#respond"]}]},{"@type":"WebPage","@id":"https:\/\/www.encontrabelohorizonte.com.br\/guia\/camara-de-bh-aprova-em-1o-turno-projeto-de-combate-a-cristofobia\/","url":"https:\/\/www.encontrabelohorizonte.com.br\/guia\/camara-de-bh-aprova-em-1o-turno-projeto-de-combate-a-cristofobia\/","name":"C\u00e2mara de BH aprova em 1\u00ba turno projeto de combate \u00e0 cristofobia | Guia Comercial de Belo Horizonte MG","isPartOf":{"@id":"https:\/\/www.encontrabelohorizonte.com.br\/guia\/#website"},"primaryImageOfPage":{"@id":"https:\/\/www.encontrabelohorizonte.com.br\/guia\/camara-de-bh-aprova-em-1o-turno-projeto-de-combate-a-cristofobia\/#primaryimage"},"image":{"@id":"https:\/\/www.encontrabelohorizonte.com.br\/guia\/camara-de-bh-aprova-em-1o-turno-projeto-de-combate-a-cristofobia\/#primaryimage"},"thumbnailUrl":"https:\/\/www.encontrabelohorizonte.com.br\/guia\/wp-content\/uploads\/2026\/07\/camara-de-bh-aprova-em-1-turno-projeto-de-combate-a-cristofobia.webp","datePublished":"2026-07-17T15:39:11+00:00","author":{"@id":"https:\/\/www.encontrabelohorizonte.com.br\/guia\/#\/schema\/person\/6b792069f07fee9a700a7caa85fb85a9"},"inLanguage":"pt-BR","potentialAction":[{"@type":"ReadAction","target":["https:\/\/www.encontrabelohorizonte.com.br\/guia\/camara-de-bh-aprova-em-1o-turno-projeto-de-combate-a-cristofobia\/"]}]},{"@type":"ImageObject","inLanguage":"pt-BR","@id":"https:\/\/www.encontrabelohorizonte.com.br\/guia\/camara-de-bh-aprova-em-1o-turno-projeto-de-combate-a-cristofobia\/#primaryimage","url":"https:\/\/www.encontrabelohorizonte.com.br\/guia\/wp-content\/uploads\/2026\/07\/camara-de-bh-aprova-em-1-turno-projeto-de-combate-a-cristofobia.webp","contentUrl":"https:\/\/www.encontrabelohorizonte.com.br\/guia\/wp-content\/uploads\/2026\/07\/camara-de-bh-aprova-em-1-turno-projeto-de-combate-a-cristofobia.webp","width":280,"height":280,"caption":"cristofobia"},{"@type":"WebSite","@id":"https:\/\/www.encontrabelohorizonte.com.br\/guia\/#website","url":"https:\/\/www.encontrabelohorizonte.com.br\/guia\/","name":"Guia Comercial de Belo Horizonte MG","description":"ENCONTRA BELO HORIZONTE - O guia comercial de neg\u00f3cios e empresas, cultura e divers\u00e3o na cidade de Belo Horizonte. Feito 100% para voc\u00ea morador!","potentialAction":[{"@type":"SearchAction","target":{"@type":"EntryPoint","urlTemplate":"https:\/\/www.encontrabelohorizonte.com.br\/guia\/?s={search_term_string}"},"query-input":{"@type":"PropertyValueSpecification","valueRequired":true,"valueName":"search_term_string"}}],"inLanguage":"pt-BR"},{"@type":"Person","@id":"https:\/\/www.encontrabelohorizonte.com.br\/guia\/#\/schema\/person\/6b792069f07fee9a700a7caa85fb85a9","name":"Encontra Belo Horizonte","image":{"@type":"ImageObject","inLanguage":"pt-BR","@id":"https:\/\/secure.gravatar.com\/avatar\/c50c17820bcf322f0a8fd6b110b8c0918141409dc69076470f6fca5fee70a5d4?s=96&d=mm&r=g","url":"https:\/\/secure.gravatar.com\/avatar\/c50c17820bcf322f0a8fd6b110b8c0918141409dc69076470f6fca5fee70a5d4?s=96&d=mm&r=g","contentUrl":"https:\/\/secure.gravatar.com\/avatar\/c50c17820bcf322f0a8fd6b110b8c0918141409dc69076470f6fca5fee70a5d4?s=96&d=mm&r=g","caption":"Encontra Belo Horizonte"},"url":"https:\/\/www.encontrabelohorizonte.com.br\/guia\/author\/encontrabelohorizonte\/"}]}},"_links":{"self":[{"href":"https:\/\/www.encontrabelohorizonte.com.br\/guia\/wp-json\/wp\/v2\/posts\/14982","targetHints":{"allow":["GET"]}}],"collection":[{"href":"https:\/\/www.encontrabelohorizonte.com.br\/guia\/wp-json\/wp\/v2\/posts"}],"about":[{"href":"https:\/\/www.encontrabelohorizonte.com.br\/guia\/wp-json\/wp\/v2\/types\/post"}],"author":[{"embeddable":true,"href":"https:\/\/www.encontrabelohorizonte.com.br\/guia\/wp-json\/wp\/v2\/users\/1"}],"replies":[{"embeddable":true,"href":"https:\/\/www.encontrabelohorizonte.com.br\/guia\/wp-json\/wp\/v2\/comments?post=14982"}],"version-history":[{"count":0,"href":"https:\/\/www.encontrabelohorizonte.com.br\/guia\/wp-json\/wp\/v2\/posts\/14982\/revisions"}],"wp:featuredmedia":[{"embeddable":true,"href":"https:\/\/www.encontrabelohorizonte.com.br\/guia\/wp-json\/wp\/v2\/media\/14981"}],"wp:attachment":[{"href":"https:\/\/www.encontrabelohorizonte.com.br\/guia\/wp-json\/wp\/v2\/media?parent=14982"}],"wp:term":[{"taxonomy":"category","embeddable":true,"href":"https:\/\/www.encontrabelohorizonte.com.br\/guia\/wp-json\/wp\/v2\/categories?post=14982"},{"taxonomy":"post_tag","embeddable":true,"href":"https:\/\/www.encontrabelohorizonte.com.br\/guia\/wp-json\/wp\/v2\/tags?post=14982"}],"curies":[{"name":"wp","href":"https:\/\/api.w.org\/{rel}","templated":true}]}}