{"id":14984,"date":"2026-07-17T12:41:12","date_gmt":"2026-07-17T15:41:12","guid":{"rendered":"https:\/\/www.encontrabelohorizonte.com.br\/guia\/video-veja-momento-em-que-onibus-do-transporte-publico-de-bh-perde-roda\/"},"modified":"2026-07-17T12:41:12","modified_gmt":"2026-07-17T15:41:12","slug":"video-veja-momento-em-que-onibus-do-transporte-publico-de-bh-perde-roda","status":"publish","type":"post","link":"https:\/\/www.encontrabelohorizonte.com.br\/guia\/video-veja-momento-em-que-onibus-do-transporte-publico-de-bh-perde-roda\/","title":{"rendered":"V\u00cdDEO: Veja momento em que \u00f4nibus do transporte p\u00fablico de BH perde roda"},"content":{"rendered":"<h2>O acidente do \u00f4nibus em BH<\/h2>\n<p>No bairro Goi\u00e2nia, em Belo Horizonte, um incidente inusitado ocorreu na noite de sexta-feira, dia 10. Um \u00f4nibus do sistema de transporte p\u00fablico local perdeu uma de suas rodas enquanto circulava pela Rua Doutor Arcanjo Gazoli. O fato gerou grande repercuss\u00e3o entre os usu\u00e1rios e chamou a aten\u00e7\u00e3o dos \u00f3rg\u00e3os respons\u00e1veis pela seguran\u00e7a do transporte p\u00fablico.<\/p>\n<p>O \u00f4nibus, pertencente ao cons\u00f3rcio BH Leste, teve a roda dianteira direita solta, o que provocou um forte estrondo ao impactar a cal\u00e7ada. Apesar da gravidade da situa\u00e7\u00e3o, felizmente n\u00e3o havia pedestres no local e o ve\u00edculo transportava apenas um n\u00famero reduzido de passageiros. De acordo com informa\u00e7\u00f5es do SetraBH, a situa\u00e7\u00e3o ocorreu \u00e0s 19h53.<\/p>\n<h2>Filmagem do momento do incidente<\/h2>\n<p>Um v\u00eddeo do momento em que a roda se desprendeu foi amplamente compartilhado nas redes sociais, mostrando o \u00f4nibus passando pela rua antes da roda ser lan\u00e7ada em alta velocidade na dire\u00e7\u00e3o da cal\u00e7ada. O registro visual foi um fator importante para a compreens\u00e3o do problema e contribuiu para que as autoridades pudessem investigar rapidamente a situa\u00e7\u00e3o.<\/p>\n<p><img decoding=\"async\" src=\"https:\/\/www.encontrabelohorizonte.com.br\/guia\/wp-content\/uploads\/2026\/07\/video-veja-momento-em-que-onibus-do-transporte-publico-de-bh-perde-roda.webp\" alt=\"\u00f4nibus em BH\" loading=\"lazy\" \/><\/p>\n<h2>A rea\u00e7\u00e3o dos passageiros no \u00f4nibus<\/h2>\n<p>Ainda que muitos passageiros tenham conseguido manter a calma durante o incidente, a inesperada perda da roda causou preocupa\u00e7\u00e3o. Os passageiros relataram momentos de apreens\u00e3o, j\u00e1 que o estrondo foi alto e poderia ter causado graves acidentes se fosse um hor\u00e1rio com um maior fluxo de pedestres. Por conta disso, a ansiedade foi um sentimento compartilhado entre os que estavam a bordo. Entretanto, todos os envolvidos sa\u00edram ilesos, o que aliviou um pouco a tens\u00e3o do momento.<\/p>\n<h2>Causas e implica\u00e7\u00f5es do acidente<\/h2>\n<p>As causas do ocorrido ainda est\u00e3o sendo analisadas pelas autoridades competentes. Inicialmente, a empresa respons\u00e1vel pelo \u00f4nibus est\u00e1 colaborando com as investiga\u00e7\u00f5es, que buscam determinar se falhas de manuten\u00e7\u00e3o ou problemas mec\u00e2nicos foram os respons\u00e1veis pela perda da roda. O SetraBH, \u00f3rg\u00e3o que regula e supervisiona os transportes em Belo Horizonte, enfatizou a necessidade de uma investiga\u00e7\u00e3o minuciosa para evitar que incidentes semelhantes voltem a ocorrer.<\/p>\n<h2>Resposta da SetraBH sobre o caso<\/h2>\n<p>A SetraBH se manifestou oficialmente sobre o acidente, informando que j\u00e1 acionou a empresa operadora para realizar uma investiga\u00e7\u00e3o detalhada. Al\u00e9m disso, o \u00f3rg\u00e3o determinou que o ve\u00edculo passasse por uma vistoria completa, para que toda a situa\u00e7\u00e3o de seguran\u00e7a dos transportes p\u00fablicos na cidade seja avaliada. A expectativa \u00e9 que medidas corretivas sejam estabelecidas para garantir a seguran\u00e7a dos passageiros.<\/p>\n<h2>O que fazer em situa\u00e7\u00f5es de emerg\u00eancia<\/h2>\n<p>Em situa\u00e7\u00f5es de emerg\u00eancias como essa, \u00e9 essencial que os passageiros estejam preparados para agir de maneira calma e organizada. Algumas diretrizes \u00fateis incluem:<\/p>\n<ul>\n<li><strong>Manter a calma:<\/strong> Isso ajuda a evitar p\u00e2nico e contribui para uma evacua\u00e7\u00e3o segura, caso necess\u00e1rio.<\/li>\n<li><strong>Seguir as instru\u00e7\u00f5es do motorista:<\/strong> O motorista \u00e9 treinado para lidar com emerg\u00eancias e deve ser ouvido.<\/li>\n<li><strong>Evacua\u00e7\u00e3o ordenada:<\/strong> Caso seja necess\u00e1rio deixar o ve\u00edculo, faz\u00ea-lo de forma tranquila e ordenada.<\/li>\n<li><strong>Consci\u00eancia situacional:<\/strong> Preste aten\u00e7\u00e3o ao que est\u00e1 acontecendo ao seu redor e avalie a melhor sa\u00edda.<\/li>\n<\/ul>\n<h2>A import\u00e2ncia da manuten\u00e7\u00e3o de \u00f4nibus<\/h2>\n<p>A manuten\u00e7\u00e3o preventiva de \u00f4nibus \u00e9 fundamental para garantir a seguran\u00e7a n\u00e3o apenas dos passageiros, mas tamb\u00e9m dos pedestres. Os operadores de transporte precisam adotar rotinas rigorosas de revis\u00e3o, que incluam:<\/p>\n<ul>\n<li><strong>Inspe\u00e7\u00f5es regulares:<\/strong> Ve\u00edculos devem ser inspecionados periodicamente para checar a integridade mec\u00e2nica e estrutural.<\/li>\n<li><strong>Hist\u00f3rico de manuten\u00e7\u00e3o:<\/strong> Manter registros detalhados das manuten\u00e7\u00f5es realizadas e dos problemas encontrados \u00e9 essencial para a gest\u00e3o de frotas.<\/li>\n<li><strong>Treinamento de motoristas:<\/strong> Motoristas devem receber treinamentos constantes sobre as melhores pr\u00e1ticas para dirigirem de forma segura.<\/li>\n<\/ul>\n<h2>Impacto em hor\u00e1rios de transporte<\/h2>\n<p>Acidentes como esse podem causar atrasos significativos no sistema de transporte p\u00fablico. A perda de uma roda pode levar a uma paralisa\u00e7\u00e3o da linha de \u00f4nibus em quest\u00e3o, afetando milh\u00f5es de usu\u00e1rios diariamente. A Ger\u00eancia de Mobilidade precisar\u00e1 avaliar como evitar congestionamentos e garantir que outros \u00f4nibus possam atender a demanda durante o tempo de espera pela vistoria e manuten\u00e7\u00e3o corretiva do ve\u00edculo danificado.<\/p>\n<h2>Como o acidente pode afetar os passageiros<\/h2>\n<p>Os impactos de um acidente envolvendo \u00f4nibus podem ser diversos:<\/p>\n<ul>\n<li><strong>Atraso no trajeto:<\/strong> Passageiros podem ser for\u00e7ados a esperar mais tempo pela chegada de outros ve\u00edculos.<\/li>\n<li><strong>Estresse e inseguran\u00e7a:<\/strong> Mesmo que n\u00e3o tenha havido feridos, experi\u00eancias traum\u00e1ticas podem gerar inseguran\u00e7a em viagens futuras.<\/li>\n<li><strong>Poss\u00edveis cancelamentos de linhas:<\/strong> O ve\u00edculo acidentado pode precisar ser retirado de circula\u00e7\u00e3o por um per\u00edodo, causando a suspens\u00e3o tempor\u00e1ria de suas rotas.<\/li>\n<\/ul>\n<h2>Medidas de seguran\u00e7a no transporte p\u00fablico<\/h2>\n<p>Para garantir a seguran\u00e7a dos passageiros e minimizar riscos, o transporte p\u00fablico deve implementar medidas como:<\/p>\n<ul>\n<li><strong>Campanhas de conscientiza\u00e7\u00e3o:<\/strong> Informar os usu\u00e1rios sobre a import\u00e2ncia da seguran\u00e7a nas viagens.<\/li>\n<li><strong>Monitoramento constante:<\/strong> Uso de c\u00e2meras e sistemas de monitoramento para acompanhar a condi\u00e7\u00e3o dos \u00f4nibus e a situa\u00e7\u00e3o dos passageiros em tempo real.<\/li>\n<li><strong>Feedback dos usu\u00e1rios:<\/strong> Criar canais abertos para que os usu\u00e1rios possam reportar problemas e sugest\u00f5es sobre as condi\u00e7\u00f5es dos ve\u00edculos e do servi\u00e7o.<\/li>\n<\/ul>\n<p>Essas a\u00e7\u00f5es s\u00e3o essenciais n\u00e3o apenas para a seguran\u00e7a, mas tamb\u00e9m para a confian\u00e7a que os cidad\u00e3os depositam no sistema de transporte p\u00fablico.<\/p>\n","protected":false},"excerpt":{"rendered":"<p>\u00d4nibus em BH perde a roda em acidente impactante; assista ao v\u00eddeo!<\/p>\n","protected":false},"author":1,"featured_media":14983,"comment_status":"open","ping_status":"open","sticky":false,"template":"","format":"standard","meta":{"footnotes":""},"categories":[904],"tags":[],"class_list":["post-14984","post","type-post","status-publish","format-standard","has-post-thumbnail","hentry","category-transito","has_thumb"],"yoast_head":"<!-- This site is optimized with the Yoast SEO plugin v28.2 - https:\/\/yoast.com\/product\/yoast-seo-wordpress\/ -->\n<title>V\u00cdDEO: Veja momento em que \u00f4nibus do transporte p\u00fablico de BH perde roda | Guia Comercial de Belo Horizonte MG<\/title>\n<meta name=\"robots\" content=\"index, follow, max-snippet:-1, max-image-preview:large, max-video-preview:-1\" \/>\n<link rel=\"canonical\" href=\"https:\/\/www.encontrabelohorizonte.com.br\/guia\/video-veja-momento-em-que-onibus-do-transporte-publico-de-bh-perde-roda\/\" \/>\n<meta property=\"og:locale\" content=\"pt_BR\" \/>\n<meta property=\"og:type\" content=\"article\" \/>\n<meta property=\"og:title\" content=\"V\u00cdDEO: Veja momento em que \u00f4nibus do transporte p\u00fablico de BH perde roda | Guia Comercial de Belo Horizonte MG\" \/>\n<meta property=\"og:description\" content=\"\u00d4nibus em BH perde a roda em acidente impactante; assista ao v\u00eddeo!\" \/>\n<meta property=\"og:url\" content=\"https:\/\/www.encontrabelohorizonte.com.br\/guia\/video-veja-momento-em-que-onibus-do-transporte-publico-de-bh-perde-roda\/\" \/>\n<meta property=\"og:site_name\" content=\"Guia Comercial de Belo Horizonte MG\" \/>\n<meta property=\"article:published_time\" content=\"2026-07-17T15:41:12+00:00\" \/>\n<meta property=\"og:image\" content=\"https:\/\/www.encontrabelohorizonte.com.br\/guia\/wp-content\/uploads\/2026\/07\/video-veja-momento-em-que-onibus-do-transporte-publico-de-bh-perde-roda.webp\" \/>\n\t<meta property=\"og:image:width\" content=\"280\" \/>\n\t<meta property=\"og:image:height\" content=\"280\" \/>\n\t<meta property=\"og:image:type\" content=\"image\/webp\" \/>\n<meta name=\"author\" content=\"Encontra Belo Horizonte\" \/>\n<meta name=\"twitter:card\" content=\"summary_large_image\" \/>\n<meta name=\"twitter:label1\" content=\"Escrito por\" \/>\n\t<meta name=\"twitter:data1\" content=\"Encontra Belo Horizonte\" \/>\n\t<meta name=\"twitter:label2\" content=\"Est. tempo de leitura\" \/>\n\t<meta name=\"twitter:data2\" content=\"5 minutos\" \/>\n<script type=\"application\/ld+json\" class=\"yoast-schema-graph\">{\"@context\":\"https:\\\/\\\/schema.org\",\"@graph\":[{\"@type\":\"Article\",\"@id\":\"https:\\\/\\\/www.encontrabelohorizonte.com.br\\\/guia\\\/video-veja-momento-em-que-onibus-do-transporte-publico-de-bh-perde-roda\\\/#article\",\"isPartOf\":{\"@id\":\"https:\\\/\\\/www.encontrabelohorizonte.com.br\\\/guia\\\/video-veja-momento-em-que-onibus-do-transporte-publico-de-bh-perde-roda\\\/\"},\"author\":{\"name\":\"Encontra Belo Horizonte\",\"@id\":\"https:\\\/\\\/www.encontrabelohorizonte.com.br\\\/guia\\\/#\\\/schema\\\/person\\\/6b792069f07fee9a700a7caa85fb85a9\"},\"headline\":\"V\u00cdDEO: Veja momento em que \u00f4nibus do transporte p\u00fablico de BH perde roda\",\"datePublished\":\"2026-07-17T15:41:12+00:00\",\"mainEntityOfPage\":{\"@id\":\"https:\\\/\\\/www.encontrabelohorizonte.com.br\\\/guia\\\/video-veja-momento-em-que-onibus-do-transporte-publico-de-bh-perde-roda\\\/\"},\"wordCount\":961,\"commentCount\":0,\"image\":{\"@id\":\"https:\\\/\\\/www.encontrabelohorizonte.com.br\\\/guia\\\/video-veja-momento-em-que-onibus-do-transporte-publico-de-bh-perde-roda\\\/#primaryimage\"},\"thumbnailUrl\":\"https:\\\/\\\/www.encontrabelohorizonte.com.br\\\/guia\\\/wp-content\\\/uploads\\\/2026\\\/07\\\/video-veja-momento-em-que-onibus-do-transporte-publico-de-bh-perde-roda.webp\",\"articleSection\":[\"Tr\u00e2nsito Belo Horizonte\"],\"inLanguage\":\"pt-BR\",\"potentialAction\":[{\"@type\":\"CommentAction\",\"name\":\"Comment\",\"target\":[\"https:\\\/\\\/www.encontrabelohorizonte.com.br\\\/guia\\\/video-veja-momento-em-que-onibus-do-transporte-publico-de-bh-perde-roda\\\/#respond\"]}]},{\"@type\":\"WebPage\",\"@id\":\"https:\\\/\\\/www.encontrabelohorizonte.com.br\\\/guia\\\/video-veja-momento-em-que-onibus-do-transporte-publico-de-bh-perde-roda\\\/\",\"url\":\"https:\\\/\\\/www.encontrabelohorizonte.com.br\\\/guia\\\/video-veja-momento-em-que-onibus-do-transporte-publico-de-bh-perde-roda\\\/\",\"name\":\"V\u00cdDEO: Veja momento em que \u00f4nibus do transporte p\u00fablico de BH perde roda | Guia Comercial de Belo Horizonte MG\",\"isPartOf\":{\"@id\":\"https:\\\/\\\/www.encontrabelohorizonte.com.br\\\/guia\\\/#website\"},\"primaryImageOfPage\":{\"@id\":\"https:\\\/\\\/www.encontrabelohorizonte.com.br\\\/guia\\\/video-veja-momento-em-que-onibus-do-transporte-publico-de-bh-perde-roda\\\/#primaryimage\"},\"image\":{\"@id\":\"https:\\\/\\\/www.encontrabelohorizonte.com.br\\\/guia\\\/video-veja-momento-em-que-onibus-do-transporte-publico-de-bh-perde-roda\\\/#primaryimage\"},\"thumbnailUrl\":\"https:\\\/\\\/www.encontrabelohorizonte.com.br\\\/guia\\\/wp-content\\\/uploads\\\/2026\\\/07\\\/video-veja-momento-em-que-onibus-do-transporte-publico-de-bh-perde-roda.webp\",\"datePublished\":\"2026-07-17T15:41:12+00:00\",\"author\":{\"@id\":\"https:\\\/\\\/www.encontrabelohorizonte.com.br\\\/guia\\\/#\\\/schema\\\/person\\\/6b792069f07fee9a700a7caa85fb85a9\"},\"inLanguage\":\"pt-BR\",\"potentialAction\":[{\"@type\":\"ReadAction\",\"target\":[\"https:\\\/\\\/www.encontrabelohorizonte.com.br\\\/guia\\\/video-veja-momento-em-que-onibus-do-transporte-publico-de-bh-perde-roda\\\/\"]}]},{\"@type\":\"ImageObject\",\"inLanguage\":\"pt-BR\",\"@id\":\"https:\\\/\\\/www.encontrabelohorizonte.com.br\\\/guia\\\/video-veja-momento-em-que-onibus-do-transporte-publico-de-bh-perde-roda\\\/#primaryimage\",\"url\":\"https:\\\/\\\/www.encontrabelohorizonte.com.br\\\/guia\\\/wp-content\\\/uploads\\\/2026\\\/07\\\/video-veja-momento-em-que-onibus-do-transporte-publico-de-bh-perde-roda.webp\",\"contentUrl\":\"https:\\\/\\\/www.encontrabelohorizonte.com.br\\\/guia\\\/wp-content\\\/uploads\\\/2026\\\/07\\\/video-veja-momento-em-que-onibus-do-transporte-publico-de-bh-perde-roda.webp\",\"width\":280,\"height\":280,\"caption\":\"\u00f4nibus em BH\"},{\"@type\":\"WebSite\",\"@id\":\"https:\\\/\\\/www.encontrabelohorizonte.com.br\\\/guia\\\/#website\",\"url\":\"https:\\\/\\\/www.encontrabelohorizonte.com.br\\\/guia\\\/\",\"name\":\"Guia Comercial de Belo Horizonte MG\",\"description\":\"ENCONTRA BELO HORIZONTE - O guia comercial de neg\u00f3cios e empresas, cultura e divers\u00e3o na cidade de Belo Horizonte. Feito 100% para voc\u00ea morador!\",\"potentialAction\":[{\"@type\":\"SearchAction\",\"target\":{\"@type\":\"EntryPoint\",\"urlTemplate\":\"https:\\\/\\\/www.encontrabelohorizonte.com.br\\\/guia\\\/?s={search_term_string}\"},\"query-input\":{\"@type\":\"PropertyValueSpecification\",\"valueRequired\":true,\"valueName\":\"search_term_string\"}}],\"inLanguage\":\"pt-BR\"},{\"@type\":\"Person\",\"@id\":\"https:\\\/\\\/www.encontrabelohorizonte.com.br\\\/guia\\\/#\\\/schema\\\/person\\\/6b792069f07fee9a700a7caa85fb85a9\",\"name\":\"Encontra Belo Horizonte\",\"image\":{\"@type\":\"ImageObject\",\"inLanguage\":\"pt-BR\",\"@id\":\"https:\\\/\\\/secure.gravatar.com\\\/avatar\\\/c50c17820bcf322f0a8fd6b110b8c0918141409dc69076470f6fca5fee70a5d4?s=96&d=mm&r=g\",\"url\":\"https:\\\/\\\/secure.gravatar.com\\\/avatar\\\/c50c17820bcf322f0a8fd6b110b8c0918141409dc69076470f6fca5fee70a5d4?s=96&d=mm&r=g\",\"contentUrl\":\"https:\\\/\\\/secure.gravatar.com\\\/avatar\\\/c50c17820bcf322f0a8fd6b110b8c0918141409dc69076470f6fca5fee70a5d4?s=96&d=mm&r=g\",\"caption\":\"Encontra Belo Horizonte\"},\"url\":\"https:\\\/\\\/www.encontrabelohorizonte.com.br\\\/guia\\\/author\\\/encontrabelohorizonte\\\/\"}]}<\/script>\n<!-- \/ Yoast SEO plugin. -->","yoast_head_json":{"title":"V\u00cdDEO: Veja momento em que \u00f4nibus do transporte p\u00fablico de BH perde roda | Guia Comercial de Belo Horizonte MG","robots":{"index":"index","follow":"follow","max-snippet":"max-snippet:-1","max-image-preview":"max-image-preview:large","max-video-preview":"max-video-preview:-1"},"canonical":"https:\/\/www.encontrabelohorizonte.com.br\/guia\/video-veja-momento-em-que-onibus-do-transporte-publico-de-bh-perde-roda\/","og_locale":"pt_BR","og_type":"article","og_title":"V\u00cdDEO: Veja momento em que \u00f4nibus do transporte p\u00fablico de BH perde roda | Guia Comercial de Belo Horizonte MG","og_description":"\u00d4nibus em BH perde a roda em acidente impactante; assista ao v\u00eddeo!","og_url":"https:\/\/www.encontrabelohorizonte.com.br\/guia\/video-veja-momento-em-que-onibus-do-transporte-publico-de-bh-perde-roda\/","og_site_name":"Guia Comercial de Belo Horizonte MG","article_published_time":"2026-07-17T15:41:12+00:00","og_image":[{"width":280,"height":280,"url":"https:\/\/www.encontrabelohorizonte.com.br\/guia\/wp-content\/uploads\/2026\/07\/video-veja-momento-em-que-onibus-do-transporte-publico-de-bh-perde-roda.webp","type":"image\/webp"}],"author":"Encontra Belo Horizonte","twitter_card":"summary_large_image","twitter_misc":{"Escrito por":"Encontra Belo Horizonte","Est. tempo de leitura":"5 minutos"},"schema":{"@context":"https:\/\/schema.org","@graph":[{"@type":"Article","@id":"https:\/\/www.encontrabelohorizonte.com.br\/guia\/video-veja-momento-em-que-onibus-do-transporte-publico-de-bh-perde-roda\/#article","isPartOf":{"@id":"https:\/\/www.encontrabelohorizonte.com.br\/guia\/video-veja-momento-em-que-onibus-do-transporte-publico-de-bh-perde-roda\/"},"author":{"name":"Encontra Belo Horizonte","@id":"https:\/\/www.encontrabelohorizonte.com.br\/guia\/#\/schema\/person\/6b792069f07fee9a700a7caa85fb85a9"},"headline":"V\u00cdDEO: Veja momento em que \u00f4nibus do transporte p\u00fablico de BH perde roda","datePublished":"2026-07-17T15:41:12+00:00","mainEntityOfPage":{"@id":"https:\/\/www.encontrabelohorizonte.com.br\/guia\/video-veja-momento-em-que-onibus-do-transporte-publico-de-bh-perde-roda\/"},"wordCount":961,"commentCount":0,"image":{"@id":"https:\/\/www.encontrabelohorizonte.com.br\/guia\/video-veja-momento-em-que-onibus-do-transporte-publico-de-bh-perde-roda\/#primaryimage"},"thumbnailUrl":"https:\/\/www.encontrabelohorizonte.com.br\/guia\/wp-content\/uploads\/2026\/07\/video-veja-momento-em-que-onibus-do-transporte-publico-de-bh-perde-roda.webp","articleSection":["Tr\u00e2nsito Belo Horizonte"],"inLanguage":"pt-BR","potentialAction":[{"@type":"CommentAction","name":"Comment","target":["https:\/\/www.encontrabelohorizonte.com.br\/guia\/video-veja-momento-em-que-onibus-do-transporte-publico-de-bh-perde-roda\/#respond"]}]},{"@type":"WebPage","@id":"https:\/\/www.encontrabelohorizonte.com.br\/guia\/video-veja-momento-em-que-onibus-do-transporte-publico-de-bh-perde-roda\/","url":"https:\/\/www.encontrabelohorizonte.com.br\/guia\/video-veja-momento-em-que-onibus-do-transporte-publico-de-bh-perde-roda\/","name":"V\u00cdDEO: Veja momento em que \u00f4nibus do transporte p\u00fablico de BH perde roda | Guia Comercial de Belo Horizonte MG","isPartOf":{"@id":"https:\/\/www.encontrabelohorizonte.com.br\/guia\/#website"},"primaryImageOfPage":{"@id":"https:\/\/www.encontrabelohorizonte.com.br\/guia\/video-veja-momento-em-que-onibus-do-transporte-publico-de-bh-perde-roda\/#primaryimage"},"image":{"@id":"https:\/\/www.encontrabelohorizonte.com.br\/guia\/video-veja-momento-em-que-onibus-do-transporte-publico-de-bh-perde-roda\/#primaryimage"},"thumbnailUrl":"https:\/\/www.encontrabelohorizonte.com.br\/guia\/wp-content\/uploads\/2026\/07\/video-veja-momento-em-que-onibus-do-transporte-publico-de-bh-perde-roda.webp","datePublished":"2026-07-17T15:41:12+00:00","author":{"@id":"https:\/\/www.encontrabelohorizonte.com.br\/guia\/#\/schema\/person\/6b792069f07fee9a700a7caa85fb85a9"},"inLanguage":"pt-BR","potentialAction":[{"@type":"ReadAction","target":["https:\/\/www.encontrabelohorizonte.com.br\/guia\/video-veja-momento-em-que-onibus-do-transporte-publico-de-bh-perde-roda\/"]}]},{"@type":"ImageObject","inLanguage":"pt-BR","@id":"https:\/\/www.encontrabelohorizonte.com.br\/guia\/video-veja-momento-em-que-onibus-do-transporte-publico-de-bh-perde-roda\/#primaryimage","url":"https:\/\/www.encontrabelohorizonte.com.br\/guia\/wp-content\/uploads\/2026\/07\/video-veja-momento-em-que-onibus-do-transporte-publico-de-bh-perde-roda.webp","contentUrl":"https:\/\/www.encontrabelohorizonte.com.br\/guia\/wp-content\/uploads\/2026\/07\/video-veja-momento-em-que-onibus-do-transporte-publico-de-bh-perde-roda.webp","width":280,"height":280,"caption":"\u00f4nibus em BH"},{"@type":"WebSite","@id":"https:\/\/www.encontrabelohorizonte.com.br\/guia\/#website","url":"https:\/\/www.encontrabelohorizonte.com.br\/guia\/","name":"Guia Comercial de Belo Horizonte MG","description":"ENCONTRA BELO HORIZONTE - O guia comercial de neg\u00f3cios e empresas, cultura e divers\u00e3o na cidade de Belo Horizonte. Feito 100% para voc\u00ea morador!","potentialAction":[{"@type":"SearchAction","target":{"@type":"EntryPoint","urlTemplate":"https:\/\/www.encontrabelohorizonte.com.br\/guia\/?s={search_term_string}"},"query-input":{"@type":"PropertyValueSpecification","valueRequired":true,"valueName":"search_term_string"}}],"inLanguage":"pt-BR"},{"@type":"Person","@id":"https:\/\/www.encontrabelohorizonte.com.br\/guia\/#\/schema\/person\/6b792069f07fee9a700a7caa85fb85a9","name":"Encontra Belo Horizonte","image":{"@type":"ImageObject","inLanguage":"pt-BR","@id":"https:\/\/secure.gravatar.com\/avatar\/c50c17820bcf322f0a8fd6b110b8c0918141409dc69076470f6fca5fee70a5d4?s=96&d=mm&r=g","url":"https:\/\/secure.gravatar.com\/avatar\/c50c17820bcf322f0a8fd6b110b8c0918141409dc69076470f6fca5fee70a5d4?s=96&d=mm&r=g","contentUrl":"https:\/\/secure.gravatar.com\/avatar\/c50c17820bcf322f0a8fd6b110b8c0918141409dc69076470f6fca5fee70a5d4?s=96&d=mm&r=g","caption":"Encontra Belo Horizonte"},"url":"https:\/\/www.encontrabelohorizonte.com.br\/guia\/author\/encontrabelohorizonte\/"}]}},"_links":{"self":[{"href":"https:\/\/www.encontrabelohorizonte.com.br\/guia\/wp-json\/wp\/v2\/posts\/14984","targetHints":{"allow":["GET"]}}],"collection":[{"href":"https:\/\/www.encontrabelohorizonte.com.br\/guia\/wp-json\/wp\/v2\/posts"}],"about":[{"href":"https:\/\/www.encontrabelohorizonte.com.br\/guia\/wp-json\/wp\/v2\/types\/post"}],"author":[{"embeddable":true,"href":"https:\/\/www.encontrabelohorizonte.com.br\/guia\/wp-json\/wp\/v2\/users\/1"}],"replies":[{"embeddable":true,"href":"https:\/\/www.encontrabelohorizonte.com.br\/guia\/wp-json\/wp\/v2\/comments?post=14984"}],"version-history":[{"count":0,"href":"https:\/\/www.encontrabelohorizonte.com.br\/guia\/wp-json\/wp\/v2\/posts\/14984\/revisions"}],"wp:featuredmedia":[{"embeddable":true,"href":"https:\/\/www.encontrabelohorizonte.com.br\/guia\/wp-json\/wp\/v2\/media\/14983"}],"wp:attachment":[{"href":"https:\/\/www.encontrabelohorizonte.com.br\/guia\/wp-json\/wp\/v2\/media?parent=14984"}],"wp:term":[{"taxonomy":"category","embeddable":true,"href":"https:\/\/www.encontrabelohorizonte.com.br\/guia\/wp-json\/wp\/v2\/categories?post=14984"},{"taxonomy":"post_tag","embeddable":true,"href":"https:\/\/www.encontrabelohorizonte.com.br\/guia\/wp-json\/wp\/v2\/tags?post=14984"}],"curies":[{"name":"wp","href":"https:\/\/api.w.org\/{rel}","templated":true}]}}