{"id":15215,"date":"2026-08-27T06:13:58","date_gmt":"2026-08-27T09:13:58","guid":{"rendered":"https:\/\/www.encontrabelohorizonte.com.br\/guia\/augusta-barna-apresenta-album-na-miuda-em-belo-horizonte\/"},"modified":"2026-08-27T06:13:58","modified_gmt":"2026-08-27T09:13:58","slug":"augusta-barna-apresenta-album-na-miuda-em-belo-horizonte","status":"publish","type":"post","link":"https:\/\/www.encontrabelohorizonte.com.br\/guia\/augusta-barna-apresenta-album-na-miuda-em-belo-horizonte\/","title":{"rendered":"Augusta Barna apresenta \u00e1lbum \u201cNa Mi\u00fada\u201d em Belo Horizonte"},"content":{"rendered":"<h2>A Trajet\u00f3ria Musical de Augusta Barna<\/h2>\n<p>Augusta Barna \u00e9 uma artista que vem conquistando seu espa\u00e7o na cena musical brasileira, especialmente na regi\u00e3o de Minas Gerais. Desde o in\u00edcio de sua carreira, ela se destacou pela autenticidade em suas composi\u00e7\u00f5es e pela habilidade em misturar diferentes estilos musicais. Sua trajet\u00f3ria come\u00e7ou de forma independente, permitindo-lhe explorar sua criatividade sem limites, enquanto construiu uma base s\u00f3lida de f\u00e3s.<\/p>\n<p>A artista sempre procurou refletir em suas letras suas experi\u00eancias pessoais e um olhar cr\u00edtico sobre a sociedade, estabelecendo uma conex\u00e3o genu\u00edna com seu p\u00fablico. Ao longo do tempo, Augusta Barna foi se consolidando como uma das vozes mais promissoras da nova gera\u00e7\u00e3o de m\u00fasicos brasileiros.<\/p>\n<h2>O Repert\u00f3rio de &#8216;Na Mi\u00fada&#8217;<\/h2>\n<p>O \u00e1lbum &#8220;Na Mi\u00fada&#8221; \u00e9 a segunda produ\u00e7\u00e3o de est\u00fadio de Augusta Barna, lan\u00e7ado em agosto de 2024. Este disco marca uma evolu\u00e7\u00e3o significativa em sua carreira, apresentando uma sonoridade mais rica e diversificada. As m\u00fasicas do \u00e1lbum s\u00e3o compostas com letras po\u00e9ticas que falam sobre temas da vida cotidiana, amor e autodescoberta.<\/p>\n<p><img decoding=\"async\" src=\"https:\/\/www.encontrabelohorizonte.com.br\/guia\/wp-content\/uploads\/2026\/08\/augusta-barna-apresenta-album-na-miuda-em-belo-horizonte.webp\" alt=\"Augusta Barna\" loading=\"lazy\" \/><\/p>\n<p>As can\u00e7\u00f5es deste trabalho foram pensadas para serem mais do que simples melodias; elas integram a po\u00e9tica da artista, proporcionando uma experi\u00eancia imersiva ao ouvinte. Cada faixa \u00e9 uma express\u00e3o de sentimentos e reflex\u00f5es, demonstrando a profundidade emocional da cantora e compositora.<\/p>\n<h2>Detalhes do Show em Belo Horizonte<\/h2>\n<p>A apresenta\u00e7\u00e3o de Augusta Barna na Sala Juvenal Dias, em Belo Horizonte, est\u00e1 marcada para o dia 5 de setembro, \u00e0s 20 horas. O show faz parte do projeto Pal\u00e1cio Todo Dia, uma iniciativa que promove eventos culturais na cidade. Durante essa apresenta\u00e7\u00e3o, o p\u00fablico poder\u00e1 desfrutar das m\u00fasicas de seu segundo \u00e1lbum, &#8220;Na Mi\u00fada&#8221;, al\u00e9m de alguns sucessos do seu primeiro disco.<\/p>\n<p>O espet\u00e1culo promete ser um evento marcante, com uma cenografia que complementa a viv\u00eancia das can\u00e7\u00f5es. Augusta n\u00e3o apenas executa as m\u00fasicas, mas tamb\u00e9m proporciona uma interpreta\u00e7\u00e3o visceral, convidando os espectadores a se envolverem com as hist\u00f3rias que est\u00e3o sendo contadas.<\/p>\n<h2>Quando e Onde Acontece<\/h2>\n<p>O show ser\u00e1 realizado na Sala Juvenal Dias, um espa\u00e7o conhecido por sua ac\u00fastica excepcional e ambiente acolhedor. A data \u00e9 5 de setembro de 2026, e os port\u00f5es abrir\u00e3o \u00e0s 20h. Localizada em Belo Horizonte, a sala \u00e9 uma das principais arenas para apresenta\u00e7\u00f5es musicais da cidade, atraindo grandes nomes da m\u00fasica.<\/p>\n<h2>Ingressos e Informa\u00e7\u00f5es<\/h2>\n<p>Os ingressos para o show de Augusta Barna variam entre R$ 25 e R$ 50 e podem ser adquiridos atrav\u00e9s da plataforma Sympla. A alta demanda \u00e9 esperada, considerando o crescente reconhecimento da artista e a popularidade de seu novo \u00e1lbum. \u00c9 recomend\u00e1vel comprar os ingressos com anteced\u00eancia para garantir presen\u00e7a nesse espet\u00e1culo imperd\u00edvel.<\/p>\n<p>A classifica\u00e7\u00e3o et\u00e1ria para o evento \u00e9 livre, permitindo que pessoas de todas as idades possam apreciar a arte e a m\u00fasica de Augusta Barna.<\/p>\n<h2>O Que Esperar do Espet\u00e1culo<\/h2>\n<p>Os espectadores podem esperar um show envolvente e emocional. Augusta Barna tem a habilidade de cativar a plateia com sua presen\u00e7a de palco e o poder de suas letras. A noite n\u00e3o se limitar\u00e1 apenas \u00e0 execu\u00e7\u00e3o das m\u00fasicas; haver\u00e1 um verdadeiro di\u00e1logo entre a artista e os f\u00e3s, criando momentos de conex\u00e3o aut\u00eantica.<\/p>\n<p>Al\u00e9m das novas faixas de &#8220;Na Mi\u00fada&#8221;, a cantora far\u00e1 uma sele\u00e7\u00e3o de sucessos do seu trabalho anterior, incluindo duas m\u00fasicas do EP &#8220;Cantora de Ru\u00eddos&#8221; e singles do seu primeiro \u00e1lbum, &#8220;Sangria Desatada&#8221;. Essa mistura promete agradar tanto os novos ouvintes quanto os f\u00e3s de longa data.<\/p>\n<h2>A Recep\u00e7\u00e3o do \u00c1lbum nas Plataformas Digitais<\/h2>\n<p>Desde o seu lan\u00e7amento, &#8220;Na Mi\u00fada&#8221; se destacou nas plataformas de streaming, acumulando mais de 100 mil streams. A recep\u00e7\u00e3o positiva do p\u00fablico \u00e9 um sinal claro de que a artista est\u00e1 no caminho certo, tocando o cora\u00e7\u00e3o de muitas pessoas. Essa resposta tem incentivado Augusta a continuar criando e se apresentando, solidificando seu lugar na cena musical.<\/p>\n<h2>A Cena Musical de Belo Horizonte<\/h2>\n<p>Belo Horizonte \u00e9 um ber\u00e7o incr\u00edvel para a m\u00fasica independente, e Augusta Barna \u00e9 uma parte importante desse movimento. A cidade tem uma rica tradi\u00e7\u00e3o musical que abrange diversos estilos, e a nova gera\u00e7\u00e3o de artistas est\u00e1 constantemente inovando e trazendo novas influ\u00eancias.<\/p>\n<p>Eventos como o projeto Pal\u00e1cio Todo Dia s\u00e3o fundamentais para dar visibilidade a esses artistas e para promover a cultura local. A cena musical de BH \u00e9 vibrante e tem atra\u00eddo a aten\u00e7\u00e3o de f\u00e3s de todo o Brasil, contribuindo para o reconhecimento de talentos como Augusta.<\/p>\n<h2>Outros Projetos da Artista<\/h2>\n<p>Al\u00e9m de seu trabalho musical, Augusta Barna se dedica a outros projetos criativos. Ela tem participado de v\u00e1rias iniciativas culturais e sociais, envolvendo-se em workshops e eventos que visam fortalecer a m\u00fasica autoral e independente na regi\u00e3o. A artista acredita na import\u00e2ncia de apoiar novos talentos e na colabora\u00e7\u00e3o entre m\u00fasicos.<\/p>\n<p>Esse compromisso com a comunidade art\u00edstica reflete seu amor pela m\u00fasica e seu desejo de promover um cen\u00e1rio cultural mais rico e diversificado.<\/p>\n<h2>Como Chegar \u00e0 Sala Juvenal Dias<\/h2>\n<p>A Sala Juvenal Dias est\u00e1 localizada em uma \u00e1rea central de Belo Horizonte, facilitando o acesso ao p\u00fablico. O transporte p\u00fablico \u00e9 uma op\u00e7\u00e3o conveniente, com v\u00e1rias linhas de \u00f4nibus que circulam nas proximidades. Al\u00e9m disso, a proximidade de estacionamentos tamb\u00e9m \u00e9 uma vantagem para quem opta por ir de carro.<\/p>\n<p>Recomenda-se verificar o trajeto com anteced\u00eancia, planejando a melhor rota para evitar contratempos no dia do show. Com sua localiza\u00e7\u00e3o acess\u00edvel e ambiente acolhedor, a Sala Juvenal Dias se estabelece como um \u00f3timo lugar para a viv\u00eancia de experi\u00eancias musicais inesquec\u00edveis.<\/p>\n","protected":false},"excerpt":{"rendered":"<p>Na Mi\u00fada \u00e9 o novo \u00e1lbum de Augusta Barna, que encanta em Belo Horizonte.<\/p>\n","protected":false},"author":1,"featured_media":15214,"comment_status":"open","ping_status":"open","sticky":false,"template":"","format":"standard","meta":{"footnotes":""},"categories":[902],"tags":[],"class_list":["post-15215","post","type-post","status-publish","format-standard","has-post-thumbnail","hentry","category-shows","has_thumb"],"yoast_head":"<!-- This site is optimized with the Yoast SEO plugin v28.2 - https:\/\/yoast.com\/product\/yoast-seo-wordpress\/ -->\n<title>Augusta Barna apresenta \u00e1lbum \u201cNa Mi\u00fada\u201d em Belo Horizonte | Guia Comercial de Belo Horizonte MG<\/title>\n<meta name=\"robots\" content=\"index, follow, max-snippet:-1, max-image-preview:large, max-video-preview:-1\" \/>\n<link rel=\"canonical\" href=\"https:\/\/www.encontrabelohorizonte.com.br\/guia\/augusta-barna-apresenta-album-na-miuda-em-belo-horizonte\/\" \/>\n<meta property=\"og:locale\" content=\"pt_BR\" \/>\n<meta property=\"og:type\" content=\"article\" \/>\n<meta property=\"og:title\" content=\"Augusta Barna apresenta \u00e1lbum \u201cNa Mi\u00fada\u201d em Belo Horizonte | Guia Comercial de Belo Horizonte MG\" \/>\n<meta property=\"og:description\" content=\"Na Mi\u00fada \u00e9 o novo \u00e1lbum de Augusta Barna, que encanta em Belo Horizonte.\" \/>\n<meta property=\"og:url\" content=\"https:\/\/www.encontrabelohorizonte.com.br\/guia\/augusta-barna-apresenta-album-na-miuda-em-belo-horizonte\/\" \/>\n<meta property=\"og:site_name\" content=\"Guia Comercial de Belo Horizonte MG\" \/>\n<meta property=\"article:published_time\" content=\"2026-08-27T09:13:58+00:00\" \/>\n<meta property=\"og:image\" content=\"https:\/\/www.encontrabelohorizonte.com.br\/guia\/wp-content\/uploads\/2026\/08\/augusta-barna-apresenta-album-na-miuda-em-belo-horizonte.webp\" \/>\n<meta name=\"author\" content=\"Encontra Belo Horizonte\" \/>\n<meta name=\"twitter:card\" content=\"summary_large_image\" \/>\n<meta name=\"twitter:label1\" content=\"Escrito por\" \/>\n\t<meta name=\"twitter:data1\" content=\"Encontra Belo Horizonte\" \/>\n\t<meta name=\"twitter:label2\" content=\"Est. tempo de leitura\" \/>\n\t<meta name=\"twitter:data2\" content=\"5 minutos\" \/>\n<script type=\"application\/ld+json\" class=\"yoast-schema-graph\">{\"@context\":\"https:\\\/\\\/schema.org\",\"@graph\":[{\"@type\":\"Article\",\"@id\":\"https:\\\/\\\/www.encontrabelohorizonte.com.br\\\/guia\\\/augusta-barna-apresenta-album-na-miuda-em-belo-horizonte\\\/#article\",\"isPartOf\":{\"@id\":\"https:\\\/\\\/www.encontrabelohorizonte.com.br\\\/guia\\\/augusta-barna-apresenta-album-na-miuda-em-belo-horizonte\\\/\"},\"author\":{\"name\":\"Encontra Belo Horizonte\",\"@id\":\"https:\\\/\\\/www.encontrabelohorizonte.com.br\\\/guia\\\/#\\\/schema\\\/person\\\/6b792069f07fee9a700a7caa85fb85a9\"},\"headline\":\"Augusta Barna apresenta \u00e1lbum \u201cNa Mi\u00fada\u201d em Belo Horizonte\",\"datePublished\":\"2026-08-27T09:13:58+00:00\",\"mainEntityOfPage\":{\"@id\":\"https:\\\/\\\/www.encontrabelohorizonte.com.br\\\/guia\\\/augusta-barna-apresenta-album-na-miuda-em-belo-horizonte\\\/\"},\"wordCount\":1009,\"commentCount\":0,\"image\":{\"@id\":\"https:\\\/\\\/www.encontrabelohorizonte.com.br\\\/guia\\\/augusta-barna-apresenta-album-na-miuda-em-belo-horizonte\\\/#primaryimage\"},\"thumbnailUrl\":\"https:\\\/\\\/www.encontrabelohorizonte.com.br\\\/guia\\\/wp-content\\\/uploads\\\/2026\\\/08\\\/augusta-barna-apresenta-album-na-miuda-em-belo-horizonte.webp\",\"articleSection\":[\"Shows Belo Horizonte\"],\"inLanguage\":\"pt-BR\",\"potentialAction\":[{\"@type\":\"CommentAction\",\"name\":\"Comment\",\"target\":[\"https:\\\/\\\/www.encontrabelohorizonte.com.br\\\/guia\\\/augusta-barna-apresenta-album-na-miuda-em-belo-horizonte\\\/#respond\"]}]},{\"@type\":\"WebPage\",\"@id\":\"https:\\\/\\\/www.encontrabelohorizonte.com.br\\\/guia\\\/augusta-barna-apresenta-album-na-miuda-em-belo-horizonte\\\/\",\"url\":\"https:\\\/\\\/www.encontrabelohorizonte.com.br\\\/guia\\\/augusta-barna-apresenta-album-na-miuda-em-belo-horizonte\\\/\",\"name\":\"Augusta Barna apresenta \u00e1lbum \u201cNa Mi\u00fada\u201d em Belo Horizonte | Guia Comercial de Belo Horizonte MG\",\"isPartOf\":{\"@id\":\"https:\\\/\\\/www.encontrabelohorizonte.com.br\\\/guia\\\/#website\"},\"primaryImageOfPage\":{\"@id\":\"https:\\\/\\\/www.encontrabelohorizonte.com.br\\\/guia\\\/augusta-barna-apresenta-album-na-miuda-em-belo-horizonte\\\/#primaryimage\"},\"image\":{\"@id\":\"https:\\\/\\\/www.encontrabelohorizonte.com.br\\\/guia\\\/augusta-barna-apresenta-album-na-miuda-em-belo-horizonte\\\/#primaryimage\"},\"thumbnailUrl\":\"https:\\\/\\\/www.encontrabelohorizonte.com.br\\\/guia\\\/wp-content\\\/uploads\\\/2026\\\/08\\\/augusta-barna-apresenta-album-na-miuda-em-belo-horizonte.webp\",\"datePublished\":\"2026-08-27T09:13:58+00:00\",\"author\":{\"@id\":\"https:\\\/\\\/www.encontrabelohorizonte.com.br\\\/guia\\\/#\\\/schema\\\/person\\\/6b792069f07fee9a700a7caa85fb85a9\"},\"inLanguage\":\"pt-BR\",\"potentialAction\":[{\"@type\":\"ReadAction\",\"target\":[\"https:\\\/\\\/www.encontrabelohorizonte.com.br\\\/guia\\\/augusta-barna-apresenta-album-na-miuda-em-belo-horizonte\\\/\"]}]},{\"@type\":\"ImageObject\",\"inLanguage\":\"pt-BR\",\"@id\":\"https:\\\/\\\/www.encontrabelohorizonte.com.br\\\/guia\\\/augusta-barna-apresenta-album-na-miuda-em-belo-horizonte\\\/#primaryimage\",\"url\":\"https:\\\/\\\/www.encontrabelohorizonte.com.br\\\/guia\\\/wp-content\\\/uploads\\\/2026\\\/08\\\/augusta-barna-apresenta-album-na-miuda-em-belo-horizonte.webp\",\"contentUrl\":\"https:\\\/\\\/www.encontrabelohorizonte.com.br\\\/guia\\\/wp-content\\\/uploads\\\/2026\\\/08\\\/augusta-barna-apresenta-album-na-miuda-em-belo-horizonte.webp\",\"width\":280,\"height\":280,\"caption\":\"Augusta Barna\"},{\"@type\":\"WebSite\",\"@id\":\"https:\\\/\\\/www.encontrabelohorizonte.com.br\\\/guia\\\/#website\",\"url\":\"https:\\\/\\\/www.encontrabelohorizonte.com.br\\\/guia\\\/\",\"name\":\"Guia Comercial de Belo Horizonte MG\",\"description\":\"ENCONTRA BELO HORIZONTE - O guia comercial de neg\u00f3cios e empresas, cultura e divers\u00e3o na cidade de Belo Horizonte. Feito 100% para voc\u00ea morador!\",\"potentialAction\":[{\"@type\":\"SearchAction\",\"target\":{\"@type\":\"EntryPoint\",\"urlTemplate\":\"https:\\\/\\\/www.encontrabelohorizonte.com.br\\\/guia\\\/?s={search_term_string}\"},\"query-input\":{\"@type\":\"PropertyValueSpecification\",\"valueRequired\":true,\"valueName\":\"search_term_string\"}}],\"inLanguage\":\"pt-BR\"},{\"@type\":\"Person\",\"@id\":\"https:\\\/\\\/www.encontrabelohorizonte.com.br\\\/guia\\\/#\\\/schema\\\/person\\\/6b792069f07fee9a700a7caa85fb85a9\",\"name\":\"Encontra Belo Horizonte\",\"image\":{\"@type\":\"ImageObject\",\"inLanguage\":\"pt-BR\",\"@id\":\"https:\\\/\\\/secure.gravatar.com\\\/avatar\\\/c50c17820bcf322f0a8fd6b110b8c0918141409dc69076470f6fca5fee70a5d4?s=96&d=mm&r=g\",\"url\":\"https:\\\/\\\/secure.gravatar.com\\\/avatar\\\/c50c17820bcf322f0a8fd6b110b8c0918141409dc69076470f6fca5fee70a5d4?s=96&d=mm&r=g\",\"contentUrl\":\"https:\\\/\\\/secure.gravatar.com\\\/avatar\\\/c50c17820bcf322f0a8fd6b110b8c0918141409dc69076470f6fca5fee70a5d4?s=96&d=mm&r=g\",\"caption\":\"Encontra Belo Horizonte\"},\"url\":\"https:\\\/\\\/www.encontrabelohorizonte.com.br\\\/guia\\\/author\\\/encontrabelohorizonte\\\/\"}]}<\/script>\n<!-- \/ Yoast SEO plugin. -->","yoast_head_json":{"title":"Augusta Barna apresenta \u00e1lbum \u201cNa Mi\u00fada\u201d em Belo Horizonte | Guia Comercial de Belo Horizonte MG","robots":{"index":"index","follow":"follow","max-snippet":"max-snippet:-1","max-image-preview":"max-image-preview:large","max-video-preview":"max-video-preview:-1"},"canonical":"https:\/\/www.encontrabelohorizonte.com.br\/guia\/augusta-barna-apresenta-album-na-miuda-em-belo-horizonte\/","og_locale":"pt_BR","og_type":"article","og_title":"Augusta Barna apresenta \u00e1lbum \u201cNa Mi\u00fada\u201d em Belo Horizonte | Guia Comercial de Belo Horizonte MG","og_description":"Na Mi\u00fada \u00e9 o novo \u00e1lbum de Augusta Barna, que encanta em Belo Horizonte.","og_url":"https:\/\/www.encontrabelohorizonte.com.br\/guia\/augusta-barna-apresenta-album-na-miuda-em-belo-horizonte\/","og_site_name":"Guia Comercial de Belo Horizonte MG","article_published_time":"2026-08-27T09:13:58+00:00","og_image":[{"url":"https:\/\/www.encontrabelohorizonte.com.br\/guia\/wp-content\/uploads\/2026\/08\/augusta-barna-apresenta-album-na-miuda-em-belo-horizonte.webp","type":"","width":"","height":""}],"author":"Encontra Belo Horizonte","twitter_card":"summary_large_image","twitter_misc":{"Escrito por":"Encontra Belo Horizonte","Est. tempo de leitura":"5 minutos"},"schema":{"@context":"https:\/\/schema.org","@graph":[{"@type":"Article","@id":"https:\/\/www.encontrabelohorizonte.com.br\/guia\/augusta-barna-apresenta-album-na-miuda-em-belo-horizonte\/#article","isPartOf":{"@id":"https:\/\/www.encontrabelohorizonte.com.br\/guia\/augusta-barna-apresenta-album-na-miuda-em-belo-horizonte\/"},"author":{"name":"Encontra Belo Horizonte","@id":"https:\/\/www.encontrabelohorizonte.com.br\/guia\/#\/schema\/person\/6b792069f07fee9a700a7caa85fb85a9"},"headline":"Augusta Barna apresenta \u00e1lbum \u201cNa Mi\u00fada\u201d em Belo Horizonte","datePublished":"2026-08-27T09:13:58+00:00","mainEntityOfPage":{"@id":"https:\/\/www.encontrabelohorizonte.com.br\/guia\/augusta-barna-apresenta-album-na-miuda-em-belo-horizonte\/"},"wordCount":1009,"commentCount":0,"image":{"@id":"https:\/\/www.encontrabelohorizonte.com.br\/guia\/augusta-barna-apresenta-album-na-miuda-em-belo-horizonte\/#primaryimage"},"thumbnailUrl":"https:\/\/www.encontrabelohorizonte.com.br\/guia\/wp-content\/uploads\/2026\/08\/augusta-barna-apresenta-album-na-miuda-em-belo-horizonte.webp","articleSection":["Shows Belo Horizonte"],"inLanguage":"pt-BR","potentialAction":[{"@type":"CommentAction","name":"Comment","target":["https:\/\/www.encontrabelohorizonte.com.br\/guia\/augusta-barna-apresenta-album-na-miuda-em-belo-horizonte\/#respond"]}]},{"@type":"WebPage","@id":"https:\/\/www.encontrabelohorizonte.com.br\/guia\/augusta-barna-apresenta-album-na-miuda-em-belo-horizonte\/","url":"https:\/\/www.encontrabelohorizonte.com.br\/guia\/augusta-barna-apresenta-album-na-miuda-em-belo-horizonte\/","name":"Augusta Barna apresenta \u00e1lbum \u201cNa Mi\u00fada\u201d em Belo Horizonte | Guia Comercial de Belo Horizonte MG","isPartOf":{"@id":"https:\/\/www.encontrabelohorizonte.com.br\/guia\/#website"},"primaryImageOfPage":{"@id":"https:\/\/www.encontrabelohorizonte.com.br\/guia\/augusta-barna-apresenta-album-na-miuda-em-belo-horizonte\/#primaryimage"},"image":{"@id":"https:\/\/www.encontrabelohorizonte.com.br\/guia\/augusta-barna-apresenta-album-na-miuda-em-belo-horizonte\/#primaryimage"},"thumbnailUrl":"https:\/\/www.encontrabelohorizonte.com.br\/guia\/wp-content\/uploads\/2026\/08\/augusta-barna-apresenta-album-na-miuda-em-belo-horizonte.webp","datePublished":"2026-08-27T09:13:58+00:00","author":{"@id":"https:\/\/www.encontrabelohorizonte.com.br\/guia\/#\/schema\/person\/6b792069f07fee9a700a7caa85fb85a9"},"inLanguage":"pt-BR","potentialAction":[{"@type":"ReadAction","target":["https:\/\/www.encontrabelohorizonte.com.br\/guia\/augusta-barna-apresenta-album-na-miuda-em-belo-horizonte\/"]}]},{"@type":"ImageObject","inLanguage":"pt-BR","@id":"https:\/\/www.encontrabelohorizonte.com.br\/guia\/augusta-barna-apresenta-album-na-miuda-em-belo-horizonte\/#primaryimage","url":"https:\/\/www.encontrabelohorizonte.com.br\/guia\/wp-content\/uploads\/2026\/08\/augusta-barna-apresenta-album-na-miuda-em-belo-horizonte.webp","contentUrl":"https:\/\/www.encontrabelohorizonte.com.br\/guia\/wp-content\/uploads\/2026\/08\/augusta-barna-apresenta-album-na-miuda-em-belo-horizonte.webp","width":280,"height":280,"caption":"Augusta Barna"},{"@type":"WebSite","@id":"https:\/\/www.encontrabelohorizonte.com.br\/guia\/#website","url":"https:\/\/www.encontrabelohorizonte.com.br\/guia\/","name":"Guia Comercial de Belo Horizonte MG","description":"ENCONTRA BELO HORIZONTE - O guia comercial de neg\u00f3cios e empresas, cultura e divers\u00e3o na cidade de Belo Horizonte. Feito 100% para voc\u00ea morador!","potentialAction":[{"@type":"SearchAction","target":{"@type":"EntryPoint","urlTemplate":"https:\/\/www.encontrabelohorizonte.com.br\/guia\/?s={search_term_string}"},"query-input":{"@type":"PropertyValueSpecification","valueRequired":true,"valueName":"search_term_string"}}],"inLanguage":"pt-BR"},{"@type":"Person","@id":"https:\/\/www.encontrabelohorizonte.com.br\/guia\/#\/schema\/person\/6b792069f07fee9a700a7caa85fb85a9","name":"Encontra Belo Horizonte","image":{"@type":"ImageObject","inLanguage":"pt-BR","@id":"https:\/\/secure.gravatar.com\/avatar\/c50c17820bcf322f0a8fd6b110b8c0918141409dc69076470f6fca5fee70a5d4?s=96&d=mm&r=g","url":"https:\/\/secure.gravatar.com\/avatar\/c50c17820bcf322f0a8fd6b110b8c0918141409dc69076470f6fca5fee70a5d4?s=96&d=mm&r=g","contentUrl":"https:\/\/secure.gravatar.com\/avatar\/c50c17820bcf322f0a8fd6b110b8c0918141409dc69076470f6fca5fee70a5d4?s=96&d=mm&r=g","caption":"Encontra Belo Horizonte"},"url":"https:\/\/www.encontrabelohorizonte.com.br\/guia\/author\/encontrabelohorizonte\/"}]}},"_links":{"self":[{"href":"https:\/\/www.encontrabelohorizonte.com.br\/guia\/wp-json\/wp\/v2\/posts\/15215","targetHints":{"allow":["GET"]}}],"collection":[{"href":"https:\/\/www.encontrabelohorizonte.com.br\/guia\/wp-json\/wp\/v2\/posts"}],"about":[{"href":"https:\/\/www.encontrabelohorizonte.com.br\/guia\/wp-json\/wp\/v2\/types\/post"}],"author":[{"embeddable":true,"href":"https:\/\/www.encontrabelohorizonte.com.br\/guia\/wp-json\/wp\/v2\/users\/1"}],"replies":[{"embeddable":true,"href":"https:\/\/www.encontrabelohorizonte.com.br\/guia\/wp-json\/wp\/v2\/comments?post=15215"}],"version-history":[{"count":0,"href":"https:\/\/www.encontrabelohorizonte.com.br\/guia\/wp-json\/wp\/v2\/posts\/15215\/revisions"}],"wp:featuredmedia":[{"embeddable":true,"href":"https:\/\/www.encontrabelohorizonte.com.br\/guia\/wp-json\/wp\/v2\/media\/15214"}],"wp:attachment":[{"href":"https:\/\/www.encontrabelohorizonte.com.br\/guia\/wp-json\/wp\/v2\/media?parent=15215"}],"wp:term":[{"taxonomy":"category","embeddable":true,"href":"https:\/\/www.encontrabelohorizonte.com.br\/guia\/wp-json\/wp\/v2\/categories?post=15215"},{"taxonomy":"post_tag","embeddable":true,"href":"https:\/\/www.encontrabelohorizonte.com.br\/guia\/wp-json\/wp\/v2\/tags?post=15215"}],"curies":[{"name":"wp","href":"https:\/\/api.w.org\/{rel}","templated":true}]}}