{"id":15223,"date":"2026-08-29T06:11:54","date_gmt":"2026-08-29T09:11:54","guid":{"rendered":"https:\/\/www.encontrabelohorizonte.com.br\/guia\/agenda-funarte-mg-festival-acessa-bh-2026-chega-a-belo-horizonte\/"},"modified":"2026-08-29T06:11:54","modified_gmt":"2026-08-29T09:11:54","slug":"agenda-funarte-mg-festival-acessa-bh-2026-chega-a-belo-horizonte","status":"publish","type":"post","link":"https:\/\/www.encontrabelohorizonte.com.br\/guia\/agenda-funarte-mg-festival-acessa-bh-2026-chega-a-belo-horizonte\/","title":{"rendered":"[Agenda Funarte MG] Festival Acessa BH 2026 chega \u00e0 Belo Horizonte"},"content":{"rendered":"<h2>Descubra a Programa\u00e7\u00e3o do Festival<\/h2>\n<p>O Festival Acessa BH 2026 \u00e9 uma celebra\u00e7\u00e3o vibrante que ocorrer\u00e1 de 4 a 19 de setembro, oferecendo uma programa\u00e7\u00e3o diversificada repleta de eventos art\u00edsticos e culturais. O festival acontece no Complexo Cultural Funarte MG, localizado no cora\u00e7\u00e3o de Belo Horizonte, e promete atrair visitantes de diferentes perfis, todos interessados em enriquecer sua experi\u00eancia cultural.<\/p>\n<p>A entrada \u00e9 totalmente gratuita, permitindo que todos tenham acesso a atividades inovadoras que v\u00e3o da dan\u00e7a ao teatro, passando por cinema e workshops. Esse evento \u00e9 uma excelente oportunidade para a troca cultural, al\u00e9m de estimular a discuss\u00e3o sobre acessibilidade em ambientes art\u00edsticos.<\/p>\n<h2>Espet\u00e1culos Imperd\u00edveis na Acessa BH<\/h2>\n<p>Um dos grandes destaques do evento \u00e9 a variedade de espet\u00e1culos programados. No dia 4 de setembro, a companhia potiguar Movidos Dan\u00e7a se apresentar\u00e1 com o renomado espet\u00e1culo &#8220;SER(t\u00e3o)&#8221;, que oferece uma experi\u00eancia \u00fanica atrav\u00e9s da dan\u00e7a contempor\u00e2nea. Logo no dia seguinte, 5 de setembro, o grupo volta ao palco com &#8220;Nuvem de P\u00e1ssaros&#8221;, que promete encantar o p\u00fablico.<\/p>\n<p><img decoding=\"async\" src=\"https:\/\/www.encontrabelohorizonte.com.br\/guia\/wp-content\/uploads\/2026\/08\/agenda-funarte-mg-festival-acessa-bh-2026-chega-a-belo-horizonte.webp\" alt=\"Festival Acessa BH\" loading=\"lazy\" \/><\/p>\n<p>Outro espet\u00e1culo imperd\u00edvel que integra a programa\u00e7\u00e3o \u00e9 &#8220;O Circo de Los Pies&#8221;, uma produ\u00e7\u00e3o da La Luna Cia. de Teatro de Santa Catarina, voltado para o p\u00fablico infantil. Este espet\u00e1culo combina o encantamento do circo com narrativas que divertir\u00e3o e educar\u00e3o as crian\u00e7as presentes.<\/p>\n<h2>Oficinas Criativas para Todos<\/h2>\n<p>A programa\u00e7\u00e3o do festival n\u00e3o \u00e9 limitada a apresenta\u00e7\u00f5es art\u00edsticas; ela tamb\u00e9m inclui v\u00e1rias oficinas e atividades formativas. Uma das oficinas mais esperadas \u00e9 a &#8220;Audiodescri\u00e7\u00e3o, Movimento e Express\u00e3o &#8211; Explorando Possibilidades&#8221;, que ocorrer\u00e1 nos dias 16 e 17 de setembro, oferecendo aos participantes uma experi\u00eancia enriquecedora ao aprender sobre acessibilidade e inclus\u00e3o.<\/p>\n<p>Essas oficinas s\u00e3o pensadas para estimular a criatividade e promover o aprendizado sobre temas relevantes que dialogam com as apresenta\u00e7\u00f5es art\u00edsticas do festival, criando uma simbiose entre teoria e pr\u00e1tica que enriquecer\u00e1 todos os participantes.<\/p>\n<h2>Conversas e Bate-Papos Sobre Arte<\/h2>\n<p>O festival ainda reserva momentos para discuss\u00e3o e reflex\u00e3o atrav\u00e9s de rodas de conversa e bate-papos que ser\u00e3o organizados. Esses encontros t\u00eam como objetivo n\u00e3o apenas discutir os espet\u00e1culos apresentados, mas tamb\u00e9m abordar quest\u00f5es sociais e o papel da arte na promo\u00e7\u00e3o da inclus\u00e3o e acessibilidade.<\/p>\n<p>Essas conversas ser\u00e3o um espa\u00e7o importante para que artistas e p\u00fablico possam trocar ideias, experi\u00eancias e perspectivas sobre os desafios e as oportunidades existentes no cen\u00e1rio cultural atual.<\/p>\n<h2>Cinema: Filmes que Voc\u00ea N\u00e3o Pode Perder<\/h2>\n<p>Al\u00e9m das performances e oficinas, o festival tamb\u00e9m apresentar\u00e1 uma sele\u00e7\u00e3o de filmes que abordar\u00e3o temas relacionados \u00e0 acessibilidade e inclus\u00e3o. As exibi\u00e7\u00f5es de cinema ser\u00e3o oportunidades para explorar narrativas que muitas vezes s\u00e3o deixadas de lado, trazendo \u00e0 tona quest\u00f5es pertinentes que fazem parte da nossa sociedade.<\/p>\n<p>A exibi\u00e7\u00e3o de filmes ser\u00e1 uma alternativa perfeita para aqueles que desejam relaxar e apreciar arte de maneiras diversificadas, sendo uma adi\u00e7\u00e3o valiosa \u00e0 programa\u00e7\u00e3o geral do festival.<\/p>\n<h2>Abertura em Grande Estilo com Movidos Dan\u00e7a<\/h2>\n<p>A abertura do festival, com o espet\u00e1culo &#8220;SER(t\u00e3o)&#8221; da Movidos Dan\u00e7a, promete ser um grande sucesso. O grupo j\u00e1 \u00e9 reconhecido no cen\u00e1rio cultural por suas produ\u00e7\u00f5es que aliam t\u00e9cnica e express\u00e3o emocional. Os presentes poder\u00e3o apreciar a linguagem \u00fanica da dan\u00e7a que, atrav\u00e9s dos movimentos, conta hist\u00f3rias e provoca reflex\u00f5es sobre o cotidiano.<\/p>\n<p>Esse espet\u00e1culo de abertura \u00e9 a oportunidade perfeita para se familiarizar com a proposta do festival e garantir um lugar nas recorda\u00e7\u00f5es art\u00edsticas que ele pode proporcionar.<\/p>\n<h2>Interven\u00e7\u00f5es Art\u00edsticas e Performances<\/h2>\n<p>As interven\u00e7\u00f5es art\u00edsticas tamb\u00e9m ter\u00e3o espa\u00e7o garantido no Acessa BH 2026. O &#8220;Tar\u00f4 Aleijo&#8221;, uma performance que mistura arte e ativismo, desafiar\u00e1 o espectador a pensar sobre a acessibilidade de uma forma provocativa e envolvente.<\/p>\n<p>Essas performances t\u00eam como objetivo quebrar normas estabelecidas e convidar o p\u00fablico a participar ativamente das experi\u00eancias, criando di\u00e1logos importantes sobre inclus\u00e3o no mundo art\u00edsticos.<\/p>\n<h2>Circo e o Encanto da Crian\u00e7ada<\/h2>\n<p>No dia 19 de setembro, as crian\u00e7as ter\u00e3o a chance de se encantar com &#8220;O Circo de Los Pies&#8221;, que promete trazer alegria e divers\u00e3o ao p\u00fablico mais jovem. O circo, com suas atra\u00e7\u00f5es e magia, \u00e9 sempre uma forma de arte que encanta e se conecta profundamente com a inf\u00e2ncia.<\/p>\n<p>Al\u00e9m de promover entretenimento de qualidade, o espet\u00e1culo possibilita que os pequenos absorvam ensinamentos valiosos sobre amizade, inclus\u00e3o e a beleza da diversidade.<\/p>\n<h2>Como Participar do Festival<\/h2>\n<p>Para aqueles interessados em participar do Festival Acessa BH 2026, \u00e9 simples: a entrada \u00e9 gratuita, mas \u00e9 preciso garantir seu ingresso. Os bilhetes podem ser retirados online atrav\u00e9s da plataforma Sympla ou na bilheteira do teatro. Lembre-se de que metade dos ingressos dispon\u00edveis ser\u00e1 oferecida na bilheteira uma hora antes de cada apresenta\u00e7\u00e3o.<\/p>\n<p>O festival \u00e9 uma \u00f3tima oportunidade para reunir amigos e familiares, explorar a arte e se engajar em discuss\u00f5es significativas sobre acessibilidade e inclus\u00e3o na cultura.<\/p>\n<h2>Import\u00e2ncia da Acessibilidade em Eventos Culturais<\/h2>\n<p>A realiza\u00e7\u00e3o do Festival Acessa BH destaca a relev\u00e2ncia da acessibilidade para eventos culturais. Esse compromisso em incluir pessoas de todas as habilidades mostra que a arte pode e deve ser um espa\u00e7o aberto a todos.<\/p>\n<p>Eventos como este s\u00e3o fundamentais para a promo\u00e7\u00e3o do di\u00e1logo sobre os direitos e necessidades de grupos historicamente marginalizados. Garantir que todos tenham a chance de vivenciar os prazeres da arte proporciona uma transforma\u00e7\u00e3o significativa na maneira como a sociedade percebe e interage com a cultura.<\/p>\n","protected":false},"excerpt":{"rendered":"<p>Festival Acessa BH traz arte e cultura em setembro em Belo Horizonte.<\/p>\n","protected":false},"author":1,"featured_media":15222,"comment_status":"open","ping_status":"open","sticky":false,"template":"","format":"standard","meta":{"footnotes":""},"categories":[902],"tags":[],"class_list":["post-15223","post","type-post","status-publish","format-standard","has-post-thumbnail","hentry","category-shows","has_thumb"],"yoast_head":"<!-- This site is optimized with the Yoast SEO plugin v28.2 - https:\/\/yoast.com\/product\/yoast-seo-wordpress\/ -->\n<title>[Agenda Funarte MG] Festival Acessa BH 2026 chega \u00e0 Belo Horizonte | Guia Comercial de Belo Horizonte MG<\/title>\n<meta name=\"robots\" content=\"index, follow, max-snippet:-1, max-image-preview:large, max-video-preview:-1\" \/>\n<link rel=\"canonical\" href=\"https:\/\/www.encontrabelohorizonte.com.br\/guia\/agenda-funarte-mg-festival-acessa-bh-2026-chega-a-belo-horizonte\/\" \/>\n<meta property=\"og:locale\" content=\"pt_BR\" \/>\n<meta property=\"og:type\" content=\"article\" \/>\n<meta property=\"og:title\" content=\"[Agenda Funarte MG] Festival Acessa BH 2026 chega \u00e0 Belo Horizonte | Guia Comercial de Belo Horizonte MG\" \/>\n<meta property=\"og:description\" content=\"Festival Acessa BH traz arte e cultura em setembro em Belo Horizonte.\" \/>\n<meta property=\"og:url\" content=\"https:\/\/www.encontrabelohorizonte.com.br\/guia\/agenda-funarte-mg-festival-acessa-bh-2026-chega-a-belo-horizonte\/\" \/>\n<meta property=\"og:site_name\" content=\"Guia Comercial de Belo Horizonte MG\" \/>\n<meta property=\"article:published_time\" content=\"2026-08-29T09:11:54+00:00\" \/>\n<meta property=\"og:image\" content=\"https:\/\/www.encontrabelohorizonte.com.br\/guia\/wp-content\/uploads\/2026\/08\/agenda-funarte-mg-festival-acessa-bh-2026-chega-a-belo-horizonte.webp\" \/>\n<meta name=\"author\" content=\"Encontra Belo Horizonte\" \/>\n<meta name=\"twitter:card\" content=\"summary_large_image\" \/>\n<meta name=\"twitter:label1\" content=\"Escrito por\" \/>\n\t<meta name=\"twitter:data1\" content=\"Encontra Belo Horizonte\" \/>\n\t<meta name=\"twitter:label2\" content=\"Est. tempo de leitura\" \/>\n\t<meta name=\"twitter:data2\" content=\"5 minutos\" \/>\n<script type=\"application\/ld+json\" class=\"yoast-schema-graph\">{\"@context\":\"https:\\\/\\\/schema.org\",\"@graph\":[{\"@type\":\"Article\",\"@id\":\"https:\\\/\\\/www.encontrabelohorizonte.com.br\\\/guia\\\/agenda-funarte-mg-festival-acessa-bh-2026-chega-a-belo-horizonte\\\/#article\",\"isPartOf\":{\"@id\":\"https:\\\/\\\/www.encontrabelohorizonte.com.br\\\/guia\\\/agenda-funarte-mg-festival-acessa-bh-2026-chega-a-belo-horizonte\\\/\"},\"author\":{\"name\":\"Encontra Belo Horizonte\",\"@id\":\"https:\\\/\\\/www.encontrabelohorizonte.com.br\\\/guia\\\/#\\\/schema\\\/person\\\/6b792069f07fee9a700a7caa85fb85a9\"},\"headline\":\"[Agenda Funarte MG] Festival Acessa BH 2026 chega \u00e0 Belo Horizonte\",\"datePublished\":\"2026-08-29T09:11:54+00:00\",\"mainEntityOfPage\":{\"@id\":\"https:\\\/\\\/www.encontrabelohorizonte.com.br\\\/guia\\\/agenda-funarte-mg-festival-acessa-bh-2026-chega-a-belo-horizonte\\\/\"},\"wordCount\":982,\"commentCount\":0,\"image\":{\"@id\":\"https:\\\/\\\/www.encontrabelohorizonte.com.br\\\/guia\\\/agenda-funarte-mg-festival-acessa-bh-2026-chega-a-belo-horizonte\\\/#primaryimage\"},\"thumbnailUrl\":\"https:\\\/\\\/www.encontrabelohorizonte.com.br\\\/guia\\\/wp-content\\\/uploads\\\/2026\\\/08\\\/agenda-funarte-mg-festival-acessa-bh-2026-chega-a-belo-horizonte.webp\",\"articleSection\":[\"Shows Belo Horizonte\"],\"inLanguage\":\"pt-BR\",\"potentialAction\":[{\"@type\":\"CommentAction\",\"name\":\"Comment\",\"target\":[\"https:\\\/\\\/www.encontrabelohorizonte.com.br\\\/guia\\\/agenda-funarte-mg-festival-acessa-bh-2026-chega-a-belo-horizonte\\\/#respond\"]}]},{\"@type\":\"WebPage\",\"@id\":\"https:\\\/\\\/www.encontrabelohorizonte.com.br\\\/guia\\\/agenda-funarte-mg-festival-acessa-bh-2026-chega-a-belo-horizonte\\\/\",\"url\":\"https:\\\/\\\/www.encontrabelohorizonte.com.br\\\/guia\\\/agenda-funarte-mg-festival-acessa-bh-2026-chega-a-belo-horizonte\\\/\",\"name\":\"[Agenda Funarte MG] Festival Acessa BH 2026 chega \u00e0 Belo Horizonte | Guia Comercial de Belo Horizonte MG\",\"isPartOf\":{\"@id\":\"https:\\\/\\\/www.encontrabelohorizonte.com.br\\\/guia\\\/#website\"},\"primaryImageOfPage\":{\"@id\":\"https:\\\/\\\/www.encontrabelohorizonte.com.br\\\/guia\\\/agenda-funarte-mg-festival-acessa-bh-2026-chega-a-belo-horizonte\\\/#primaryimage\"},\"image\":{\"@id\":\"https:\\\/\\\/www.encontrabelohorizonte.com.br\\\/guia\\\/agenda-funarte-mg-festival-acessa-bh-2026-chega-a-belo-horizonte\\\/#primaryimage\"},\"thumbnailUrl\":\"https:\\\/\\\/www.encontrabelohorizonte.com.br\\\/guia\\\/wp-content\\\/uploads\\\/2026\\\/08\\\/agenda-funarte-mg-festival-acessa-bh-2026-chega-a-belo-horizonte.webp\",\"datePublished\":\"2026-08-29T09:11:54+00:00\",\"author\":{\"@id\":\"https:\\\/\\\/www.encontrabelohorizonte.com.br\\\/guia\\\/#\\\/schema\\\/person\\\/6b792069f07fee9a700a7caa85fb85a9\"},\"inLanguage\":\"pt-BR\",\"potentialAction\":[{\"@type\":\"ReadAction\",\"target\":[\"https:\\\/\\\/www.encontrabelohorizonte.com.br\\\/guia\\\/agenda-funarte-mg-festival-acessa-bh-2026-chega-a-belo-horizonte\\\/\"]}]},{\"@type\":\"ImageObject\",\"inLanguage\":\"pt-BR\",\"@id\":\"https:\\\/\\\/www.encontrabelohorizonte.com.br\\\/guia\\\/agenda-funarte-mg-festival-acessa-bh-2026-chega-a-belo-horizonte\\\/#primaryimage\",\"url\":\"https:\\\/\\\/www.encontrabelohorizonte.com.br\\\/guia\\\/wp-content\\\/uploads\\\/2026\\\/08\\\/agenda-funarte-mg-festival-acessa-bh-2026-chega-a-belo-horizonte.webp\",\"contentUrl\":\"https:\\\/\\\/www.encontrabelohorizonte.com.br\\\/guia\\\/wp-content\\\/uploads\\\/2026\\\/08\\\/agenda-funarte-mg-festival-acessa-bh-2026-chega-a-belo-horizonte.webp\",\"width\":280,\"height\":280,\"caption\":\"Festival Acessa BH\"},{\"@type\":\"WebSite\",\"@id\":\"https:\\\/\\\/www.encontrabelohorizonte.com.br\\\/guia\\\/#website\",\"url\":\"https:\\\/\\\/www.encontrabelohorizonte.com.br\\\/guia\\\/\",\"name\":\"Guia Comercial de Belo Horizonte MG\",\"description\":\"ENCONTRA BELO HORIZONTE - O guia comercial de neg\u00f3cios e empresas, cultura e divers\u00e3o na cidade de Belo Horizonte. Feito 100% para voc\u00ea morador!\",\"potentialAction\":[{\"@type\":\"SearchAction\",\"target\":{\"@type\":\"EntryPoint\",\"urlTemplate\":\"https:\\\/\\\/www.encontrabelohorizonte.com.br\\\/guia\\\/?s={search_term_string}\"},\"query-input\":{\"@type\":\"PropertyValueSpecification\",\"valueRequired\":true,\"valueName\":\"search_term_string\"}}],\"inLanguage\":\"pt-BR\"},{\"@type\":\"Person\",\"@id\":\"https:\\\/\\\/www.encontrabelohorizonte.com.br\\\/guia\\\/#\\\/schema\\\/person\\\/6b792069f07fee9a700a7caa85fb85a9\",\"name\":\"Encontra Belo Horizonte\",\"image\":{\"@type\":\"ImageObject\",\"inLanguage\":\"pt-BR\",\"@id\":\"https:\\\/\\\/secure.gravatar.com\\\/avatar\\\/c50c17820bcf322f0a8fd6b110b8c0918141409dc69076470f6fca5fee70a5d4?s=96&d=mm&r=g\",\"url\":\"https:\\\/\\\/secure.gravatar.com\\\/avatar\\\/c50c17820bcf322f0a8fd6b110b8c0918141409dc69076470f6fca5fee70a5d4?s=96&d=mm&r=g\",\"contentUrl\":\"https:\\\/\\\/secure.gravatar.com\\\/avatar\\\/c50c17820bcf322f0a8fd6b110b8c0918141409dc69076470f6fca5fee70a5d4?s=96&d=mm&r=g\",\"caption\":\"Encontra Belo Horizonte\"},\"url\":\"https:\\\/\\\/www.encontrabelohorizonte.com.br\\\/guia\\\/author\\\/encontrabelohorizonte\\\/\"}]}<\/script>\n<!-- \/ Yoast SEO plugin. -->","yoast_head_json":{"title":"[Agenda Funarte MG] Festival Acessa BH 2026 chega \u00e0 Belo Horizonte | Guia Comercial de Belo Horizonte MG","robots":{"index":"index","follow":"follow","max-snippet":"max-snippet:-1","max-image-preview":"max-image-preview:large","max-video-preview":"max-video-preview:-1"},"canonical":"https:\/\/www.encontrabelohorizonte.com.br\/guia\/agenda-funarte-mg-festival-acessa-bh-2026-chega-a-belo-horizonte\/","og_locale":"pt_BR","og_type":"article","og_title":"[Agenda Funarte MG] Festival Acessa BH 2026 chega \u00e0 Belo Horizonte | Guia Comercial de Belo Horizonte MG","og_description":"Festival Acessa BH traz arte e cultura em setembro em Belo Horizonte.","og_url":"https:\/\/www.encontrabelohorizonte.com.br\/guia\/agenda-funarte-mg-festival-acessa-bh-2026-chega-a-belo-horizonte\/","og_site_name":"Guia Comercial de Belo Horizonte MG","article_published_time":"2026-08-29T09:11:54+00:00","og_image":[{"url":"https:\/\/www.encontrabelohorizonte.com.br\/guia\/wp-content\/uploads\/2026\/08\/agenda-funarte-mg-festival-acessa-bh-2026-chega-a-belo-horizonte.webp","type":"","width":"","height":""}],"author":"Encontra Belo Horizonte","twitter_card":"summary_large_image","twitter_misc":{"Escrito por":"Encontra Belo Horizonte","Est. tempo de leitura":"5 minutos"},"schema":{"@context":"https:\/\/schema.org","@graph":[{"@type":"Article","@id":"https:\/\/www.encontrabelohorizonte.com.br\/guia\/agenda-funarte-mg-festival-acessa-bh-2026-chega-a-belo-horizonte\/#article","isPartOf":{"@id":"https:\/\/www.encontrabelohorizonte.com.br\/guia\/agenda-funarte-mg-festival-acessa-bh-2026-chega-a-belo-horizonte\/"},"author":{"name":"Encontra Belo Horizonte","@id":"https:\/\/www.encontrabelohorizonte.com.br\/guia\/#\/schema\/person\/6b792069f07fee9a700a7caa85fb85a9"},"headline":"[Agenda Funarte MG] Festival Acessa BH 2026 chega \u00e0 Belo Horizonte","datePublished":"2026-08-29T09:11:54+00:00","mainEntityOfPage":{"@id":"https:\/\/www.encontrabelohorizonte.com.br\/guia\/agenda-funarte-mg-festival-acessa-bh-2026-chega-a-belo-horizonte\/"},"wordCount":982,"commentCount":0,"image":{"@id":"https:\/\/www.encontrabelohorizonte.com.br\/guia\/agenda-funarte-mg-festival-acessa-bh-2026-chega-a-belo-horizonte\/#primaryimage"},"thumbnailUrl":"https:\/\/www.encontrabelohorizonte.com.br\/guia\/wp-content\/uploads\/2026\/08\/agenda-funarte-mg-festival-acessa-bh-2026-chega-a-belo-horizonte.webp","articleSection":["Shows Belo Horizonte"],"inLanguage":"pt-BR","potentialAction":[{"@type":"CommentAction","name":"Comment","target":["https:\/\/www.encontrabelohorizonte.com.br\/guia\/agenda-funarte-mg-festival-acessa-bh-2026-chega-a-belo-horizonte\/#respond"]}]},{"@type":"WebPage","@id":"https:\/\/www.encontrabelohorizonte.com.br\/guia\/agenda-funarte-mg-festival-acessa-bh-2026-chega-a-belo-horizonte\/","url":"https:\/\/www.encontrabelohorizonte.com.br\/guia\/agenda-funarte-mg-festival-acessa-bh-2026-chega-a-belo-horizonte\/","name":"[Agenda Funarte MG] Festival Acessa BH 2026 chega \u00e0 Belo Horizonte | Guia Comercial de Belo Horizonte MG","isPartOf":{"@id":"https:\/\/www.encontrabelohorizonte.com.br\/guia\/#website"},"primaryImageOfPage":{"@id":"https:\/\/www.encontrabelohorizonte.com.br\/guia\/agenda-funarte-mg-festival-acessa-bh-2026-chega-a-belo-horizonte\/#primaryimage"},"image":{"@id":"https:\/\/www.encontrabelohorizonte.com.br\/guia\/agenda-funarte-mg-festival-acessa-bh-2026-chega-a-belo-horizonte\/#primaryimage"},"thumbnailUrl":"https:\/\/www.encontrabelohorizonte.com.br\/guia\/wp-content\/uploads\/2026\/08\/agenda-funarte-mg-festival-acessa-bh-2026-chega-a-belo-horizonte.webp","datePublished":"2026-08-29T09:11:54+00:00","author":{"@id":"https:\/\/www.encontrabelohorizonte.com.br\/guia\/#\/schema\/person\/6b792069f07fee9a700a7caa85fb85a9"},"inLanguage":"pt-BR","potentialAction":[{"@type":"ReadAction","target":["https:\/\/www.encontrabelohorizonte.com.br\/guia\/agenda-funarte-mg-festival-acessa-bh-2026-chega-a-belo-horizonte\/"]}]},{"@type":"ImageObject","inLanguage":"pt-BR","@id":"https:\/\/www.encontrabelohorizonte.com.br\/guia\/agenda-funarte-mg-festival-acessa-bh-2026-chega-a-belo-horizonte\/#primaryimage","url":"https:\/\/www.encontrabelohorizonte.com.br\/guia\/wp-content\/uploads\/2026\/08\/agenda-funarte-mg-festival-acessa-bh-2026-chega-a-belo-horizonte.webp","contentUrl":"https:\/\/www.encontrabelohorizonte.com.br\/guia\/wp-content\/uploads\/2026\/08\/agenda-funarte-mg-festival-acessa-bh-2026-chega-a-belo-horizonte.webp","width":280,"height":280,"caption":"Festival Acessa BH"},{"@type":"WebSite","@id":"https:\/\/www.encontrabelohorizonte.com.br\/guia\/#website","url":"https:\/\/www.encontrabelohorizonte.com.br\/guia\/","name":"Guia Comercial de Belo Horizonte MG","description":"ENCONTRA BELO HORIZONTE - O guia comercial de neg\u00f3cios e empresas, cultura e divers\u00e3o na cidade de Belo Horizonte. Feito 100% para voc\u00ea morador!","potentialAction":[{"@type":"SearchAction","target":{"@type":"EntryPoint","urlTemplate":"https:\/\/www.encontrabelohorizonte.com.br\/guia\/?s={search_term_string}"},"query-input":{"@type":"PropertyValueSpecification","valueRequired":true,"valueName":"search_term_string"}}],"inLanguage":"pt-BR"},{"@type":"Person","@id":"https:\/\/www.encontrabelohorizonte.com.br\/guia\/#\/schema\/person\/6b792069f07fee9a700a7caa85fb85a9","name":"Encontra Belo Horizonte","image":{"@type":"ImageObject","inLanguage":"pt-BR","@id":"https:\/\/secure.gravatar.com\/avatar\/c50c17820bcf322f0a8fd6b110b8c0918141409dc69076470f6fca5fee70a5d4?s=96&d=mm&r=g","url":"https:\/\/secure.gravatar.com\/avatar\/c50c17820bcf322f0a8fd6b110b8c0918141409dc69076470f6fca5fee70a5d4?s=96&d=mm&r=g","contentUrl":"https:\/\/secure.gravatar.com\/avatar\/c50c17820bcf322f0a8fd6b110b8c0918141409dc69076470f6fca5fee70a5d4?s=96&d=mm&r=g","caption":"Encontra Belo Horizonte"},"url":"https:\/\/www.encontrabelohorizonte.com.br\/guia\/author\/encontrabelohorizonte\/"}]}},"_links":{"self":[{"href":"https:\/\/www.encontrabelohorizonte.com.br\/guia\/wp-json\/wp\/v2\/posts\/15223","targetHints":{"allow":["GET"]}}],"collection":[{"href":"https:\/\/www.encontrabelohorizonte.com.br\/guia\/wp-json\/wp\/v2\/posts"}],"about":[{"href":"https:\/\/www.encontrabelohorizonte.com.br\/guia\/wp-json\/wp\/v2\/types\/post"}],"author":[{"embeddable":true,"href":"https:\/\/www.encontrabelohorizonte.com.br\/guia\/wp-json\/wp\/v2\/users\/1"}],"replies":[{"embeddable":true,"href":"https:\/\/www.encontrabelohorizonte.com.br\/guia\/wp-json\/wp\/v2\/comments?post=15223"}],"version-history":[{"count":0,"href":"https:\/\/www.encontrabelohorizonte.com.br\/guia\/wp-json\/wp\/v2\/posts\/15223\/revisions"}],"wp:featuredmedia":[{"embeddable":true,"href":"https:\/\/www.encontrabelohorizonte.com.br\/guia\/wp-json\/wp\/v2\/media\/15222"}],"wp:attachment":[{"href":"https:\/\/www.encontrabelohorizonte.com.br\/guia\/wp-json\/wp\/v2\/media?parent=15223"}],"wp:term":[{"taxonomy":"category","embeddable":true,"href":"https:\/\/www.encontrabelohorizonte.com.br\/guia\/wp-json\/wp\/v2\/categories?post=15223"},{"taxonomy":"post_tag","embeddable":true,"href":"https:\/\/www.encontrabelohorizonte.com.br\/guia\/wp-json\/wp\/v2\/tags?post=15223"}],"curies":[{"name":"wp","href":"https:\/\/api.w.org\/{rel}","templated":true}]}}